{"id":5382,"date":"2020-07-16T12:20:00","date_gmt":"2020-07-16T15:20:00","guid":{"rendered":"https:\/\/www.agenciainfra.com\/blog\/?p=5382"},"modified":"2020-07-16T12:32:36","modified_gmt":"2020-07-16T15:32:36","slug":"anac-tem-rodizio-para-nao-ficar-sem-diretores-em-meio-a-pandemia","status":"publish","type":"post","link":"https:\/\/agenciainfra.com\/blog\/anac-tem-rodizio-para-nao-ficar-sem-diretores-em-meio-a-pandemia\/","title":{"rendered":"ANAC tem &#8216;rod\u00edzio&#8217; para n\u00e3o ficar sem diretores em meio \u00e0 pandemia"},"content":{"rendered":"\n<hr class=\"wp-block-separator\"\/>\n\n\n\n<p class=\"has-text-align-right\"><strong>Dimmi Amora, da&nbsp;Ag\u00eancia iNFRA<\/strong><\/p>\n\n\n\n<p>A ANAC (Ag\u00eancia Nacional de Avia\u00e7\u00e3o Civil) passou o \u00faltimo fim de semana com apenas um de seus cinco diretores. Portarias publicadas na \u00faltima sexta-feira (10) exoneraram os substitutos que estavam nomeados para ocupar tr\u00eas das quatro vagas abertas na diretoria da ag\u00eancia, a respons\u00e1vel pelo sistema de avia\u00e7\u00e3o civil do pa\u00eds. Uma das vagas est\u00e1 aberta desde dezembro de 2018.<\/p>\n\n\n\n<p>Os substitutos \u2013 Ricardo Catanant, Tiago Pereira e&nbsp;Rafael Botelho de Faria \u2013 foram escolhidos pelo presidente Jair Bolsonaro na lista tr\u00edplice prevista na Lei 13.848\/2019, a nova Lei das Ag\u00eancias, em 9 de janeiro. A lista tem prazo de validade de dois&nbsp;anos e nela s\u00f3 podem estar servidores da pr\u00f3pria ag\u00eancia. Mas, pelas regras dessa legisla\u00e7\u00e3o, os substitutos s\u00f3 podem manter-se no cargo de diretor por 180 dias. Por isso, a exonera\u00e7\u00e3o teve que ser executada.<\/p>\n\n\n\n<p>Na quarta-feira (15), por\u00e9m, os substitutos foram reconduzidos, mas assumindo diretorias diferentes das que ocupavam at\u00e9 sexta-feira.<\/p>\n\n\n\n<p>Com um diretor apenas, a ag\u00eancia n\u00e3o poderia tomar decis\u00f5es colegiadas pela falta de qu\u00f3rum. As \u00faltimas&nbsp;ocorreram na reuni\u00e3o da semana passada. O diretor-geral substituto, Juliano Noman, at\u00e9 poderia tomar uma decis\u00e3o monocr\u00e1tica, mas, segundo um agente p\u00fablico do setor, seria uma decis\u00e3o sem boa seguran\u00e7a jur\u00eddica, visto que poderia n\u00e3o ser referendada quando fosse posta em vota\u00e7\u00e3o pelo colegiado.<\/p>\n\n\n\n<p>O sistema de avia\u00e7\u00e3o civil foi o mais abalado pela pandemia da Covid-19. A redu\u00e7\u00e3o do n\u00famero de passageiros foi superior a 90%. Empresas a\u00e9reas j\u00e1 est\u00e3o em recupera\u00e7\u00e3o judicial e administradoras de aeroportos aguardam uma solu\u00e7\u00e3o do governo para que possam manter-se funcionando. Nesse contexto, a ANAC necessita tomar v\u00e1rias decis\u00f5es para que o sistema siga operando, parte delas restrita \u00e0 diretoria.<\/p>\n\n\n\n<p>O problema \u00e9 que n\u00e3o h\u00e1 perspectiva real para que uma nova diretoria com diretores aprovados pelo Senado se forme t\u00e3o cedo. No fim do ano passado, ap\u00f3s um imbr\u00f3glio com o presidente do Senado, Davi Alcolumbre (reportagem&nbsp;<a href=\"https:\/\/agenciainfra.us14.list-manage.com\/track\/click?u=d460dd1bcf9ba0ae040e1fc0f&amp;id=4688b8c31f&amp;e=c099169394\" target=\"_blank\" rel=\"noreferrer noopener\">neste link<\/a>), o presidente Jair Bolsonaro enviou os nomes de Ricardo Catanant e Thiago Caldeira para ocuparem duas das vagas abertas na ag\u00eancia.<\/p>\n\n\n\n<p>At\u00e9 hoje, as mensagens n\u00e3o foram encaminhadas pela diretoria do Senado \u00e0 Comiss\u00e3o de Infraestrutura, a respons\u00e1vel pela an\u00e1lise pr\u00e9via e sabatina dos nomes escolhidos para ocupar cargos em ag\u00eancias reguladoras antes do referendo do plen\u00e1rio. A previs\u00e3o \u00e9 que, por causa da pandemia, a comiss\u00e3o s\u00f3 volte a funcionar em agosto, mas n\u00e3o \u00e9 certo que trate desse tema pela falta de acordo pol\u00edtico sobre os nomes enviados para a ANAC e tamb\u00e9m outras ag\u00eancias.&nbsp;<\/p>\n\n\n\n<p><strong>Temor de interfer\u00eancia<\/strong><br>Atualmente, cerca de 40% das 52 vagas de diretores de ag\u00eancias reguladoras federais est\u00e3o ocupadas por substitutos. E h\u00e1 apenas um nome em an\u00e1lise pela Comiss\u00e3o de Infraestrutura. O n\u00famero de substitutos deve se ampliar e h\u00e1 temor em agentes que tratam do setor de infraestrutura de um enfraquecimento do poder de decis\u00e3o das ag\u00eancias se a situa\u00e7\u00e3o perdurar, com o governo ampliando ainda mais seu poder nesses \u00f3rg\u00e3os, algo que \u00e9 contr\u00e1rio ao que defendia a Lei 13.848, que indicou por mais autonomia desses \u00f3rg\u00e3os.<\/p>\n\n\n\n<p>Os casos de interfer\u00eancia do governo nas ag\u00eancias s\u00e3o cada vez mais not\u00f3rios. No mais recente, a AGU (Advocacia-Geral da Uni\u00e3o) mudou o entendimento firmado pela Procuradoria-Geral Federal sobre quem deve ocupar o cargo de diretor-geral durante os casos de vac\u00e2ncia. A reportagem est\u00e1&nbsp;<a href=\"https:\/\/agenciainfra.us14.list-manage.com\/track\/click?u=d460dd1bcf9ba0ae040e1fc0f&amp;id=b6682a2e63&amp;e=c099169394\" target=\"_blank\" rel=\"noreferrer noopener\">neste link<\/a>.<\/p>\n\n\n\n<p><strong>Troca-troca<\/strong><br>A solu\u00e7\u00e3o foi manter os atuais tr\u00eas diretores das ag\u00eancias ocupando os cargos at\u00e9 que novos sejam nomeados. Com isso, ap\u00f3s a exonera\u00e7\u00e3o, eles foram reconduzidos e passaram a ocupar as vagas de outros diretores. Exemplo: se o substituto A estava ocupando a vaga de diretor A, ele passou a ocupar a vaga do diretor B. E o substituto B ocupou a vaga do diretor A.<\/p>\n\n\n\n<p>A ANTT (Ag\u00eancia Nacional de Transportes Terrestres) tamb\u00e9m deve trocar em breve os diretores substitutos nomeados no in\u00edcio do ano, Alexandre Porto e Murshed Menezes, pelo fim do prazo de 180 dias. A ag\u00eancia tem duas vagas n\u00e3o ocupadas atualmente, com a sa\u00edda dos ex-diretores Elisabeth Braga e M\u00e1rio Rodrigues.<\/p>\n\n\n\n<p>Por enquanto, o governo n\u00e3o encaminhou ao Senado, respons\u00e1vel pela aprova\u00e7\u00e3o de indicados,\u00a0nomes para substitu\u00ed-los. A ideia da ag\u00eancia \u00e9 que Eduardo Marra, que \u00e9 o 3\u00ba da lista tr\u00edplice assinada pelo presidente da Rep\u00fablica, Jair Bolsonaro, no in\u00edcio do ano, ocupe\u00a0a vaga de M\u00e1rio Rodrigues. E Alexandre Porto voltaria \u00e0 diretoria, agora ocupando vaga da ex-diretora\u00a0Elisabeth Braga.<\/p>\n\n\n\n<p><strong>Regra capenga<\/strong><br>A regra de ocupa\u00e7\u00e3o de cargos por substitutos nas ag\u00eancias ficou capenga pelo veto do presidente Jair Bolsonaro no artigo 42 da nova lei, que alterava artigos da Lei 9.986\/2000 que tratam&nbsp;da nomea\u00e7\u00e3o de dirigentes para ag\u00eancias. Na lei aprovada pelos congressistas, havia uma s\u00e9rie de prazos para que o presidente enviasse ao Senado&nbsp;os nomes dos novos diretores, no contexto de uma&nbsp;nova comiss\u00e3o de an\u00e1lise e pr\u00e9-sele\u00e7\u00e3o de candidatos, que seria formada para esse fim.&nbsp;<\/p>\n\n\n\n<p>Afirmando que a comiss\u00e3o de an\u00e1lise de diretores seria uma interfer\u00eancia no poder do presidente \u2013 mesmo sendo ele quem nomearia seus dirigentes \u2013, Bolsonaro vetou a maior parte desse artigo. Com isso,&nbsp;o prazo para a perman\u00eancia dos substitutos ficou completamente descasado dos prazos de nomea\u00e7\u00e3o de dirigentes. O veto foi mantido pelo Congresso.<\/p>\n\n\n\n<p>Em artigo recente sobre o tema, os advogados Fernando Vilella e Ricardo Fenelon J\u00fanior (ex-diretor da ANAC) defenderam uma mudan\u00e7a legislativa para tentar sanar o problema. A proposta seria automaticamente submeter o nome do diretor substituto, que assumiu o cargo no caso de vac\u00e2ncia, \u00e0 aprecia\u00e7\u00e3o do Poder Legislativo, caso o presidente da Rep\u00fablica n\u00e3o realizasse a indica\u00e7\u00e3o em at\u00e9 seis meses ap\u00f3s o in\u00edcio do mandato interino.<\/p>\n","protected":false},"excerpt":{"rendered":"<p>Dimmi Amora, da&nbsp;Ag\u00eancia iNFRA A ANAC (Ag\u00eancia Nacional de Avia\u00e7\u00e3o Civil) passou o \u00faltimo fim de semana com apenas um de seus cinco diretores. Portarias publicadas na \u00faltima sexta-feira (10) exoneraram os substitutos que estavam nomeados para ocupar tr\u00eas das quatro vagas abertas na diretoria da ag\u00eancia, a respons\u00e1vel pelo sistema de avia\u00e7\u00e3o civil do [&hellip;]<\/p>\n","protected":false},"author":9,"featured_media":5383,"comment_status":"closed","ping_status":"closed","sticky":false,"template":"","format":"standard","meta":{"_monsterinsights_skip_tracking":false,"_monsterinsights_sitenote_active":false,"_monsterinsights_sitenote_note":"","_monsterinsights_sitenote_category":0,"footnotes":""},"categories":[1,7],"tags":[242,1700,1679,2266,1338,1376],"class_list":["post-5382","post","type-post","status-publish","format-standard","has-post-thumbnail","hentry","category-geral","category-infratransporte","tag-anac","tag-lei-13-848-19","tag-lei-das-agencias","tag-rafael-botelho-de-faria","tag-ricardo-catanant","tag-tiago-pereira"],"yoast_head":"<!-- This site is optimized with the Yoast SEO Premium plugin v25.4 (Yoast SEO v26.0) - https:\/\/yoast.com\/wordpress\/plugins\/seo\/ -->\n<title>ANAC tem &#039;rod\u00edzio&#039; para n\u00e3o ficar sem diretores em meio \u00e0 pandemia - Ag\u00eancia iNFRA<\/title>\n<meta name=\"robots\" content=\"index, follow, max-snippet:-1, max-image-preview:large, max-video-preview:-1\" \/>\n<link rel=\"canonical\" href=\"https:\/\/agenciainfra.com\/blog\/anac-tem-rodizio-para-nao-ficar-sem-diretores-em-meio-a-pandemia\/\" \/>\n<meta property=\"og:locale\" content=\"pt_BR\" \/>\n<meta property=\"og:type\" content=\"article\" \/>\n<meta property=\"og:title\" content=\"ANAC tem &#039;rod\u00edzio&#039; para n\u00e3o ficar sem diretores em meio \u00e0 pandemia\" \/>\n<meta property=\"og:description\" content=\"Dimmi Amora, da&nbsp;Ag\u00eancia iNFRA A ANAC (Ag\u00eancia Nacional de Avia\u00e7\u00e3o Civil) passou o \u00faltimo fim de semana com apenas um de seus cinco diretores. Portarias publicadas na \u00faltima sexta-feira (10) exoneraram os substitutos que estavam nomeados para ocupar tr\u00eas das quatro vagas abertas na diretoria da ag\u00eancia, a respons\u00e1vel pelo sistema de avia\u00e7\u00e3o civil do [&hellip;]\" \/>\n<meta property=\"og:url\" content=\"https:\/\/agenciainfra.com\/blog\/anac-tem-rodizio-para-nao-ficar-sem-diretores-em-meio-a-pandemia\/\" \/>\n<meta property=\"og:site_name\" content=\"Ag\u00eancia iNFRA\" \/>\n<meta property=\"article:publisher\" content=\"https:\/\/www.facebook.com\/ageninfra\" \/>\n<meta property=\"article:published_time\" content=\"2020-07-16T15:20:00+00:00\" \/>\n<meta property=\"article:modified_time\" content=\"2020-07-16T15:32:36+00:00\" \/>\n<meta property=\"og:image\" content=\"https:\/\/agenciainfra.com\/blog\/wp-content\/uploads\/2020\/07\/reuniao-ANAC-foto-reproducao-youtube.png\" \/>\n\t<meta property=\"og:image:width\" content=\"1280\" \/>\n\t<meta property=\"og:image:height\" content=\"737\" \/>\n\t<meta property=\"og:image:type\" content=\"image\/png\" \/>\n<meta name=\"author\" content=\"Rodrigo Zuquim\" \/>\n<meta name=\"twitter:card\" content=\"summary_large_image\" \/>\n<meta name=\"twitter:creator\" content=\"@agencia_infra\" \/>\n<meta name=\"twitter:site\" content=\"@agencia_infra\" \/>\n<meta name=\"twitter:label1\" content=\"Escrito por\" \/>\n\t<meta name=\"twitter:data1\" content=\"Rodrigo Zuquim\" \/>\n\t<meta name=\"twitter:label2\" content=\"Est. tempo de leitura\" \/>\n\t<meta name=\"twitter:data2\" content=\"5 minutos\" \/>\n<script type=\"application\/ld+json\" class=\"yoast-schema-graph\">{\"@context\":\"https:\/\/schema.org\",\"@graph\":[{\"@type\":\"Article\",\"@id\":\"https:\/\/agenciainfra.com\/blog\/anac-tem-rodizio-para-nao-ficar-sem-diretores-em-meio-a-pandemia\/#article\",\"isPartOf\":{\"@id\":\"https:\/\/agenciainfra.com\/blog\/anac-tem-rodizio-para-nao-ficar-sem-diretores-em-meio-a-pandemia\/\"},\"author\":{\"name\":\"Rodrigo Zuquim\",\"@id\":\"https:\/\/agenciainfra.com\/blog\/#\/schema\/person\/04dbb79bd6d8951f063da71f3e4c1eb1\"},\"headline\":\"ANAC tem &#8216;rod\u00edzio&#8217; para n\u00e3o ficar sem diretores em meio \u00e0 pandemia\",\"datePublished\":\"2020-07-16T15:20:00+00:00\",\"dateModified\":\"2020-07-16T15:32:36+00:00\",\"mainEntityOfPage\":{\"@id\":\"https:\/\/agenciainfra.com\/blog\/anac-tem-rodizio-para-nao-ficar-sem-diretores-em-meio-a-pandemia\/\"},\"wordCount\":1052,\"publisher\":{\"@id\":\"https:\/\/agenciainfra.com\/blog\/#organization\"},\"image\":{\"@id\":\"https:\/\/agenciainfra.com\/blog\/anac-tem-rodizio-para-nao-ficar-sem-diretores-em-meio-a-pandemia\/#primaryimage\"},\"thumbnailUrl\":\"https:\/\/agenciainfra.com\/blog\/wp-content\/uploads\/2020\/07\/reuniao-ANAC-foto-reproducao-youtube.png\",\"keywords\":[\"ANAC\",\"Lei 13.848\/19\",\"Lei das Ag\u00eancias\",\"Rafael Botelho de Faria\",\"Ricardo Catanant\",\"Tiago Pereira\"],\"articleSection\":[\"Geral\",\"iNFRATransporte\"],\"inLanguage\":\"pt-BR\",\"copyrightYear\":\"2020\",\"copyrightHolder\":{\"@id\":\"https:\/\/agenciainfra.com\/blog\/#organization\"}},{\"@type\":\"WebPage\",\"@id\":\"https:\/\/agenciainfra.com\/blog\/anac-tem-rodizio-para-nao-ficar-sem-diretores-em-meio-a-pandemia\/\",\"url\":\"https:\/\/agenciainfra.com\/blog\/anac-tem-rodizio-para-nao-ficar-sem-diretores-em-meio-a-pandemia\/\",\"name\":\"ANAC tem 'rod\u00edzio' para n\u00e3o ficar sem diretores em meio \u00e0 pandemia - Ag\u00eancia iNFRA\",\"isPartOf\":{\"@id\":\"https:\/\/agenciainfra.com\/blog\/#website\"},\"primaryImageOfPage\":{\"@id\":\"https:\/\/agenciainfra.com\/blog\/anac-tem-rodizio-para-nao-ficar-sem-diretores-em-meio-a-pandemia\/#primaryimage\"},\"image\":{\"@id\":\"https:\/\/agenciainfra.com\/blog\/anac-tem-rodizio-para-nao-ficar-sem-diretores-em-meio-a-pandemia\/#primaryimage\"},\"thumbnailUrl\":\"https:\/\/agenciainfra.com\/blog\/wp-content\/uploads\/2020\/07\/reuniao-ANAC-foto-reproducao-youtube.png\",\"datePublished\":\"2020-07-16T15:20:00+00:00\",\"dateModified\":\"2020-07-16T15:32:36+00:00\",\"breadcrumb\":{\"@id\":\"https:\/\/agenciainfra.com\/blog\/anac-tem-rodizio-para-nao-ficar-sem-diretores-em-meio-a-pandemia\/#breadcrumb\"},\"inLanguage\":\"pt-BR\",\"potentialAction\":[{\"@type\":\"ReadAction\",\"target\":[\"https:\/\/agenciainfra.com\/blog\/anac-tem-rodizio-para-nao-ficar-sem-diretores-em-meio-a-pandemia\/\"]}]},{\"@type\":\"ImageObject\",\"inLanguage\":\"pt-BR\",\"@id\":\"https:\/\/agenciainfra.com\/blog\/anac-tem-rodizio-para-nao-ficar-sem-diretores-em-meio-a-pandemia\/#primaryimage\",\"url\":\"https:\/\/agenciainfra.com\/blog\/wp-content\/uploads\/2020\/07\/reuniao-ANAC-foto-reproducao-youtube.png\",\"contentUrl\":\"https:\/\/agenciainfra.com\/blog\/wp-content\/uploads\/2020\/07\/reuniao-ANAC-foto-reproducao-youtube.png\",\"width\":1280,\"height\":737},{\"@type\":\"BreadcrumbList\",\"@id\":\"https:\/\/agenciainfra.com\/blog\/anac-tem-rodizio-para-nao-ficar-sem-diretores-em-meio-a-pandemia\/#breadcrumb\",\"itemListElement\":[{\"@type\":\"ListItem\",\"position\":1,\"name\":\"In\u00edcio\",\"item\":\"https:\/\/agenciainfra.com\/blog\/\"},{\"@type\":\"ListItem\",\"position\":2,\"name\":\"ANAC tem &#8216;rod\u00edzio&#8217; para n\u00e3o ficar sem diretores em meio \u00e0 pandemia\"}]},{\"@type\":\"WebSite\",\"@id\":\"https:\/\/agenciainfra.com\/blog\/#website\",\"url\":\"https:\/\/agenciainfra.com\/blog\/\",\"name\":\"Ag\u00eancia iNFRA\",\"description\":\"Multiplataforma de informa\u00e7\u00e3o jornal\u00edstica refer\u00eancia na \u00e1rea de infraestrutura no Brasil!\",\"publisher\":{\"@id\":\"https:\/\/agenciainfra.com\/blog\/#organization\"},\"potentialAction\":[{\"@type\":\"SearchAction\",\"target\":{\"@type\":\"EntryPoint\",\"urlTemplate\":\"https:\/\/agenciainfra.com\/blog\/?s={search_term_string}\"},\"query-input\":{\"@type\":\"PropertyValueSpecification\",\"valueRequired\":true,\"valueName\":\"search_term_string\"}}],\"inLanguage\":\"pt-BR\"},{\"@type\":\"Organization\",\"@id\":\"https:\/\/agenciainfra.com\/blog\/#organization\",\"name\":\"Ag\u00eancia iNFRA\",\"url\":\"https:\/\/agenciainfra.com\/blog\/\",\"logo\":{\"@type\":\"ImageObject\",\"inLanguage\":\"pt-BR\",\"@id\":\"https:\/\/agenciainfra.com\/blog\/#\/schema\/logo\/image\/\",\"url\":\"https:\/\/agenciainfra.com\/blog\/wp-content\/uploads\/2023\/09\/iNFRA_5-e1761735885940.png\",\"contentUrl\":\"https:\/\/agenciainfra.com\/blog\/wp-content\/uploads\/2023\/09\/iNFRA_5-e1761735885940.png\",\"width\":1672,\"height\":454,\"caption\":\"Ag\u00eancia iNFRA\"},\"image\":{\"@id\":\"https:\/\/agenciainfra.com\/blog\/#\/schema\/logo\/image\/\"},\"sameAs\":[\"https:\/\/www.facebook.com\/ageninfra\",\"https:\/\/x.com\/agencia_infra\",\"https:\/\/www.linkedin.com\/company\/ag\u00eanciainfra\/\",\"https:\/\/www.instagram.com\/agenciainfra\/\"]},{\"@type\":\"Person\",\"@id\":\"https:\/\/agenciainfra.com\/blog\/#\/schema\/person\/04dbb79bd6d8951f063da71f3e4c1eb1\",\"name\":\"Rodrigo Zuquim\",\"image\":{\"@type\":\"ImageObject\",\"inLanguage\":\"pt-BR\",\"@id\":\"https:\/\/agenciainfra.com\/blog\/#\/schema\/person\/image\/\",\"url\":\"https:\/\/secure.gravatar.com\/avatar\/594abfe82761d620726242ff34ca472a705a4b97f16c790053a6b4c4035274d0?s=96&d=mm&r=g\",\"contentUrl\":\"https:\/\/secure.gravatar.com\/avatar\/594abfe82761d620726242ff34ca472a705a4b97f16c790053a6b4c4035274d0?s=96&d=mm&r=g\",\"caption\":\"Rodrigo Zuquim\"},\"url\":\"https:\/\/agenciainfra.com\/blog\/author\/rodrigo-zuquim\/\"}]}<\/script>\n<!-- \/ Yoast SEO Premium plugin. -->","yoast_head_json":{"title":"ANAC tem 'rod\u00edzio' para n\u00e3o ficar sem diretores em meio \u00e0 pandemia - Ag\u00eancia iNFRA","robots":{"index":"index","follow":"follow","max-snippet":"max-snippet:-1","max-image-preview":"max-image-preview:large","max-video-preview":"max-video-preview:-1"},"canonical":"https:\/\/agenciainfra.com\/blog\/anac-tem-rodizio-para-nao-ficar-sem-diretores-em-meio-a-pandemia\/","og_locale":"pt_BR","og_type":"article","og_title":"ANAC tem 'rod\u00edzio' para n\u00e3o ficar sem diretores em meio \u00e0 pandemia","og_description":"Dimmi Amora, da&nbsp;Ag\u00eancia iNFRA A ANAC (Ag\u00eancia Nacional de Avia\u00e7\u00e3o Civil) passou o \u00faltimo fim de semana com apenas um de seus cinco diretores. Portarias publicadas na \u00faltima sexta-feira (10) exoneraram os substitutos que estavam nomeados para ocupar tr\u00eas das quatro vagas abertas na diretoria da ag\u00eancia, a respons\u00e1vel pelo sistema de avia\u00e7\u00e3o civil do [&hellip;]","og_url":"https:\/\/agenciainfra.com\/blog\/anac-tem-rodizio-para-nao-ficar-sem-diretores-em-meio-a-pandemia\/","og_site_name":"Ag\u00eancia iNFRA","article_publisher":"https:\/\/www.facebook.com\/ageninfra","article_published_time":"2020-07-16T15:20:00+00:00","article_modified_time":"2020-07-16T15:32:36+00:00","og_image":[{"width":1280,"height":737,"url":"https:\/\/agenciainfra.com\/blog\/wp-content\/uploads\/2020\/07\/reuniao-ANAC-foto-reproducao-youtube.png","type":"image\/png"}],"author":"Rodrigo Zuquim","twitter_card":"summary_large_image","twitter_creator":"@agencia_infra","twitter_site":"@agencia_infra","twitter_misc":{"Escrito por":"Rodrigo Zuquim","Est. tempo de leitura":"5 minutos"},"schema":{"@context":"https:\/\/schema.org","@graph":[{"@type":"Article","@id":"https:\/\/agenciainfra.com\/blog\/anac-tem-rodizio-para-nao-ficar-sem-diretores-em-meio-a-pandemia\/#article","isPartOf":{"@id":"https:\/\/agenciainfra.com\/blog\/anac-tem-rodizio-para-nao-ficar-sem-diretores-em-meio-a-pandemia\/"},"author":{"name":"Rodrigo Zuquim","@id":"https:\/\/agenciainfra.com\/blog\/#\/schema\/person\/04dbb79bd6d8951f063da71f3e4c1eb1"},"headline":"ANAC tem &#8216;rod\u00edzio&#8217; para n\u00e3o ficar sem diretores em meio \u00e0 pandemia","datePublished":"2020-07-16T15:20:00+00:00","dateModified":"2020-07-16T15:32:36+00:00","mainEntityOfPage":{"@id":"https:\/\/agenciainfra.com\/blog\/anac-tem-rodizio-para-nao-ficar-sem-diretores-em-meio-a-pandemia\/"},"wordCount":1052,"publisher":{"@id":"https:\/\/agenciainfra.com\/blog\/#organization"},"image":{"@id":"https:\/\/agenciainfra.com\/blog\/anac-tem-rodizio-para-nao-ficar-sem-diretores-em-meio-a-pandemia\/#primaryimage"},"thumbnailUrl":"https:\/\/agenciainfra.com\/blog\/wp-content\/uploads\/2020\/07\/reuniao-ANAC-foto-reproducao-youtube.png","keywords":["ANAC","Lei 13.848\/19","Lei das Ag\u00eancias","Rafael Botelho de Faria","Ricardo Catanant","Tiago Pereira"],"articleSection":["Geral","iNFRATransporte"],"inLanguage":"pt-BR","copyrightYear":"2020","copyrightHolder":{"@id":"https:\/\/agenciainfra.com\/blog\/#organization"}},{"@type":"WebPage","@id":"https:\/\/agenciainfra.com\/blog\/anac-tem-rodizio-para-nao-ficar-sem-diretores-em-meio-a-pandemia\/","url":"https:\/\/agenciainfra.com\/blog\/anac-tem-rodizio-para-nao-ficar-sem-diretores-em-meio-a-pandemia\/","name":"ANAC tem 'rod\u00edzio' para n\u00e3o ficar sem diretores em meio \u00e0 pandemia - Ag\u00eancia iNFRA","isPartOf":{"@id":"https:\/\/agenciainfra.com\/blog\/#website"},"primaryImageOfPage":{"@id":"https:\/\/agenciainfra.com\/blog\/anac-tem-rodizio-para-nao-ficar-sem-diretores-em-meio-a-pandemia\/#primaryimage"},"image":{"@id":"https:\/\/agenciainfra.com\/blog\/anac-tem-rodizio-para-nao-ficar-sem-diretores-em-meio-a-pandemia\/#primaryimage"},"thumbnailUrl":"https:\/\/agenciainfra.com\/blog\/wp-content\/uploads\/2020\/07\/reuniao-ANAC-foto-reproducao-youtube.png","datePublished":"2020-07-16T15:20:00+00:00","dateModified":"2020-07-16T15:32:36+00:00","breadcrumb":{"@id":"https:\/\/agenciainfra.com\/blog\/anac-tem-rodizio-para-nao-ficar-sem-diretores-em-meio-a-pandemia\/#breadcrumb"},"inLanguage":"pt-BR","potentialAction":[{"@type":"ReadAction","target":["https:\/\/agenciainfra.com\/blog\/anac-tem-rodizio-para-nao-ficar-sem-diretores-em-meio-a-pandemia\/"]}]},{"@type":"ImageObject","inLanguage":"pt-BR","@id":"https:\/\/agenciainfra.com\/blog\/anac-tem-rodizio-para-nao-ficar-sem-diretores-em-meio-a-pandemia\/#primaryimage","url":"https:\/\/agenciainfra.com\/blog\/wp-content\/uploads\/2020\/07\/reuniao-ANAC-foto-reproducao-youtube.png","contentUrl":"https:\/\/agenciainfra.com\/blog\/wp-content\/uploads\/2020\/07\/reuniao-ANAC-foto-reproducao-youtube.png","width":1280,"height":737},{"@type":"BreadcrumbList","@id":"https:\/\/agenciainfra.com\/blog\/anac-tem-rodizio-para-nao-ficar-sem-diretores-em-meio-a-pandemia\/#breadcrumb","itemListElement":[{"@type":"ListItem","position":1,"name":"In\u00edcio","item":"https:\/\/agenciainfra.com\/blog\/"},{"@type":"ListItem","position":2,"name":"ANAC tem &#8216;rod\u00edzio&#8217; para n\u00e3o ficar sem diretores em meio \u00e0 pandemia"}]},{"@type":"WebSite","@id":"https:\/\/agenciainfra.com\/blog\/#website","url":"https:\/\/agenciainfra.com\/blog\/","name":"Ag\u00eancia iNFRA","description":"Multiplataforma de informa\u00e7\u00e3o jornal\u00edstica refer\u00eancia na \u00e1rea de infraestrutura no Brasil!","publisher":{"@id":"https:\/\/agenciainfra.com\/blog\/#organization"},"potentialAction":[{"@type":"SearchAction","target":{"@type":"EntryPoint","urlTemplate":"https:\/\/agenciainfra.com\/blog\/?s={search_term_string}"},"query-input":{"@type":"PropertyValueSpecification","valueRequired":true,"valueName":"search_term_string"}}],"inLanguage":"pt-BR"},{"@type":"Organization","@id":"https:\/\/agenciainfra.com\/blog\/#organization","name":"Ag\u00eancia iNFRA","url":"https:\/\/agenciainfra.com\/blog\/","logo":{"@type":"ImageObject","inLanguage":"pt-BR","@id":"https:\/\/agenciainfra.com\/blog\/#\/schema\/logo\/image\/","url":"https:\/\/agenciainfra.com\/blog\/wp-content\/uploads\/2023\/09\/iNFRA_5-e1761735885940.png","contentUrl":"https:\/\/agenciainfra.com\/blog\/wp-content\/uploads\/2023\/09\/iNFRA_5-e1761735885940.png","width":1672,"height":454,"caption":"Ag\u00eancia iNFRA"},"image":{"@id":"https:\/\/agenciainfra.com\/blog\/#\/schema\/logo\/image\/"},"sameAs":["https:\/\/www.facebook.com\/ageninfra","https:\/\/x.com\/agencia_infra","https:\/\/www.linkedin.com\/company\/ag\u00eanciainfra\/","https:\/\/www.instagram.com\/agenciainfra\/"]},{"@type":"Person","@id":"https:\/\/agenciainfra.com\/blog\/#\/schema\/person\/04dbb79bd6d8951f063da71f3e4c1eb1","name":"Rodrigo Zuquim","image":{"@type":"ImageObject","inLanguage":"pt-BR","@id":"https:\/\/agenciainfra.com\/blog\/#\/schema\/person\/image\/","url":"https:\/\/secure.gravatar.com\/avatar\/594abfe82761d620726242ff34ca472a705a4b97f16c790053a6b4c4035274d0?s=96&d=mm&r=g","contentUrl":"https:\/\/secure.gravatar.com\/avatar\/594abfe82761d620726242ff34ca472a705a4b97f16c790053a6b4c4035274d0?s=96&d=mm&r=g","caption":"Rodrigo Zuquim"},"url":"https:\/\/agenciainfra.com\/blog\/author\/rodrigo-zuquim\/"}]}},"_links":{"self":[{"href":"https:\/\/agenciainfra.com\/blog\/wp-json\/wp\/v2\/posts\/5382","targetHints":{"allow":["GET"]}}],"collection":[{"href":"https:\/\/agenciainfra.com\/blog\/wp-json\/wp\/v2\/posts"}],"about":[{"href":"https:\/\/agenciainfra.com\/blog\/wp-json\/wp\/v2\/types\/post"}],"author":[{"embeddable":true,"href":"https:\/\/agenciainfra.com\/blog\/wp-json\/wp\/v2\/users\/9"}],"replies":[{"embeddable":true,"href":"https:\/\/agenciainfra.com\/blog\/wp-json\/wp\/v2\/comments?post=5382"}],"version-history":[{"count":0,"href":"https:\/\/agenciainfra.com\/blog\/wp-json\/wp\/v2\/posts\/5382\/revisions"}],"wp:featuredmedia":[{"embeddable":true,"href":"https:\/\/agenciainfra.com\/blog\/wp-json\/wp\/v2\/media\/5383"}],"wp:attachment":[{"href":"https:\/\/agenciainfra.com\/blog\/wp-json\/wp\/v2\/media?parent=5382"}],"wp:term":[{"taxonomy":"category","embeddable":true,"href":"https:\/\/agenciainfra.com\/blog\/wp-json\/wp\/v2\/categories?post=5382"},{"taxonomy":"post_tag","embeddable":true,"href":"https:\/\/agenciainfra.com\/blog\/wp-json\/wp\/v2\/tags?post=5382"}],"curies":[{"name":"wp","href":"https:\/\/api.w.org\/{rel}","templated":true}]}}