{"id":5414,"date":"2020-07-15T08:24:53","date_gmt":"2020-07-15T11:24:53","guid":{"rendered":"https:\/\/www.agenciainfra.com\/blog\/?p=5414"},"modified":"2020-07-15T08:24:59","modified_gmt":"2020-07-15T11:24:59","slug":"anac-abre-consultas-publicas-para-parcelamento-de-creditos-e-emenda-ao-rbac-121","status":"publish","type":"post","link":"https:\/\/agenciainfra.com\/blog\/anac-abre-consultas-publicas-para-parcelamento-de-creditos-e-emenda-ao-rbac-121\/","title":{"rendered":"ANAC abre consultas p\u00fablicas para parcelamento de cr\u00e9ditos e emenda ao RBAC 121"},"content":{"rendered":"\n<p class=\"has-text-align-right\"><strong>da Ag\u00eancia iNFRA<\/strong><\/p>\n\n\n\n<p>A ANAC (Ag\u00eancia Nacional de Avia\u00e7\u00e3o Civil) abriu a Consulta P\u00fablica 16\/2020, para proposta de resolu\u00e7\u00e3o que &#8220;disp\u00f5e sobre o parcelamento de cr\u00e9ditos, pass\u00edveis ou n\u00e3o de inscri\u00e7\u00e3o em d\u00edvida ativa, decorrentes de contratos administrativos, de contratos de cess\u00e3o de uso, de san\u00e7\u00f5es pecuni\u00e1rias&#8221;.<\/p>\n\n\n\n<p>A abertura do per\u00edodo de contribui\u00e7\u00f5es foi publicada no Di\u00e1rio Oficial da Uni\u00e3o de hoje (15). De acordo com a publica\u00e7\u00e3o, as contribui\u00e7\u00f5es para melhoria da proposta apresentada pela ANAC podem ser feitas at\u00e9\u00a031 de agosto no\u00a0<a rel=\"noreferrer noopener\" href=\"https:\/\/agenciainfra.us14.list-manage.com\/track\/click?u=d460dd1bcf9ba0ae040e1fc0f&amp;id=96354701ed&amp;e=79cc876d14\" target=\"_blank\">site da ag\u00eancia<\/a>.<\/p>\n\n\n\n<p>Tamb\u00e9m foi aberta a Consulta P\u00fablica 17\/2020 da ANAC, esta sobre proposta de emenda ao RBAC (Regulamento Brasileiro da Avia\u00e7\u00e3o Civil) 121.<\/p>\n\n\n\n<p>O regulamento trata de &#8220;opera\u00e7\u00f5es de transporte a\u00e9reo p\u00fablico com avi\u00f5es com configura\u00e7\u00e3o m\u00e1xima certificada de assentos para passageiros de mais 19\u00a0assentos ou capacidade m\u00e1xima de carga paga acima de 3.400 kg&#8221;.<\/p>\n\n\n\n<p>As contribui\u00e7\u00f5es para essa consulta tamb\u00e9m v\u00e3o at\u00e9 31 de agosto no\u00a0endere\u00e7o eletr\u00f4nico da ag\u00eancia.<\/p>\n\n\n\n<p><strong>Diretoria<\/strong><\/p>\n\n\n\n<p>Portarias da diretoria da ag\u00eancia, tamb\u00e9m publicadas hoje, convocaram os servidores Ricardo Catanant, Tiago Sousa Pereira e Rafael Jos\u00e9 Botelho Faria para assumirem as vagas abertas na diretoria colegiada da ag\u00eancia.\u00a0<\/p>\n\n\n\n<p>Os tr\u00eas j\u00e1 vinham atuando como diretores-substitutos at\u00e9 a \u00faltima sexta-feira (10), quando foram exonerados ap\u00f3s terminado o prazo m\u00e1ximo permitido por lei de 180 dias para ocuparem vaga de diretoria.<\/p>\n\n\n\n<p>Na publica\u00e7\u00e3o de hoje, eles foram reconduzidos para serem substitutos de diretorias diferentes das que ocupavam at\u00e9 sexta-feira. Pela nova Lei das Ag\u00eancias Reguladoras, a Presid\u00eancia da Rep\u00fablica faz uma lista com tr\u00eas nomes para substituir provisoriamente vagas n\u00e3o ocupadas de diretores por um per\u00edodo de 180 dias. A lista da Presid\u00eancia, no entanto, tem validade de dois anos.<\/p>\n\n\n\n<p>A ANAC hoje tem apenas um diretor com cargo efetivo em mandato, Juliano Noman. Das outras quatro vagas, o governo encaminhou ao Senado em novembro de 2019 a sugest\u00e3o de dois nomes que n\u00e3o foram ainda analisados. De outras duas, n\u00e3o houve indica\u00e7\u00e3o de nomes ao Senado, que \u00e9 respons\u00e1vel pela aprova\u00e7\u00e3o.<\/p>\n","protected":false},"excerpt":{"rendered":"<p>da Ag\u00eancia iNFRA A ANAC (Ag\u00eancia Nacional de Avia\u00e7\u00e3o Civil) abriu a Consulta P\u00fablica 16\/2020, para proposta de resolu\u00e7\u00e3o que &#8220;disp\u00f5e sobre o parcelamento de cr\u00e9ditos, pass\u00edveis ou n\u00e3o de inscri\u00e7\u00e3o em d\u00edvida ativa, decorrentes de contratos administrativos, de contratos de cess\u00e3o de uso, de san\u00e7\u00f5es pecuni\u00e1rias&#8221;. A abertura do per\u00edodo de contribui\u00e7\u00f5es foi publicada [&hellip;]<\/p>\n","protected":false},"author":9,"featured_media":5415,"comment_status":"closed","ping_status":"closed","sticky":false,"template":"","format":"standard","meta":{"_monsterinsights_skip_tracking":false,"_monsterinsights_sitenote_active":false,"_monsterinsights_sitenote_note":"","_monsterinsights_sitenote_category":0,"footnotes":""},"categories":[1,2052],"tags":[242,345,2297,2295,1338,1587],"class_list":["post-5414","post","type-post","status-publish","format-standard","has-post-thumbnail","hentry","category-geral","category-infra-transicao","tag-anac","tag-consulta-publica","tag-rafael-jose-botelho","tag-rbac-121","tag-ricardo-catanant","tag-tiago-sousa-pereira"],"yoast_head":"<!-- This site is optimized with the Yoast SEO Premium plugin v25.4 (Yoast SEO v26.0) - https:\/\/yoast.com\/wordpress\/plugins\/seo\/ -->\n<title>ANAC abre consultas p\u00fablicas para parcelamento de cr\u00e9ditos e emenda ao RBAC 121 - Ag\u00eancia iNFRA<\/title>\n<meta name=\"robots\" content=\"index, follow, max-snippet:-1, max-image-preview:large, max-video-preview:-1\" \/>\n<link rel=\"canonical\" href=\"https:\/\/agenciainfra.com\/blog\/anac-abre-consultas-publicas-para-parcelamento-de-creditos-e-emenda-ao-rbac-121\/\" \/>\n<meta property=\"og:locale\" content=\"pt_BR\" \/>\n<meta property=\"og:type\" content=\"article\" \/>\n<meta property=\"og:title\" content=\"ANAC abre consultas p\u00fablicas para parcelamento de cr\u00e9ditos e emenda ao RBAC 121\" \/>\n<meta property=\"og:description\" content=\"da Ag\u00eancia iNFRA A ANAC (Ag\u00eancia Nacional de Avia\u00e7\u00e3o Civil) abriu a Consulta P\u00fablica 16\/2020, para proposta de resolu\u00e7\u00e3o que &#8220;disp\u00f5e sobre o parcelamento de cr\u00e9ditos, pass\u00edveis ou n\u00e3o de inscri\u00e7\u00e3o em d\u00edvida ativa, decorrentes de contratos administrativos, de contratos de cess\u00e3o de uso, de san\u00e7\u00f5es pecuni\u00e1rias&#8221;. A abertura do per\u00edodo de contribui\u00e7\u00f5es foi publicada [&hellip;]\" \/>\n<meta property=\"og:url\" content=\"https:\/\/agenciainfra.com\/blog\/anac-abre-consultas-publicas-para-parcelamento-de-creditos-e-emenda-ao-rbac-121\/\" \/>\n<meta property=\"og:site_name\" content=\"Ag\u00eancia iNFRA\" \/>\n<meta property=\"article:publisher\" content=\"https:\/\/www.facebook.com\/ageninfra\" \/>\n<meta property=\"article:published_time\" content=\"2020-07-15T11:24:53+00:00\" \/>\n<meta property=\"article:modified_time\" content=\"2020-07-15T11:24:59+00:00\" \/>\n<meta property=\"og:image\" content=\"https:\/\/agenciainfra.com\/blog\/wp-content\/uploads\/2020\/07\/aviao3.jpg\" \/>\n\t<meta property=\"og:image:width\" content=\"1200\" \/>\n\t<meta property=\"og:image:height\" content=\"900\" \/>\n\t<meta property=\"og:image:type\" content=\"image\/jpeg\" \/>\n<meta name=\"author\" content=\"Rodrigo Zuquim\" \/>\n<meta name=\"twitter:card\" content=\"summary_large_image\" \/>\n<meta name=\"twitter:creator\" content=\"@agencia_infra\" \/>\n<meta name=\"twitter:site\" content=\"@agencia_infra\" \/>\n<meta name=\"twitter:label1\" content=\"Escrito por\" \/>\n\t<meta name=\"twitter:data1\" content=\"Rodrigo Zuquim\" \/>\n\t<meta name=\"twitter:label2\" content=\"Est. tempo de leitura\" \/>\n\t<meta name=\"twitter:data2\" content=\"2 minutos\" \/>\n<script type=\"application\/ld+json\" class=\"yoast-schema-graph\">{\"@context\":\"https:\/\/schema.org\",\"@graph\":[{\"@type\":\"Article\",\"@id\":\"https:\/\/agenciainfra.com\/blog\/anac-abre-consultas-publicas-para-parcelamento-de-creditos-e-emenda-ao-rbac-121\/#article\",\"isPartOf\":{\"@id\":\"https:\/\/agenciainfra.com\/blog\/anac-abre-consultas-publicas-para-parcelamento-de-creditos-e-emenda-ao-rbac-121\/\"},\"author\":{\"name\":\"Rodrigo Zuquim\",\"@id\":\"https:\/\/agenciainfra.com\/blog\/#\/schema\/person\/04dbb79bd6d8951f063da71f3e4c1eb1\"},\"headline\":\"ANAC abre consultas p\u00fablicas para parcelamento de cr\u00e9ditos e emenda ao RBAC 121\",\"datePublished\":\"2020-07-15T11:24:53+00:00\",\"dateModified\":\"2020-07-15T11:24:59+00:00\",\"mainEntityOfPage\":{\"@id\":\"https:\/\/agenciainfra.com\/blog\/anac-abre-consultas-publicas-para-parcelamento-de-creditos-e-emenda-ao-rbac-121\/\"},\"wordCount\":391,\"publisher\":{\"@id\":\"https:\/\/agenciainfra.com\/blog\/#organization\"},\"image\":{\"@id\":\"https:\/\/agenciainfra.com\/blog\/anac-abre-consultas-publicas-para-parcelamento-de-creditos-e-emenda-ao-rbac-121\/#primaryimage\"},\"thumbnailUrl\":\"https:\/\/agenciainfra.com\/blog\/wp-content\/uploads\/2020\/07\/aviao3-e1749563487636.jpg\",\"keywords\":[\"ANAC\",\"consulta p\u00fablica\",\"Rafael Jos\u00e9 Botelho\",\"RBAC 121\",\"Ricardo Catanant\",\"Tiago Sousa Pereira\"],\"articleSection\":[\"Geral\",\"iNFRA Na Transi\u00e7\u00e3o\"],\"inLanguage\":\"pt-BR\",\"copyrightYear\":\"2020\",\"copyrightHolder\":{\"@id\":\"https:\/\/agenciainfra.com\/blog\/#organization\"}},{\"@type\":\"WebPage\",\"@id\":\"https:\/\/agenciainfra.com\/blog\/anac-abre-consultas-publicas-para-parcelamento-de-creditos-e-emenda-ao-rbac-121\/\",\"url\":\"https:\/\/agenciainfra.com\/blog\/anac-abre-consultas-publicas-para-parcelamento-de-creditos-e-emenda-ao-rbac-121\/\",\"name\":\"ANAC abre consultas p\u00fablicas para parcelamento de cr\u00e9ditos e emenda ao RBAC 121 - Ag\u00eancia iNFRA\",\"isPartOf\":{\"@id\":\"https:\/\/agenciainfra.com\/blog\/#website\"},\"primaryImageOfPage\":{\"@id\":\"https:\/\/agenciainfra.com\/blog\/anac-abre-consultas-publicas-para-parcelamento-de-creditos-e-emenda-ao-rbac-121\/#primaryimage\"},\"image\":{\"@id\":\"https:\/\/agenciainfra.com\/blog\/anac-abre-consultas-publicas-para-parcelamento-de-creditos-e-emenda-ao-rbac-121\/#primaryimage\"},\"thumbnailUrl\":\"https:\/\/agenciainfra.com\/blog\/wp-content\/uploads\/2020\/07\/aviao3-e1749563487636.jpg\",\"datePublished\":\"2020-07-15T11:24:53+00:00\",\"dateModified\":\"2020-07-15T11:24:59+00:00\",\"breadcrumb\":{\"@id\":\"https:\/\/agenciainfra.com\/blog\/anac-abre-consultas-publicas-para-parcelamento-de-creditos-e-emenda-ao-rbac-121\/#breadcrumb\"},\"inLanguage\":\"pt-BR\",\"potentialAction\":[{\"@type\":\"ReadAction\",\"target\":[\"https:\/\/agenciainfra.com\/blog\/anac-abre-consultas-publicas-para-parcelamento-de-creditos-e-emenda-ao-rbac-121\/\"]}]},{\"@type\":\"ImageObject\",\"inLanguage\":\"pt-BR\",\"@id\":\"https:\/\/agenciainfra.com\/blog\/anac-abre-consultas-publicas-para-parcelamento-de-creditos-e-emenda-ao-rbac-121\/#primaryimage\",\"url\":\"https:\/\/agenciainfra.com\/blog\/wp-content\/uploads\/2020\/07\/aviao3-e1749563487636.jpg\",\"contentUrl\":\"https:\/\/agenciainfra.com\/blog\/wp-content\/uploads\/2020\/07\/aviao3-e1749563487636.jpg\",\"width\":1200,\"height\":758,\"caption\":\"Foto: Dom\u00ednio P\u00fablico\"},{\"@type\":\"BreadcrumbList\",\"@id\":\"https:\/\/agenciainfra.com\/blog\/anac-abre-consultas-publicas-para-parcelamento-de-creditos-e-emenda-ao-rbac-121\/#breadcrumb\",\"itemListElement\":[{\"@type\":\"ListItem\",\"position\":1,\"name\":\"In\u00edcio\",\"item\":\"https:\/\/agenciainfra.com\/blog\/\"},{\"@type\":\"ListItem\",\"position\":2,\"name\":\"ANAC abre consultas p\u00fablicas para parcelamento de cr\u00e9ditos e emenda ao RBAC 121\"}]},{\"@type\":\"WebSite\",\"@id\":\"https:\/\/agenciainfra.com\/blog\/#website\",\"url\":\"https:\/\/agenciainfra.com\/blog\/\",\"name\":\"Ag\u00eancia iNFRA\",\"description\":\"Multiplataforma de informa\u00e7\u00e3o jornal\u00edstica refer\u00eancia na \u00e1rea de infraestrutura no Brasil!\",\"publisher\":{\"@id\":\"https:\/\/agenciainfra.com\/blog\/#organization\"},\"potentialAction\":[{\"@type\":\"SearchAction\",\"target\":{\"@type\":\"EntryPoint\",\"urlTemplate\":\"https:\/\/agenciainfra.com\/blog\/?s={search_term_string}\"},\"query-input\":{\"@type\":\"PropertyValueSpecification\",\"valueRequired\":true,\"valueName\":\"search_term_string\"}}],\"inLanguage\":\"pt-BR\"},{\"@type\":\"Organization\",\"@id\":\"https:\/\/agenciainfra.com\/blog\/#organization\",\"name\":\"Ag\u00eancia iNFRA\",\"url\":\"https:\/\/agenciainfra.com\/blog\/\",\"logo\":{\"@type\":\"ImageObject\",\"inLanguage\":\"pt-BR\",\"@id\":\"https:\/\/agenciainfra.com\/blog\/#\/schema\/logo\/image\/\",\"url\":\"https:\/\/agenciainfra.com\/blog\/wp-content\/uploads\/2023\/09\/iNFRA_5-e1761735885940.png\",\"contentUrl\":\"https:\/\/agenciainfra.com\/blog\/wp-content\/uploads\/2023\/09\/iNFRA_5-e1761735885940.png\",\"width\":1672,\"height\":454,\"caption\":\"Ag\u00eancia iNFRA\"},\"image\":{\"@id\":\"https:\/\/agenciainfra.com\/blog\/#\/schema\/logo\/image\/\"},\"sameAs\":[\"https:\/\/www.facebook.com\/ageninfra\",\"https:\/\/x.com\/agencia_infra\",\"https:\/\/www.linkedin.com\/company\/ag\u00eanciainfra\/\",\"https:\/\/www.instagram.com\/agenciainfra\/\"]},{\"@type\":\"Person\",\"@id\":\"https:\/\/agenciainfra.com\/blog\/#\/schema\/person\/04dbb79bd6d8951f063da71f3e4c1eb1\",\"name\":\"Rodrigo Zuquim\",\"image\":{\"@type\":\"ImageObject\",\"inLanguage\":\"pt-BR\",\"@id\":\"https:\/\/agenciainfra.com\/blog\/#\/schema\/person\/image\/\",\"url\":\"https:\/\/secure.gravatar.com\/avatar\/594abfe82761d620726242ff34ca472a705a4b97f16c790053a6b4c4035274d0?s=96&d=mm&r=g\",\"contentUrl\":\"https:\/\/secure.gravatar.com\/avatar\/594abfe82761d620726242ff34ca472a705a4b97f16c790053a6b4c4035274d0?s=96&d=mm&r=g\",\"caption\":\"Rodrigo Zuquim\"},\"url\":\"https:\/\/agenciainfra.com\/blog\/author\/rodrigo-zuquim\/\"}]}<\/script>\n<!-- \/ Yoast SEO Premium plugin. -->","yoast_head_json":{"title":"ANAC abre consultas p\u00fablicas para parcelamento de cr\u00e9ditos e emenda ao RBAC 121 - Ag\u00eancia iNFRA","robots":{"index":"index","follow":"follow","max-snippet":"max-snippet:-1","max-image-preview":"max-image-preview:large","max-video-preview":"max-video-preview:-1"},"canonical":"https:\/\/agenciainfra.com\/blog\/anac-abre-consultas-publicas-para-parcelamento-de-creditos-e-emenda-ao-rbac-121\/","og_locale":"pt_BR","og_type":"article","og_title":"ANAC abre consultas p\u00fablicas para parcelamento de cr\u00e9ditos e emenda ao RBAC 121","og_description":"da Ag\u00eancia iNFRA A ANAC (Ag\u00eancia Nacional de Avia\u00e7\u00e3o Civil) abriu a Consulta P\u00fablica 16\/2020, para proposta de resolu\u00e7\u00e3o que &#8220;disp\u00f5e sobre o parcelamento de cr\u00e9ditos, pass\u00edveis ou n\u00e3o de inscri\u00e7\u00e3o em d\u00edvida ativa, decorrentes de contratos administrativos, de contratos de cess\u00e3o de uso, de san\u00e7\u00f5es pecuni\u00e1rias&#8221;. A abertura do per\u00edodo de contribui\u00e7\u00f5es foi publicada [&hellip;]","og_url":"https:\/\/agenciainfra.com\/blog\/anac-abre-consultas-publicas-para-parcelamento-de-creditos-e-emenda-ao-rbac-121\/","og_site_name":"Ag\u00eancia iNFRA","article_publisher":"https:\/\/www.facebook.com\/ageninfra","article_published_time":"2020-07-15T11:24:53+00:00","article_modified_time":"2020-07-15T11:24:59+00:00","og_image":[{"width":1200,"height":900,"url":"https:\/\/agenciainfra.com\/blog\/wp-content\/uploads\/2020\/07\/aviao3.jpg","type":"image\/jpeg"}],"author":"Rodrigo Zuquim","twitter_card":"summary_large_image","twitter_creator":"@agencia_infra","twitter_site":"@agencia_infra","twitter_misc":{"Escrito por":"Rodrigo Zuquim","Est. tempo de leitura":"2 minutos"},"schema":{"@context":"https:\/\/schema.org","@graph":[{"@type":"Article","@id":"https:\/\/agenciainfra.com\/blog\/anac-abre-consultas-publicas-para-parcelamento-de-creditos-e-emenda-ao-rbac-121\/#article","isPartOf":{"@id":"https:\/\/agenciainfra.com\/blog\/anac-abre-consultas-publicas-para-parcelamento-de-creditos-e-emenda-ao-rbac-121\/"},"author":{"name":"Rodrigo Zuquim","@id":"https:\/\/agenciainfra.com\/blog\/#\/schema\/person\/04dbb79bd6d8951f063da71f3e4c1eb1"},"headline":"ANAC abre consultas p\u00fablicas para parcelamento de cr\u00e9ditos e emenda ao RBAC 121","datePublished":"2020-07-15T11:24:53+00:00","dateModified":"2020-07-15T11:24:59+00:00","mainEntityOfPage":{"@id":"https:\/\/agenciainfra.com\/blog\/anac-abre-consultas-publicas-para-parcelamento-de-creditos-e-emenda-ao-rbac-121\/"},"wordCount":391,"publisher":{"@id":"https:\/\/agenciainfra.com\/blog\/#organization"},"image":{"@id":"https:\/\/agenciainfra.com\/blog\/anac-abre-consultas-publicas-para-parcelamento-de-creditos-e-emenda-ao-rbac-121\/#primaryimage"},"thumbnailUrl":"https:\/\/agenciainfra.com\/blog\/wp-content\/uploads\/2020\/07\/aviao3-e1749563487636.jpg","keywords":["ANAC","consulta p\u00fablica","Rafael Jos\u00e9 Botelho","RBAC 121","Ricardo Catanant","Tiago Sousa Pereira"],"articleSection":["Geral","iNFRA Na Transi\u00e7\u00e3o"],"inLanguage":"pt-BR","copyrightYear":"2020","copyrightHolder":{"@id":"https:\/\/agenciainfra.com\/blog\/#organization"}},{"@type":"WebPage","@id":"https:\/\/agenciainfra.com\/blog\/anac-abre-consultas-publicas-para-parcelamento-de-creditos-e-emenda-ao-rbac-121\/","url":"https:\/\/agenciainfra.com\/blog\/anac-abre-consultas-publicas-para-parcelamento-de-creditos-e-emenda-ao-rbac-121\/","name":"ANAC abre consultas p\u00fablicas para parcelamento de cr\u00e9ditos e emenda ao RBAC 121 - Ag\u00eancia iNFRA","isPartOf":{"@id":"https:\/\/agenciainfra.com\/blog\/#website"},"primaryImageOfPage":{"@id":"https:\/\/agenciainfra.com\/blog\/anac-abre-consultas-publicas-para-parcelamento-de-creditos-e-emenda-ao-rbac-121\/#primaryimage"},"image":{"@id":"https:\/\/agenciainfra.com\/blog\/anac-abre-consultas-publicas-para-parcelamento-de-creditos-e-emenda-ao-rbac-121\/#primaryimage"},"thumbnailUrl":"https:\/\/agenciainfra.com\/blog\/wp-content\/uploads\/2020\/07\/aviao3-e1749563487636.jpg","datePublished":"2020-07-15T11:24:53+00:00","dateModified":"2020-07-15T11:24:59+00:00","breadcrumb":{"@id":"https:\/\/agenciainfra.com\/blog\/anac-abre-consultas-publicas-para-parcelamento-de-creditos-e-emenda-ao-rbac-121\/#breadcrumb"},"inLanguage":"pt-BR","potentialAction":[{"@type":"ReadAction","target":["https:\/\/agenciainfra.com\/blog\/anac-abre-consultas-publicas-para-parcelamento-de-creditos-e-emenda-ao-rbac-121\/"]}]},{"@type":"ImageObject","inLanguage":"pt-BR","@id":"https:\/\/agenciainfra.com\/blog\/anac-abre-consultas-publicas-para-parcelamento-de-creditos-e-emenda-ao-rbac-121\/#primaryimage","url":"https:\/\/agenciainfra.com\/blog\/wp-content\/uploads\/2020\/07\/aviao3-e1749563487636.jpg","contentUrl":"https:\/\/agenciainfra.com\/blog\/wp-content\/uploads\/2020\/07\/aviao3-e1749563487636.jpg","width":1200,"height":758,"caption":"Foto: Dom\u00ednio P\u00fablico"},{"@type":"BreadcrumbList","@id":"https:\/\/agenciainfra.com\/blog\/anac-abre-consultas-publicas-para-parcelamento-de-creditos-e-emenda-ao-rbac-121\/#breadcrumb","itemListElement":[{"@type":"ListItem","position":1,"name":"In\u00edcio","item":"https:\/\/agenciainfra.com\/blog\/"},{"@type":"ListItem","position":2,"name":"ANAC abre consultas p\u00fablicas para parcelamento de cr\u00e9ditos e emenda ao RBAC 121"}]},{"@type":"WebSite","@id":"https:\/\/agenciainfra.com\/blog\/#website","url":"https:\/\/agenciainfra.com\/blog\/","name":"Ag\u00eancia iNFRA","description":"Multiplataforma de informa\u00e7\u00e3o jornal\u00edstica refer\u00eancia na \u00e1rea de infraestrutura no Brasil!","publisher":{"@id":"https:\/\/agenciainfra.com\/blog\/#organization"},"potentialAction":[{"@type":"SearchAction","target":{"@type":"EntryPoint","urlTemplate":"https:\/\/agenciainfra.com\/blog\/?s={search_term_string}"},"query-input":{"@type":"PropertyValueSpecification","valueRequired":true,"valueName":"search_term_string"}}],"inLanguage":"pt-BR"},{"@type":"Organization","@id":"https:\/\/agenciainfra.com\/blog\/#organization","name":"Ag\u00eancia iNFRA","url":"https:\/\/agenciainfra.com\/blog\/","logo":{"@type":"ImageObject","inLanguage":"pt-BR","@id":"https:\/\/agenciainfra.com\/blog\/#\/schema\/logo\/image\/","url":"https:\/\/agenciainfra.com\/blog\/wp-content\/uploads\/2023\/09\/iNFRA_5-e1761735885940.png","contentUrl":"https:\/\/agenciainfra.com\/blog\/wp-content\/uploads\/2023\/09\/iNFRA_5-e1761735885940.png","width":1672,"height":454,"caption":"Ag\u00eancia iNFRA"},"image":{"@id":"https:\/\/agenciainfra.com\/blog\/#\/schema\/logo\/image\/"},"sameAs":["https:\/\/www.facebook.com\/ageninfra","https:\/\/x.com\/agencia_infra","https:\/\/www.linkedin.com\/company\/ag\u00eanciainfra\/","https:\/\/www.instagram.com\/agenciainfra\/"]},{"@type":"Person","@id":"https:\/\/agenciainfra.com\/blog\/#\/schema\/person\/04dbb79bd6d8951f063da71f3e4c1eb1","name":"Rodrigo Zuquim","image":{"@type":"ImageObject","inLanguage":"pt-BR","@id":"https:\/\/agenciainfra.com\/blog\/#\/schema\/person\/image\/","url":"https:\/\/secure.gravatar.com\/avatar\/594abfe82761d620726242ff34ca472a705a4b97f16c790053a6b4c4035274d0?s=96&d=mm&r=g","contentUrl":"https:\/\/secure.gravatar.com\/avatar\/594abfe82761d620726242ff34ca472a705a4b97f16c790053a6b4c4035274d0?s=96&d=mm&r=g","caption":"Rodrigo Zuquim"},"url":"https:\/\/agenciainfra.com\/blog\/author\/rodrigo-zuquim\/"}]}},"_links":{"self":[{"href":"https:\/\/agenciainfra.com\/blog\/wp-json\/wp\/v2\/posts\/5414","targetHints":{"allow":["GET"]}}],"collection":[{"href":"https:\/\/agenciainfra.com\/blog\/wp-json\/wp\/v2\/posts"}],"about":[{"href":"https:\/\/agenciainfra.com\/blog\/wp-json\/wp\/v2\/types\/post"}],"author":[{"embeddable":true,"href":"https:\/\/agenciainfra.com\/blog\/wp-json\/wp\/v2\/users\/9"}],"replies":[{"embeddable":true,"href":"https:\/\/agenciainfra.com\/blog\/wp-json\/wp\/v2\/comments?post=5414"}],"version-history":[{"count":0,"href":"https:\/\/agenciainfra.com\/blog\/wp-json\/wp\/v2\/posts\/5414\/revisions"}],"wp:featuredmedia":[{"embeddable":true,"href":"https:\/\/agenciainfra.com\/blog\/wp-json\/wp\/v2\/media\/5415"}],"wp:attachment":[{"href":"https:\/\/agenciainfra.com\/blog\/wp-json\/wp\/v2\/media?parent=5414"}],"wp:term":[{"taxonomy":"category","embeddable":true,"href":"https:\/\/agenciainfra.com\/blog\/wp-json\/wp\/v2\/categories?post=5414"},{"taxonomy":"post_tag","embeddable":true,"href":"https:\/\/agenciainfra.com\/blog\/wp-json\/wp\/v2\/tags?post=5414"}],"curies":[{"name":"wp","href":"https:\/\/api.w.org\/{rel}","templated":true}]}}