{"id":5417,"date":"2020-07-16T08:14:32","date_gmt":"2020-07-16T11:14:32","guid":{"rendered":"https:\/\/www.agenciainfra.com\/blog\/?p=5417"},"modified":"2020-07-16T08:14:38","modified_gmt":"2020-07-16T11:14:38","slug":"antt-permite-o-reajuste-do-pedagio-da-regis-bittencourt-a-partir-deste-sabado","status":"publish","type":"post","link":"https:\/\/agenciainfra.com\/blog\/antt-permite-o-reajuste-do-pedagio-da-regis-bittencourt-a-partir-deste-sabado\/","title":{"rendered":"ANTT permite o reajuste do ped\u00e1gio da R\u00e9gis Bittencourt a partir deste s\u00e1bado"},"content":{"rendered":"\n<p class=\"has-text-align-right\"><strong>da Ag\u00eancia iNFRA<\/strong><\/p>\n\n\n\n<p>O ped\u00e1gio da BR-116\/SP\/PR, trecho entre S\u00e3o Paulo e Curitiba da rodovia, ser\u00e1 reajustado a partir deste s\u00e1bado (18). \u00c9 o que determina a Delibera\u00e7\u00e3o 328 da ANTT (Ag\u00eancia Nacional de Transportes Terrestres) publicada no Di\u00e1rio Oficial de hoje (16) (<a rel=\"noreferrer noopener\" href=\"http:\/\/pesquisa.in.gov.br\/imprensa\/jsp\/visualiza\/index.jsp?data=16\/07\/2020&amp;jornal=515&amp;pagina=52&amp;totalArquivos=91\" target=\"_blank\">neste link<\/a>).<\/p>\n\n\n\n<p>De acordo com a proposta, a tarifa dos autom\u00f3veis passa dos R$ 3,20 atuais para R$ 3,30. Motos v\u00e3o pagar R$ 1,65. A tarifa para caminh\u00f5es pode chegar a at\u00e9 R$ 19,80, de acordo com a publica\u00e7\u00e3o, nos seis ped\u00e1gio da estrada.<\/p>\n\n\n\n<p>O reajuste faz parte\u00a0da 11\u00aa Revis\u00e3o Ordin\u00e1ria do contrato e da\u00a012\u00aa Revis\u00e3o Extraordin\u00e1ria, al\u00e9m da recomposi\u00e7\u00e3o do IPCA do \u00faltimo per\u00edodo do contrato. A concess\u00e3o da R\u00e9gis Bittencourt \u00e9 da concession\u00e1ria Autopista R\u00e9gis Bittencourt S\/A, que pertence ao grupo Arteris.<\/p>\n\n\n\n<p><strong>Caminhoneiros<\/strong><\/p>\n\n\n\n<p>Resolu\u00e7\u00e3o 5.899 da ANTT alterou a Resolu\u00e7\u00e3o 5.8672020, que estabelece as regras gerais, a metodologia e os coeficientes dos pisos m\u00ednimos de frete rodovi\u00e1rio, institu\u00edda pela Pol\u00edtica Nacional de Pisos M\u00ednimos do Transporte Rodovi\u00e1rio de Cargas (PNPM-TRC).<\/p>\n\n\n\n<p>A resolu\u00e7\u00e3o tamb\u00e9m foi publicada no Di\u00e1rio Oficial de hoje (16) e a tabela nova est\u00e1 dispon\u00edvel <a rel=\"noreferrer noopener\" href=\"http:\/\/pesquisa.in.gov.br\/imprensa\/jsp\/visualiza\/index.jsp?data=16\/07\/2020&amp;jornal=515&amp;pagina=50&amp;totalArquivos=91\" target=\"_blank\">neste link<\/a>.<\/p>\n\n\n\n<p>Em outra <a rel=\"noreferrer noopener\" href=\"http:\/\/pesquisa.in.gov.br\/imprensa\/jsp\/visualiza\/index.jsp?data=16\/07\/2020&amp;jornal=515&amp;pagina=50&amp;totalArquivos=91\" target=\"_blank\">decis\u00e3o<\/a> da diretoria da ag\u00eancia \u2013 que resultou na Resolu\u00e7\u00e3o 5.898 \u2013,\u00a0foi alterada a Resolu\u00e7\u00e3o 4.799\/2015, que regulamenta procedimentos para inscri\u00e7\u00e3o e manuten\u00e7\u00e3o de ve\u00edculos no RNTRC (Registro Nacional de Transportadores Rodovi\u00e1rios de Cargas).<\/p>\n\n\n\n<p>Esse registro \u00e9 o que permite aos caminhoneiros operar o transporte de mercadorias no pa\u00eds. A resolu\u00e7\u00e3o trata de comprova\u00e7\u00e3o de propriedade do ve\u00edculo.<\/p>\n","protected":false},"excerpt":{"rendered":"<p>da Ag\u00eancia iNFRA O ped\u00e1gio da BR-116\/SP\/PR, trecho entre S\u00e3o Paulo e Curitiba da rodovia, ser\u00e1 reajustado a partir deste s\u00e1bado (18). \u00c9 o que determina a Delibera\u00e7\u00e3o 328 da ANTT (Ag\u00eancia Nacional de Transportes Terrestres) publicada no Di\u00e1rio Oficial de hoje (16) (neste link). De acordo com a proposta, a tarifa dos autom\u00f3veis passa [&hellip;]<\/p>\n","protected":false},"author":9,"featured_media":5419,"comment_status":"closed","ping_status":"closed","sticky":false,"template":"","format":"standard","meta":{"_monsterinsights_skip_tracking":false,"_monsterinsights_sitenote_active":false,"_monsterinsights_sitenote_note":"","_monsterinsights_sitenote_category":0,"footnotes":""},"categories":[1,2052],"tags":[19,1575,269,2298,1563],"class_list":["post-5417","post","type-post","status-publish","format-standard","has-post-thumbnail","hentry","category-geral","category-infra-transicao","tag-antt","tag-br-116","tag-caminhoneiros","tag-regis-bittencourt","tag-rntrc"],"yoast_head":"<!-- This site is optimized with the Yoast SEO Premium plugin v25.4 (Yoast SEO v26.0) - https:\/\/yoast.com\/wordpress\/plugins\/seo\/ -->\n<title>ANTT permite o reajuste do ped\u00e1gio da R\u00e9gis Bittencourt a partir deste s\u00e1bado - Ag\u00eancia iNFRA<\/title>\n<meta name=\"robots\" content=\"index, follow, max-snippet:-1, max-image-preview:large, max-video-preview:-1\" \/>\n<link rel=\"canonical\" href=\"https:\/\/agenciainfra.com\/blog\/antt-permite-o-reajuste-do-pedagio-da-regis-bittencourt-a-partir-deste-sabado\/\" \/>\n<meta property=\"og:locale\" content=\"pt_BR\" \/>\n<meta property=\"og:type\" content=\"article\" \/>\n<meta property=\"og:title\" content=\"ANTT permite o reajuste do ped\u00e1gio da R\u00e9gis Bittencourt a partir deste s\u00e1bado\" \/>\n<meta property=\"og:description\" content=\"da Ag\u00eancia iNFRA O ped\u00e1gio da BR-116\/SP\/PR, trecho entre S\u00e3o Paulo e Curitiba da rodovia, ser\u00e1 reajustado a partir deste s\u00e1bado (18). \u00c9 o que determina a Delibera\u00e7\u00e3o 328 da ANTT (Ag\u00eancia Nacional de Transportes Terrestres) publicada no Di\u00e1rio Oficial de hoje (16) (neste link). De acordo com a proposta, a tarifa dos autom\u00f3veis passa [&hellip;]\" \/>\n<meta property=\"og:url\" content=\"https:\/\/agenciainfra.com\/blog\/antt-permite-o-reajuste-do-pedagio-da-regis-bittencourt-a-partir-deste-sabado\/\" \/>\n<meta property=\"og:site_name\" content=\"Ag\u00eancia iNFRA\" \/>\n<meta property=\"article:publisher\" content=\"https:\/\/www.facebook.com\/ageninfra\" \/>\n<meta property=\"article:published_time\" content=\"2020-07-16T11:14:32+00:00\" \/>\n<meta property=\"article:modified_time\" content=\"2020-07-16T11:14:38+00:00\" \/>\n<meta property=\"og:image\" content=\"https:\/\/agenciainfra.com\/blog\/wp-content\/uploads\/2020\/07\/regis-bittencourt-arteris-divulgacao.jpg\" \/>\n\t<meta property=\"og:image:width\" content=\"1280\" \/>\n\t<meta property=\"og:image:height\" content=\"836\" \/>\n\t<meta property=\"og:image:type\" content=\"image\/jpeg\" \/>\n<meta name=\"author\" content=\"Rodrigo Zuquim\" \/>\n<meta name=\"twitter:card\" content=\"summary_large_image\" \/>\n<meta name=\"twitter:creator\" content=\"@agencia_infra\" \/>\n<meta name=\"twitter:site\" content=\"@agencia_infra\" \/>\n<meta name=\"twitter:label1\" content=\"Escrito por\" \/>\n\t<meta name=\"twitter:data1\" content=\"Rodrigo Zuquim\" \/>\n\t<meta name=\"twitter:label2\" content=\"Est. tempo de leitura\" \/>\n\t<meta name=\"twitter:data2\" content=\"1 minuto\" \/>\n<script type=\"application\/ld+json\" class=\"yoast-schema-graph\">{\"@context\":\"https:\/\/schema.org\",\"@graph\":[{\"@type\":\"Article\",\"@id\":\"https:\/\/agenciainfra.com\/blog\/antt-permite-o-reajuste-do-pedagio-da-regis-bittencourt-a-partir-deste-sabado\/#article\",\"isPartOf\":{\"@id\":\"https:\/\/agenciainfra.com\/blog\/antt-permite-o-reajuste-do-pedagio-da-regis-bittencourt-a-partir-deste-sabado\/\"},\"author\":{\"name\":\"Rodrigo Zuquim\",\"@id\":\"https:\/\/agenciainfra.com\/blog\/#\/schema\/person\/04dbb79bd6d8951f063da71f3e4c1eb1\"},\"headline\":\"ANTT permite o reajuste do ped\u00e1gio da R\u00e9gis Bittencourt a partir deste s\u00e1bado\",\"datePublished\":\"2020-07-16T11:14:32+00:00\",\"dateModified\":\"2020-07-16T11:14:38+00:00\",\"mainEntityOfPage\":{\"@id\":\"https:\/\/agenciainfra.com\/blog\/antt-permite-o-reajuste-do-pedagio-da-regis-bittencourt-a-partir-deste-sabado\/\"},\"wordCount\":294,\"publisher\":{\"@id\":\"https:\/\/agenciainfra.com\/blog\/#organization\"},\"image\":{\"@id\":\"https:\/\/agenciainfra.com\/blog\/antt-permite-o-reajuste-do-pedagio-da-regis-bittencourt-a-partir-deste-sabado\/#primaryimage\"},\"thumbnailUrl\":\"https:\/\/agenciainfra.com\/blog\/wp-content\/uploads\/2020\/07\/regis-bittencourt-arteris-divulgacao.jpg\",\"keywords\":[\"ANTT\",\"BR-116\",\"caminhoneiros\",\"R\u00e9gis Bittencourt\",\"RNTRC\"],\"articleSection\":[\"Geral\",\"iNFRA Na Transi\u00e7\u00e3o\"],\"inLanguage\":\"pt-BR\",\"copyrightYear\":\"2020\",\"copyrightHolder\":{\"@id\":\"https:\/\/agenciainfra.com\/blog\/#organization\"}},{\"@type\":\"WebPage\",\"@id\":\"https:\/\/agenciainfra.com\/blog\/antt-permite-o-reajuste-do-pedagio-da-regis-bittencourt-a-partir-deste-sabado\/\",\"url\":\"https:\/\/agenciainfra.com\/blog\/antt-permite-o-reajuste-do-pedagio-da-regis-bittencourt-a-partir-deste-sabado\/\",\"name\":\"ANTT permite o reajuste do ped\u00e1gio da R\u00e9gis Bittencourt a partir deste s\u00e1bado - Ag\u00eancia iNFRA\",\"isPartOf\":{\"@id\":\"https:\/\/agenciainfra.com\/blog\/#website\"},\"primaryImageOfPage\":{\"@id\":\"https:\/\/agenciainfra.com\/blog\/antt-permite-o-reajuste-do-pedagio-da-regis-bittencourt-a-partir-deste-sabado\/#primaryimage\"},\"image\":{\"@id\":\"https:\/\/agenciainfra.com\/blog\/antt-permite-o-reajuste-do-pedagio-da-regis-bittencourt-a-partir-deste-sabado\/#primaryimage\"},\"thumbnailUrl\":\"https:\/\/agenciainfra.com\/blog\/wp-content\/uploads\/2020\/07\/regis-bittencourt-arteris-divulgacao.jpg\",\"datePublished\":\"2020-07-16T11:14:32+00:00\",\"dateModified\":\"2020-07-16T11:14:38+00:00\",\"breadcrumb\":{\"@id\":\"https:\/\/agenciainfra.com\/blog\/antt-permite-o-reajuste-do-pedagio-da-regis-bittencourt-a-partir-deste-sabado\/#breadcrumb\"},\"inLanguage\":\"pt-BR\",\"potentialAction\":[{\"@type\":\"ReadAction\",\"target\":[\"https:\/\/agenciainfra.com\/blog\/antt-permite-o-reajuste-do-pedagio-da-regis-bittencourt-a-partir-deste-sabado\/\"]}]},{\"@type\":\"ImageObject\",\"inLanguage\":\"pt-BR\",\"@id\":\"https:\/\/agenciainfra.com\/blog\/antt-permite-o-reajuste-do-pedagio-da-regis-bittencourt-a-partir-deste-sabado\/#primaryimage\",\"url\":\"https:\/\/agenciainfra.com\/blog\/wp-content\/uploads\/2020\/07\/regis-bittencourt-arteris-divulgacao.jpg\",\"contentUrl\":\"https:\/\/agenciainfra.com\/blog\/wp-content\/uploads\/2020\/07\/regis-bittencourt-arteris-divulgacao.jpg\",\"width\":1280,\"height\":836},{\"@type\":\"BreadcrumbList\",\"@id\":\"https:\/\/agenciainfra.com\/blog\/antt-permite-o-reajuste-do-pedagio-da-regis-bittencourt-a-partir-deste-sabado\/#breadcrumb\",\"itemListElement\":[{\"@type\":\"ListItem\",\"position\":1,\"name\":\"In\u00edcio\",\"item\":\"https:\/\/agenciainfra.com\/blog\/\"},{\"@type\":\"ListItem\",\"position\":2,\"name\":\"ANTT permite o reajuste do ped\u00e1gio da R\u00e9gis Bittencourt a partir deste s\u00e1bado\"}]},{\"@type\":\"WebSite\",\"@id\":\"https:\/\/agenciainfra.com\/blog\/#website\",\"url\":\"https:\/\/agenciainfra.com\/blog\/\",\"name\":\"Ag\u00eancia iNFRA\",\"description\":\"Multiplataforma de informa\u00e7\u00e3o jornal\u00edstica refer\u00eancia na \u00e1rea de infraestrutura no Brasil!\",\"publisher\":{\"@id\":\"https:\/\/agenciainfra.com\/blog\/#organization\"},\"potentialAction\":[{\"@type\":\"SearchAction\",\"target\":{\"@type\":\"EntryPoint\",\"urlTemplate\":\"https:\/\/agenciainfra.com\/blog\/?s={search_term_string}\"},\"query-input\":{\"@type\":\"PropertyValueSpecification\",\"valueRequired\":true,\"valueName\":\"search_term_string\"}}],\"inLanguage\":\"pt-BR\"},{\"@type\":\"Organization\",\"@id\":\"https:\/\/agenciainfra.com\/blog\/#organization\",\"name\":\"Ag\u00eancia iNFRA\",\"url\":\"https:\/\/agenciainfra.com\/blog\/\",\"logo\":{\"@type\":\"ImageObject\",\"inLanguage\":\"pt-BR\",\"@id\":\"https:\/\/agenciainfra.com\/blog\/#\/schema\/logo\/image\/\",\"url\":\"https:\/\/agenciainfra.com\/blog\/wp-content\/uploads\/2023\/09\/iNFRA_5-e1761735885940.png\",\"contentUrl\":\"https:\/\/agenciainfra.com\/blog\/wp-content\/uploads\/2023\/09\/iNFRA_5-e1761735885940.png\",\"width\":1672,\"height\":454,\"caption\":\"Ag\u00eancia iNFRA\"},\"image\":{\"@id\":\"https:\/\/agenciainfra.com\/blog\/#\/schema\/logo\/image\/\"},\"sameAs\":[\"https:\/\/www.facebook.com\/ageninfra\",\"https:\/\/x.com\/agencia_infra\",\"https:\/\/www.linkedin.com\/company\/ag\u00eanciainfra\/\",\"https:\/\/www.instagram.com\/agenciainfra\/\"]},{\"@type\":\"Person\",\"@id\":\"https:\/\/agenciainfra.com\/blog\/#\/schema\/person\/04dbb79bd6d8951f063da71f3e4c1eb1\",\"name\":\"Rodrigo Zuquim\",\"image\":{\"@type\":\"ImageObject\",\"inLanguage\":\"pt-BR\",\"@id\":\"https:\/\/agenciainfra.com\/blog\/#\/schema\/person\/image\/\",\"url\":\"https:\/\/secure.gravatar.com\/avatar\/594abfe82761d620726242ff34ca472a705a4b97f16c790053a6b4c4035274d0?s=96&d=mm&r=g\",\"contentUrl\":\"https:\/\/secure.gravatar.com\/avatar\/594abfe82761d620726242ff34ca472a705a4b97f16c790053a6b4c4035274d0?s=96&d=mm&r=g\",\"caption\":\"Rodrigo Zuquim\"},\"url\":\"https:\/\/agenciainfra.com\/blog\/author\/rodrigo-zuquim\/\"}]}<\/script>\n<!-- \/ Yoast SEO Premium plugin. -->","yoast_head_json":{"title":"ANTT permite o reajuste do ped\u00e1gio da R\u00e9gis Bittencourt a partir deste s\u00e1bado - Ag\u00eancia iNFRA","robots":{"index":"index","follow":"follow","max-snippet":"max-snippet:-1","max-image-preview":"max-image-preview:large","max-video-preview":"max-video-preview:-1"},"canonical":"https:\/\/agenciainfra.com\/blog\/antt-permite-o-reajuste-do-pedagio-da-regis-bittencourt-a-partir-deste-sabado\/","og_locale":"pt_BR","og_type":"article","og_title":"ANTT permite o reajuste do ped\u00e1gio da R\u00e9gis Bittencourt a partir deste s\u00e1bado","og_description":"da Ag\u00eancia iNFRA O ped\u00e1gio da BR-116\/SP\/PR, trecho entre S\u00e3o Paulo e Curitiba da rodovia, ser\u00e1 reajustado a partir deste s\u00e1bado (18). \u00c9 o que determina a Delibera\u00e7\u00e3o 328 da ANTT (Ag\u00eancia Nacional de Transportes Terrestres) publicada no Di\u00e1rio Oficial de hoje (16) (neste link). De acordo com a proposta, a tarifa dos autom\u00f3veis passa [&hellip;]","og_url":"https:\/\/agenciainfra.com\/blog\/antt-permite-o-reajuste-do-pedagio-da-regis-bittencourt-a-partir-deste-sabado\/","og_site_name":"Ag\u00eancia iNFRA","article_publisher":"https:\/\/www.facebook.com\/ageninfra","article_published_time":"2020-07-16T11:14:32+00:00","article_modified_time":"2020-07-16T11:14:38+00:00","og_image":[{"width":1280,"height":836,"url":"https:\/\/agenciainfra.com\/blog\/wp-content\/uploads\/2020\/07\/regis-bittencourt-arteris-divulgacao.jpg","type":"image\/jpeg"}],"author":"Rodrigo Zuquim","twitter_card":"summary_large_image","twitter_creator":"@agencia_infra","twitter_site":"@agencia_infra","twitter_misc":{"Escrito por":"Rodrigo Zuquim","Est. tempo de leitura":"1 minuto"},"schema":{"@context":"https:\/\/schema.org","@graph":[{"@type":"Article","@id":"https:\/\/agenciainfra.com\/blog\/antt-permite-o-reajuste-do-pedagio-da-regis-bittencourt-a-partir-deste-sabado\/#article","isPartOf":{"@id":"https:\/\/agenciainfra.com\/blog\/antt-permite-o-reajuste-do-pedagio-da-regis-bittencourt-a-partir-deste-sabado\/"},"author":{"name":"Rodrigo Zuquim","@id":"https:\/\/agenciainfra.com\/blog\/#\/schema\/person\/04dbb79bd6d8951f063da71f3e4c1eb1"},"headline":"ANTT permite o reajuste do ped\u00e1gio da R\u00e9gis Bittencourt a partir deste s\u00e1bado","datePublished":"2020-07-16T11:14:32+00:00","dateModified":"2020-07-16T11:14:38+00:00","mainEntityOfPage":{"@id":"https:\/\/agenciainfra.com\/blog\/antt-permite-o-reajuste-do-pedagio-da-regis-bittencourt-a-partir-deste-sabado\/"},"wordCount":294,"publisher":{"@id":"https:\/\/agenciainfra.com\/blog\/#organization"},"image":{"@id":"https:\/\/agenciainfra.com\/blog\/antt-permite-o-reajuste-do-pedagio-da-regis-bittencourt-a-partir-deste-sabado\/#primaryimage"},"thumbnailUrl":"https:\/\/agenciainfra.com\/blog\/wp-content\/uploads\/2020\/07\/regis-bittencourt-arteris-divulgacao.jpg","keywords":["ANTT","BR-116","caminhoneiros","R\u00e9gis Bittencourt","RNTRC"],"articleSection":["Geral","iNFRA Na Transi\u00e7\u00e3o"],"inLanguage":"pt-BR","copyrightYear":"2020","copyrightHolder":{"@id":"https:\/\/agenciainfra.com\/blog\/#organization"}},{"@type":"WebPage","@id":"https:\/\/agenciainfra.com\/blog\/antt-permite-o-reajuste-do-pedagio-da-regis-bittencourt-a-partir-deste-sabado\/","url":"https:\/\/agenciainfra.com\/blog\/antt-permite-o-reajuste-do-pedagio-da-regis-bittencourt-a-partir-deste-sabado\/","name":"ANTT permite o reajuste do ped\u00e1gio da R\u00e9gis Bittencourt a partir deste s\u00e1bado - Ag\u00eancia iNFRA","isPartOf":{"@id":"https:\/\/agenciainfra.com\/blog\/#website"},"primaryImageOfPage":{"@id":"https:\/\/agenciainfra.com\/blog\/antt-permite-o-reajuste-do-pedagio-da-regis-bittencourt-a-partir-deste-sabado\/#primaryimage"},"image":{"@id":"https:\/\/agenciainfra.com\/blog\/antt-permite-o-reajuste-do-pedagio-da-regis-bittencourt-a-partir-deste-sabado\/#primaryimage"},"thumbnailUrl":"https:\/\/agenciainfra.com\/blog\/wp-content\/uploads\/2020\/07\/regis-bittencourt-arteris-divulgacao.jpg","datePublished":"2020-07-16T11:14:32+00:00","dateModified":"2020-07-16T11:14:38+00:00","breadcrumb":{"@id":"https:\/\/agenciainfra.com\/blog\/antt-permite-o-reajuste-do-pedagio-da-regis-bittencourt-a-partir-deste-sabado\/#breadcrumb"},"inLanguage":"pt-BR","potentialAction":[{"@type":"ReadAction","target":["https:\/\/agenciainfra.com\/blog\/antt-permite-o-reajuste-do-pedagio-da-regis-bittencourt-a-partir-deste-sabado\/"]}]},{"@type":"ImageObject","inLanguage":"pt-BR","@id":"https:\/\/agenciainfra.com\/blog\/antt-permite-o-reajuste-do-pedagio-da-regis-bittencourt-a-partir-deste-sabado\/#primaryimage","url":"https:\/\/agenciainfra.com\/blog\/wp-content\/uploads\/2020\/07\/regis-bittencourt-arteris-divulgacao.jpg","contentUrl":"https:\/\/agenciainfra.com\/blog\/wp-content\/uploads\/2020\/07\/regis-bittencourt-arteris-divulgacao.jpg","width":1280,"height":836},{"@type":"BreadcrumbList","@id":"https:\/\/agenciainfra.com\/blog\/antt-permite-o-reajuste-do-pedagio-da-regis-bittencourt-a-partir-deste-sabado\/#breadcrumb","itemListElement":[{"@type":"ListItem","position":1,"name":"In\u00edcio","item":"https:\/\/agenciainfra.com\/blog\/"},{"@type":"ListItem","position":2,"name":"ANTT permite o reajuste do ped\u00e1gio da R\u00e9gis Bittencourt a partir deste s\u00e1bado"}]},{"@type":"WebSite","@id":"https:\/\/agenciainfra.com\/blog\/#website","url":"https:\/\/agenciainfra.com\/blog\/","name":"Ag\u00eancia iNFRA","description":"Multiplataforma de informa\u00e7\u00e3o jornal\u00edstica refer\u00eancia na \u00e1rea de infraestrutura no Brasil!","publisher":{"@id":"https:\/\/agenciainfra.com\/blog\/#organization"},"potentialAction":[{"@type":"SearchAction","target":{"@type":"EntryPoint","urlTemplate":"https:\/\/agenciainfra.com\/blog\/?s={search_term_string}"},"query-input":{"@type":"PropertyValueSpecification","valueRequired":true,"valueName":"search_term_string"}}],"inLanguage":"pt-BR"},{"@type":"Organization","@id":"https:\/\/agenciainfra.com\/blog\/#organization","name":"Ag\u00eancia iNFRA","url":"https:\/\/agenciainfra.com\/blog\/","logo":{"@type":"ImageObject","inLanguage":"pt-BR","@id":"https:\/\/agenciainfra.com\/blog\/#\/schema\/logo\/image\/","url":"https:\/\/agenciainfra.com\/blog\/wp-content\/uploads\/2023\/09\/iNFRA_5-e1761735885940.png","contentUrl":"https:\/\/agenciainfra.com\/blog\/wp-content\/uploads\/2023\/09\/iNFRA_5-e1761735885940.png","width":1672,"height":454,"caption":"Ag\u00eancia iNFRA"},"image":{"@id":"https:\/\/agenciainfra.com\/blog\/#\/schema\/logo\/image\/"},"sameAs":["https:\/\/www.facebook.com\/ageninfra","https:\/\/x.com\/agencia_infra","https:\/\/www.linkedin.com\/company\/ag\u00eanciainfra\/","https:\/\/www.instagram.com\/agenciainfra\/"]},{"@type":"Person","@id":"https:\/\/agenciainfra.com\/blog\/#\/schema\/person\/04dbb79bd6d8951f063da71f3e4c1eb1","name":"Rodrigo Zuquim","image":{"@type":"ImageObject","inLanguage":"pt-BR","@id":"https:\/\/agenciainfra.com\/blog\/#\/schema\/person\/image\/","url":"https:\/\/secure.gravatar.com\/avatar\/594abfe82761d620726242ff34ca472a705a4b97f16c790053a6b4c4035274d0?s=96&d=mm&r=g","contentUrl":"https:\/\/secure.gravatar.com\/avatar\/594abfe82761d620726242ff34ca472a705a4b97f16c790053a6b4c4035274d0?s=96&d=mm&r=g","caption":"Rodrigo Zuquim"},"url":"https:\/\/agenciainfra.com\/blog\/author\/rodrigo-zuquim\/"}]}},"_links":{"self":[{"href":"https:\/\/agenciainfra.com\/blog\/wp-json\/wp\/v2\/posts\/5417","targetHints":{"allow":["GET"]}}],"collection":[{"href":"https:\/\/agenciainfra.com\/blog\/wp-json\/wp\/v2\/posts"}],"about":[{"href":"https:\/\/agenciainfra.com\/blog\/wp-json\/wp\/v2\/types\/post"}],"author":[{"embeddable":true,"href":"https:\/\/agenciainfra.com\/blog\/wp-json\/wp\/v2\/users\/9"}],"replies":[{"embeddable":true,"href":"https:\/\/agenciainfra.com\/blog\/wp-json\/wp\/v2\/comments?post=5417"}],"version-history":[{"count":0,"href":"https:\/\/agenciainfra.com\/blog\/wp-json\/wp\/v2\/posts\/5417\/revisions"}],"wp:featuredmedia":[{"embeddable":true,"href":"https:\/\/agenciainfra.com\/blog\/wp-json\/wp\/v2\/media\/5419"}],"wp:attachment":[{"href":"https:\/\/agenciainfra.com\/blog\/wp-json\/wp\/v2\/media?parent=5417"}],"wp:term":[{"taxonomy":"category","embeddable":true,"href":"https:\/\/agenciainfra.com\/blog\/wp-json\/wp\/v2\/categories?post=5417"},{"taxonomy":"post_tag","embeddable":true,"href":"https:\/\/agenciainfra.com\/blog\/wp-json\/wp\/v2\/tags?post=5417"}],"curies":[{"name":"wp","href":"https:\/\/api.w.org\/{rel}","templated":true}]}}