{"id":5431,"date":"2020-07-17T07:44:23","date_gmt":"2020-07-17T10:44:23","guid":{"rendered":"https:\/\/www.agenciainfra.com\/blog\/?p=5431"},"modified":"2020-07-17T07:44:29","modified_gmt":"2020-07-17T10:44:29","slug":"governo-marca-data-de-leiloes-de-terminais-de-liquidos-sts08-e-sts08-a-no-porto-de-santos","status":"publish","type":"post","link":"https:\/\/agenciainfra.com\/blog\/governo-marca-data-de-leiloes-de-terminais-de-liquidos-sts08-e-sts08-a-no-porto-de-santos\/","title":{"rendered":"Governo marca data de leil\u00f5es de terminais de l\u00edquidos STS08 e STS08-A no Porto de Santos"},"content":{"rendered":"\n<p class=\"has-text-align-right\"><strong>da Ag\u00eancia iNFRA<\/strong><\/p>\n\n\n\n<p>Resolu\u00e7\u00e3o 121 do Conselho do PPI (Programa de Parcerias de Investimentos) opinou pela qualifica\u00e7\u00e3o de empreendimentos p\u00fablicos federais do setor portu\u00e1rio no calend\u00e1rio de leil\u00f5es de concess\u00e3o federal.<\/p>\n\n\n\n<p>Entre os projetos, est\u00e3o os leil\u00f5es dos terminais STS08 e STS08-A, de combust\u00edveis, no Porto de Santos (SP), que foram marcados para o 4\u00ba trimestre deste ano.<\/p>\n\n\n\n<p>Esses terminais ficam em \u00e1rea atualmente ocupada pela Transpetro e projetam investimentos de melhoria e amplia\u00e7\u00e3o de capacidade de mais de R$ 1 bilh\u00e3o nos pr\u00f3ximos anos. Atualmente a proposta est\u00e1 em audi\u00eancia p\u00fablica na ANTAQ (Ag\u00eancia Nacional de Transportes Aquavi\u00e1rios).<\/p>\n\n\n\n<p>A desestatiza\u00e7\u00e3o do Porto de Itaja\u00ed (SC) tamb\u00e9m foi planejada para o terceiro trimestre de 2022, de acordo com a publica\u00e7\u00e3o. Tr\u00eas terminais portu\u00e1rios em Macei\u00f3 (AL), um em Mucuripe (CE) e um em Natal (RN) tamb\u00e9m tiveram seus calend\u00e1rios de leil\u00f5es divulgados pelo PPI.<\/p>\n\n\n\n<p>A mesma resolu\u00e7\u00e3o, publicada no Di\u00e1rio Oficial da Uni\u00e3o de hoje (17), dispon\u00edvel <a rel=\"noreferrer noopener\" href=\"http:\/\/pesquisa.in.gov.br\/imprensa\/jsp\/visualiza\/index.jsp?data=17\/07\/2020&amp;jornal=515&amp;pagina=16&amp;totalArquivos=88\" target=\"_blank\">neste link<\/a>, informa ainda a previs\u00e3o para a concess\u00e3o da BR-135\/316\/MA. De acordo com a publica\u00e7\u00e3o, essa rodovia no Maranh\u00e3o ter\u00e1 os estudos conclu\u00eddos no 1\u00ba semestre de 2021 e leil\u00e3o no 2\u00ba semestre do ano seguinte.<\/p>\n\n\n\n<p>A resolu\u00e7\u00e3o tamb\u00e9m opinou pela inclus\u00e3o de trechos de rodovias federais no Paran\u00e1 no Plano Nacional de Desestatiza\u00e7\u00e3o e listou quais s\u00e3o esses trechos. Os estudos para essa concess\u00e3o est\u00e3o em andamento pela EPL (Empresa de Planejamento e Log\u00edstica).<\/p>\n\n\n\n<p>A proposta \u00e9 unir a trechos federais cujas concess\u00f5es est\u00e3o para terminar algumas rodovias estaduais que o governo do Paran\u00e1 deseja passar para a iniciativa privada.<\/p>\n\n\n\n<p><strong>Viracopos<\/strong><br>Na \u00e1rea de aeroportos, a presid\u00eancia da Rep\u00fablica publicou o Decreto 10.427, que qualificou a relicita\u00e7\u00e3o do Aeroporto de Viracopos, em Campinas (SP), no \u00e2mbito do Programa de Parcerias de Investimentos. O decreto est\u00e1 dispon\u00edvel <a rel=\"noreferrer noopener\" href=\"http:\/\/pesquisa.in.gov.br\/imprensa\/jsp\/visualiza\/index.jsp?data=17\/07\/2020&amp;jornal=515&amp;pagina=6&amp;totalArquivos=88\" target=\"_blank\">neste link<\/a>.<\/p>\n\n\n\n<p>A concession\u00e1ria do aeroporto, que havia pedido recupera\u00e7\u00e3o judicial devido a d\u00edvidas com o governo federal pela falta de pagamento de outorgas da concess\u00e3o, aceitou nesse processo judicial fazer o pedido de devolu\u00e7\u00e3o amig\u00e1vel do bem.<\/p>\n\n\n\n<p>Com o decreto, fica permitido aos agentes p\u00fablicos seguirem com o processo de devolu\u00e7\u00e3o e, posteriormente, licitar novamente o aeroporto. Caso haja um acordo entre a concession\u00e1ria e o governo para a devolu\u00e7\u00e3o, ela ficar\u00e1 administrando a unidade at\u00e9 a escolha do novo operador.<\/p>\n","protected":false},"excerpt":{"rendered":"<p>da Ag\u00eancia iNFRA Resolu\u00e7\u00e3o 121 do Conselho do PPI (Programa de Parcerias de Investimentos) opinou pela qualifica\u00e7\u00e3o de empreendimentos p\u00fablicos federais do setor portu\u00e1rio no calend\u00e1rio de leil\u00f5es de concess\u00e3o federal. Entre os projetos, est\u00e3o os leil\u00f5es dos terminais STS08 e STS08-A, de combust\u00edveis, no Porto de Santos (SP), que foram marcados para o 4\u00ba [&hellip;]<\/p>\n","protected":false},"author":9,"featured_media":5432,"comment_status":"closed","ping_status":"closed","sticky":false,"template":"","format":"standard","meta":{"_monsterinsights_skip_tracking":false,"_monsterinsights_sitenote_active":false,"_monsterinsights_sitenote_note":"","_monsterinsights_sitenote_category":0,"footnotes":""},"categories":[1,7],"tags":[2301,254,2056,260,36,786,2299,2300,623,241],"class_list":["post-5431","post","type-post","status-publish","format-standard","has-post-thumbnail","hentry","category-geral","category-infratransporte","tag-br-135-316-ma","tag-leilao","tag-porto-de-itajai","tag-porto-de-santos","tag-ppi","tag-programa-de-parcerias-de-investimentos","tag-sts08","tag-sts08-a","tag-terminais-portuarios","tag-viracopos"],"yoast_head":"<!-- This site is optimized with the Yoast SEO Premium plugin v25.4 (Yoast SEO v26.0) - https:\/\/yoast.com\/wordpress\/plugins\/seo\/ -->\n<title>Governo marca data de leil\u00f5es de terminais de l\u00edquidos STS08 e STS08-A no Porto de Santos - Ag\u00eancia iNFRA<\/title>\n<meta name=\"robots\" content=\"index, follow, max-snippet:-1, max-image-preview:large, max-video-preview:-1\" \/>\n<link rel=\"canonical\" href=\"https:\/\/agenciainfra.com\/blog\/governo-marca-data-de-leiloes-de-terminais-de-liquidos-sts08-e-sts08-a-no-porto-de-santos\/\" \/>\n<meta property=\"og:locale\" content=\"pt_BR\" \/>\n<meta property=\"og:type\" content=\"article\" \/>\n<meta property=\"og:title\" content=\"Governo marca data de leil\u00f5es de terminais de l\u00edquidos STS08 e STS08-A no Porto de Santos\" \/>\n<meta property=\"og:description\" content=\"da Ag\u00eancia iNFRA Resolu\u00e7\u00e3o 121 do Conselho do PPI (Programa de Parcerias de Investimentos) opinou pela qualifica\u00e7\u00e3o de empreendimentos p\u00fablicos federais do setor portu\u00e1rio no calend\u00e1rio de leil\u00f5es de concess\u00e3o federal. Entre os projetos, est\u00e3o os leil\u00f5es dos terminais STS08 e STS08-A, de combust\u00edveis, no Porto de Santos (SP), que foram marcados para o 4\u00ba [&hellip;]\" \/>\n<meta property=\"og:url\" content=\"https:\/\/agenciainfra.com\/blog\/governo-marca-data-de-leiloes-de-terminais-de-liquidos-sts08-e-sts08-a-no-porto-de-santos\/\" \/>\n<meta property=\"og:site_name\" content=\"Ag\u00eancia iNFRA\" \/>\n<meta property=\"article:publisher\" content=\"https:\/\/www.facebook.com\/ageninfra\" \/>\n<meta property=\"article:published_time\" content=\"2020-07-17T10:44:23+00:00\" \/>\n<meta property=\"article:modified_time\" content=\"2020-07-17T10:44:29+00:00\" \/>\n<meta property=\"og:image\" content=\"https:\/\/agenciainfra.com\/blog\/wp-content\/uploads\/2020\/07\/porto-santos-foto-sergio-furtado-spa.jpg\" \/>\n\t<meta property=\"og:image:width\" content=\"1280\" \/>\n\t<meta property=\"og:image:height\" content=\"853\" \/>\n\t<meta property=\"og:image:type\" content=\"image\/jpeg\" \/>\n<meta name=\"author\" content=\"Rodrigo Zuquim\" \/>\n<meta name=\"twitter:card\" content=\"summary_large_image\" \/>\n<meta name=\"twitter:creator\" content=\"@agencia_infra\" \/>\n<meta name=\"twitter:site\" content=\"@agencia_infra\" \/>\n<meta name=\"twitter:label1\" content=\"Escrito por\" \/>\n\t<meta name=\"twitter:data1\" content=\"Rodrigo Zuquim\" \/>\n\t<meta name=\"twitter:label2\" content=\"Est. tempo de leitura\" \/>\n\t<meta name=\"twitter:data2\" content=\"2 minutos\" \/>\n<script type=\"application\/ld+json\" class=\"yoast-schema-graph\">{\"@context\":\"https:\/\/schema.org\",\"@graph\":[{\"@type\":\"Article\",\"@id\":\"https:\/\/agenciainfra.com\/blog\/governo-marca-data-de-leiloes-de-terminais-de-liquidos-sts08-e-sts08-a-no-porto-de-santos\/#article\",\"isPartOf\":{\"@id\":\"https:\/\/agenciainfra.com\/blog\/governo-marca-data-de-leiloes-de-terminais-de-liquidos-sts08-e-sts08-a-no-porto-de-santos\/\"},\"author\":{\"name\":\"Rodrigo Zuquim\",\"@id\":\"https:\/\/agenciainfra.com\/blog\/#\/schema\/person\/04dbb79bd6d8951f063da71f3e4c1eb1\"},\"headline\":\"Governo marca data de leil\u00f5es de terminais de l\u00edquidos STS08 e STS08-A no Porto de Santos\",\"datePublished\":\"2020-07-17T10:44:23+00:00\",\"dateModified\":\"2020-07-17T10:44:29+00:00\",\"mainEntityOfPage\":{\"@id\":\"https:\/\/agenciainfra.com\/blog\/governo-marca-data-de-leiloes-de-terminais-de-liquidos-sts08-e-sts08-a-no-porto-de-santos\/\"},\"wordCount\":448,\"publisher\":{\"@id\":\"https:\/\/agenciainfra.com\/blog\/#organization\"},\"image\":{\"@id\":\"https:\/\/agenciainfra.com\/blog\/governo-marca-data-de-leiloes-de-terminais-de-liquidos-sts08-e-sts08-a-no-porto-de-santos\/#primaryimage\"},\"thumbnailUrl\":\"https:\/\/agenciainfra.com\/blog\/wp-content\/uploads\/2020\/07\/porto-santos-foto-sergio-furtado-spa.jpg\",\"keywords\":[\"BR-135\/316\/MA\",\"leil\u00e3o\",\"Porto de Itaja\u00ed\",\"Porto de Santos\",\"PPI\",\"Programa de Parcerias de Investimentos\",\"STS08\",\"STS08-A\",\"terminais portu\u00e1rios\",\"Viracopos\"],\"articleSection\":[\"Geral\",\"iNFRATransporte\"],\"inLanguage\":\"pt-BR\",\"copyrightYear\":\"2020\",\"copyrightHolder\":{\"@id\":\"https:\/\/agenciainfra.com\/blog\/#organization\"}},{\"@type\":\"WebPage\",\"@id\":\"https:\/\/agenciainfra.com\/blog\/governo-marca-data-de-leiloes-de-terminais-de-liquidos-sts08-e-sts08-a-no-porto-de-santos\/\",\"url\":\"https:\/\/agenciainfra.com\/blog\/governo-marca-data-de-leiloes-de-terminais-de-liquidos-sts08-e-sts08-a-no-porto-de-santos\/\",\"name\":\"Governo marca data de leil\u00f5es de terminais de l\u00edquidos STS08 e STS08-A no Porto de Santos - Ag\u00eancia iNFRA\",\"isPartOf\":{\"@id\":\"https:\/\/agenciainfra.com\/blog\/#website\"},\"primaryImageOfPage\":{\"@id\":\"https:\/\/agenciainfra.com\/blog\/governo-marca-data-de-leiloes-de-terminais-de-liquidos-sts08-e-sts08-a-no-porto-de-santos\/#primaryimage\"},\"image\":{\"@id\":\"https:\/\/agenciainfra.com\/blog\/governo-marca-data-de-leiloes-de-terminais-de-liquidos-sts08-e-sts08-a-no-porto-de-santos\/#primaryimage\"},\"thumbnailUrl\":\"https:\/\/agenciainfra.com\/blog\/wp-content\/uploads\/2020\/07\/porto-santos-foto-sergio-furtado-spa.jpg\",\"datePublished\":\"2020-07-17T10:44:23+00:00\",\"dateModified\":\"2020-07-17T10:44:29+00:00\",\"breadcrumb\":{\"@id\":\"https:\/\/agenciainfra.com\/blog\/governo-marca-data-de-leiloes-de-terminais-de-liquidos-sts08-e-sts08-a-no-porto-de-santos\/#breadcrumb\"},\"inLanguage\":\"pt-BR\",\"potentialAction\":[{\"@type\":\"ReadAction\",\"target\":[\"https:\/\/agenciainfra.com\/blog\/governo-marca-data-de-leiloes-de-terminais-de-liquidos-sts08-e-sts08-a-no-porto-de-santos\/\"]}]},{\"@type\":\"ImageObject\",\"inLanguage\":\"pt-BR\",\"@id\":\"https:\/\/agenciainfra.com\/blog\/governo-marca-data-de-leiloes-de-terminais-de-liquidos-sts08-e-sts08-a-no-porto-de-santos\/#primaryimage\",\"url\":\"https:\/\/agenciainfra.com\/blog\/wp-content\/uploads\/2020\/07\/porto-santos-foto-sergio-furtado-spa.jpg\",\"contentUrl\":\"https:\/\/agenciainfra.com\/blog\/wp-content\/uploads\/2020\/07\/porto-santos-foto-sergio-furtado-spa.jpg\",\"width\":1280,\"height\":853},{\"@type\":\"BreadcrumbList\",\"@id\":\"https:\/\/agenciainfra.com\/blog\/governo-marca-data-de-leiloes-de-terminais-de-liquidos-sts08-e-sts08-a-no-porto-de-santos\/#breadcrumb\",\"itemListElement\":[{\"@type\":\"ListItem\",\"position\":1,\"name\":\"In\u00edcio\",\"item\":\"https:\/\/agenciainfra.com\/blog\/\"},{\"@type\":\"ListItem\",\"position\":2,\"name\":\"Governo marca data de leil\u00f5es de terminais de l\u00edquidos STS08 e STS08-A no Porto de Santos\"}]},{\"@type\":\"WebSite\",\"@id\":\"https:\/\/agenciainfra.com\/blog\/#website\",\"url\":\"https:\/\/agenciainfra.com\/blog\/\",\"name\":\"Ag\u00eancia iNFRA\",\"description\":\"Multiplataforma de informa\u00e7\u00e3o jornal\u00edstica refer\u00eancia na \u00e1rea de infraestrutura no Brasil!\",\"publisher\":{\"@id\":\"https:\/\/agenciainfra.com\/blog\/#organization\"},\"potentialAction\":[{\"@type\":\"SearchAction\",\"target\":{\"@type\":\"EntryPoint\",\"urlTemplate\":\"https:\/\/agenciainfra.com\/blog\/?s={search_term_string}\"},\"query-input\":{\"@type\":\"PropertyValueSpecification\",\"valueRequired\":true,\"valueName\":\"search_term_string\"}}],\"inLanguage\":\"pt-BR\"},{\"@type\":\"Organization\",\"@id\":\"https:\/\/agenciainfra.com\/blog\/#organization\",\"name\":\"Ag\u00eancia iNFRA\",\"url\":\"https:\/\/agenciainfra.com\/blog\/\",\"logo\":{\"@type\":\"ImageObject\",\"inLanguage\":\"pt-BR\",\"@id\":\"https:\/\/agenciainfra.com\/blog\/#\/schema\/logo\/image\/\",\"url\":\"https:\/\/agenciainfra.com\/blog\/wp-content\/uploads\/2023\/09\/iNFRA_5-e1761735885940.png\",\"contentUrl\":\"https:\/\/agenciainfra.com\/blog\/wp-content\/uploads\/2023\/09\/iNFRA_5-e1761735885940.png\",\"width\":1672,\"height\":454,\"caption\":\"Ag\u00eancia iNFRA\"},\"image\":{\"@id\":\"https:\/\/agenciainfra.com\/blog\/#\/schema\/logo\/image\/\"},\"sameAs\":[\"https:\/\/www.facebook.com\/ageninfra\",\"https:\/\/x.com\/agencia_infra\",\"https:\/\/www.linkedin.com\/company\/ag\u00eanciainfra\/\",\"https:\/\/www.instagram.com\/agenciainfra\/\"]},{\"@type\":\"Person\",\"@id\":\"https:\/\/agenciainfra.com\/blog\/#\/schema\/person\/04dbb79bd6d8951f063da71f3e4c1eb1\",\"name\":\"Rodrigo Zuquim\",\"image\":{\"@type\":\"ImageObject\",\"inLanguage\":\"pt-BR\",\"@id\":\"https:\/\/agenciainfra.com\/blog\/#\/schema\/person\/image\/\",\"url\":\"https:\/\/secure.gravatar.com\/avatar\/594abfe82761d620726242ff34ca472a705a4b97f16c790053a6b4c4035274d0?s=96&d=mm&r=g\",\"contentUrl\":\"https:\/\/secure.gravatar.com\/avatar\/594abfe82761d620726242ff34ca472a705a4b97f16c790053a6b4c4035274d0?s=96&d=mm&r=g\",\"caption\":\"Rodrigo Zuquim\"},\"url\":\"https:\/\/agenciainfra.com\/blog\/author\/rodrigo-zuquim\/\"}]}<\/script>\n<!-- \/ Yoast SEO Premium plugin. -->","yoast_head_json":{"title":"Governo marca data de leil\u00f5es de terminais de l\u00edquidos STS08 e STS08-A no Porto de Santos - Ag\u00eancia iNFRA","robots":{"index":"index","follow":"follow","max-snippet":"max-snippet:-1","max-image-preview":"max-image-preview:large","max-video-preview":"max-video-preview:-1"},"canonical":"https:\/\/agenciainfra.com\/blog\/governo-marca-data-de-leiloes-de-terminais-de-liquidos-sts08-e-sts08-a-no-porto-de-santos\/","og_locale":"pt_BR","og_type":"article","og_title":"Governo marca data de leil\u00f5es de terminais de l\u00edquidos STS08 e STS08-A no Porto de Santos","og_description":"da Ag\u00eancia iNFRA Resolu\u00e7\u00e3o 121 do Conselho do PPI (Programa de Parcerias de Investimentos) opinou pela qualifica\u00e7\u00e3o de empreendimentos p\u00fablicos federais do setor portu\u00e1rio no calend\u00e1rio de leil\u00f5es de concess\u00e3o federal. Entre os projetos, est\u00e3o os leil\u00f5es dos terminais STS08 e STS08-A, de combust\u00edveis, no Porto de Santos (SP), que foram marcados para o 4\u00ba [&hellip;]","og_url":"https:\/\/agenciainfra.com\/blog\/governo-marca-data-de-leiloes-de-terminais-de-liquidos-sts08-e-sts08-a-no-porto-de-santos\/","og_site_name":"Ag\u00eancia iNFRA","article_publisher":"https:\/\/www.facebook.com\/ageninfra","article_published_time":"2020-07-17T10:44:23+00:00","article_modified_time":"2020-07-17T10:44:29+00:00","og_image":[{"width":1280,"height":853,"url":"https:\/\/agenciainfra.com\/blog\/wp-content\/uploads\/2020\/07\/porto-santos-foto-sergio-furtado-spa.jpg","type":"image\/jpeg"}],"author":"Rodrigo Zuquim","twitter_card":"summary_large_image","twitter_creator":"@agencia_infra","twitter_site":"@agencia_infra","twitter_misc":{"Escrito por":"Rodrigo Zuquim","Est. tempo de leitura":"2 minutos"},"schema":{"@context":"https:\/\/schema.org","@graph":[{"@type":"Article","@id":"https:\/\/agenciainfra.com\/blog\/governo-marca-data-de-leiloes-de-terminais-de-liquidos-sts08-e-sts08-a-no-porto-de-santos\/#article","isPartOf":{"@id":"https:\/\/agenciainfra.com\/blog\/governo-marca-data-de-leiloes-de-terminais-de-liquidos-sts08-e-sts08-a-no-porto-de-santos\/"},"author":{"name":"Rodrigo Zuquim","@id":"https:\/\/agenciainfra.com\/blog\/#\/schema\/person\/04dbb79bd6d8951f063da71f3e4c1eb1"},"headline":"Governo marca data de leil\u00f5es de terminais de l\u00edquidos STS08 e STS08-A no Porto de Santos","datePublished":"2020-07-17T10:44:23+00:00","dateModified":"2020-07-17T10:44:29+00:00","mainEntityOfPage":{"@id":"https:\/\/agenciainfra.com\/blog\/governo-marca-data-de-leiloes-de-terminais-de-liquidos-sts08-e-sts08-a-no-porto-de-santos\/"},"wordCount":448,"publisher":{"@id":"https:\/\/agenciainfra.com\/blog\/#organization"},"image":{"@id":"https:\/\/agenciainfra.com\/blog\/governo-marca-data-de-leiloes-de-terminais-de-liquidos-sts08-e-sts08-a-no-porto-de-santos\/#primaryimage"},"thumbnailUrl":"https:\/\/agenciainfra.com\/blog\/wp-content\/uploads\/2020\/07\/porto-santos-foto-sergio-furtado-spa.jpg","keywords":["BR-135\/316\/MA","leil\u00e3o","Porto de Itaja\u00ed","Porto de Santos","PPI","Programa de Parcerias de Investimentos","STS08","STS08-A","terminais portu\u00e1rios","Viracopos"],"articleSection":["Geral","iNFRATransporte"],"inLanguage":"pt-BR","copyrightYear":"2020","copyrightHolder":{"@id":"https:\/\/agenciainfra.com\/blog\/#organization"}},{"@type":"WebPage","@id":"https:\/\/agenciainfra.com\/blog\/governo-marca-data-de-leiloes-de-terminais-de-liquidos-sts08-e-sts08-a-no-porto-de-santos\/","url":"https:\/\/agenciainfra.com\/blog\/governo-marca-data-de-leiloes-de-terminais-de-liquidos-sts08-e-sts08-a-no-porto-de-santos\/","name":"Governo marca data de leil\u00f5es de terminais de l\u00edquidos STS08 e STS08-A no Porto de Santos - Ag\u00eancia iNFRA","isPartOf":{"@id":"https:\/\/agenciainfra.com\/blog\/#website"},"primaryImageOfPage":{"@id":"https:\/\/agenciainfra.com\/blog\/governo-marca-data-de-leiloes-de-terminais-de-liquidos-sts08-e-sts08-a-no-porto-de-santos\/#primaryimage"},"image":{"@id":"https:\/\/agenciainfra.com\/blog\/governo-marca-data-de-leiloes-de-terminais-de-liquidos-sts08-e-sts08-a-no-porto-de-santos\/#primaryimage"},"thumbnailUrl":"https:\/\/agenciainfra.com\/blog\/wp-content\/uploads\/2020\/07\/porto-santos-foto-sergio-furtado-spa.jpg","datePublished":"2020-07-17T10:44:23+00:00","dateModified":"2020-07-17T10:44:29+00:00","breadcrumb":{"@id":"https:\/\/agenciainfra.com\/blog\/governo-marca-data-de-leiloes-de-terminais-de-liquidos-sts08-e-sts08-a-no-porto-de-santos\/#breadcrumb"},"inLanguage":"pt-BR","potentialAction":[{"@type":"ReadAction","target":["https:\/\/agenciainfra.com\/blog\/governo-marca-data-de-leiloes-de-terminais-de-liquidos-sts08-e-sts08-a-no-porto-de-santos\/"]}]},{"@type":"ImageObject","inLanguage":"pt-BR","@id":"https:\/\/agenciainfra.com\/blog\/governo-marca-data-de-leiloes-de-terminais-de-liquidos-sts08-e-sts08-a-no-porto-de-santos\/#primaryimage","url":"https:\/\/agenciainfra.com\/blog\/wp-content\/uploads\/2020\/07\/porto-santos-foto-sergio-furtado-spa.jpg","contentUrl":"https:\/\/agenciainfra.com\/blog\/wp-content\/uploads\/2020\/07\/porto-santos-foto-sergio-furtado-spa.jpg","width":1280,"height":853},{"@type":"BreadcrumbList","@id":"https:\/\/agenciainfra.com\/blog\/governo-marca-data-de-leiloes-de-terminais-de-liquidos-sts08-e-sts08-a-no-porto-de-santos\/#breadcrumb","itemListElement":[{"@type":"ListItem","position":1,"name":"In\u00edcio","item":"https:\/\/agenciainfra.com\/blog\/"},{"@type":"ListItem","position":2,"name":"Governo marca data de leil\u00f5es de terminais de l\u00edquidos STS08 e STS08-A no Porto de Santos"}]},{"@type":"WebSite","@id":"https:\/\/agenciainfra.com\/blog\/#website","url":"https:\/\/agenciainfra.com\/blog\/","name":"Ag\u00eancia iNFRA","description":"Multiplataforma de informa\u00e7\u00e3o jornal\u00edstica refer\u00eancia na \u00e1rea de infraestrutura no Brasil!","publisher":{"@id":"https:\/\/agenciainfra.com\/blog\/#organization"},"potentialAction":[{"@type":"SearchAction","target":{"@type":"EntryPoint","urlTemplate":"https:\/\/agenciainfra.com\/blog\/?s={search_term_string}"},"query-input":{"@type":"PropertyValueSpecification","valueRequired":true,"valueName":"search_term_string"}}],"inLanguage":"pt-BR"},{"@type":"Organization","@id":"https:\/\/agenciainfra.com\/blog\/#organization","name":"Ag\u00eancia iNFRA","url":"https:\/\/agenciainfra.com\/blog\/","logo":{"@type":"ImageObject","inLanguage":"pt-BR","@id":"https:\/\/agenciainfra.com\/blog\/#\/schema\/logo\/image\/","url":"https:\/\/agenciainfra.com\/blog\/wp-content\/uploads\/2023\/09\/iNFRA_5-e1761735885940.png","contentUrl":"https:\/\/agenciainfra.com\/blog\/wp-content\/uploads\/2023\/09\/iNFRA_5-e1761735885940.png","width":1672,"height":454,"caption":"Ag\u00eancia iNFRA"},"image":{"@id":"https:\/\/agenciainfra.com\/blog\/#\/schema\/logo\/image\/"},"sameAs":["https:\/\/www.facebook.com\/ageninfra","https:\/\/x.com\/agencia_infra","https:\/\/www.linkedin.com\/company\/ag\u00eanciainfra\/","https:\/\/www.instagram.com\/agenciainfra\/"]},{"@type":"Person","@id":"https:\/\/agenciainfra.com\/blog\/#\/schema\/person\/04dbb79bd6d8951f063da71f3e4c1eb1","name":"Rodrigo Zuquim","image":{"@type":"ImageObject","inLanguage":"pt-BR","@id":"https:\/\/agenciainfra.com\/blog\/#\/schema\/person\/image\/","url":"https:\/\/secure.gravatar.com\/avatar\/594abfe82761d620726242ff34ca472a705a4b97f16c790053a6b4c4035274d0?s=96&d=mm&r=g","contentUrl":"https:\/\/secure.gravatar.com\/avatar\/594abfe82761d620726242ff34ca472a705a4b97f16c790053a6b4c4035274d0?s=96&d=mm&r=g","caption":"Rodrigo Zuquim"},"url":"https:\/\/agenciainfra.com\/blog\/author\/rodrigo-zuquim\/"}]}},"_links":{"self":[{"href":"https:\/\/agenciainfra.com\/blog\/wp-json\/wp\/v2\/posts\/5431","targetHints":{"allow":["GET"]}}],"collection":[{"href":"https:\/\/agenciainfra.com\/blog\/wp-json\/wp\/v2\/posts"}],"about":[{"href":"https:\/\/agenciainfra.com\/blog\/wp-json\/wp\/v2\/types\/post"}],"author":[{"embeddable":true,"href":"https:\/\/agenciainfra.com\/blog\/wp-json\/wp\/v2\/users\/9"}],"replies":[{"embeddable":true,"href":"https:\/\/agenciainfra.com\/blog\/wp-json\/wp\/v2\/comments?post=5431"}],"version-history":[{"count":0,"href":"https:\/\/agenciainfra.com\/blog\/wp-json\/wp\/v2\/posts\/5431\/revisions"}],"wp:featuredmedia":[{"embeddable":true,"href":"https:\/\/agenciainfra.com\/blog\/wp-json\/wp\/v2\/media\/5432"}],"wp:attachment":[{"href":"https:\/\/agenciainfra.com\/blog\/wp-json\/wp\/v2\/media?parent=5431"}],"wp:term":[{"taxonomy":"category","embeddable":true,"href":"https:\/\/agenciainfra.com\/blog\/wp-json\/wp\/v2\/categories?post=5431"},{"taxonomy":"post_tag","embeddable":true,"href":"https:\/\/agenciainfra.com\/blog\/wp-json\/wp\/v2\/tags?post=5431"}],"curies":[{"name":"wp","href":"https:\/\/api.w.org\/{rel}","templated":true}]}}