{"id":5434,"date":"2020-07-17T10:00:00","date_gmt":"2020-07-17T13:00:00","guid":{"rendered":"https:\/\/www.agenciainfra.com\/blog\/?p=5434"},"modified":"2020-07-17T09:53:56","modified_gmt":"2020-07-17T12:53:56","slug":"aprovacao-de-mp-950-torna-se-mais-dificil-sem-texto-enxuto-diz-senador-marcos-rogerio","status":"publish","type":"post","link":"https:\/\/agenciainfra.com\/blog\/aprovacao-de-mp-950-torna-se-mais-dificil-sem-texto-enxuto-diz-senador-marcos-rogerio\/","title":{"rendered":"Aprova\u00e7\u00e3o de MP 950 torna-se mais dif\u00edcil sem texto enxuto, diz senador Marcos Rog\u00e9rio"},"content":{"rendered":"\n<hr class=\"wp-block-separator\"\/>\n\n\n\n<p class=\"has-text-align-right\"><strong>Guilherme Mendes, da Ag\u00eancia iNFRA<\/strong><\/p>\n\n\n\n<p>Com muitas modifica\u00e7\u00f5es e a inclus\u00e3o de mais subs\u00eddios, tanto a C\u00e2mara dos Deputados quanto o Senado Federal ter\u00e3o dificuldades para aprovar o relat\u00f3rio da\u00a0<a rel=\"noreferrer noopener\" href=\"https:\/\/agenciainfra.us14.list-manage.com\/track\/click?u=d460dd1bcf9ba0ae040e1fc0f&amp;id=f295ab6d73&amp;e=c099169394\" target=\"_blank\">Medida Provis\u00f3ria 950<\/a>.<\/p>\n\n\n\n<p>A an\u00e1lise \u00e9 do senador Marcos Rog\u00e9rio (DEM-RO) e foi feita na quarta-feira (15), um dia antes da apresenta\u00e7\u00e3o do relat\u00f3rio. O deputado L\u00e9o Moraes (Podemos-RO), relator da mat\u00e9ria, no entanto, j\u00e1 havia afirmado que pretendia aumentar o prazo de isen\u00e7\u00e3o do pagamento das tarifas para a baixa renda (faixa de consumo de at\u00e9 220 kwh por m\u00eas).<\/p>\n\n\n\n<p>O parecer foi apresentado na noite desta quinta-feira (16) e prop\u00f5e a suspens\u00e3o dos reajustes tarif\u00e1rios at\u00e9 o fim do ano, assim como a prorroga\u00e7\u00e3o da isen\u00e7\u00e3o tarif\u00e1ria social at\u00e9 31 de agosto. O texto est\u00e1 dispon\u00edvel <a rel=\"noreferrer noopener\" href=\"https:\/\/agenciainfra.us14.list-manage.com\/track\/click?u=d460dd1bcf9ba0ae040e1fc0f&amp;id=5c2d888b07&amp;e=c099169394\" target=\"_blank\">neste link<\/a>. Em seu relat\u00f3rio, Moraes informa que atendeu integralmente a quatro emendas e parcialmente a outros 59.<br><br>&#8220;Esta mat\u00e9ria, para ser aprovada, precisa de um texto enxuto, equilibrado, em um di\u00e1logo com o governo&#8221;,\u00a0afirmou Marcos Rog\u00e9rio \u00e0\u00a0<strong>Ag\u00eancia iNFRA<\/strong>. &#8220;Sem isso, o ambiente fica mais dif\u00edcil.&#8221;<br><br>Segundo o senador, que \u00e9 do mesmo estado do deputado relator, boa parte das emendas que preveem isen\u00e7\u00f5es na tarifa n\u00e3o ajudam o consumidor\u00a0e gerar\u00e3o o aumento da conta.<\/p>\n\n\n\n<p>&#8220;Se esticar demais a proposta, e trazer muitas modifica\u00e7\u00f5es, teremos dificuldades para vot\u00e1-la na C\u00e2mara e tamb\u00e9m no Senado&#8221;, comentou o senador, na quarta-feira. &#8220;Quando se fala em aprovar incentivos, aqui ou ali, tem que se ter em conta que esse benef\u00edcio ir\u00e1 pesar para algu\u00e9m, e quem vai pagar essa conta \u00e9 justamente o consumidor do mercado cativo, vai pra a CDE.&#8221;<br><br>O senador \u00e9 um dos cotados para ser o relator da MP no Senado. Rog\u00e9rio\u00a0revelou que eles t\u00eam boa rela\u00e7\u00e3o, mas ponderou sobre a necessidade de um texto que atendesse m\u00faltiplas demandas.<br><br>Marcos Rog\u00e9rio afirmou que, com um texto que evitasse grandes discuss\u00f5es e a necessidade de acordo entre lideran\u00e7as nas duas casas, seria poss\u00edvel que o Legislativo conclu\u00edsse\u00a0a aprova\u00e7\u00e3o da mat\u00e9ria\u00a0antes do dia 5\u00a0de agosto, quando a MP perde a validade.\u00a0<br><br>&#8220;N\u00e3o h\u00e1 estrangulamento. Estamos votando a MP do setor a\u00e9reo nesta quarta, e ela vence nesta quinta&#8221;, afirmou o senador. &#8220;O texto, estando redondo, ter\u00e1 prazo suficiente para votar e aprovar. O que n\u00e3o d\u00e1 \u00e9 um texto alargado, com temas controversos, que teria mais dificuldade.&#8221;<\/p>\n","protected":false},"excerpt":{"rendered":"<p>Guilherme Mendes, da Ag\u00eancia iNFRA Com muitas modifica\u00e7\u00f5es e a inclus\u00e3o de mais subs\u00eddios, tanto a C\u00e2mara dos Deputados quanto o Senado Federal ter\u00e3o dificuldades para aprovar o relat\u00f3rio da\u00a0Medida Provis\u00f3ria 950. A an\u00e1lise \u00e9 do senador Marcos Rog\u00e9rio (DEM-RO) e foi feita na quarta-feira (15), um dia antes da apresenta\u00e7\u00e3o do relat\u00f3rio. O deputado [&hellip;]<\/p>\n","protected":false},"author":9,"featured_media":5435,"comment_status":"closed","ping_status":"closed","sticky":false,"template":"","format":"standard","meta":{"_monsterinsights_skip_tracking":false,"_monsterinsights_sitenote_active":false,"_monsterinsights_sitenote_note":"","_monsterinsights_sitenote_category":0,"footnotes":""},"categories":[1,10],"tags":[1964,1193,1885,1601,1831],"class_list":["post-5434","post","type-post","status-publish","format-standard","has-post-thumbnail","hentry","category-geral","category-infraenergia","tag-leo-moraes","tag-marcos-rogerio","tag-mp-950","tag-subsidios","tag-tarifa-social-de-energia-eletrica"],"yoast_head":"<!-- This site is optimized with the Yoast SEO Premium plugin v25.4 (Yoast SEO v26.0) - https:\/\/yoast.com\/wordpress\/plugins\/seo\/ -->\n<title>Aprova\u00e7\u00e3o de MP 950 torna-se mais dif\u00edcil sem texto enxuto, diz senador Marcos Rog\u00e9rio - Ag\u00eancia iNFRA<\/title>\n<meta name=\"robots\" content=\"index, follow, max-snippet:-1, max-image-preview:large, max-video-preview:-1\" \/>\n<link rel=\"canonical\" href=\"https:\/\/agenciainfra.com\/blog\/aprovacao-de-mp-950-torna-se-mais-dificil-sem-texto-enxuto-diz-senador-marcos-rogerio\/\" \/>\n<meta property=\"og:locale\" content=\"pt_BR\" \/>\n<meta property=\"og:type\" content=\"article\" \/>\n<meta property=\"og:title\" content=\"Aprova\u00e7\u00e3o de MP 950 torna-se mais dif\u00edcil sem texto enxuto, diz senador Marcos Rog\u00e9rio\" \/>\n<meta property=\"og:description\" content=\"Guilherme Mendes, da Ag\u00eancia iNFRA Com muitas modifica\u00e7\u00f5es e a inclus\u00e3o de mais subs\u00eddios, tanto a C\u00e2mara dos Deputados quanto o Senado Federal ter\u00e3o dificuldades para aprovar o relat\u00f3rio da\u00a0Medida Provis\u00f3ria 950. A an\u00e1lise \u00e9 do senador Marcos Rog\u00e9rio (DEM-RO) e foi feita na quarta-feira (15), um dia antes da apresenta\u00e7\u00e3o do relat\u00f3rio. O deputado [&hellip;]\" \/>\n<meta property=\"og:url\" content=\"https:\/\/agenciainfra.com\/blog\/aprovacao-de-mp-950-torna-se-mais-dificil-sem-texto-enxuto-diz-senador-marcos-rogerio\/\" \/>\n<meta property=\"og:site_name\" content=\"Ag\u00eancia iNFRA\" \/>\n<meta property=\"article:publisher\" content=\"https:\/\/www.facebook.com\/ageninfra\" \/>\n<meta property=\"article:published_time\" content=\"2020-07-17T13:00:00+00:00\" \/>\n<meta property=\"og:image\" content=\"https:\/\/agenciainfra.com\/blog\/wp-content\/uploads\/2020\/07\/marcos-rogerio-foto-marcos-oliveira-agencia-senado.jpg\" \/>\n\t<meta property=\"og:image:width\" content=\"1280\" \/>\n\t<meta property=\"og:image:height\" content=\"853\" \/>\n\t<meta property=\"og:image:type\" content=\"image\/jpeg\" \/>\n<meta name=\"author\" content=\"Rodrigo Zuquim\" \/>\n<meta name=\"twitter:card\" content=\"summary_large_image\" \/>\n<meta name=\"twitter:creator\" content=\"@agencia_infra\" \/>\n<meta name=\"twitter:site\" content=\"@agencia_infra\" \/>\n<meta name=\"twitter:label1\" content=\"Escrito por\" \/>\n\t<meta name=\"twitter:data1\" content=\"Rodrigo Zuquim\" \/>\n\t<meta name=\"twitter:label2\" content=\"Est. tempo de leitura\" \/>\n\t<meta name=\"twitter:data2\" content=\"2 minutos\" \/>\n<script type=\"application\/ld+json\" class=\"yoast-schema-graph\">{\"@context\":\"https:\/\/schema.org\",\"@graph\":[{\"@type\":\"Article\",\"@id\":\"https:\/\/agenciainfra.com\/blog\/aprovacao-de-mp-950-torna-se-mais-dificil-sem-texto-enxuto-diz-senador-marcos-rogerio\/#article\",\"isPartOf\":{\"@id\":\"https:\/\/agenciainfra.com\/blog\/aprovacao-de-mp-950-torna-se-mais-dificil-sem-texto-enxuto-diz-senador-marcos-rogerio\/\"},\"author\":{\"name\":\"Rodrigo Zuquim\",\"@id\":\"https:\/\/agenciainfra.com\/blog\/#\/schema\/person\/04dbb79bd6d8951f063da71f3e4c1eb1\"},\"headline\":\"Aprova\u00e7\u00e3o de MP 950 torna-se mais dif\u00edcil sem texto enxuto, diz senador Marcos Rog\u00e9rio\",\"datePublished\":\"2020-07-17T13:00:00+00:00\",\"mainEntityOfPage\":{\"@id\":\"https:\/\/agenciainfra.com\/blog\/aprovacao-de-mp-950-torna-se-mais-dificil-sem-texto-enxuto-diz-senador-marcos-rogerio\/\"},\"wordCount\":446,\"publisher\":{\"@id\":\"https:\/\/agenciainfra.com\/blog\/#organization\"},\"image\":{\"@id\":\"https:\/\/agenciainfra.com\/blog\/aprovacao-de-mp-950-torna-se-mais-dificil-sem-texto-enxuto-diz-senador-marcos-rogerio\/#primaryimage\"},\"thumbnailUrl\":\"https:\/\/agenciainfra.com\/blog\/wp-content\/uploads\/2020\/07\/marcos-rogerio-foto-marcos-oliveira-agencia-senado.jpg\",\"keywords\":[\"L\u00e9o Moraes\",\"Marcos Rog\u00e9rio\",\"MP 950\",\"subs\u00eddios\",\"Tarifa Social de Energia El\u00e9trica\"],\"articleSection\":[\"Geral\",\"iNFRAEnergia\"],\"inLanguage\":\"pt-BR\",\"copyrightYear\":\"2020\",\"copyrightHolder\":{\"@id\":\"https:\/\/agenciainfra.com\/blog\/#organization\"}},{\"@type\":\"WebPage\",\"@id\":\"https:\/\/agenciainfra.com\/blog\/aprovacao-de-mp-950-torna-se-mais-dificil-sem-texto-enxuto-diz-senador-marcos-rogerio\/\",\"url\":\"https:\/\/agenciainfra.com\/blog\/aprovacao-de-mp-950-torna-se-mais-dificil-sem-texto-enxuto-diz-senador-marcos-rogerio\/\",\"name\":\"Aprova\u00e7\u00e3o de MP 950 torna-se mais dif\u00edcil sem texto enxuto, diz senador Marcos Rog\u00e9rio - Ag\u00eancia iNFRA\",\"isPartOf\":{\"@id\":\"https:\/\/agenciainfra.com\/blog\/#website\"},\"primaryImageOfPage\":{\"@id\":\"https:\/\/agenciainfra.com\/blog\/aprovacao-de-mp-950-torna-se-mais-dificil-sem-texto-enxuto-diz-senador-marcos-rogerio\/#primaryimage\"},\"image\":{\"@id\":\"https:\/\/agenciainfra.com\/blog\/aprovacao-de-mp-950-torna-se-mais-dificil-sem-texto-enxuto-diz-senador-marcos-rogerio\/#primaryimage\"},\"thumbnailUrl\":\"https:\/\/agenciainfra.com\/blog\/wp-content\/uploads\/2020\/07\/marcos-rogerio-foto-marcos-oliveira-agencia-senado.jpg\",\"datePublished\":\"2020-07-17T13:00:00+00:00\",\"breadcrumb\":{\"@id\":\"https:\/\/agenciainfra.com\/blog\/aprovacao-de-mp-950-torna-se-mais-dificil-sem-texto-enxuto-diz-senador-marcos-rogerio\/#breadcrumb\"},\"inLanguage\":\"pt-BR\",\"potentialAction\":[{\"@type\":\"ReadAction\",\"target\":[\"https:\/\/agenciainfra.com\/blog\/aprovacao-de-mp-950-torna-se-mais-dificil-sem-texto-enxuto-diz-senador-marcos-rogerio\/\"]}]},{\"@type\":\"ImageObject\",\"inLanguage\":\"pt-BR\",\"@id\":\"https:\/\/agenciainfra.com\/blog\/aprovacao-de-mp-950-torna-se-mais-dificil-sem-texto-enxuto-diz-senador-marcos-rogerio\/#primaryimage\",\"url\":\"https:\/\/agenciainfra.com\/blog\/wp-content\/uploads\/2020\/07\/marcos-rogerio-foto-marcos-oliveira-agencia-senado.jpg\",\"contentUrl\":\"https:\/\/agenciainfra.com\/blog\/wp-content\/uploads\/2020\/07\/marcos-rogerio-foto-marcos-oliveira-agencia-senado.jpg\",\"width\":1280,\"height\":853},{\"@type\":\"BreadcrumbList\",\"@id\":\"https:\/\/agenciainfra.com\/blog\/aprovacao-de-mp-950-torna-se-mais-dificil-sem-texto-enxuto-diz-senador-marcos-rogerio\/#breadcrumb\",\"itemListElement\":[{\"@type\":\"ListItem\",\"position\":1,\"name\":\"In\u00edcio\",\"item\":\"https:\/\/agenciainfra.com\/blog\/\"},{\"@type\":\"ListItem\",\"position\":2,\"name\":\"Aprova\u00e7\u00e3o de MP 950 torna-se mais dif\u00edcil sem texto enxuto, diz senador Marcos Rog\u00e9rio\"}]},{\"@type\":\"WebSite\",\"@id\":\"https:\/\/agenciainfra.com\/blog\/#website\",\"url\":\"https:\/\/agenciainfra.com\/blog\/\",\"name\":\"Ag\u00eancia iNFRA\",\"description\":\"Multiplataforma de informa\u00e7\u00e3o jornal\u00edstica refer\u00eancia na \u00e1rea de infraestrutura no Brasil!\",\"publisher\":{\"@id\":\"https:\/\/agenciainfra.com\/blog\/#organization\"},\"potentialAction\":[{\"@type\":\"SearchAction\",\"target\":{\"@type\":\"EntryPoint\",\"urlTemplate\":\"https:\/\/agenciainfra.com\/blog\/?s={search_term_string}\"},\"query-input\":{\"@type\":\"PropertyValueSpecification\",\"valueRequired\":true,\"valueName\":\"search_term_string\"}}],\"inLanguage\":\"pt-BR\"},{\"@type\":\"Organization\",\"@id\":\"https:\/\/agenciainfra.com\/blog\/#organization\",\"name\":\"Ag\u00eancia iNFRA\",\"url\":\"https:\/\/agenciainfra.com\/blog\/\",\"logo\":{\"@type\":\"ImageObject\",\"inLanguage\":\"pt-BR\",\"@id\":\"https:\/\/agenciainfra.com\/blog\/#\/schema\/logo\/image\/\",\"url\":\"https:\/\/agenciainfra.com\/blog\/wp-content\/uploads\/2023\/09\/iNFRA_5-e1761735885940.png\",\"contentUrl\":\"https:\/\/agenciainfra.com\/blog\/wp-content\/uploads\/2023\/09\/iNFRA_5-e1761735885940.png\",\"width\":1672,\"height\":454,\"caption\":\"Ag\u00eancia iNFRA\"},\"image\":{\"@id\":\"https:\/\/agenciainfra.com\/blog\/#\/schema\/logo\/image\/\"},\"sameAs\":[\"https:\/\/www.facebook.com\/ageninfra\",\"https:\/\/x.com\/agencia_infra\",\"https:\/\/www.linkedin.com\/company\/ag\u00eanciainfra\/\",\"https:\/\/www.instagram.com\/agenciainfra\/\"]},{\"@type\":\"Person\",\"@id\":\"https:\/\/agenciainfra.com\/blog\/#\/schema\/person\/04dbb79bd6d8951f063da71f3e4c1eb1\",\"name\":\"Rodrigo Zuquim\",\"image\":{\"@type\":\"ImageObject\",\"inLanguage\":\"pt-BR\",\"@id\":\"https:\/\/agenciainfra.com\/blog\/#\/schema\/person\/image\/\",\"url\":\"https:\/\/secure.gravatar.com\/avatar\/594abfe82761d620726242ff34ca472a705a4b97f16c790053a6b4c4035274d0?s=96&d=mm&r=g\",\"contentUrl\":\"https:\/\/secure.gravatar.com\/avatar\/594abfe82761d620726242ff34ca472a705a4b97f16c790053a6b4c4035274d0?s=96&d=mm&r=g\",\"caption\":\"Rodrigo Zuquim\"},\"url\":\"https:\/\/agenciainfra.com\/blog\/author\/rodrigo-zuquim\/\"}]}<\/script>\n<!-- \/ Yoast SEO Premium plugin. -->","yoast_head_json":{"title":"Aprova\u00e7\u00e3o de MP 950 torna-se mais dif\u00edcil sem texto enxuto, diz senador Marcos Rog\u00e9rio - Ag\u00eancia iNFRA","robots":{"index":"index","follow":"follow","max-snippet":"max-snippet:-1","max-image-preview":"max-image-preview:large","max-video-preview":"max-video-preview:-1"},"canonical":"https:\/\/agenciainfra.com\/blog\/aprovacao-de-mp-950-torna-se-mais-dificil-sem-texto-enxuto-diz-senador-marcos-rogerio\/","og_locale":"pt_BR","og_type":"article","og_title":"Aprova\u00e7\u00e3o de MP 950 torna-se mais dif\u00edcil sem texto enxuto, diz senador Marcos Rog\u00e9rio","og_description":"Guilherme Mendes, da Ag\u00eancia iNFRA Com muitas modifica\u00e7\u00f5es e a inclus\u00e3o de mais subs\u00eddios, tanto a C\u00e2mara dos Deputados quanto o Senado Federal ter\u00e3o dificuldades para aprovar o relat\u00f3rio da\u00a0Medida Provis\u00f3ria 950. A an\u00e1lise \u00e9 do senador Marcos Rog\u00e9rio (DEM-RO) e foi feita na quarta-feira (15), um dia antes da apresenta\u00e7\u00e3o do relat\u00f3rio. O deputado [&hellip;]","og_url":"https:\/\/agenciainfra.com\/blog\/aprovacao-de-mp-950-torna-se-mais-dificil-sem-texto-enxuto-diz-senador-marcos-rogerio\/","og_site_name":"Ag\u00eancia iNFRA","article_publisher":"https:\/\/www.facebook.com\/ageninfra","article_published_time":"2020-07-17T13:00:00+00:00","og_image":[{"width":1280,"height":853,"url":"https:\/\/agenciainfra.com\/blog\/wp-content\/uploads\/2020\/07\/marcos-rogerio-foto-marcos-oliveira-agencia-senado.jpg","type":"image\/jpeg"}],"author":"Rodrigo Zuquim","twitter_card":"summary_large_image","twitter_creator":"@agencia_infra","twitter_site":"@agencia_infra","twitter_misc":{"Escrito por":"Rodrigo Zuquim","Est. tempo de leitura":"2 minutos"},"schema":{"@context":"https:\/\/schema.org","@graph":[{"@type":"Article","@id":"https:\/\/agenciainfra.com\/blog\/aprovacao-de-mp-950-torna-se-mais-dificil-sem-texto-enxuto-diz-senador-marcos-rogerio\/#article","isPartOf":{"@id":"https:\/\/agenciainfra.com\/blog\/aprovacao-de-mp-950-torna-se-mais-dificil-sem-texto-enxuto-diz-senador-marcos-rogerio\/"},"author":{"name":"Rodrigo Zuquim","@id":"https:\/\/agenciainfra.com\/blog\/#\/schema\/person\/04dbb79bd6d8951f063da71f3e4c1eb1"},"headline":"Aprova\u00e7\u00e3o de MP 950 torna-se mais dif\u00edcil sem texto enxuto, diz senador Marcos Rog\u00e9rio","datePublished":"2020-07-17T13:00:00+00:00","mainEntityOfPage":{"@id":"https:\/\/agenciainfra.com\/blog\/aprovacao-de-mp-950-torna-se-mais-dificil-sem-texto-enxuto-diz-senador-marcos-rogerio\/"},"wordCount":446,"publisher":{"@id":"https:\/\/agenciainfra.com\/blog\/#organization"},"image":{"@id":"https:\/\/agenciainfra.com\/blog\/aprovacao-de-mp-950-torna-se-mais-dificil-sem-texto-enxuto-diz-senador-marcos-rogerio\/#primaryimage"},"thumbnailUrl":"https:\/\/agenciainfra.com\/blog\/wp-content\/uploads\/2020\/07\/marcos-rogerio-foto-marcos-oliveira-agencia-senado.jpg","keywords":["L\u00e9o Moraes","Marcos Rog\u00e9rio","MP 950","subs\u00eddios","Tarifa Social de Energia El\u00e9trica"],"articleSection":["Geral","iNFRAEnergia"],"inLanguage":"pt-BR","copyrightYear":"2020","copyrightHolder":{"@id":"https:\/\/agenciainfra.com\/blog\/#organization"}},{"@type":"WebPage","@id":"https:\/\/agenciainfra.com\/blog\/aprovacao-de-mp-950-torna-se-mais-dificil-sem-texto-enxuto-diz-senador-marcos-rogerio\/","url":"https:\/\/agenciainfra.com\/blog\/aprovacao-de-mp-950-torna-se-mais-dificil-sem-texto-enxuto-diz-senador-marcos-rogerio\/","name":"Aprova\u00e7\u00e3o de MP 950 torna-se mais dif\u00edcil sem texto enxuto, diz senador Marcos Rog\u00e9rio - Ag\u00eancia iNFRA","isPartOf":{"@id":"https:\/\/agenciainfra.com\/blog\/#website"},"primaryImageOfPage":{"@id":"https:\/\/agenciainfra.com\/blog\/aprovacao-de-mp-950-torna-se-mais-dificil-sem-texto-enxuto-diz-senador-marcos-rogerio\/#primaryimage"},"image":{"@id":"https:\/\/agenciainfra.com\/blog\/aprovacao-de-mp-950-torna-se-mais-dificil-sem-texto-enxuto-diz-senador-marcos-rogerio\/#primaryimage"},"thumbnailUrl":"https:\/\/agenciainfra.com\/blog\/wp-content\/uploads\/2020\/07\/marcos-rogerio-foto-marcos-oliveira-agencia-senado.jpg","datePublished":"2020-07-17T13:00:00+00:00","breadcrumb":{"@id":"https:\/\/agenciainfra.com\/blog\/aprovacao-de-mp-950-torna-se-mais-dificil-sem-texto-enxuto-diz-senador-marcos-rogerio\/#breadcrumb"},"inLanguage":"pt-BR","potentialAction":[{"@type":"ReadAction","target":["https:\/\/agenciainfra.com\/blog\/aprovacao-de-mp-950-torna-se-mais-dificil-sem-texto-enxuto-diz-senador-marcos-rogerio\/"]}]},{"@type":"ImageObject","inLanguage":"pt-BR","@id":"https:\/\/agenciainfra.com\/blog\/aprovacao-de-mp-950-torna-se-mais-dificil-sem-texto-enxuto-diz-senador-marcos-rogerio\/#primaryimage","url":"https:\/\/agenciainfra.com\/blog\/wp-content\/uploads\/2020\/07\/marcos-rogerio-foto-marcos-oliveira-agencia-senado.jpg","contentUrl":"https:\/\/agenciainfra.com\/blog\/wp-content\/uploads\/2020\/07\/marcos-rogerio-foto-marcos-oliveira-agencia-senado.jpg","width":1280,"height":853},{"@type":"BreadcrumbList","@id":"https:\/\/agenciainfra.com\/blog\/aprovacao-de-mp-950-torna-se-mais-dificil-sem-texto-enxuto-diz-senador-marcos-rogerio\/#breadcrumb","itemListElement":[{"@type":"ListItem","position":1,"name":"In\u00edcio","item":"https:\/\/agenciainfra.com\/blog\/"},{"@type":"ListItem","position":2,"name":"Aprova\u00e7\u00e3o de MP 950 torna-se mais dif\u00edcil sem texto enxuto, diz senador Marcos Rog\u00e9rio"}]},{"@type":"WebSite","@id":"https:\/\/agenciainfra.com\/blog\/#website","url":"https:\/\/agenciainfra.com\/blog\/","name":"Ag\u00eancia iNFRA","description":"Multiplataforma de informa\u00e7\u00e3o jornal\u00edstica refer\u00eancia na \u00e1rea de infraestrutura no Brasil!","publisher":{"@id":"https:\/\/agenciainfra.com\/blog\/#organization"},"potentialAction":[{"@type":"SearchAction","target":{"@type":"EntryPoint","urlTemplate":"https:\/\/agenciainfra.com\/blog\/?s={search_term_string}"},"query-input":{"@type":"PropertyValueSpecification","valueRequired":true,"valueName":"search_term_string"}}],"inLanguage":"pt-BR"},{"@type":"Organization","@id":"https:\/\/agenciainfra.com\/blog\/#organization","name":"Ag\u00eancia iNFRA","url":"https:\/\/agenciainfra.com\/blog\/","logo":{"@type":"ImageObject","inLanguage":"pt-BR","@id":"https:\/\/agenciainfra.com\/blog\/#\/schema\/logo\/image\/","url":"https:\/\/agenciainfra.com\/blog\/wp-content\/uploads\/2023\/09\/iNFRA_5-e1761735885940.png","contentUrl":"https:\/\/agenciainfra.com\/blog\/wp-content\/uploads\/2023\/09\/iNFRA_5-e1761735885940.png","width":1672,"height":454,"caption":"Ag\u00eancia iNFRA"},"image":{"@id":"https:\/\/agenciainfra.com\/blog\/#\/schema\/logo\/image\/"},"sameAs":["https:\/\/www.facebook.com\/ageninfra","https:\/\/x.com\/agencia_infra","https:\/\/www.linkedin.com\/company\/ag\u00eanciainfra\/","https:\/\/www.instagram.com\/agenciainfra\/"]},{"@type":"Person","@id":"https:\/\/agenciainfra.com\/blog\/#\/schema\/person\/04dbb79bd6d8951f063da71f3e4c1eb1","name":"Rodrigo Zuquim","image":{"@type":"ImageObject","inLanguage":"pt-BR","@id":"https:\/\/agenciainfra.com\/blog\/#\/schema\/person\/image\/","url":"https:\/\/secure.gravatar.com\/avatar\/594abfe82761d620726242ff34ca472a705a4b97f16c790053a6b4c4035274d0?s=96&d=mm&r=g","contentUrl":"https:\/\/secure.gravatar.com\/avatar\/594abfe82761d620726242ff34ca472a705a4b97f16c790053a6b4c4035274d0?s=96&d=mm&r=g","caption":"Rodrigo Zuquim"},"url":"https:\/\/agenciainfra.com\/blog\/author\/rodrigo-zuquim\/"}]}},"_links":{"self":[{"href":"https:\/\/agenciainfra.com\/blog\/wp-json\/wp\/v2\/posts\/5434","targetHints":{"allow":["GET"]}}],"collection":[{"href":"https:\/\/agenciainfra.com\/blog\/wp-json\/wp\/v2\/posts"}],"about":[{"href":"https:\/\/agenciainfra.com\/blog\/wp-json\/wp\/v2\/types\/post"}],"author":[{"embeddable":true,"href":"https:\/\/agenciainfra.com\/blog\/wp-json\/wp\/v2\/users\/9"}],"replies":[{"embeddable":true,"href":"https:\/\/agenciainfra.com\/blog\/wp-json\/wp\/v2\/comments?post=5434"}],"version-history":[{"count":0,"href":"https:\/\/agenciainfra.com\/blog\/wp-json\/wp\/v2\/posts\/5434\/revisions"}],"wp:featuredmedia":[{"embeddable":true,"href":"https:\/\/agenciainfra.com\/blog\/wp-json\/wp\/v2\/media\/5435"}],"wp:attachment":[{"href":"https:\/\/agenciainfra.com\/blog\/wp-json\/wp\/v2\/media?parent=5434"}],"wp:term":[{"taxonomy":"category","embeddable":true,"href":"https:\/\/agenciainfra.com\/blog\/wp-json\/wp\/v2\/categories?post=5434"},{"taxonomy":"post_tag","embeddable":true,"href":"https:\/\/agenciainfra.com\/blog\/wp-json\/wp\/v2\/tags?post=5434"}],"curies":[{"name":"wp","href":"https:\/\/api.w.org\/{rel}","templated":true}]}}