{"id":5437,"date":"2020-07-18T08:00:00","date_gmt":"2020-07-18T11:00:00","guid":{"rendered":"https:\/\/www.agenciainfra.com\/blog\/?p=5437"},"modified":"2020-07-17T10:49:49","modified_gmt":"2020-07-17T13:49:49","slug":"via-040-primeira-a-pedir-devolucao-de-rodovia-tem-aditivo-aprovado-pela-antt","status":"publish","type":"post","link":"https:\/\/agenciainfra.com\/blog\/via-040-primeira-a-pedir-devolucao-de-rodovia-tem-aditivo-aprovado-pela-antt\/","title":{"rendered":"Via 040, primeira a pedir devolu\u00e7\u00e3o de rodovia, tem aditivo aprovado pela ANTT"},"content":{"rendered":"\n<hr class=\"wp-block-separator\"\/>\n\n\n\n<p class=\"has-text-align-right\"><strong>Gabriel Tabatcheik, da\u00a0Ag\u00eancia iNFRA<\/strong><\/p>\n\n\n\n<p>A diretoria da ANTT (Ag\u00eancia Nacional de Transportes Terrestres)\u00a0aprovou a permiss\u00e3o para celebra\u00e7\u00e3o de aditivo contratual que autoriza a relicita\u00e7\u00e3o do trecho rodovi\u00e1rio da BR-040, atualmente administrado pela Via 040, concession\u00e1ria do grupo Invepar. O trecho entre Bras\u00edlia (DF) e Juiz de Fora (MG), com 936 km, foi concedido em 2013, mas a empresa pediu a devolu\u00e7\u00e3o em 2017. A decis\u00e3o se deu durante a reuni\u00e3o da diretoria da \u00faltima ter\u00e7a-feira (14).<\/p>\n\n\n\n<p>Com o aditivo aprovado, a governo pode iniciar o processo para que o patrim\u00f4nio seja relicitado. Em resposta a questionamento da&nbsp;<strong>Ag\u00eancia iNFRA<\/strong>, a Invepar informou que &#8220;o processo de devolu\u00e7\u00e3o da BR-040 segue os tr\u00e2mites previstos na Lei 13.448\/2017 e no Decreto 10.248\/2019, e neste momento seus termos foram submetidos para an\u00e1lise dos credores&#8221;. A empresa disse ainda que se manifestar\u00e1 ap\u00f3s a delibera\u00e7\u00e3o.<\/p>\n\n\n\n<p>Pelas regras da relicita\u00e7\u00e3o, a Invepar agora \u00e9 respons\u00e1vel por levar os termos aos credores da empresa \u2014 bancos que financiaram os investimentos iniciais do contrato e que receberiam seus cr\u00e9ditos do novo vencedor da concess\u00e3o. Caso os credores topem, o processo segue. Se n\u00e3o toparem, seria necess\u00e1rio analisar um novo termo aditivo.<\/p>\n\n\n\n<p>O diretor relator Murshed Menezes, em seu voto, estabeleceu um prazo de 45 dias, improrrog\u00e1veis, a contar da publica\u00e7\u00e3o da delibera\u00e7\u00e3o, para que as partes assinem o termo aditivo. Se isso n\u00e3o ocorrer, h\u00e1 risco de desqualifica\u00e7\u00e3o. &#8220;Ap\u00f3s o decurso do prazo estabelecido sem a devida assinatura do termo aditivo, que se arquive os presentes autos e se adote novas provid\u00eancias necess\u00e1rias para proposta de desqualifica\u00e7\u00e3o do empreendimento no \u00e2mbito do PPI [Programa de Parcerias de Investimentos]&#8221;, afirmou Menezes.<\/p>\n\n\n\n<p>A Invepar foi a primeira empresa a pedir a devolu\u00e7\u00e3o nos termos da Lei 13.448\/2017, aprovada em julho daquele ano, que criou a figura da devolu\u00e7\u00e3o &#8220;amig\u00e1vel&#8221;. A empresa teve que fazer novo pedido no ano passado, ap\u00f3s o governo federal editar o Decreto 9.957\/2019, regulamentando o processo de devolu\u00e7\u00e3o e relicita\u00e7\u00e3o.<\/p>\n\n\n\n<p>As negocia\u00e7\u00f5es duraram quase oito meses at\u00e9 que se chegasse aos termos que foram aprovados. Outras tr\u00eas concess\u00f5es rodovi\u00e1rias j\u00e1 pediram para entrar no processo de devolu\u00e7\u00e3o. H\u00e1 tamb\u00e9m dois aeroportos concedidos que est\u00e3o com pedidos em an\u00e1lise pela ANAC (Ag\u00eancia Nacional de Avia\u00e7\u00e3o Civil).<\/p>\n\n\n\n<p><strong>Nova tabela de frete<\/strong><br>A ag\u00eancia tamb\u00e9m votou a minuta de resolu\u00e7\u00e3o que atualiza os valores de pisos m\u00ednimos para o transporte rodovi\u00e1rio de cargas. A atualiza\u00e7\u00e3o est\u00e1 prevista na Lei 13.703\/2018, que estabelece uma revis\u00e3o semestral da f\u00f3rmula de c\u00e1lculo.<\/p>\n\n\n\n<p>A diretoria tamb\u00e9m aprovou reajuste da tarifa b\u00e1sica de ped\u00e1gio da concession\u00e1ria R\u00e9gis Bittencourt S\/A, que passa de R$ 3,20 para R$ 3,30, representando um acr\u00e9scimo de 3,12%. O incremento corresponde \u00e0s revis\u00f5es 11\u00aa ordin\u00e1ria e 12\u00aa extraordin\u00e1ria. O trecho \u00e9 a BR-116, entre Curitiba (PR) e S\u00e3o Paulo (SP).<\/p>\n\n\n\n<p><strong>Kit da disc\u00f3rdia<\/strong><br>Uma vota\u00e7\u00e3o sobre um \u201ckit fiscaliza\u00e7\u00e3o\u201d causou atritos entre os diretores Weber Ciloni e Davi Barreto. O processo 50500.374562\/2019-42, relatado originalmente por Ciloni, recebeu um pedido de vista de Barreto na reuni\u00e3o da diretoria da semana passada. N\u00e3o h\u00e1 discord\u00e2ncia sobre o m\u00e9rito do projeto em ess\u00eancia, mas sim se ele deve ser institu\u00eddo por norma, delibera\u00e7\u00e3o ou resolu\u00e7\u00e3o \u2014 esp\u00e9cies de atos previstos nas normas da ag\u00eancia.<\/p>\n\n\n\n<p>Ao final da leitura do voto-vista de Barreto, Ciloni pediu a palavra para dizer que os pedidos dele desrespeitavam as compet\u00eancias dadas aos t\u00e9cnicos.&nbsp;Barreto ent\u00e3o pediu a palavra, ao que Ciloni complementou que ia querer tr\u00e9plica.<\/p>\n\n\n\n<p>Barreto disse que &#8220;n\u00e3o se trata de avoca\u00e7\u00e3o de compet\u00eancia, toda a parte t\u00e9cnica de instru\u00e7\u00e3o do processo \u00e9 feita pela Sureg [Superintend\u00eancia de Regula\u00e7\u00e3o]. N\u00e3o tem avoca\u00e7\u00e3o de compet\u00eancia. E mesmo que tivesse, n\u00e3o h\u00e1 nenhum problema, a diretoria \u00e9 a inst\u00e2ncia final da ag\u00eancia. \u00c9 por isso que os diretores t\u00eam conhecimento t\u00e9cnico sobre a mat\u00e9ria e assessorias para isso. As \u00e1reas t\u00e9cnicas t\u00eam suas compet\u00eancias, mas a delibera\u00e7\u00e3o final \u00e9 da diretoria&#8221;.<\/p>\n\n\n\n<p>Weber respondeu: &#8220;Quando eu falei aqui que n\u00e3o quero ser imperativo, \u00e9 isso mesmo, a carapu\u00e7a serve para quem quer. Ent\u00e3o, \u00e9 para bom entendedor. Eu gostaria que voc\u00eas tivessem sempre esse preciosismo, j\u00e1 que n\u00f3s temos tanta mat\u00e9ria na ANTT. Tomara que a ag\u00eancia torne esse preciosismo por regra e por pr\u00e1tica&#8221;.<\/p>\n\n\n\n<p>Os demais diretores tentaram colocar panos quentes. Houve a sugest\u00e3o de um novo pedido de vista, mas a mesa informou que isso n\u00e3o era poss\u00edvel. O novo regimento interno veda mais de um pedido de vista do mesmo processo na mesma fase processual. Como j\u00e1 tinha a vista de Barreto, n\u00e3o teria como pedir vista novamente. Houve 25 minutos de debate at\u00e9 Barreto decidir por reenviar o processo \u00e0 \u00e1rea t\u00e9cnica.<\/p>\n","protected":false},"excerpt":{"rendered":"<p>Gabriel Tabatcheik, da\u00a0Ag\u00eancia iNFRA A diretoria da ANTT (Ag\u00eancia Nacional de Transportes Terrestres)\u00a0aprovou a permiss\u00e3o para celebra\u00e7\u00e3o de aditivo contratual que autoriza a relicita\u00e7\u00e3o do trecho rodovi\u00e1rio da BR-040, atualmente administrado pela Via 040, concession\u00e1ria do grupo Invepar. O trecho entre Bras\u00edlia (DF) e Juiz de Fora (MG), com 936 km, foi concedido em 2013, [&hellip;]<\/p>\n","protected":false},"author":9,"featured_media":5438,"comment_status":"closed","ping_status":"closed","sticky":false,"template":"","format":"standard","meta":{"_monsterinsights_skip_tracking":false,"_monsterinsights_sitenote_active":false,"_monsterinsights_sitenote_note":"","_monsterinsights_sitenote_category":0,"footnotes":""},"categories":[1,7],"tags":[19,514,1050,1020,2244,2298,21,1019,1451],"class_list":["post-5437","post","type-post","status-publish","format-standard","has-post-thumbnail","hentry","category-geral","category-infratransporte","tag-antt","tag-br-040","tag-davi-barreto","tag-invepar","tag-murshed-menezes","tag-regis-bittencourt","tag-rodovia","tag-via-040","tag-weber-ciloni"],"yoast_head":"<!-- This site is optimized with the Yoast SEO Premium plugin v25.4 (Yoast SEO v26.0) - https:\/\/yoast.com\/wordpress\/plugins\/seo\/ -->\n<title>Via 040, primeira a pedir devolu\u00e7\u00e3o de rodovia, tem aditivo aprovado pela ANTT - Ag\u00eancia iNFRA<\/title>\n<meta name=\"robots\" content=\"index, follow, max-snippet:-1, max-image-preview:large, max-video-preview:-1\" \/>\n<link rel=\"canonical\" href=\"https:\/\/agenciainfra.com\/blog\/via-040-primeira-a-pedir-devolucao-de-rodovia-tem-aditivo-aprovado-pela-antt\/\" \/>\n<meta property=\"og:locale\" content=\"pt_BR\" \/>\n<meta property=\"og:type\" content=\"article\" \/>\n<meta property=\"og:title\" content=\"Via 040, primeira a pedir devolu\u00e7\u00e3o de rodovia, tem aditivo aprovado pela ANTT\" \/>\n<meta property=\"og:description\" content=\"Gabriel Tabatcheik, da\u00a0Ag\u00eancia iNFRA A diretoria da ANTT (Ag\u00eancia Nacional de Transportes Terrestres)\u00a0aprovou a permiss\u00e3o para celebra\u00e7\u00e3o de aditivo contratual que autoriza a relicita\u00e7\u00e3o do trecho rodovi\u00e1rio da BR-040, atualmente administrado pela Via 040, concession\u00e1ria do grupo Invepar. O trecho entre Bras\u00edlia (DF) e Juiz de Fora (MG), com 936 km, foi concedido em 2013, [&hellip;]\" \/>\n<meta property=\"og:url\" content=\"https:\/\/agenciainfra.com\/blog\/via-040-primeira-a-pedir-devolucao-de-rodovia-tem-aditivo-aprovado-pela-antt\/\" \/>\n<meta property=\"og:site_name\" content=\"Ag\u00eancia iNFRA\" \/>\n<meta property=\"article:publisher\" content=\"https:\/\/www.facebook.com\/ageninfra\" \/>\n<meta property=\"article:published_time\" content=\"2020-07-18T11:00:00+00:00\" \/>\n<meta property=\"og:image\" content=\"https:\/\/agenciainfra.com\/blog\/wp-content\/uploads\/2020\/07\/br040-foto-antt.jpg\" \/>\n\t<meta property=\"og:image:width\" content=\"1280\" \/>\n\t<meta property=\"og:image:height\" content=\"855\" \/>\n\t<meta property=\"og:image:type\" content=\"image\/jpeg\" \/>\n<meta name=\"author\" content=\"Rodrigo Zuquim\" \/>\n<meta name=\"twitter:card\" content=\"summary_large_image\" \/>\n<meta name=\"twitter:creator\" content=\"@agencia_infra\" \/>\n<meta name=\"twitter:site\" content=\"@agencia_infra\" \/>\n<meta name=\"twitter:label1\" content=\"Escrito por\" \/>\n\t<meta name=\"twitter:data1\" content=\"Rodrigo Zuquim\" \/>\n\t<meta name=\"twitter:label2\" content=\"Est. tempo de leitura\" \/>\n\t<meta name=\"twitter:data2\" content=\"4 minutos\" \/>\n<script type=\"application\/ld+json\" class=\"yoast-schema-graph\">{\"@context\":\"https:\/\/schema.org\",\"@graph\":[{\"@type\":\"Article\",\"@id\":\"https:\/\/agenciainfra.com\/blog\/via-040-primeira-a-pedir-devolucao-de-rodovia-tem-aditivo-aprovado-pela-antt\/#article\",\"isPartOf\":{\"@id\":\"https:\/\/agenciainfra.com\/blog\/via-040-primeira-a-pedir-devolucao-de-rodovia-tem-aditivo-aprovado-pela-antt\/\"},\"author\":{\"name\":\"Rodrigo Zuquim\",\"@id\":\"https:\/\/agenciainfra.com\/blog\/#\/schema\/person\/04dbb79bd6d8951f063da71f3e4c1eb1\"},\"headline\":\"Via 040, primeira a pedir devolu\u00e7\u00e3o de rodovia, tem aditivo aprovado pela ANTT\",\"datePublished\":\"2020-07-18T11:00:00+00:00\",\"mainEntityOfPage\":{\"@id\":\"https:\/\/agenciainfra.com\/blog\/via-040-primeira-a-pedir-devolucao-de-rodovia-tem-aditivo-aprovado-pela-antt\/\"},\"wordCount\":877,\"publisher\":{\"@id\":\"https:\/\/agenciainfra.com\/blog\/#organization\"},\"image\":{\"@id\":\"https:\/\/agenciainfra.com\/blog\/via-040-primeira-a-pedir-devolucao-de-rodovia-tem-aditivo-aprovado-pela-antt\/#primaryimage\"},\"thumbnailUrl\":\"https:\/\/agenciainfra.com\/blog\/wp-content\/uploads\/2020\/07\/br040-foto-antt.jpg\",\"keywords\":[\"ANTT\",\"BR-040\",\"Davi Barreto\",\"Invepar\",\"Murshed Menezes\",\"R\u00e9gis Bittencourt\",\"Rodovia\",\"Via 040\",\"Weber Ciloni\"],\"articleSection\":[\"Geral\",\"iNFRATransporte\"],\"inLanguage\":\"pt-BR\",\"copyrightYear\":\"2020\",\"copyrightHolder\":{\"@id\":\"https:\/\/agenciainfra.com\/blog\/#organization\"}},{\"@type\":\"WebPage\",\"@id\":\"https:\/\/agenciainfra.com\/blog\/via-040-primeira-a-pedir-devolucao-de-rodovia-tem-aditivo-aprovado-pela-antt\/\",\"url\":\"https:\/\/agenciainfra.com\/blog\/via-040-primeira-a-pedir-devolucao-de-rodovia-tem-aditivo-aprovado-pela-antt\/\",\"name\":\"Via 040, primeira a pedir devolu\u00e7\u00e3o de rodovia, tem aditivo aprovado pela ANTT - Ag\u00eancia iNFRA\",\"isPartOf\":{\"@id\":\"https:\/\/agenciainfra.com\/blog\/#website\"},\"primaryImageOfPage\":{\"@id\":\"https:\/\/agenciainfra.com\/blog\/via-040-primeira-a-pedir-devolucao-de-rodovia-tem-aditivo-aprovado-pela-antt\/#primaryimage\"},\"image\":{\"@id\":\"https:\/\/agenciainfra.com\/blog\/via-040-primeira-a-pedir-devolucao-de-rodovia-tem-aditivo-aprovado-pela-antt\/#primaryimage\"},\"thumbnailUrl\":\"https:\/\/agenciainfra.com\/blog\/wp-content\/uploads\/2020\/07\/br040-foto-antt.jpg\",\"datePublished\":\"2020-07-18T11:00:00+00:00\",\"breadcrumb\":{\"@id\":\"https:\/\/agenciainfra.com\/blog\/via-040-primeira-a-pedir-devolucao-de-rodovia-tem-aditivo-aprovado-pela-antt\/#breadcrumb\"},\"inLanguage\":\"pt-BR\",\"potentialAction\":[{\"@type\":\"ReadAction\",\"target\":[\"https:\/\/agenciainfra.com\/blog\/via-040-primeira-a-pedir-devolucao-de-rodovia-tem-aditivo-aprovado-pela-antt\/\"]}]},{\"@type\":\"ImageObject\",\"inLanguage\":\"pt-BR\",\"@id\":\"https:\/\/agenciainfra.com\/blog\/via-040-primeira-a-pedir-devolucao-de-rodovia-tem-aditivo-aprovado-pela-antt\/#primaryimage\",\"url\":\"https:\/\/agenciainfra.com\/blog\/wp-content\/uploads\/2020\/07\/br040-foto-antt.jpg\",\"contentUrl\":\"https:\/\/agenciainfra.com\/blog\/wp-content\/uploads\/2020\/07\/br040-foto-antt.jpg\",\"width\":1280,\"height\":855},{\"@type\":\"BreadcrumbList\",\"@id\":\"https:\/\/agenciainfra.com\/blog\/via-040-primeira-a-pedir-devolucao-de-rodovia-tem-aditivo-aprovado-pela-antt\/#breadcrumb\",\"itemListElement\":[{\"@type\":\"ListItem\",\"position\":1,\"name\":\"In\u00edcio\",\"item\":\"https:\/\/agenciainfra.com\/blog\/\"},{\"@type\":\"ListItem\",\"position\":2,\"name\":\"Via 040, primeira a pedir devolu\u00e7\u00e3o de rodovia, tem aditivo aprovado pela ANTT\"}]},{\"@type\":\"WebSite\",\"@id\":\"https:\/\/agenciainfra.com\/blog\/#website\",\"url\":\"https:\/\/agenciainfra.com\/blog\/\",\"name\":\"Ag\u00eancia iNFRA\",\"description\":\"Multiplataforma de informa\u00e7\u00e3o jornal\u00edstica refer\u00eancia na \u00e1rea de infraestrutura no Brasil!\",\"publisher\":{\"@id\":\"https:\/\/agenciainfra.com\/blog\/#organization\"},\"potentialAction\":[{\"@type\":\"SearchAction\",\"target\":{\"@type\":\"EntryPoint\",\"urlTemplate\":\"https:\/\/agenciainfra.com\/blog\/?s={search_term_string}\"},\"query-input\":{\"@type\":\"PropertyValueSpecification\",\"valueRequired\":true,\"valueName\":\"search_term_string\"}}],\"inLanguage\":\"pt-BR\"},{\"@type\":\"Organization\",\"@id\":\"https:\/\/agenciainfra.com\/blog\/#organization\",\"name\":\"Ag\u00eancia iNFRA\",\"url\":\"https:\/\/agenciainfra.com\/blog\/\",\"logo\":{\"@type\":\"ImageObject\",\"inLanguage\":\"pt-BR\",\"@id\":\"https:\/\/agenciainfra.com\/blog\/#\/schema\/logo\/image\/\",\"url\":\"https:\/\/agenciainfra.com\/blog\/wp-content\/uploads\/2023\/09\/iNFRA_5-e1761735885940.png\",\"contentUrl\":\"https:\/\/agenciainfra.com\/blog\/wp-content\/uploads\/2023\/09\/iNFRA_5-e1761735885940.png\",\"width\":1672,\"height\":454,\"caption\":\"Ag\u00eancia iNFRA\"},\"image\":{\"@id\":\"https:\/\/agenciainfra.com\/blog\/#\/schema\/logo\/image\/\"},\"sameAs\":[\"https:\/\/www.facebook.com\/ageninfra\",\"https:\/\/x.com\/agencia_infra\",\"https:\/\/www.linkedin.com\/company\/ag\u00eanciainfra\/\",\"https:\/\/www.instagram.com\/agenciainfra\/\"]},{\"@type\":\"Person\",\"@id\":\"https:\/\/agenciainfra.com\/blog\/#\/schema\/person\/04dbb79bd6d8951f063da71f3e4c1eb1\",\"name\":\"Rodrigo Zuquim\",\"image\":{\"@type\":\"ImageObject\",\"inLanguage\":\"pt-BR\",\"@id\":\"https:\/\/agenciainfra.com\/blog\/#\/schema\/person\/image\/\",\"url\":\"https:\/\/secure.gravatar.com\/avatar\/594abfe82761d620726242ff34ca472a705a4b97f16c790053a6b4c4035274d0?s=96&d=mm&r=g\",\"contentUrl\":\"https:\/\/secure.gravatar.com\/avatar\/594abfe82761d620726242ff34ca472a705a4b97f16c790053a6b4c4035274d0?s=96&d=mm&r=g\",\"caption\":\"Rodrigo Zuquim\"},\"url\":\"https:\/\/agenciainfra.com\/blog\/author\/rodrigo-zuquim\/\"}]}<\/script>\n<!-- \/ Yoast SEO Premium plugin. -->","yoast_head_json":{"title":"Via 040, primeira a pedir devolu\u00e7\u00e3o de rodovia, tem aditivo aprovado pela ANTT - Ag\u00eancia iNFRA","robots":{"index":"index","follow":"follow","max-snippet":"max-snippet:-1","max-image-preview":"max-image-preview:large","max-video-preview":"max-video-preview:-1"},"canonical":"https:\/\/agenciainfra.com\/blog\/via-040-primeira-a-pedir-devolucao-de-rodovia-tem-aditivo-aprovado-pela-antt\/","og_locale":"pt_BR","og_type":"article","og_title":"Via 040, primeira a pedir devolu\u00e7\u00e3o de rodovia, tem aditivo aprovado pela ANTT","og_description":"Gabriel Tabatcheik, da\u00a0Ag\u00eancia iNFRA A diretoria da ANTT (Ag\u00eancia Nacional de Transportes Terrestres)\u00a0aprovou a permiss\u00e3o para celebra\u00e7\u00e3o de aditivo contratual que autoriza a relicita\u00e7\u00e3o do trecho rodovi\u00e1rio da BR-040, atualmente administrado pela Via 040, concession\u00e1ria do grupo Invepar. O trecho entre Bras\u00edlia (DF) e Juiz de Fora (MG), com 936 km, foi concedido em 2013, [&hellip;]","og_url":"https:\/\/agenciainfra.com\/blog\/via-040-primeira-a-pedir-devolucao-de-rodovia-tem-aditivo-aprovado-pela-antt\/","og_site_name":"Ag\u00eancia iNFRA","article_publisher":"https:\/\/www.facebook.com\/ageninfra","article_published_time":"2020-07-18T11:00:00+00:00","og_image":[{"width":1280,"height":855,"url":"https:\/\/agenciainfra.com\/blog\/wp-content\/uploads\/2020\/07\/br040-foto-antt.jpg","type":"image\/jpeg"}],"author":"Rodrigo Zuquim","twitter_card":"summary_large_image","twitter_creator":"@agencia_infra","twitter_site":"@agencia_infra","twitter_misc":{"Escrito por":"Rodrigo Zuquim","Est. tempo de leitura":"4 minutos"},"schema":{"@context":"https:\/\/schema.org","@graph":[{"@type":"Article","@id":"https:\/\/agenciainfra.com\/blog\/via-040-primeira-a-pedir-devolucao-de-rodovia-tem-aditivo-aprovado-pela-antt\/#article","isPartOf":{"@id":"https:\/\/agenciainfra.com\/blog\/via-040-primeira-a-pedir-devolucao-de-rodovia-tem-aditivo-aprovado-pela-antt\/"},"author":{"name":"Rodrigo Zuquim","@id":"https:\/\/agenciainfra.com\/blog\/#\/schema\/person\/04dbb79bd6d8951f063da71f3e4c1eb1"},"headline":"Via 040, primeira a pedir devolu\u00e7\u00e3o de rodovia, tem aditivo aprovado pela ANTT","datePublished":"2020-07-18T11:00:00+00:00","mainEntityOfPage":{"@id":"https:\/\/agenciainfra.com\/blog\/via-040-primeira-a-pedir-devolucao-de-rodovia-tem-aditivo-aprovado-pela-antt\/"},"wordCount":877,"publisher":{"@id":"https:\/\/agenciainfra.com\/blog\/#organization"},"image":{"@id":"https:\/\/agenciainfra.com\/blog\/via-040-primeira-a-pedir-devolucao-de-rodovia-tem-aditivo-aprovado-pela-antt\/#primaryimage"},"thumbnailUrl":"https:\/\/agenciainfra.com\/blog\/wp-content\/uploads\/2020\/07\/br040-foto-antt.jpg","keywords":["ANTT","BR-040","Davi Barreto","Invepar","Murshed Menezes","R\u00e9gis Bittencourt","Rodovia","Via 040","Weber Ciloni"],"articleSection":["Geral","iNFRATransporte"],"inLanguage":"pt-BR","copyrightYear":"2020","copyrightHolder":{"@id":"https:\/\/agenciainfra.com\/blog\/#organization"}},{"@type":"WebPage","@id":"https:\/\/agenciainfra.com\/blog\/via-040-primeira-a-pedir-devolucao-de-rodovia-tem-aditivo-aprovado-pela-antt\/","url":"https:\/\/agenciainfra.com\/blog\/via-040-primeira-a-pedir-devolucao-de-rodovia-tem-aditivo-aprovado-pela-antt\/","name":"Via 040, primeira a pedir devolu\u00e7\u00e3o de rodovia, tem aditivo aprovado pela ANTT - Ag\u00eancia iNFRA","isPartOf":{"@id":"https:\/\/agenciainfra.com\/blog\/#website"},"primaryImageOfPage":{"@id":"https:\/\/agenciainfra.com\/blog\/via-040-primeira-a-pedir-devolucao-de-rodovia-tem-aditivo-aprovado-pela-antt\/#primaryimage"},"image":{"@id":"https:\/\/agenciainfra.com\/blog\/via-040-primeira-a-pedir-devolucao-de-rodovia-tem-aditivo-aprovado-pela-antt\/#primaryimage"},"thumbnailUrl":"https:\/\/agenciainfra.com\/blog\/wp-content\/uploads\/2020\/07\/br040-foto-antt.jpg","datePublished":"2020-07-18T11:00:00+00:00","breadcrumb":{"@id":"https:\/\/agenciainfra.com\/blog\/via-040-primeira-a-pedir-devolucao-de-rodovia-tem-aditivo-aprovado-pela-antt\/#breadcrumb"},"inLanguage":"pt-BR","potentialAction":[{"@type":"ReadAction","target":["https:\/\/agenciainfra.com\/blog\/via-040-primeira-a-pedir-devolucao-de-rodovia-tem-aditivo-aprovado-pela-antt\/"]}]},{"@type":"ImageObject","inLanguage":"pt-BR","@id":"https:\/\/agenciainfra.com\/blog\/via-040-primeira-a-pedir-devolucao-de-rodovia-tem-aditivo-aprovado-pela-antt\/#primaryimage","url":"https:\/\/agenciainfra.com\/blog\/wp-content\/uploads\/2020\/07\/br040-foto-antt.jpg","contentUrl":"https:\/\/agenciainfra.com\/blog\/wp-content\/uploads\/2020\/07\/br040-foto-antt.jpg","width":1280,"height":855},{"@type":"BreadcrumbList","@id":"https:\/\/agenciainfra.com\/blog\/via-040-primeira-a-pedir-devolucao-de-rodovia-tem-aditivo-aprovado-pela-antt\/#breadcrumb","itemListElement":[{"@type":"ListItem","position":1,"name":"In\u00edcio","item":"https:\/\/agenciainfra.com\/blog\/"},{"@type":"ListItem","position":2,"name":"Via 040, primeira a pedir devolu\u00e7\u00e3o de rodovia, tem aditivo aprovado pela ANTT"}]},{"@type":"WebSite","@id":"https:\/\/agenciainfra.com\/blog\/#website","url":"https:\/\/agenciainfra.com\/blog\/","name":"Ag\u00eancia iNFRA","description":"Multiplataforma de informa\u00e7\u00e3o jornal\u00edstica refer\u00eancia na \u00e1rea de infraestrutura no Brasil!","publisher":{"@id":"https:\/\/agenciainfra.com\/blog\/#organization"},"potentialAction":[{"@type":"SearchAction","target":{"@type":"EntryPoint","urlTemplate":"https:\/\/agenciainfra.com\/blog\/?s={search_term_string}"},"query-input":{"@type":"PropertyValueSpecification","valueRequired":true,"valueName":"search_term_string"}}],"inLanguage":"pt-BR"},{"@type":"Organization","@id":"https:\/\/agenciainfra.com\/blog\/#organization","name":"Ag\u00eancia iNFRA","url":"https:\/\/agenciainfra.com\/blog\/","logo":{"@type":"ImageObject","inLanguage":"pt-BR","@id":"https:\/\/agenciainfra.com\/blog\/#\/schema\/logo\/image\/","url":"https:\/\/agenciainfra.com\/blog\/wp-content\/uploads\/2023\/09\/iNFRA_5-e1761735885940.png","contentUrl":"https:\/\/agenciainfra.com\/blog\/wp-content\/uploads\/2023\/09\/iNFRA_5-e1761735885940.png","width":1672,"height":454,"caption":"Ag\u00eancia iNFRA"},"image":{"@id":"https:\/\/agenciainfra.com\/blog\/#\/schema\/logo\/image\/"},"sameAs":["https:\/\/www.facebook.com\/ageninfra","https:\/\/x.com\/agencia_infra","https:\/\/www.linkedin.com\/company\/ag\u00eanciainfra\/","https:\/\/www.instagram.com\/agenciainfra\/"]},{"@type":"Person","@id":"https:\/\/agenciainfra.com\/blog\/#\/schema\/person\/04dbb79bd6d8951f063da71f3e4c1eb1","name":"Rodrigo Zuquim","image":{"@type":"ImageObject","inLanguage":"pt-BR","@id":"https:\/\/agenciainfra.com\/blog\/#\/schema\/person\/image\/","url":"https:\/\/secure.gravatar.com\/avatar\/594abfe82761d620726242ff34ca472a705a4b97f16c790053a6b4c4035274d0?s=96&d=mm&r=g","contentUrl":"https:\/\/secure.gravatar.com\/avatar\/594abfe82761d620726242ff34ca472a705a4b97f16c790053a6b4c4035274d0?s=96&d=mm&r=g","caption":"Rodrigo Zuquim"},"url":"https:\/\/agenciainfra.com\/blog\/author\/rodrigo-zuquim\/"}]}},"_links":{"self":[{"href":"https:\/\/agenciainfra.com\/blog\/wp-json\/wp\/v2\/posts\/5437","targetHints":{"allow":["GET"]}}],"collection":[{"href":"https:\/\/agenciainfra.com\/blog\/wp-json\/wp\/v2\/posts"}],"about":[{"href":"https:\/\/agenciainfra.com\/blog\/wp-json\/wp\/v2\/types\/post"}],"author":[{"embeddable":true,"href":"https:\/\/agenciainfra.com\/blog\/wp-json\/wp\/v2\/users\/9"}],"replies":[{"embeddable":true,"href":"https:\/\/agenciainfra.com\/blog\/wp-json\/wp\/v2\/comments?post=5437"}],"version-history":[{"count":0,"href":"https:\/\/agenciainfra.com\/blog\/wp-json\/wp\/v2\/posts\/5437\/revisions"}],"wp:featuredmedia":[{"embeddable":true,"href":"https:\/\/agenciainfra.com\/blog\/wp-json\/wp\/v2\/media\/5438"}],"wp:attachment":[{"href":"https:\/\/agenciainfra.com\/blog\/wp-json\/wp\/v2\/media?parent=5437"}],"wp:term":[{"taxonomy":"category","embeddable":true,"href":"https:\/\/agenciainfra.com\/blog\/wp-json\/wp\/v2\/categories?post=5437"},{"taxonomy":"post_tag","embeddable":true,"href":"https:\/\/agenciainfra.com\/blog\/wp-json\/wp\/v2\/tags?post=5437"}],"curies":[{"name":"wp","href":"https:\/\/api.w.org\/{rel}","templated":true}]}}