{"id":5448,"date":"2020-07-19T08:00:43","date_gmt":"2020-07-19T11:00:43","guid":{"rendered":"https:\/\/www.agenciainfra.com\/blog\/?p=5448"},"modified":"2020-07-17T14:55:08","modified_gmt":"2020-07-17T17:55:08","slug":"associacao-de-estatais-do-saneamento-ameaca-ir-a-justica-contra-novo-marco-legal","status":"publish","type":"post","link":"https:\/\/agenciainfra.com\/blog\/associacao-de-estatais-do-saneamento-ameaca-ir-a-justica-contra-novo-marco-legal\/","title":{"rendered":"Associa\u00e7\u00e3o de estatais de saneamento amea\u00e7a ir \u00e0 Justi\u00e7a contra novo marco legal"},"content":{"rendered":"\n<hr class=\"wp-block-separator\"\/>\n\n\n\n<p class=\"has-text-align-right\"><strong>Tales Silveira, da&nbsp;Ag\u00eancia iNFRA<\/strong><\/p>\n\n\n\n<p>\u00a0As empresas p\u00fablicas de saneamento trabalhar\u00e3o para derrubar os vetos apresentados ao novo marco do saneamento b\u00e1sico pelo governo federal. Foi o que afirmou, na \u00faltima quinta-feira (16), o diretor presidente da Aesbe (Associa\u00e7\u00e3o Brasileira de Empresas Estaduais de Saneamento), Marcus Vin\u00edcius Fernandes.<br>\u00a0<br>Em conversa com a\u00a0<strong>Ag\u00eancia iNFRA,<\/strong>\u00a0Fernandes explicou que a primeira estrat\u00e9gia ser\u00e1 pressionar o Congresso pela revoga\u00e7\u00e3o do\u00a0veto no artigo 16. O dispositivo permitiria um prazo, at\u00e9 2022, para renova\u00e7\u00e3o dos atuais contratos de programa das estatais de saneamento por mais 30 anos. \u00a0<br>\u00a0<br>\u201cVamos fazer um apelo e pressionar os parlamentares, principalmente o presidente [da C\u00e2mara dos Deputados], Rodrigo Maia, e o presidente [do Senado], Davi [Alcolumbre]. Eles t\u00eam tratado com maestria esse caso, e os acordos para a constru\u00e7\u00e3o do marco foram feitos com a anu\u00eancia dos dois presidentes. Temos certeza de que conseguiremos pressionar, e muito, para a derrubada desse veto\u201d, disse.<br>\u00a0<br>Segundo ele, n\u00e3o s\u00f3 a Aesbe ficou descontente. V\u00e1rios parlamentares, governadores e prefeitos entraram em contato com a entidade afirmando estarem revoltados.<br>\u00a0<br>\u201cPossu\u00edmos diversos adeptos \u00e0 derrubada do veto. V\u00e1rios parlamentares e governadores entraram em contato conosco mostrando indigna\u00e7\u00e3o com esse ato constru\u00eddo em acordo inclusive com a presen\u00e7a de membros do pr\u00f3prio governo federal. A reda\u00e7\u00e3o desse artigo foi discutida conosco e com todos esses representantes.\u201d<br>\u00a0<br>Mesmo acreditando na retirada pela via do Congresso, o presidente da associa\u00e7\u00e3o tamb\u00e9m trabalha com a possibilidade de entrar na Justi\u00e7a para que o veto seja considerado inconstitucional.<br>\u00a0<br>\u201cEsperamos que ocorra, nos pr\u00f3ximos dias, a an\u00e1lise desses vetos e que haja sensibilidade por parte dos deputados e senadores para que seja derrubado. N\u00e3o sendo, vamos tomar todas as medidas judiciais cab\u00edveis. E esse cen\u00e1rio de judicializa\u00e7\u00e3o \u00e9 o pior cen\u00e1rio, porque ele paralisa o setor. E nenhum investimento privado vir\u00e1 at\u00e9 que esse cen\u00e1rio judicial tenha se encerrado\u201d, cravou.<br>\u00a0<br>De acordo com Fernandes, a argumenta\u00e7\u00e3o jur\u00eddica para a a\u00e7\u00e3o \u00e9 a de que o veto, por proibir decis\u00f5es de renova\u00e7\u00e3o por parte dos munic\u00edpios, quebra a autonomia dos entes federados, ferindo o chamado pacto federativo.<br>\u00a0<br>\u201cIremos buscar o direito que nos \u00e9 devido e est\u00e1 previsto na Constitui\u00e7\u00e3o. N\u00e3o se pode somente com uma lei ordin\u00e1ria vetar que o munic\u00edpio pequeno queira escolher associar-se ao estado e ele prestar o servi\u00e7o neste local\u201d, comentou.<br>\u00a0<br>A\u00a0<strong>Ag\u00eancia iNFRA<\/strong>\u00a0tentou contato com o MDR (Minist\u00e9rio do Desenvolvimento Regional) para falar sobre o veto ao artigo 16,\u00a0mas, at\u00e9 o fechamento desta mat\u00e9ria, n\u00e3o obteve resposta.<br>\u00a0<br><strong>Outras preocupa\u00e7\u00f5es<\/strong><br>Al\u00e9m do artigo 16, o presidente da Aesbe demonstrou outras preocupa\u00e7\u00f5es com o marco legal. \u00c9 o caso da cria\u00e7\u00e3o dos blocos regionais para aglutina\u00e7\u00e3o e regionaliza\u00e7\u00e3o dos servi\u00e7os de saneamento. Segundo ele, as empresas privadas podem n\u00e3o ter interesse em prestar servi\u00e7os para regi\u00f5es de pouco poder aquisitivo.<br>\u00a0<br>\u201cNa Para\u00edba, existem 22 munic\u00edpios que n\u00f3s n\u00e3o atuamos. Desses, n\u00f3s tivemos tratativas de longa data com as prefeituras de tr\u00eas munic\u00edpios e fechamos o acordo. Fizemos uma adutora de quase R$ 20 milh\u00f5es para atender esse conjunto. O privado nunca foi l\u00e1 porque, um dos munic\u00edpios, por exemplo, tem quatro mil habitantes, e a grande renda deles vem do benef\u00edcio da Loas [Lei Org\u00e2nica da Assist\u00eancia Social] e do Bolsa Fam\u00edlia. Por isso continuamos nos perguntando se o privado vai realmente conseguir prestar esses servi\u00e7os, mesmo abarcando a quest\u00e3o da regionaliza\u00e7\u00e3o\u201d, questionou.<br>\u00a0<br>Outro ponto de aten\u00e7\u00e3o dever\u00e1 acontecer nas metodologias que ser\u00e3o apresentadas por meio de decretos para que sejam feitas as valida\u00e7\u00f5es\u00a0dos contratos de presta\u00e7\u00e3o dos servi\u00e7os de saneamento.<br>\u00a0\u00a0<br><strong>Elogios \u00e0 ANA<\/strong><br>Apesar das cr\u00edticas ao marco legal, Fernandes fez quest\u00e3o de enaltecer a condu\u00e7\u00e3o e fortalecimento da ANA (Ag\u00eancia Nacional de \u00c1guas) durante todo o processo de elabora\u00e7\u00e3o do texto.<br>\u00a0<br>\u201cA ANA ganhou mais for\u00e7a, e isso \u00e9 muito importante. Ela fez consultas a todas as entidades durante a elabora\u00e7\u00e3o do marco e vem fazendo um trabalho muito importante de ouvir o setor. Queria parabenizar inclusive a ag\u00eancia, e achamos que ela est\u00e1 trilhando o caminho correto para poder contribuir na regula\u00e7\u00e3o do saneamento no pa\u00eds\u201d, disse.<\/p>\n","protected":false},"excerpt":{"rendered":"<p>Tales Silveira, da&nbsp;Ag\u00eancia iNFRA \u00a0As empresas p\u00fablicas de saneamento trabalhar\u00e3o para derrubar os vetos apresentados ao novo marco do saneamento b\u00e1sico pelo governo federal. Foi o que afirmou, na \u00faltima quinta-feira (16), o diretor presidente da Aesbe (Associa\u00e7\u00e3o Brasileira de Empresas Estaduais de Saneamento), Marcus Vin\u00edcius Fernandes.\u00a0Em conversa com a\u00a0Ag\u00eancia iNFRA,\u00a0Fernandes explicou que a primeira [&hellip;]<\/p>\n","protected":false},"author":9,"featured_media":5449,"comment_status":"closed","ping_status":"closed","sticky":false,"template":"","format":"standard","meta":{"_monsterinsights_skip_tracking":false,"_monsterinsights_sitenote_active":false,"_monsterinsights_sitenote_note":"","_monsterinsights_sitenote_category":0,"footnotes":""},"categories":[1],"tags":[1398,763,77,1352,1399,179],"class_list":["post-5448","post","type-post","status-publish","format-standard","has-post-thumbnail","hentry","category-geral","tag-aesbe","tag-agencia-nacional-de-aguas","tag-ana","tag-marco-legal-do-saneamento-basico","tag-marcus-vinicius-fernandes","tag-saneamento"],"yoast_head":"<!-- This site is optimized with the Yoast SEO Premium plugin v25.4 (Yoast SEO v26.0) - https:\/\/yoast.com\/wordpress\/plugins\/seo\/ -->\n<title>Associa\u00e7\u00e3o de estatais de saneamento amea\u00e7a ir \u00e0 Justi\u00e7a contra novo marco legal - Ag\u00eancia iNFRA<\/title>\n<meta name=\"robots\" content=\"index, follow, max-snippet:-1, max-image-preview:large, max-video-preview:-1\" \/>\n<link rel=\"canonical\" href=\"https:\/\/agenciainfra.com\/blog\/associacao-de-estatais-do-saneamento-ameaca-ir-a-justica-contra-novo-marco-legal\/\" \/>\n<meta property=\"og:locale\" content=\"pt_BR\" \/>\n<meta property=\"og:type\" content=\"article\" \/>\n<meta property=\"og:title\" content=\"Associa\u00e7\u00e3o de estatais de saneamento amea\u00e7a ir \u00e0 Justi\u00e7a contra novo marco legal\" \/>\n<meta property=\"og:description\" content=\"Tales Silveira, da&nbsp;Ag\u00eancia iNFRA \u00a0As empresas p\u00fablicas de saneamento trabalhar\u00e3o para derrubar os vetos apresentados ao novo marco do saneamento b\u00e1sico pelo governo federal. Foi o que afirmou, na \u00faltima quinta-feira (16), o diretor presidente da Aesbe (Associa\u00e7\u00e3o Brasileira de Empresas Estaduais de Saneamento), Marcus Vin\u00edcius Fernandes.\u00a0Em conversa com a\u00a0Ag\u00eancia iNFRA,\u00a0Fernandes explicou que a primeira [&hellip;]\" \/>\n<meta property=\"og:url\" content=\"https:\/\/agenciainfra.com\/blog\/associacao-de-estatais-do-saneamento-ameaca-ir-a-justica-contra-novo-marco-legal\/\" \/>\n<meta property=\"og:site_name\" content=\"Ag\u00eancia iNFRA\" \/>\n<meta property=\"article:publisher\" content=\"https:\/\/www.facebook.com\/ageninfra\" \/>\n<meta property=\"article:published_time\" content=\"2020-07-19T11:00:43+00:00\" \/>\n<meta property=\"og:image\" content=\"https:\/\/agenciainfra.com\/blog\/wp-content\/uploads\/2020\/07\/marcus-vinicius-aesbe-foto-will-shutter-camara-deputados.jpg\" \/>\n\t<meta property=\"og:image:width\" content=\"1280\" \/>\n\t<meta property=\"og:image:height\" content=\"853\" \/>\n\t<meta property=\"og:image:type\" content=\"image\/jpeg\" \/>\n<meta name=\"author\" content=\"Rodrigo Zuquim\" \/>\n<meta name=\"twitter:card\" content=\"summary_large_image\" \/>\n<meta name=\"twitter:creator\" content=\"@agencia_infra\" \/>\n<meta name=\"twitter:site\" content=\"@agencia_infra\" \/>\n<meta name=\"twitter:label1\" content=\"Escrito por\" \/>\n\t<meta name=\"twitter:data1\" content=\"Rodrigo Zuquim\" \/>\n\t<meta name=\"twitter:label2\" content=\"Est. tempo de leitura\" \/>\n\t<meta name=\"twitter:data2\" content=\"4 minutos\" \/>\n<script type=\"application\/ld+json\" class=\"yoast-schema-graph\">{\"@context\":\"https:\/\/schema.org\",\"@graph\":[{\"@type\":\"Article\",\"@id\":\"https:\/\/agenciainfra.com\/blog\/associacao-de-estatais-do-saneamento-ameaca-ir-a-justica-contra-novo-marco-legal\/#article\",\"isPartOf\":{\"@id\":\"https:\/\/agenciainfra.com\/blog\/associacao-de-estatais-do-saneamento-ameaca-ir-a-justica-contra-novo-marco-legal\/\"},\"author\":{\"name\":\"Rodrigo Zuquim\",\"@id\":\"https:\/\/agenciainfra.com\/blog\/#\/schema\/person\/04dbb79bd6d8951f063da71f3e4c1eb1\"},\"headline\":\"Associa\u00e7\u00e3o de estatais de saneamento amea\u00e7a ir \u00e0 Justi\u00e7a contra novo marco legal\",\"datePublished\":\"2020-07-19T11:00:43+00:00\",\"mainEntityOfPage\":{\"@id\":\"https:\/\/agenciainfra.com\/blog\/associacao-de-estatais-do-saneamento-ameaca-ir-a-justica-contra-novo-marco-legal\/\"},\"wordCount\":767,\"publisher\":{\"@id\":\"https:\/\/agenciainfra.com\/blog\/#organization\"},\"image\":{\"@id\":\"https:\/\/agenciainfra.com\/blog\/associacao-de-estatais-do-saneamento-ameaca-ir-a-justica-contra-novo-marco-legal\/#primaryimage\"},\"thumbnailUrl\":\"https:\/\/agenciainfra.com\/blog\/wp-content\/uploads\/2020\/07\/marcus-vinicius-aesbe-foto-will-shutter-camara-deputados.jpg\",\"keywords\":[\"AESBE\",\"Ag\u00eancia Nacional de \u00c1guas\",\"ANA\",\"Marco Legal do Saneamento B\u00e1sico\",\"Marcus Vin\u00edcius Fernandes\",\"saneamento\"],\"articleSection\":[\"Geral\"],\"inLanguage\":\"pt-BR\",\"copyrightYear\":\"2020\",\"copyrightHolder\":{\"@id\":\"https:\/\/agenciainfra.com\/blog\/#organization\"}},{\"@type\":\"WebPage\",\"@id\":\"https:\/\/agenciainfra.com\/blog\/associacao-de-estatais-do-saneamento-ameaca-ir-a-justica-contra-novo-marco-legal\/\",\"url\":\"https:\/\/agenciainfra.com\/blog\/associacao-de-estatais-do-saneamento-ameaca-ir-a-justica-contra-novo-marco-legal\/\",\"name\":\"Associa\u00e7\u00e3o de estatais de saneamento amea\u00e7a ir \u00e0 Justi\u00e7a contra novo marco legal - Ag\u00eancia iNFRA\",\"isPartOf\":{\"@id\":\"https:\/\/agenciainfra.com\/blog\/#website\"},\"primaryImageOfPage\":{\"@id\":\"https:\/\/agenciainfra.com\/blog\/associacao-de-estatais-do-saneamento-ameaca-ir-a-justica-contra-novo-marco-legal\/#primaryimage\"},\"image\":{\"@id\":\"https:\/\/agenciainfra.com\/blog\/associacao-de-estatais-do-saneamento-ameaca-ir-a-justica-contra-novo-marco-legal\/#primaryimage\"},\"thumbnailUrl\":\"https:\/\/agenciainfra.com\/blog\/wp-content\/uploads\/2020\/07\/marcus-vinicius-aesbe-foto-will-shutter-camara-deputados.jpg\",\"datePublished\":\"2020-07-19T11:00:43+00:00\",\"breadcrumb\":{\"@id\":\"https:\/\/agenciainfra.com\/blog\/associacao-de-estatais-do-saneamento-ameaca-ir-a-justica-contra-novo-marco-legal\/#breadcrumb\"},\"inLanguage\":\"pt-BR\",\"potentialAction\":[{\"@type\":\"ReadAction\",\"target\":[\"https:\/\/agenciainfra.com\/blog\/associacao-de-estatais-do-saneamento-ameaca-ir-a-justica-contra-novo-marco-legal\/\"]}]},{\"@type\":\"ImageObject\",\"inLanguage\":\"pt-BR\",\"@id\":\"https:\/\/agenciainfra.com\/blog\/associacao-de-estatais-do-saneamento-ameaca-ir-a-justica-contra-novo-marco-legal\/#primaryimage\",\"url\":\"https:\/\/agenciainfra.com\/blog\/wp-content\/uploads\/2020\/07\/marcus-vinicius-aesbe-foto-will-shutter-camara-deputados.jpg\",\"contentUrl\":\"https:\/\/agenciainfra.com\/blog\/wp-content\/uploads\/2020\/07\/marcus-vinicius-aesbe-foto-will-shutter-camara-deputados.jpg\",\"width\":1280,\"height\":853},{\"@type\":\"BreadcrumbList\",\"@id\":\"https:\/\/agenciainfra.com\/blog\/associacao-de-estatais-do-saneamento-ameaca-ir-a-justica-contra-novo-marco-legal\/#breadcrumb\",\"itemListElement\":[{\"@type\":\"ListItem\",\"position\":1,\"name\":\"In\u00edcio\",\"item\":\"https:\/\/agenciainfra.com\/blog\/\"},{\"@type\":\"ListItem\",\"position\":2,\"name\":\"Associa\u00e7\u00e3o de estatais de saneamento amea\u00e7a ir \u00e0 Justi\u00e7a contra novo marco legal\"}]},{\"@type\":\"WebSite\",\"@id\":\"https:\/\/agenciainfra.com\/blog\/#website\",\"url\":\"https:\/\/agenciainfra.com\/blog\/\",\"name\":\"Ag\u00eancia iNFRA\",\"description\":\"Multiplataforma de informa\u00e7\u00e3o jornal\u00edstica refer\u00eancia na \u00e1rea de infraestrutura no Brasil!\",\"publisher\":{\"@id\":\"https:\/\/agenciainfra.com\/blog\/#organization\"},\"potentialAction\":[{\"@type\":\"SearchAction\",\"target\":{\"@type\":\"EntryPoint\",\"urlTemplate\":\"https:\/\/agenciainfra.com\/blog\/?s={search_term_string}\"},\"query-input\":{\"@type\":\"PropertyValueSpecification\",\"valueRequired\":true,\"valueName\":\"search_term_string\"}}],\"inLanguage\":\"pt-BR\"},{\"@type\":\"Organization\",\"@id\":\"https:\/\/agenciainfra.com\/blog\/#organization\",\"name\":\"Ag\u00eancia iNFRA\",\"url\":\"https:\/\/agenciainfra.com\/blog\/\",\"logo\":{\"@type\":\"ImageObject\",\"inLanguage\":\"pt-BR\",\"@id\":\"https:\/\/agenciainfra.com\/blog\/#\/schema\/logo\/image\/\",\"url\":\"https:\/\/agenciainfra.com\/blog\/wp-content\/uploads\/2023\/09\/iNFRA_5-e1761735885940.png\",\"contentUrl\":\"https:\/\/agenciainfra.com\/blog\/wp-content\/uploads\/2023\/09\/iNFRA_5-e1761735885940.png\",\"width\":1672,\"height\":454,\"caption\":\"Ag\u00eancia iNFRA\"},\"image\":{\"@id\":\"https:\/\/agenciainfra.com\/blog\/#\/schema\/logo\/image\/\"},\"sameAs\":[\"https:\/\/www.facebook.com\/ageninfra\",\"https:\/\/x.com\/agencia_infra\",\"https:\/\/www.linkedin.com\/company\/ag\u00eanciainfra\/\",\"https:\/\/www.instagram.com\/agenciainfra\/\"]},{\"@type\":\"Person\",\"@id\":\"https:\/\/agenciainfra.com\/blog\/#\/schema\/person\/04dbb79bd6d8951f063da71f3e4c1eb1\",\"name\":\"Rodrigo Zuquim\",\"image\":{\"@type\":\"ImageObject\",\"inLanguage\":\"pt-BR\",\"@id\":\"https:\/\/agenciainfra.com\/blog\/#\/schema\/person\/image\/\",\"url\":\"https:\/\/secure.gravatar.com\/avatar\/594abfe82761d620726242ff34ca472a705a4b97f16c790053a6b4c4035274d0?s=96&d=mm&r=g\",\"contentUrl\":\"https:\/\/secure.gravatar.com\/avatar\/594abfe82761d620726242ff34ca472a705a4b97f16c790053a6b4c4035274d0?s=96&d=mm&r=g\",\"caption\":\"Rodrigo Zuquim\"},\"url\":\"https:\/\/agenciainfra.com\/blog\/author\/rodrigo-zuquim\/\"}]}<\/script>\n<!-- \/ Yoast SEO Premium plugin. -->","yoast_head_json":{"title":"Associa\u00e7\u00e3o de estatais de saneamento amea\u00e7a ir \u00e0 Justi\u00e7a contra novo marco legal - Ag\u00eancia iNFRA","robots":{"index":"index","follow":"follow","max-snippet":"max-snippet:-1","max-image-preview":"max-image-preview:large","max-video-preview":"max-video-preview:-1"},"canonical":"https:\/\/agenciainfra.com\/blog\/associacao-de-estatais-do-saneamento-ameaca-ir-a-justica-contra-novo-marco-legal\/","og_locale":"pt_BR","og_type":"article","og_title":"Associa\u00e7\u00e3o de estatais de saneamento amea\u00e7a ir \u00e0 Justi\u00e7a contra novo marco legal","og_description":"Tales Silveira, da&nbsp;Ag\u00eancia iNFRA \u00a0As empresas p\u00fablicas de saneamento trabalhar\u00e3o para derrubar os vetos apresentados ao novo marco do saneamento b\u00e1sico pelo governo federal. Foi o que afirmou, na \u00faltima quinta-feira (16), o diretor presidente da Aesbe (Associa\u00e7\u00e3o Brasileira de Empresas Estaduais de Saneamento), Marcus Vin\u00edcius Fernandes.\u00a0Em conversa com a\u00a0Ag\u00eancia iNFRA,\u00a0Fernandes explicou que a primeira [&hellip;]","og_url":"https:\/\/agenciainfra.com\/blog\/associacao-de-estatais-do-saneamento-ameaca-ir-a-justica-contra-novo-marco-legal\/","og_site_name":"Ag\u00eancia iNFRA","article_publisher":"https:\/\/www.facebook.com\/ageninfra","article_published_time":"2020-07-19T11:00:43+00:00","og_image":[{"width":1280,"height":853,"url":"https:\/\/agenciainfra.com\/blog\/wp-content\/uploads\/2020\/07\/marcus-vinicius-aesbe-foto-will-shutter-camara-deputados.jpg","type":"image\/jpeg"}],"author":"Rodrigo Zuquim","twitter_card":"summary_large_image","twitter_creator":"@agencia_infra","twitter_site":"@agencia_infra","twitter_misc":{"Escrito por":"Rodrigo Zuquim","Est. tempo de leitura":"4 minutos"},"schema":{"@context":"https:\/\/schema.org","@graph":[{"@type":"Article","@id":"https:\/\/agenciainfra.com\/blog\/associacao-de-estatais-do-saneamento-ameaca-ir-a-justica-contra-novo-marco-legal\/#article","isPartOf":{"@id":"https:\/\/agenciainfra.com\/blog\/associacao-de-estatais-do-saneamento-ameaca-ir-a-justica-contra-novo-marco-legal\/"},"author":{"name":"Rodrigo Zuquim","@id":"https:\/\/agenciainfra.com\/blog\/#\/schema\/person\/04dbb79bd6d8951f063da71f3e4c1eb1"},"headline":"Associa\u00e7\u00e3o de estatais de saneamento amea\u00e7a ir \u00e0 Justi\u00e7a contra novo marco legal","datePublished":"2020-07-19T11:00:43+00:00","mainEntityOfPage":{"@id":"https:\/\/agenciainfra.com\/blog\/associacao-de-estatais-do-saneamento-ameaca-ir-a-justica-contra-novo-marco-legal\/"},"wordCount":767,"publisher":{"@id":"https:\/\/agenciainfra.com\/blog\/#organization"},"image":{"@id":"https:\/\/agenciainfra.com\/blog\/associacao-de-estatais-do-saneamento-ameaca-ir-a-justica-contra-novo-marco-legal\/#primaryimage"},"thumbnailUrl":"https:\/\/agenciainfra.com\/blog\/wp-content\/uploads\/2020\/07\/marcus-vinicius-aesbe-foto-will-shutter-camara-deputados.jpg","keywords":["AESBE","Ag\u00eancia Nacional de \u00c1guas","ANA","Marco Legal do Saneamento B\u00e1sico","Marcus Vin\u00edcius Fernandes","saneamento"],"articleSection":["Geral"],"inLanguage":"pt-BR","copyrightYear":"2020","copyrightHolder":{"@id":"https:\/\/agenciainfra.com\/blog\/#organization"}},{"@type":"WebPage","@id":"https:\/\/agenciainfra.com\/blog\/associacao-de-estatais-do-saneamento-ameaca-ir-a-justica-contra-novo-marco-legal\/","url":"https:\/\/agenciainfra.com\/blog\/associacao-de-estatais-do-saneamento-ameaca-ir-a-justica-contra-novo-marco-legal\/","name":"Associa\u00e7\u00e3o de estatais de saneamento amea\u00e7a ir \u00e0 Justi\u00e7a contra novo marco legal - Ag\u00eancia iNFRA","isPartOf":{"@id":"https:\/\/agenciainfra.com\/blog\/#website"},"primaryImageOfPage":{"@id":"https:\/\/agenciainfra.com\/blog\/associacao-de-estatais-do-saneamento-ameaca-ir-a-justica-contra-novo-marco-legal\/#primaryimage"},"image":{"@id":"https:\/\/agenciainfra.com\/blog\/associacao-de-estatais-do-saneamento-ameaca-ir-a-justica-contra-novo-marco-legal\/#primaryimage"},"thumbnailUrl":"https:\/\/agenciainfra.com\/blog\/wp-content\/uploads\/2020\/07\/marcus-vinicius-aesbe-foto-will-shutter-camara-deputados.jpg","datePublished":"2020-07-19T11:00:43+00:00","breadcrumb":{"@id":"https:\/\/agenciainfra.com\/blog\/associacao-de-estatais-do-saneamento-ameaca-ir-a-justica-contra-novo-marco-legal\/#breadcrumb"},"inLanguage":"pt-BR","potentialAction":[{"@type":"ReadAction","target":["https:\/\/agenciainfra.com\/blog\/associacao-de-estatais-do-saneamento-ameaca-ir-a-justica-contra-novo-marco-legal\/"]}]},{"@type":"ImageObject","inLanguage":"pt-BR","@id":"https:\/\/agenciainfra.com\/blog\/associacao-de-estatais-do-saneamento-ameaca-ir-a-justica-contra-novo-marco-legal\/#primaryimage","url":"https:\/\/agenciainfra.com\/blog\/wp-content\/uploads\/2020\/07\/marcus-vinicius-aesbe-foto-will-shutter-camara-deputados.jpg","contentUrl":"https:\/\/agenciainfra.com\/blog\/wp-content\/uploads\/2020\/07\/marcus-vinicius-aesbe-foto-will-shutter-camara-deputados.jpg","width":1280,"height":853},{"@type":"BreadcrumbList","@id":"https:\/\/agenciainfra.com\/blog\/associacao-de-estatais-do-saneamento-ameaca-ir-a-justica-contra-novo-marco-legal\/#breadcrumb","itemListElement":[{"@type":"ListItem","position":1,"name":"In\u00edcio","item":"https:\/\/agenciainfra.com\/blog\/"},{"@type":"ListItem","position":2,"name":"Associa\u00e7\u00e3o de estatais de saneamento amea\u00e7a ir \u00e0 Justi\u00e7a contra novo marco legal"}]},{"@type":"WebSite","@id":"https:\/\/agenciainfra.com\/blog\/#website","url":"https:\/\/agenciainfra.com\/blog\/","name":"Ag\u00eancia iNFRA","description":"Multiplataforma de informa\u00e7\u00e3o jornal\u00edstica refer\u00eancia na \u00e1rea de infraestrutura no Brasil!","publisher":{"@id":"https:\/\/agenciainfra.com\/blog\/#organization"},"potentialAction":[{"@type":"SearchAction","target":{"@type":"EntryPoint","urlTemplate":"https:\/\/agenciainfra.com\/blog\/?s={search_term_string}"},"query-input":{"@type":"PropertyValueSpecification","valueRequired":true,"valueName":"search_term_string"}}],"inLanguage":"pt-BR"},{"@type":"Organization","@id":"https:\/\/agenciainfra.com\/blog\/#organization","name":"Ag\u00eancia iNFRA","url":"https:\/\/agenciainfra.com\/blog\/","logo":{"@type":"ImageObject","inLanguage":"pt-BR","@id":"https:\/\/agenciainfra.com\/blog\/#\/schema\/logo\/image\/","url":"https:\/\/agenciainfra.com\/blog\/wp-content\/uploads\/2023\/09\/iNFRA_5-e1761735885940.png","contentUrl":"https:\/\/agenciainfra.com\/blog\/wp-content\/uploads\/2023\/09\/iNFRA_5-e1761735885940.png","width":1672,"height":454,"caption":"Ag\u00eancia iNFRA"},"image":{"@id":"https:\/\/agenciainfra.com\/blog\/#\/schema\/logo\/image\/"},"sameAs":["https:\/\/www.facebook.com\/ageninfra","https:\/\/x.com\/agencia_infra","https:\/\/www.linkedin.com\/company\/ag\u00eanciainfra\/","https:\/\/www.instagram.com\/agenciainfra\/"]},{"@type":"Person","@id":"https:\/\/agenciainfra.com\/blog\/#\/schema\/person\/04dbb79bd6d8951f063da71f3e4c1eb1","name":"Rodrigo Zuquim","image":{"@type":"ImageObject","inLanguage":"pt-BR","@id":"https:\/\/agenciainfra.com\/blog\/#\/schema\/person\/image\/","url":"https:\/\/secure.gravatar.com\/avatar\/594abfe82761d620726242ff34ca472a705a4b97f16c790053a6b4c4035274d0?s=96&d=mm&r=g","contentUrl":"https:\/\/secure.gravatar.com\/avatar\/594abfe82761d620726242ff34ca472a705a4b97f16c790053a6b4c4035274d0?s=96&d=mm&r=g","caption":"Rodrigo Zuquim"},"url":"https:\/\/agenciainfra.com\/blog\/author\/rodrigo-zuquim\/"}]}},"_links":{"self":[{"href":"https:\/\/agenciainfra.com\/blog\/wp-json\/wp\/v2\/posts\/5448","targetHints":{"allow":["GET"]}}],"collection":[{"href":"https:\/\/agenciainfra.com\/blog\/wp-json\/wp\/v2\/posts"}],"about":[{"href":"https:\/\/agenciainfra.com\/blog\/wp-json\/wp\/v2\/types\/post"}],"author":[{"embeddable":true,"href":"https:\/\/agenciainfra.com\/blog\/wp-json\/wp\/v2\/users\/9"}],"replies":[{"embeddable":true,"href":"https:\/\/agenciainfra.com\/blog\/wp-json\/wp\/v2\/comments?post=5448"}],"version-history":[{"count":0,"href":"https:\/\/agenciainfra.com\/blog\/wp-json\/wp\/v2\/posts\/5448\/revisions"}],"wp:featuredmedia":[{"embeddable":true,"href":"https:\/\/agenciainfra.com\/blog\/wp-json\/wp\/v2\/media\/5449"}],"wp:attachment":[{"href":"https:\/\/agenciainfra.com\/blog\/wp-json\/wp\/v2\/media?parent=5448"}],"wp:term":[{"taxonomy":"category","embeddable":true,"href":"https:\/\/agenciainfra.com\/blog\/wp-json\/wp\/v2\/categories?post=5448"},{"taxonomy":"post_tag","embeddable":true,"href":"https:\/\/agenciainfra.com\/blog\/wp-json\/wp\/v2\/tags?post=5448"}],"curies":[{"name":"wp","href":"https:\/\/api.w.org\/{rel}","templated":true}]}}