{"id":5453,"date":"2020-07-20T08:00:25","date_gmt":"2020-07-20T11:00:25","guid":{"rendered":"https:\/\/www.agenciainfra.com\/blog\/?p=5453"},"modified":"2020-07-17T15:13:32","modified_gmt":"2020-07-17T18:13:32","slug":"em-avaliacao-interna-infraestrutura-aponta-melhoria-em-indicadores-e-risco-no-orcamento","status":"publish","type":"post","link":"https:\/\/agenciainfra.com\/blog\/em-avaliacao-interna-infraestrutura-aponta-melhoria-em-indicadores-e-risco-no-orcamento\/","title":{"rendered":"Em avalia\u00e7\u00e3o interna, Infraestrutura aponta melhoria em indicadores e risco no or\u00e7amento"},"content":{"rendered":"\n<hr class=\"wp-block-separator\"\/>\n\n\n\n<p class=\"has-text-align-right\"><strong>Dimmi Amora, da\u00a0Ag\u00eancia iNFRA<\/strong><\/p>\n\n\n\n<p>Avalia\u00e7\u00e3o interna realizada pelo Minist\u00e9rio da Infraestrutura apontou que os programas da pasta t\u00eam avan\u00e7o significativo no primeiro ano e meio de execu\u00e7\u00e3o da pasta, com melhoria\u00a0em indicadores escolhidos para monitorar o andamento das propostas e a qualidade da presta\u00e7\u00e3o de servi\u00e7o no setor.<\/p>\n\n\n\n<p>Mas o trabalho \u2013 apresentado nesta semana durante uma reuni\u00e3o interna com todos os dirigentes da pasta \u2013 aponta riscos em programas que dependem de investimentos, especialmente os or\u00e7ament\u00e1rios.&nbsp;<\/p>\n\n\n\n<p>&#8220;J\u00e1 estou rodando na reserva e estou precisando abastecer&#8221;, resumiu o secret\u00e1rio-executivo do Minist\u00e9rio da Infraestrutura, Marcelo Sampaio, para falar sobre o or\u00e7amento de investimentos da pasta deste ano e a proje\u00e7\u00e3o para 2021.<\/p>\n\n\n\n<p>Segundo ele, o minist\u00e9rio j\u00e1 executou cerca de 70% do investimento do ano, mesmo faltando mais de cinco meses para o fim. Ele afirmou que n\u00e3o h\u00e1 no momento risco de paralisa\u00e7\u00e3o e que a pasta est\u00e1 buscando remanejamento para seguir com obras, especialmente em rodovias e hidrovias.&nbsp;<\/p>\n\n\n\n<p>Mas admitiu que elas podem reduzir de ritmo se as restri\u00e7\u00f5es or\u00e7ament\u00e1rias seguirem. A esperan\u00e7a, segundo o secret\u00e1rio-executivo, \u00e9 que o Pr\u00f3-Brasil possa ampliar os valores de or\u00e7amento para 153 projetos com recursos&nbsp;or\u00e7ament\u00e1rios da pasta.<\/p>\n\n\n\n<p>Na avalia\u00e7\u00e3o apresentada, Sampaio mostrou que, dos 250 projetos selecionados pela pasta para serem monitorados, 29% est\u00e3o finalizados. Esses 250 projetos comp\u00f5e 29 programas estrat\u00e9gicos da pasta, cuja avalia\u00e7\u00e3o mostra 57% em execu\u00e7\u00e3o at\u00e9 o momento.<\/p>\n\n\n\n<p>Na metodologia usada pelo minist\u00e9rio para gerenciar os programas, os problemas e riscos s\u00e3o identificados e contabilizados. Quando n\u00e3o solucionados pelos \u00f3rg\u00e3os internos, eles s\u00e3o levados at\u00e9 o ministro para decis\u00e3o \u2013 especialmente quando h\u00e1 conflitos entre vis\u00f5es das \u00e1reas (no gr\u00e1fico, \u00e9 chamado de RAE).<\/p>\n\n\n\n<figure class=\"wp-block-image size-large\"><img fetchpriority=\"high\" decoding=\"async\" width=\"830\" height=\"1024\" src=\"https:\/\/agenciainfra.com\/blog\/wp-content\/uploads\/2020\/07\/portfolio-estrategico-minfra-830x1024.jpg\" alt=\"\" class=\"wp-image-5454\" srcset=\"https:\/\/agenciainfra.com\/blog\/wp-content\/uploads\/2020\/07\/portfolio-estrategico-minfra-830x1024.jpg 830w, https:\/\/agenciainfra.com\/blog\/wp-content\/uploads\/2020\/07\/portfolio-estrategico-minfra-243x300.jpg 243w, https:\/\/agenciainfra.com\/blog\/wp-content\/uploads\/2020\/07\/portfolio-estrategico-minfra-768x947.jpg 768w, https:\/\/agenciainfra.com\/blog\/wp-content\/uploads\/2020\/07\/portfolio-estrategico-minfra.jpg 1152w\" sizes=\"(max-width: 830px) 100vw, 830px\" \/><\/figure>\n\n\n\n<p><strong>Concess\u00f5es em Amarelo<\/strong><br>Na \u00e1rea de concess\u00f5es, o minist\u00e9rio apontou que as quatro \u00e1reas \u2013 rodovias, ferrovias, portos e aeroportos \u2013 indicam sinal amarelo em rela\u00e7\u00e3o a riscos e entraves (indicador de aten\u00e7\u00e3o). Sampaio explicou que n\u00e3o h\u00e1 projetos fora da previs\u00e3o da pasta, mas que o sinal significa que \u00e9 necess\u00e1rio monitoramento constante.<\/p>\n\n\n\n<p>&#8220;Nossas equipes est\u00e3o atentas com o TCU (Tribunal de Contas da Uni\u00e3o), para atender os pedidos de forma c\u00e9lere e manter a agenda andando. Temos 34 ativos do minist\u00e9rio em an\u00e1lise pelo \u00f3rg\u00e3o, com previs\u00e3o de R$ 50 bilh\u00f5es de investimentos&#8221;, explicou Sampaio.&nbsp;<\/p>\n\n\n\n<p>O secret\u00e1rio-executivo afirmou que trabalha com prazo para a renova\u00e7\u00e3o antecipada&nbsp;da Vale para este semestre e a concess\u00e3o da Fiol (Ferrovia Oeste-Leste) at\u00e9 o fim do ano. Segundo ele, os questionamentos apresentados pelo tribunal a esses dois modelos foram respondidos nesta semana.<\/p>\n\n\n\n<p><strong>Novo projeto<\/strong><br>Sampaio explicou que o governo decidiu incluir a competitividade da avia\u00e7\u00e3o civil como novo item no portf\u00f3lio de a\u00e7\u00f5es estrat\u00e9gicas da pasta. Segundo ele, ao longo do ano, foram identificados diversos temas transversais que precisariam ser tratados para tornar a avia\u00e7\u00e3o mais competitiva, como judicializa\u00e7\u00e3o, custos de combust\u00edveis e impostos.&nbsp;<\/p>\n\n\n\n<p>Parte desses problemas, segundo ele, v\u00e3o come\u00e7ar a ser solucionados com a aprova\u00e7\u00e3o da MP 925, o que ocorreu nesta semana. Nela, os parlamentares aprovaram algumas mudan\u00e7as regulat\u00f3rias que poder\u00e3o reduzir os elevados custos de judicializa\u00e7\u00e3o do setor, por exemplo.<\/p>\n\n\n\n<p>As \u00e1reas em que o minist\u00e9rio aponta menores riscos s\u00e3o as relativas \u00e0&nbsp;seguran\u00e7a, \u00e0 inova\u00e7\u00e3o e \u00e0 gest\u00e3o. Sampaio lembrou que a pasta tem reduzido o n\u00famero de acidentes em todas as \u00e1reas. Tamb\u00e9m h\u00e1 melhorias na gest\u00e3o portu\u00e1ria, por exemplo, que fizeram o tempo de movimenta\u00e7\u00e3o dos portos ca\u00edsse mais de 15%.<\/p>\n\n\n\n<p>Um dos projetos que ele cuida, o DT-e (Documento Eletr\u00f4nico de Transportes), segundo&nbsp;o secret\u00e1rio-executivo, est\u00e1 sendo trabalhado com o Minist\u00e9rio da Economia para que possa incluir a parte de documentos fiscais no projeto de digitaliza\u00e7\u00e3o. Colocar os 13 documentos necess\u00e1rios para a \u00e1rea de transportes em um s\u00f3 arquivo eletr\u00f4nico para uso dos transportadores j\u00e1 seria poss\u00edvel, mas a ideia \u00e9 incluir tamb\u00e9m os documentos fiscais e at\u00e9 de outras pastas.<\/p>\n\n\n\n<p><strong>Trabalho remoto<\/strong><br>Segundo Sampaio, o trabalho remoto aumentou a produtividade da pasta em 30%, o que deve ampliar esse tipo ap\u00f3s a pandemia. Foi poss\u00edvel obter o n\u00famero porque a pasta tem a identifica\u00e7\u00e3o de todos os 585 integrantes que lideram projetos, com metas espec\u00edficas a serem cumpridas para cada etapa do processo.<\/p>\n\n\n\n<p>&#8220;Cada pessoa que trabalha aqui come\u00e7a seu dia de trabalho sabendo o que tem que fazer&#8221;, disse Sampaio. &#8220;Nada aqui \u00e9 por acaso. N\u00e3o tem &#8216;ach\u00f4metro&#8217;. Temos estrutura que d\u00e1 solidez para defender as agendas e avan\u00e7ar.&#8221;<\/p>\n\n\n\n<p>Segundo Sampaio, o ministro Tarc\u00edsio de Freitas finalizou a reuni\u00e3o&nbsp;repetindo o discursso que vem trabalhando desde o in\u00edcio da gest\u00e3o, que \u00e9 pensar o legado. Segundo ele, para isso, a pasta trabalha&nbsp;para estruturar com portarias e outros atos os m\u00e9todos de trabalho que est\u00e3o sendo criados.<\/p>\n\n\n\n<p>&#8220;A gente pensa como uma corrida de revezamento em que vamos entregar o bast\u00e3o ao pr\u00f3ximo em situa\u00e7\u00e3o melhor. S\u00f3 n\u00e3o falaram que era corrida&nbsp;com obst\u00e1culos&#8221;, brincou o secret\u00e1rio.<\/p>\n","protected":false},"excerpt":{"rendered":"<p>Dimmi Amora, da\u00a0Ag\u00eancia iNFRA Avalia\u00e7\u00e3o interna realizada pelo Minist\u00e9rio da Infraestrutura apontou que os programas da pasta t\u00eam avan\u00e7o significativo no primeiro ano e meio de execu\u00e7\u00e3o da pasta, com melhoria\u00a0em indicadores escolhidos para monitorar o andamento das propostas e a qualidade da presta\u00e7\u00e3o de servi\u00e7o no setor. Mas o trabalho \u2013 apresentado nesta semana [&hellip;]<\/p>\n","protected":false},"author":9,"featured_media":5455,"comment_status":"closed","ping_status":"closed","sticky":false,"template":"","format":"standard","meta":{"_monsterinsights_skip_tracking":false,"_monsterinsights_sitenote_active":false,"_monsterinsights_sitenote_note":"","_monsterinsights_sitenote_category":0,"footnotes":""},"categories":[1,7],"tags":[107,78,2322,120,156,34,997,775,1916,310,1930,126,83],"class_list":["post-5453","post","type-post","status-publish","format-standard","has-post-thumbnail","hentry","category-geral","category-infratransporte","tag-aeroportos","tag-concessoes","tag-dt-e","tag-ferrovias","tag-fiol","tag-infraestrutura","tag-marcelo-sampaio","tag-ministerio-da-infraestrutura","tag-mp-925","tag-portos","tag-pro-brasil","tag-rodovias","tag-vale"],"yoast_head":"<!-- This site is optimized with the Yoast SEO Premium plugin v25.4 (Yoast SEO v26.0) - https:\/\/yoast.com\/wordpress\/plugins\/seo\/ -->\n<title>Em avalia\u00e7\u00e3o interna, Infraestrutura aponta melhoria em indicadores e risco no or\u00e7amento - Ag\u00eancia iNFRA<\/title>\n<meta name=\"robots\" content=\"index, follow, max-snippet:-1, max-image-preview:large, max-video-preview:-1\" \/>\n<link rel=\"canonical\" href=\"https:\/\/agenciainfra.com\/blog\/em-avaliacao-interna-infraestrutura-aponta-melhoria-em-indicadores-e-risco-no-orcamento\/\" \/>\n<meta property=\"og:locale\" content=\"pt_BR\" \/>\n<meta property=\"og:type\" content=\"article\" \/>\n<meta property=\"og:title\" content=\"Em avalia\u00e7\u00e3o interna, Infraestrutura aponta melhoria em indicadores e risco no or\u00e7amento\" \/>\n<meta property=\"og:description\" content=\"Dimmi Amora, da\u00a0Ag\u00eancia iNFRA Avalia\u00e7\u00e3o interna realizada pelo Minist\u00e9rio da Infraestrutura apontou que os programas da pasta t\u00eam avan\u00e7o significativo no primeiro ano e meio de execu\u00e7\u00e3o da pasta, com melhoria\u00a0em indicadores escolhidos para monitorar o andamento das propostas e a qualidade da presta\u00e7\u00e3o de servi\u00e7o no setor. Mas o trabalho \u2013 apresentado nesta semana [&hellip;]\" \/>\n<meta property=\"og:url\" content=\"https:\/\/agenciainfra.com\/blog\/em-avaliacao-interna-infraestrutura-aponta-melhoria-em-indicadores-e-risco-no-orcamento\/\" \/>\n<meta property=\"og:site_name\" content=\"Ag\u00eancia iNFRA\" \/>\n<meta property=\"article:publisher\" content=\"https:\/\/www.facebook.com\/ageninfra\" \/>\n<meta property=\"article:published_time\" content=\"2020-07-20T11:00:25+00:00\" \/>\n<meta property=\"og:image\" content=\"https:\/\/agenciainfra.com\/blog\/wp-content\/uploads\/2020\/07\/marcelo-sampaio-foto-ricardo-botelho-minfra.jpg\" \/>\n\t<meta property=\"og:image:width\" content=\"1280\" \/>\n\t<meta property=\"og:image:height\" content=\"853\" \/>\n\t<meta property=\"og:image:type\" content=\"image\/jpeg\" \/>\n<meta name=\"author\" content=\"Rodrigo Zuquim\" \/>\n<meta name=\"twitter:card\" content=\"summary_large_image\" \/>\n<meta name=\"twitter:creator\" content=\"@agencia_infra\" \/>\n<meta name=\"twitter:site\" content=\"@agencia_infra\" \/>\n<meta name=\"twitter:label1\" content=\"Escrito por\" \/>\n\t<meta name=\"twitter:data1\" content=\"Rodrigo Zuquim\" \/>\n\t<meta name=\"twitter:label2\" content=\"Est. tempo de leitura\" \/>\n\t<meta name=\"twitter:data2\" content=\"4 minutos\" \/>\n<script type=\"application\/ld+json\" class=\"yoast-schema-graph\">{\"@context\":\"https:\/\/schema.org\",\"@graph\":[{\"@type\":\"Article\",\"@id\":\"https:\/\/agenciainfra.com\/blog\/em-avaliacao-interna-infraestrutura-aponta-melhoria-em-indicadores-e-risco-no-orcamento\/#article\",\"isPartOf\":{\"@id\":\"https:\/\/agenciainfra.com\/blog\/em-avaliacao-interna-infraestrutura-aponta-melhoria-em-indicadores-e-risco-no-orcamento\/\"},\"author\":{\"name\":\"Rodrigo Zuquim\",\"@id\":\"https:\/\/agenciainfra.com\/blog\/#\/schema\/person\/04dbb79bd6d8951f063da71f3e4c1eb1\"},\"headline\":\"Em avalia\u00e7\u00e3o interna, Infraestrutura aponta melhoria em indicadores e risco no or\u00e7amento\",\"datePublished\":\"2020-07-20T11:00:25+00:00\",\"mainEntityOfPage\":{\"@id\":\"https:\/\/agenciainfra.com\/blog\/em-avaliacao-interna-infraestrutura-aponta-melhoria-em-indicadores-e-risco-no-orcamento\/\"},\"wordCount\":915,\"publisher\":{\"@id\":\"https:\/\/agenciainfra.com\/blog\/#organization\"},\"image\":{\"@id\":\"https:\/\/agenciainfra.com\/blog\/em-avaliacao-interna-infraestrutura-aponta-melhoria-em-indicadores-e-risco-no-orcamento\/#primaryimage\"},\"thumbnailUrl\":\"https:\/\/agenciainfra.com\/blog\/wp-content\/uploads\/2020\/07\/marcelo-sampaio-foto-ricardo-botelho-minfra.jpg\",\"keywords\":[\"aeroportos\",\"concess\u00f5es\",\"DT-e\",\"Ferrovias\",\"FIOL\",\"Infraestrutura\",\"Marcelo Sampaio\",\"Minist\u00e9rio da Infraestrutura\",\"MP 925\",\"portos\",\"Pr\u00f3-Brasil\",\"rodovias\",\"Vale\"],\"articleSection\":[\"Geral\",\"iNFRATransporte\"],\"inLanguage\":\"pt-BR\",\"copyrightYear\":\"2020\",\"copyrightHolder\":{\"@id\":\"https:\/\/agenciainfra.com\/blog\/#organization\"}},{\"@type\":\"WebPage\",\"@id\":\"https:\/\/agenciainfra.com\/blog\/em-avaliacao-interna-infraestrutura-aponta-melhoria-em-indicadores-e-risco-no-orcamento\/\",\"url\":\"https:\/\/agenciainfra.com\/blog\/em-avaliacao-interna-infraestrutura-aponta-melhoria-em-indicadores-e-risco-no-orcamento\/\",\"name\":\"Em avalia\u00e7\u00e3o interna, Infraestrutura aponta melhoria em indicadores e risco no or\u00e7amento - Ag\u00eancia iNFRA\",\"isPartOf\":{\"@id\":\"https:\/\/agenciainfra.com\/blog\/#website\"},\"primaryImageOfPage\":{\"@id\":\"https:\/\/agenciainfra.com\/blog\/em-avaliacao-interna-infraestrutura-aponta-melhoria-em-indicadores-e-risco-no-orcamento\/#primaryimage\"},\"image\":{\"@id\":\"https:\/\/agenciainfra.com\/blog\/em-avaliacao-interna-infraestrutura-aponta-melhoria-em-indicadores-e-risco-no-orcamento\/#primaryimage\"},\"thumbnailUrl\":\"https:\/\/agenciainfra.com\/blog\/wp-content\/uploads\/2020\/07\/marcelo-sampaio-foto-ricardo-botelho-minfra.jpg\",\"datePublished\":\"2020-07-20T11:00:25+00:00\",\"breadcrumb\":{\"@id\":\"https:\/\/agenciainfra.com\/blog\/em-avaliacao-interna-infraestrutura-aponta-melhoria-em-indicadores-e-risco-no-orcamento\/#breadcrumb\"},\"inLanguage\":\"pt-BR\",\"potentialAction\":[{\"@type\":\"ReadAction\",\"target\":[\"https:\/\/agenciainfra.com\/blog\/em-avaliacao-interna-infraestrutura-aponta-melhoria-em-indicadores-e-risco-no-orcamento\/\"]}]},{\"@type\":\"ImageObject\",\"inLanguage\":\"pt-BR\",\"@id\":\"https:\/\/agenciainfra.com\/blog\/em-avaliacao-interna-infraestrutura-aponta-melhoria-em-indicadores-e-risco-no-orcamento\/#primaryimage\",\"url\":\"https:\/\/agenciainfra.com\/blog\/wp-content\/uploads\/2020\/07\/marcelo-sampaio-foto-ricardo-botelho-minfra.jpg\",\"contentUrl\":\"https:\/\/agenciainfra.com\/blog\/wp-content\/uploads\/2020\/07\/marcelo-sampaio-foto-ricardo-botelho-minfra.jpg\",\"width\":1280,\"height\":853},{\"@type\":\"BreadcrumbList\",\"@id\":\"https:\/\/agenciainfra.com\/blog\/em-avaliacao-interna-infraestrutura-aponta-melhoria-em-indicadores-e-risco-no-orcamento\/#breadcrumb\",\"itemListElement\":[{\"@type\":\"ListItem\",\"position\":1,\"name\":\"In\u00edcio\",\"item\":\"https:\/\/agenciainfra.com\/blog\/\"},{\"@type\":\"ListItem\",\"position\":2,\"name\":\"Em avalia\u00e7\u00e3o interna, Infraestrutura aponta melhoria em indicadores e risco no or\u00e7amento\"}]},{\"@type\":\"WebSite\",\"@id\":\"https:\/\/agenciainfra.com\/blog\/#website\",\"url\":\"https:\/\/agenciainfra.com\/blog\/\",\"name\":\"Ag\u00eancia iNFRA\",\"description\":\"Multiplataforma de informa\u00e7\u00e3o jornal\u00edstica refer\u00eancia na \u00e1rea de infraestrutura no Brasil!\",\"publisher\":{\"@id\":\"https:\/\/agenciainfra.com\/blog\/#organization\"},\"potentialAction\":[{\"@type\":\"SearchAction\",\"target\":{\"@type\":\"EntryPoint\",\"urlTemplate\":\"https:\/\/agenciainfra.com\/blog\/?s={search_term_string}\"},\"query-input\":{\"@type\":\"PropertyValueSpecification\",\"valueRequired\":true,\"valueName\":\"search_term_string\"}}],\"inLanguage\":\"pt-BR\"},{\"@type\":\"Organization\",\"@id\":\"https:\/\/agenciainfra.com\/blog\/#organization\",\"name\":\"Ag\u00eancia iNFRA\",\"url\":\"https:\/\/agenciainfra.com\/blog\/\",\"logo\":{\"@type\":\"ImageObject\",\"inLanguage\":\"pt-BR\",\"@id\":\"https:\/\/agenciainfra.com\/blog\/#\/schema\/logo\/image\/\",\"url\":\"https:\/\/agenciainfra.com\/blog\/wp-content\/uploads\/2023\/09\/iNFRA_5-e1761735885940.png\",\"contentUrl\":\"https:\/\/agenciainfra.com\/blog\/wp-content\/uploads\/2023\/09\/iNFRA_5-e1761735885940.png\",\"width\":1672,\"height\":454,\"caption\":\"Ag\u00eancia iNFRA\"},\"image\":{\"@id\":\"https:\/\/agenciainfra.com\/blog\/#\/schema\/logo\/image\/\"},\"sameAs\":[\"https:\/\/www.facebook.com\/ageninfra\",\"https:\/\/x.com\/agencia_infra\",\"https:\/\/www.linkedin.com\/company\/ag\u00eanciainfra\/\",\"https:\/\/www.instagram.com\/agenciainfra\/\"]},{\"@type\":\"Person\",\"@id\":\"https:\/\/agenciainfra.com\/blog\/#\/schema\/person\/04dbb79bd6d8951f063da71f3e4c1eb1\",\"name\":\"Rodrigo Zuquim\",\"image\":{\"@type\":\"ImageObject\",\"inLanguage\":\"pt-BR\",\"@id\":\"https:\/\/agenciainfra.com\/blog\/#\/schema\/person\/image\/\",\"url\":\"https:\/\/secure.gravatar.com\/avatar\/594abfe82761d620726242ff34ca472a705a4b97f16c790053a6b4c4035274d0?s=96&d=mm&r=g\",\"contentUrl\":\"https:\/\/secure.gravatar.com\/avatar\/594abfe82761d620726242ff34ca472a705a4b97f16c790053a6b4c4035274d0?s=96&d=mm&r=g\",\"caption\":\"Rodrigo Zuquim\"},\"url\":\"https:\/\/agenciainfra.com\/blog\/author\/rodrigo-zuquim\/\"}]}<\/script>\n<!-- \/ Yoast SEO Premium plugin. -->","yoast_head_json":{"title":"Em avalia\u00e7\u00e3o interna, Infraestrutura aponta melhoria em indicadores e risco no or\u00e7amento - Ag\u00eancia iNFRA","robots":{"index":"index","follow":"follow","max-snippet":"max-snippet:-1","max-image-preview":"max-image-preview:large","max-video-preview":"max-video-preview:-1"},"canonical":"https:\/\/agenciainfra.com\/blog\/em-avaliacao-interna-infraestrutura-aponta-melhoria-em-indicadores-e-risco-no-orcamento\/","og_locale":"pt_BR","og_type":"article","og_title":"Em avalia\u00e7\u00e3o interna, Infraestrutura aponta melhoria em indicadores e risco no or\u00e7amento","og_description":"Dimmi Amora, da\u00a0Ag\u00eancia iNFRA Avalia\u00e7\u00e3o interna realizada pelo Minist\u00e9rio da Infraestrutura apontou que os programas da pasta t\u00eam avan\u00e7o significativo no primeiro ano e meio de execu\u00e7\u00e3o da pasta, com melhoria\u00a0em indicadores escolhidos para monitorar o andamento das propostas e a qualidade da presta\u00e7\u00e3o de servi\u00e7o no setor. Mas o trabalho \u2013 apresentado nesta semana [&hellip;]","og_url":"https:\/\/agenciainfra.com\/blog\/em-avaliacao-interna-infraestrutura-aponta-melhoria-em-indicadores-e-risco-no-orcamento\/","og_site_name":"Ag\u00eancia iNFRA","article_publisher":"https:\/\/www.facebook.com\/ageninfra","article_published_time":"2020-07-20T11:00:25+00:00","og_image":[{"width":1280,"height":853,"url":"https:\/\/agenciainfra.com\/blog\/wp-content\/uploads\/2020\/07\/marcelo-sampaio-foto-ricardo-botelho-minfra.jpg","type":"image\/jpeg"}],"author":"Rodrigo Zuquim","twitter_card":"summary_large_image","twitter_creator":"@agencia_infra","twitter_site":"@agencia_infra","twitter_misc":{"Escrito por":"Rodrigo Zuquim","Est. tempo de leitura":"4 minutos"},"schema":{"@context":"https:\/\/schema.org","@graph":[{"@type":"Article","@id":"https:\/\/agenciainfra.com\/blog\/em-avaliacao-interna-infraestrutura-aponta-melhoria-em-indicadores-e-risco-no-orcamento\/#article","isPartOf":{"@id":"https:\/\/agenciainfra.com\/blog\/em-avaliacao-interna-infraestrutura-aponta-melhoria-em-indicadores-e-risco-no-orcamento\/"},"author":{"name":"Rodrigo Zuquim","@id":"https:\/\/agenciainfra.com\/blog\/#\/schema\/person\/04dbb79bd6d8951f063da71f3e4c1eb1"},"headline":"Em avalia\u00e7\u00e3o interna, Infraestrutura aponta melhoria em indicadores e risco no or\u00e7amento","datePublished":"2020-07-20T11:00:25+00:00","mainEntityOfPage":{"@id":"https:\/\/agenciainfra.com\/blog\/em-avaliacao-interna-infraestrutura-aponta-melhoria-em-indicadores-e-risco-no-orcamento\/"},"wordCount":915,"publisher":{"@id":"https:\/\/agenciainfra.com\/blog\/#organization"},"image":{"@id":"https:\/\/agenciainfra.com\/blog\/em-avaliacao-interna-infraestrutura-aponta-melhoria-em-indicadores-e-risco-no-orcamento\/#primaryimage"},"thumbnailUrl":"https:\/\/agenciainfra.com\/blog\/wp-content\/uploads\/2020\/07\/marcelo-sampaio-foto-ricardo-botelho-minfra.jpg","keywords":["aeroportos","concess\u00f5es","DT-e","Ferrovias","FIOL","Infraestrutura","Marcelo Sampaio","Minist\u00e9rio da Infraestrutura","MP 925","portos","Pr\u00f3-Brasil","rodovias","Vale"],"articleSection":["Geral","iNFRATransporte"],"inLanguage":"pt-BR","copyrightYear":"2020","copyrightHolder":{"@id":"https:\/\/agenciainfra.com\/blog\/#organization"}},{"@type":"WebPage","@id":"https:\/\/agenciainfra.com\/blog\/em-avaliacao-interna-infraestrutura-aponta-melhoria-em-indicadores-e-risco-no-orcamento\/","url":"https:\/\/agenciainfra.com\/blog\/em-avaliacao-interna-infraestrutura-aponta-melhoria-em-indicadores-e-risco-no-orcamento\/","name":"Em avalia\u00e7\u00e3o interna, Infraestrutura aponta melhoria em indicadores e risco no or\u00e7amento - Ag\u00eancia iNFRA","isPartOf":{"@id":"https:\/\/agenciainfra.com\/blog\/#website"},"primaryImageOfPage":{"@id":"https:\/\/agenciainfra.com\/blog\/em-avaliacao-interna-infraestrutura-aponta-melhoria-em-indicadores-e-risco-no-orcamento\/#primaryimage"},"image":{"@id":"https:\/\/agenciainfra.com\/blog\/em-avaliacao-interna-infraestrutura-aponta-melhoria-em-indicadores-e-risco-no-orcamento\/#primaryimage"},"thumbnailUrl":"https:\/\/agenciainfra.com\/blog\/wp-content\/uploads\/2020\/07\/marcelo-sampaio-foto-ricardo-botelho-minfra.jpg","datePublished":"2020-07-20T11:00:25+00:00","breadcrumb":{"@id":"https:\/\/agenciainfra.com\/blog\/em-avaliacao-interna-infraestrutura-aponta-melhoria-em-indicadores-e-risco-no-orcamento\/#breadcrumb"},"inLanguage":"pt-BR","potentialAction":[{"@type":"ReadAction","target":["https:\/\/agenciainfra.com\/blog\/em-avaliacao-interna-infraestrutura-aponta-melhoria-em-indicadores-e-risco-no-orcamento\/"]}]},{"@type":"ImageObject","inLanguage":"pt-BR","@id":"https:\/\/agenciainfra.com\/blog\/em-avaliacao-interna-infraestrutura-aponta-melhoria-em-indicadores-e-risco-no-orcamento\/#primaryimage","url":"https:\/\/agenciainfra.com\/blog\/wp-content\/uploads\/2020\/07\/marcelo-sampaio-foto-ricardo-botelho-minfra.jpg","contentUrl":"https:\/\/agenciainfra.com\/blog\/wp-content\/uploads\/2020\/07\/marcelo-sampaio-foto-ricardo-botelho-minfra.jpg","width":1280,"height":853},{"@type":"BreadcrumbList","@id":"https:\/\/agenciainfra.com\/blog\/em-avaliacao-interna-infraestrutura-aponta-melhoria-em-indicadores-e-risco-no-orcamento\/#breadcrumb","itemListElement":[{"@type":"ListItem","position":1,"name":"In\u00edcio","item":"https:\/\/agenciainfra.com\/blog\/"},{"@type":"ListItem","position":2,"name":"Em avalia\u00e7\u00e3o interna, Infraestrutura aponta melhoria em indicadores e risco no or\u00e7amento"}]},{"@type":"WebSite","@id":"https:\/\/agenciainfra.com\/blog\/#website","url":"https:\/\/agenciainfra.com\/blog\/","name":"Ag\u00eancia iNFRA","description":"Multiplataforma de informa\u00e7\u00e3o jornal\u00edstica refer\u00eancia na \u00e1rea de infraestrutura no Brasil!","publisher":{"@id":"https:\/\/agenciainfra.com\/blog\/#organization"},"potentialAction":[{"@type":"SearchAction","target":{"@type":"EntryPoint","urlTemplate":"https:\/\/agenciainfra.com\/blog\/?s={search_term_string}"},"query-input":{"@type":"PropertyValueSpecification","valueRequired":true,"valueName":"search_term_string"}}],"inLanguage":"pt-BR"},{"@type":"Organization","@id":"https:\/\/agenciainfra.com\/blog\/#organization","name":"Ag\u00eancia iNFRA","url":"https:\/\/agenciainfra.com\/blog\/","logo":{"@type":"ImageObject","inLanguage":"pt-BR","@id":"https:\/\/agenciainfra.com\/blog\/#\/schema\/logo\/image\/","url":"https:\/\/agenciainfra.com\/blog\/wp-content\/uploads\/2023\/09\/iNFRA_5-e1761735885940.png","contentUrl":"https:\/\/agenciainfra.com\/blog\/wp-content\/uploads\/2023\/09\/iNFRA_5-e1761735885940.png","width":1672,"height":454,"caption":"Ag\u00eancia iNFRA"},"image":{"@id":"https:\/\/agenciainfra.com\/blog\/#\/schema\/logo\/image\/"},"sameAs":["https:\/\/www.facebook.com\/ageninfra","https:\/\/x.com\/agencia_infra","https:\/\/www.linkedin.com\/company\/ag\u00eanciainfra\/","https:\/\/www.instagram.com\/agenciainfra\/"]},{"@type":"Person","@id":"https:\/\/agenciainfra.com\/blog\/#\/schema\/person\/04dbb79bd6d8951f063da71f3e4c1eb1","name":"Rodrigo Zuquim","image":{"@type":"ImageObject","inLanguage":"pt-BR","@id":"https:\/\/agenciainfra.com\/blog\/#\/schema\/person\/image\/","url":"https:\/\/secure.gravatar.com\/avatar\/594abfe82761d620726242ff34ca472a705a4b97f16c790053a6b4c4035274d0?s=96&d=mm&r=g","contentUrl":"https:\/\/secure.gravatar.com\/avatar\/594abfe82761d620726242ff34ca472a705a4b97f16c790053a6b4c4035274d0?s=96&d=mm&r=g","caption":"Rodrigo Zuquim"},"url":"https:\/\/agenciainfra.com\/blog\/author\/rodrigo-zuquim\/"}]}},"_links":{"self":[{"href":"https:\/\/agenciainfra.com\/blog\/wp-json\/wp\/v2\/posts\/5453","targetHints":{"allow":["GET"]}}],"collection":[{"href":"https:\/\/agenciainfra.com\/blog\/wp-json\/wp\/v2\/posts"}],"about":[{"href":"https:\/\/agenciainfra.com\/blog\/wp-json\/wp\/v2\/types\/post"}],"author":[{"embeddable":true,"href":"https:\/\/agenciainfra.com\/blog\/wp-json\/wp\/v2\/users\/9"}],"replies":[{"embeddable":true,"href":"https:\/\/agenciainfra.com\/blog\/wp-json\/wp\/v2\/comments?post=5453"}],"version-history":[{"count":0,"href":"https:\/\/agenciainfra.com\/blog\/wp-json\/wp\/v2\/posts\/5453\/revisions"}],"wp:featuredmedia":[{"embeddable":true,"href":"https:\/\/agenciainfra.com\/blog\/wp-json\/wp\/v2\/media\/5455"}],"wp:attachment":[{"href":"https:\/\/agenciainfra.com\/blog\/wp-json\/wp\/v2\/media?parent=5453"}],"wp:term":[{"taxonomy":"category","embeddable":true,"href":"https:\/\/agenciainfra.com\/blog\/wp-json\/wp\/v2\/categories?post=5453"},{"taxonomy":"post_tag","embeddable":true,"href":"https:\/\/agenciainfra.com\/blog\/wp-json\/wp\/v2\/tags?post=5453"}],"curies":[{"name":"wp","href":"https:\/\/api.w.org\/{rel}","templated":true}]}}