{"id":5480,"date":"2020-07-22T08:03:24","date_gmt":"2020-07-22T11:03:24","guid":{"rendered":"https:\/\/www.agenciainfra.com\/blog\/?p=5480"},"modified":"2020-07-22T08:03:29","modified_gmt":"2020-07-22T11:03:29","slug":"antt-reduz-pedagios-em-rodovias-de-minas-gerais-sao-paulo-parana-e-santa-catarina","status":"publish","type":"post","link":"https:\/\/agenciainfra.com\/blog\/antt-reduz-pedagios-em-rodovias-de-minas-gerais-sao-paulo-parana-e-santa-catarina\/","title":{"rendered":"ANTT reduz ped\u00e1gios em rodovias de Minas Gerais, S\u00e3o Paulo, Paran\u00e1 e Santa Catarina"},"content":{"rendered":"\n<p class=\"has-text-align-right\"><strong>da Ag\u00eancia iNFRA<\/strong><\/p>\n\n\n\n<p>A ANTT (Ag\u00eancia Nacional de Transportes Terrestres) determinou a redu\u00e7\u00e3o de ped\u00e1gios em duas rodovias. S\u00e3o elas a Fern\u00e3o Dias (BR-381), que liga S\u00e3o Paulo a Minas Gerais, e a BR-116, entre Paran\u00e1 e Santa Catarina.\u00a0<br>As redu\u00e7\u00f5es foram anunciadas em delibera\u00e7\u00f5es publicadas no Di\u00e1rio Oficial da Uni\u00e3o de hoje (22), dispon\u00edveis <a rel=\"noreferrer noopener\" href=\"http:\/\/pesquisa.in.gov.br\/imprensa\/jsp\/visualiza\/index.jsp?data=22\/07\/2020&amp;jornal=515&amp;pagina=32&amp;totalArquivos=72\" target=\"_blank\">neste link<\/a>.<\/p>\n\n\n\n<p>Na Delibera\u00e7\u00e3o 334, a ag\u00eancia aprova a 12\u00aa Revis\u00e3o Ordin\u00e1ria e revisa a Tarifa B\u00e1sica de Ped\u00e1gio da categoria de ve\u00edculo 1 de R$ 2,40 para R$ 2,30 em todas as oito pra\u00e7as de ped\u00e1gio da concess\u00e3o da Auto Pista Fern\u00e3o Dias, controlada pelo grupo Arteris.<\/p>\n\n\n\n<p>A delibera\u00e7\u00e3o entrar\u00e1 em vigor a partir de zero hora do dia 25 de julho de 2020, de acordo com a publica\u00e7\u00e3o.<\/p>\n\n\n\n<p>J\u00e1 a Delibera\u00e7\u00e3o 335\u00a0aprovou a 11\u00aa e a 12\u00aa\u00a0 Revis\u00e3o Ordin\u00e1ria e a 11\u00aa Revis\u00e3o Extraordin\u00e1ria do contrato com a Auto Pista\u00a0Planalto Sul, tamb\u00e9m do grupo Arteris.<\/p>\n\n\n\n<p>As redu\u00e7\u00f5es dos valores de ped\u00e1gio das rodovias federais est\u00e3o ocorrendo devido \u00e0 baixa infla\u00e7\u00e3o do per\u00edodo e a aplica\u00e7\u00e3o de fatores de redu\u00e7\u00e3o do contrato pela n\u00e3o execu\u00e7\u00e3o de obras previstas. Com isso, a Tarifa B\u00e1sica de Ped\u00e1gio reajustada ap\u00f3s arredondamento, para a categoria de ve\u00edculo 1, passar\u00e1 de R$ 6,50 para R$ 6,20 nas quatro pra\u00e7as. No caso da Planalto Sul,\u00a0a nova tarifa entrar\u00e1 em vigor a partir de zero hora do dia 24 de julho de 2020.<\/p>\n","protected":false},"excerpt":{"rendered":"<p>da Ag\u00eancia iNFRA A ANTT (Ag\u00eancia Nacional de Transportes Terrestres) determinou a redu\u00e7\u00e3o de ped\u00e1gios em duas rodovias. S\u00e3o elas a Fern\u00e3o Dias (BR-381), que liga S\u00e3o Paulo a Minas Gerais, e a BR-116, entre Paran\u00e1 e Santa Catarina.\u00a0As redu\u00e7\u00f5es foram anunciadas em delibera\u00e7\u00f5es publicadas no Di\u00e1rio Oficial da Uni\u00e3o de hoje (22), dispon\u00edveis neste [&hellip;]<\/p>\n","protected":false},"author":9,"featured_media":5481,"comment_status":"closed","ping_status":"closed","sticky":false,"template":"","format":"standard","meta":{"_monsterinsights_skip_tracking":false,"_monsterinsights_sitenote_active":false,"_monsterinsights_sitenote_note":"","_monsterinsights_sitenote_category":0,"footnotes":""},"categories":[1,2052],"tags":[19,2031,2343,2342,1575,1136,2341,20],"class_list":["post-5480","post","type-post","status-publish","format-standard","has-post-thumbnail","hentry","category-geral","category-infra-transicao","tag-antt","tag-arteris","tag-auto-pista-fernao-dias","tag-auto-pista-planalto-sul","tag-br-116","tag-br-381","tag-fernao-dias","tag-pedagio"],"yoast_head":"<!-- This site is optimized with the Yoast SEO Premium plugin v25.4 (Yoast SEO v26.0) - https:\/\/yoast.com\/wordpress\/plugins\/seo\/ -->\n<title>ANTT reduz ped\u00e1gios em rodovias de Minas Gerais, S\u00e3o Paulo, Paran\u00e1 e Santa Catarina - Ag\u00eancia iNFRA<\/title>\n<meta name=\"robots\" content=\"index, follow, max-snippet:-1, max-image-preview:large, max-video-preview:-1\" \/>\n<link rel=\"canonical\" href=\"https:\/\/agenciainfra.com\/blog\/antt-reduz-pedagios-em-rodovias-de-minas-gerais-sao-paulo-parana-e-santa-catarina\/\" \/>\n<meta property=\"og:locale\" content=\"pt_BR\" \/>\n<meta property=\"og:type\" content=\"article\" \/>\n<meta property=\"og:title\" content=\"ANTT reduz ped\u00e1gios em rodovias de Minas Gerais, S\u00e3o Paulo, Paran\u00e1 e Santa Catarina\" \/>\n<meta property=\"og:description\" content=\"da Ag\u00eancia iNFRA A ANTT (Ag\u00eancia Nacional de Transportes Terrestres) determinou a redu\u00e7\u00e3o de ped\u00e1gios em duas rodovias. S\u00e3o elas a Fern\u00e3o Dias (BR-381), que liga S\u00e3o Paulo a Minas Gerais, e a BR-116, entre Paran\u00e1 e Santa Catarina.\u00a0As redu\u00e7\u00f5es foram anunciadas em delibera\u00e7\u00f5es publicadas no Di\u00e1rio Oficial da Uni\u00e3o de hoje (22), dispon\u00edveis neste [&hellip;]\" \/>\n<meta property=\"og:url\" content=\"https:\/\/agenciainfra.com\/blog\/antt-reduz-pedagios-em-rodovias-de-minas-gerais-sao-paulo-parana-e-santa-catarina\/\" \/>\n<meta property=\"og:site_name\" content=\"Ag\u00eancia iNFRA\" \/>\n<meta property=\"article:publisher\" content=\"https:\/\/www.facebook.com\/ageninfra\" \/>\n<meta property=\"article:published_time\" content=\"2020-07-22T11:03:24+00:00\" \/>\n<meta property=\"article:modified_time\" content=\"2020-07-22T11:03:29+00:00\" \/>\n<meta property=\"og:image\" content=\"https:\/\/agenciainfra.com\/blog\/wp-content\/uploads\/2020\/07\/br381-fernao-dias-foto-divulgacao-arteris.jpg\" \/>\n\t<meta property=\"og:image:width\" content=\"1280\" \/>\n\t<meta property=\"og:image:height\" content=\"854\" \/>\n\t<meta property=\"og:image:type\" content=\"image\/jpeg\" \/>\n<meta name=\"author\" content=\"Rodrigo Zuquim\" \/>\n<meta name=\"twitter:card\" content=\"summary_large_image\" \/>\n<meta name=\"twitter:creator\" content=\"@agencia_infra\" \/>\n<meta name=\"twitter:site\" content=\"@agencia_infra\" \/>\n<meta name=\"twitter:label1\" content=\"Escrito por\" \/>\n\t<meta name=\"twitter:data1\" content=\"Rodrigo Zuquim\" \/>\n\t<meta name=\"twitter:label2\" content=\"Est. tempo de leitura\" \/>\n\t<meta name=\"twitter:data2\" content=\"1 minuto\" \/>\n<script type=\"application\/ld+json\" class=\"yoast-schema-graph\">{\"@context\":\"https:\/\/schema.org\",\"@graph\":[{\"@type\":\"Article\",\"@id\":\"https:\/\/agenciainfra.com\/blog\/antt-reduz-pedagios-em-rodovias-de-minas-gerais-sao-paulo-parana-e-santa-catarina\/#article\",\"isPartOf\":{\"@id\":\"https:\/\/agenciainfra.com\/blog\/antt-reduz-pedagios-em-rodovias-de-minas-gerais-sao-paulo-parana-e-santa-catarina\/\"},\"author\":{\"name\":\"Rodrigo Zuquim\",\"@id\":\"https:\/\/agenciainfra.com\/blog\/#\/schema\/person\/04dbb79bd6d8951f063da71f3e4c1eb1\"},\"headline\":\"ANTT reduz ped\u00e1gios em rodovias de Minas Gerais, S\u00e3o Paulo, Paran\u00e1 e Santa Catarina\",\"datePublished\":\"2020-07-22T11:03:24+00:00\",\"dateModified\":\"2020-07-22T11:03:29+00:00\",\"mainEntityOfPage\":{\"@id\":\"https:\/\/agenciainfra.com\/blog\/antt-reduz-pedagios-em-rodovias-de-minas-gerais-sao-paulo-parana-e-santa-catarina\/\"},\"wordCount\":278,\"publisher\":{\"@id\":\"https:\/\/agenciainfra.com\/blog\/#organization\"},\"image\":{\"@id\":\"https:\/\/agenciainfra.com\/blog\/antt-reduz-pedagios-em-rodovias-de-minas-gerais-sao-paulo-parana-e-santa-catarina\/#primaryimage\"},\"thumbnailUrl\":\"https:\/\/agenciainfra.com\/blog\/wp-content\/uploads\/2020\/07\/br381-fernao-dias-foto-divulgacao-arteris.jpg\",\"keywords\":[\"ANTT\",\"Arteris\",\"Auto Pista Fern\u00e3o Dias\",\"Auto Pista Planalto Sul\",\"BR-116\",\"BR-381\",\"Fern\u00e3o Dias\",\"Ped\u00e1gio\"],\"articleSection\":[\"Geral\",\"iNFRA Na Transi\u00e7\u00e3o\"],\"inLanguage\":\"pt-BR\",\"copyrightYear\":\"2020\",\"copyrightHolder\":{\"@id\":\"https:\/\/agenciainfra.com\/blog\/#organization\"}},{\"@type\":\"WebPage\",\"@id\":\"https:\/\/agenciainfra.com\/blog\/antt-reduz-pedagios-em-rodovias-de-minas-gerais-sao-paulo-parana-e-santa-catarina\/\",\"url\":\"https:\/\/agenciainfra.com\/blog\/antt-reduz-pedagios-em-rodovias-de-minas-gerais-sao-paulo-parana-e-santa-catarina\/\",\"name\":\"ANTT reduz ped\u00e1gios em rodovias de Minas Gerais, S\u00e3o Paulo, Paran\u00e1 e Santa Catarina - Ag\u00eancia iNFRA\",\"isPartOf\":{\"@id\":\"https:\/\/agenciainfra.com\/blog\/#website\"},\"primaryImageOfPage\":{\"@id\":\"https:\/\/agenciainfra.com\/blog\/antt-reduz-pedagios-em-rodovias-de-minas-gerais-sao-paulo-parana-e-santa-catarina\/#primaryimage\"},\"image\":{\"@id\":\"https:\/\/agenciainfra.com\/blog\/antt-reduz-pedagios-em-rodovias-de-minas-gerais-sao-paulo-parana-e-santa-catarina\/#primaryimage\"},\"thumbnailUrl\":\"https:\/\/agenciainfra.com\/blog\/wp-content\/uploads\/2020\/07\/br381-fernao-dias-foto-divulgacao-arteris.jpg\",\"datePublished\":\"2020-07-22T11:03:24+00:00\",\"dateModified\":\"2020-07-22T11:03:29+00:00\",\"breadcrumb\":{\"@id\":\"https:\/\/agenciainfra.com\/blog\/antt-reduz-pedagios-em-rodovias-de-minas-gerais-sao-paulo-parana-e-santa-catarina\/#breadcrumb\"},\"inLanguage\":\"pt-BR\",\"potentialAction\":[{\"@type\":\"ReadAction\",\"target\":[\"https:\/\/agenciainfra.com\/blog\/antt-reduz-pedagios-em-rodovias-de-minas-gerais-sao-paulo-parana-e-santa-catarina\/\"]}]},{\"@type\":\"ImageObject\",\"inLanguage\":\"pt-BR\",\"@id\":\"https:\/\/agenciainfra.com\/blog\/antt-reduz-pedagios-em-rodovias-de-minas-gerais-sao-paulo-parana-e-santa-catarina\/#primaryimage\",\"url\":\"https:\/\/agenciainfra.com\/blog\/wp-content\/uploads\/2020\/07\/br381-fernao-dias-foto-divulgacao-arteris.jpg\",\"contentUrl\":\"https:\/\/agenciainfra.com\/blog\/wp-content\/uploads\/2020\/07\/br381-fernao-dias-foto-divulgacao-arteris.jpg\",\"width\":1280,\"height\":854,\"caption\":\"Foto: Divulga\u00e7\u00e3o\/Arteris\"},{\"@type\":\"BreadcrumbList\",\"@id\":\"https:\/\/agenciainfra.com\/blog\/antt-reduz-pedagios-em-rodovias-de-minas-gerais-sao-paulo-parana-e-santa-catarina\/#breadcrumb\",\"itemListElement\":[{\"@type\":\"ListItem\",\"position\":1,\"name\":\"In\u00edcio\",\"item\":\"https:\/\/agenciainfra.com\/blog\/\"},{\"@type\":\"ListItem\",\"position\":2,\"name\":\"ANTT reduz ped\u00e1gios em rodovias de Minas Gerais, S\u00e3o Paulo, Paran\u00e1 e Santa Catarina\"}]},{\"@type\":\"WebSite\",\"@id\":\"https:\/\/agenciainfra.com\/blog\/#website\",\"url\":\"https:\/\/agenciainfra.com\/blog\/\",\"name\":\"Ag\u00eancia iNFRA\",\"description\":\"Multiplataforma de informa\u00e7\u00e3o jornal\u00edstica refer\u00eancia na \u00e1rea de infraestrutura no Brasil!\",\"publisher\":{\"@id\":\"https:\/\/agenciainfra.com\/blog\/#organization\"},\"potentialAction\":[{\"@type\":\"SearchAction\",\"target\":{\"@type\":\"EntryPoint\",\"urlTemplate\":\"https:\/\/agenciainfra.com\/blog\/?s={search_term_string}\"},\"query-input\":{\"@type\":\"PropertyValueSpecification\",\"valueRequired\":true,\"valueName\":\"search_term_string\"}}],\"inLanguage\":\"pt-BR\"},{\"@type\":\"Organization\",\"@id\":\"https:\/\/agenciainfra.com\/blog\/#organization\",\"name\":\"Ag\u00eancia iNFRA\",\"url\":\"https:\/\/agenciainfra.com\/blog\/\",\"logo\":{\"@type\":\"ImageObject\",\"inLanguage\":\"pt-BR\",\"@id\":\"https:\/\/agenciainfra.com\/blog\/#\/schema\/logo\/image\/\",\"url\":\"https:\/\/agenciainfra.com\/blog\/wp-content\/uploads\/2023\/09\/iNFRA_5-e1761735885940.png\",\"contentUrl\":\"https:\/\/agenciainfra.com\/blog\/wp-content\/uploads\/2023\/09\/iNFRA_5-e1761735885940.png\",\"width\":1672,\"height\":454,\"caption\":\"Ag\u00eancia iNFRA\"},\"image\":{\"@id\":\"https:\/\/agenciainfra.com\/blog\/#\/schema\/logo\/image\/\"},\"sameAs\":[\"https:\/\/www.facebook.com\/ageninfra\",\"https:\/\/x.com\/agencia_infra\",\"https:\/\/www.linkedin.com\/company\/ag\u00eanciainfra\/\",\"https:\/\/www.instagram.com\/agenciainfra\/\"]},{\"@type\":\"Person\",\"@id\":\"https:\/\/agenciainfra.com\/blog\/#\/schema\/person\/04dbb79bd6d8951f063da71f3e4c1eb1\",\"name\":\"Rodrigo Zuquim\",\"image\":{\"@type\":\"ImageObject\",\"inLanguage\":\"pt-BR\",\"@id\":\"https:\/\/agenciainfra.com\/blog\/#\/schema\/person\/image\/\",\"url\":\"https:\/\/secure.gravatar.com\/avatar\/594abfe82761d620726242ff34ca472a705a4b97f16c790053a6b4c4035274d0?s=96&d=mm&r=g\",\"contentUrl\":\"https:\/\/secure.gravatar.com\/avatar\/594abfe82761d620726242ff34ca472a705a4b97f16c790053a6b4c4035274d0?s=96&d=mm&r=g\",\"caption\":\"Rodrigo Zuquim\"},\"url\":\"https:\/\/agenciainfra.com\/blog\/author\/rodrigo-zuquim\/\"}]}<\/script>\n<!-- \/ Yoast SEO Premium plugin. -->","yoast_head_json":{"title":"ANTT reduz ped\u00e1gios em rodovias de Minas Gerais, S\u00e3o Paulo, Paran\u00e1 e Santa Catarina - Ag\u00eancia iNFRA","robots":{"index":"index","follow":"follow","max-snippet":"max-snippet:-1","max-image-preview":"max-image-preview:large","max-video-preview":"max-video-preview:-1"},"canonical":"https:\/\/agenciainfra.com\/blog\/antt-reduz-pedagios-em-rodovias-de-minas-gerais-sao-paulo-parana-e-santa-catarina\/","og_locale":"pt_BR","og_type":"article","og_title":"ANTT reduz ped\u00e1gios em rodovias de Minas Gerais, S\u00e3o Paulo, Paran\u00e1 e Santa Catarina","og_description":"da Ag\u00eancia iNFRA A ANTT (Ag\u00eancia Nacional de Transportes Terrestres) determinou a redu\u00e7\u00e3o de ped\u00e1gios em duas rodovias. S\u00e3o elas a Fern\u00e3o Dias (BR-381), que liga S\u00e3o Paulo a Minas Gerais, e a BR-116, entre Paran\u00e1 e Santa Catarina.\u00a0As redu\u00e7\u00f5es foram anunciadas em delibera\u00e7\u00f5es publicadas no Di\u00e1rio Oficial da Uni\u00e3o de hoje (22), dispon\u00edveis neste [&hellip;]","og_url":"https:\/\/agenciainfra.com\/blog\/antt-reduz-pedagios-em-rodovias-de-minas-gerais-sao-paulo-parana-e-santa-catarina\/","og_site_name":"Ag\u00eancia iNFRA","article_publisher":"https:\/\/www.facebook.com\/ageninfra","article_published_time":"2020-07-22T11:03:24+00:00","article_modified_time":"2020-07-22T11:03:29+00:00","og_image":[{"width":1280,"height":854,"url":"https:\/\/agenciainfra.com\/blog\/wp-content\/uploads\/2020\/07\/br381-fernao-dias-foto-divulgacao-arteris.jpg","type":"image\/jpeg"}],"author":"Rodrigo Zuquim","twitter_card":"summary_large_image","twitter_creator":"@agencia_infra","twitter_site":"@agencia_infra","twitter_misc":{"Escrito por":"Rodrigo Zuquim","Est. tempo de leitura":"1 minuto"},"schema":{"@context":"https:\/\/schema.org","@graph":[{"@type":"Article","@id":"https:\/\/agenciainfra.com\/blog\/antt-reduz-pedagios-em-rodovias-de-minas-gerais-sao-paulo-parana-e-santa-catarina\/#article","isPartOf":{"@id":"https:\/\/agenciainfra.com\/blog\/antt-reduz-pedagios-em-rodovias-de-minas-gerais-sao-paulo-parana-e-santa-catarina\/"},"author":{"name":"Rodrigo Zuquim","@id":"https:\/\/agenciainfra.com\/blog\/#\/schema\/person\/04dbb79bd6d8951f063da71f3e4c1eb1"},"headline":"ANTT reduz ped\u00e1gios em rodovias de Minas Gerais, S\u00e3o Paulo, Paran\u00e1 e Santa Catarina","datePublished":"2020-07-22T11:03:24+00:00","dateModified":"2020-07-22T11:03:29+00:00","mainEntityOfPage":{"@id":"https:\/\/agenciainfra.com\/blog\/antt-reduz-pedagios-em-rodovias-de-minas-gerais-sao-paulo-parana-e-santa-catarina\/"},"wordCount":278,"publisher":{"@id":"https:\/\/agenciainfra.com\/blog\/#organization"},"image":{"@id":"https:\/\/agenciainfra.com\/blog\/antt-reduz-pedagios-em-rodovias-de-minas-gerais-sao-paulo-parana-e-santa-catarina\/#primaryimage"},"thumbnailUrl":"https:\/\/agenciainfra.com\/blog\/wp-content\/uploads\/2020\/07\/br381-fernao-dias-foto-divulgacao-arteris.jpg","keywords":["ANTT","Arteris","Auto Pista Fern\u00e3o Dias","Auto Pista Planalto Sul","BR-116","BR-381","Fern\u00e3o Dias","Ped\u00e1gio"],"articleSection":["Geral","iNFRA Na Transi\u00e7\u00e3o"],"inLanguage":"pt-BR","copyrightYear":"2020","copyrightHolder":{"@id":"https:\/\/agenciainfra.com\/blog\/#organization"}},{"@type":"WebPage","@id":"https:\/\/agenciainfra.com\/blog\/antt-reduz-pedagios-em-rodovias-de-minas-gerais-sao-paulo-parana-e-santa-catarina\/","url":"https:\/\/agenciainfra.com\/blog\/antt-reduz-pedagios-em-rodovias-de-minas-gerais-sao-paulo-parana-e-santa-catarina\/","name":"ANTT reduz ped\u00e1gios em rodovias de Minas Gerais, S\u00e3o Paulo, Paran\u00e1 e Santa Catarina - Ag\u00eancia iNFRA","isPartOf":{"@id":"https:\/\/agenciainfra.com\/blog\/#website"},"primaryImageOfPage":{"@id":"https:\/\/agenciainfra.com\/blog\/antt-reduz-pedagios-em-rodovias-de-minas-gerais-sao-paulo-parana-e-santa-catarina\/#primaryimage"},"image":{"@id":"https:\/\/agenciainfra.com\/blog\/antt-reduz-pedagios-em-rodovias-de-minas-gerais-sao-paulo-parana-e-santa-catarina\/#primaryimage"},"thumbnailUrl":"https:\/\/agenciainfra.com\/blog\/wp-content\/uploads\/2020\/07\/br381-fernao-dias-foto-divulgacao-arteris.jpg","datePublished":"2020-07-22T11:03:24+00:00","dateModified":"2020-07-22T11:03:29+00:00","breadcrumb":{"@id":"https:\/\/agenciainfra.com\/blog\/antt-reduz-pedagios-em-rodovias-de-minas-gerais-sao-paulo-parana-e-santa-catarina\/#breadcrumb"},"inLanguage":"pt-BR","potentialAction":[{"@type":"ReadAction","target":["https:\/\/agenciainfra.com\/blog\/antt-reduz-pedagios-em-rodovias-de-minas-gerais-sao-paulo-parana-e-santa-catarina\/"]}]},{"@type":"ImageObject","inLanguage":"pt-BR","@id":"https:\/\/agenciainfra.com\/blog\/antt-reduz-pedagios-em-rodovias-de-minas-gerais-sao-paulo-parana-e-santa-catarina\/#primaryimage","url":"https:\/\/agenciainfra.com\/blog\/wp-content\/uploads\/2020\/07\/br381-fernao-dias-foto-divulgacao-arteris.jpg","contentUrl":"https:\/\/agenciainfra.com\/blog\/wp-content\/uploads\/2020\/07\/br381-fernao-dias-foto-divulgacao-arteris.jpg","width":1280,"height":854,"caption":"Foto: Divulga\u00e7\u00e3o\/Arteris"},{"@type":"BreadcrumbList","@id":"https:\/\/agenciainfra.com\/blog\/antt-reduz-pedagios-em-rodovias-de-minas-gerais-sao-paulo-parana-e-santa-catarina\/#breadcrumb","itemListElement":[{"@type":"ListItem","position":1,"name":"In\u00edcio","item":"https:\/\/agenciainfra.com\/blog\/"},{"@type":"ListItem","position":2,"name":"ANTT reduz ped\u00e1gios em rodovias de Minas Gerais, S\u00e3o Paulo, Paran\u00e1 e Santa Catarina"}]},{"@type":"WebSite","@id":"https:\/\/agenciainfra.com\/blog\/#website","url":"https:\/\/agenciainfra.com\/blog\/","name":"Ag\u00eancia iNFRA","description":"Multiplataforma de informa\u00e7\u00e3o jornal\u00edstica refer\u00eancia na \u00e1rea de infraestrutura no Brasil!","publisher":{"@id":"https:\/\/agenciainfra.com\/blog\/#organization"},"potentialAction":[{"@type":"SearchAction","target":{"@type":"EntryPoint","urlTemplate":"https:\/\/agenciainfra.com\/blog\/?s={search_term_string}"},"query-input":{"@type":"PropertyValueSpecification","valueRequired":true,"valueName":"search_term_string"}}],"inLanguage":"pt-BR"},{"@type":"Organization","@id":"https:\/\/agenciainfra.com\/blog\/#organization","name":"Ag\u00eancia iNFRA","url":"https:\/\/agenciainfra.com\/blog\/","logo":{"@type":"ImageObject","inLanguage":"pt-BR","@id":"https:\/\/agenciainfra.com\/blog\/#\/schema\/logo\/image\/","url":"https:\/\/agenciainfra.com\/blog\/wp-content\/uploads\/2023\/09\/iNFRA_5-e1761735885940.png","contentUrl":"https:\/\/agenciainfra.com\/blog\/wp-content\/uploads\/2023\/09\/iNFRA_5-e1761735885940.png","width":1672,"height":454,"caption":"Ag\u00eancia iNFRA"},"image":{"@id":"https:\/\/agenciainfra.com\/blog\/#\/schema\/logo\/image\/"},"sameAs":["https:\/\/www.facebook.com\/ageninfra","https:\/\/x.com\/agencia_infra","https:\/\/www.linkedin.com\/company\/ag\u00eanciainfra\/","https:\/\/www.instagram.com\/agenciainfra\/"]},{"@type":"Person","@id":"https:\/\/agenciainfra.com\/blog\/#\/schema\/person\/04dbb79bd6d8951f063da71f3e4c1eb1","name":"Rodrigo Zuquim","image":{"@type":"ImageObject","inLanguage":"pt-BR","@id":"https:\/\/agenciainfra.com\/blog\/#\/schema\/person\/image\/","url":"https:\/\/secure.gravatar.com\/avatar\/594abfe82761d620726242ff34ca472a705a4b97f16c790053a6b4c4035274d0?s=96&d=mm&r=g","contentUrl":"https:\/\/secure.gravatar.com\/avatar\/594abfe82761d620726242ff34ca472a705a4b97f16c790053a6b4c4035274d0?s=96&d=mm&r=g","caption":"Rodrigo Zuquim"},"url":"https:\/\/agenciainfra.com\/blog\/author\/rodrigo-zuquim\/"}]}},"_links":{"self":[{"href":"https:\/\/agenciainfra.com\/blog\/wp-json\/wp\/v2\/posts\/5480","targetHints":{"allow":["GET"]}}],"collection":[{"href":"https:\/\/agenciainfra.com\/blog\/wp-json\/wp\/v2\/posts"}],"about":[{"href":"https:\/\/agenciainfra.com\/blog\/wp-json\/wp\/v2\/types\/post"}],"author":[{"embeddable":true,"href":"https:\/\/agenciainfra.com\/blog\/wp-json\/wp\/v2\/users\/9"}],"replies":[{"embeddable":true,"href":"https:\/\/agenciainfra.com\/blog\/wp-json\/wp\/v2\/comments?post=5480"}],"version-history":[{"count":0,"href":"https:\/\/agenciainfra.com\/blog\/wp-json\/wp\/v2\/posts\/5480\/revisions"}],"wp:featuredmedia":[{"embeddable":true,"href":"https:\/\/agenciainfra.com\/blog\/wp-json\/wp\/v2\/media\/5481"}],"wp:attachment":[{"href":"https:\/\/agenciainfra.com\/blog\/wp-json\/wp\/v2\/media?parent=5480"}],"wp:term":[{"taxonomy":"category","embeddable":true,"href":"https:\/\/agenciainfra.com\/blog\/wp-json\/wp\/v2\/categories?post=5480"},{"taxonomy":"post_tag","embeddable":true,"href":"https:\/\/agenciainfra.com\/blog\/wp-json\/wp\/v2\/tags?post=5480"}],"curies":[{"name":"wp","href":"https:\/\/api.w.org\/{rel}","templated":true}]}}