{"id":5499,"date":"2020-07-28T08:00:08","date_gmt":"2020-07-28T11:00:08","guid":{"rendered":"https:\/\/www.agenciainfra.com\/blog\/?p=5499"},"modified":"2020-07-27T16:32:46","modified_gmt":"2020-07-27T19:32:46","slug":"camara-pauta-mp-950-do-setor-eletrico-com-texto-que-desagrada-ao-ministerio-de-minas-e-energia","status":"publish","type":"post","link":"https:\/\/agenciainfra.com\/blog\/camara-pauta-mp-950-do-setor-eletrico-com-texto-que-desagrada-ao-ministerio-de-minas-e-energia\/","title":{"rendered":"C\u00e2mara pauta MP 950, do setor el\u00e9trico, com texto que desagrada ao Minist\u00e9rio de Minas e Energia"},"content":{"rendered":"\n<hr class=\"wp-block-separator\"\/>\n\n\n\n<p class=\"has-text-align-right\"><strong>\u00a0da Ag\u00eancia iNFRA<\/strong><\/p>\n\n\n\n<p>O presidente da C\u00e2mara dos Deputados, Rodrigo Maia (DEM-RJ), incluiu na pauta de vota\u00e7\u00f5es desta semana a Medida Provis\u00f3ria 950, que trata de medidas para o setor el\u00e9trico.<br><br>O\u00a0<a rel=\"noreferrer noopener\" href=\"https:\/\/agenciainfra.us14.list-manage.com\/track\/click?u=d460dd1bcf9ba0ae040e1fc0f&amp;id=3f9214519d&amp;e=c099169394\" target=\"_blank\">relat\u00f3rio<\/a>\u00a0da medida provis\u00f3ria, elaborado pelo deputado L\u00e9o Moraes (Podemos-RO), amplia a isen\u00e7\u00e3o da tarifa para a baixa renda e impede reajustes de tarifas e cortes do fornecimento at\u00e9 o fim do ano. Tamb\u00e9m est\u00e1 na pauta o requerimento de urg\u00eancia para o PL 6.407\/2013, a Lei do G\u00e1s, junto com outros 15 itens \u2013 sendo cinco MPs. Sess\u00e3o extraordin\u00e1ria foi convocada para as 10 horas desta quarta-feira (29). Leia\u00a0<a rel=\"noreferrer noopener\" href=\"https:\/\/agenciainfra.us14.list-manage.com\/track\/click?u=d460dd1bcf9ba0ae040e1fc0f&amp;id=1aa49c9cf4&amp;e=c099169394\" target=\"_blank\">aqui<\/a>\u00a0pauta.<br>\u00a0<br>N\u00e3o \u00e9 do interesse do governo, por\u00e9m, a aprova\u00e7\u00e3o do relat\u00f3rio da forma como foi apresentado. Dentro do MME (Minist\u00e9rio de Minas e Energia), trabalha-se com a hip\u00f3tese de perda de validade da MP 950, no dia 5 de agosto.<br>\u00a0<br>Essa \u00e9 a melhor das op\u00e7\u00f5es, na verdade, para o Poder Executivo: a Conta-Covid, opera\u00e7\u00e3o de empr\u00e9stimo \u00e0s distribuidoras, estar\u00e1 conclu\u00edda at\u00e9 o pr\u00f3ximo dia 31, quando sai a primeira e principal tranche do dinheiro para as empresas, de R$ 11,8 bilh\u00f5es. Tudo feito dentro do per\u00edodo de validade legal do texto. N\u00e3o h\u00e1 necessidade de transformar a MP em lei ap\u00f3s esse prazo, na vis\u00e3o da parte jur\u00eddica do MME, especialmente dentro das condi\u00e7\u00f5es do relat\u00f3rio atual, que desagrada tamb\u00e9m as empresas de energia.<br>\u00a0<br><strong>Acordo em constru\u00e7\u00e3o<\/strong><br>Ainda n\u00e3o havia sido constru\u00eddo um acordo em torno da aprova\u00e7\u00e3o do texto da MP 950 entre as lideran\u00e7as na C\u00e2mara, apurou a\u00a0<strong>Ag\u00eancia iNFRA<\/strong>. Alguns deputados se mostravam simp\u00e1ticos aos benef\u00edcios estipulados no relat\u00f3rio de Moraes, mas alguns parlamentares se mostravam contr\u00e1rios ao parecer que pode beneficiar o consumidor de baixa renda, mas encarecer as tarifas para os outros consumidores de energia.<br>\u00a0<br><strong>Senador Marcos Rog\u00e9rio<\/strong><br>Na semana passada, o senador Marcos Rog\u00e9rio (DEM-RO) antecipou a possibilidade de vota\u00e7\u00e3o da medida provis\u00f3ria do setor el\u00e9trico pela C\u00e2mara, afirmando que havia ainda a possibilidade de o texto ser tamb\u00e9m apreciado pelo Senado nesta semana. \u00a0<br><br>&#8220;Talvez tenhamos na semana que vem a MP 950, mas ainda n\u00e3o h\u00e1 nada certo, n\u00e3o&#8221;, disse o senador \u00e0\u00a0<strong>Ag\u00eancia\u00a0iNFRA<\/strong>. &#8220;Pode ser que ela entre, desde que ela esteja acordada.&#8221;<br><br>Segundo Rog\u00e9rio, o Senado j\u00e1 teria definido que a pauta desta semana ser\u00e1 dedicada \u00e0 vota\u00e7\u00e3o de MPs. &#8220;O que sabemos at\u00e9 o momento \u00e9 que na quinta e na sexta as pautas ser\u00e3o medidas provis\u00f3rias&#8221;, disse o senador na semana passada.<\/p>\n","protected":false},"excerpt":{"rendered":"<p>\u00a0da Ag\u00eancia iNFRA O presidente da C\u00e2mara dos Deputados, Rodrigo Maia (DEM-RJ), incluiu na pauta de vota\u00e7\u00f5es desta semana a Medida Provis\u00f3ria 950, que trata de medidas para o setor el\u00e9trico. O\u00a0relat\u00f3rio\u00a0da medida provis\u00f3ria, elaborado pelo deputado L\u00e9o Moraes (Podemos-RO), amplia a isen\u00e7\u00e3o da tarifa para a baixa renda e impede reajustes de tarifas e [&hellip;]<\/p>\n","protected":false},"author":9,"featured_media":5500,"comment_status":"closed","ping_status":"closed","sticky":false,"template":"","format":"standard","meta":{"_monsterinsights_skip_tracking":false,"_monsterinsights_sitenote_active":false,"_monsterinsights_sitenote_note":"","_monsterinsights_sitenote_category":0,"footnotes":""},"categories":[1,10],"tags":[1949,1480,1964,1193,96,1885,1343,54],"class_list":["post-5499","post","type-post","status-publish","format-standard","has-post-thumbnail","hentry","category-geral","category-infraenergia","tag-conta-covid","tag-lei-do-gas","tag-leo-moraes","tag-marcos-rogerio","tag-ministerio-de-minas-e-energia","tag-mp-950","tag-pl-6-407-13","tag-setor-eletrico"],"yoast_head":"<!-- This site is optimized with the Yoast SEO Premium plugin v25.4 (Yoast SEO v26.0) - https:\/\/yoast.com\/wordpress\/plugins\/seo\/ -->\n<title>C\u00e2mara pauta MP 950, do setor el\u00e9trico, com texto que desagrada ao Minist\u00e9rio de Minas e Energia - Ag\u00eancia iNFRA<\/title>\n<meta name=\"robots\" content=\"index, follow, max-snippet:-1, max-image-preview:large, max-video-preview:-1\" \/>\n<link rel=\"canonical\" href=\"https:\/\/agenciainfra.com\/blog\/camara-pauta-mp-950-do-setor-eletrico-com-texto-que-desagrada-ao-ministerio-de-minas-e-energia\/\" \/>\n<meta property=\"og:locale\" content=\"pt_BR\" \/>\n<meta property=\"og:type\" content=\"article\" \/>\n<meta property=\"og:title\" content=\"C\u00e2mara pauta MP 950, do setor el\u00e9trico, com texto que desagrada ao Minist\u00e9rio de Minas e Energia\" \/>\n<meta property=\"og:description\" content=\"\u00a0da Ag\u00eancia iNFRA O presidente da C\u00e2mara dos Deputados, Rodrigo Maia (DEM-RJ), incluiu na pauta de vota\u00e7\u00f5es desta semana a Medida Provis\u00f3ria 950, que trata de medidas para o setor el\u00e9trico. O\u00a0relat\u00f3rio\u00a0da medida provis\u00f3ria, elaborado pelo deputado L\u00e9o Moraes (Podemos-RO), amplia a isen\u00e7\u00e3o da tarifa para a baixa renda e impede reajustes de tarifas e [&hellip;]\" \/>\n<meta property=\"og:url\" content=\"https:\/\/agenciainfra.com\/blog\/camara-pauta-mp-950-do-setor-eletrico-com-texto-que-desagrada-ao-ministerio-de-minas-e-energia\/\" \/>\n<meta property=\"og:site_name\" content=\"Ag\u00eancia iNFRA\" \/>\n<meta property=\"article:publisher\" content=\"https:\/\/www.facebook.com\/ageninfra\" \/>\n<meta property=\"article:published_time\" content=\"2020-07-28T11:00:08+00:00\" \/>\n<meta property=\"og:image\" content=\"https:\/\/agenciainfra.com\/blog\/wp-content\/uploads\/2020\/07\/rodrigo-maia-bento-albuquerque-foto-saulo-cruz-mme.jpg\" \/>\n\t<meta property=\"og:image:width\" content=\"1280\" \/>\n\t<meta property=\"og:image:height\" content=\"853\" \/>\n\t<meta property=\"og:image:type\" content=\"image\/jpeg\" \/>\n<meta name=\"author\" content=\"Rodrigo Zuquim\" \/>\n<meta name=\"twitter:card\" content=\"summary_large_image\" \/>\n<meta name=\"twitter:creator\" content=\"@agencia_infra\" \/>\n<meta name=\"twitter:site\" content=\"@agencia_infra\" \/>\n<meta name=\"twitter:label1\" content=\"Escrito por\" \/>\n\t<meta name=\"twitter:data1\" content=\"Rodrigo Zuquim\" \/>\n\t<meta name=\"twitter:label2\" content=\"Est. tempo de leitura\" \/>\n\t<meta name=\"twitter:data2\" content=\"2 minutos\" \/>\n<script type=\"application\/ld+json\" class=\"yoast-schema-graph\">{\"@context\":\"https:\/\/schema.org\",\"@graph\":[{\"@type\":\"Article\",\"@id\":\"https:\/\/agenciainfra.com\/blog\/camara-pauta-mp-950-do-setor-eletrico-com-texto-que-desagrada-ao-ministerio-de-minas-e-energia\/#article\",\"isPartOf\":{\"@id\":\"https:\/\/agenciainfra.com\/blog\/camara-pauta-mp-950-do-setor-eletrico-com-texto-que-desagrada-ao-ministerio-de-minas-e-energia\/\"},\"author\":{\"name\":\"Rodrigo Zuquim\",\"@id\":\"https:\/\/agenciainfra.com\/blog\/#\/schema\/person\/04dbb79bd6d8951f063da71f3e4c1eb1\"},\"headline\":\"C\u00e2mara pauta MP 950, do setor el\u00e9trico, com texto que desagrada ao Minist\u00e9rio de Minas e Energia\",\"datePublished\":\"2020-07-28T11:00:08+00:00\",\"mainEntityOfPage\":{\"@id\":\"https:\/\/agenciainfra.com\/blog\/camara-pauta-mp-950-do-setor-eletrico-com-texto-que-desagrada-ao-ministerio-de-minas-e-energia\/\"},\"wordCount\":470,\"publisher\":{\"@id\":\"https:\/\/agenciainfra.com\/blog\/#organization\"},\"image\":{\"@id\":\"https:\/\/agenciainfra.com\/blog\/camara-pauta-mp-950-do-setor-eletrico-com-texto-que-desagrada-ao-ministerio-de-minas-e-energia\/#primaryimage\"},\"thumbnailUrl\":\"https:\/\/agenciainfra.com\/blog\/wp-content\/uploads\/2020\/07\/rodrigo-maia-bento-albuquerque-foto-saulo-cruz-mme.jpg\",\"keywords\":[\"Conta-Covid\",\"Lei do G\u00e1s\",\"L\u00e9o Moraes\",\"Marcos Rog\u00e9rio\",\"Minist\u00e9rio de Minas e Energia\",\"MP 950\",\"PL 6.407\/13\",\"Setor El\u00e9trico\"],\"articleSection\":[\"Geral\",\"iNFRAEnergia\"],\"inLanguage\":\"pt-BR\",\"copyrightYear\":\"2020\",\"copyrightHolder\":{\"@id\":\"https:\/\/agenciainfra.com\/blog\/#organization\"}},{\"@type\":\"WebPage\",\"@id\":\"https:\/\/agenciainfra.com\/blog\/camara-pauta-mp-950-do-setor-eletrico-com-texto-que-desagrada-ao-ministerio-de-minas-e-energia\/\",\"url\":\"https:\/\/agenciainfra.com\/blog\/camara-pauta-mp-950-do-setor-eletrico-com-texto-que-desagrada-ao-ministerio-de-minas-e-energia\/\",\"name\":\"C\u00e2mara pauta MP 950, do setor el\u00e9trico, com texto que desagrada ao Minist\u00e9rio de Minas e Energia - Ag\u00eancia iNFRA\",\"isPartOf\":{\"@id\":\"https:\/\/agenciainfra.com\/blog\/#website\"},\"primaryImageOfPage\":{\"@id\":\"https:\/\/agenciainfra.com\/blog\/camara-pauta-mp-950-do-setor-eletrico-com-texto-que-desagrada-ao-ministerio-de-minas-e-energia\/#primaryimage\"},\"image\":{\"@id\":\"https:\/\/agenciainfra.com\/blog\/camara-pauta-mp-950-do-setor-eletrico-com-texto-que-desagrada-ao-ministerio-de-minas-e-energia\/#primaryimage\"},\"thumbnailUrl\":\"https:\/\/agenciainfra.com\/blog\/wp-content\/uploads\/2020\/07\/rodrigo-maia-bento-albuquerque-foto-saulo-cruz-mme.jpg\",\"datePublished\":\"2020-07-28T11:00:08+00:00\",\"breadcrumb\":{\"@id\":\"https:\/\/agenciainfra.com\/blog\/camara-pauta-mp-950-do-setor-eletrico-com-texto-que-desagrada-ao-ministerio-de-minas-e-energia\/#breadcrumb\"},\"inLanguage\":\"pt-BR\",\"potentialAction\":[{\"@type\":\"ReadAction\",\"target\":[\"https:\/\/agenciainfra.com\/blog\/camara-pauta-mp-950-do-setor-eletrico-com-texto-que-desagrada-ao-ministerio-de-minas-e-energia\/\"]}]},{\"@type\":\"ImageObject\",\"inLanguage\":\"pt-BR\",\"@id\":\"https:\/\/agenciainfra.com\/blog\/camara-pauta-mp-950-do-setor-eletrico-com-texto-que-desagrada-ao-ministerio-de-minas-e-energia\/#primaryimage\",\"url\":\"https:\/\/agenciainfra.com\/blog\/wp-content\/uploads\/2020\/07\/rodrigo-maia-bento-albuquerque-foto-saulo-cruz-mme.jpg\",\"contentUrl\":\"https:\/\/agenciainfra.com\/blog\/wp-content\/uploads\/2020\/07\/rodrigo-maia-bento-albuquerque-foto-saulo-cruz-mme.jpg\",\"width\":1280,\"height\":853},{\"@type\":\"BreadcrumbList\",\"@id\":\"https:\/\/agenciainfra.com\/blog\/camara-pauta-mp-950-do-setor-eletrico-com-texto-que-desagrada-ao-ministerio-de-minas-e-energia\/#breadcrumb\",\"itemListElement\":[{\"@type\":\"ListItem\",\"position\":1,\"name\":\"In\u00edcio\",\"item\":\"https:\/\/agenciainfra.com\/blog\/\"},{\"@type\":\"ListItem\",\"position\":2,\"name\":\"C\u00e2mara pauta MP 950, do setor el\u00e9trico, com texto que desagrada ao Minist\u00e9rio de Minas e Energia\"}]},{\"@type\":\"WebSite\",\"@id\":\"https:\/\/agenciainfra.com\/blog\/#website\",\"url\":\"https:\/\/agenciainfra.com\/blog\/\",\"name\":\"Ag\u00eancia iNFRA\",\"description\":\"Multiplataforma de informa\u00e7\u00e3o jornal\u00edstica refer\u00eancia na \u00e1rea de infraestrutura no Brasil!\",\"publisher\":{\"@id\":\"https:\/\/agenciainfra.com\/blog\/#organization\"},\"potentialAction\":[{\"@type\":\"SearchAction\",\"target\":{\"@type\":\"EntryPoint\",\"urlTemplate\":\"https:\/\/agenciainfra.com\/blog\/?s={search_term_string}\"},\"query-input\":{\"@type\":\"PropertyValueSpecification\",\"valueRequired\":true,\"valueName\":\"search_term_string\"}}],\"inLanguage\":\"pt-BR\"},{\"@type\":\"Organization\",\"@id\":\"https:\/\/agenciainfra.com\/blog\/#organization\",\"name\":\"Ag\u00eancia iNFRA\",\"url\":\"https:\/\/agenciainfra.com\/blog\/\",\"logo\":{\"@type\":\"ImageObject\",\"inLanguage\":\"pt-BR\",\"@id\":\"https:\/\/agenciainfra.com\/blog\/#\/schema\/logo\/image\/\",\"url\":\"https:\/\/agenciainfra.com\/blog\/wp-content\/uploads\/2023\/09\/iNFRA_5-e1761735885940.png\",\"contentUrl\":\"https:\/\/agenciainfra.com\/blog\/wp-content\/uploads\/2023\/09\/iNFRA_5-e1761735885940.png\",\"width\":1672,\"height\":454,\"caption\":\"Ag\u00eancia iNFRA\"},\"image\":{\"@id\":\"https:\/\/agenciainfra.com\/blog\/#\/schema\/logo\/image\/\"},\"sameAs\":[\"https:\/\/www.facebook.com\/ageninfra\",\"https:\/\/x.com\/agencia_infra\",\"https:\/\/www.linkedin.com\/company\/ag\u00eanciainfra\/\",\"https:\/\/www.instagram.com\/agenciainfra\/\"]},{\"@type\":\"Person\",\"@id\":\"https:\/\/agenciainfra.com\/blog\/#\/schema\/person\/04dbb79bd6d8951f063da71f3e4c1eb1\",\"name\":\"Rodrigo Zuquim\",\"image\":{\"@type\":\"ImageObject\",\"inLanguage\":\"pt-BR\",\"@id\":\"https:\/\/agenciainfra.com\/blog\/#\/schema\/person\/image\/\",\"url\":\"https:\/\/secure.gravatar.com\/avatar\/594abfe82761d620726242ff34ca472a705a4b97f16c790053a6b4c4035274d0?s=96&d=mm&r=g\",\"contentUrl\":\"https:\/\/secure.gravatar.com\/avatar\/594abfe82761d620726242ff34ca472a705a4b97f16c790053a6b4c4035274d0?s=96&d=mm&r=g\",\"caption\":\"Rodrigo Zuquim\"},\"url\":\"https:\/\/agenciainfra.com\/blog\/author\/rodrigo-zuquim\/\"}]}<\/script>\n<!-- \/ Yoast SEO Premium plugin. -->","yoast_head_json":{"title":"C\u00e2mara pauta MP 950, do setor el\u00e9trico, com texto que desagrada ao Minist\u00e9rio de Minas e Energia - Ag\u00eancia iNFRA","robots":{"index":"index","follow":"follow","max-snippet":"max-snippet:-1","max-image-preview":"max-image-preview:large","max-video-preview":"max-video-preview:-1"},"canonical":"https:\/\/agenciainfra.com\/blog\/camara-pauta-mp-950-do-setor-eletrico-com-texto-que-desagrada-ao-ministerio-de-minas-e-energia\/","og_locale":"pt_BR","og_type":"article","og_title":"C\u00e2mara pauta MP 950, do setor el\u00e9trico, com texto que desagrada ao Minist\u00e9rio de Minas e Energia","og_description":"\u00a0da Ag\u00eancia iNFRA O presidente da C\u00e2mara dos Deputados, Rodrigo Maia (DEM-RJ), incluiu na pauta de vota\u00e7\u00f5es desta semana a Medida Provis\u00f3ria 950, que trata de medidas para o setor el\u00e9trico. O\u00a0relat\u00f3rio\u00a0da medida provis\u00f3ria, elaborado pelo deputado L\u00e9o Moraes (Podemos-RO), amplia a isen\u00e7\u00e3o da tarifa para a baixa renda e impede reajustes de tarifas e [&hellip;]","og_url":"https:\/\/agenciainfra.com\/blog\/camara-pauta-mp-950-do-setor-eletrico-com-texto-que-desagrada-ao-ministerio-de-minas-e-energia\/","og_site_name":"Ag\u00eancia iNFRA","article_publisher":"https:\/\/www.facebook.com\/ageninfra","article_published_time":"2020-07-28T11:00:08+00:00","og_image":[{"width":1280,"height":853,"url":"https:\/\/agenciainfra.com\/blog\/wp-content\/uploads\/2020\/07\/rodrigo-maia-bento-albuquerque-foto-saulo-cruz-mme.jpg","type":"image\/jpeg"}],"author":"Rodrigo Zuquim","twitter_card":"summary_large_image","twitter_creator":"@agencia_infra","twitter_site":"@agencia_infra","twitter_misc":{"Escrito por":"Rodrigo Zuquim","Est. tempo de leitura":"2 minutos"},"schema":{"@context":"https:\/\/schema.org","@graph":[{"@type":"Article","@id":"https:\/\/agenciainfra.com\/blog\/camara-pauta-mp-950-do-setor-eletrico-com-texto-que-desagrada-ao-ministerio-de-minas-e-energia\/#article","isPartOf":{"@id":"https:\/\/agenciainfra.com\/blog\/camara-pauta-mp-950-do-setor-eletrico-com-texto-que-desagrada-ao-ministerio-de-minas-e-energia\/"},"author":{"name":"Rodrigo Zuquim","@id":"https:\/\/agenciainfra.com\/blog\/#\/schema\/person\/04dbb79bd6d8951f063da71f3e4c1eb1"},"headline":"C\u00e2mara pauta MP 950, do setor el\u00e9trico, com texto que desagrada ao Minist\u00e9rio de Minas e Energia","datePublished":"2020-07-28T11:00:08+00:00","mainEntityOfPage":{"@id":"https:\/\/agenciainfra.com\/blog\/camara-pauta-mp-950-do-setor-eletrico-com-texto-que-desagrada-ao-ministerio-de-minas-e-energia\/"},"wordCount":470,"publisher":{"@id":"https:\/\/agenciainfra.com\/blog\/#organization"},"image":{"@id":"https:\/\/agenciainfra.com\/blog\/camara-pauta-mp-950-do-setor-eletrico-com-texto-que-desagrada-ao-ministerio-de-minas-e-energia\/#primaryimage"},"thumbnailUrl":"https:\/\/agenciainfra.com\/blog\/wp-content\/uploads\/2020\/07\/rodrigo-maia-bento-albuquerque-foto-saulo-cruz-mme.jpg","keywords":["Conta-Covid","Lei do G\u00e1s","L\u00e9o Moraes","Marcos Rog\u00e9rio","Minist\u00e9rio de Minas e Energia","MP 950","PL 6.407\/13","Setor El\u00e9trico"],"articleSection":["Geral","iNFRAEnergia"],"inLanguage":"pt-BR","copyrightYear":"2020","copyrightHolder":{"@id":"https:\/\/agenciainfra.com\/blog\/#organization"}},{"@type":"WebPage","@id":"https:\/\/agenciainfra.com\/blog\/camara-pauta-mp-950-do-setor-eletrico-com-texto-que-desagrada-ao-ministerio-de-minas-e-energia\/","url":"https:\/\/agenciainfra.com\/blog\/camara-pauta-mp-950-do-setor-eletrico-com-texto-que-desagrada-ao-ministerio-de-minas-e-energia\/","name":"C\u00e2mara pauta MP 950, do setor el\u00e9trico, com texto que desagrada ao Minist\u00e9rio de Minas e Energia - Ag\u00eancia iNFRA","isPartOf":{"@id":"https:\/\/agenciainfra.com\/blog\/#website"},"primaryImageOfPage":{"@id":"https:\/\/agenciainfra.com\/blog\/camara-pauta-mp-950-do-setor-eletrico-com-texto-que-desagrada-ao-ministerio-de-minas-e-energia\/#primaryimage"},"image":{"@id":"https:\/\/agenciainfra.com\/blog\/camara-pauta-mp-950-do-setor-eletrico-com-texto-que-desagrada-ao-ministerio-de-minas-e-energia\/#primaryimage"},"thumbnailUrl":"https:\/\/agenciainfra.com\/blog\/wp-content\/uploads\/2020\/07\/rodrigo-maia-bento-albuquerque-foto-saulo-cruz-mme.jpg","datePublished":"2020-07-28T11:00:08+00:00","breadcrumb":{"@id":"https:\/\/agenciainfra.com\/blog\/camara-pauta-mp-950-do-setor-eletrico-com-texto-que-desagrada-ao-ministerio-de-minas-e-energia\/#breadcrumb"},"inLanguage":"pt-BR","potentialAction":[{"@type":"ReadAction","target":["https:\/\/agenciainfra.com\/blog\/camara-pauta-mp-950-do-setor-eletrico-com-texto-que-desagrada-ao-ministerio-de-minas-e-energia\/"]}]},{"@type":"ImageObject","inLanguage":"pt-BR","@id":"https:\/\/agenciainfra.com\/blog\/camara-pauta-mp-950-do-setor-eletrico-com-texto-que-desagrada-ao-ministerio-de-minas-e-energia\/#primaryimage","url":"https:\/\/agenciainfra.com\/blog\/wp-content\/uploads\/2020\/07\/rodrigo-maia-bento-albuquerque-foto-saulo-cruz-mme.jpg","contentUrl":"https:\/\/agenciainfra.com\/blog\/wp-content\/uploads\/2020\/07\/rodrigo-maia-bento-albuquerque-foto-saulo-cruz-mme.jpg","width":1280,"height":853},{"@type":"BreadcrumbList","@id":"https:\/\/agenciainfra.com\/blog\/camara-pauta-mp-950-do-setor-eletrico-com-texto-que-desagrada-ao-ministerio-de-minas-e-energia\/#breadcrumb","itemListElement":[{"@type":"ListItem","position":1,"name":"In\u00edcio","item":"https:\/\/agenciainfra.com\/blog\/"},{"@type":"ListItem","position":2,"name":"C\u00e2mara pauta MP 950, do setor el\u00e9trico, com texto que desagrada ao Minist\u00e9rio de Minas e Energia"}]},{"@type":"WebSite","@id":"https:\/\/agenciainfra.com\/blog\/#website","url":"https:\/\/agenciainfra.com\/blog\/","name":"Ag\u00eancia iNFRA","description":"Multiplataforma de informa\u00e7\u00e3o jornal\u00edstica refer\u00eancia na \u00e1rea de infraestrutura no Brasil!","publisher":{"@id":"https:\/\/agenciainfra.com\/blog\/#organization"},"potentialAction":[{"@type":"SearchAction","target":{"@type":"EntryPoint","urlTemplate":"https:\/\/agenciainfra.com\/blog\/?s={search_term_string}"},"query-input":{"@type":"PropertyValueSpecification","valueRequired":true,"valueName":"search_term_string"}}],"inLanguage":"pt-BR"},{"@type":"Organization","@id":"https:\/\/agenciainfra.com\/blog\/#organization","name":"Ag\u00eancia iNFRA","url":"https:\/\/agenciainfra.com\/blog\/","logo":{"@type":"ImageObject","inLanguage":"pt-BR","@id":"https:\/\/agenciainfra.com\/blog\/#\/schema\/logo\/image\/","url":"https:\/\/agenciainfra.com\/blog\/wp-content\/uploads\/2023\/09\/iNFRA_5-e1761735885940.png","contentUrl":"https:\/\/agenciainfra.com\/blog\/wp-content\/uploads\/2023\/09\/iNFRA_5-e1761735885940.png","width":1672,"height":454,"caption":"Ag\u00eancia iNFRA"},"image":{"@id":"https:\/\/agenciainfra.com\/blog\/#\/schema\/logo\/image\/"},"sameAs":["https:\/\/www.facebook.com\/ageninfra","https:\/\/x.com\/agencia_infra","https:\/\/www.linkedin.com\/company\/ag\u00eanciainfra\/","https:\/\/www.instagram.com\/agenciainfra\/"]},{"@type":"Person","@id":"https:\/\/agenciainfra.com\/blog\/#\/schema\/person\/04dbb79bd6d8951f063da71f3e4c1eb1","name":"Rodrigo Zuquim","image":{"@type":"ImageObject","inLanguage":"pt-BR","@id":"https:\/\/agenciainfra.com\/blog\/#\/schema\/person\/image\/","url":"https:\/\/secure.gravatar.com\/avatar\/594abfe82761d620726242ff34ca472a705a4b97f16c790053a6b4c4035274d0?s=96&d=mm&r=g","contentUrl":"https:\/\/secure.gravatar.com\/avatar\/594abfe82761d620726242ff34ca472a705a4b97f16c790053a6b4c4035274d0?s=96&d=mm&r=g","caption":"Rodrigo Zuquim"},"url":"https:\/\/agenciainfra.com\/blog\/author\/rodrigo-zuquim\/"}]}},"_links":{"self":[{"href":"https:\/\/agenciainfra.com\/blog\/wp-json\/wp\/v2\/posts\/5499","targetHints":{"allow":["GET"]}}],"collection":[{"href":"https:\/\/agenciainfra.com\/blog\/wp-json\/wp\/v2\/posts"}],"about":[{"href":"https:\/\/agenciainfra.com\/blog\/wp-json\/wp\/v2\/types\/post"}],"author":[{"embeddable":true,"href":"https:\/\/agenciainfra.com\/blog\/wp-json\/wp\/v2\/users\/9"}],"replies":[{"embeddable":true,"href":"https:\/\/agenciainfra.com\/blog\/wp-json\/wp\/v2\/comments?post=5499"}],"version-history":[{"count":0,"href":"https:\/\/agenciainfra.com\/blog\/wp-json\/wp\/v2\/posts\/5499\/revisions"}],"wp:featuredmedia":[{"embeddable":true,"href":"https:\/\/agenciainfra.com\/blog\/wp-json\/wp\/v2\/media\/5500"}],"wp:attachment":[{"href":"https:\/\/agenciainfra.com\/blog\/wp-json\/wp\/v2\/media?parent=5499"}],"wp:term":[{"taxonomy":"category","embeddable":true,"href":"https:\/\/agenciainfra.com\/blog\/wp-json\/wp\/v2\/categories?post=5499"},{"taxonomy":"post_tag","embeddable":true,"href":"https:\/\/agenciainfra.com\/blog\/wp-json\/wp\/v2\/tags?post=5499"}],"curies":[{"name":"wp","href":"https:\/\/api.w.org\/{rel}","templated":true}]}}