{"id":5502,"date":"2020-07-29T08:00:00","date_gmt":"2020-07-29T11:00:00","guid":{"rendered":"https:\/\/www.agenciainfra.com\/blog\/?p=5502"},"modified":"2020-07-27T16:47:43","modified_gmt":"2020-07-27T19:47:43","slug":"saneamento-foi-a-unica-pauta-pro-infraestrutura-aprovada-no-parlamento-em-2020","status":"publish","type":"post","link":"https:\/\/agenciainfra.com\/blog\/saneamento-foi-a-unica-pauta-pro-infraestrutura-aprovada-no-parlamento-em-2020\/","title":{"rendered":"Saneamento foi a \u00fanica pauta pr\u00f3-infraestrutura aprovada no Parlamento em 2020"},"content":{"rendered":"\n<hr class=\"wp-block-separator\"\/>\n\n\n\n<p class=\"has-text-align-right\"><strong>Tales Silveira, da\u00a0Ag\u00eancia iNFRA<\/strong><\/p>\n\n\n\n<p>De\u00a016 projetos que tramitavam no Congresso no in\u00edcio do ano com interesse para o setor de infraestrutura, somente o Marco Legal do Saneamento conseguiu ser aprovado pelas duas Casas e se transformar em lei.<br><br>Levantamento\u00a0<a rel=\"noreferrer noopener\" href=\"https:\/\/agenciainfra.us14.list-manage.com\/track\/click?u=d460dd1bcf9ba0ae040e1fc0f&amp;id=1b781a74e6&amp;e=c099169394\" target=\"_blank\">feito no come\u00e7o do ano<\/a>\u00a0pela\u00a0<strong>Ag\u00eancia iNFRA<\/strong>\u00a0indicou na \u00e9poca essas propostas que tinham rela\u00e7\u00e3o direta ou influenciariam fortemente o setor de infraestrutura caso aprovadas, quase todas elas de interesse do governo. Dessas, no entanto, somente o Marco do Saneamento terminou sua tramita\u00e7\u00e3o.<br><br>Nesse levantamento n\u00e3o estavam seis propostas do setor de energia que tamb\u00e9m t\u00eam forte rela\u00e7\u00e3o com todo o setor de infraestrutura e eram apoiadas pelo governo. Nenhuma delas foi conclu\u00edda, at\u00e9 o momento. A maioria nem sequer andou. Tamb\u00e9m n\u00e3o houve avan\u00e7o em pautas do setor macroecon\u00f4mico como a autonomia para o Banco Central, por exemplo.<br><br>Mesmo com o que se pode chamar de baixo \u00edndice de finaliza\u00e7\u00e3o, o governo quer ampliar o n\u00famero de propostas que pretende ver aprovadas pelo Parlamento.\u00a0Est\u00e3o em negocia\u00e7\u00e3o entre os minist\u00e9rios setoriais, a Casa Civil e o Minist\u00e9rio da Economia um pacote com propostas legislativas que o governo pretende encaminhar ao Congresso ou apoiar, caso j\u00e1 estejam em debate no Legislativo. O pacote legislativo do Programa Pr\u00f3-Brasil ainda n\u00e3o est\u00e1 definido.<br><br>O Minist\u00e9rio da Infraestrutura, por exemplo, quer apoiar a Nova Lei de Licita\u00e7\u00f5es (j\u00e1 aprovada na C\u00e2mara e parada no Senado \u2013 PL 1.292\/95) e uma proposta que crie novas regras para o Documento Eletr\u00f4nico de Transportes (DT-e), por exemplo. Tamb\u00e9m pretende enviar uma proposta pr\u00f3pria para alterar as regras da navega\u00e7\u00e3o de cabotagem.<br><br>Al\u00e9m das pautas emergenciais enviadas pelo governo, parlamentares tamb\u00e9m apresentaram novos projetos para o setor nesse per\u00edodo. Foi o caso do deputado Arnaldo Jardim (Cidadania-SP), que enviou o PL 2.646\/20 \u2013 que cria deb\u00eantures de infraestrutura para financiar concess\u00f5es no setor \u2013, e da senadora K\u00e1tia Abreu (PP-TO) \u2013 que apresentou o PLS 3.129\/20, que trata da navega\u00e7\u00e3o de cabotagem no pa\u00eds, dizendo-se &#8220;cansada de esperar&#8221; o projeto do governo.<\/p>\n\n\n\n<p>No total, o n\u00famero de propostas j\u00e1 chega perto das tr\u00eas dezenas.<br><br><strong>Avan\u00e7os<\/strong><br>H\u00e1 projetos que avan\u00e7aram parcialmente, como o PL (Projeto de Lei) 3.267\/19 \u2013 que altera o CTB (C\u00f3digo de Tr\u00e2nsito Brasileiro). O texto sofreu diversas altera\u00e7\u00f5es em rela\u00e7\u00e3o \u00e0 proposta do governo ao ser aprovado no fim de junho. Desde ent\u00e3o, a mat\u00e9ria est\u00e1 no Senado aguardando a designa\u00e7\u00e3o de relatoria. O PL das Concess\u00f5es tamb\u00e9m foi aprovado por uma comiss\u00e3o da&nbsp;C\u00e2mara.&nbsp;<br><br>H\u00e1 raz\u00f5es para que as tramita\u00e7\u00f5es dos projetos tenham sido t\u00e3o lentas nesse semestre, como o envio de diversas MPs (medidas provis\u00f3rias) para setores atingidos pela pandemia. Por acordo entre as lideran\u00e7as, essas propostas ganharam prioridade em rela\u00e7\u00e3o \u00e0s propostas que j\u00e1 tramitam&nbsp;no Congresso.<br><br>Outro ponto que alterou o passo a passo dos projetos foi a pr\u00f3pria mudan\u00e7a no ritmo do Congresso. Por causa do risco de infec\u00e7\u00e3o, praticamente todas as comiss\u00f5es das duas Casas foram suspensas. Somente as reuni\u00f5es de plen\u00e1rio foram mantidas por meio de videoconfer\u00eancia, e nesse modelo t\u00eam sido mais dif\u00edcil votar projetos sem um amplo consenso, como em geral s\u00e3o as propostas do setor de infraestrutura.<br><br><strong>Vetos<\/strong><br>Outro motivo de travamento s\u00e3o os vetos do presidente aos projetos aprovados. Somados, s\u00e3o mais de 40 vetos presidenciais a serem analisados pelo Congresso.&nbsp;De acordo com o regimento interno, os vetos s\u00e3o analisados \u00e0 medida em que v\u00e3o sendo apresentados. No caso do Marco do Saneamento, houve vetos importantes ao texto aprovado e h\u00e1 disposi\u00e7\u00e3o de um n\u00famero consider\u00e1vel de parlamentares de derrubar parte deles.<br><br>Al\u00e9m dos vetos, outro tema que o governo tamb\u00e9m ter\u00e1 que tratar nos pr\u00f3ximos meses ser\u00e3o as indica\u00e7\u00f5es para ag\u00eancias reguladoras. Hoje quase metade das vagas est\u00e1 ocupada por substitutos e, dos oito nomes j\u00e1 enviados para preench\u00ea-las desde novembro do ano passado, apenas um est\u00e1 dispon\u00edvel para an\u00e1lise no Senado no momento.<br><br>Tudo isso ter\u00e1 que ser feito com outro fator que, em geral, reduz o n\u00famero de sess\u00f5es ou pelo menos as sess\u00f5es em que os deputados de fato trabalham na aprova\u00e7\u00e3o de projetos: as elei\u00e7\u00f5es municipais. A expectativa \u00e9 que, a partir do fim de agosto e at\u00e9 o meio de novembro, haja um esvaziamento do Parlamento por causa do pleito municipal.<\/p>\n","protected":false},"excerpt":{"rendered":"<p>Tales Silveira, da\u00a0Ag\u00eancia iNFRA De\u00a016 projetos que tramitavam no Congresso no in\u00edcio do ano com interesse para o setor de infraestrutura, somente o Marco Legal do Saneamento conseguiu ser aprovado pelas duas Casas e se transformar em lei. Levantamento\u00a0feito no come\u00e7o do ano\u00a0pela\u00a0Ag\u00eancia iNFRA\u00a0indicou na \u00e9poca essas propostas que tinham rela\u00e7\u00e3o direta ou influenciariam fortemente [&hellip;]<\/p>\n","protected":false},"author":9,"featured_media":5503,"comment_status":"closed","ping_status":"closed","sticky":false,"template":"","format":"standard","meta":{"_monsterinsights_skip_tracking":false,"_monsterinsights_sitenote_active":false,"_monsterinsights_sitenote_note":"","_monsterinsights_sitenote_category":0,"footnotes":""},"categories":[1,7],"tags":[407,1582,2356,622,2322,34,987,2357,1930,179],"class_list":["post-5502","post","type-post","status-publish","format-standard","has-post-thumbnail","hentry","category-geral","category-infratransporte","tag-cabotagem","tag-codigo-de-transito-brasileiro","tag-ctb","tag-debentures","tag-dt-e","tag-infraestrutura","tag-nova-lei-de-licitacoes","tag-pl-das-concessoes","tag-pro-brasil","tag-saneamento"],"yoast_head":"<!-- This site is optimized with the Yoast SEO Premium plugin v25.4 (Yoast SEO v26.0) - https:\/\/yoast.com\/wordpress\/plugins\/seo\/ -->\n<title>Saneamento foi a \u00fanica pauta pr\u00f3-infraestrutura aprovada no Parlamento em 2020 - Ag\u00eancia iNFRA<\/title>\n<meta name=\"robots\" content=\"index, follow, max-snippet:-1, max-image-preview:large, max-video-preview:-1\" \/>\n<link rel=\"canonical\" href=\"https:\/\/agenciainfra.com\/blog\/saneamento-foi-a-unica-pauta-pro-infraestrutura-aprovada-no-parlamento-em-2020\/\" \/>\n<meta property=\"og:locale\" content=\"pt_BR\" \/>\n<meta property=\"og:type\" content=\"article\" \/>\n<meta property=\"og:title\" content=\"Saneamento foi a \u00fanica pauta pr\u00f3-infraestrutura aprovada no Parlamento em 2020\" \/>\n<meta property=\"og:description\" content=\"Tales Silveira, da\u00a0Ag\u00eancia iNFRA De\u00a016 projetos que tramitavam no Congresso no in\u00edcio do ano com interesse para o setor de infraestrutura, somente o Marco Legal do Saneamento conseguiu ser aprovado pelas duas Casas e se transformar em lei. Levantamento\u00a0feito no come\u00e7o do ano\u00a0pela\u00a0Ag\u00eancia iNFRA\u00a0indicou na \u00e9poca essas propostas que tinham rela\u00e7\u00e3o direta ou influenciariam fortemente [&hellip;]\" \/>\n<meta property=\"og:url\" content=\"https:\/\/agenciainfra.com\/blog\/saneamento-foi-a-unica-pauta-pro-infraestrutura-aprovada-no-parlamento-em-2020\/\" \/>\n<meta property=\"og:site_name\" content=\"Ag\u00eancia iNFRA\" \/>\n<meta property=\"article:publisher\" content=\"https:\/\/www.facebook.com\/ageninfra\" \/>\n<meta property=\"article:published_time\" content=\"2020-07-29T11:00:00+00:00\" \/>\n<meta property=\"og:image\" content=\"https:\/\/agenciainfra.com\/blog\/wp-content\/uploads\/2020\/07\/congresso-foto-roque-sa-agencia-senado.jpg\" \/>\n\t<meta property=\"og:image:width\" content=\"1280\" \/>\n\t<meta property=\"og:image:height\" content=\"853\" \/>\n\t<meta property=\"og:image:type\" content=\"image\/jpeg\" \/>\n<meta name=\"author\" content=\"Rodrigo Zuquim\" \/>\n<meta name=\"twitter:card\" content=\"summary_large_image\" \/>\n<meta name=\"twitter:creator\" content=\"@agencia_infra\" \/>\n<meta name=\"twitter:site\" content=\"@agencia_infra\" \/>\n<meta name=\"twitter:label1\" content=\"Escrito por\" \/>\n\t<meta name=\"twitter:data1\" content=\"Rodrigo Zuquim\" \/>\n\t<meta name=\"twitter:label2\" content=\"Est. tempo de leitura\" \/>\n\t<meta name=\"twitter:data2\" content=\"4 minutos\" \/>\n<script type=\"application\/ld+json\" class=\"yoast-schema-graph\">{\"@context\":\"https:\/\/schema.org\",\"@graph\":[{\"@type\":\"Article\",\"@id\":\"https:\/\/agenciainfra.com\/blog\/saneamento-foi-a-unica-pauta-pro-infraestrutura-aprovada-no-parlamento-em-2020\/#article\",\"isPartOf\":{\"@id\":\"https:\/\/agenciainfra.com\/blog\/saneamento-foi-a-unica-pauta-pro-infraestrutura-aprovada-no-parlamento-em-2020\/\"},\"author\":{\"name\":\"Rodrigo Zuquim\",\"@id\":\"https:\/\/agenciainfra.com\/blog\/#\/schema\/person\/04dbb79bd6d8951f063da71f3e4c1eb1\"},\"headline\":\"Saneamento foi a \u00fanica pauta pr\u00f3-infraestrutura aprovada no Parlamento em 2020\",\"datePublished\":\"2020-07-29T11:00:00+00:00\",\"mainEntityOfPage\":{\"@id\":\"https:\/\/agenciainfra.com\/blog\/saneamento-foi-a-unica-pauta-pro-infraestrutura-aprovada-no-parlamento-em-2020\/\"},\"wordCount\":798,\"publisher\":{\"@id\":\"https:\/\/agenciainfra.com\/blog\/#organization\"},\"image\":{\"@id\":\"https:\/\/agenciainfra.com\/blog\/saneamento-foi-a-unica-pauta-pro-infraestrutura-aprovada-no-parlamento-em-2020\/#primaryimage\"},\"thumbnailUrl\":\"https:\/\/agenciainfra.com\/blog\/wp-content\/uploads\/2020\/07\/congresso-foto-roque-sa-agencia-senado.jpg\",\"keywords\":[\"cabotagem\",\"C\u00f3digo de Tr\u00e2nsito Brasileiro\",\"CTB\",\"deb\u00eantures\",\"DT-e\",\"Infraestrutura\",\"Nova Lei de Licita\u00e7\u00f5es\",\"PL das Concess\u00f5es\",\"Pr\u00f3-Brasil\",\"saneamento\"],\"articleSection\":[\"Geral\",\"iNFRATransporte\"],\"inLanguage\":\"pt-BR\",\"copyrightYear\":\"2020\",\"copyrightHolder\":{\"@id\":\"https:\/\/agenciainfra.com\/blog\/#organization\"}},{\"@type\":\"WebPage\",\"@id\":\"https:\/\/agenciainfra.com\/blog\/saneamento-foi-a-unica-pauta-pro-infraestrutura-aprovada-no-parlamento-em-2020\/\",\"url\":\"https:\/\/agenciainfra.com\/blog\/saneamento-foi-a-unica-pauta-pro-infraestrutura-aprovada-no-parlamento-em-2020\/\",\"name\":\"Saneamento foi a \u00fanica pauta pr\u00f3-infraestrutura aprovada no Parlamento em 2020 - Ag\u00eancia iNFRA\",\"isPartOf\":{\"@id\":\"https:\/\/agenciainfra.com\/blog\/#website\"},\"primaryImageOfPage\":{\"@id\":\"https:\/\/agenciainfra.com\/blog\/saneamento-foi-a-unica-pauta-pro-infraestrutura-aprovada-no-parlamento-em-2020\/#primaryimage\"},\"image\":{\"@id\":\"https:\/\/agenciainfra.com\/blog\/saneamento-foi-a-unica-pauta-pro-infraestrutura-aprovada-no-parlamento-em-2020\/#primaryimage\"},\"thumbnailUrl\":\"https:\/\/agenciainfra.com\/blog\/wp-content\/uploads\/2020\/07\/congresso-foto-roque-sa-agencia-senado.jpg\",\"datePublished\":\"2020-07-29T11:00:00+00:00\",\"breadcrumb\":{\"@id\":\"https:\/\/agenciainfra.com\/blog\/saneamento-foi-a-unica-pauta-pro-infraestrutura-aprovada-no-parlamento-em-2020\/#breadcrumb\"},\"inLanguage\":\"pt-BR\",\"potentialAction\":[{\"@type\":\"ReadAction\",\"target\":[\"https:\/\/agenciainfra.com\/blog\/saneamento-foi-a-unica-pauta-pro-infraestrutura-aprovada-no-parlamento-em-2020\/\"]}]},{\"@type\":\"ImageObject\",\"inLanguage\":\"pt-BR\",\"@id\":\"https:\/\/agenciainfra.com\/blog\/saneamento-foi-a-unica-pauta-pro-infraestrutura-aprovada-no-parlamento-em-2020\/#primaryimage\",\"url\":\"https:\/\/agenciainfra.com\/blog\/wp-content\/uploads\/2020\/07\/congresso-foto-roque-sa-agencia-senado.jpg\",\"contentUrl\":\"https:\/\/agenciainfra.com\/blog\/wp-content\/uploads\/2020\/07\/congresso-foto-roque-sa-agencia-senado.jpg\",\"width\":1280,\"height\":853,\"caption\":\"Foto: Roque S\u00e1\/Ag\u00eancia Senado\"},{\"@type\":\"BreadcrumbList\",\"@id\":\"https:\/\/agenciainfra.com\/blog\/saneamento-foi-a-unica-pauta-pro-infraestrutura-aprovada-no-parlamento-em-2020\/#breadcrumb\",\"itemListElement\":[{\"@type\":\"ListItem\",\"position\":1,\"name\":\"In\u00edcio\",\"item\":\"https:\/\/agenciainfra.com\/blog\/\"},{\"@type\":\"ListItem\",\"position\":2,\"name\":\"Saneamento foi a \u00fanica pauta pr\u00f3-infraestrutura aprovada no Parlamento em 2020\"}]},{\"@type\":\"WebSite\",\"@id\":\"https:\/\/agenciainfra.com\/blog\/#website\",\"url\":\"https:\/\/agenciainfra.com\/blog\/\",\"name\":\"Ag\u00eancia iNFRA\",\"description\":\"Multiplataforma de informa\u00e7\u00e3o jornal\u00edstica refer\u00eancia na \u00e1rea de infraestrutura no Brasil!\",\"publisher\":{\"@id\":\"https:\/\/agenciainfra.com\/blog\/#organization\"},\"potentialAction\":[{\"@type\":\"SearchAction\",\"target\":{\"@type\":\"EntryPoint\",\"urlTemplate\":\"https:\/\/agenciainfra.com\/blog\/?s={search_term_string}\"},\"query-input\":{\"@type\":\"PropertyValueSpecification\",\"valueRequired\":true,\"valueName\":\"search_term_string\"}}],\"inLanguage\":\"pt-BR\"},{\"@type\":\"Organization\",\"@id\":\"https:\/\/agenciainfra.com\/blog\/#organization\",\"name\":\"Ag\u00eancia iNFRA\",\"url\":\"https:\/\/agenciainfra.com\/blog\/\",\"logo\":{\"@type\":\"ImageObject\",\"inLanguage\":\"pt-BR\",\"@id\":\"https:\/\/agenciainfra.com\/blog\/#\/schema\/logo\/image\/\",\"url\":\"https:\/\/agenciainfra.com\/blog\/wp-content\/uploads\/2023\/09\/iNFRA_5-e1761735885940.png\",\"contentUrl\":\"https:\/\/agenciainfra.com\/blog\/wp-content\/uploads\/2023\/09\/iNFRA_5-e1761735885940.png\",\"width\":1672,\"height\":454,\"caption\":\"Ag\u00eancia iNFRA\"},\"image\":{\"@id\":\"https:\/\/agenciainfra.com\/blog\/#\/schema\/logo\/image\/\"},\"sameAs\":[\"https:\/\/www.facebook.com\/ageninfra\",\"https:\/\/x.com\/agencia_infra\",\"https:\/\/www.linkedin.com\/company\/ag\u00eanciainfra\/\",\"https:\/\/www.instagram.com\/agenciainfra\/\"]},{\"@type\":\"Person\",\"@id\":\"https:\/\/agenciainfra.com\/blog\/#\/schema\/person\/04dbb79bd6d8951f063da71f3e4c1eb1\",\"name\":\"Rodrigo Zuquim\",\"image\":{\"@type\":\"ImageObject\",\"inLanguage\":\"pt-BR\",\"@id\":\"https:\/\/agenciainfra.com\/blog\/#\/schema\/person\/image\/\",\"url\":\"https:\/\/secure.gravatar.com\/avatar\/594abfe82761d620726242ff34ca472a705a4b97f16c790053a6b4c4035274d0?s=96&d=mm&r=g\",\"contentUrl\":\"https:\/\/secure.gravatar.com\/avatar\/594abfe82761d620726242ff34ca472a705a4b97f16c790053a6b4c4035274d0?s=96&d=mm&r=g\",\"caption\":\"Rodrigo Zuquim\"},\"url\":\"https:\/\/agenciainfra.com\/blog\/author\/rodrigo-zuquim\/\"}]}<\/script>\n<!-- \/ Yoast SEO Premium plugin. -->","yoast_head_json":{"title":"Saneamento foi a \u00fanica pauta pr\u00f3-infraestrutura aprovada no Parlamento em 2020 - Ag\u00eancia iNFRA","robots":{"index":"index","follow":"follow","max-snippet":"max-snippet:-1","max-image-preview":"max-image-preview:large","max-video-preview":"max-video-preview:-1"},"canonical":"https:\/\/agenciainfra.com\/blog\/saneamento-foi-a-unica-pauta-pro-infraestrutura-aprovada-no-parlamento-em-2020\/","og_locale":"pt_BR","og_type":"article","og_title":"Saneamento foi a \u00fanica pauta pr\u00f3-infraestrutura aprovada no Parlamento em 2020","og_description":"Tales Silveira, da\u00a0Ag\u00eancia iNFRA De\u00a016 projetos que tramitavam no Congresso no in\u00edcio do ano com interesse para o setor de infraestrutura, somente o Marco Legal do Saneamento conseguiu ser aprovado pelas duas Casas e se transformar em lei. Levantamento\u00a0feito no come\u00e7o do ano\u00a0pela\u00a0Ag\u00eancia iNFRA\u00a0indicou na \u00e9poca essas propostas que tinham rela\u00e7\u00e3o direta ou influenciariam fortemente [&hellip;]","og_url":"https:\/\/agenciainfra.com\/blog\/saneamento-foi-a-unica-pauta-pro-infraestrutura-aprovada-no-parlamento-em-2020\/","og_site_name":"Ag\u00eancia iNFRA","article_publisher":"https:\/\/www.facebook.com\/ageninfra","article_published_time":"2020-07-29T11:00:00+00:00","og_image":[{"width":1280,"height":853,"url":"https:\/\/agenciainfra.com\/blog\/wp-content\/uploads\/2020\/07\/congresso-foto-roque-sa-agencia-senado.jpg","type":"image\/jpeg"}],"author":"Rodrigo Zuquim","twitter_card":"summary_large_image","twitter_creator":"@agencia_infra","twitter_site":"@agencia_infra","twitter_misc":{"Escrito por":"Rodrigo Zuquim","Est. tempo de leitura":"4 minutos"},"schema":{"@context":"https:\/\/schema.org","@graph":[{"@type":"Article","@id":"https:\/\/agenciainfra.com\/blog\/saneamento-foi-a-unica-pauta-pro-infraestrutura-aprovada-no-parlamento-em-2020\/#article","isPartOf":{"@id":"https:\/\/agenciainfra.com\/blog\/saneamento-foi-a-unica-pauta-pro-infraestrutura-aprovada-no-parlamento-em-2020\/"},"author":{"name":"Rodrigo Zuquim","@id":"https:\/\/agenciainfra.com\/blog\/#\/schema\/person\/04dbb79bd6d8951f063da71f3e4c1eb1"},"headline":"Saneamento foi a \u00fanica pauta pr\u00f3-infraestrutura aprovada no Parlamento em 2020","datePublished":"2020-07-29T11:00:00+00:00","mainEntityOfPage":{"@id":"https:\/\/agenciainfra.com\/blog\/saneamento-foi-a-unica-pauta-pro-infraestrutura-aprovada-no-parlamento-em-2020\/"},"wordCount":798,"publisher":{"@id":"https:\/\/agenciainfra.com\/blog\/#organization"},"image":{"@id":"https:\/\/agenciainfra.com\/blog\/saneamento-foi-a-unica-pauta-pro-infraestrutura-aprovada-no-parlamento-em-2020\/#primaryimage"},"thumbnailUrl":"https:\/\/agenciainfra.com\/blog\/wp-content\/uploads\/2020\/07\/congresso-foto-roque-sa-agencia-senado.jpg","keywords":["cabotagem","C\u00f3digo de Tr\u00e2nsito Brasileiro","CTB","deb\u00eantures","DT-e","Infraestrutura","Nova Lei de Licita\u00e7\u00f5es","PL das Concess\u00f5es","Pr\u00f3-Brasil","saneamento"],"articleSection":["Geral","iNFRATransporte"],"inLanguage":"pt-BR","copyrightYear":"2020","copyrightHolder":{"@id":"https:\/\/agenciainfra.com\/blog\/#organization"}},{"@type":"WebPage","@id":"https:\/\/agenciainfra.com\/blog\/saneamento-foi-a-unica-pauta-pro-infraestrutura-aprovada-no-parlamento-em-2020\/","url":"https:\/\/agenciainfra.com\/blog\/saneamento-foi-a-unica-pauta-pro-infraestrutura-aprovada-no-parlamento-em-2020\/","name":"Saneamento foi a \u00fanica pauta pr\u00f3-infraestrutura aprovada no Parlamento em 2020 - Ag\u00eancia iNFRA","isPartOf":{"@id":"https:\/\/agenciainfra.com\/blog\/#website"},"primaryImageOfPage":{"@id":"https:\/\/agenciainfra.com\/blog\/saneamento-foi-a-unica-pauta-pro-infraestrutura-aprovada-no-parlamento-em-2020\/#primaryimage"},"image":{"@id":"https:\/\/agenciainfra.com\/blog\/saneamento-foi-a-unica-pauta-pro-infraestrutura-aprovada-no-parlamento-em-2020\/#primaryimage"},"thumbnailUrl":"https:\/\/agenciainfra.com\/blog\/wp-content\/uploads\/2020\/07\/congresso-foto-roque-sa-agencia-senado.jpg","datePublished":"2020-07-29T11:00:00+00:00","breadcrumb":{"@id":"https:\/\/agenciainfra.com\/blog\/saneamento-foi-a-unica-pauta-pro-infraestrutura-aprovada-no-parlamento-em-2020\/#breadcrumb"},"inLanguage":"pt-BR","potentialAction":[{"@type":"ReadAction","target":["https:\/\/agenciainfra.com\/blog\/saneamento-foi-a-unica-pauta-pro-infraestrutura-aprovada-no-parlamento-em-2020\/"]}]},{"@type":"ImageObject","inLanguage":"pt-BR","@id":"https:\/\/agenciainfra.com\/blog\/saneamento-foi-a-unica-pauta-pro-infraestrutura-aprovada-no-parlamento-em-2020\/#primaryimage","url":"https:\/\/agenciainfra.com\/blog\/wp-content\/uploads\/2020\/07\/congresso-foto-roque-sa-agencia-senado.jpg","contentUrl":"https:\/\/agenciainfra.com\/blog\/wp-content\/uploads\/2020\/07\/congresso-foto-roque-sa-agencia-senado.jpg","width":1280,"height":853,"caption":"Foto: Roque S\u00e1\/Ag\u00eancia Senado"},{"@type":"BreadcrumbList","@id":"https:\/\/agenciainfra.com\/blog\/saneamento-foi-a-unica-pauta-pro-infraestrutura-aprovada-no-parlamento-em-2020\/#breadcrumb","itemListElement":[{"@type":"ListItem","position":1,"name":"In\u00edcio","item":"https:\/\/agenciainfra.com\/blog\/"},{"@type":"ListItem","position":2,"name":"Saneamento foi a \u00fanica pauta pr\u00f3-infraestrutura aprovada no Parlamento em 2020"}]},{"@type":"WebSite","@id":"https:\/\/agenciainfra.com\/blog\/#website","url":"https:\/\/agenciainfra.com\/blog\/","name":"Ag\u00eancia iNFRA","description":"Multiplataforma de informa\u00e7\u00e3o jornal\u00edstica refer\u00eancia na \u00e1rea de infraestrutura no Brasil!","publisher":{"@id":"https:\/\/agenciainfra.com\/blog\/#organization"},"potentialAction":[{"@type":"SearchAction","target":{"@type":"EntryPoint","urlTemplate":"https:\/\/agenciainfra.com\/blog\/?s={search_term_string}"},"query-input":{"@type":"PropertyValueSpecification","valueRequired":true,"valueName":"search_term_string"}}],"inLanguage":"pt-BR"},{"@type":"Organization","@id":"https:\/\/agenciainfra.com\/blog\/#organization","name":"Ag\u00eancia iNFRA","url":"https:\/\/agenciainfra.com\/blog\/","logo":{"@type":"ImageObject","inLanguage":"pt-BR","@id":"https:\/\/agenciainfra.com\/blog\/#\/schema\/logo\/image\/","url":"https:\/\/agenciainfra.com\/blog\/wp-content\/uploads\/2023\/09\/iNFRA_5-e1761735885940.png","contentUrl":"https:\/\/agenciainfra.com\/blog\/wp-content\/uploads\/2023\/09\/iNFRA_5-e1761735885940.png","width":1672,"height":454,"caption":"Ag\u00eancia iNFRA"},"image":{"@id":"https:\/\/agenciainfra.com\/blog\/#\/schema\/logo\/image\/"},"sameAs":["https:\/\/www.facebook.com\/ageninfra","https:\/\/x.com\/agencia_infra","https:\/\/www.linkedin.com\/company\/ag\u00eanciainfra\/","https:\/\/www.instagram.com\/agenciainfra\/"]},{"@type":"Person","@id":"https:\/\/agenciainfra.com\/blog\/#\/schema\/person\/04dbb79bd6d8951f063da71f3e4c1eb1","name":"Rodrigo Zuquim","image":{"@type":"ImageObject","inLanguage":"pt-BR","@id":"https:\/\/agenciainfra.com\/blog\/#\/schema\/person\/image\/","url":"https:\/\/secure.gravatar.com\/avatar\/594abfe82761d620726242ff34ca472a705a4b97f16c790053a6b4c4035274d0?s=96&d=mm&r=g","contentUrl":"https:\/\/secure.gravatar.com\/avatar\/594abfe82761d620726242ff34ca472a705a4b97f16c790053a6b4c4035274d0?s=96&d=mm&r=g","caption":"Rodrigo Zuquim"},"url":"https:\/\/agenciainfra.com\/blog\/author\/rodrigo-zuquim\/"}]}},"_links":{"self":[{"href":"https:\/\/agenciainfra.com\/blog\/wp-json\/wp\/v2\/posts\/5502","targetHints":{"allow":["GET"]}}],"collection":[{"href":"https:\/\/agenciainfra.com\/blog\/wp-json\/wp\/v2\/posts"}],"about":[{"href":"https:\/\/agenciainfra.com\/blog\/wp-json\/wp\/v2\/types\/post"}],"author":[{"embeddable":true,"href":"https:\/\/agenciainfra.com\/blog\/wp-json\/wp\/v2\/users\/9"}],"replies":[{"embeddable":true,"href":"https:\/\/agenciainfra.com\/blog\/wp-json\/wp\/v2\/comments?post=5502"}],"version-history":[{"count":0,"href":"https:\/\/agenciainfra.com\/blog\/wp-json\/wp\/v2\/posts\/5502\/revisions"}],"wp:featuredmedia":[{"embeddable":true,"href":"https:\/\/agenciainfra.com\/blog\/wp-json\/wp\/v2\/media\/5503"}],"wp:attachment":[{"href":"https:\/\/agenciainfra.com\/blog\/wp-json\/wp\/v2\/media?parent=5502"}],"wp:term":[{"taxonomy":"category","embeddable":true,"href":"https:\/\/agenciainfra.com\/blog\/wp-json\/wp\/v2\/categories?post=5502"},{"taxonomy":"post_tag","embeddable":true,"href":"https:\/\/agenciainfra.com\/blog\/wp-json\/wp\/v2\/tags?post=5502"}],"curies":[{"name":"wp","href":"https:\/\/api.w.org\/{rel}","templated":true}]}}