{"id":5523,"date":"2020-07-29T07:44:13","date_gmt":"2020-07-29T10:44:13","guid":{"rendered":"https:\/\/www.agenciainfra.com\/blog\/?p=5523"},"modified":"2020-07-29T07:44:22","modified_gmt":"2020-07-29T10:44:22","slug":"governo-publica-novo-pdz-de-santos-e-abre-espaco-para-ampliacao-de-ferrovia-no-porto","status":"publish","type":"post","link":"https:\/\/agenciainfra.com\/blog\/governo-publica-novo-pdz-de-santos-e-abre-espaco-para-ampliacao-de-ferrovia-no-porto\/","title":{"rendered":"Governo publica novo PDZ de Santos e abre espa\u00e7o para amplia\u00e7\u00e3o de ferrovia no porto"},"content":{"rendered":"\n<p class=\"has-text-align-right\"><strong>da Ag\u00eancia iNFRA<\/strong><\/p>\n\n\n\n<p>O Minist\u00e9rio da Infraestrutura publicou no Di\u00e1rio Oficial de hoje (29) portaria aprovando o novo PDZ (Plano de Desenvolvimento e Zoneamento) do Porto de Santos (SP). A portaria est\u00e1 dispon\u00edvel\u00a0<a rel=\"noreferrer noopener\" href=\"https:\/\/agenciainfra.us14.list-manage.com\/track\/click?u=d460dd1bcf9ba0ae040e1fc0f&amp;id=7720dad92d&amp;e=de74d75805\" target=\"_blank\">neste link<\/a>.<\/p>\n\n\n\n<p>O minist\u00e9rio conseguiu revogar\u00a0na ter\u00e7a-feira (28) liminar que impedia o prosseguimento do processo para cria\u00e7\u00e3o do PDZ e, no mesmo dia, assinou a portaria que implementa esse novo plano.\u00a0\u00a0O desembargador Carlos Augusto Pires Brand\u00e3o, do Tribunal Regional Federal da 1\u00aa Regi\u00e3o, suspendeu integralmente os efeitos de uma decis\u00e3o em que a Marimex, empresa arrendat\u00e1ria de terminal retroalfandegado no porto, conseguiu em 1\u00aa inst\u00e2ncia suspender o andamento do processo do PDZ.<\/p>\n\n\n\n<p>A Marimex alegava no processo que estava sendo prejudicada com o novo plano e n\u00e3o teria tido acesso aos autos. O desembargador disse que a interfer\u00eancia do Judici\u00e1rio nesse ato do governo foi indevida porque ele\u00a0\u00e9 da discricionariedade do Executivo.\u00a0O novo PDZ cria uma reorganiza\u00e7\u00e3o de \u00e1reas do porto, buscando um processo chamado de clusteriza\u00e7\u00e3o do maior porto da Am\u00e9rica Latina. Com esse processo, a tentativa ser\u00e1 por colocar terminais com as mesmas caracter\u00edsticas em \u00e1reas pr\u00f3ximas.<\/p>\n\n\n\n<p>O processo prev\u00ea tamb\u00e9m uma amplia\u00e7\u00e3o da participa\u00e7\u00e3o das ferrovias na movimenta\u00e7\u00e3o de cargas. Para isso, o governo alega que precisa retirar a Marimex de sua atual localiza\u00e7\u00e3o para usar parte do terreno utilizado por ela para ampliar o acesso ferrovi\u00e1rio aos terminais da regi\u00e3o. A empresa alega que a decis\u00e3o\u00a0do governo vai contra a competitividade do setor de cont\u00eaineres e est\u00e1 sendo realizada de forma ilegal.\u00a0No momento, h\u00e1 uma liminar do ministro Vital do R\u00eago, do TCU (Tribunal de Contas da Uni\u00e3o), que impede o governo de seguir com o processo de retirada dessa empresa da \u00e1rea.<\/p>\n","protected":false},"excerpt":{"rendered":"<p>da Ag\u00eancia iNFRA O Minist\u00e9rio da Infraestrutura publicou no Di\u00e1rio Oficial de hoje (29) portaria aprovando o novo PDZ (Plano de Desenvolvimento e Zoneamento) do Porto de Santos (SP). A portaria est\u00e1 dispon\u00edvel\u00a0neste link. O minist\u00e9rio conseguiu revogar\u00a0na ter\u00e7a-feira (28) liminar que impedia o prosseguimento do processo para cria\u00e7\u00e3o do PDZ e, no mesmo dia, [&hellip;]<\/p>\n","protected":false},"author":9,"featured_media":5524,"comment_status":"closed","ping_status":"closed","sticky":false,"template":"","format":"standard","meta":{"_monsterinsights_skip_tracking":false,"_monsterinsights_sitenote_active":false,"_monsterinsights_sitenote_note":"","_monsterinsights_sitenote_category":0,"footnotes":""},"categories":[1,2052],"tags":[2359,1718,775,2229,2358,260,18,860],"class_list":["post-5523","post","type-post","status-publish","format-standard","has-post-thumbnail","hentry","category-geral","category-infra-transicao","tag-carlos-augusto-pires-brandao","tag-marimex","tag-ministerio-da-infraestrutura","tag-pdz","tag-plano-de-desenvolvimento-e-zoneamento","tag-porto-de-santos","tag-tcu","tag-vital-do-rego"],"yoast_head":"<!-- This site is optimized with the Yoast SEO Premium plugin v25.4 (Yoast SEO v26.0) - https:\/\/yoast.com\/wordpress\/plugins\/seo\/ -->\n<title>Governo publica novo PDZ de Santos e abre espa\u00e7o para amplia\u00e7\u00e3o de ferrovia no porto - Ag\u00eancia iNFRA<\/title>\n<meta name=\"robots\" content=\"index, follow, max-snippet:-1, max-image-preview:large, max-video-preview:-1\" \/>\n<link rel=\"canonical\" href=\"https:\/\/agenciainfra.com\/blog\/governo-publica-novo-pdz-de-santos-e-abre-espaco-para-ampliacao-de-ferrovia-no-porto\/\" \/>\n<meta property=\"og:locale\" content=\"pt_BR\" \/>\n<meta property=\"og:type\" content=\"article\" \/>\n<meta property=\"og:title\" content=\"Governo publica novo PDZ de Santos e abre espa\u00e7o para amplia\u00e7\u00e3o de ferrovia no porto\" \/>\n<meta property=\"og:description\" content=\"da Ag\u00eancia iNFRA O Minist\u00e9rio da Infraestrutura publicou no Di\u00e1rio Oficial de hoje (29) portaria aprovando o novo PDZ (Plano de Desenvolvimento e Zoneamento) do Porto de Santos (SP). A portaria est\u00e1 dispon\u00edvel\u00a0neste link. O minist\u00e9rio conseguiu revogar\u00a0na ter\u00e7a-feira (28) liminar que impedia o prosseguimento do processo para cria\u00e7\u00e3o do PDZ e, no mesmo dia, [&hellip;]\" \/>\n<meta property=\"og:url\" content=\"https:\/\/agenciainfra.com\/blog\/governo-publica-novo-pdz-de-santos-e-abre-espaco-para-ampliacao-de-ferrovia-no-porto\/\" \/>\n<meta property=\"og:site_name\" content=\"Ag\u00eancia iNFRA\" \/>\n<meta property=\"article:publisher\" content=\"https:\/\/www.facebook.com\/ageninfra\" \/>\n<meta property=\"article:published_time\" content=\"2020-07-29T10:44:13+00:00\" \/>\n<meta property=\"article:modified_time\" content=\"2020-07-29T10:44:22+00:00\" \/>\n<meta property=\"og:image\" content=\"https:\/\/agenciainfra.com\/blog\/wp-content\/uploads\/2020\/07\/porto-de-santos-foto-sergio-coelho-spa.jpeg\" \/>\n\t<meta property=\"og:image:width\" content=\"1280\" \/>\n\t<meta property=\"og:image:height\" content=\"858\" \/>\n\t<meta property=\"og:image:type\" content=\"image\/jpeg\" \/>\n<meta name=\"author\" content=\"Rodrigo Zuquim\" \/>\n<meta name=\"twitter:card\" content=\"summary_large_image\" \/>\n<meta name=\"twitter:creator\" content=\"@agencia_infra\" \/>\n<meta name=\"twitter:site\" content=\"@agencia_infra\" \/>\n<meta name=\"twitter:label1\" content=\"Escrito por\" \/>\n\t<meta name=\"twitter:data1\" content=\"Rodrigo Zuquim\" \/>\n\t<meta name=\"twitter:label2\" content=\"Est. tempo de leitura\" \/>\n\t<meta name=\"twitter:data2\" content=\"2 minutos\" \/>\n<script type=\"application\/ld+json\" class=\"yoast-schema-graph\">{\"@context\":\"https:\/\/schema.org\",\"@graph\":[{\"@type\":\"Article\",\"@id\":\"https:\/\/agenciainfra.com\/blog\/governo-publica-novo-pdz-de-santos-e-abre-espaco-para-ampliacao-de-ferrovia-no-porto\/#article\",\"isPartOf\":{\"@id\":\"https:\/\/agenciainfra.com\/blog\/governo-publica-novo-pdz-de-santos-e-abre-espaco-para-ampliacao-de-ferrovia-no-porto\/\"},\"author\":{\"name\":\"Rodrigo Zuquim\",\"@id\":\"https:\/\/agenciainfra.com\/blog\/#\/schema\/person\/04dbb79bd6d8951f063da71f3e4c1eb1\"},\"headline\":\"Governo publica novo PDZ de Santos e abre espa\u00e7o para amplia\u00e7\u00e3o de ferrovia no porto\",\"datePublished\":\"2020-07-29T10:44:13+00:00\",\"dateModified\":\"2020-07-29T10:44:22+00:00\",\"mainEntityOfPage\":{\"@id\":\"https:\/\/agenciainfra.com\/blog\/governo-publica-novo-pdz-de-santos-e-abre-espaco-para-ampliacao-de-ferrovia-no-porto\/\"},\"wordCount\":329,\"publisher\":{\"@id\":\"https:\/\/agenciainfra.com\/blog\/#organization\"},\"image\":{\"@id\":\"https:\/\/agenciainfra.com\/blog\/governo-publica-novo-pdz-de-santos-e-abre-espaco-para-ampliacao-de-ferrovia-no-porto\/#primaryimage\"},\"thumbnailUrl\":\"https:\/\/agenciainfra.com\/blog\/wp-content\/uploads\/2020\/07\/porto-de-santos-foto-sergio-coelho-spa.jpeg\",\"keywords\":[\"Carlos Augusto Pires Brand\u00e3o\",\"Marimex\",\"Minist\u00e9rio da Infraestrutura\",\"PDZ\",\"Plano de Desenvolvimento e Zoneamento\",\"Porto de Santos\",\"TCU\",\"Vital do R\u00eago\"],\"articleSection\":[\"Geral\",\"iNFRA Na Transi\u00e7\u00e3o\"],\"inLanguage\":\"pt-BR\",\"copyrightYear\":\"2020\",\"copyrightHolder\":{\"@id\":\"https:\/\/agenciainfra.com\/blog\/#organization\"}},{\"@type\":\"WebPage\",\"@id\":\"https:\/\/agenciainfra.com\/blog\/governo-publica-novo-pdz-de-santos-e-abre-espaco-para-ampliacao-de-ferrovia-no-porto\/\",\"url\":\"https:\/\/agenciainfra.com\/blog\/governo-publica-novo-pdz-de-santos-e-abre-espaco-para-ampliacao-de-ferrovia-no-porto\/\",\"name\":\"Governo publica novo PDZ de Santos e abre espa\u00e7o para amplia\u00e7\u00e3o de ferrovia no porto - Ag\u00eancia iNFRA\",\"isPartOf\":{\"@id\":\"https:\/\/agenciainfra.com\/blog\/#website\"},\"primaryImageOfPage\":{\"@id\":\"https:\/\/agenciainfra.com\/blog\/governo-publica-novo-pdz-de-santos-e-abre-espaco-para-ampliacao-de-ferrovia-no-porto\/#primaryimage\"},\"image\":{\"@id\":\"https:\/\/agenciainfra.com\/blog\/governo-publica-novo-pdz-de-santos-e-abre-espaco-para-ampliacao-de-ferrovia-no-porto\/#primaryimage\"},\"thumbnailUrl\":\"https:\/\/agenciainfra.com\/blog\/wp-content\/uploads\/2020\/07\/porto-de-santos-foto-sergio-coelho-spa.jpeg\",\"datePublished\":\"2020-07-29T10:44:13+00:00\",\"dateModified\":\"2020-07-29T10:44:22+00:00\",\"breadcrumb\":{\"@id\":\"https:\/\/agenciainfra.com\/blog\/governo-publica-novo-pdz-de-santos-e-abre-espaco-para-ampliacao-de-ferrovia-no-porto\/#breadcrumb\"},\"inLanguage\":\"pt-BR\",\"potentialAction\":[{\"@type\":\"ReadAction\",\"target\":[\"https:\/\/agenciainfra.com\/blog\/governo-publica-novo-pdz-de-santos-e-abre-espaco-para-ampliacao-de-ferrovia-no-porto\/\"]}]},{\"@type\":\"ImageObject\",\"inLanguage\":\"pt-BR\",\"@id\":\"https:\/\/agenciainfra.com\/blog\/governo-publica-novo-pdz-de-santos-e-abre-espaco-para-ampliacao-de-ferrovia-no-porto\/#primaryimage\",\"url\":\"https:\/\/agenciainfra.com\/blog\/wp-content\/uploads\/2020\/07\/porto-de-santos-foto-sergio-coelho-spa.jpeg\",\"contentUrl\":\"https:\/\/agenciainfra.com\/blog\/wp-content\/uploads\/2020\/07\/porto-de-santos-foto-sergio-coelho-spa.jpeg\",\"width\":1280,\"height\":858,\"caption\":\"Foto: S\u00e9rgio Coelho\/SPA\"},{\"@type\":\"BreadcrumbList\",\"@id\":\"https:\/\/agenciainfra.com\/blog\/governo-publica-novo-pdz-de-santos-e-abre-espaco-para-ampliacao-de-ferrovia-no-porto\/#breadcrumb\",\"itemListElement\":[{\"@type\":\"ListItem\",\"position\":1,\"name\":\"In\u00edcio\",\"item\":\"https:\/\/agenciainfra.com\/blog\/\"},{\"@type\":\"ListItem\",\"position\":2,\"name\":\"Governo publica novo PDZ de Santos e abre espa\u00e7o para amplia\u00e7\u00e3o de ferrovia no porto\"}]},{\"@type\":\"WebSite\",\"@id\":\"https:\/\/agenciainfra.com\/blog\/#website\",\"url\":\"https:\/\/agenciainfra.com\/blog\/\",\"name\":\"Ag\u00eancia iNFRA\",\"description\":\"Multiplataforma de informa\u00e7\u00e3o jornal\u00edstica refer\u00eancia na \u00e1rea de infraestrutura no Brasil!\",\"publisher\":{\"@id\":\"https:\/\/agenciainfra.com\/blog\/#organization\"},\"potentialAction\":[{\"@type\":\"SearchAction\",\"target\":{\"@type\":\"EntryPoint\",\"urlTemplate\":\"https:\/\/agenciainfra.com\/blog\/?s={search_term_string}\"},\"query-input\":{\"@type\":\"PropertyValueSpecification\",\"valueRequired\":true,\"valueName\":\"search_term_string\"}}],\"inLanguage\":\"pt-BR\"},{\"@type\":\"Organization\",\"@id\":\"https:\/\/agenciainfra.com\/blog\/#organization\",\"name\":\"Ag\u00eancia iNFRA\",\"url\":\"https:\/\/agenciainfra.com\/blog\/\",\"logo\":{\"@type\":\"ImageObject\",\"inLanguage\":\"pt-BR\",\"@id\":\"https:\/\/agenciainfra.com\/blog\/#\/schema\/logo\/image\/\",\"url\":\"https:\/\/agenciainfra.com\/blog\/wp-content\/uploads\/2023\/09\/iNFRA_5-e1761735885940.png\",\"contentUrl\":\"https:\/\/agenciainfra.com\/blog\/wp-content\/uploads\/2023\/09\/iNFRA_5-e1761735885940.png\",\"width\":1672,\"height\":454,\"caption\":\"Ag\u00eancia iNFRA\"},\"image\":{\"@id\":\"https:\/\/agenciainfra.com\/blog\/#\/schema\/logo\/image\/\"},\"sameAs\":[\"https:\/\/www.facebook.com\/ageninfra\",\"https:\/\/x.com\/agencia_infra\",\"https:\/\/www.linkedin.com\/company\/ag\u00eanciainfra\/\",\"https:\/\/www.instagram.com\/agenciainfra\/\"]},{\"@type\":\"Person\",\"@id\":\"https:\/\/agenciainfra.com\/blog\/#\/schema\/person\/04dbb79bd6d8951f063da71f3e4c1eb1\",\"name\":\"Rodrigo Zuquim\",\"image\":{\"@type\":\"ImageObject\",\"inLanguage\":\"pt-BR\",\"@id\":\"https:\/\/agenciainfra.com\/blog\/#\/schema\/person\/image\/\",\"url\":\"https:\/\/secure.gravatar.com\/avatar\/594abfe82761d620726242ff34ca472a705a4b97f16c790053a6b4c4035274d0?s=96&d=mm&r=g\",\"contentUrl\":\"https:\/\/secure.gravatar.com\/avatar\/594abfe82761d620726242ff34ca472a705a4b97f16c790053a6b4c4035274d0?s=96&d=mm&r=g\",\"caption\":\"Rodrigo Zuquim\"},\"url\":\"https:\/\/agenciainfra.com\/blog\/author\/rodrigo-zuquim\/\"}]}<\/script>\n<!-- \/ Yoast SEO Premium plugin. -->","yoast_head_json":{"title":"Governo publica novo PDZ de Santos e abre espa\u00e7o para amplia\u00e7\u00e3o de ferrovia no porto - Ag\u00eancia iNFRA","robots":{"index":"index","follow":"follow","max-snippet":"max-snippet:-1","max-image-preview":"max-image-preview:large","max-video-preview":"max-video-preview:-1"},"canonical":"https:\/\/agenciainfra.com\/blog\/governo-publica-novo-pdz-de-santos-e-abre-espaco-para-ampliacao-de-ferrovia-no-porto\/","og_locale":"pt_BR","og_type":"article","og_title":"Governo publica novo PDZ de Santos e abre espa\u00e7o para amplia\u00e7\u00e3o de ferrovia no porto","og_description":"da Ag\u00eancia iNFRA O Minist\u00e9rio da Infraestrutura publicou no Di\u00e1rio Oficial de hoje (29) portaria aprovando o novo PDZ (Plano de Desenvolvimento e Zoneamento) do Porto de Santos (SP). A portaria est\u00e1 dispon\u00edvel\u00a0neste link. O minist\u00e9rio conseguiu revogar\u00a0na ter\u00e7a-feira (28) liminar que impedia o prosseguimento do processo para cria\u00e7\u00e3o do PDZ e, no mesmo dia, [&hellip;]","og_url":"https:\/\/agenciainfra.com\/blog\/governo-publica-novo-pdz-de-santos-e-abre-espaco-para-ampliacao-de-ferrovia-no-porto\/","og_site_name":"Ag\u00eancia iNFRA","article_publisher":"https:\/\/www.facebook.com\/ageninfra","article_published_time":"2020-07-29T10:44:13+00:00","article_modified_time":"2020-07-29T10:44:22+00:00","og_image":[{"width":1280,"height":858,"url":"https:\/\/agenciainfra.com\/blog\/wp-content\/uploads\/2020\/07\/porto-de-santos-foto-sergio-coelho-spa.jpeg","type":"image\/jpeg"}],"author":"Rodrigo Zuquim","twitter_card":"summary_large_image","twitter_creator":"@agencia_infra","twitter_site":"@agencia_infra","twitter_misc":{"Escrito por":"Rodrigo Zuquim","Est. tempo de leitura":"2 minutos"},"schema":{"@context":"https:\/\/schema.org","@graph":[{"@type":"Article","@id":"https:\/\/agenciainfra.com\/blog\/governo-publica-novo-pdz-de-santos-e-abre-espaco-para-ampliacao-de-ferrovia-no-porto\/#article","isPartOf":{"@id":"https:\/\/agenciainfra.com\/blog\/governo-publica-novo-pdz-de-santos-e-abre-espaco-para-ampliacao-de-ferrovia-no-porto\/"},"author":{"name":"Rodrigo Zuquim","@id":"https:\/\/agenciainfra.com\/blog\/#\/schema\/person\/04dbb79bd6d8951f063da71f3e4c1eb1"},"headline":"Governo publica novo PDZ de Santos e abre espa\u00e7o para amplia\u00e7\u00e3o de ferrovia no porto","datePublished":"2020-07-29T10:44:13+00:00","dateModified":"2020-07-29T10:44:22+00:00","mainEntityOfPage":{"@id":"https:\/\/agenciainfra.com\/blog\/governo-publica-novo-pdz-de-santos-e-abre-espaco-para-ampliacao-de-ferrovia-no-porto\/"},"wordCount":329,"publisher":{"@id":"https:\/\/agenciainfra.com\/blog\/#organization"},"image":{"@id":"https:\/\/agenciainfra.com\/blog\/governo-publica-novo-pdz-de-santos-e-abre-espaco-para-ampliacao-de-ferrovia-no-porto\/#primaryimage"},"thumbnailUrl":"https:\/\/agenciainfra.com\/blog\/wp-content\/uploads\/2020\/07\/porto-de-santos-foto-sergio-coelho-spa.jpeg","keywords":["Carlos Augusto Pires Brand\u00e3o","Marimex","Minist\u00e9rio da Infraestrutura","PDZ","Plano de Desenvolvimento e Zoneamento","Porto de Santos","TCU","Vital do R\u00eago"],"articleSection":["Geral","iNFRA Na Transi\u00e7\u00e3o"],"inLanguage":"pt-BR","copyrightYear":"2020","copyrightHolder":{"@id":"https:\/\/agenciainfra.com\/blog\/#organization"}},{"@type":"WebPage","@id":"https:\/\/agenciainfra.com\/blog\/governo-publica-novo-pdz-de-santos-e-abre-espaco-para-ampliacao-de-ferrovia-no-porto\/","url":"https:\/\/agenciainfra.com\/blog\/governo-publica-novo-pdz-de-santos-e-abre-espaco-para-ampliacao-de-ferrovia-no-porto\/","name":"Governo publica novo PDZ de Santos e abre espa\u00e7o para amplia\u00e7\u00e3o de ferrovia no porto - Ag\u00eancia iNFRA","isPartOf":{"@id":"https:\/\/agenciainfra.com\/blog\/#website"},"primaryImageOfPage":{"@id":"https:\/\/agenciainfra.com\/blog\/governo-publica-novo-pdz-de-santos-e-abre-espaco-para-ampliacao-de-ferrovia-no-porto\/#primaryimage"},"image":{"@id":"https:\/\/agenciainfra.com\/blog\/governo-publica-novo-pdz-de-santos-e-abre-espaco-para-ampliacao-de-ferrovia-no-porto\/#primaryimage"},"thumbnailUrl":"https:\/\/agenciainfra.com\/blog\/wp-content\/uploads\/2020\/07\/porto-de-santos-foto-sergio-coelho-spa.jpeg","datePublished":"2020-07-29T10:44:13+00:00","dateModified":"2020-07-29T10:44:22+00:00","breadcrumb":{"@id":"https:\/\/agenciainfra.com\/blog\/governo-publica-novo-pdz-de-santos-e-abre-espaco-para-ampliacao-de-ferrovia-no-porto\/#breadcrumb"},"inLanguage":"pt-BR","potentialAction":[{"@type":"ReadAction","target":["https:\/\/agenciainfra.com\/blog\/governo-publica-novo-pdz-de-santos-e-abre-espaco-para-ampliacao-de-ferrovia-no-porto\/"]}]},{"@type":"ImageObject","inLanguage":"pt-BR","@id":"https:\/\/agenciainfra.com\/blog\/governo-publica-novo-pdz-de-santos-e-abre-espaco-para-ampliacao-de-ferrovia-no-porto\/#primaryimage","url":"https:\/\/agenciainfra.com\/blog\/wp-content\/uploads\/2020\/07\/porto-de-santos-foto-sergio-coelho-spa.jpeg","contentUrl":"https:\/\/agenciainfra.com\/blog\/wp-content\/uploads\/2020\/07\/porto-de-santos-foto-sergio-coelho-spa.jpeg","width":1280,"height":858,"caption":"Foto: S\u00e9rgio Coelho\/SPA"},{"@type":"BreadcrumbList","@id":"https:\/\/agenciainfra.com\/blog\/governo-publica-novo-pdz-de-santos-e-abre-espaco-para-ampliacao-de-ferrovia-no-porto\/#breadcrumb","itemListElement":[{"@type":"ListItem","position":1,"name":"In\u00edcio","item":"https:\/\/agenciainfra.com\/blog\/"},{"@type":"ListItem","position":2,"name":"Governo publica novo PDZ de Santos e abre espa\u00e7o para amplia\u00e7\u00e3o de ferrovia no porto"}]},{"@type":"WebSite","@id":"https:\/\/agenciainfra.com\/blog\/#website","url":"https:\/\/agenciainfra.com\/blog\/","name":"Ag\u00eancia iNFRA","description":"Multiplataforma de informa\u00e7\u00e3o jornal\u00edstica refer\u00eancia na \u00e1rea de infraestrutura no Brasil!","publisher":{"@id":"https:\/\/agenciainfra.com\/blog\/#organization"},"potentialAction":[{"@type":"SearchAction","target":{"@type":"EntryPoint","urlTemplate":"https:\/\/agenciainfra.com\/blog\/?s={search_term_string}"},"query-input":{"@type":"PropertyValueSpecification","valueRequired":true,"valueName":"search_term_string"}}],"inLanguage":"pt-BR"},{"@type":"Organization","@id":"https:\/\/agenciainfra.com\/blog\/#organization","name":"Ag\u00eancia iNFRA","url":"https:\/\/agenciainfra.com\/blog\/","logo":{"@type":"ImageObject","inLanguage":"pt-BR","@id":"https:\/\/agenciainfra.com\/blog\/#\/schema\/logo\/image\/","url":"https:\/\/agenciainfra.com\/blog\/wp-content\/uploads\/2023\/09\/iNFRA_5-e1761735885940.png","contentUrl":"https:\/\/agenciainfra.com\/blog\/wp-content\/uploads\/2023\/09\/iNFRA_5-e1761735885940.png","width":1672,"height":454,"caption":"Ag\u00eancia iNFRA"},"image":{"@id":"https:\/\/agenciainfra.com\/blog\/#\/schema\/logo\/image\/"},"sameAs":["https:\/\/www.facebook.com\/ageninfra","https:\/\/x.com\/agencia_infra","https:\/\/www.linkedin.com\/company\/ag\u00eanciainfra\/","https:\/\/www.instagram.com\/agenciainfra\/"]},{"@type":"Person","@id":"https:\/\/agenciainfra.com\/blog\/#\/schema\/person\/04dbb79bd6d8951f063da71f3e4c1eb1","name":"Rodrigo Zuquim","image":{"@type":"ImageObject","inLanguage":"pt-BR","@id":"https:\/\/agenciainfra.com\/blog\/#\/schema\/person\/image\/","url":"https:\/\/secure.gravatar.com\/avatar\/594abfe82761d620726242ff34ca472a705a4b97f16c790053a6b4c4035274d0?s=96&d=mm&r=g","contentUrl":"https:\/\/secure.gravatar.com\/avatar\/594abfe82761d620726242ff34ca472a705a4b97f16c790053a6b4c4035274d0?s=96&d=mm&r=g","caption":"Rodrigo Zuquim"},"url":"https:\/\/agenciainfra.com\/blog\/author\/rodrigo-zuquim\/"}]}},"_links":{"self":[{"href":"https:\/\/agenciainfra.com\/blog\/wp-json\/wp\/v2\/posts\/5523","targetHints":{"allow":["GET"]}}],"collection":[{"href":"https:\/\/agenciainfra.com\/blog\/wp-json\/wp\/v2\/posts"}],"about":[{"href":"https:\/\/agenciainfra.com\/blog\/wp-json\/wp\/v2\/types\/post"}],"author":[{"embeddable":true,"href":"https:\/\/agenciainfra.com\/blog\/wp-json\/wp\/v2\/users\/9"}],"replies":[{"embeddable":true,"href":"https:\/\/agenciainfra.com\/blog\/wp-json\/wp\/v2\/comments?post=5523"}],"version-history":[{"count":0,"href":"https:\/\/agenciainfra.com\/blog\/wp-json\/wp\/v2\/posts\/5523\/revisions"}],"wp:featuredmedia":[{"embeddable":true,"href":"https:\/\/agenciainfra.com\/blog\/wp-json\/wp\/v2\/media\/5524"}],"wp:attachment":[{"href":"https:\/\/agenciainfra.com\/blog\/wp-json\/wp\/v2\/media?parent=5523"}],"wp:term":[{"taxonomy":"category","embeddable":true,"href":"https:\/\/agenciainfra.com\/blog\/wp-json\/wp\/v2\/categories?post=5523"},{"taxonomy":"post_tag","embeddable":true,"href":"https:\/\/agenciainfra.com\/blog\/wp-json\/wp\/v2\/tags?post=5523"}],"curies":[{"name":"wp","href":"https:\/\/api.w.org\/{rel}","templated":true}]}}