{"id":5526,"date":"2020-07-29T13:00:00","date_gmt":"2020-07-29T16:00:00","guid":{"rendered":"https:\/\/www.agenciainfra.com\/blog\/?p=5526"},"modified":"2020-07-29T11:09:10","modified_gmt":"2020-07-29T14:09:10","slug":"infradebate-entenda-o-que-e-o-selo-infra-integridade-e-como-obte-lo","status":"publish","type":"post","link":"https:\/\/agenciainfra.com\/blog\/infradebate-entenda-o-que-e-o-selo-infra-integridade-e-como-obte-lo\/","title":{"rendered":"iNFRADebate: Entenda o que \u00e9 o Selo Infra + Integridade e como obt\u00ea-lo"},"content":{"rendered":"\n<p class=\"has-text-align-right\"><strong>Ana Luiza Jacoby*<\/strong><\/p>\n\n\n\n<p>O Minist\u00e9rio da Infraestrutura editou no dia 23 de julho a Portaria 102, que instituiu os requisitos para o &#8220;Selo Infra + Integridade&#8221;.<\/p>\n\n\n\n<p>O objetivo \u00e9 estimular a implementa\u00e7\u00e3o de programas de integridade, conformidade e \u00e9tica, conscientizando essas empresas sobre a import\u00e2ncia do enfrentamento de condutas antit\u00e9ticas, auxiliando, ainda, no combate aos crimes contra a administra\u00e7\u00e3o p\u00fablica.<\/p>\n\n\n\n<p>As empresas que tenham contratado com a administra\u00e7\u00e3o p\u00fablica nos \u00faltimos cinco anos, que atuam no setor de infraestrutura de transportes terrestres em obras de grande vulto e que zelam pela integridade institucional e p\u00fablica poder\u00e3o aplicar no per\u00edodo de 1\u00ba de fevereiro a 30 de abril no <a rel=\"noreferrer noopener\" href=\"http:\/\/www.infraestrutura.gov.br\/component\/content\/article\/121-subsecretaria-de-conformidade-e-integridade\/10018-selo-integridade.html\" target=\"_blank\">s\u00edtio eletr\u00f4nico<\/a> do Minfra (Minist\u00e9rio da Infraestrutura).<\/p>\n\n\n\n<p>As obras de grande vulto s\u00e3o os empreendimentos com estimativa de gastos superior a R$ 82,5 milh\u00f5es.<\/p>\n\n\n\n<p>As empresas devem ser reconhecidas no desenvolvimento de boas pr\u00e1ticas de governan\u00e7a, compreendendo integridade, \u00e9tica, transpar\u00eancia, conformidade, responsabilidade social, sustentabilidade e preven\u00e7\u00e3o \u00e0 fraude e \u00e0 corrup\u00e7\u00e3o.<\/p>\n\n\n\n<p>Para tanto, devem encaminhar os seguintes documentos:<\/p>\n\n\n\n<p>a) programa de compliance com as evid\u00eancias de sua exist\u00eancia e aplica\u00e7\u00e3o;<\/p>\n\n\n\n<p>b) c\u00f3digo de \u00e9tica ou de conduta;<\/p>\n\n\n\n<p>c) comprovantes de treinamento e de estrutura respons\u00e1vel pelo programa;<\/p>\n\n\n\n<p>d) comprovante de assinatura do Pacto Empresarial pela Integridade e contra a Corrup\u00e7\u00e3o, promovido pelo Instituto Ethos;<\/p>\n\n\n\n<p>e) comprovante de nada consta do CNEP (Cadastro Nacional de Empresas Punidas);\u00a0<\/p>\n\n\n\n<p>f) certid\u00e3o negativa de crimes ambientais, da Justi\u00e7a Federal e da Justi\u00e7a Estadual;<\/p>\n\n\n\n<p>g) comprovante de nada consta de infra\u00e7\u00f5es ambientais do Ibama (Instituto Brasileiro do Meio Ambiente e dos Recursos Naturais Renov\u00e1veis);\u00a0<\/p>\n\n\n\n<p>h) certificado de Sistema de Gest\u00e3o Ambiental, de acordo com a norma NBR ISO 14.001.<\/p>\n\n\n\n<p>O comit\u00ea que ser\u00e1 constitu\u00eddo para esse fim ter\u00e1 90 dias para proceder com a an\u00e1lise e elaborar\u00e1 RAF (Relat\u00f3rio de An\u00e1lise Final).<\/p>\n\n\n\n<p>As empresas habilitadas devem assinar o Pacto pela \u00c9tica, Integridade e Sustentabilidade, do Minfra, e, caso atendam todos os requisitos, ser\u00e3o premiadas com o selo. Com isso, ter\u00e3o seu nome divulgado no s\u00edtio eletr\u00f4nico do Minist\u00e9rio da Infraestrutura e poder\u00e3o divulgar o selo em produtos, embalagens, documentos, s\u00edtios eletr\u00f4nicos, comerciais, folders, placas, ve\u00edculos e afins pelo per\u00edodo de um ano contado da data de premia\u00e7\u00e3o.\u00a0<\/p>\n\n\n\n<p>O reconhecimento p\u00fablico de empresa \u00edntegra perante o Minist\u00e9rio da Infraestrutura certamente agrega valor \u00e0 marca da empresa perante os mercados nacional e internacional e, principalmente, fornece seguran\u00e7a e credibilidade para novas contrata\u00e7\u00f5es perante o setor p\u00fablico.<\/p>\n\n\n\n<h6 class=\"wp-block-heading\"><strong>*Ana Luiza Jacoby \u00e9 advogada e administradora da Jacoby Fernandes e Reolon Advogados Associados. P\u00f3s-graduada em Direito Administrativo pelo Instituto de Direito P\u00fablico de Bras\u00edlia e em Administra\u00e7\u00e3o de Empresas pela Funda\u00e7\u00e3o Getulio Vargas. Mestranda em Direito Administrativo pela PUC-SP.<\/strong><\/h6>\n\n\n\n<h5 class=\"wp-block-heading\">O iNFRADebate \u00e9 o espa\u00e7o de artigos da Ag\u00eancia iNFRA com opini\u00f5es de seus atores que n\u00e3o refletem necessariamente o pensamento da Ag\u00eancia iNFRA, sendo de total responsabilidade do autor as informa\u00e7\u00f5es, ju\u00edzos de valor e conceitos descritos no texto.<\/h5>\n","protected":false},"excerpt":{"rendered":"<p>Ana Luiza Jacoby* O Minist\u00e9rio da Infraestrutura editou no dia 23 de julho a Portaria 102, que instituiu os requisitos para o &#8220;Selo Infra + Integridade&#8221;. O objetivo \u00e9 estimular a implementa\u00e7\u00e3o de programas de integridade, conformidade e \u00e9tica, conscientizando essas empresas sobre a import\u00e2ncia do enfrentamento de condutas antit\u00e9ticas, auxiliando, ainda, no combate aos [&hellip;]<\/p>\n","protected":false},"author":9,"featured_media":5527,"comment_status":"closed","ping_status":"closed","sticky":false,"template":"","format":"standard","meta":{"_monsterinsights_skip_tracking":false,"_monsterinsights_sitenote_active":false,"_monsterinsights_sitenote_note":"","_monsterinsights_sitenote_category":0,"footnotes":""},"categories":[1,11],"tags":[2362,2361,775,2360,1518],"class_list":["post-5526","post","type-post","status-publish","format-standard","has-post-thumbnail","hentry","category-geral","category-infradebate","tag-administracao-publica","tag-ana-luiza-jacoby","tag-ministerio-da-infraestrutura","tag-selo-infra-integridade","tag-transportes-terrestres"],"yoast_head":"<!-- This site is optimized with the Yoast SEO Premium plugin v25.4 (Yoast SEO v26.0) - https:\/\/yoast.com\/wordpress\/plugins\/seo\/ -->\n<title>iNFRADebate: Entenda o que \u00e9 o Selo Infra + Integridade e como obt\u00ea-lo - Ag\u00eancia iNFRA<\/title>\n<meta name=\"robots\" content=\"index, follow, max-snippet:-1, max-image-preview:large, max-video-preview:-1\" \/>\n<link rel=\"canonical\" href=\"https:\/\/agenciainfra.com\/blog\/infradebate-entenda-o-que-e-o-selo-infra-integridade-e-como-obte-lo\/\" \/>\n<meta property=\"og:locale\" content=\"pt_BR\" \/>\n<meta property=\"og:type\" content=\"article\" \/>\n<meta property=\"og:title\" content=\"iNFRADebate: Entenda o que \u00e9 o Selo Infra + Integridade e como obt\u00ea-lo\" \/>\n<meta property=\"og:description\" content=\"Ana Luiza Jacoby* O Minist\u00e9rio da Infraestrutura editou no dia 23 de julho a Portaria 102, que instituiu os requisitos para o &#8220;Selo Infra + Integridade&#8221;. O objetivo \u00e9 estimular a implementa\u00e7\u00e3o de programas de integridade, conformidade e \u00e9tica, conscientizando essas empresas sobre a import\u00e2ncia do enfrentamento de condutas antit\u00e9ticas, auxiliando, ainda, no combate aos [&hellip;]\" \/>\n<meta property=\"og:url\" content=\"https:\/\/agenciainfra.com\/blog\/infradebate-entenda-o-que-e-o-selo-infra-integridade-e-como-obte-lo\/\" \/>\n<meta property=\"og:site_name\" content=\"Ag\u00eancia iNFRA\" \/>\n<meta property=\"article:publisher\" content=\"https:\/\/www.facebook.com\/ageninfra\" \/>\n<meta property=\"article:published_time\" content=\"2020-07-29T16:00:00+00:00\" \/>\n<meta property=\"og:image\" content=\"https:\/\/agenciainfra.com\/blog\/wp-content\/uploads\/2020\/07\/selo_infra_integridade-foto-reproducao-minfra.jpeg\" \/>\n\t<meta property=\"og:image:width\" content=\"1280\" \/>\n\t<meta property=\"og:image:height\" content=\"783\" \/>\n\t<meta property=\"og:image:type\" content=\"image\/jpeg\" \/>\n<meta name=\"author\" content=\"Rodrigo Zuquim\" \/>\n<meta name=\"twitter:card\" content=\"summary_large_image\" \/>\n<meta name=\"twitter:creator\" content=\"@agencia_infra\" \/>\n<meta name=\"twitter:site\" content=\"@agencia_infra\" \/>\n<meta name=\"twitter:label1\" content=\"Escrito por\" \/>\n\t<meta name=\"twitter:data1\" content=\"Rodrigo Zuquim\" \/>\n\t<meta name=\"twitter:label2\" content=\"Est. tempo de leitura\" \/>\n\t<meta name=\"twitter:data2\" content=\"3 minutos\" \/>\n<script type=\"application\/ld+json\" class=\"yoast-schema-graph\">{\"@context\":\"https:\/\/schema.org\",\"@graph\":[{\"@type\":\"Article\",\"@id\":\"https:\/\/agenciainfra.com\/blog\/infradebate-entenda-o-que-e-o-selo-infra-integridade-e-como-obte-lo\/#article\",\"isPartOf\":{\"@id\":\"https:\/\/agenciainfra.com\/blog\/infradebate-entenda-o-que-e-o-selo-infra-integridade-e-como-obte-lo\/\"},\"author\":{\"name\":\"Rodrigo Zuquim\",\"@id\":\"https:\/\/agenciainfra.com\/blog\/#\/schema\/person\/04dbb79bd6d8951f063da71f3e4c1eb1\"},\"headline\":\"iNFRADebate: Entenda o que \u00e9 o Selo Infra + Integridade e como obt\u00ea-lo\",\"datePublished\":\"2020-07-29T16:00:00+00:00\",\"mainEntityOfPage\":{\"@id\":\"https:\/\/agenciainfra.com\/blog\/infradebate-entenda-o-que-e-o-selo-infra-integridade-e-como-obte-lo\/\"},\"wordCount\":540,\"publisher\":{\"@id\":\"https:\/\/agenciainfra.com\/blog\/#organization\"},\"image\":{\"@id\":\"https:\/\/agenciainfra.com\/blog\/infradebate-entenda-o-que-e-o-selo-infra-integridade-e-como-obte-lo\/#primaryimage\"},\"thumbnailUrl\":\"https:\/\/agenciainfra.com\/blog\/wp-content\/uploads\/2020\/07\/selo_infra_integridade-foto-reproducao-minfra.jpeg\",\"keywords\":[\"administra\u00e7\u00e3o p\u00fablica\",\"Ana Luiza Jacoby\",\"Minist\u00e9rio da Infraestrutura\",\"Selo Infra + Integridade\",\"transportes terrestres\"],\"articleSection\":[\"Geral\",\"iNFRADebate\"],\"inLanguage\":\"pt-BR\",\"copyrightYear\":\"2020\",\"copyrightHolder\":{\"@id\":\"https:\/\/agenciainfra.com\/blog\/#organization\"}},{\"@type\":\"WebPage\",\"@id\":\"https:\/\/agenciainfra.com\/blog\/infradebate-entenda-o-que-e-o-selo-infra-integridade-e-como-obte-lo\/\",\"url\":\"https:\/\/agenciainfra.com\/blog\/infradebate-entenda-o-que-e-o-selo-infra-integridade-e-como-obte-lo\/\",\"name\":\"iNFRADebate: Entenda o que \u00e9 o Selo Infra + Integridade e como obt\u00ea-lo - Ag\u00eancia iNFRA\",\"isPartOf\":{\"@id\":\"https:\/\/agenciainfra.com\/blog\/#website\"},\"primaryImageOfPage\":{\"@id\":\"https:\/\/agenciainfra.com\/blog\/infradebate-entenda-o-que-e-o-selo-infra-integridade-e-como-obte-lo\/#primaryimage\"},\"image\":{\"@id\":\"https:\/\/agenciainfra.com\/blog\/infradebate-entenda-o-que-e-o-selo-infra-integridade-e-como-obte-lo\/#primaryimage\"},\"thumbnailUrl\":\"https:\/\/agenciainfra.com\/blog\/wp-content\/uploads\/2020\/07\/selo_infra_integridade-foto-reproducao-minfra.jpeg\",\"datePublished\":\"2020-07-29T16:00:00+00:00\",\"breadcrumb\":{\"@id\":\"https:\/\/agenciainfra.com\/blog\/infradebate-entenda-o-que-e-o-selo-infra-integridade-e-como-obte-lo\/#breadcrumb\"},\"inLanguage\":\"pt-BR\",\"potentialAction\":[{\"@type\":\"ReadAction\",\"target\":[\"https:\/\/agenciainfra.com\/blog\/infradebate-entenda-o-que-e-o-selo-infra-integridade-e-como-obte-lo\/\"]}]},{\"@type\":\"ImageObject\",\"inLanguage\":\"pt-BR\",\"@id\":\"https:\/\/agenciainfra.com\/blog\/infradebate-entenda-o-que-e-o-selo-infra-integridade-e-como-obte-lo\/#primaryimage\",\"url\":\"https:\/\/agenciainfra.com\/blog\/wp-content\/uploads\/2020\/07\/selo_infra_integridade-foto-reproducao-minfra.jpeg\",\"contentUrl\":\"https:\/\/agenciainfra.com\/blog\/wp-content\/uploads\/2020\/07\/selo_infra_integridade-foto-reproducao-minfra.jpeg\",\"width\":1280,\"height\":783},{\"@type\":\"BreadcrumbList\",\"@id\":\"https:\/\/agenciainfra.com\/blog\/infradebate-entenda-o-que-e-o-selo-infra-integridade-e-como-obte-lo\/#breadcrumb\",\"itemListElement\":[{\"@type\":\"ListItem\",\"position\":1,\"name\":\"In\u00edcio\",\"item\":\"https:\/\/agenciainfra.com\/blog\/\"},{\"@type\":\"ListItem\",\"position\":2,\"name\":\"iNFRADebate: Entenda o que \u00e9 o Selo Infra + Integridade e como obt\u00ea-lo\"}]},{\"@type\":\"WebSite\",\"@id\":\"https:\/\/agenciainfra.com\/blog\/#website\",\"url\":\"https:\/\/agenciainfra.com\/blog\/\",\"name\":\"Ag\u00eancia iNFRA\",\"description\":\"Multiplataforma de informa\u00e7\u00e3o jornal\u00edstica refer\u00eancia na \u00e1rea de infraestrutura no Brasil!\",\"publisher\":{\"@id\":\"https:\/\/agenciainfra.com\/blog\/#organization\"},\"potentialAction\":[{\"@type\":\"SearchAction\",\"target\":{\"@type\":\"EntryPoint\",\"urlTemplate\":\"https:\/\/agenciainfra.com\/blog\/?s={search_term_string}\"},\"query-input\":{\"@type\":\"PropertyValueSpecification\",\"valueRequired\":true,\"valueName\":\"search_term_string\"}}],\"inLanguage\":\"pt-BR\"},{\"@type\":\"Organization\",\"@id\":\"https:\/\/agenciainfra.com\/blog\/#organization\",\"name\":\"Ag\u00eancia iNFRA\",\"url\":\"https:\/\/agenciainfra.com\/blog\/\",\"logo\":{\"@type\":\"ImageObject\",\"inLanguage\":\"pt-BR\",\"@id\":\"https:\/\/agenciainfra.com\/blog\/#\/schema\/logo\/image\/\",\"url\":\"https:\/\/agenciainfra.com\/blog\/wp-content\/uploads\/2023\/09\/iNFRA_5-e1761735885940.png\",\"contentUrl\":\"https:\/\/agenciainfra.com\/blog\/wp-content\/uploads\/2023\/09\/iNFRA_5-e1761735885940.png\",\"width\":1672,\"height\":454,\"caption\":\"Ag\u00eancia iNFRA\"},\"image\":{\"@id\":\"https:\/\/agenciainfra.com\/blog\/#\/schema\/logo\/image\/\"},\"sameAs\":[\"https:\/\/www.facebook.com\/ageninfra\",\"https:\/\/x.com\/agencia_infra\",\"https:\/\/www.linkedin.com\/company\/ag\u00eanciainfra\/\",\"https:\/\/www.instagram.com\/agenciainfra\/\"]},{\"@type\":\"Person\",\"@id\":\"https:\/\/agenciainfra.com\/blog\/#\/schema\/person\/04dbb79bd6d8951f063da71f3e4c1eb1\",\"name\":\"Rodrigo Zuquim\",\"image\":{\"@type\":\"ImageObject\",\"inLanguage\":\"pt-BR\",\"@id\":\"https:\/\/agenciainfra.com\/blog\/#\/schema\/person\/image\/\",\"url\":\"https:\/\/secure.gravatar.com\/avatar\/594abfe82761d620726242ff34ca472a705a4b97f16c790053a6b4c4035274d0?s=96&d=mm&r=g\",\"contentUrl\":\"https:\/\/secure.gravatar.com\/avatar\/594abfe82761d620726242ff34ca472a705a4b97f16c790053a6b4c4035274d0?s=96&d=mm&r=g\",\"caption\":\"Rodrigo Zuquim\"},\"url\":\"https:\/\/agenciainfra.com\/blog\/author\/rodrigo-zuquim\/\"}]}<\/script>\n<!-- \/ Yoast SEO Premium plugin. -->","yoast_head_json":{"title":"iNFRADebate: Entenda o que \u00e9 o Selo Infra + Integridade e como obt\u00ea-lo - Ag\u00eancia iNFRA","robots":{"index":"index","follow":"follow","max-snippet":"max-snippet:-1","max-image-preview":"max-image-preview:large","max-video-preview":"max-video-preview:-1"},"canonical":"https:\/\/agenciainfra.com\/blog\/infradebate-entenda-o-que-e-o-selo-infra-integridade-e-como-obte-lo\/","og_locale":"pt_BR","og_type":"article","og_title":"iNFRADebate: Entenda o que \u00e9 o Selo Infra + Integridade e como obt\u00ea-lo","og_description":"Ana Luiza Jacoby* O Minist\u00e9rio da Infraestrutura editou no dia 23 de julho a Portaria 102, que instituiu os requisitos para o &#8220;Selo Infra + Integridade&#8221;. O objetivo \u00e9 estimular a implementa\u00e7\u00e3o de programas de integridade, conformidade e \u00e9tica, conscientizando essas empresas sobre a import\u00e2ncia do enfrentamento de condutas antit\u00e9ticas, auxiliando, ainda, no combate aos [&hellip;]","og_url":"https:\/\/agenciainfra.com\/blog\/infradebate-entenda-o-que-e-o-selo-infra-integridade-e-como-obte-lo\/","og_site_name":"Ag\u00eancia iNFRA","article_publisher":"https:\/\/www.facebook.com\/ageninfra","article_published_time":"2020-07-29T16:00:00+00:00","og_image":[{"width":1280,"height":783,"url":"https:\/\/agenciainfra.com\/blog\/wp-content\/uploads\/2020\/07\/selo_infra_integridade-foto-reproducao-minfra.jpeg","type":"image\/jpeg"}],"author":"Rodrigo Zuquim","twitter_card":"summary_large_image","twitter_creator":"@agencia_infra","twitter_site":"@agencia_infra","twitter_misc":{"Escrito por":"Rodrigo Zuquim","Est. tempo de leitura":"3 minutos"},"schema":{"@context":"https:\/\/schema.org","@graph":[{"@type":"Article","@id":"https:\/\/agenciainfra.com\/blog\/infradebate-entenda-o-que-e-o-selo-infra-integridade-e-como-obte-lo\/#article","isPartOf":{"@id":"https:\/\/agenciainfra.com\/blog\/infradebate-entenda-o-que-e-o-selo-infra-integridade-e-como-obte-lo\/"},"author":{"name":"Rodrigo Zuquim","@id":"https:\/\/agenciainfra.com\/blog\/#\/schema\/person\/04dbb79bd6d8951f063da71f3e4c1eb1"},"headline":"iNFRADebate: Entenda o que \u00e9 o Selo Infra + Integridade e como obt\u00ea-lo","datePublished":"2020-07-29T16:00:00+00:00","mainEntityOfPage":{"@id":"https:\/\/agenciainfra.com\/blog\/infradebate-entenda-o-que-e-o-selo-infra-integridade-e-como-obte-lo\/"},"wordCount":540,"publisher":{"@id":"https:\/\/agenciainfra.com\/blog\/#organization"},"image":{"@id":"https:\/\/agenciainfra.com\/blog\/infradebate-entenda-o-que-e-o-selo-infra-integridade-e-como-obte-lo\/#primaryimage"},"thumbnailUrl":"https:\/\/agenciainfra.com\/blog\/wp-content\/uploads\/2020\/07\/selo_infra_integridade-foto-reproducao-minfra.jpeg","keywords":["administra\u00e7\u00e3o p\u00fablica","Ana Luiza Jacoby","Minist\u00e9rio da Infraestrutura","Selo Infra + Integridade","transportes terrestres"],"articleSection":["Geral","iNFRADebate"],"inLanguage":"pt-BR","copyrightYear":"2020","copyrightHolder":{"@id":"https:\/\/agenciainfra.com\/blog\/#organization"}},{"@type":"WebPage","@id":"https:\/\/agenciainfra.com\/blog\/infradebate-entenda-o-que-e-o-selo-infra-integridade-e-como-obte-lo\/","url":"https:\/\/agenciainfra.com\/blog\/infradebate-entenda-o-que-e-o-selo-infra-integridade-e-como-obte-lo\/","name":"iNFRADebate: Entenda o que \u00e9 o Selo Infra + Integridade e como obt\u00ea-lo - Ag\u00eancia iNFRA","isPartOf":{"@id":"https:\/\/agenciainfra.com\/blog\/#website"},"primaryImageOfPage":{"@id":"https:\/\/agenciainfra.com\/blog\/infradebate-entenda-o-que-e-o-selo-infra-integridade-e-como-obte-lo\/#primaryimage"},"image":{"@id":"https:\/\/agenciainfra.com\/blog\/infradebate-entenda-o-que-e-o-selo-infra-integridade-e-como-obte-lo\/#primaryimage"},"thumbnailUrl":"https:\/\/agenciainfra.com\/blog\/wp-content\/uploads\/2020\/07\/selo_infra_integridade-foto-reproducao-minfra.jpeg","datePublished":"2020-07-29T16:00:00+00:00","breadcrumb":{"@id":"https:\/\/agenciainfra.com\/blog\/infradebate-entenda-o-que-e-o-selo-infra-integridade-e-como-obte-lo\/#breadcrumb"},"inLanguage":"pt-BR","potentialAction":[{"@type":"ReadAction","target":["https:\/\/agenciainfra.com\/blog\/infradebate-entenda-o-que-e-o-selo-infra-integridade-e-como-obte-lo\/"]}]},{"@type":"ImageObject","inLanguage":"pt-BR","@id":"https:\/\/agenciainfra.com\/blog\/infradebate-entenda-o-que-e-o-selo-infra-integridade-e-como-obte-lo\/#primaryimage","url":"https:\/\/agenciainfra.com\/blog\/wp-content\/uploads\/2020\/07\/selo_infra_integridade-foto-reproducao-minfra.jpeg","contentUrl":"https:\/\/agenciainfra.com\/blog\/wp-content\/uploads\/2020\/07\/selo_infra_integridade-foto-reproducao-minfra.jpeg","width":1280,"height":783},{"@type":"BreadcrumbList","@id":"https:\/\/agenciainfra.com\/blog\/infradebate-entenda-o-que-e-o-selo-infra-integridade-e-como-obte-lo\/#breadcrumb","itemListElement":[{"@type":"ListItem","position":1,"name":"In\u00edcio","item":"https:\/\/agenciainfra.com\/blog\/"},{"@type":"ListItem","position":2,"name":"iNFRADebate: Entenda o que \u00e9 o Selo Infra + Integridade e como obt\u00ea-lo"}]},{"@type":"WebSite","@id":"https:\/\/agenciainfra.com\/blog\/#website","url":"https:\/\/agenciainfra.com\/blog\/","name":"Ag\u00eancia iNFRA","description":"Multiplataforma de informa\u00e7\u00e3o jornal\u00edstica refer\u00eancia na \u00e1rea de infraestrutura no Brasil!","publisher":{"@id":"https:\/\/agenciainfra.com\/blog\/#organization"},"potentialAction":[{"@type":"SearchAction","target":{"@type":"EntryPoint","urlTemplate":"https:\/\/agenciainfra.com\/blog\/?s={search_term_string}"},"query-input":{"@type":"PropertyValueSpecification","valueRequired":true,"valueName":"search_term_string"}}],"inLanguage":"pt-BR"},{"@type":"Organization","@id":"https:\/\/agenciainfra.com\/blog\/#organization","name":"Ag\u00eancia iNFRA","url":"https:\/\/agenciainfra.com\/blog\/","logo":{"@type":"ImageObject","inLanguage":"pt-BR","@id":"https:\/\/agenciainfra.com\/blog\/#\/schema\/logo\/image\/","url":"https:\/\/agenciainfra.com\/blog\/wp-content\/uploads\/2023\/09\/iNFRA_5-e1761735885940.png","contentUrl":"https:\/\/agenciainfra.com\/blog\/wp-content\/uploads\/2023\/09\/iNFRA_5-e1761735885940.png","width":1672,"height":454,"caption":"Ag\u00eancia iNFRA"},"image":{"@id":"https:\/\/agenciainfra.com\/blog\/#\/schema\/logo\/image\/"},"sameAs":["https:\/\/www.facebook.com\/ageninfra","https:\/\/x.com\/agencia_infra","https:\/\/www.linkedin.com\/company\/ag\u00eanciainfra\/","https:\/\/www.instagram.com\/agenciainfra\/"]},{"@type":"Person","@id":"https:\/\/agenciainfra.com\/blog\/#\/schema\/person\/04dbb79bd6d8951f063da71f3e4c1eb1","name":"Rodrigo Zuquim","image":{"@type":"ImageObject","inLanguage":"pt-BR","@id":"https:\/\/agenciainfra.com\/blog\/#\/schema\/person\/image\/","url":"https:\/\/secure.gravatar.com\/avatar\/594abfe82761d620726242ff34ca472a705a4b97f16c790053a6b4c4035274d0?s=96&d=mm&r=g","contentUrl":"https:\/\/secure.gravatar.com\/avatar\/594abfe82761d620726242ff34ca472a705a4b97f16c790053a6b4c4035274d0?s=96&d=mm&r=g","caption":"Rodrigo Zuquim"},"url":"https:\/\/agenciainfra.com\/blog\/author\/rodrigo-zuquim\/"}]}},"_links":{"self":[{"href":"https:\/\/agenciainfra.com\/blog\/wp-json\/wp\/v2\/posts\/5526","targetHints":{"allow":["GET"]}}],"collection":[{"href":"https:\/\/agenciainfra.com\/blog\/wp-json\/wp\/v2\/posts"}],"about":[{"href":"https:\/\/agenciainfra.com\/blog\/wp-json\/wp\/v2\/types\/post"}],"author":[{"embeddable":true,"href":"https:\/\/agenciainfra.com\/blog\/wp-json\/wp\/v2\/users\/9"}],"replies":[{"embeddable":true,"href":"https:\/\/agenciainfra.com\/blog\/wp-json\/wp\/v2\/comments?post=5526"}],"version-history":[{"count":0,"href":"https:\/\/agenciainfra.com\/blog\/wp-json\/wp\/v2\/posts\/5526\/revisions"}],"wp:featuredmedia":[{"embeddable":true,"href":"https:\/\/agenciainfra.com\/blog\/wp-json\/wp\/v2\/media\/5527"}],"wp:attachment":[{"href":"https:\/\/agenciainfra.com\/blog\/wp-json\/wp\/v2\/media?parent=5526"}],"wp:term":[{"taxonomy":"category","embeddable":true,"href":"https:\/\/agenciainfra.com\/blog\/wp-json\/wp\/v2\/categories?post=5526"},{"taxonomy":"post_tag","embeddable":true,"href":"https:\/\/agenciainfra.com\/blog\/wp-json\/wp\/v2\/tags?post=5526"}],"curies":[{"name":"wp","href":"https:\/\/api.w.org\/{rel}","templated":true}]}}