{"id":5537,"date":"2020-07-31T08:00:04","date_gmt":"2020-07-31T11:00:04","guid":{"rendered":"https:\/\/www.agenciainfra.com\/blog\/?p=5537"},"modified":"2020-07-30T17:26:13","modified_gmt":"2020-07-30T20:26:13","slug":"ministro-diz-que-subsidios-incluidos-em-relatorio-da-mp-950-podem-encarecer-a-conta-covid","status":"publish","type":"post","link":"https:\/\/agenciainfra.com\/blog\/ministro-diz-que-subsidios-incluidos-em-relatorio-da-mp-950-podem-encarecer-a-conta-covid\/","title":{"rendered":"Ministro diz que subs\u00eddios inclu\u00eddos em relat\u00f3rio da MP 950 podem encarecer a Conta-Covid"},"content":{"rendered":"\n<hr class=\"wp-block-separator\"\/>\n\n\n\n<p class=\"has-text-align-right\"><strong>Leila Coimbra, da Ag\u00eancia iNFRA<\/strong><\/p>\n\n\n\n<p>O ministro de Minas e Energia, Bento Albuquerque, disse que os subs\u00eddios nas tarifas de energia incorporados ao texto da Medida Provis\u00f3ria 950 pelo relator, deputado L\u00e9o Moraes (Podemos-RO), podem prejudicar os consumidores em vez de benefici\u00e1-los.<br><br>A medida provis\u00f3ria \u2013 que prev\u00ea isen\u00e7\u00e3o para a baixa renda e cria o empr\u00e9stimo da Conta-Covid \u2013 foi pautada para a sess\u00e3o da \u00faltima quarta-feira (29) na C\u00e2mara, mas n\u00e3o chegou a ser apreciada pelos parlamentares. O deputado L\u00e9o Moraes ampliou a isen\u00e7\u00e3o da tarifa para a baixa renda e tamb\u00e9m impediu reajustes tarif\u00e1rios e cortes do fornecimento at\u00e9 o fim do ano em seu parecer.<\/p>\n\n\n\n<p>\u201cO relat\u00f3rio, se ele vai ser aprovado da forma que est\u00e1, se vai ser votado, eu n\u00e3o sei. Mas, quando voc\u00ea v\u00ea que a inadimpl\u00eancia est\u00e1 voltando para a normalidade, isso aponta para o qu\u00ea? Que n\u00e3o precisa mais certos subs\u00eddios, como fizemos logo no in\u00edcio de abril, quando saiu a medida provis\u00f3ria\u201d, disse o ministro em entrevista \u00e0&nbsp;<strong>Ag\u00eancia iNFRA.<\/strong><br>&nbsp;<br>\u201cQuando voc\u00ea leva mais subs\u00eddios para a CDE [Conta de Desenvolvimento Energ\u00e9tico], que \u00e9 paga pelo consumidor, na verdade voc\u00ea est\u00e1 aumentando a tarifa, quando talvez mais se precise de uma tarifa mais baixa para retomar as atividades\u201d, afirmou Bento.<br>&nbsp;<br>\u201cImagina agora se voc\u00ea incorpora outras coisas e voc\u00ea tem que realizar uma nova opera\u00e7\u00e3o financeira [para as distribuidoras]? Essa nova opera\u00e7\u00e3o financeira evidentemente n\u00e3o ser\u00e1 nas condi\u00e7\u00f5es da opera\u00e7\u00e3o que n\u00f3s acabamos de realizar h\u00e1 duas semanas. Ent\u00e3o, ser\u00e1 que isso trar\u00e1 os benef\u00edcios que se quer? Porque, no final das contas, o consumidor \u00e9 quem vai arcar com tudo isso\u201d, completou.<br>&nbsp;<br><strong>Informa\u00e7\u00f5es ao deputado<\/strong><br>O ministro disse que a equipe do MME (Minist\u00e9rio de Minas e Energia) procurou fornecer todas as informa\u00e7\u00f5es poss\u00edveis sobre o tema ao relator da MP 950 desde que o seu nome foi anunciado.<br>&nbsp;<br>\u201cN\u00f3s procuramos o deputado, a assessoria dele, e tivemos quatro ou cinco reuni\u00f5es, como costumamos fazer.&nbsp;O que a gente procurou trabalhar foi fornecendo informa\u00e7\u00f5es t\u00e9cnicas. Agora, o Congresso \u00e9 soberano para tomar as decis\u00f5es que achar melhor para aqueles que eles representam\u201d, afirmou.<br>&nbsp;<br>\u201cAqui trabalhamos com todos da mesma forma, pode ser da base do governo, pode ser da oposi\u00e7\u00e3o. N\u00f3s entendemos aqui o papel do legislador e procuramos trabalhar junto, assessorando\u201d, explicou Bento.<br>&nbsp;<br>\u201cNa maioria das vezes esse trabalho tem se mostrado efetivo. Mas, \u00e0s vezes, n\u00e3o sai o que \u00e9 melhor como interesse p\u00fablico, como pol\u00edtica p\u00fablica e, \u00e0s vezes, no caso do setor el\u00e9trico, o que \u00e9 melhor para o consumidor.\u201d<br>&nbsp;<br><strong>Validade at\u00e9 dia 5 de agosto<\/strong><br>A MP 950 perde a sua validade no dia 5 de agosto. Para ser transformada em lei, precisa ser votada pela C\u00e2mara e pelo Senado antes dessa data. O governo considera que n\u00e3o h\u00e1 problema na caducidade do texto pois a opera\u00e7\u00e3o de empr\u00e9stimo \u00e0s distribuidoras estar\u00e1 conclu\u00edda at\u00e9 o pr\u00f3ximo dia 31, quando sai a primeira e principal tranche do dinheiro para as empresas, de R$ 11,8 bilh\u00f5es. No caso dos subs\u00eddios estipulados originalmente no texto,&nbsp;o prazo tamb\u00e9m termina em 31 de julho.<\/p>\n","protected":false},"excerpt":{"rendered":"<p>Leila Coimbra, da Ag\u00eancia iNFRA O ministro de Minas e Energia, Bento Albuquerque, disse que os subs\u00eddios nas tarifas de energia incorporados ao texto da Medida Provis\u00f3ria 950 pelo relator, deputado L\u00e9o Moraes (Podemos-RO), podem prejudicar os consumidores em vez de benefici\u00e1-los. A medida provis\u00f3ria \u2013 que prev\u00ea isen\u00e7\u00e3o para a baixa renda e cria [&hellip;]<\/p>\n","protected":false},"author":9,"featured_media":5538,"comment_status":"closed","ping_status":"closed","sticky":false,"template":"","format":"standard","meta":{"_monsterinsights_skip_tracking":false,"_monsterinsights_sitenote_active":false,"_monsterinsights_sitenote_note":"","_monsterinsights_sitenote_category":0,"footnotes":""},"categories":[1,10],"tags":[710,56,545,1949,1964,96,1885],"class_list":["post-5537","post","type-post","status-publish","format-standard","has-post-thumbnail","hentry","category-geral","category-infraenergia","tag-bento-albuquerque","tag-cde","tag-conta-de-desenvolvimento-energetico","tag-conta-covid","tag-leo-moraes","tag-ministerio-de-minas-e-energia","tag-mp-950"],"yoast_head":"<!-- This site is optimized with the Yoast SEO Premium plugin v25.4 (Yoast SEO v26.0) - https:\/\/yoast.com\/wordpress\/plugins\/seo\/ -->\n<title>Ministro diz que subs\u00eddios inclu\u00eddos em relat\u00f3rio da MP 950 podem encarecer a Conta-Covid - Ag\u00eancia iNFRA<\/title>\n<meta name=\"robots\" content=\"index, follow, max-snippet:-1, max-image-preview:large, max-video-preview:-1\" \/>\n<link rel=\"canonical\" href=\"https:\/\/agenciainfra.com\/blog\/ministro-diz-que-subsidios-incluidos-em-relatorio-da-mp-950-podem-encarecer-a-conta-covid\/\" \/>\n<meta property=\"og:locale\" content=\"pt_BR\" \/>\n<meta property=\"og:type\" content=\"article\" \/>\n<meta property=\"og:title\" content=\"Ministro diz que subs\u00eddios inclu\u00eddos em relat\u00f3rio da MP 950 podem encarecer a Conta-Covid\" \/>\n<meta property=\"og:description\" content=\"Leila Coimbra, da Ag\u00eancia iNFRA O ministro de Minas e Energia, Bento Albuquerque, disse que os subs\u00eddios nas tarifas de energia incorporados ao texto da Medida Provis\u00f3ria 950 pelo relator, deputado L\u00e9o Moraes (Podemos-RO), podem prejudicar os consumidores em vez de benefici\u00e1-los. A medida provis\u00f3ria \u2013 que prev\u00ea isen\u00e7\u00e3o para a baixa renda e cria [&hellip;]\" \/>\n<meta property=\"og:url\" content=\"https:\/\/agenciainfra.com\/blog\/ministro-diz-que-subsidios-incluidos-em-relatorio-da-mp-950-podem-encarecer-a-conta-covid\/\" \/>\n<meta property=\"og:site_name\" content=\"Ag\u00eancia iNFRA\" \/>\n<meta property=\"article:publisher\" content=\"https:\/\/www.facebook.com\/ageninfra\" \/>\n<meta property=\"article:published_time\" content=\"2020-07-31T11:00:04+00:00\" \/>\n<meta property=\"og:image\" content=\"https:\/\/agenciainfra.com\/blog\/wp-content\/uploads\/2020\/07\/bento-albuquerque-foto-mme.jpg\" \/>\n\t<meta property=\"og:image:width\" content=\"1280\" \/>\n\t<meta property=\"og:image:height\" content=\"816\" \/>\n\t<meta property=\"og:image:type\" content=\"image\/jpeg\" \/>\n<meta name=\"author\" content=\"Rodrigo Zuquim\" \/>\n<meta name=\"twitter:card\" content=\"summary_large_image\" \/>\n<meta name=\"twitter:creator\" content=\"@agencia_infra\" \/>\n<meta name=\"twitter:site\" content=\"@agencia_infra\" \/>\n<meta name=\"twitter:label1\" content=\"Escrito por\" \/>\n\t<meta name=\"twitter:data1\" content=\"Rodrigo Zuquim\" \/>\n\t<meta name=\"twitter:label2\" content=\"Est. tempo de leitura\" \/>\n\t<meta name=\"twitter:data2\" content=\"3 minutos\" \/>\n<script type=\"application\/ld+json\" class=\"yoast-schema-graph\">{\"@context\":\"https:\/\/schema.org\",\"@graph\":[{\"@type\":\"Article\",\"@id\":\"https:\/\/agenciainfra.com\/blog\/ministro-diz-que-subsidios-incluidos-em-relatorio-da-mp-950-podem-encarecer-a-conta-covid\/#article\",\"isPartOf\":{\"@id\":\"https:\/\/agenciainfra.com\/blog\/ministro-diz-que-subsidios-incluidos-em-relatorio-da-mp-950-podem-encarecer-a-conta-covid\/\"},\"author\":{\"name\":\"Rodrigo Zuquim\",\"@id\":\"https:\/\/agenciainfra.com\/blog\/#\/schema\/person\/04dbb79bd6d8951f063da71f3e4c1eb1\"},\"headline\":\"Ministro diz que subs\u00eddios inclu\u00eddos em relat\u00f3rio da MP 950 podem encarecer a Conta-Covid\",\"datePublished\":\"2020-07-31T11:00:04+00:00\",\"mainEntityOfPage\":{\"@id\":\"https:\/\/agenciainfra.com\/blog\/ministro-diz-que-subsidios-incluidos-em-relatorio-da-mp-950-podem-encarecer-a-conta-covid\/\"},\"wordCount\":583,\"publisher\":{\"@id\":\"https:\/\/agenciainfra.com\/blog\/#organization\"},\"image\":{\"@id\":\"https:\/\/agenciainfra.com\/blog\/ministro-diz-que-subsidios-incluidos-em-relatorio-da-mp-950-podem-encarecer-a-conta-covid\/#primaryimage\"},\"thumbnailUrl\":\"https:\/\/agenciainfra.com\/blog\/wp-content\/uploads\/2020\/07\/bento-albuquerque-foto-mme.jpg\",\"keywords\":[\"bento albuquerque\",\"CDE\",\"Conta de Desenvolvimento Energ\u00e9tico\",\"Conta-Covid\",\"L\u00e9o Moraes\",\"Minist\u00e9rio de Minas e Energia\",\"MP 950\"],\"articleSection\":[\"Geral\",\"iNFRAEnergia\"],\"inLanguage\":\"pt-BR\",\"copyrightYear\":\"2020\",\"copyrightHolder\":{\"@id\":\"https:\/\/agenciainfra.com\/blog\/#organization\"}},{\"@type\":\"WebPage\",\"@id\":\"https:\/\/agenciainfra.com\/blog\/ministro-diz-que-subsidios-incluidos-em-relatorio-da-mp-950-podem-encarecer-a-conta-covid\/\",\"url\":\"https:\/\/agenciainfra.com\/blog\/ministro-diz-que-subsidios-incluidos-em-relatorio-da-mp-950-podem-encarecer-a-conta-covid\/\",\"name\":\"Ministro diz que subs\u00eddios inclu\u00eddos em relat\u00f3rio da MP 950 podem encarecer a Conta-Covid - Ag\u00eancia iNFRA\",\"isPartOf\":{\"@id\":\"https:\/\/agenciainfra.com\/blog\/#website\"},\"primaryImageOfPage\":{\"@id\":\"https:\/\/agenciainfra.com\/blog\/ministro-diz-que-subsidios-incluidos-em-relatorio-da-mp-950-podem-encarecer-a-conta-covid\/#primaryimage\"},\"image\":{\"@id\":\"https:\/\/agenciainfra.com\/blog\/ministro-diz-que-subsidios-incluidos-em-relatorio-da-mp-950-podem-encarecer-a-conta-covid\/#primaryimage\"},\"thumbnailUrl\":\"https:\/\/agenciainfra.com\/blog\/wp-content\/uploads\/2020\/07\/bento-albuquerque-foto-mme.jpg\",\"datePublished\":\"2020-07-31T11:00:04+00:00\",\"breadcrumb\":{\"@id\":\"https:\/\/agenciainfra.com\/blog\/ministro-diz-que-subsidios-incluidos-em-relatorio-da-mp-950-podem-encarecer-a-conta-covid\/#breadcrumb\"},\"inLanguage\":\"pt-BR\",\"potentialAction\":[{\"@type\":\"ReadAction\",\"target\":[\"https:\/\/agenciainfra.com\/blog\/ministro-diz-que-subsidios-incluidos-em-relatorio-da-mp-950-podem-encarecer-a-conta-covid\/\"]}]},{\"@type\":\"ImageObject\",\"inLanguage\":\"pt-BR\",\"@id\":\"https:\/\/agenciainfra.com\/blog\/ministro-diz-que-subsidios-incluidos-em-relatorio-da-mp-950-podem-encarecer-a-conta-covid\/#primaryimage\",\"url\":\"https:\/\/agenciainfra.com\/blog\/wp-content\/uploads\/2020\/07\/bento-albuquerque-foto-mme.jpg\",\"contentUrl\":\"https:\/\/agenciainfra.com\/blog\/wp-content\/uploads\/2020\/07\/bento-albuquerque-foto-mme.jpg\",\"width\":1280,\"height\":816},{\"@type\":\"BreadcrumbList\",\"@id\":\"https:\/\/agenciainfra.com\/blog\/ministro-diz-que-subsidios-incluidos-em-relatorio-da-mp-950-podem-encarecer-a-conta-covid\/#breadcrumb\",\"itemListElement\":[{\"@type\":\"ListItem\",\"position\":1,\"name\":\"In\u00edcio\",\"item\":\"https:\/\/agenciainfra.com\/blog\/\"},{\"@type\":\"ListItem\",\"position\":2,\"name\":\"Ministro diz que subs\u00eddios inclu\u00eddos em relat\u00f3rio da MP 950 podem encarecer a Conta-Covid\"}]},{\"@type\":\"WebSite\",\"@id\":\"https:\/\/agenciainfra.com\/blog\/#website\",\"url\":\"https:\/\/agenciainfra.com\/blog\/\",\"name\":\"Ag\u00eancia iNFRA\",\"description\":\"Multiplataforma de informa\u00e7\u00e3o jornal\u00edstica refer\u00eancia na \u00e1rea de infraestrutura no Brasil!\",\"publisher\":{\"@id\":\"https:\/\/agenciainfra.com\/blog\/#organization\"},\"potentialAction\":[{\"@type\":\"SearchAction\",\"target\":{\"@type\":\"EntryPoint\",\"urlTemplate\":\"https:\/\/agenciainfra.com\/blog\/?s={search_term_string}\"},\"query-input\":{\"@type\":\"PropertyValueSpecification\",\"valueRequired\":true,\"valueName\":\"search_term_string\"}}],\"inLanguage\":\"pt-BR\"},{\"@type\":\"Organization\",\"@id\":\"https:\/\/agenciainfra.com\/blog\/#organization\",\"name\":\"Ag\u00eancia iNFRA\",\"url\":\"https:\/\/agenciainfra.com\/blog\/\",\"logo\":{\"@type\":\"ImageObject\",\"inLanguage\":\"pt-BR\",\"@id\":\"https:\/\/agenciainfra.com\/blog\/#\/schema\/logo\/image\/\",\"url\":\"https:\/\/agenciainfra.com\/blog\/wp-content\/uploads\/2023\/09\/iNFRA_5-e1761735885940.png\",\"contentUrl\":\"https:\/\/agenciainfra.com\/blog\/wp-content\/uploads\/2023\/09\/iNFRA_5-e1761735885940.png\",\"width\":1672,\"height\":454,\"caption\":\"Ag\u00eancia iNFRA\"},\"image\":{\"@id\":\"https:\/\/agenciainfra.com\/blog\/#\/schema\/logo\/image\/\"},\"sameAs\":[\"https:\/\/www.facebook.com\/ageninfra\",\"https:\/\/x.com\/agencia_infra\",\"https:\/\/www.linkedin.com\/company\/ag\u00eanciainfra\/\",\"https:\/\/www.instagram.com\/agenciainfra\/\"]},{\"@type\":\"Person\",\"@id\":\"https:\/\/agenciainfra.com\/blog\/#\/schema\/person\/04dbb79bd6d8951f063da71f3e4c1eb1\",\"name\":\"Rodrigo Zuquim\",\"image\":{\"@type\":\"ImageObject\",\"inLanguage\":\"pt-BR\",\"@id\":\"https:\/\/agenciainfra.com\/blog\/#\/schema\/person\/image\/\",\"url\":\"https:\/\/secure.gravatar.com\/avatar\/594abfe82761d620726242ff34ca472a705a4b97f16c790053a6b4c4035274d0?s=96&d=mm&r=g\",\"contentUrl\":\"https:\/\/secure.gravatar.com\/avatar\/594abfe82761d620726242ff34ca472a705a4b97f16c790053a6b4c4035274d0?s=96&d=mm&r=g\",\"caption\":\"Rodrigo Zuquim\"},\"url\":\"https:\/\/agenciainfra.com\/blog\/author\/rodrigo-zuquim\/\"}]}<\/script>\n<!-- \/ Yoast SEO Premium plugin. -->","yoast_head_json":{"title":"Ministro diz que subs\u00eddios inclu\u00eddos em relat\u00f3rio da MP 950 podem encarecer a Conta-Covid - Ag\u00eancia iNFRA","robots":{"index":"index","follow":"follow","max-snippet":"max-snippet:-1","max-image-preview":"max-image-preview:large","max-video-preview":"max-video-preview:-1"},"canonical":"https:\/\/agenciainfra.com\/blog\/ministro-diz-que-subsidios-incluidos-em-relatorio-da-mp-950-podem-encarecer-a-conta-covid\/","og_locale":"pt_BR","og_type":"article","og_title":"Ministro diz que subs\u00eddios inclu\u00eddos em relat\u00f3rio da MP 950 podem encarecer a Conta-Covid","og_description":"Leila Coimbra, da Ag\u00eancia iNFRA O ministro de Minas e Energia, Bento Albuquerque, disse que os subs\u00eddios nas tarifas de energia incorporados ao texto da Medida Provis\u00f3ria 950 pelo relator, deputado L\u00e9o Moraes (Podemos-RO), podem prejudicar os consumidores em vez de benefici\u00e1-los. A medida provis\u00f3ria \u2013 que prev\u00ea isen\u00e7\u00e3o para a baixa renda e cria [&hellip;]","og_url":"https:\/\/agenciainfra.com\/blog\/ministro-diz-que-subsidios-incluidos-em-relatorio-da-mp-950-podem-encarecer-a-conta-covid\/","og_site_name":"Ag\u00eancia iNFRA","article_publisher":"https:\/\/www.facebook.com\/ageninfra","article_published_time":"2020-07-31T11:00:04+00:00","og_image":[{"width":1280,"height":816,"url":"https:\/\/agenciainfra.com\/blog\/wp-content\/uploads\/2020\/07\/bento-albuquerque-foto-mme.jpg","type":"image\/jpeg"}],"author":"Rodrigo Zuquim","twitter_card":"summary_large_image","twitter_creator":"@agencia_infra","twitter_site":"@agencia_infra","twitter_misc":{"Escrito por":"Rodrigo Zuquim","Est. tempo de leitura":"3 minutos"},"schema":{"@context":"https:\/\/schema.org","@graph":[{"@type":"Article","@id":"https:\/\/agenciainfra.com\/blog\/ministro-diz-que-subsidios-incluidos-em-relatorio-da-mp-950-podem-encarecer-a-conta-covid\/#article","isPartOf":{"@id":"https:\/\/agenciainfra.com\/blog\/ministro-diz-que-subsidios-incluidos-em-relatorio-da-mp-950-podem-encarecer-a-conta-covid\/"},"author":{"name":"Rodrigo Zuquim","@id":"https:\/\/agenciainfra.com\/blog\/#\/schema\/person\/04dbb79bd6d8951f063da71f3e4c1eb1"},"headline":"Ministro diz que subs\u00eddios inclu\u00eddos em relat\u00f3rio da MP 950 podem encarecer a Conta-Covid","datePublished":"2020-07-31T11:00:04+00:00","mainEntityOfPage":{"@id":"https:\/\/agenciainfra.com\/blog\/ministro-diz-que-subsidios-incluidos-em-relatorio-da-mp-950-podem-encarecer-a-conta-covid\/"},"wordCount":583,"publisher":{"@id":"https:\/\/agenciainfra.com\/blog\/#organization"},"image":{"@id":"https:\/\/agenciainfra.com\/blog\/ministro-diz-que-subsidios-incluidos-em-relatorio-da-mp-950-podem-encarecer-a-conta-covid\/#primaryimage"},"thumbnailUrl":"https:\/\/agenciainfra.com\/blog\/wp-content\/uploads\/2020\/07\/bento-albuquerque-foto-mme.jpg","keywords":["bento albuquerque","CDE","Conta de Desenvolvimento Energ\u00e9tico","Conta-Covid","L\u00e9o Moraes","Minist\u00e9rio de Minas e Energia","MP 950"],"articleSection":["Geral","iNFRAEnergia"],"inLanguage":"pt-BR","copyrightYear":"2020","copyrightHolder":{"@id":"https:\/\/agenciainfra.com\/blog\/#organization"}},{"@type":"WebPage","@id":"https:\/\/agenciainfra.com\/blog\/ministro-diz-que-subsidios-incluidos-em-relatorio-da-mp-950-podem-encarecer-a-conta-covid\/","url":"https:\/\/agenciainfra.com\/blog\/ministro-diz-que-subsidios-incluidos-em-relatorio-da-mp-950-podem-encarecer-a-conta-covid\/","name":"Ministro diz que subs\u00eddios inclu\u00eddos em relat\u00f3rio da MP 950 podem encarecer a Conta-Covid - Ag\u00eancia iNFRA","isPartOf":{"@id":"https:\/\/agenciainfra.com\/blog\/#website"},"primaryImageOfPage":{"@id":"https:\/\/agenciainfra.com\/blog\/ministro-diz-que-subsidios-incluidos-em-relatorio-da-mp-950-podem-encarecer-a-conta-covid\/#primaryimage"},"image":{"@id":"https:\/\/agenciainfra.com\/blog\/ministro-diz-que-subsidios-incluidos-em-relatorio-da-mp-950-podem-encarecer-a-conta-covid\/#primaryimage"},"thumbnailUrl":"https:\/\/agenciainfra.com\/blog\/wp-content\/uploads\/2020\/07\/bento-albuquerque-foto-mme.jpg","datePublished":"2020-07-31T11:00:04+00:00","breadcrumb":{"@id":"https:\/\/agenciainfra.com\/blog\/ministro-diz-que-subsidios-incluidos-em-relatorio-da-mp-950-podem-encarecer-a-conta-covid\/#breadcrumb"},"inLanguage":"pt-BR","potentialAction":[{"@type":"ReadAction","target":["https:\/\/agenciainfra.com\/blog\/ministro-diz-que-subsidios-incluidos-em-relatorio-da-mp-950-podem-encarecer-a-conta-covid\/"]}]},{"@type":"ImageObject","inLanguage":"pt-BR","@id":"https:\/\/agenciainfra.com\/blog\/ministro-diz-que-subsidios-incluidos-em-relatorio-da-mp-950-podem-encarecer-a-conta-covid\/#primaryimage","url":"https:\/\/agenciainfra.com\/blog\/wp-content\/uploads\/2020\/07\/bento-albuquerque-foto-mme.jpg","contentUrl":"https:\/\/agenciainfra.com\/blog\/wp-content\/uploads\/2020\/07\/bento-albuquerque-foto-mme.jpg","width":1280,"height":816},{"@type":"BreadcrumbList","@id":"https:\/\/agenciainfra.com\/blog\/ministro-diz-que-subsidios-incluidos-em-relatorio-da-mp-950-podem-encarecer-a-conta-covid\/#breadcrumb","itemListElement":[{"@type":"ListItem","position":1,"name":"In\u00edcio","item":"https:\/\/agenciainfra.com\/blog\/"},{"@type":"ListItem","position":2,"name":"Ministro diz que subs\u00eddios inclu\u00eddos em relat\u00f3rio da MP 950 podem encarecer a Conta-Covid"}]},{"@type":"WebSite","@id":"https:\/\/agenciainfra.com\/blog\/#website","url":"https:\/\/agenciainfra.com\/blog\/","name":"Ag\u00eancia iNFRA","description":"Multiplataforma de informa\u00e7\u00e3o jornal\u00edstica refer\u00eancia na \u00e1rea de infraestrutura no Brasil!","publisher":{"@id":"https:\/\/agenciainfra.com\/blog\/#organization"},"potentialAction":[{"@type":"SearchAction","target":{"@type":"EntryPoint","urlTemplate":"https:\/\/agenciainfra.com\/blog\/?s={search_term_string}"},"query-input":{"@type":"PropertyValueSpecification","valueRequired":true,"valueName":"search_term_string"}}],"inLanguage":"pt-BR"},{"@type":"Organization","@id":"https:\/\/agenciainfra.com\/blog\/#organization","name":"Ag\u00eancia iNFRA","url":"https:\/\/agenciainfra.com\/blog\/","logo":{"@type":"ImageObject","inLanguage":"pt-BR","@id":"https:\/\/agenciainfra.com\/blog\/#\/schema\/logo\/image\/","url":"https:\/\/agenciainfra.com\/blog\/wp-content\/uploads\/2023\/09\/iNFRA_5-e1761735885940.png","contentUrl":"https:\/\/agenciainfra.com\/blog\/wp-content\/uploads\/2023\/09\/iNFRA_5-e1761735885940.png","width":1672,"height":454,"caption":"Ag\u00eancia iNFRA"},"image":{"@id":"https:\/\/agenciainfra.com\/blog\/#\/schema\/logo\/image\/"},"sameAs":["https:\/\/www.facebook.com\/ageninfra","https:\/\/x.com\/agencia_infra","https:\/\/www.linkedin.com\/company\/ag\u00eanciainfra\/","https:\/\/www.instagram.com\/agenciainfra\/"]},{"@type":"Person","@id":"https:\/\/agenciainfra.com\/blog\/#\/schema\/person\/04dbb79bd6d8951f063da71f3e4c1eb1","name":"Rodrigo Zuquim","image":{"@type":"ImageObject","inLanguage":"pt-BR","@id":"https:\/\/agenciainfra.com\/blog\/#\/schema\/person\/image\/","url":"https:\/\/secure.gravatar.com\/avatar\/594abfe82761d620726242ff34ca472a705a4b97f16c790053a6b4c4035274d0?s=96&d=mm&r=g","contentUrl":"https:\/\/secure.gravatar.com\/avatar\/594abfe82761d620726242ff34ca472a705a4b97f16c790053a6b4c4035274d0?s=96&d=mm&r=g","caption":"Rodrigo Zuquim"},"url":"https:\/\/agenciainfra.com\/blog\/author\/rodrigo-zuquim\/"}]}},"_links":{"self":[{"href":"https:\/\/agenciainfra.com\/blog\/wp-json\/wp\/v2\/posts\/5537","targetHints":{"allow":["GET"]}}],"collection":[{"href":"https:\/\/agenciainfra.com\/blog\/wp-json\/wp\/v2\/posts"}],"about":[{"href":"https:\/\/agenciainfra.com\/blog\/wp-json\/wp\/v2\/types\/post"}],"author":[{"embeddable":true,"href":"https:\/\/agenciainfra.com\/blog\/wp-json\/wp\/v2\/users\/9"}],"replies":[{"embeddable":true,"href":"https:\/\/agenciainfra.com\/blog\/wp-json\/wp\/v2\/comments?post=5537"}],"version-history":[{"count":0,"href":"https:\/\/agenciainfra.com\/blog\/wp-json\/wp\/v2\/posts\/5537\/revisions"}],"wp:featuredmedia":[{"embeddable":true,"href":"https:\/\/agenciainfra.com\/blog\/wp-json\/wp\/v2\/media\/5538"}],"wp:attachment":[{"href":"https:\/\/agenciainfra.com\/blog\/wp-json\/wp\/v2\/media?parent=5537"}],"wp:term":[{"taxonomy":"category","embeddable":true,"href":"https:\/\/agenciainfra.com\/blog\/wp-json\/wp\/v2\/categories?post=5537"},{"taxonomy":"post_tag","embeddable":true,"href":"https:\/\/agenciainfra.com\/blog\/wp-json\/wp\/v2\/tags?post=5537"}],"curies":[{"name":"wp","href":"https:\/\/api.w.org\/{rel}","templated":true}]}}