{"id":5557,"date":"2020-08-03T13:00:01","date_gmt":"2020-08-03T16:00:01","guid":{"rendered":"https:\/\/www.agenciainfra.com\/blog\/?p=5557"},"modified":"2020-08-03T10:09:17","modified_gmt":"2020-08-03T13:09:17","slug":"infradebate-o-empresario-desestatizador","status":"publish","type":"post","link":"https:\/\/agenciainfra.com\/blog\/infradebate-o-empresario-desestatizador\/","title":{"rendered":"iNFRADebate: O empres\u00e1rio &#8220;desestatizador&#8221;"},"content":{"rendered":"\n<p class=\"has-text-align-right\"><strong>Mauricio Portugal Ribeiro*<sup>1<\/sup><\/strong><\/p>\n\n\n\n<p>Foi indicado pelo novo presidente da Rep\u00fablica, governador ou prefeito para o cargo de chefe da \u00e1rea de desestatiza\u00e7\u00f5es o empres\u00e1rio Jos\u00e9 Silva, reconhecido como grande empreendedor que fez uma fortuna de muitos milh\u00f5es de d\u00f3lares a partir do zero.&nbsp;<\/p>\n\n\n\n<p>Jos\u00e9 Silva vendeu recentemente sua empresa e decidiu que agora se dedicar\u00e1 \u00e0 sociedade. Empregar\u00e1 toda a sua experi\u00eancia de gestor e empreendedor para a causa p\u00fablica. Vai trazer a vis\u00e3o privada para aumentar a efici\u00eancia do estado na presta\u00e7\u00e3o de servi\u00e7os p\u00fablicos, por meio da estrutura\u00e7\u00e3o de novas desestatiza\u00e7\u00f5es. Privatiza\u00e7\u00f5es de empresas, concess\u00f5es e PPPs (parcerias p\u00fablico-privadas) s\u00e3o suas novas especialidades.&nbsp;<\/p>\n\n\n\n<p>Esse tipo de coisa acontece muito nos Estados Unidos. Ex-empres\u00e1rios ou ex-banqueiros resolvem se dedicar ao governo no final da vida. \u00c9 uma presun\u00e7\u00e3o razo\u00e1vel achar que isso funcionaria no Brasil.<\/p>\n\n\n\n<p>Ao sentar-se na nova cadeira, Jos\u00e9 Silva logo anunciou as centenas de bilh\u00f5es de reais que geraria por meio da privatiza\u00e7\u00e3o de empresas estatais, ou pela arrecada\u00e7\u00e3o de pagamentos de outorgas de novas concess\u00f5es.&nbsp;<\/p>\n\n\n\n<p>Ligou para um amigo <em>investment banker<\/em> e pediu para estimar os valores e os tempos necess\u00e1rios para vender todas aquelas estatais que pareciam in\u00fateis. O amigo, honrado pela oportunidade, fez o seu melhor: sem muito discernimento sobre a confiabilidade dos dados dispon\u00edveis, aplicou sobre eles a sua experi\u00eancia de venda de empresas privadas e chegou a valores e prazos.<\/p>\n\n\n\n<p>Os quadros t\u00e9cnicos dos \u00f3rg\u00e3os e entidades p\u00fablicas com os quais Jos\u00e9 Silva interagia tentaram lhe alertar que aquelas estimativas n\u00e3o eram compat\u00edveis com o ritmo ordin\u00e1rio no setor p\u00fablico para a contrata\u00e7\u00e3o de estudos de viabilidade da desestatiza\u00e7\u00e3o, obten\u00e7\u00e3o de aprova\u00e7\u00f5es, inclusive dos controladores externos, realiza\u00e7\u00e3o das consultas, audi\u00eancias p\u00fablicas e licita\u00e7\u00f5es, atividades indispens\u00e1veis para a venda de empresas estatais.&nbsp;<\/p>\n\n\n\n<p>Mas parecia estranho a Jos\u00e9 Silva aqueles prazos t\u00e3o longos. E ele tinha experi\u00eancia em venda de empresas. Na d\u00favida, sup\u00f4s que se tratava de posi\u00e7\u00f5es enviesadas de agentes p\u00fablicos, que nunca estiveram submetidos a uma gest\u00e3o privada eficiente e que se acomodaram com esses prazos excessivamente longos de tomada de decis\u00f5es, realiza\u00e7\u00e3o de estudos e contrata\u00e7\u00f5es do setor p\u00fablico. Por tudo isso, manteve o an\u00fancio p\u00fablico de bilh\u00f5es de reais em privatiza\u00e7\u00f5es que seriam realizadas em dois anos.&nbsp;<\/p>\n\n\n\n<p>Em rela\u00e7\u00e3o \u00e0s concess\u00f5es e PPPs, analisou pessoalmente a lista de projetos que existe no PPA (Plano Plurianual), coisa de cuja exist\u00eancia ele n\u00e3o sabia at\u00e9 muito recentemente. N\u00e3o sabendo como funciona o governo, ele tomou a lista de mais de uma centena de projetos prevista no PPA como se fosse uma carteira de projetos e os valores de investimento l\u00e1 previstos como a meta da sua gest\u00e3o. N\u00e3o checou se havia estudos contratados, n\u00e3o pensou nas op\u00e7\u00f5es para a contrata\u00e7\u00e3o dos estudos de viabilidade. N\u00e3o se deu conta de que, na pr\u00e1tica, a previs\u00e3o de projetos no PPA significa apenas que algum pol\u00edtico pretende obter em algum momento recursos or\u00e7ament\u00e1rios para iniciar os estudos sobre aquele projeto. N\u00e3o significa que o projeto fa\u00e7a sentido, ou que exista qualquer estudo sobre ele.<\/p>\n\n\n\n<p>Ao longo do tempo, para tentar compensar as desestatiza\u00e7\u00f5es que n\u00e3o realizou, passou a incluir nas suas contas desestatiza\u00e7\u00f5es realizadas por outros \u00f3rg\u00e3os ou entidades. Vendas de empresas estavam sendo realizadas pelas empresas estatais que, de alguma forma, lhe eram subordinadas (afinal de contas eram controladas pela administra\u00e7\u00e3o direta), apesar de n\u00e3o haver nenhuma participa\u00e7\u00e3o sua ou da sua equipe nisso. Mas, para o p\u00fablico em geral, esses n\u00fameros poderiam ser a ele creditados \u201clegitimamente\u201d.&nbsp;<\/p>\n\n\n\n<p>Fez esfor\u00e7o tamb\u00e9m de incorporar ao seu departamento outras \u00e1reas que cuidavam de desestatiza\u00e7\u00f5es no governo e que vinham realizando um bom trabalho. Com isso, politicamente apropriou-se novamente dos m\u00e9ritos de trabalhos dos quais n\u00e3o participou.<\/p>\n\n\n\n<p>Consegue, assim, afirmar nas suas apari\u00e7\u00f5es p\u00fablicas que fez diversas desestatiza\u00e7\u00f5es. Mas, evidentemente, mesmo com toda essa gin\u00e1stica, os n\u00fameros nem chegam perto da meta que estabeleceu para os dois primeiros anos da sua gest\u00e3o.<\/p>\n\n\n\n<p>Tamb\u00e9m fez um esfor\u00e7o hist\u00f3rico para mostrar que a sua administra\u00e7\u00e3o tinha feito mais que todas as outras. Para isso, trouxe dados sobre as estatais criadas pelos governos passados que mais desestatizaram, para afirmar que as desestatiza\u00e7\u00f5es feitas em outros governos foram compensadas pela cria\u00e7\u00e3o de novas estatais. Evidentemente, n\u00e3o fez nenhum esfor\u00e7o de comparar adequadamente os valores das desestatiza\u00e7\u00f5es realizadas no passado \u2013 considerando infla\u00e7\u00e3o, uma m\u00e9trica para tratar a cria\u00e7\u00e3o de empresas, sua dimens\u00e3o etc., enfim o tratamento adequado dos n\u00fameros \u2013 porque isso certamente n\u00e3o beneficiaria a sua narrativa de sucesso.<\/p>\n\n\n\n<p>E quando depois de meses percebeu que os prazos corretos para realizar as vendas de empresas estatais eram aqueles apontados pelos agentes p\u00fablicos e n\u00e3o pelos amigos <em>investment bankers<\/em>, a\u00ed resolveu ir a p\u00fablico advogando que havia uma situa\u00e7\u00e3o especial naquele contexto, de necessidade de venda das empresas, e que, por isso, o Poder Legislativo deveria criar uma esp\u00e9cie de \u201cfast track\u201d, de procedimento paralelo para ele realizar as desestatiza\u00e7\u00f5es que \u201cplanejou\u201d.&nbsp;<\/p>\n\n\n\n<p>A esta altura o leitor j\u00e1 deve ter identificado o personagem Jos\u00e9 Silva com algum dos empres\u00e1rios reais que virou agente p\u00fablico respons\u00e1vel por processos de desestatiza\u00e7\u00e3o nos \u00faltimos anos.<\/p>\n\n\n\n<p>Agora, vale fazer o exerc\u00edcio de comparar o desempenho desses ex-empres\u00e1rios com o de agentes p\u00fablicos que tiveram oportunidade de ser treinados na ambi\u00eancia do setor p\u00fablico, particularmente na \u00e1rea de desestatiza\u00e7\u00f5es, e nela provaram capacidade de atingir metas e superar os obst\u00e1culos que lhes s\u00e3o intr\u00ednsecos.&nbsp; Entre os em atividade no setor p\u00fablico, podemos citar o ministro Tarc\u00edsio de Freitas e Martha Seillier, atualmente chefe do PPI (Programa de Parcerias de Investimentos). Entre os que j\u00e1 sa\u00edram do governo, podemos citar, por exemplo, Adalberto Vasconcelos, que liderou a cria\u00e7\u00e3o e a consolida\u00e7\u00e3o do PPI no governo federal. E, no \u00e2mbito estadual, Marco Aur\u00e9lio Barcelos, que ainda h\u00e1 pouco deixou a Secretaria de Infraestrutura e Mobilidade Urbana do Estado de Minas Gerais.&nbsp;<\/p>\n\n\n\n<p>Todos esses s\u00e3o quadros formados e treinados no setor p\u00fablico e o seu desempenho como gestores p\u00fablicos \u00e9 o melhor testemunho de que, no Brasil, \u00e9 preciso conhecer e saber pilotar a m\u00e1quina p\u00fablica para obter resultados relevantes, particularmente no mundo das desestatiza\u00e7\u00f5es. Nesse sentido, talvez seja preciso imaginar que h\u00e1 um equ\u00edvoco na importa\u00e7\u00e3o da l\u00f3gica comum nos Estados Unidos de supor que ter\u00e3o necessariamente sucesso no setor p\u00fablico pessoas que tiveram sucesso na iniciativa privada.&nbsp;<\/p>\n\n\n\n<p>Outra hip\u00f3tese \u00e9 que as desestatiza\u00e7\u00f5es no Brasil sejam t\u00e3o complexas que para uma pessoa da iniciativa privada ter bom desempenho em posi\u00e7\u00f5es nessa \u00e1rea seja necess\u00e1rio ter experi\u00eancia anterior com desestatiza\u00e7\u00f5es na iniciativa privada.&nbsp;<\/p>\n\n\n\n<p>Os Jos\u00e9s Silva, se tiverem humildade, dar-se-\u00e3o conta em algum momento de que ser empreendedor ou empres\u00e1rio s\u00e3o atividades que requerem habilidades e conhecimentos diferentes daquelas de um gestor p\u00fablico respons\u00e1vel por um programa de desestatiza\u00e7\u00f5es. Se quiserem dar alguma contribui\u00e7\u00e3o efetiva no mundo das desestatiza\u00e7\u00f5es, precisar\u00e3o de tempo para desenvolver uma s\u00e9rie de expertises e habilidades que lhes permitam fazer a diferen\u00e7a.&nbsp;<\/p>\n\n\n\n<p>Essa li\u00e7\u00e3o precisa ser aprendida por todos n\u00f3s \u2013 com ou por meio dos Jos\u00e9s Silva. Ela precisa ser particularmente aprendida pelos nossos representantes no sistema pol\u00edtico a quem cabe a escolha das pessoas respons\u00e1veis no setor p\u00fablico pelas desestatiza\u00e7\u00f5es.<\/p>\n\n\n\n<h6 class=\"wp-block-heading\"><strong>*Mauricio Portugal Ribeiro \u00e9 especialista na estrutura\u00e7\u00e3o e regula\u00e7\u00e3o de concess\u00f5es e PPPs, s\u00f3cio do Portugal Ribeiro Advogados, mestre em Direito pela Harvard Law School, autor de v\u00e1rios livros e artigos sobre concess\u00f5es, PPPs e outros temas dos setores de infraestrutura.<\/strong><\/h6>\n\n\n\n<h6 class=\"wp-block-heading\">1 Eu queria agradecer a Mario Engler Pinto Jr., Thiago Ara\u00fajo, Marcos Pinto, Eduardo Jord\u00e3o e Marcelo Lennertz a leitura, discuss\u00e3o e sugest\u00f5es de altera\u00e7\u00e3o no presente texto. Os erros evidentemente s\u00e3o de minha exclusiva responsabilidade.<\/h6>\n\n\n\n<h5 class=\"wp-block-heading\">O iNFRADebate \u00e9 o espa\u00e7o de artigos da Ag\u00eancia iNFRA com opini\u00f5es de seus atores que n\u00e3o refletem necessariamente o pensamento da Ag\u00eancia iNFRA, sendo de total responsabilidade do autor as informa\u00e7\u00f5es, ju\u00edzos de valor e conceitos descritos no texto.<\/h5>\n","protected":false},"excerpt":{"rendered":"<p>Mauricio Portugal Ribeiro*1 Foi indicado pelo novo presidente da Rep\u00fablica, governador ou prefeito para o cargo de chefe da \u00e1rea de desestatiza\u00e7\u00f5es o empres\u00e1rio Jos\u00e9 Silva, reconhecido como grande empreendedor que fez uma fortuna de muitos milh\u00f5es de d\u00f3lares a partir do zero.&nbsp; Jos\u00e9 Silva vendeu recentemente sua empresa e decidiu que agora se dedicar\u00e1 [&hellip;]<\/p>\n","protected":false},"author":9,"featured_media":5558,"comment_status":"closed","ping_status":"closed","sticky":false,"template":"","format":"standard","meta":{"_monsterinsights_skip_tracking":false,"_monsterinsights_sitenote_active":false,"_monsterinsights_sitenote_note":"","_monsterinsights_sitenote_category":0,"footnotes":""},"categories":[1,11],"tags":[848,78,192,1986,813,1081,916,2377,97,51,448],"class_list":["post-5557","post","type-post","status-publish","format-standard","has-post-thumbnail","hentry","category-geral","category-infradebate","tag-adalberto-vasconcelos","tag-concessoes","tag-desestatizacao","tag-marco-aurelio-barcelos","tag-martha-seillier","tag-mauricio-portugal-ribeiro","tag-parceria-publico-privada","tag-plano-plurianual","tag-ppp","tag-privatizacao","tag-tarcisio-de-freitas"],"yoast_head":"<!-- This site is optimized with the Yoast SEO Premium plugin v25.4 (Yoast SEO v26.0) - https:\/\/yoast.com\/wordpress\/plugins\/seo\/ -->\n<title>iNFRADebate: O empres\u00e1rio &quot;desestatizador&quot; - Ag\u00eancia iNFRA<\/title>\n<meta name=\"robots\" content=\"index, follow, max-snippet:-1, max-image-preview:large, max-video-preview:-1\" \/>\n<link rel=\"canonical\" href=\"https:\/\/agenciainfra.com\/blog\/infradebate-o-empresario-desestatizador\/\" \/>\n<meta property=\"og:locale\" content=\"pt_BR\" \/>\n<meta property=\"og:type\" content=\"article\" \/>\n<meta property=\"og:title\" content=\"iNFRADebate: O empres\u00e1rio &quot;desestatizador&quot;\" \/>\n<meta property=\"og:description\" content=\"Mauricio Portugal Ribeiro*1 Foi indicado pelo novo presidente da Rep\u00fablica, governador ou prefeito para o cargo de chefe da \u00e1rea de desestatiza\u00e7\u00f5es o empres\u00e1rio Jos\u00e9 Silva, reconhecido como grande empreendedor que fez uma fortuna de muitos milh\u00f5es de d\u00f3lares a partir do zero.&nbsp; Jos\u00e9 Silva vendeu recentemente sua empresa e decidiu que agora se dedicar\u00e1 [&hellip;]\" \/>\n<meta property=\"og:url\" content=\"https:\/\/agenciainfra.com\/blog\/infradebate-o-empresario-desestatizador\/\" \/>\n<meta property=\"og:site_name\" content=\"Ag\u00eancia iNFRA\" \/>\n<meta property=\"article:publisher\" content=\"https:\/\/www.facebook.com\/ageninfra\" \/>\n<meta property=\"article:published_time\" content=\"2020-08-03T16:00:01+00:00\" \/>\n<meta property=\"og:image\" content=\"https:\/\/agenciainfra.com\/blog\/wp-content\/uploads\/2020\/08\/seillier-tarcisio-onyx-salim-foto-ministerio-da-economia.jpg\" \/>\n\t<meta property=\"og:image:width\" content=\"1280\" \/>\n\t<meta property=\"og:image:height\" content=\"854\" \/>\n\t<meta property=\"og:image:type\" content=\"image\/jpeg\" \/>\n<meta name=\"author\" content=\"Rodrigo Zuquim\" \/>\n<meta name=\"twitter:card\" content=\"summary_large_image\" \/>\n<meta name=\"twitter:creator\" content=\"@agencia_infra\" \/>\n<meta name=\"twitter:site\" content=\"@agencia_infra\" \/>\n<meta name=\"twitter:label1\" content=\"Escrito por\" \/>\n\t<meta name=\"twitter:data1\" content=\"Rodrigo Zuquim\" \/>\n\t<meta name=\"twitter:label2\" content=\"Est. tempo de leitura\" \/>\n\t<meta name=\"twitter:data2\" content=\"7 minutos\" \/>\n<script type=\"application\/ld+json\" class=\"yoast-schema-graph\">{\"@context\":\"https:\/\/schema.org\",\"@graph\":[{\"@type\":\"Article\",\"@id\":\"https:\/\/agenciainfra.com\/blog\/infradebate-o-empresario-desestatizador\/#article\",\"isPartOf\":{\"@id\":\"https:\/\/agenciainfra.com\/blog\/infradebate-o-empresario-desestatizador\/\"},\"author\":{\"name\":\"Rodrigo Zuquim\",\"@id\":\"https:\/\/agenciainfra.com\/blog\/#\/schema\/person\/04dbb79bd6d8951f063da71f3e4c1eb1\"},\"headline\":\"iNFRADebate: O empres\u00e1rio &#8220;desestatizador&#8221;\",\"datePublished\":\"2020-08-03T16:00:01+00:00\",\"mainEntityOfPage\":{\"@id\":\"https:\/\/agenciainfra.com\/blog\/infradebate-o-empresario-desestatizador\/\"},\"wordCount\":1497,\"publisher\":{\"@id\":\"https:\/\/agenciainfra.com\/blog\/#organization\"},\"image\":{\"@id\":\"https:\/\/agenciainfra.com\/blog\/infradebate-o-empresario-desestatizador\/#primaryimage\"},\"thumbnailUrl\":\"https:\/\/agenciainfra.com\/blog\/wp-content\/uploads\/2020\/08\/seillier-tarcisio-onyx-salim-foto-ministerio-da-economia.jpg\",\"keywords\":[\"Adalberto Vasconcelos\",\"concess\u00f5es\",\"desestatiza\u00e7\u00e3o\",\"Marco Aur\u00e9lio Barcelos\",\"Martha Seillier\",\"Mauricio Portugal Ribeiro\",\"parceria p\u00fablico-privada\",\"Plano Plurianual\",\"PPP\",\"Privatiza\u00e7\u00e3o\",\"Tarc\u00edsio de Freitas\"],\"articleSection\":[\"Geral\",\"iNFRADebate\"],\"inLanguage\":\"pt-BR\",\"copyrightYear\":\"2020\",\"copyrightHolder\":{\"@id\":\"https:\/\/agenciainfra.com\/blog\/#organization\"}},{\"@type\":\"WebPage\",\"@id\":\"https:\/\/agenciainfra.com\/blog\/infradebate-o-empresario-desestatizador\/\",\"url\":\"https:\/\/agenciainfra.com\/blog\/infradebate-o-empresario-desestatizador\/\",\"name\":\"iNFRADebate: O empres\u00e1rio \\\"desestatizador\\\" - Ag\u00eancia iNFRA\",\"isPartOf\":{\"@id\":\"https:\/\/agenciainfra.com\/blog\/#website\"},\"primaryImageOfPage\":{\"@id\":\"https:\/\/agenciainfra.com\/blog\/infradebate-o-empresario-desestatizador\/#primaryimage\"},\"image\":{\"@id\":\"https:\/\/agenciainfra.com\/blog\/infradebate-o-empresario-desestatizador\/#primaryimage\"},\"thumbnailUrl\":\"https:\/\/agenciainfra.com\/blog\/wp-content\/uploads\/2020\/08\/seillier-tarcisio-onyx-salim-foto-ministerio-da-economia.jpg\",\"datePublished\":\"2020-08-03T16:00:01+00:00\",\"breadcrumb\":{\"@id\":\"https:\/\/agenciainfra.com\/blog\/infradebate-o-empresario-desestatizador\/#breadcrumb\"},\"inLanguage\":\"pt-BR\",\"potentialAction\":[{\"@type\":\"ReadAction\",\"target\":[\"https:\/\/agenciainfra.com\/blog\/infradebate-o-empresario-desestatizador\/\"]}]},{\"@type\":\"ImageObject\",\"inLanguage\":\"pt-BR\",\"@id\":\"https:\/\/agenciainfra.com\/blog\/infradebate-o-empresario-desestatizador\/#primaryimage\",\"url\":\"https:\/\/agenciainfra.com\/blog\/wp-content\/uploads\/2020\/08\/seillier-tarcisio-onyx-salim-foto-ministerio-da-economia.jpg\",\"contentUrl\":\"https:\/\/agenciainfra.com\/blog\/wp-content\/uploads\/2020\/08\/seillier-tarcisio-onyx-salim-foto-ministerio-da-economia.jpg\",\"width\":1280,\"height\":854},{\"@type\":\"BreadcrumbList\",\"@id\":\"https:\/\/agenciainfra.com\/blog\/infradebate-o-empresario-desestatizador\/#breadcrumb\",\"itemListElement\":[{\"@type\":\"ListItem\",\"position\":1,\"name\":\"In\u00edcio\",\"item\":\"https:\/\/agenciainfra.com\/blog\/\"},{\"@type\":\"ListItem\",\"position\":2,\"name\":\"iNFRADebate: O empres\u00e1rio &#8220;desestatizador&#8221;\"}]},{\"@type\":\"WebSite\",\"@id\":\"https:\/\/agenciainfra.com\/blog\/#website\",\"url\":\"https:\/\/agenciainfra.com\/blog\/\",\"name\":\"Ag\u00eancia iNFRA\",\"description\":\"Multiplataforma de informa\u00e7\u00e3o jornal\u00edstica refer\u00eancia na \u00e1rea de infraestrutura no Brasil!\",\"publisher\":{\"@id\":\"https:\/\/agenciainfra.com\/blog\/#organization\"},\"potentialAction\":[{\"@type\":\"SearchAction\",\"target\":{\"@type\":\"EntryPoint\",\"urlTemplate\":\"https:\/\/agenciainfra.com\/blog\/?s={search_term_string}\"},\"query-input\":{\"@type\":\"PropertyValueSpecification\",\"valueRequired\":true,\"valueName\":\"search_term_string\"}}],\"inLanguage\":\"pt-BR\"},{\"@type\":\"Organization\",\"@id\":\"https:\/\/agenciainfra.com\/blog\/#organization\",\"name\":\"Ag\u00eancia iNFRA\",\"url\":\"https:\/\/agenciainfra.com\/blog\/\",\"logo\":{\"@type\":\"ImageObject\",\"inLanguage\":\"pt-BR\",\"@id\":\"https:\/\/agenciainfra.com\/blog\/#\/schema\/logo\/image\/\",\"url\":\"https:\/\/agenciainfra.com\/blog\/wp-content\/uploads\/2023\/09\/iNFRA_5-e1761735885940.png\",\"contentUrl\":\"https:\/\/agenciainfra.com\/blog\/wp-content\/uploads\/2023\/09\/iNFRA_5-e1761735885940.png\",\"width\":1672,\"height\":454,\"caption\":\"Ag\u00eancia iNFRA\"},\"image\":{\"@id\":\"https:\/\/agenciainfra.com\/blog\/#\/schema\/logo\/image\/\"},\"sameAs\":[\"https:\/\/www.facebook.com\/ageninfra\",\"https:\/\/x.com\/agencia_infra\",\"https:\/\/www.linkedin.com\/company\/ag\u00eanciainfra\/\",\"https:\/\/www.instagram.com\/agenciainfra\/\"]},{\"@type\":\"Person\",\"@id\":\"https:\/\/agenciainfra.com\/blog\/#\/schema\/person\/04dbb79bd6d8951f063da71f3e4c1eb1\",\"name\":\"Rodrigo Zuquim\",\"image\":{\"@type\":\"ImageObject\",\"inLanguage\":\"pt-BR\",\"@id\":\"https:\/\/agenciainfra.com\/blog\/#\/schema\/person\/image\/\",\"url\":\"https:\/\/secure.gravatar.com\/avatar\/594abfe82761d620726242ff34ca472a705a4b97f16c790053a6b4c4035274d0?s=96&d=mm&r=g\",\"contentUrl\":\"https:\/\/secure.gravatar.com\/avatar\/594abfe82761d620726242ff34ca472a705a4b97f16c790053a6b4c4035274d0?s=96&d=mm&r=g\",\"caption\":\"Rodrigo Zuquim\"},\"url\":\"https:\/\/agenciainfra.com\/blog\/author\/rodrigo-zuquim\/\"}]}<\/script>\n<!-- \/ Yoast SEO Premium plugin. -->","yoast_head_json":{"title":"iNFRADebate: O empres\u00e1rio \"desestatizador\" - Ag\u00eancia iNFRA","robots":{"index":"index","follow":"follow","max-snippet":"max-snippet:-1","max-image-preview":"max-image-preview:large","max-video-preview":"max-video-preview:-1"},"canonical":"https:\/\/agenciainfra.com\/blog\/infradebate-o-empresario-desestatizador\/","og_locale":"pt_BR","og_type":"article","og_title":"iNFRADebate: O empres\u00e1rio \"desestatizador\"","og_description":"Mauricio Portugal Ribeiro*1 Foi indicado pelo novo presidente da Rep\u00fablica, governador ou prefeito para o cargo de chefe da \u00e1rea de desestatiza\u00e7\u00f5es o empres\u00e1rio Jos\u00e9 Silva, reconhecido como grande empreendedor que fez uma fortuna de muitos milh\u00f5es de d\u00f3lares a partir do zero.&nbsp; Jos\u00e9 Silva vendeu recentemente sua empresa e decidiu que agora se dedicar\u00e1 [&hellip;]","og_url":"https:\/\/agenciainfra.com\/blog\/infradebate-o-empresario-desestatizador\/","og_site_name":"Ag\u00eancia iNFRA","article_publisher":"https:\/\/www.facebook.com\/ageninfra","article_published_time":"2020-08-03T16:00:01+00:00","og_image":[{"width":1280,"height":854,"url":"https:\/\/agenciainfra.com\/blog\/wp-content\/uploads\/2020\/08\/seillier-tarcisio-onyx-salim-foto-ministerio-da-economia.jpg","type":"image\/jpeg"}],"author":"Rodrigo Zuquim","twitter_card":"summary_large_image","twitter_creator":"@agencia_infra","twitter_site":"@agencia_infra","twitter_misc":{"Escrito por":"Rodrigo Zuquim","Est. tempo de leitura":"7 minutos"},"schema":{"@context":"https:\/\/schema.org","@graph":[{"@type":"Article","@id":"https:\/\/agenciainfra.com\/blog\/infradebate-o-empresario-desestatizador\/#article","isPartOf":{"@id":"https:\/\/agenciainfra.com\/blog\/infradebate-o-empresario-desestatizador\/"},"author":{"name":"Rodrigo Zuquim","@id":"https:\/\/agenciainfra.com\/blog\/#\/schema\/person\/04dbb79bd6d8951f063da71f3e4c1eb1"},"headline":"iNFRADebate: O empres\u00e1rio &#8220;desestatizador&#8221;","datePublished":"2020-08-03T16:00:01+00:00","mainEntityOfPage":{"@id":"https:\/\/agenciainfra.com\/blog\/infradebate-o-empresario-desestatizador\/"},"wordCount":1497,"publisher":{"@id":"https:\/\/agenciainfra.com\/blog\/#organization"},"image":{"@id":"https:\/\/agenciainfra.com\/blog\/infradebate-o-empresario-desestatizador\/#primaryimage"},"thumbnailUrl":"https:\/\/agenciainfra.com\/blog\/wp-content\/uploads\/2020\/08\/seillier-tarcisio-onyx-salim-foto-ministerio-da-economia.jpg","keywords":["Adalberto Vasconcelos","concess\u00f5es","desestatiza\u00e7\u00e3o","Marco Aur\u00e9lio Barcelos","Martha Seillier","Mauricio Portugal Ribeiro","parceria p\u00fablico-privada","Plano Plurianual","PPP","Privatiza\u00e7\u00e3o","Tarc\u00edsio de Freitas"],"articleSection":["Geral","iNFRADebate"],"inLanguage":"pt-BR","copyrightYear":"2020","copyrightHolder":{"@id":"https:\/\/agenciainfra.com\/blog\/#organization"}},{"@type":"WebPage","@id":"https:\/\/agenciainfra.com\/blog\/infradebate-o-empresario-desestatizador\/","url":"https:\/\/agenciainfra.com\/blog\/infradebate-o-empresario-desestatizador\/","name":"iNFRADebate: O empres\u00e1rio \"desestatizador\" - Ag\u00eancia iNFRA","isPartOf":{"@id":"https:\/\/agenciainfra.com\/blog\/#website"},"primaryImageOfPage":{"@id":"https:\/\/agenciainfra.com\/blog\/infradebate-o-empresario-desestatizador\/#primaryimage"},"image":{"@id":"https:\/\/agenciainfra.com\/blog\/infradebate-o-empresario-desestatizador\/#primaryimage"},"thumbnailUrl":"https:\/\/agenciainfra.com\/blog\/wp-content\/uploads\/2020\/08\/seillier-tarcisio-onyx-salim-foto-ministerio-da-economia.jpg","datePublished":"2020-08-03T16:00:01+00:00","breadcrumb":{"@id":"https:\/\/agenciainfra.com\/blog\/infradebate-o-empresario-desestatizador\/#breadcrumb"},"inLanguage":"pt-BR","potentialAction":[{"@type":"ReadAction","target":["https:\/\/agenciainfra.com\/blog\/infradebate-o-empresario-desestatizador\/"]}]},{"@type":"ImageObject","inLanguage":"pt-BR","@id":"https:\/\/agenciainfra.com\/blog\/infradebate-o-empresario-desestatizador\/#primaryimage","url":"https:\/\/agenciainfra.com\/blog\/wp-content\/uploads\/2020\/08\/seillier-tarcisio-onyx-salim-foto-ministerio-da-economia.jpg","contentUrl":"https:\/\/agenciainfra.com\/blog\/wp-content\/uploads\/2020\/08\/seillier-tarcisio-onyx-salim-foto-ministerio-da-economia.jpg","width":1280,"height":854},{"@type":"BreadcrumbList","@id":"https:\/\/agenciainfra.com\/blog\/infradebate-o-empresario-desestatizador\/#breadcrumb","itemListElement":[{"@type":"ListItem","position":1,"name":"In\u00edcio","item":"https:\/\/agenciainfra.com\/blog\/"},{"@type":"ListItem","position":2,"name":"iNFRADebate: O empres\u00e1rio &#8220;desestatizador&#8221;"}]},{"@type":"WebSite","@id":"https:\/\/agenciainfra.com\/blog\/#website","url":"https:\/\/agenciainfra.com\/blog\/","name":"Ag\u00eancia iNFRA","description":"Multiplataforma de informa\u00e7\u00e3o jornal\u00edstica refer\u00eancia na \u00e1rea de infraestrutura no Brasil!","publisher":{"@id":"https:\/\/agenciainfra.com\/blog\/#organization"},"potentialAction":[{"@type":"SearchAction","target":{"@type":"EntryPoint","urlTemplate":"https:\/\/agenciainfra.com\/blog\/?s={search_term_string}"},"query-input":{"@type":"PropertyValueSpecification","valueRequired":true,"valueName":"search_term_string"}}],"inLanguage":"pt-BR"},{"@type":"Organization","@id":"https:\/\/agenciainfra.com\/blog\/#organization","name":"Ag\u00eancia iNFRA","url":"https:\/\/agenciainfra.com\/blog\/","logo":{"@type":"ImageObject","inLanguage":"pt-BR","@id":"https:\/\/agenciainfra.com\/blog\/#\/schema\/logo\/image\/","url":"https:\/\/agenciainfra.com\/blog\/wp-content\/uploads\/2023\/09\/iNFRA_5-e1761735885940.png","contentUrl":"https:\/\/agenciainfra.com\/blog\/wp-content\/uploads\/2023\/09\/iNFRA_5-e1761735885940.png","width":1672,"height":454,"caption":"Ag\u00eancia iNFRA"},"image":{"@id":"https:\/\/agenciainfra.com\/blog\/#\/schema\/logo\/image\/"},"sameAs":["https:\/\/www.facebook.com\/ageninfra","https:\/\/x.com\/agencia_infra","https:\/\/www.linkedin.com\/company\/ag\u00eanciainfra\/","https:\/\/www.instagram.com\/agenciainfra\/"]},{"@type":"Person","@id":"https:\/\/agenciainfra.com\/blog\/#\/schema\/person\/04dbb79bd6d8951f063da71f3e4c1eb1","name":"Rodrigo Zuquim","image":{"@type":"ImageObject","inLanguage":"pt-BR","@id":"https:\/\/agenciainfra.com\/blog\/#\/schema\/person\/image\/","url":"https:\/\/secure.gravatar.com\/avatar\/594abfe82761d620726242ff34ca472a705a4b97f16c790053a6b4c4035274d0?s=96&d=mm&r=g","contentUrl":"https:\/\/secure.gravatar.com\/avatar\/594abfe82761d620726242ff34ca472a705a4b97f16c790053a6b4c4035274d0?s=96&d=mm&r=g","caption":"Rodrigo Zuquim"},"url":"https:\/\/agenciainfra.com\/blog\/author\/rodrigo-zuquim\/"}]}},"_links":{"self":[{"href":"https:\/\/agenciainfra.com\/blog\/wp-json\/wp\/v2\/posts\/5557","targetHints":{"allow":["GET"]}}],"collection":[{"href":"https:\/\/agenciainfra.com\/blog\/wp-json\/wp\/v2\/posts"}],"about":[{"href":"https:\/\/agenciainfra.com\/blog\/wp-json\/wp\/v2\/types\/post"}],"author":[{"embeddable":true,"href":"https:\/\/agenciainfra.com\/blog\/wp-json\/wp\/v2\/users\/9"}],"replies":[{"embeddable":true,"href":"https:\/\/agenciainfra.com\/blog\/wp-json\/wp\/v2\/comments?post=5557"}],"version-history":[{"count":0,"href":"https:\/\/agenciainfra.com\/blog\/wp-json\/wp\/v2\/posts\/5557\/revisions"}],"wp:featuredmedia":[{"embeddable":true,"href":"https:\/\/agenciainfra.com\/blog\/wp-json\/wp\/v2\/media\/5558"}],"wp:attachment":[{"href":"https:\/\/agenciainfra.com\/blog\/wp-json\/wp\/v2\/media?parent=5557"}],"wp:term":[{"taxonomy":"category","embeddable":true,"href":"https:\/\/agenciainfra.com\/blog\/wp-json\/wp\/v2\/categories?post=5557"},{"taxonomy":"post_tag","embeddable":true,"href":"https:\/\/agenciainfra.com\/blog\/wp-json\/wp\/v2\/tags?post=5557"}],"curies":[{"name":"wp","href":"https:\/\/api.w.org\/{rel}","templated":true}]}}