{"id":5568,"date":"2020-08-05T08:00:00","date_gmt":"2020-08-05T11:00:00","guid":{"rendered":"https:\/\/www.agenciainfra.com\/blog\/?p=5568"},"modified":"2020-08-03T14:25:35","modified_gmt":"2020-08-03T17:25:35","slug":"bancada-maranhense-pressiona-infraestrutura-por-dinheiro-da-renovacao-das-ferrovias","status":"publish","type":"post","link":"https:\/\/agenciainfra.com\/blog\/bancada-maranhense-pressiona-infraestrutura-por-dinheiro-da-renovacao-das-ferrovias\/","title":{"rendered":"Bancada maranhense pressiona Infraestrutura por dinheiro da renova\u00e7\u00e3o das ferrovias"},"content":{"rendered":"\n<hr class=\"wp-block-separator\"\/>\n\n\n\n<p class=\"has-text-align-right\"><strong>da\u00a0Ag\u00eancia iNFRA<\/strong><\/p>\n\n\n\n<p>A bancada legislativa federal maranhense e o vice-governador do estado cobraram, na \u00faltima sexta-feira (31), do ministro da Infraestrutura, Tarc\u00edsio de Freitas, que sejam feitos investimentos no Maranh\u00e3o\u00a0com os recursos da renova\u00e7\u00e3o antecipada da EFC (Estrada de Ferro Caraj\u00e1s).\u00a0<\/p>\n\n\n\n<p>Em live com o ministro, os participantes pediram que o dinheiro v\u00e1 para a constru\u00e7\u00e3o de uma ferrovia entre Balsas e Estreito, onde se ligaria \u00e0 FNS (Ferrovia Norte-Sul). E ainda pediram apoio adicional ao projeto do TPA (Terminal Portu\u00e1rio de Alc\u00e2ntara) um TUP (terminal privado) que tamb\u00e9m tem em seu projeto a previs\u00e3o de um ramal ferrovi\u00e1rio de 215 km, entre Alc\u00e2ntara e Alto Alegre do Pidar\u00e9, com liga\u00e7\u00e3o na EFC.<\/p>\n\n\n\n<p>O dinheiro das outorgas das renova\u00e7\u00f5es antecipadas de ferrovias j\u00e1 tinha sido reivindicado pelo estado do Par\u00e1, por onde a EFC tamb\u00e9m passa, para apoiar projetos no estado. O governo paraense tem uma ferrovia j\u00e1 estudada e&nbsp;em processo de licenciamento ambiental, a chamada Ferrovia Paraense (ou Fepasa).<\/p>\n\n\n\n<p>No ano passado, o estado do Par\u00e1 firmou um protocolo com a empresa chinesa CCCC para a implanta\u00e7\u00e3o da via que pode ser feita por autoriza\u00e7\u00e3o, j\u00e1 que o Par\u00e1 foi o \u00fanico no pa\u00eds a aprovar uma lei de autoriza\u00e7\u00e3o ferrovi\u00e1ria. O projeto ligaria a regi\u00e3o sudeste do Par\u00e1 \u2013 que \u00e9 pr\u00f3xima \u00e0 FNS \u2013 \u00e0 regi\u00e3o de Barcarena, onde h\u00e1 terminais portu\u00e1rios.<\/p>\n\n\n\n<p><strong>Ordem de servi\u00e7o para obra rodovi\u00e1ria<\/strong><br>O evento em que houve a press\u00e3o foi promovido pelo Minfra para a assinatura da ordem de servi\u00e7o para o in\u00edcio das obras na BR-135\/MA.&nbsp;Segundo o vice-governador Carlos Brand\u00e3o, a aprova\u00e7\u00e3o do Acordo de Salvaguardas Tecnol\u00f3gicas entre o Brasil e os Estados Unidos, aprovado em novembro do ano passado no Congresso, aumentar\u00e1 a necessidade de investimentos na regi\u00e3o.<br><br>\u201cPor causa da aprova\u00e7\u00e3o do acordo de salvaguarda, n\u00f3s vamos necessitar de um porto para receber grandes equipamentos para a implanta\u00e7\u00e3o da base de Alc\u00e2ntara. J\u00e1 tem um porto aprovado. Pedimos que o recurso da renova\u00e7\u00e3o da ferrovia de Caraj\u00e1s seja investido no pr\u00f3prio Maranh\u00e3o e que protejamos as nossas rodovias estaduais e federais\u201d, disse o vice-governador.<\/p>\n\n\n\n<p>Os parlamentares lembraram ainda da necessidade de um melhor escoamento da produ\u00e7\u00e3o agr\u00edcola do Matopiba para os terminais portu\u00e1rios da regi\u00e3o. A imprensa local tamb\u00e9m vem pressionando o governo federal desde que a pasta informou&nbsp;os projetos que estariam no&nbsp;Pr\u00f3-Brasil, alocando apenas tr\u00eas projetos no estado, sendo que um deles \u00e9 o TPA, que \u00e9 privado.<\/p>\n\n\n\n<p><strong>Ministro n\u00e3o garante recursos&nbsp;<\/strong><br>Em resposta, o ministro Tarc\u00edsio de Freitas confirmou o interesse do grupo empresarial Gr\u00e3o-Par\u00e1 Multimodal para a constru\u00e7\u00e3o do TUP e falou sobre os benef\u00edcios que a renova\u00e7\u00e3o da EFC trar\u00e1 para o estado. Mas disse que, para o ramal ferrovi\u00e1rio ligando-o \u00e0 EFC,&nbsp;ser\u00e1 necess\u00e1ria a aprova\u00e7\u00e3o do PLS (Projeto de Lei do Senado) 261 \u2013 conhecido como Novo Marco Legal do Setor Ferrovi\u00e1rio.&nbsp;<br><br>\u201cJ\u00e1 temos hoje um grupo portugu\u00eas privado interessado em fazer o terminal de Alc\u00e2ntara. J\u00e1 est\u00e3o trabalhando com a gente neste interesse. Eles tamb\u00e9m est\u00e3o interessados em fazer um terminal ferrovi\u00e1rio privado. Temos o PLS 261\/18, que n\u00f3s aguardamos vota\u00e7\u00e3o, para que possamos ter o instrumento legal para as autoriza\u00e7\u00f5es de ferrovias no Brasil. O que eles prop\u00f5em \u00e9 a associa\u00e7\u00e3o do terminal privado com o ramal ferrovi\u00e1rio. Para que isso seja poss\u00edvel precisamos da legisla\u00e7\u00e3o\u201d, explicou.<br><br>De acordo com&nbsp;<a href=\"https:\/\/agenciainfra.us14.list-manage.com\/track\/click?u=d460dd1bcf9ba0ae040e1fc0f&amp;id=ed8eb5a147&amp;e=c099169394\" target=\"_blank\" rel=\"noreferrer noopener\">o projeto apresentado na CTLog<\/a>&nbsp;(C\u00e2mara Tem\u00e1tica de Infraestrutura e Log\u00edstica) do Minist\u00e9rio da Agricultura, Pecu\u00e1ria e Abastecimento, numa primeira fase o TPA ser\u00e1 capaz de movimentar 140 milh\u00f5es de toneladas\/ano em quatro ber\u00e7os. O TPA possui uma retro\u00e1rea superior a 300 milh\u00f5es de metros quadrados com calado natural m\u00ednimo de 25 metros.<\/p>\n\n\n\n<p>Sobre o ramal Estreito-Balsas, Freitas afirmou que o projeto ainda precisa de estudos para ser implementado, mas n\u00e3o se comprometeu com sua realiza\u00e7\u00e3o&nbsp;com os recursos da renova\u00e7\u00e3o antecipada. O programa completo est\u00e1&nbsp;<a href=\"https:\/\/agenciainfra.us14.list-manage.com\/track\/click?u=d460dd1bcf9ba0ae040e1fc0f&amp;id=1668adc820&amp;e=c099169394\" target=\"_blank\" rel=\"noreferrer noopener\">neste link<\/a>.<\/p>\n\n\n\n<p><strong>Recursos garantidos para Fico e EF-118<\/strong><br>Pelo que foi aprovado no TCU (Tribunal de Contas da Uni\u00e3o) na \u00faltima quarta-feira (29), Maranh\u00e3o e Par\u00e1 ganharam uma recomenda\u00e7\u00e3o do \u00f3rg\u00e3o para que o minist\u00e9rio avalie a &#8220;conveni\u00eancia e oportunidade&#8221; para o aproveitamento de recursos da outorga em projetos nos estados. O ac\u00f3rd\u00e3o final da EFC est\u00e1\u00a0<a rel=\"noreferrer noopener\" href=\"https:\/\/agenciainfra.us14.list-manage.com\/track\/click?u=d460dd1bcf9ba0ae040e1fc0f&amp;id=bfa1ca1e2d&amp;e=c099169394\" target=\"_blank\">neste link<\/a>.<\/p>\n\n\n\n<p>Em princ\u00edpio, o valor inicialmente estimado da outorga da EFC \u00e9 pequeno, na casa dos R$ 300 milh\u00f5es. Mas esse valor vai depender das an\u00e1lise finais da proposta ap\u00f3s as mudan\u00e7as pedidas pelo TCU. E tamb\u00e9m de uma avalia\u00e7\u00e3o que ser\u00e1 feita posteriormente \u00e0 assinatura sobre a base de ativos da ferrovia. Se a ANTT (Ag\u00eancia Nacional de Transportes Terrestres) n\u00e3o aceitar itens que hoje est\u00e3o lan\u00e7ados como ativos da ferrovia, esse valor pode subir.<\/p>\n\n\n\n<p>O que ficou especificado nas renova\u00e7\u00f5es das ferrovias da Vale foram os recursos para que sejam constru\u00eddos ramais da Fico (Ferrovia de Integra\u00e7\u00e3o do Centro-Oeste) entre Mara Rosa (TO) e \u00c1gua Boa (MT) e um ramal da EF-118 (Rio de Janeiro-Vit\u00f3ria), entre Vit\u00f3ria e Ubu (ES), mas com recursos que seriam da renova\u00e7\u00e3o da EFVM (Estrada de Ferro Vit\u00f3ria a Minas).<\/p>\n\n\n\n<p>O TCU tamb\u00e9m n\u00e3o colocou \u00f3bice que o governo gaste recursos das outorgas para compra de trilhos para a constru\u00e7\u00e3o de ferrovias estatais, desde que haja casamento entre a execu\u00e7\u00e3o do projeto federal e a compra dos trilhos pela Vale.<br><br><strong>Cronograma de portos<\/strong><br>Em outra live, desta vez produzida pelo IDP (Instituto Brasiliense de Direito P\u00fablico), o secret\u00e1rio de Portos do Minfra, Diogo Piloni, informou que at\u00e9 o fim deste ano seis dos nove leil\u00f5es previstos pelo minist\u00e9rio devem acontecer de acordo com o cronograma.<br><br>\u201cTemos tamb\u00e9m no TCU boas perspectivas de conclus\u00e3o agora no m\u00eas de agosto do processo de an\u00e1lise de mais seis terminais. Quatro deles, de gran\u00e9is l\u00edquidos, no porto de Itaqui (MA). J\u00e1 temos, inclusive a aprova\u00e7\u00e3o de dois deles, mas ainda faltam dois que dependem de uma chancela. Mais um terminal no porto de Macei\u00f3 e no porto de Santana. \u00c9 uma rodada de seis terminais que temos a expectativa de publica\u00e7\u00e3o no in\u00edcio de setembro e in\u00edcio do leil\u00e3o at\u00e9 meados de dezembro\u201d, falou.<br><br>Ainda de acordo com Piloni, o n\u00famero de TUPs&nbsp;deve dobrar neste mesmo per\u00edodo. Segundo ele,&nbsp;em torno de 30 contratos de ades\u00e3o foram fechados at\u00e9 o meio do ano e mais 30 devem ser assinados&nbsp;at\u00e9 o fim de 2020, com estimativa de&nbsp;R$ 14 bilh\u00f5es de investimentos autorizados.<\/p>\n","protected":false},"excerpt":{"rendered":"<p>da\u00a0Ag\u00eancia iNFRA A bancada legislativa federal maranhense e o vice-governador do estado cobraram, na \u00faltima sexta-feira (31), do ministro da Infraestrutura, Tarc\u00edsio de Freitas, que sejam feitos investimentos no Maranh\u00e3o\u00a0com os recursos da renova\u00e7\u00e3o antecipada da EFC (Estrada de Ferro Caraj\u00e1s).\u00a0 Em live com o ministro, os participantes pediram que o dinheiro v\u00e1 para a [&hellip;]<\/p>\n","protected":false},"author":9,"featured_media":5569,"comment_status":"closed","ping_status":"closed","sticky":false,"template":"","format":"standard","meta":{"_monsterinsights_skip_tracking":false,"_monsterinsights_sitenote_active":false,"_monsterinsights_sitenote_note":"","_monsterinsights_sitenote_category":0,"footnotes":""},"categories":[1,7],"tags":[19,2384,2387,2386,2385,237,811,229,228,470,1419,473,31,120,472,487,1195,775,1982,1542,1930,448,18,1194],"class_list":["post-5568","post","type-post","status-publish","format-standard","has-post-thumbnail","hentry","category-geral","category-infratransporte","tag-antt","tag-bancada-do-maranhao","tag-base-de-alcantara","tag-br-135-ma","tag-carlos-brandao","tag-ctlog","tag-diogo-piloni","tag-efc","tag-efvm","tag-estrada-de-ferro-carajas","tag-estrada-de-ferro-vitoria-a-minas","tag-ferrovia-de-integracao-do-centro-oeste","tag-ferrovia-norte-sul","tag-ferrovias","tag-fico","tag-fns","tag-grao-para-multimodal","tag-ministerio-da-infraestrutura","tag-pls-261","tag-porto-de-itaqui","tag-pro-brasil","tag-tarcisio-de-freitas","tag-tcu","tag-terminal-portuario-de-alcantara"],"yoast_head":"<!-- This site is optimized with the Yoast SEO Premium plugin v25.4 (Yoast SEO v26.0) - https:\/\/yoast.com\/wordpress\/plugins\/seo\/ -->\n<title>Bancada maranhense pressiona Infraestrutura por dinheiro da renova\u00e7\u00e3o das ferrovias - Ag\u00eancia iNFRA<\/title>\n<meta name=\"robots\" content=\"index, follow, max-snippet:-1, max-image-preview:large, max-video-preview:-1\" \/>\n<link rel=\"canonical\" href=\"https:\/\/agenciainfra.com\/blog\/bancada-maranhense-pressiona-infraestrutura-por-dinheiro-da-renovacao-das-ferrovias\/\" \/>\n<meta property=\"og:locale\" content=\"pt_BR\" \/>\n<meta property=\"og:type\" content=\"article\" \/>\n<meta property=\"og:title\" content=\"Bancada maranhense pressiona Infraestrutura por dinheiro da renova\u00e7\u00e3o das ferrovias\" \/>\n<meta property=\"og:description\" content=\"da\u00a0Ag\u00eancia iNFRA A bancada legislativa federal maranhense e o vice-governador do estado cobraram, na \u00faltima sexta-feira (31), do ministro da Infraestrutura, Tarc\u00edsio de Freitas, que sejam feitos investimentos no Maranh\u00e3o\u00a0com os recursos da renova\u00e7\u00e3o antecipada da EFC (Estrada de Ferro Caraj\u00e1s).\u00a0 Em live com o ministro, os participantes pediram que o dinheiro v\u00e1 para a [&hellip;]\" \/>\n<meta property=\"og:url\" content=\"https:\/\/agenciainfra.com\/blog\/bancada-maranhense-pressiona-infraestrutura-por-dinheiro-da-renovacao-das-ferrovias\/\" \/>\n<meta property=\"og:site_name\" content=\"Ag\u00eancia iNFRA\" \/>\n<meta property=\"article:publisher\" content=\"https:\/\/www.facebook.com\/ageninfra\" \/>\n<meta property=\"article:published_time\" content=\"2020-08-05T11:00:00+00:00\" \/>\n<meta property=\"og:image\" content=\"https:\/\/agenciainfra.com\/blog\/wp-content\/uploads\/2020\/08\/tarcisio-minfra-foto-ricardo-botelho-minfra.jpg\" \/>\n\t<meta property=\"og:image:width\" content=\"1280\" \/>\n\t<meta property=\"og:image:height\" content=\"853\" \/>\n\t<meta property=\"og:image:type\" content=\"image\/jpeg\" \/>\n<meta name=\"author\" content=\"Rodrigo Zuquim\" \/>\n<meta name=\"twitter:card\" content=\"summary_large_image\" \/>\n<meta name=\"twitter:creator\" content=\"@agencia_infra\" \/>\n<meta name=\"twitter:site\" content=\"@agencia_infra\" \/>\n<meta name=\"twitter:label1\" content=\"Escrito por\" \/>\n\t<meta name=\"twitter:data1\" content=\"Rodrigo Zuquim\" \/>\n\t<meta name=\"twitter:label2\" content=\"Est. tempo de leitura\" \/>\n\t<meta name=\"twitter:data2\" content=\"6 minutos\" \/>\n<script type=\"application\/ld+json\" class=\"yoast-schema-graph\">{\"@context\":\"https:\/\/schema.org\",\"@graph\":[{\"@type\":\"Article\",\"@id\":\"https:\/\/agenciainfra.com\/blog\/bancada-maranhense-pressiona-infraestrutura-por-dinheiro-da-renovacao-das-ferrovias\/#article\",\"isPartOf\":{\"@id\":\"https:\/\/agenciainfra.com\/blog\/bancada-maranhense-pressiona-infraestrutura-por-dinheiro-da-renovacao-das-ferrovias\/\"},\"author\":{\"name\":\"Rodrigo Zuquim\",\"@id\":\"https:\/\/agenciainfra.com\/blog\/#\/schema\/person\/04dbb79bd6d8951f063da71f3e4c1eb1\"},\"headline\":\"Bancada maranhense pressiona Infraestrutura por dinheiro da renova\u00e7\u00e3o das ferrovias\",\"datePublished\":\"2020-08-05T11:00:00+00:00\",\"mainEntityOfPage\":{\"@id\":\"https:\/\/agenciainfra.com\/blog\/bancada-maranhense-pressiona-infraestrutura-por-dinheiro-da-renovacao-das-ferrovias\/\"},\"wordCount\":1192,\"publisher\":{\"@id\":\"https:\/\/agenciainfra.com\/blog\/#organization\"},\"image\":{\"@id\":\"https:\/\/agenciainfra.com\/blog\/bancada-maranhense-pressiona-infraestrutura-por-dinheiro-da-renovacao-das-ferrovias\/#primaryimage\"},\"thumbnailUrl\":\"https:\/\/agenciainfra.com\/blog\/wp-content\/uploads\/2020\/08\/tarcisio-minfra-foto-ricardo-botelho-minfra.jpg\",\"keywords\":[\"ANTT\",\"bancada do Maranh\u00e3o\",\"Base de Alc\u00e2ntara\",\"BR-135\/MA\",\"Carlos Brand\u00e3o\",\"CTLog\",\"Diogo Piloni\",\"EFC\",\"EFVM\",\"Estrada de Ferro Caraj\u00e1s\",\"Estrada de Ferro Vit\u00f3ria a Minas\",\"Ferrovia de Integra\u00e7\u00e3o do Centro-Oeste\",\"Ferrovia Norte-Sul\",\"Ferrovias\",\"FICO\",\"FNS\",\"Gr\u00e3o-Par\u00e1 Multimodal\",\"Minist\u00e9rio da Infraestrutura\",\"PLS 261\",\"Porto de Itaqui\",\"Pr\u00f3-Brasil\",\"Tarc\u00edsio de Freitas\",\"TCU\",\"Terminal Portu\u00e1rio de Alc\u00e2ntara\"],\"articleSection\":[\"Geral\",\"iNFRATransporte\"],\"inLanguage\":\"pt-BR\",\"copyrightYear\":\"2020\",\"copyrightHolder\":{\"@id\":\"https:\/\/agenciainfra.com\/blog\/#organization\"}},{\"@type\":\"WebPage\",\"@id\":\"https:\/\/agenciainfra.com\/blog\/bancada-maranhense-pressiona-infraestrutura-por-dinheiro-da-renovacao-das-ferrovias\/\",\"url\":\"https:\/\/agenciainfra.com\/blog\/bancada-maranhense-pressiona-infraestrutura-por-dinheiro-da-renovacao-das-ferrovias\/\",\"name\":\"Bancada maranhense pressiona Infraestrutura por dinheiro da renova\u00e7\u00e3o das ferrovias - Ag\u00eancia iNFRA\",\"isPartOf\":{\"@id\":\"https:\/\/agenciainfra.com\/blog\/#website\"},\"primaryImageOfPage\":{\"@id\":\"https:\/\/agenciainfra.com\/blog\/bancada-maranhense-pressiona-infraestrutura-por-dinheiro-da-renovacao-das-ferrovias\/#primaryimage\"},\"image\":{\"@id\":\"https:\/\/agenciainfra.com\/blog\/bancada-maranhense-pressiona-infraestrutura-por-dinheiro-da-renovacao-das-ferrovias\/#primaryimage\"},\"thumbnailUrl\":\"https:\/\/agenciainfra.com\/blog\/wp-content\/uploads\/2020\/08\/tarcisio-minfra-foto-ricardo-botelho-minfra.jpg\",\"datePublished\":\"2020-08-05T11:00:00+00:00\",\"breadcrumb\":{\"@id\":\"https:\/\/agenciainfra.com\/blog\/bancada-maranhense-pressiona-infraestrutura-por-dinheiro-da-renovacao-das-ferrovias\/#breadcrumb\"},\"inLanguage\":\"pt-BR\",\"potentialAction\":[{\"@type\":\"ReadAction\",\"target\":[\"https:\/\/agenciainfra.com\/blog\/bancada-maranhense-pressiona-infraestrutura-por-dinheiro-da-renovacao-das-ferrovias\/\"]}]},{\"@type\":\"ImageObject\",\"inLanguage\":\"pt-BR\",\"@id\":\"https:\/\/agenciainfra.com\/blog\/bancada-maranhense-pressiona-infraestrutura-por-dinheiro-da-renovacao-das-ferrovias\/#primaryimage\",\"url\":\"https:\/\/agenciainfra.com\/blog\/wp-content\/uploads\/2020\/08\/tarcisio-minfra-foto-ricardo-botelho-minfra.jpg\",\"contentUrl\":\"https:\/\/agenciainfra.com\/blog\/wp-content\/uploads\/2020\/08\/tarcisio-minfra-foto-ricardo-botelho-minfra.jpg\",\"width\":1280,\"height\":853},{\"@type\":\"BreadcrumbList\",\"@id\":\"https:\/\/agenciainfra.com\/blog\/bancada-maranhense-pressiona-infraestrutura-por-dinheiro-da-renovacao-das-ferrovias\/#breadcrumb\",\"itemListElement\":[{\"@type\":\"ListItem\",\"position\":1,\"name\":\"In\u00edcio\",\"item\":\"https:\/\/agenciainfra.com\/blog\/\"},{\"@type\":\"ListItem\",\"position\":2,\"name\":\"Bancada maranhense pressiona Infraestrutura por dinheiro da renova\u00e7\u00e3o das ferrovias\"}]},{\"@type\":\"WebSite\",\"@id\":\"https:\/\/agenciainfra.com\/blog\/#website\",\"url\":\"https:\/\/agenciainfra.com\/blog\/\",\"name\":\"Ag\u00eancia iNFRA\",\"description\":\"Multiplataforma de informa\u00e7\u00e3o jornal\u00edstica refer\u00eancia na \u00e1rea de infraestrutura no Brasil!\",\"publisher\":{\"@id\":\"https:\/\/agenciainfra.com\/blog\/#organization\"},\"potentialAction\":[{\"@type\":\"SearchAction\",\"target\":{\"@type\":\"EntryPoint\",\"urlTemplate\":\"https:\/\/agenciainfra.com\/blog\/?s={search_term_string}\"},\"query-input\":{\"@type\":\"PropertyValueSpecification\",\"valueRequired\":true,\"valueName\":\"search_term_string\"}}],\"inLanguage\":\"pt-BR\"},{\"@type\":\"Organization\",\"@id\":\"https:\/\/agenciainfra.com\/blog\/#organization\",\"name\":\"Ag\u00eancia iNFRA\",\"url\":\"https:\/\/agenciainfra.com\/blog\/\",\"logo\":{\"@type\":\"ImageObject\",\"inLanguage\":\"pt-BR\",\"@id\":\"https:\/\/agenciainfra.com\/blog\/#\/schema\/logo\/image\/\",\"url\":\"https:\/\/agenciainfra.com\/blog\/wp-content\/uploads\/2023\/09\/iNFRA_5-e1761735885940.png\",\"contentUrl\":\"https:\/\/agenciainfra.com\/blog\/wp-content\/uploads\/2023\/09\/iNFRA_5-e1761735885940.png\",\"width\":1672,\"height\":454,\"caption\":\"Ag\u00eancia iNFRA\"},\"image\":{\"@id\":\"https:\/\/agenciainfra.com\/blog\/#\/schema\/logo\/image\/\"},\"sameAs\":[\"https:\/\/www.facebook.com\/ageninfra\",\"https:\/\/x.com\/agencia_infra\",\"https:\/\/www.linkedin.com\/company\/ag\u00eanciainfra\/\",\"https:\/\/www.instagram.com\/agenciainfra\/\"]},{\"@type\":\"Person\",\"@id\":\"https:\/\/agenciainfra.com\/blog\/#\/schema\/person\/04dbb79bd6d8951f063da71f3e4c1eb1\",\"name\":\"Rodrigo Zuquim\",\"image\":{\"@type\":\"ImageObject\",\"inLanguage\":\"pt-BR\",\"@id\":\"https:\/\/agenciainfra.com\/blog\/#\/schema\/person\/image\/\",\"url\":\"https:\/\/secure.gravatar.com\/avatar\/594abfe82761d620726242ff34ca472a705a4b97f16c790053a6b4c4035274d0?s=96&d=mm&r=g\",\"contentUrl\":\"https:\/\/secure.gravatar.com\/avatar\/594abfe82761d620726242ff34ca472a705a4b97f16c790053a6b4c4035274d0?s=96&d=mm&r=g\",\"caption\":\"Rodrigo Zuquim\"},\"url\":\"https:\/\/agenciainfra.com\/blog\/author\/rodrigo-zuquim\/\"}]}<\/script>\n<!-- \/ Yoast SEO Premium plugin. -->","yoast_head_json":{"title":"Bancada maranhense pressiona Infraestrutura por dinheiro da renova\u00e7\u00e3o das ferrovias - Ag\u00eancia iNFRA","robots":{"index":"index","follow":"follow","max-snippet":"max-snippet:-1","max-image-preview":"max-image-preview:large","max-video-preview":"max-video-preview:-1"},"canonical":"https:\/\/agenciainfra.com\/blog\/bancada-maranhense-pressiona-infraestrutura-por-dinheiro-da-renovacao-das-ferrovias\/","og_locale":"pt_BR","og_type":"article","og_title":"Bancada maranhense pressiona Infraestrutura por dinheiro da renova\u00e7\u00e3o das ferrovias","og_description":"da\u00a0Ag\u00eancia iNFRA A bancada legislativa federal maranhense e o vice-governador do estado cobraram, na \u00faltima sexta-feira (31), do ministro da Infraestrutura, Tarc\u00edsio de Freitas, que sejam feitos investimentos no Maranh\u00e3o\u00a0com os recursos da renova\u00e7\u00e3o antecipada da EFC (Estrada de Ferro Caraj\u00e1s).\u00a0 Em live com o ministro, os participantes pediram que o dinheiro v\u00e1 para a [&hellip;]","og_url":"https:\/\/agenciainfra.com\/blog\/bancada-maranhense-pressiona-infraestrutura-por-dinheiro-da-renovacao-das-ferrovias\/","og_site_name":"Ag\u00eancia iNFRA","article_publisher":"https:\/\/www.facebook.com\/ageninfra","article_published_time":"2020-08-05T11:00:00+00:00","og_image":[{"width":1280,"height":853,"url":"https:\/\/agenciainfra.com\/blog\/wp-content\/uploads\/2020\/08\/tarcisio-minfra-foto-ricardo-botelho-minfra.jpg","type":"image\/jpeg"}],"author":"Rodrigo Zuquim","twitter_card":"summary_large_image","twitter_creator":"@agencia_infra","twitter_site":"@agencia_infra","twitter_misc":{"Escrito por":"Rodrigo Zuquim","Est. tempo de leitura":"6 minutos"},"schema":{"@context":"https:\/\/schema.org","@graph":[{"@type":"Article","@id":"https:\/\/agenciainfra.com\/blog\/bancada-maranhense-pressiona-infraestrutura-por-dinheiro-da-renovacao-das-ferrovias\/#article","isPartOf":{"@id":"https:\/\/agenciainfra.com\/blog\/bancada-maranhense-pressiona-infraestrutura-por-dinheiro-da-renovacao-das-ferrovias\/"},"author":{"name":"Rodrigo Zuquim","@id":"https:\/\/agenciainfra.com\/blog\/#\/schema\/person\/04dbb79bd6d8951f063da71f3e4c1eb1"},"headline":"Bancada maranhense pressiona Infraestrutura por dinheiro da renova\u00e7\u00e3o das ferrovias","datePublished":"2020-08-05T11:00:00+00:00","mainEntityOfPage":{"@id":"https:\/\/agenciainfra.com\/blog\/bancada-maranhense-pressiona-infraestrutura-por-dinheiro-da-renovacao-das-ferrovias\/"},"wordCount":1192,"publisher":{"@id":"https:\/\/agenciainfra.com\/blog\/#organization"},"image":{"@id":"https:\/\/agenciainfra.com\/blog\/bancada-maranhense-pressiona-infraestrutura-por-dinheiro-da-renovacao-das-ferrovias\/#primaryimage"},"thumbnailUrl":"https:\/\/agenciainfra.com\/blog\/wp-content\/uploads\/2020\/08\/tarcisio-minfra-foto-ricardo-botelho-minfra.jpg","keywords":["ANTT","bancada do Maranh\u00e3o","Base de Alc\u00e2ntara","BR-135\/MA","Carlos Brand\u00e3o","CTLog","Diogo Piloni","EFC","EFVM","Estrada de Ferro Caraj\u00e1s","Estrada de Ferro Vit\u00f3ria a Minas","Ferrovia de Integra\u00e7\u00e3o do Centro-Oeste","Ferrovia Norte-Sul","Ferrovias","FICO","FNS","Gr\u00e3o-Par\u00e1 Multimodal","Minist\u00e9rio da Infraestrutura","PLS 261","Porto de Itaqui","Pr\u00f3-Brasil","Tarc\u00edsio de Freitas","TCU","Terminal Portu\u00e1rio de Alc\u00e2ntara"],"articleSection":["Geral","iNFRATransporte"],"inLanguage":"pt-BR","copyrightYear":"2020","copyrightHolder":{"@id":"https:\/\/agenciainfra.com\/blog\/#organization"}},{"@type":"WebPage","@id":"https:\/\/agenciainfra.com\/blog\/bancada-maranhense-pressiona-infraestrutura-por-dinheiro-da-renovacao-das-ferrovias\/","url":"https:\/\/agenciainfra.com\/blog\/bancada-maranhense-pressiona-infraestrutura-por-dinheiro-da-renovacao-das-ferrovias\/","name":"Bancada maranhense pressiona Infraestrutura por dinheiro da renova\u00e7\u00e3o das ferrovias - Ag\u00eancia iNFRA","isPartOf":{"@id":"https:\/\/agenciainfra.com\/blog\/#website"},"primaryImageOfPage":{"@id":"https:\/\/agenciainfra.com\/blog\/bancada-maranhense-pressiona-infraestrutura-por-dinheiro-da-renovacao-das-ferrovias\/#primaryimage"},"image":{"@id":"https:\/\/agenciainfra.com\/blog\/bancada-maranhense-pressiona-infraestrutura-por-dinheiro-da-renovacao-das-ferrovias\/#primaryimage"},"thumbnailUrl":"https:\/\/agenciainfra.com\/blog\/wp-content\/uploads\/2020\/08\/tarcisio-minfra-foto-ricardo-botelho-minfra.jpg","datePublished":"2020-08-05T11:00:00+00:00","breadcrumb":{"@id":"https:\/\/agenciainfra.com\/blog\/bancada-maranhense-pressiona-infraestrutura-por-dinheiro-da-renovacao-das-ferrovias\/#breadcrumb"},"inLanguage":"pt-BR","potentialAction":[{"@type":"ReadAction","target":["https:\/\/agenciainfra.com\/blog\/bancada-maranhense-pressiona-infraestrutura-por-dinheiro-da-renovacao-das-ferrovias\/"]}]},{"@type":"ImageObject","inLanguage":"pt-BR","@id":"https:\/\/agenciainfra.com\/blog\/bancada-maranhense-pressiona-infraestrutura-por-dinheiro-da-renovacao-das-ferrovias\/#primaryimage","url":"https:\/\/agenciainfra.com\/blog\/wp-content\/uploads\/2020\/08\/tarcisio-minfra-foto-ricardo-botelho-minfra.jpg","contentUrl":"https:\/\/agenciainfra.com\/blog\/wp-content\/uploads\/2020\/08\/tarcisio-minfra-foto-ricardo-botelho-minfra.jpg","width":1280,"height":853},{"@type":"BreadcrumbList","@id":"https:\/\/agenciainfra.com\/blog\/bancada-maranhense-pressiona-infraestrutura-por-dinheiro-da-renovacao-das-ferrovias\/#breadcrumb","itemListElement":[{"@type":"ListItem","position":1,"name":"In\u00edcio","item":"https:\/\/agenciainfra.com\/blog\/"},{"@type":"ListItem","position":2,"name":"Bancada maranhense pressiona Infraestrutura por dinheiro da renova\u00e7\u00e3o das ferrovias"}]},{"@type":"WebSite","@id":"https:\/\/agenciainfra.com\/blog\/#website","url":"https:\/\/agenciainfra.com\/blog\/","name":"Ag\u00eancia iNFRA","description":"Multiplataforma de informa\u00e7\u00e3o jornal\u00edstica refer\u00eancia na \u00e1rea de infraestrutura no Brasil!","publisher":{"@id":"https:\/\/agenciainfra.com\/blog\/#organization"},"potentialAction":[{"@type":"SearchAction","target":{"@type":"EntryPoint","urlTemplate":"https:\/\/agenciainfra.com\/blog\/?s={search_term_string}"},"query-input":{"@type":"PropertyValueSpecification","valueRequired":true,"valueName":"search_term_string"}}],"inLanguage":"pt-BR"},{"@type":"Organization","@id":"https:\/\/agenciainfra.com\/blog\/#organization","name":"Ag\u00eancia iNFRA","url":"https:\/\/agenciainfra.com\/blog\/","logo":{"@type":"ImageObject","inLanguage":"pt-BR","@id":"https:\/\/agenciainfra.com\/blog\/#\/schema\/logo\/image\/","url":"https:\/\/agenciainfra.com\/blog\/wp-content\/uploads\/2023\/09\/iNFRA_5-e1761735885940.png","contentUrl":"https:\/\/agenciainfra.com\/blog\/wp-content\/uploads\/2023\/09\/iNFRA_5-e1761735885940.png","width":1672,"height":454,"caption":"Ag\u00eancia iNFRA"},"image":{"@id":"https:\/\/agenciainfra.com\/blog\/#\/schema\/logo\/image\/"},"sameAs":["https:\/\/www.facebook.com\/ageninfra","https:\/\/x.com\/agencia_infra","https:\/\/www.linkedin.com\/company\/ag\u00eanciainfra\/","https:\/\/www.instagram.com\/agenciainfra\/"]},{"@type":"Person","@id":"https:\/\/agenciainfra.com\/blog\/#\/schema\/person\/04dbb79bd6d8951f063da71f3e4c1eb1","name":"Rodrigo Zuquim","image":{"@type":"ImageObject","inLanguage":"pt-BR","@id":"https:\/\/agenciainfra.com\/blog\/#\/schema\/person\/image\/","url":"https:\/\/secure.gravatar.com\/avatar\/594abfe82761d620726242ff34ca472a705a4b97f16c790053a6b4c4035274d0?s=96&d=mm&r=g","contentUrl":"https:\/\/secure.gravatar.com\/avatar\/594abfe82761d620726242ff34ca472a705a4b97f16c790053a6b4c4035274d0?s=96&d=mm&r=g","caption":"Rodrigo Zuquim"},"url":"https:\/\/agenciainfra.com\/blog\/author\/rodrigo-zuquim\/"}]}},"_links":{"self":[{"href":"https:\/\/agenciainfra.com\/blog\/wp-json\/wp\/v2\/posts\/5568","targetHints":{"allow":["GET"]}}],"collection":[{"href":"https:\/\/agenciainfra.com\/blog\/wp-json\/wp\/v2\/posts"}],"about":[{"href":"https:\/\/agenciainfra.com\/blog\/wp-json\/wp\/v2\/types\/post"}],"author":[{"embeddable":true,"href":"https:\/\/agenciainfra.com\/blog\/wp-json\/wp\/v2\/users\/9"}],"replies":[{"embeddable":true,"href":"https:\/\/agenciainfra.com\/blog\/wp-json\/wp\/v2\/comments?post=5568"}],"version-history":[{"count":0,"href":"https:\/\/agenciainfra.com\/blog\/wp-json\/wp\/v2\/posts\/5568\/revisions"}],"wp:featuredmedia":[{"embeddable":true,"href":"https:\/\/agenciainfra.com\/blog\/wp-json\/wp\/v2\/media\/5569"}],"wp:attachment":[{"href":"https:\/\/agenciainfra.com\/blog\/wp-json\/wp\/v2\/media?parent=5568"}],"wp:term":[{"taxonomy":"category","embeddable":true,"href":"https:\/\/agenciainfra.com\/blog\/wp-json\/wp\/v2\/categories?post=5568"},{"taxonomy":"post_tag","embeddable":true,"href":"https:\/\/agenciainfra.com\/blog\/wp-json\/wp\/v2\/tags?post=5568"}],"curies":[{"name":"wp","href":"https:\/\/api.w.org\/{rel}","templated":true}]}}