{"id":5571,"date":"2020-08-04T07:51:49","date_gmt":"2020-08-04T10:51:49","guid":{"rendered":"https:\/\/www.agenciainfra.com\/blog\/?p=5571"},"modified":"2020-08-04T07:51:55","modified_gmt":"2020-08-04T10:51:55","slug":"contran-autoriza-uso-de-caminhoes-maiores-para-o-transporte-de-algodao","status":"publish","type":"post","link":"https:\/\/agenciainfra.com\/blog\/contran-autoriza-uso-de-caminhoes-maiores-para-o-transporte-de-algodao\/","title":{"rendered":"Contran autoriza uso de caminh\u00f5es maiores para o transporte de algod\u00e3o"},"content":{"rendered":"\n<p class=\"has-text-align-right\"><strong>da Ag\u00eancia iNFRA<\/strong><\/p>\n\n\n\n<p>Portaria 193 do Contran (Conselho Nacional de Tr\u00e2nsito) criou novas regras para a circula\u00e7\u00e3o de CVCs (Combina\u00e7\u00f5es de Ve\u00edculos de Carga) destinadas ao transporte de algod\u00e3o quando as dimens\u00f5es excedam aos limites previstos de altura.<\/p>\n\n\n\n<p>De acordo com o ato, publicado no Di\u00e1rio Oficial da Uni\u00e3o de hoje (4) \u2013 <a rel=\"noreferrer noopener\" href=\"https:\/\/pesquisa.in.gov.br\/imprensa\/jsp\/visualiza\/index.jsp?data=04\/08\/2020&amp;jornal=515&amp;pagina=39&amp;totalArquivos=103\" target=\"_blank\">neste link<\/a> \u2013,\u00a0as combina\u00e7\u00f5es podem trafegar sem AET (Autoriza\u00e7\u00e3o Especial de Tr\u00e2nsito) quando tiverem at\u00e9 4,70 metros de altura carregadas e atendam aos limites de largura e comprimento j\u00e1 previstos (Resolu\u00e7\u00e3o Contran 210\/2006).<\/p>\n\n\n\n<p>Os \u00f3rg\u00e3os executivos que gerenciam as rodovias podem dispensar de AET caminh\u00f5es com at\u00e9 4,95 metros de altura, de acordo com a norma.<\/p>\n\n\n\n<p>A norma explicita ainda como as composi\u00e7\u00f5es que estiverem com a nova altura permitida devem transitar,\u00a0indicando que o transporte precisa ocorrer durante o dia e desenvolver velocidade m\u00e1xima de 80 km\/h.<\/p>\n\n\n\n<p>A produ\u00e7\u00e3o de algod\u00e3o \u00e9 hoje uma das que mais cresce no pa\u00eds, chegando a 2,7 milh\u00f5es de toneladas, e tem o estado do Mato Grosso como maior produtor, seguido da Bahia. A exporta\u00e7\u00e3o desse produto somou 1,6 milh\u00e3o de toneladas em 2019, mas ela \u00e9 feita geralmente em cont\u00eaineres.<\/p>\n","protected":false},"excerpt":{"rendered":"<p>da Ag\u00eancia iNFRA Portaria 193 do Contran (Conselho Nacional de Tr\u00e2nsito) criou novas regras para a circula\u00e7\u00e3o de CVCs (Combina\u00e7\u00f5es de Ve\u00edculos de Carga) destinadas ao transporte de algod\u00e3o quando as dimens\u00f5es excedam aos limites previstos de altura. De acordo com o ato, publicado no Di\u00e1rio Oficial da Uni\u00e3o de hoje (4) \u2013 neste link [&hellip;]<\/p>\n","protected":false},"author":9,"featured_media":5572,"comment_status":"closed","ping_status":"closed","sticky":false,"template":"","format":"standard","meta":{"_monsterinsights_skip_tracking":false,"_monsterinsights_sitenote_active":false,"_monsterinsights_sitenote_note":"","_monsterinsights_sitenote_category":0,"footnotes":""},"categories":[1,2052],"tags":[2226,2389,941,2388,1581,70],"class_list":["post-5571","post","type-post","status-publish","format-standard","has-post-thumbnail","hentry","category-geral","category-infra-transicao","tag-algodao","tag-autorizacao-especial-de-transito","tag-caminhoes","tag-combinacoes-de-veiculos-de-carga","tag-contran","tag-transportes"],"yoast_head":"<!-- This site is optimized with the Yoast SEO Premium plugin v25.4 (Yoast SEO v26.0) - https:\/\/yoast.com\/wordpress\/plugins\/seo\/ -->\n<title>Contran autoriza uso de caminh\u00f5es maiores para o transporte de algod\u00e3o - Ag\u00eancia iNFRA<\/title>\n<meta name=\"robots\" content=\"index, follow, max-snippet:-1, max-image-preview:large, max-video-preview:-1\" \/>\n<link rel=\"canonical\" href=\"https:\/\/agenciainfra.com\/blog\/contran-autoriza-uso-de-caminhoes-maiores-para-o-transporte-de-algodao\/\" \/>\n<meta property=\"og:locale\" content=\"pt_BR\" \/>\n<meta property=\"og:type\" content=\"article\" \/>\n<meta property=\"og:title\" content=\"Contran autoriza uso de caminh\u00f5es maiores para o transporte de algod\u00e3o\" \/>\n<meta property=\"og:description\" content=\"da Ag\u00eancia iNFRA Portaria 193 do Contran (Conselho Nacional de Tr\u00e2nsito) criou novas regras para a circula\u00e7\u00e3o de CVCs (Combina\u00e7\u00f5es de Ve\u00edculos de Carga) destinadas ao transporte de algod\u00e3o quando as dimens\u00f5es excedam aos limites previstos de altura. De acordo com o ato, publicado no Di\u00e1rio Oficial da Uni\u00e3o de hoje (4) \u2013 neste link [&hellip;]\" \/>\n<meta property=\"og:url\" content=\"https:\/\/agenciainfra.com\/blog\/contran-autoriza-uso-de-caminhoes-maiores-para-o-transporte-de-algodao\/\" \/>\n<meta property=\"og:site_name\" content=\"Ag\u00eancia iNFRA\" \/>\n<meta property=\"article:publisher\" content=\"https:\/\/www.facebook.com\/ageninfra\" \/>\n<meta property=\"article:published_time\" content=\"2020-08-04T10:51:49+00:00\" \/>\n<meta property=\"article:modified_time\" content=\"2020-08-04T10:51:55+00:00\" \/>\n<meta property=\"og:image\" content=\"https:\/\/agenciainfra.com\/blog\/wp-content\/uploads\/2020\/08\/fardo-de-algodao-foto-governo-de-mato-grosso.jpg\" \/>\n\t<meta property=\"og:image:width\" content=\"1280\" \/>\n\t<meta property=\"og:image:height\" content=\"853\" \/>\n\t<meta property=\"og:image:type\" content=\"image\/jpeg\" \/>\n<meta name=\"author\" content=\"Rodrigo Zuquim\" \/>\n<meta name=\"twitter:card\" content=\"summary_large_image\" \/>\n<meta name=\"twitter:creator\" content=\"@agencia_infra\" \/>\n<meta name=\"twitter:site\" content=\"@agencia_infra\" \/>\n<meta name=\"twitter:label1\" content=\"Escrito por\" \/>\n\t<meta name=\"twitter:data1\" content=\"Rodrigo Zuquim\" \/>\n\t<meta name=\"twitter:label2\" content=\"Est. tempo de leitura\" \/>\n\t<meta name=\"twitter:data2\" content=\"1 minuto\" \/>\n<script type=\"application\/ld+json\" class=\"yoast-schema-graph\">{\"@context\":\"https:\/\/schema.org\",\"@graph\":[{\"@type\":\"Article\",\"@id\":\"https:\/\/agenciainfra.com\/blog\/contran-autoriza-uso-de-caminhoes-maiores-para-o-transporte-de-algodao\/#article\",\"isPartOf\":{\"@id\":\"https:\/\/agenciainfra.com\/blog\/contran-autoriza-uso-de-caminhoes-maiores-para-o-transporte-de-algodao\/\"},\"author\":{\"name\":\"Rodrigo Zuquim\",\"@id\":\"https:\/\/agenciainfra.com\/blog\/#\/schema\/person\/04dbb79bd6d8951f063da71f3e4c1eb1\"},\"headline\":\"Contran autoriza uso de caminh\u00f5es maiores para o transporte de algod\u00e3o\",\"datePublished\":\"2020-08-04T10:51:49+00:00\",\"dateModified\":\"2020-08-04T10:51:55+00:00\",\"mainEntityOfPage\":{\"@id\":\"https:\/\/agenciainfra.com\/blog\/contran-autoriza-uso-de-caminhoes-maiores-para-o-transporte-de-algodao\/\"},\"wordCount\":217,\"publisher\":{\"@id\":\"https:\/\/agenciainfra.com\/blog\/#organization\"},\"image\":{\"@id\":\"https:\/\/agenciainfra.com\/blog\/contran-autoriza-uso-de-caminhoes-maiores-para-o-transporte-de-algodao\/#primaryimage\"},\"thumbnailUrl\":\"https:\/\/agenciainfra.com\/blog\/wp-content\/uploads\/2020\/08\/fardo-de-algodao-foto-governo-de-mato-grosso.jpg\",\"keywords\":[\"algod\u00e3o\",\"Autoriza\u00e7\u00e3o Especial de Tr\u00e2nsito\",\"caminh\u00f5es\",\"Combina\u00e7\u00f5es de Ve\u00edculos de Carga\",\"Contran\",\"transportes\"],\"articleSection\":[\"Geral\",\"iNFRA Na Transi\u00e7\u00e3o\"],\"inLanguage\":\"pt-BR\",\"copyrightYear\":\"2020\",\"copyrightHolder\":{\"@id\":\"https:\/\/agenciainfra.com\/blog\/#organization\"}},{\"@type\":\"WebPage\",\"@id\":\"https:\/\/agenciainfra.com\/blog\/contran-autoriza-uso-de-caminhoes-maiores-para-o-transporte-de-algodao\/\",\"url\":\"https:\/\/agenciainfra.com\/blog\/contran-autoriza-uso-de-caminhoes-maiores-para-o-transporte-de-algodao\/\",\"name\":\"Contran autoriza uso de caminh\u00f5es maiores para o transporte de algod\u00e3o - Ag\u00eancia iNFRA\",\"isPartOf\":{\"@id\":\"https:\/\/agenciainfra.com\/blog\/#website\"},\"primaryImageOfPage\":{\"@id\":\"https:\/\/agenciainfra.com\/blog\/contran-autoriza-uso-de-caminhoes-maiores-para-o-transporte-de-algodao\/#primaryimage\"},\"image\":{\"@id\":\"https:\/\/agenciainfra.com\/blog\/contran-autoriza-uso-de-caminhoes-maiores-para-o-transporte-de-algodao\/#primaryimage\"},\"thumbnailUrl\":\"https:\/\/agenciainfra.com\/blog\/wp-content\/uploads\/2020\/08\/fardo-de-algodao-foto-governo-de-mato-grosso.jpg\",\"datePublished\":\"2020-08-04T10:51:49+00:00\",\"dateModified\":\"2020-08-04T10:51:55+00:00\",\"breadcrumb\":{\"@id\":\"https:\/\/agenciainfra.com\/blog\/contran-autoriza-uso-de-caminhoes-maiores-para-o-transporte-de-algodao\/#breadcrumb\"},\"inLanguage\":\"pt-BR\",\"potentialAction\":[{\"@type\":\"ReadAction\",\"target\":[\"https:\/\/agenciainfra.com\/blog\/contran-autoriza-uso-de-caminhoes-maiores-para-o-transporte-de-algodao\/\"]}]},{\"@type\":\"ImageObject\",\"inLanguage\":\"pt-BR\",\"@id\":\"https:\/\/agenciainfra.com\/blog\/contran-autoriza-uso-de-caminhoes-maiores-para-o-transporte-de-algodao\/#primaryimage\",\"url\":\"https:\/\/agenciainfra.com\/blog\/wp-content\/uploads\/2020\/08\/fardo-de-algodao-foto-governo-de-mato-grosso.jpg\",\"contentUrl\":\"https:\/\/agenciainfra.com\/blog\/wp-content\/uploads\/2020\/08\/fardo-de-algodao-foto-governo-de-mato-grosso.jpg\",\"width\":1280,\"height\":853},{\"@type\":\"BreadcrumbList\",\"@id\":\"https:\/\/agenciainfra.com\/blog\/contran-autoriza-uso-de-caminhoes-maiores-para-o-transporte-de-algodao\/#breadcrumb\",\"itemListElement\":[{\"@type\":\"ListItem\",\"position\":1,\"name\":\"In\u00edcio\",\"item\":\"https:\/\/agenciainfra.com\/blog\/\"},{\"@type\":\"ListItem\",\"position\":2,\"name\":\"Contran autoriza uso de caminh\u00f5es maiores para o transporte de algod\u00e3o\"}]},{\"@type\":\"WebSite\",\"@id\":\"https:\/\/agenciainfra.com\/blog\/#website\",\"url\":\"https:\/\/agenciainfra.com\/blog\/\",\"name\":\"Ag\u00eancia iNFRA\",\"description\":\"Multiplataforma de informa\u00e7\u00e3o jornal\u00edstica refer\u00eancia na \u00e1rea de infraestrutura no Brasil!\",\"publisher\":{\"@id\":\"https:\/\/agenciainfra.com\/blog\/#organization\"},\"potentialAction\":[{\"@type\":\"SearchAction\",\"target\":{\"@type\":\"EntryPoint\",\"urlTemplate\":\"https:\/\/agenciainfra.com\/blog\/?s={search_term_string}\"},\"query-input\":{\"@type\":\"PropertyValueSpecification\",\"valueRequired\":true,\"valueName\":\"search_term_string\"}}],\"inLanguage\":\"pt-BR\"},{\"@type\":\"Organization\",\"@id\":\"https:\/\/agenciainfra.com\/blog\/#organization\",\"name\":\"Ag\u00eancia iNFRA\",\"url\":\"https:\/\/agenciainfra.com\/blog\/\",\"logo\":{\"@type\":\"ImageObject\",\"inLanguage\":\"pt-BR\",\"@id\":\"https:\/\/agenciainfra.com\/blog\/#\/schema\/logo\/image\/\",\"url\":\"https:\/\/agenciainfra.com\/blog\/wp-content\/uploads\/2023\/09\/iNFRA_5-e1761735885940.png\",\"contentUrl\":\"https:\/\/agenciainfra.com\/blog\/wp-content\/uploads\/2023\/09\/iNFRA_5-e1761735885940.png\",\"width\":1672,\"height\":454,\"caption\":\"Ag\u00eancia iNFRA\"},\"image\":{\"@id\":\"https:\/\/agenciainfra.com\/blog\/#\/schema\/logo\/image\/\"},\"sameAs\":[\"https:\/\/www.facebook.com\/ageninfra\",\"https:\/\/x.com\/agencia_infra\",\"https:\/\/www.linkedin.com\/company\/ag\u00eanciainfra\/\",\"https:\/\/www.instagram.com\/agenciainfra\/\"]},{\"@type\":\"Person\",\"@id\":\"https:\/\/agenciainfra.com\/blog\/#\/schema\/person\/04dbb79bd6d8951f063da71f3e4c1eb1\",\"name\":\"Rodrigo Zuquim\",\"image\":{\"@type\":\"ImageObject\",\"inLanguage\":\"pt-BR\",\"@id\":\"https:\/\/agenciainfra.com\/blog\/#\/schema\/person\/image\/\",\"url\":\"https:\/\/secure.gravatar.com\/avatar\/594abfe82761d620726242ff34ca472a705a4b97f16c790053a6b4c4035274d0?s=96&d=mm&r=g\",\"contentUrl\":\"https:\/\/secure.gravatar.com\/avatar\/594abfe82761d620726242ff34ca472a705a4b97f16c790053a6b4c4035274d0?s=96&d=mm&r=g\",\"caption\":\"Rodrigo Zuquim\"},\"url\":\"https:\/\/agenciainfra.com\/blog\/author\/rodrigo-zuquim\/\"}]}<\/script>\n<!-- \/ Yoast SEO Premium plugin. -->","yoast_head_json":{"title":"Contran autoriza uso de caminh\u00f5es maiores para o transporte de algod\u00e3o - Ag\u00eancia iNFRA","robots":{"index":"index","follow":"follow","max-snippet":"max-snippet:-1","max-image-preview":"max-image-preview:large","max-video-preview":"max-video-preview:-1"},"canonical":"https:\/\/agenciainfra.com\/blog\/contran-autoriza-uso-de-caminhoes-maiores-para-o-transporte-de-algodao\/","og_locale":"pt_BR","og_type":"article","og_title":"Contran autoriza uso de caminh\u00f5es maiores para o transporte de algod\u00e3o","og_description":"da Ag\u00eancia iNFRA Portaria 193 do Contran (Conselho Nacional de Tr\u00e2nsito) criou novas regras para a circula\u00e7\u00e3o de CVCs (Combina\u00e7\u00f5es de Ve\u00edculos de Carga) destinadas ao transporte de algod\u00e3o quando as dimens\u00f5es excedam aos limites previstos de altura. De acordo com o ato, publicado no Di\u00e1rio Oficial da Uni\u00e3o de hoje (4) \u2013 neste link [&hellip;]","og_url":"https:\/\/agenciainfra.com\/blog\/contran-autoriza-uso-de-caminhoes-maiores-para-o-transporte-de-algodao\/","og_site_name":"Ag\u00eancia iNFRA","article_publisher":"https:\/\/www.facebook.com\/ageninfra","article_published_time":"2020-08-04T10:51:49+00:00","article_modified_time":"2020-08-04T10:51:55+00:00","og_image":[{"width":1280,"height":853,"url":"https:\/\/agenciainfra.com\/blog\/wp-content\/uploads\/2020\/08\/fardo-de-algodao-foto-governo-de-mato-grosso.jpg","type":"image\/jpeg"}],"author":"Rodrigo Zuquim","twitter_card":"summary_large_image","twitter_creator":"@agencia_infra","twitter_site":"@agencia_infra","twitter_misc":{"Escrito por":"Rodrigo Zuquim","Est. tempo de leitura":"1 minuto"},"schema":{"@context":"https:\/\/schema.org","@graph":[{"@type":"Article","@id":"https:\/\/agenciainfra.com\/blog\/contran-autoriza-uso-de-caminhoes-maiores-para-o-transporte-de-algodao\/#article","isPartOf":{"@id":"https:\/\/agenciainfra.com\/blog\/contran-autoriza-uso-de-caminhoes-maiores-para-o-transporte-de-algodao\/"},"author":{"name":"Rodrigo Zuquim","@id":"https:\/\/agenciainfra.com\/blog\/#\/schema\/person\/04dbb79bd6d8951f063da71f3e4c1eb1"},"headline":"Contran autoriza uso de caminh\u00f5es maiores para o transporte de algod\u00e3o","datePublished":"2020-08-04T10:51:49+00:00","dateModified":"2020-08-04T10:51:55+00:00","mainEntityOfPage":{"@id":"https:\/\/agenciainfra.com\/blog\/contran-autoriza-uso-de-caminhoes-maiores-para-o-transporte-de-algodao\/"},"wordCount":217,"publisher":{"@id":"https:\/\/agenciainfra.com\/blog\/#organization"},"image":{"@id":"https:\/\/agenciainfra.com\/blog\/contran-autoriza-uso-de-caminhoes-maiores-para-o-transporte-de-algodao\/#primaryimage"},"thumbnailUrl":"https:\/\/agenciainfra.com\/blog\/wp-content\/uploads\/2020\/08\/fardo-de-algodao-foto-governo-de-mato-grosso.jpg","keywords":["algod\u00e3o","Autoriza\u00e7\u00e3o Especial de Tr\u00e2nsito","caminh\u00f5es","Combina\u00e7\u00f5es de Ve\u00edculos de Carga","Contran","transportes"],"articleSection":["Geral","iNFRA Na Transi\u00e7\u00e3o"],"inLanguage":"pt-BR","copyrightYear":"2020","copyrightHolder":{"@id":"https:\/\/agenciainfra.com\/blog\/#organization"}},{"@type":"WebPage","@id":"https:\/\/agenciainfra.com\/blog\/contran-autoriza-uso-de-caminhoes-maiores-para-o-transporte-de-algodao\/","url":"https:\/\/agenciainfra.com\/blog\/contran-autoriza-uso-de-caminhoes-maiores-para-o-transporte-de-algodao\/","name":"Contran autoriza uso de caminh\u00f5es maiores para o transporte de algod\u00e3o - Ag\u00eancia iNFRA","isPartOf":{"@id":"https:\/\/agenciainfra.com\/blog\/#website"},"primaryImageOfPage":{"@id":"https:\/\/agenciainfra.com\/blog\/contran-autoriza-uso-de-caminhoes-maiores-para-o-transporte-de-algodao\/#primaryimage"},"image":{"@id":"https:\/\/agenciainfra.com\/blog\/contran-autoriza-uso-de-caminhoes-maiores-para-o-transporte-de-algodao\/#primaryimage"},"thumbnailUrl":"https:\/\/agenciainfra.com\/blog\/wp-content\/uploads\/2020\/08\/fardo-de-algodao-foto-governo-de-mato-grosso.jpg","datePublished":"2020-08-04T10:51:49+00:00","dateModified":"2020-08-04T10:51:55+00:00","breadcrumb":{"@id":"https:\/\/agenciainfra.com\/blog\/contran-autoriza-uso-de-caminhoes-maiores-para-o-transporte-de-algodao\/#breadcrumb"},"inLanguage":"pt-BR","potentialAction":[{"@type":"ReadAction","target":["https:\/\/agenciainfra.com\/blog\/contran-autoriza-uso-de-caminhoes-maiores-para-o-transporte-de-algodao\/"]}]},{"@type":"ImageObject","inLanguage":"pt-BR","@id":"https:\/\/agenciainfra.com\/blog\/contran-autoriza-uso-de-caminhoes-maiores-para-o-transporte-de-algodao\/#primaryimage","url":"https:\/\/agenciainfra.com\/blog\/wp-content\/uploads\/2020\/08\/fardo-de-algodao-foto-governo-de-mato-grosso.jpg","contentUrl":"https:\/\/agenciainfra.com\/blog\/wp-content\/uploads\/2020\/08\/fardo-de-algodao-foto-governo-de-mato-grosso.jpg","width":1280,"height":853},{"@type":"BreadcrumbList","@id":"https:\/\/agenciainfra.com\/blog\/contran-autoriza-uso-de-caminhoes-maiores-para-o-transporte-de-algodao\/#breadcrumb","itemListElement":[{"@type":"ListItem","position":1,"name":"In\u00edcio","item":"https:\/\/agenciainfra.com\/blog\/"},{"@type":"ListItem","position":2,"name":"Contran autoriza uso de caminh\u00f5es maiores para o transporte de algod\u00e3o"}]},{"@type":"WebSite","@id":"https:\/\/agenciainfra.com\/blog\/#website","url":"https:\/\/agenciainfra.com\/blog\/","name":"Ag\u00eancia iNFRA","description":"Multiplataforma de informa\u00e7\u00e3o jornal\u00edstica refer\u00eancia na \u00e1rea de infraestrutura no Brasil!","publisher":{"@id":"https:\/\/agenciainfra.com\/blog\/#organization"},"potentialAction":[{"@type":"SearchAction","target":{"@type":"EntryPoint","urlTemplate":"https:\/\/agenciainfra.com\/blog\/?s={search_term_string}"},"query-input":{"@type":"PropertyValueSpecification","valueRequired":true,"valueName":"search_term_string"}}],"inLanguage":"pt-BR"},{"@type":"Organization","@id":"https:\/\/agenciainfra.com\/blog\/#organization","name":"Ag\u00eancia iNFRA","url":"https:\/\/agenciainfra.com\/blog\/","logo":{"@type":"ImageObject","inLanguage":"pt-BR","@id":"https:\/\/agenciainfra.com\/blog\/#\/schema\/logo\/image\/","url":"https:\/\/agenciainfra.com\/blog\/wp-content\/uploads\/2023\/09\/iNFRA_5-e1761735885940.png","contentUrl":"https:\/\/agenciainfra.com\/blog\/wp-content\/uploads\/2023\/09\/iNFRA_5-e1761735885940.png","width":1672,"height":454,"caption":"Ag\u00eancia iNFRA"},"image":{"@id":"https:\/\/agenciainfra.com\/blog\/#\/schema\/logo\/image\/"},"sameAs":["https:\/\/www.facebook.com\/ageninfra","https:\/\/x.com\/agencia_infra","https:\/\/www.linkedin.com\/company\/ag\u00eanciainfra\/","https:\/\/www.instagram.com\/agenciainfra\/"]},{"@type":"Person","@id":"https:\/\/agenciainfra.com\/blog\/#\/schema\/person\/04dbb79bd6d8951f063da71f3e4c1eb1","name":"Rodrigo Zuquim","image":{"@type":"ImageObject","inLanguage":"pt-BR","@id":"https:\/\/agenciainfra.com\/blog\/#\/schema\/person\/image\/","url":"https:\/\/secure.gravatar.com\/avatar\/594abfe82761d620726242ff34ca472a705a4b97f16c790053a6b4c4035274d0?s=96&d=mm&r=g","contentUrl":"https:\/\/secure.gravatar.com\/avatar\/594abfe82761d620726242ff34ca472a705a4b97f16c790053a6b4c4035274d0?s=96&d=mm&r=g","caption":"Rodrigo Zuquim"},"url":"https:\/\/agenciainfra.com\/blog\/author\/rodrigo-zuquim\/"}]}},"_links":{"self":[{"href":"https:\/\/agenciainfra.com\/blog\/wp-json\/wp\/v2\/posts\/5571","targetHints":{"allow":["GET"]}}],"collection":[{"href":"https:\/\/agenciainfra.com\/blog\/wp-json\/wp\/v2\/posts"}],"about":[{"href":"https:\/\/agenciainfra.com\/blog\/wp-json\/wp\/v2\/types\/post"}],"author":[{"embeddable":true,"href":"https:\/\/agenciainfra.com\/blog\/wp-json\/wp\/v2\/users\/9"}],"replies":[{"embeddable":true,"href":"https:\/\/agenciainfra.com\/blog\/wp-json\/wp\/v2\/comments?post=5571"}],"version-history":[{"count":0,"href":"https:\/\/agenciainfra.com\/blog\/wp-json\/wp\/v2\/posts\/5571\/revisions"}],"wp:featuredmedia":[{"embeddable":true,"href":"https:\/\/agenciainfra.com\/blog\/wp-json\/wp\/v2\/media\/5572"}],"wp:attachment":[{"href":"https:\/\/agenciainfra.com\/blog\/wp-json\/wp\/v2\/media?parent=5571"}],"wp:term":[{"taxonomy":"category","embeddable":true,"href":"https:\/\/agenciainfra.com\/blog\/wp-json\/wp\/v2\/categories?post=5571"},{"taxonomy":"post_tag","embeddable":true,"href":"https:\/\/agenciainfra.com\/blog\/wp-json\/wp\/v2\/tags?post=5571"}],"curies":[{"name":"wp","href":"https:\/\/api.w.org\/{rel}","templated":true}]}}