{"id":5586,"date":"2020-08-08T08:00:59","date_gmt":"2020-08-08T11:00:59","guid":{"rendered":"https:\/\/www.agenciainfra.com\/blog\/?p=5586"},"modified":"2020-08-06T10:50:37","modified_gmt":"2020-08-06T13:50:37","slug":"governadores-ameacam-ir-ao-stf-contra-marco-do-saneamento-se-vetos-nao-forem-derrubados","status":"publish","type":"post","link":"https:\/\/agenciainfra.com\/blog\/governadores-ameacam-ir-ao-stf-contra-marco-do-saneamento-se-vetos-nao-forem-derrubados\/","title":{"rendered":"Governadores amea\u00e7am ir ao STF contra marco do saneamento se vetos n\u00e3o forem derrubados"},"content":{"rendered":"\n<hr class=\"wp-block-separator\"\/>\n\n\n\n<p class=\"has-text-align-right\"><strong>Rodrigo Zuquim, da Ag\u00eancia iNFRA<\/strong><\/p>\n\n\n\n<p>F\u00f3rum de governadores do Nordeste entrar\u00e1 com a\u00e7\u00f5es individuais de cada estado pedindo que o STF (Supremo Tribunal Federal) considere a inconstitucionalidade do novo Marco Legal do Saneamento. A medida ser\u00e1 tomada se os vetos do presidente Jair Bolsonaro a artigos da nova lei n\u00e3o forem derrubados pelo Congresso Nacional.<\/p>\n\n\n\n<p>A informa\u00e7\u00e3o foi dada pela governadora do Rio Grande do Norte, F\u00e1tima Bezerra (PT), durante participa\u00e7\u00e3o em evento de mobiliza\u00e7\u00e3o pela derrubada dos vetos, organizado por associa\u00e7\u00f5es de estatais do saneamento na \u00faltima ter\u00e7a-feira (4). O encontro reuniu tamb\u00e9m os governadores de Goi\u00e1s, Pernambuco e Maranh\u00e3o, al\u00e9m de parlamentares.<\/p>\n\n\n\n<p>A governadora apontou que os vetos ao artigo 14, que criaria nova regra para indeniza\u00e7\u00e3o de investimentos n\u00e3o amortizados das prestadoras de servi\u00e7o, e ao artigo 16, que permitiria a renova\u00e7\u00e3o dos contratos das estatais por mais 30 anos, ferem o pacto federativo e a autonomia dos munic\u00edpios e estados.<\/p>\n\n\n\n<p>Para o governador Fl\u00e1vio Dino (PC do B), do Maranh\u00e3o, a quest\u00e3o \u00e9 ainda mais abrangente. Segundo Dino, a Uni\u00e3o tem compet\u00eancia constitucional apenas para definir diretrizes ao setor e, por isso, o STF precisar\u00e1 responder se as normas de refer\u00eancia que foram fixadas pela nova lei como compet\u00eancia da ANA (Ag\u00eancia Nacional de \u00c1guas e Saneamento B\u00e1sico) ultrapassam essa natureza.<\/p>\n\n\n\n<p>&#8220;Imaginemos que a ANTT [Ag\u00eancia Nacional de Transportes Terrestres] resolvesse fixar o itiner\u00e1rio de um \u00f4nibus na cidade de Salvador, definisse onde os \u00f4nibus iam parar. Todos dir\u00edamos que isso seria inconstitucional. Porque \u00e9 um assunto de interesse local&#8221;, afirmou.<\/p>\n\n\n\n<p><strong>Acordo rompido<\/strong><br>Uma queixa comum entre os participantes do evento foi de que, com os vetos, o governo quebrou um acordo feito junto aos l\u00edderes partid\u00e1rios para que o projeto de lei fosse aprovado no Congresso.<\/p>\n\n\n\n<p>Em sua participa\u00e7\u00e3o, o governador de Goi\u00e1s, Ronaldo Caiado (DEM), reclamou da quebra do que havia sido combinado e lembrou que sem acordo haveria dificuldade em aprovar a mat\u00e9ria, uma vez que h\u00e1 um &#8220;menu de requerimentos e destaques&#8221; (recursos regimentais) que poderiam ter sido usados para impedir a vota\u00e7\u00e3o.<\/p>\n\n\n\n<p>Caiado foi endossado pelo governador de Pernambuco, Paulo C\u00e2mara (PSB), que somou seu apoio pela derrubada dos vetos. Segundo C\u00e2mara, se os vetos n\u00e3o forem derrubados, nenhuma estatal de saneamento ter\u00e1 condi\u00e7\u00f5es de competir com as empresas privadas.<\/p>\n\n\n\n<p>Os deputados que participaram do encontro fizeram coro \u00e0s cr\u00edticas ao governo e demonstraram preocupa\u00e7\u00e3o tamb\u00e9m com custos trabalhistas e previdenci\u00e1rios que os governos estaduais poder\u00e3o ter que assumir caso as estatais n\u00e3o consigam mais prestar os servi\u00e7os.<\/p>\n\n\n\n<p>Estiveram presentes ao evento os deputados federais Afonso Florence (PT-BA), Dami\u00e3o Feliciano (PDT-PB), Danilo Cabral (PSB-PE), Fernando Monteiro (PP-PE), Gerv\u00e1sio Maia (PSB-PB), Hugo Motta (Republicanos-PB) e Jos\u00e9 Carlos Schiavinato (PP-PR). Outros parlamentares enviaram v\u00eddeos gravados defendendo a derrubada dos vetos.<\/p>\n\n\n\n<p>O encontro foi organizado por Abes (Associa\u00e7\u00e3o Brasileira de Engenharia Sanit\u00e1ria e Ambiental), Aesbe (Associa\u00e7\u00e3o Brasileira das Empresas Estaduais de Saneamento) e Assemae (Associa\u00e7\u00e3o Nacional dos Servi\u00e7os Municipais de Saneamento). Assista \u00e0 \u00edntegra&nbsp;<a href=\"https:\/\/agenciainfra.us14.list-manage.com\/track\/click?u=d460dd1bcf9ba0ae040e1fc0f&amp;id=0de9f82ff8&amp;e=c099169394\" target=\"_blank\" rel=\"noreferrer noopener\">neste link<\/a>.<\/p>\n","protected":false},"excerpt":{"rendered":"<p>Rodrigo Zuquim, da Ag\u00eancia iNFRA F\u00f3rum de governadores do Nordeste entrar\u00e1 com a\u00e7\u00f5es individuais de cada estado pedindo que o STF (Supremo Tribunal Federal) considere a inconstitucionalidade do novo Marco Legal do Saneamento. A medida ser\u00e1 tomada se os vetos do presidente Jair Bolsonaro a artigos da nova lei n\u00e3o forem derrubados pelo Congresso Nacional. [&hellip;]<\/p>\n","protected":false},"author":9,"featured_media":5587,"comment_status":"closed","ping_status":"closed","sticky":false,"template":"","format":"standard","meta":{"_monsterinsights_skip_tracking":false,"_monsterinsights_sitenote_active":false,"_monsterinsights_sitenote_note":"","_monsterinsights_sitenote_category":0,"footnotes":""},"categories":[1],"tags":[2417,1398,988,2418,2411,2412,2408,2413,2409,2406,2414,2415,2416,1352,2410,1183,179,372,2407],"class_list":["post-5586","post","type-post","status-publish","format-standard","has-post-thumbnail","hentry","category-geral","tag-abes","tag-aesbe","tag-afonso-florence","tag-assemae","tag-damiao-feliciano","tag-danilo-cabral","tag-fatima-bezerra","tag-fernando-monteiro","tag-flavio-dino","tag-forum-do-nordeste","tag-gervasio-maia","tag-hugo-motta","tag-jose-carlos-schiavinato","tag-marco-legal-do-saneamento-basico","tag-paulo-camara","tag-ronaldo-caiado","tag-saneamento","tag-stf","tag-vetos"],"yoast_head":"<!-- This site is optimized with the Yoast SEO Premium plugin v25.4 (Yoast SEO v26.0) - https:\/\/yoast.com\/wordpress\/plugins\/seo\/ -->\n<title>Governadores amea\u00e7am ir ao STF contra marco do saneamento se vetos n\u00e3o forem derrubados - Ag\u00eancia iNFRA<\/title>\n<meta name=\"robots\" content=\"index, follow, max-snippet:-1, max-image-preview:large, max-video-preview:-1\" \/>\n<link rel=\"canonical\" href=\"https:\/\/agenciainfra.com\/blog\/governadores-ameacam-ir-ao-stf-contra-marco-do-saneamento-se-vetos-nao-forem-derrubados\/\" \/>\n<meta property=\"og:locale\" content=\"pt_BR\" \/>\n<meta property=\"og:type\" content=\"article\" \/>\n<meta property=\"og:title\" content=\"Governadores amea\u00e7am ir ao STF contra marco do saneamento se vetos n\u00e3o forem derrubados\" \/>\n<meta property=\"og:description\" content=\"Rodrigo Zuquim, da Ag\u00eancia iNFRA F\u00f3rum de governadores do Nordeste entrar\u00e1 com a\u00e7\u00f5es individuais de cada estado pedindo que o STF (Supremo Tribunal Federal) considere a inconstitucionalidade do novo Marco Legal do Saneamento. A medida ser\u00e1 tomada se os vetos do presidente Jair Bolsonaro a artigos da nova lei n\u00e3o forem derrubados pelo Congresso Nacional. [&hellip;]\" \/>\n<meta property=\"og:url\" content=\"https:\/\/agenciainfra.com\/blog\/governadores-ameacam-ir-ao-stf-contra-marco-do-saneamento-se-vetos-nao-forem-derrubados\/\" \/>\n<meta property=\"og:site_name\" content=\"Ag\u00eancia iNFRA\" \/>\n<meta property=\"article:publisher\" content=\"https:\/\/www.facebook.com\/ageninfra\" \/>\n<meta property=\"article:published_time\" content=\"2020-08-08T11:00:59+00:00\" \/>\n<meta property=\"og:image\" content=\"https:\/\/agenciainfra.com\/blog\/wp-content\/uploads\/2020\/08\/flavio-dino-fatima-bezerra-camilo-santana-foto-fabio-rodrigues-pozzebom-agencia-brasil.jpg\" \/>\n\t<meta property=\"og:image:width\" content=\"1280\" \/>\n\t<meta property=\"og:image:height\" content=\"960\" \/>\n\t<meta property=\"og:image:type\" content=\"image\/jpeg\" \/>\n<meta name=\"author\" content=\"Rodrigo Zuquim\" \/>\n<meta name=\"twitter:card\" content=\"summary_large_image\" \/>\n<meta name=\"twitter:creator\" content=\"@agencia_infra\" \/>\n<meta name=\"twitter:site\" content=\"@agencia_infra\" \/>\n<meta name=\"twitter:label1\" content=\"Escrito por\" \/>\n\t<meta name=\"twitter:data1\" content=\"Rodrigo Zuquim\" \/>\n\t<meta name=\"twitter:label2\" content=\"Est. tempo de leitura\" \/>\n\t<meta name=\"twitter:data2\" content=\"3 minutos\" \/>\n<script type=\"application\/ld+json\" class=\"yoast-schema-graph\">{\"@context\":\"https:\/\/schema.org\",\"@graph\":[{\"@type\":\"Article\",\"@id\":\"https:\/\/agenciainfra.com\/blog\/governadores-ameacam-ir-ao-stf-contra-marco-do-saneamento-se-vetos-nao-forem-derrubados\/#article\",\"isPartOf\":{\"@id\":\"https:\/\/agenciainfra.com\/blog\/governadores-ameacam-ir-ao-stf-contra-marco-do-saneamento-se-vetos-nao-forem-derrubados\/\"},\"author\":{\"name\":\"Rodrigo Zuquim\",\"@id\":\"https:\/\/agenciainfra.com\/blog\/#\/schema\/person\/04dbb79bd6d8951f063da71f3e4c1eb1\"},\"headline\":\"Governadores amea\u00e7am ir ao STF contra marco do saneamento se vetos n\u00e3o forem derrubados\",\"datePublished\":\"2020-08-08T11:00:59+00:00\",\"mainEntityOfPage\":{\"@id\":\"https:\/\/agenciainfra.com\/blog\/governadores-ameacam-ir-ao-stf-contra-marco-do-saneamento-se-vetos-nao-forem-derrubados\/\"},\"wordCount\":558,\"publisher\":{\"@id\":\"https:\/\/agenciainfra.com\/blog\/#organization\"},\"image\":{\"@id\":\"https:\/\/agenciainfra.com\/blog\/governadores-ameacam-ir-ao-stf-contra-marco-do-saneamento-se-vetos-nao-forem-derrubados\/#primaryimage\"},\"thumbnailUrl\":\"https:\/\/agenciainfra.com\/blog\/wp-content\/uploads\/2020\/08\/flavio-dino-fatima-bezerra-camilo-santana-foto-fabio-rodrigues-pozzebom-agencia-brasil.jpg\",\"keywords\":[\"Abes\",\"AESBE\",\"Afonso Florence\",\"Assemae\",\"Dami\u00e3o Feliciano\",\"Danilo Cabral\",\"F\u00e1tima Bezerra\",\"Fernando Monteiro\",\"Fl\u00e1vio Dino\",\"F\u00f3rum do Nordeste\",\"Gerv\u00e1sio Maia\",\"Hugo Motta\",\"Jos\u00e9 Carlos Schiavinato\",\"Marco Legal do Saneamento B\u00e1sico\",\"Paulo C\u00e2mara\",\"Ronaldo Caiado\",\"saneamento\",\"STF\",\"vetos\"],\"articleSection\":[\"Geral\"],\"inLanguage\":\"pt-BR\",\"copyrightYear\":\"2020\",\"copyrightHolder\":{\"@id\":\"https:\/\/agenciainfra.com\/blog\/#organization\"}},{\"@type\":\"WebPage\",\"@id\":\"https:\/\/agenciainfra.com\/blog\/governadores-ameacam-ir-ao-stf-contra-marco-do-saneamento-se-vetos-nao-forem-derrubados\/\",\"url\":\"https:\/\/agenciainfra.com\/blog\/governadores-ameacam-ir-ao-stf-contra-marco-do-saneamento-se-vetos-nao-forem-derrubados\/\",\"name\":\"Governadores amea\u00e7am ir ao STF contra marco do saneamento se vetos n\u00e3o forem derrubados - Ag\u00eancia iNFRA\",\"isPartOf\":{\"@id\":\"https:\/\/agenciainfra.com\/blog\/#website\"},\"primaryImageOfPage\":{\"@id\":\"https:\/\/agenciainfra.com\/blog\/governadores-ameacam-ir-ao-stf-contra-marco-do-saneamento-se-vetos-nao-forem-derrubados\/#primaryimage\"},\"image\":{\"@id\":\"https:\/\/agenciainfra.com\/blog\/governadores-ameacam-ir-ao-stf-contra-marco-do-saneamento-se-vetos-nao-forem-derrubados\/#primaryimage\"},\"thumbnailUrl\":\"https:\/\/agenciainfra.com\/blog\/wp-content\/uploads\/2020\/08\/flavio-dino-fatima-bezerra-camilo-santana-foto-fabio-rodrigues-pozzebom-agencia-brasil.jpg\",\"datePublished\":\"2020-08-08T11:00:59+00:00\",\"breadcrumb\":{\"@id\":\"https:\/\/agenciainfra.com\/blog\/governadores-ameacam-ir-ao-stf-contra-marco-do-saneamento-se-vetos-nao-forem-derrubados\/#breadcrumb\"},\"inLanguage\":\"pt-BR\",\"potentialAction\":[{\"@type\":\"ReadAction\",\"target\":[\"https:\/\/agenciainfra.com\/blog\/governadores-ameacam-ir-ao-stf-contra-marco-do-saneamento-se-vetos-nao-forem-derrubados\/\"]}]},{\"@type\":\"ImageObject\",\"inLanguage\":\"pt-BR\",\"@id\":\"https:\/\/agenciainfra.com\/blog\/governadores-ameacam-ir-ao-stf-contra-marco-do-saneamento-se-vetos-nao-forem-derrubados\/#primaryimage\",\"url\":\"https:\/\/agenciainfra.com\/blog\/wp-content\/uploads\/2020\/08\/flavio-dino-fatima-bezerra-camilo-santana-foto-fabio-rodrigues-pozzebom-agencia-brasil.jpg\",\"contentUrl\":\"https:\/\/agenciainfra.com\/blog\/wp-content\/uploads\/2020\/08\/flavio-dino-fatima-bezerra-camilo-santana-foto-fabio-rodrigues-pozzebom-agencia-brasil.jpg\",\"width\":1280,\"height\":960},{\"@type\":\"BreadcrumbList\",\"@id\":\"https:\/\/agenciainfra.com\/blog\/governadores-ameacam-ir-ao-stf-contra-marco-do-saneamento-se-vetos-nao-forem-derrubados\/#breadcrumb\",\"itemListElement\":[{\"@type\":\"ListItem\",\"position\":1,\"name\":\"In\u00edcio\",\"item\":\"https:\/\/agenciainfra.com\/blog\/\"},{\"@type\":\"ListItem\",\"position\":2,\"name\":\"Governadores amea\u00e7am ir ao STF contra marco do saneamento se vetos n\u00e3o forem derrubados\"}]},{\"@type\":\"WebSite\",\"@id\":\"https:\/\/agenciainfra.com\/blog\/#website\",\"url\":\"https:\/\/agenciainfra.com\/blog\/\",\"name\":\"Ag\u00eancia iNFRA\",\"description\":\"Multiplataforma de informa\u00e7\u00e3o jornal\u00edstica refer\u00eancia na \u00e1rea de infraestrutura no Brasil!\",\"publisher\":{\"@id\":\"https:\/\/agenciainfra.com\/blog\/#organization\"},\"potentialAction\":[{\"@type\":\"SearchAction\",\"target\":{\"@type\":\"EntryPoint\",\"urlTemplate\":\"https:\/\/agenciainfra.com\/blog\/?s={search_term_string}\"},\"query-input\":{\"@type\":\"PropertyValueSpecification\",\"valueRequired\":true,\"valueName\":\"search_term_string\"}}],\"inLanguage\":\"pt-BR\"},{\"@type\":\"Organization\",\"@id\":\"https:\/\/agenciainfra.com\/blog\/#organization\",\"name\":\"Ag\u00eancia iNFRA\",\"url\":\"https:\/\/agenciainfra.com\/blog\/\",\"logo\":{\"@type\":\"ImageObject\",\"inLanguage\":\"pt-BR\",\"@id\":\"https:\/\/agenciainfra.com\/blog\/#\/schema\/logo\/image\/\",\"url\":\"https:\/\/agenciainfra.com\/blog\/wp-content\/uploads\/2023\/09\/iNFRA_5-e1761735885940.png\",\"contentUrl\":\"https:\/\/agenciainfra.com\/blog\/wp-content\/uploads\/2023\/09\/iNFRA_5-e1761735885940.png\",\"width\":1672,\"height\":454,\"caption\":\"Ag\u00eancia iNFRA\"},\"image\":{\"@id\":\"https:\/\/agenciainfra.com\/blog\/#\/schema\/logo\/image\/\"},\"sameAs\":[\"https:\/\/www.facebook.com\/ageninfra\",\"https:\/\/x.com\/agencia_infra\",\"https:\/\/www.linkedin.com\/company\/ag\u00eanciainfra\/\",\"https:\/\/www.instagram.com\/agenciainfra\/\"]},{\"@type\":\"Person\",\"@id\":\"https:\/\/agenciainfra.com\/blog\/#\/schema\/person\/04dbb79bd6d8951f063da71f3e4c1eb1\",\"name\":\"Rodrigo Zuquim\",\"image\":{\"@type\":\"ImageObject\",\"inLanguage\":\"pt-BR\",\"@id\":\"https:\/\/agenciainfra.com\/blog\/#\/schema\/person\/image\/\",\"url\":\"https:\/\/secure.gravatar.com\/avatar\/594abfe82761d620726242ff34ca472a705a4b97f16c790053a6b4c4035274d0?s=96&d=mm&r=g\",\"contentUrl\":\"https:\/\/secure.gravatar.com\/avatar\/594abfe82761d620726242ff34ca472a705a4b97f16c790053a6b4c4035274d0?s=96&d=mm&r=g\",\"caption\":\"Rodrigo Zuquim\"},\"url\":\"https:\/\/agenciainfra.com\/blog\/author\/rodrigo-zuquim\/\"}]}<\/script>\n<!-- \/ Yoast SEO Premium plugin. -->","yoast_head_json":{"title":"Governadores amea\u00e7am ir ao STF contra marco do saneamento se vetos n\u00e3o forem derrubados - Ag\u00eancia iNFRA","robots":{"index":"index","follow":"follow","max-snippet":"max-snippet:-1","max-image-preview":"max-image-preview:large","max-video-preview":"max-video-preview:-1"},"canonical":"https:\/\/agenciainfra.com\/blog\/governadores-ameacam-ir-ao-stf-contra-marco-do-saneamento-se-vetos-nao-forem-derrubados\/","og_locale":"pt_BR","og_type":"article","og_title":"Governadores amea\u00e7am ir ao STF contra marco do saneamento se vetos n\u00e3o forem derrubados","og_description":"Rodrigo Zuquim, da Ag\u00eancia iNFRA F\u00f3rum de governadores do Nordeste entrar\u00e1 com a\u00e7\u00f5es individuais de cada estado pedindo que o STF (Supremo Tribunal Federal) considere a inconstitucionalidade do novo Marco Legal do Saneamento. A medida ser\u00e1 tomada se os vetos do presidente Jair Bolsonaro a artigos da nova lei n\u00e3o forem derrubados pelo Congresso Nacional. [&hellip;]","og_url":"https:\/\/agenciainfra.com\/blog\/governadores-ameacam-ir-ao-stf-contra-marco-do-saneamento-se-vetos-nao-forem-derrubados\/","og_site_name":"Ag\u00eancia iNFRA","article_publisher":"https:\/\/www.facebook.com\/ageninfra","article_published_time":"2020-08-08T11:00:59+00:00","og_image":[{"width":1280,"height":960,"url":"https:\/\/agenciainfra.com\/blog\/wp-content\/uploads\/2020\/08\/flavio-dino-fatima-bezerra-camilo-santana-foto-fabio-rodrigues-pozzebom-agencia-brasil.jpg","type":"image\/jpeg"}],"author":"Rodrigo Zuquim","twitter_card":"summary_large_image","twitter_creator":"@agencia_infra","twitter_site":"@agencia_infra","twitter_misc":{"Escrito por":"Rodrigo Zuquim","Est. tempo de leitura":"3 minutos"},"schema":{"@context":"https:\/\/schema.org","@graph":[{"@type":"Article","@id":"https:\/\/agenciainfra.com\/blog\/governadores-ameacam-ir-ao-stf-contra-marco-do-saneamento-se-vetos-nao-forem-derrubados\/#article","isPartOf":{"@id":"https:\/\/agenciainfra.com\/blog\/governadores-ameacam-ir-ao-stf-contra-marco-do-saneamento-se-vetos-nao-forem-derrubados\/"},"author":{"name":"Rodrigo Zuquim","@id":"https:\/\/agenciainfra.com\/blog\/#\/schema\/person\/04dbb79bd6d8951f063da71f3e4c1eb1"},"headline":"Governadores amea\u00e7am ir ao STF contra marco do saneamento se vetos n\u00e3o forem derrubados","datePublished":"2020-08-08T11:00:59+00:00","mainEntityOfPage":{"@id":"https:\/\/agenciainfra.com\/blog\/governadores-ameacam-ir-ao-stf-contra-marco-do-saneamento-se-vetos-nao-forem-derrubados\/"},"wordCount":558,"publisher":{"@id":"https:\/\/agenciainfra.com\/blog\/#organization"},"image":{"@id":"https:\/\/agenciainfra.com\/blog\/governadores-ameacam-ir-ao-stf-contra-marco-do-saneamento-se-vetos-nao-forem-derrubados\/#primaryimage"},"thumbnailUrl":"https:\/\/agenciainfra.com\/blog\/wp-content\/uploads\/2020\/08\/flavio-dino-fatima-bezerra-camilo-santana-foto-fabio-rodrigues-pozzebom-agencia-brasil.jpg","keywords":["Abes","AESBE","Afonso Florence","Assemae","Dami\u00e3o Feliciano","Danilo Cabral","F\u00e1tima Bezerra","Fernando Monteiro","Fl\u00e1vio Dino","F\u00f3rum do Nordeste","Gerv\u00e1sio Maia","Hugo Motta","Jos\u00e9 Carlos Schiavinato","Marco Legal do Saneamento B\u00e1sico","Paulo C\u00e2mara","Ronaldo Caiado","saneamento","STF","vetos"],"articleSection":["Geral"],"inLanguage":"pt-BR","copyrightYear":"2020","copyrightHolder":{"@id":"https:\/\/agenciainfra.com\/blog\/#organization"}},{"@type":"WebPage","@id":"https:\/\/agenciainfra.com\/blog\/governadores-ameacam-ir-ao-stf-contra-marco-do-saneamento-se-vetos-nao-forem-derrubados\/","url":"https:\/\/agenciainfra.com\/blog\/governadores-ameacam-ir-ao-stf-contra-marco-do-saneamento-se-vetos-nao-forem-derrubados\/","name":"Governadores amea\u00e7am ir ao STF contra marco do saneamento se vetos n\u00e3o forem derrubados - Ag\u00eancia iNFRA","isPartOf":{"@id":"https:\/\/agenciainfra.com\/blog\/#website"},"primaryImageOfPage":{"@id":"https:\/\/agenciainfra.com\/blog\/governadores-ameacam-ir-ao-stf-contra-marco-do-saneamento-se-vetos-nao-forem-derrubados\/#primaryimage"},"image":{"@id":"https:\/\/agenciainfra.com\/blog\/governadores-ameacam-ir-ao-stf-contra-marco-do-saneamento-se-vetos-nao-forem-derrubados\/#primaryimage"},"thumbnailUrl":"https:\/\/agenciainfra.com\/blog\/wp-content\/uploads\/2020\/08\/flavio-dino-fatima-bezerra-camilo-santana-foto-fabio-rodrigues-pozzebom-agencia-brasil.jpg","datePublished":"2020-08-08T11:00:59+00:00","breadcrumb":{"@id":"https:\/\/agenciainfra.com\/blog\/governadores-ameacam-ir-ao-stf-contra-marco-do-saneamento-se-vetos-nao-forem-derrubados\/#breadcrumb"},"inLanguage":"pt-BR","potentialAction":[{"@type":"ReadAction","target":["https:\/\/agenciainfra.com\/blog\/governadores-ameacam-ir-ao-stf-contra-marco-do-saneamento-se-vetos-nao-forem-derrubados\/"]}]},{"@type":"ImageObject","inLanguage":"pt-BR","@id":"https:\/\/agenciainfra.com\/blog\/governadores-ameacam-ir-ao-stf-contra-marco-do-saneamento-se-vetos-nao-forem-derrubados\/#primaryimage","url":"https:\/\/agenciainfra.com\/blog\/wp-content\/uploads\/2020\/08\/flavio-dino-fatima-bezerra-camilo-santana-foto-fabio-rodrigues-pozzebom-agencia-brasil.jpg","contentUrl":"https:\/\/agenciainfra.com\/blog\/wp-content\/uploads\/2020\/08\/flavio-dino-fatima-bezerra-camilo-santana-foto-fabio-rodrigues-pozzebom-agencia-brasil.jpg","width":1280,"height":960},{"@type":"BreadcrumbList","@id":"https:\/\/agenciainfra.com\/blog\/governadores-ameacam-ir-ao-stf-contra-marco-do-saneamento-se-vetos-nao-forem-derrubados\/#breadcrumb","itemListElement":[{"@type":"ListItem","position":1,"name":"In\u00edcio","item":"https:\/\/agenciainfra.com\/blog\/"},{"@type":"ListItem","position":2,"name":"Governadores amea\u00e7am ir ao STF contra marco do saneamento se vetos n\u00e3o forem derrubados"}]},{"@type":"WebSite","@id":"https:\/\/agenciainfra.com\/blog\/#website","url":"https:\/\/agenciainfra.com\/blog\/","name":"Ag\u00eancia iNFRA","description":"Multiplataforma de informa\u00e7\u00e3o jornal\u00edstica refer\u00eancia na \u00e1rea de infraestrutura no Brasil!","publisher":{"@id":"https:\/\/agenciainfra.com\/blog\/#organization"},"potentialAction":[{"@type":"SearchAction","target":{"@type":"EntryPoint","urlTemplate":"https:\/\/agenciainfra.com\/blog\/?s={search_term_string}"},"query-input":{"@type":"PropertyValueSpecification","valueRequired":true,"valueName":"search_term_string"}}],"inLanguage":"pt-BR"},{"@type":"Organization","@id":"https:\/\/agenciainfra.com\/blog\/#organization","name":"Ag\u00eancia iNFRA","url":"https:\/\/agenciainfra.com\/blog\/","logo":{"@type":"ImageObject","inLanguage":"pt-BR","@id":"https:\/\/agenciainfra.com\/blog\/#\/schema\/logo\/image\/","url":"https:\/\/agenciainfra.com\/blog\/wp-content\/uploads\/2023\/09\/iNFRA_5-e1761735885940.png","contentUrl":"https:\/\/agenciainfra.com\/blog\/wp-content\/uploads\/2023\/09\/iNFRA_5-e1761735885940.png","width":1672,"height":454,"caption":"Ag\u00eancia iNFRA"},"image":{"@id":"https:\/\/agenciainfra.com\/blog\/#\/schema\/logo\/image\/"},"sameAs":["https:\/\/www.facebook.com\/ageninfra","https:\/\/x.com\/agencia_infra","https:\/\/www.linkedin.com\/company\/ag\u00eanciainfra\/","https:\/\/www.instagram.com\/agenciainfra\/"]},{"@type":"Person","@id":"https:\/\/agenciainfra.com\/blog\/#\/schema\/person\/04dbb79bd6d8951f063da71f3e4c1eb1","name":"Rodrigo Zuquim","image":{"@type":"ImageObject","inLanguage":"pt-BR","@id":"https:\/\/agenciainfra.com\/blog\/#\/schema\/person\/image\/","url":"https:\/\/secure.gravatar.com\/avatar\/594abfe82761d620726242ff34ca472a705a4b97f16c790053a6b4c4035274d0?s=96&d=mm&r=g","contentUrl":"https:\/\/secure.gravatar.com\/avatar\/594abfe82761d620726242ff34ca472a705a4b97f16c790053a6b4c4035274d0?s=96&d=mm&r=g","caption":"Rodrigo Zuquim"},"url":"https:\/\/agenciainfra.com\/blog\/author\/rodrigo-zuquim\/"}]}},"_links":{"self":[{"href":"https:\/\/agenciainfra.com\/blog\/wp-json\/wp\/v2\/posts\/5586","targetHints":{"allow":["GET"]}}],"collection":[{"href":"https:\/\/agenciainfra.com\/blog\/wp-json\/wp\/v2\/posts"}],"about":[{"href":"https:\/\/agenciainfra.com\/blog\/wp-json\/wp\/v2\/types\/post"}],"author":[{"embeddable":true,"href":"https:\/\/agenciainfra.com\/blog\/wp-json\/wp\/v2\/users\/9"}],"replies":[{"embeddable":true,"href":"https:\/\/agenciainfra.com\/blog\/wp-json\/wp\/v2\/comments?post=5586"}],"version-history":[{"count":0,"href":"https:\/\/agenciainfra.com\/blog\/wp-json\/wp\/v2\/posts\/5586\/revisions"}],"wp:featuredmedia":[{"embeddable":true,"href":"https:\/\/agenciainfra.com\/blog\/wp-json\/wp\/v2\/media\/5587"}],"wp:attachment":[{"href":"https:\/\/agenciainfra.com\/blog\/wp-json\/wp\/v2\/media?parent=5586"}],"wp:term":[{"taxonomy":"category","embeddable":true,"href":"https:\/\/agenciainfra.com\/blog\/wp-json\/wp\/v2\/categories?post=5586"},{"taxonomy":"post_tag","embeddable":true,"href":"https:\/\/agenciainfra.com\/blog\/wp-json\/wp\/v2\/tags?post=5586"}],"curies":[{"name":"wp","href":"https:\/\/api.w.org\/{rel}","templated":true}]}}