{"id":5606,"date":"2020-08-09T08:00:33","date_gmt":"2020-08-09T11:00:33","guid":{"rendered":"https:\/\/www.agenciainfra.com\/blog\/?p=5606"},"modified":"2020-08-10T14:25:10","modified_gmt":"2020-08-10T17:25:10","slug":"concer-abre-campanha-por-retomada-de-obras-da-nova-subida-da-serra-na-br-040-rj","status":"publish","type":"post","link":"https:\/\/agenciainfra.com\/blog\/concer-abre-campanha-por-retomada-de-obras-da-nova-subida-da-serra-na-br-040-rj\/","title":{"rendered":"Concer abre campanha por retomada de obras da Nova Subida da Serra na BR-040\/RJ"},"content":{"rendered":"\n<hr class=\"wp-block-separator\"\/>\n\n\n\n<p class=\"has-text-align-right\"><strong>Dimmi Amora, da&nbsp;Ag\u00eancia iNFRA<\/strong><\/p>\n\n\n\n<p>A Concer, concession\u00e1ria respons\u00e1vel pela concess\u00e3o da BR-040 entre Rio de Janeiro e Juiz de Fora (MG) entrou em campanha para que possa retomar as obras paralisadas desde 2016 do maior projeto da concess\u00e3o, a NSS (Nova Subida da Serra).&nbsp;<\/p>\n\n\n\n<p>A empresa preparou um v\u00eddeo institucional em que explica os motivos apontados por ela para a interrup\u00e7\u00e3o das obras, indicando a inadimpl\u00eancia do governo federal em cumprir com o termo aditivo assinado em 2012 para a implementa\u00e7\u00e3o desse&nbsp;projeto. O v\u00eddeo que a companhia produziu para explicar a situa\u00e7\u00e3o est\u00e1 dispon\u00edvel&nbsp;<a href=\"https:\/\/agenciainfra.us14.list-manage.com\/track\/click?u=d460dd1bcf9ba0ae040e1fc0f&amp;id=c8631e1eb5&amp;e=c099169394\" target=\"_blank\" rel=\"noreferrer noopener\">neste link<\/a>.<\/p>\n\n\n\n<p>A Concer, que est\u00e1 sob o controle do Grupo Triunfo, fez ainda uma apresenta\u00e7\u00e3o para divulgar o Plano de Retomada da NSS, em que prop\u00f5e o rein\u00edcio das obras \u2013 que est\u00e3o com cerca de 50% de avan\u00e7o \u2013 sem o uso de recursos p\u00fablicos. A obra&nbsp;ficaria pronta em outubro de 2022. A apresenta\u00e7\u00e3o da empresa sobre o tema est\u00e1&nbsp;<a href=\"https:\/\/agenciainfra.us14.list-manage.com\/track\/click?u=d460dd1bcf9ba0ae040e1fc0f&amp;id=9472563f25&amp;e=c099169394\" target=\"_blank\" rel=\"noreferrer noopener\">neste link<\/a>.<\/p>\n\n\n\n<p><strong>Investimento&nbsp;controverso<\/strong><br>Os cerca de 20 quil\u00f4metros de obras para criar novas pistas entre as cidades de Duque de Caxias e Petr\u00f3polis, no Rio de Janeiro, \u00e9 um dos mais controversos investimentos em concess\u00f5es federais desde a retomada do sistema no fim do s\u00e9culo passado.<\/p>\n\n\n\n<p>Em 2012, num ato in\u00e9dito, governo federal e empresa assinaram um aditivo em que o governo se comprometia&nbsp;a pagar com recursos do or\u00e7amento da Uni\u00e3o, estimados em&nbsp;cerca de R$ 300 milh\u00f5es, um complemento para os investimentos previstos no contrato original, mas para o qual j\u00e1 n\u00e3o havia recursos suficientes na concess\u00e3o naquele momento.<\/p>\n\n\n\n<p>As obras come\u00e7aram em 2014, mas auditorias do TCU (Tribunal de Contas da Uni\u00e3o)&nbsp;apontaram ind\u00edcios de sobrepre\u00e7o nos projetos. At\u00e9 ent\u00e3o, as auditorias do tribunal n\u00e3o analisavam os custos de obras de concession\u00e1rias. A Justi\u00e7a Federal, a pedido do Minist\u00e9rio P\u00fablico Federal na regi\u00e3o,&nbsp;tamb\u00e9m abriu a\u00e7\u00f5es contra o projeto e ele acabou paralisado em 2016.<\/p>\n\n\n\n<p>Segundo a pr\u00f3pria empresa, hoje h\u00e1 19 a\u00e7\u00f5es judiciais e cinco processos administrativos em tramita\u00e7\u00e3o sobre o tema. Em parte deles, a companhia \u00e9 a autora, reclamando do descumprimento da Uni\u00e3o, que pagou menos de 20% do valor previsto.<\/p>\n\n\n\n<p>O aditivo de 2012 previa que se os valores n\u00e3o fossem depositados, a ANTT (Ag\u00eancia Nacional de Transportes Terrestres) poderia fazer os reequil\u00edbrios pelo aumento do valor do ped\u00e1gio ou do prazo de concess\u00e3o. A empresa indica em seu plano que seria mais vi\u00e1vel diante das circunst\u00e2ncias&nbsp;fazer a obra com aumento de prazo da concess\u00e3o, o que n\u00e3o est\u00e1 nos planos do governo.<\/p>\n\n\n\n<p>Na \u00e1rea administrativa, a empresa afirma que em 2018 cumpriu com as determina\u00e7\u00f5es dos \u00f3rg\u00e3os de controle e entregou \u00e0 ANTT novos projetos executivos para a obra \u2013 dentro da qual j\u00e1 ocorreu at\u00e9 um incidente com queda de casas pr\u00f3ximo ao local onde h\u00e1 escava\u00e7\u00f5es de t\u00faneis.<\/p>\n\n\n\n<p>Esses projetos executivos tentam determinar o real valor da obra, um dos motivos apontados para a paralisa\u00e7\u00e3o. A empresa indica que teve o acompanhamento dos projetos de institui\u00e7\u00f5es independentes e cita a USP (Universidade de S\u00e3o Paulo) e a UFRJ (Universidade Federal do Rio de Janeiro) entre elas.&nbsp;<\/p>\n\n\n\n<p>Mas informa que est\u00e1 h\u00e1 quase dois anos sem resposta da ag\u00eancia sobre se as medidas est\u00e3o adequadas. Nesses quase cinco anos de imbr\u00f3glio, os valores da obra j\u00e1 foram estimados em v\u00e1rios patamares por diferentes \u00f3rg\u00e3os sem se chegar a um consenso sobre os n\u00fameros.<\/p>\n\n\n\n<p><strong>Sem estudo para nova concess\u00e3o<\/strong><br>Nesse per\u00edodo, a ANTT abriu um processo de caducidade da concess\u00e3o, alegando descumprimentos diversos e continuados, o que ainda n\u00e3o foi julgado pela ag\u00eancia. O fim da concess\u00e3o ocorre em fevereiro de 2021 e n\u00e3o h\u00e1 sequer estudos conclu\u00eddos sobre o que fazer com a rodovia.<\/p>\n\n\n\n<p>A mais recente diretriz do governo \u00e9 ampliar estudos que estavam em andamento para a relicita\u00e7\u00e3o da Concer para tamb\u00e9m analisar outro trecho concedido da estrada (entre Juiz de Fora e Bras\u00edlia) e fazer uma nova concess\u00e3o maior, entre Rio de Janeiro e Belo Horizonte. Mas, oficialmente, esse estudo ainda depende de um aditivo n\u00e3o formalizado.<\/p>\n\n\n\n<p>No apresenta\u00e7\u00e3o e no v\u00eddeo, a empresa refor\u00e7a os benef\u00edcios da obra para os usu\u00e1rios, lembrando que o local segue com alto \u00edndice de acidentes, quase quatro mil no per\u00edodo de obras paralisadas, e provocando lentid\u00e3o di\u00e1ria em trecho relevante da rodovia.<\/p>\n\n\n\n<p><strong><em>Atualiza\u00e7\u00e3o em 10 de agosto de 2020<\/em><\/strong><br><em>A Concer enviou esclarecimento \u00e0 <strong>Ag\u00eancia iNFRA<\/strong> informando que a obra da Nova Subida da Serra teve in\u00edcio em 2013. Disse ainda que a motiva\u00e7\u00e3o da paralisa\u00e7\u00e3o da obra n\u00e3o foi a recomenda\u00e7\u00e3o do TCU. Cronologicamente, esta ocorreu em janeiro de 2017. J\u00e1 a comunica\u00e7\u00e3o de paralisar a obra se deu em julho de 2016, como resultado direto da inadimpl\u00eancia da Uni\u00e3o com os aportes definidos pelo 12\u00ba Termo Aditivo. Tamb\u00e9m informou que a retomada da NSS, dentro do plano proposto de conclus\u00e3o da obra, depende, preliminarmente, do reequil\u00edbrio do contrato de concess\u00e3o.<\/em><\/p>\n","protected":false},"excerpt":{"rendered":"<p>Dimmi Amora, da&nbsp;Ag\u00eancia iNFRA A Concer, concession\u00e1ria respons\u00e1vel pela concess\u00e3o da BR-040 entre Rio de Janeiro e Juiz de Fora (MG) entrou em campanha para que possa retomar as obras paralisadas desde 2016 do maior projeto da concess\u00e3o, a NSS (Nova Subida da Serra).&nbsp; A empresa preparou um v\u00eddeo institucional em que explica os motivos [&hellip;]<\/p>\n","protected":false},"author":9,"featured_media":5607,"comment_status":"closed","ping_status":"closed","sticky":false,"template":"","format":"standard","meta":{"_monsterinsights_skip_tracking":false,"_monsterinsights_sitenote_active":false,"_monsterinsights_sitenote_note":"","_monsterinsights_sitenote_category":0,"footnotes":""},"categories":[1,7],"tags":[19,2440,505,2441,2439,18],"class_list":["post-5606","post","type-post","status-publish","format-standard","has-post-thumbnail","hentry","category-geral","category-infratransporte","tag-antt","tag-br-040-rj","tag-concer","tag-grupo-triunfo","tag-nova-subida-da-serra","tag-tcu"],"yoast_head":"<!-- This site is optimized with the Yoast SEO Premium plugin v25.4 (Yoast SEO v26.0) - https:\/\/yoast.com\/wordpress\/plugins\/seo\/ -->\n<title>Concer abre campanha por retomada de obras da Nova Subida da Serra na BR-040\/RJ - Ag\u00eancia iNFRA<\/title>\n<meta name=\"robots\" content=\"index, follow, max-snippet:-1, max-image-preview:large, max-video-preview:-1\" \/>\n<link rel=\"canonical\" href=\"https:\/\/agenciainfra.com\/blog\/concer-abre-campanha-por-retomada-de-obras-da-nova-subida-da-serra-na-br-040-rj\/\" \/>\n<meta property=\"og:locale\" content=\"pt_BR\" \/>\n<meta property=\"og:type\" content=\"article\" \/>\n<meta property=\"og:title\" content=\"Concer abre campanha por retomada de obras da Nova Subida da Serra na BR-040\/RJ\" \/>\n<meta property=\"og:description\" content=\"Dimmi Amora, da&nbsp;Ag\u00eancia iNFRA A Concer, concession\u00e1ria respons\u00e1vel pela concess\u00e3o da BR-040 entre Rio de Janeiro e Juiz de Fora (MG) entrou em campanha para que possa retomar as obras paralisadas desde 2016 do maior projeto da concess\u00e3o, a NSS (Nova Subida da Serra).&nbsp; A empresa preparou um v\u00eddeo institucional em que explica os motivos [&hellip;]\" \/>\n<meta property=\"og:url\" content=\"https:\/\/agenciainfra.com\/blog\/concer-abre-campanha-por-retomada-de-obras-da-nova-subida-da-serra-na-br-040-rj\/\" \/>\n<meta property=\"og:site_name\" content=\"Ag\u00eancia iNFRA\" \/>\n<meta property=\"article:publisher\" content=\"https:\/\/www.facebook.com\/ageninfra\" \/>\n<meta property=\"article:published_time\" content=\"2020-08-09T11:00:33+00:00\" \/>\n<meta property=\"article:modified_time\" content=\"2020-08-10T17:25:10+00:00\" \/>\n<meta property=\"og:image\" content=\"https:\/\/agenciainfra.com\/blog\/wp-content\/uploads\/2020\/08\/nova-subida-da-serra-foto-reproducao-concer.png\" \/>\n\t<meta property=\"og:image:width\" content=\"1280\" \/>\n\t<meta property=\"og:image:height\" content=\"718\" \/>\n\t<meta property=\"og:image:type\" content=\"image\/png\" \/>\n<meta name=\"author\" content=\"Rodrigo Zuquim\" \/>\n<meta name=\"twitter:card\" content=\"summary_large_image\" \/>\n<meta name=\"twitter:creator\" content=\"@agencia_infra\" \/>\n<meta name=\"twitter:site\" content=\"@agencia_infra\" \/>\n<meta name=\"twitter:label1\" content=\"Escrito por\" \/>\n\t<meta name=\"twitter:data1\" content=\"Rodrigo Zuquim\" \/>\n\t<meta name=\"twitter:label2\" content=\"Est. tempo de leitura\" \/>\n\t<meta name=\"twitter:data2\" content=\"4 minutos\" \/>\n<script type=\"application\/ld+json\" class=\"yoast-schema-graph\">{\"@context\":\"https:\/\/schema.org\",\"@graph\":[{\"@type\":\"Article\",\"@id\":\"https:\/\/agenciainfra.com\/blog\/concer-abre-campanha-por-retomada-de-obras-da-nova-subida-da-serra-na-br-040-rj\/#article\",\"isPartOf\":{\"@id\":\"https:\/\/agenciainfra.com\/blog\/concer-abre-campanha-por-retomada-de-obras-da-nova-subida-da-serra-na-br-040-rj\/\"},\"author\":{\"name\":\"Rodrigo Zuquim\",\"@id\":\"https:\/\/agenciainfra.com\/blog\/#\/schema\/person\/04dbb79bd6d8951f063da71f3e4c1eb1\"},\"headline\":\"Concer abre campanha por retomada de obras da Nova Subida da Serra na BR-040\/RJ\",\"datePublished\":\"2020-08-09T11:00:33+00:00\",\"dateModified\":\"2020-08-10T17:25:10+00:00\",\"mainEntityOfPage\":{\"@id\":\"https:\/\/agenciainfra.com\/blog\/concer-abre-campanha-por-retomada-de-obras-da-nova-subida-da-serra-na-br-040-rj\/\"},\"wordCount\":916,\"publisher\":{\"@id\":\"https:\/\/agenciainfra.com\/blog\/#organization\"},\"image\":{\"@id\":\"https:\/\/agenciainfra.com\/blog\/concer-abre-campanha-por-retomada-de-obras-da-nova-subida-da-serra-na-br-040-rj\/#primaryimage\"},\"thumbnailUrl\":\"https:\/\/agenciainfra.com\/blog\/wp-content\/uploads\/2020\/08\/nova-subida-da-serra-foto-reproducao-concer.png\",\"keywords\":[\"ANTT\",\"BR-040\/RJ\",\"Concer\",\"Grupo Triunfo\",\"Nova Subida da Serra\",\"TCU\"],\"articleSection\":[\"Geral\",\"iNFRATransporte\"],\"inLanguage\":\"pt-BR\",\"copyrightYear\":\"2020\",\"copyrightHolder\":{\"@id\":\"https:\/\/agenciainfra.com\/blog\/#organization\"}},{\"@type\":\"WebPage\",\"@id\":\"https:\/\/agenciainfra.com\/blog\/concer-abre-campanha-por-retomada-de-obras-da-nova-subida-da-serra-na-br-040-rj\/\",\"url\":\"https:\/\/agenciainfra.com\/blog\/concer-abre-campanha-por-retomada-de-obras-da-nova-subida-da-serra-na-br-040-rj\/\",\"name\":\"Concer abre campanha por retomada de obras da Nova Subida da Serra na BR-040\/RJ - Ag\u00eancia iNFRA\",\"isPartOf\":{\"@id\":\"https:\/\/agenciainfra.com\/blog\/#website\"},\"primaryImageOfPage\":{\"@id\":\"https:\/\/agenciainfra.com\/blog\/concer-abre-campanha-por-retomada-de-obras-da-nova-subida-da-serra-na-br-040-rj\/#primaryimage\"},\"image\":{\"@id\":\"https:\/\/agenciainfra.com\/blog\/concer-abre-campanha-por-retomada-de-obras-da-nova-subida-da-serra-na-br-040-rj\/#primaryimage\"},\"thumbnailUrl\":\"https:\/\/agenciainfra.com\/blog\/wp-content\/uploads\/2020\/08\/nova-subida-da-serra-foto-reproducao-concer.png\",\"datePublished\":\"2020-08-09T11:00:33+00:00\",\"dateModified\":\"2020-08-10T17:25:10+00:00\",\"breadcrumb\":{\"@id\":\"https:\/\/agenciainfra.com\/blog\/concer-abre-campanha-por-retomada-de-obras-da-nova-subida-da-serra-na-br-040-rj\/#breadcrumb\"},\"inLanguage\":\"pt-BR\",\"potentialAction\":[{\"@type\":\"ReadAction\",\"target\":[\"https:\/\/agenciainfra.com\/blog\/concer-abre-campanha-por-retomada-de-obras-da-nova-subida-da-serra-na-br-040-rj\/\"]}]},{\"@type\":\"ImageObject\",\"inLanguage\":\"pt-BR\",\"@id\":\"https:\/\/agenciainfra.com\/blog\/concer-abre-campanha-por-retomada-de-obras-da-nova-subida-da-serra-na-br-040-rj\/#primaryimage\",\"url\":\"https:\/\/agenciainfra.com\/blog\/wp-content\/uploads\/2020\/08\/nova-subida-da-serra-foto-reproducao-concer.png\",\"contentUrl\":\"https:\/\/agenciainfra.com\/blog\/wp-content\/uploads\/2020\/08\/nova-subida-da-serra-foto-reproducao-concer.png\",\"width\":1280,\"height\":718},{\"@type\":\"BreadcrumbList\",\"@id\":\"https:\/\/agenciainfra.com\/blog\/concer-abre-campanha-por-retomada-de-obras-da-nova-subida-da-serra-na-br-040-rj\/#breadcrumb\",\"itemListElement\":[{\"@type\":\"ListItem\",\"position\":1,\"name\":\"In\u00edcio\",\"item\":\"https:\/\/agenciainfra.com\/blog\/\"},{\"@type\":\"ListItem\",\"position\":2,\"name\":\"Concer abre campanha por retomada de obras da Nova Subida da Serra na BR-040\/RJ\"}]},{\"@type\":\"WebSite\",\"@id\":\"https:\/\/agenciainfra.com\/blog\/#website\",\"url\":\"https:\/\/agenciainfra.com\/blog\/\",\"name\":\"Ag\u00eancia iNFRA\",\"description\":\"Multiplataforma de informa\u00e7\u00e3o jornal\u00edstica refer\u00eancia na \u00e1rea de infraestrutura no Brasil!\",\"publisher\":{\"@id\":\"https:\/\/agenciainfra.com\/blog\/#organization\"},\"potentialAction\":[{\"@type\":\"SearchAction\",\"target\":{\"@type\":\"EntryPoint\",\"urlTemplate\":\"https:\/\/agenciainfra.com\/blog\/?s={search_term_string}\"},\"query-input\":{\"@type\":\"PropertyValueSpecification\",\"valueRequired\":true,\"valueName\":\"search_term_string\"}}],\"inLanguage\":\"pt-BR\"},{\"@type\":\"Organization\",\"@id\":\"https:\/\/agenciainfra.com\/blog\/#organization\",\"name\":\"Ag\u00eancia iNFRA\",\"url\":\"https:\/\/agenciainfra.com\/blog\/\",\"logo\":{\"@type\":\"ImageObject\",\"inLanguage\":\"pt-BR\",\"@id\":\"https:\/\/agenciainfra.com\/blog\/#\/schema\/logo\/image\/\",\"url\":\"https:\/\/agenciainfra.com\/blog\/wp-content\/uploads\/2023\/09\/iNFRA_5-e1761735885940.png\",\"contentUrl\":\"https:\/\/agenciainfra.com\/blog\/wp-content\/uploads\/2023\/09\/iNFRA_5-e1761735885940.png\",\"width\":1672,\"height\":454,\"caption\":\"Ag\u00eancia iNFRA\"},\"image\":{\"@id\":\"https:\/\/agenciainfra.com\/blog\/#\/schema\/logo\/image\/\"},\"sameAs\":[\"https:\/\/www.facebook.com\/ageninfra\",\"https:\/\/x.com\/agencia_infra\",\"https:\/\/www.linkedin.com\/company\/ag\u00eanciainfra\/\",\"https:\/\/www.instagram.com\/agenciainfra\/\"]},{\"@type\":\"Person\",\"@id\":\"https:\/\/agenciainfra.com\/blog\/#\/schema\/person\/04dbb79bd6d8951f063da71f3e4c1eb1\",\"name\":\"Rodrigo Zuquim\",\"image\":{\"@type\":\"ImageObject\",\"inLanguage\":\"pt-BR\",\"@id\":\"https:\/\/agenciainfra.com\/blog\/#\/schema\/person\/image\/\",\"url\":\"https:\/\/secure.gravatar.com\/avatar\/594abfe82761d620726242ff34ca472a705a4b97f16c790053a6b4c4035274d0?s=96&d=mm&r=g\",\"contentUrl\":\"https:\/\/secure.gravatar.com\/avatar\/594abfe82761d620726242ff34ca472a705a4b97f16c790053a6b4c4035274d0?s=96&d=mm&r=g\",\"caption\":\"Rodrigo Zuquim\"},\"url\":\"https:\/\/agenciainfra.com\/blog\/author\/rodrigo-zuquim\/\"}]}<\/script>\n<!-- \/ Yoast SEO Premium plugin. -->","yoast_head_json":{"title":"Concer abre campanha por retomada de obras da Nova Subida da Serra na BR-040\/RJ - Ag\u00eancia iNFRA","robots":{"index":"index","follow":"follow","max-snippet":"max-snippet:-1","max-image-preview":"max-image-preview:large","max-video-preview":"max-video-preview:-1"},"canonical":"https:\/\/agenciainfra.com\/blog\/concer-abre-campanha-por-retomada-de-obras-da-nova-subida-da-serra-na-br-040-rj\/","og_locale":"pt_BR","og_type":"article","og_title":"Concer abre campanha por retomada de obras da Nova Subida da Serra na BR-040\/RJ","og_description":"Dimmi Amora, da&nbsp;Ag\u00eancia iNFRA A Concer, concession\u00e1ria respons\u00e1vel pela concess\u00e3o da BR-040 entre Rio de Janeiro e Juiz de Fora (MG) entrou em campanha para que possa retomar as obras paralisadas desde 2016 do maior projeto da concess\u00e3o, a NSS (Nova Subida da Serra).&nbsp; A empresa preparou um v\u00eddeo institucional em que explica os motivos [&hellip;]","og_url":"https:\/\/agenciainfra.com\/blog\/concer-abre-campanha-por-retomada-de-obras-da-nova-subida-da-serra-na-br-040-rj\/","og_site_name":"Ag\u00eancia iNFRA","article_publisher":"https:\/\/www.facebook.com\/ageninfra","article_published_time":"2020-08-09T11:00:33+00:00","article_modified_time":"2020-08-10T17:25:10+00:00","og_image":[{"width":1280,"height":718,"url":"https:\/\/agenciainfra.com\/blog\/wp-content\/uploads\/2020\/08\/nova-subida-da-serra-foto-reproducao-concer.png","type":"image\/png"}],"author":"Rodrigo Zuquim","twitter_card":"summary_large_image","twitter_creator":"@agencia_infra","twitter_site":"@agencia_infra","twitter_misc":{"Escrito por":"Rodrigo Zuquim","Est. tempo de leitura":"4 minutos"},"schema":{"@context":"https:\/\/schema.org","@graph":[{"@type":"Article","@id":"https:\/\/agenciainfra.com\/blog\/concer-abre-campanha-por-retomada-de-obras-da-nova-subida-da-serra-na-br-040-rj\/#article","isPartOf":{"@id":"https:\/\/agenciainfra.com\/blog\/concer-abre-campanha-por-retomada-de-obras-da-nova-subida-da-serra-na-br-040-rj\/"},"author":{"name":"Rodrigo Zuquim","@id":"https:\/\/agenciainfra.com\/blog\/#\/schema\/person\/04dbb79bd6d8951f063da71f3e4c1eb1"},"headline":"Concer abre campanha por retomada de obras da Nova Subida da Serra na BR-040\/RJ","datePublished":"2020-08-09T11:00:33+00:00","dateModified":"2020-08-10T17:25:10+00:00","mainEntityOfPage":{"@id":"https:\/\/agenciainfra.com\/blog\/concer-abre-campanha-por-retomada-de-obras-da-nova-subida-da-serra-na-br-040-rj\/"},"wordCount":916,"publisher":{"@id":"https:\/\/agenciainfra.com\/blog\/#organization"},"image":{"@id":"https:\/\/agenciainfra.com\/blog\/concer-abre-campanha-por-retomada-de-obras-da-nova-subida-da-serra-na-br-040-rj\/#primaryimage"},"thumbnailUrl":"https:\/\/agenciainfra.com\/blog\/wp-content\/uploads\/2020\/08\/nova-subida-da-serra-foto-reproducao-concer.png","keywords":["ANTT","BR-040\/RJ","Concer","Grupo Triunfo","Nova Subida da Serra","TCU"],"articleSection":["Geral","iNFRATransporte"],"inLanguage":"pt-BR","copyrightYear":"2020","copyrightHolder":{"@id":"https:\/\/agenciainfra.com\/blog\/#organization"}},{"@type":"WebPage","@id":"https:\/\/agenciainfra.com\/blog\/concer-abre-campanha-por-retomada-de-obras-da-nova-subida-da-serra-na-br-040-rj\/","url":"https:\/\/agenciainfra.com\/blog\/concer-abre-campanha-por-retomada-de-obras-da-nova-subida-da-serra-na-br-040-rj\/","name":"Concer abre campanha por retomada de obras da Nova Subida da Serra na BR-040\/RJ - Ag\u00eancia iNFRA","isPartOf":{"@id":"https:\/\/agenciainfra.com\/blog\/#website"},"primaryImageOfPage":{"@id":"https:\/\/agenciainfra.com\/blog\/concer-abre-campanha-por-retomada-de-obras-da-nova-subida-da-serra-na-br-040-rj\/#primaryimage"},"image":{"@id":"https:\/\/agenciainfra.com\/blog\/concer-abre-campanha-por-retomada-de-obras-da-nova-subida-da-serra-na-br-040-rj\/#primaryimage"},"thumbnailUrl":"https:\/\/agenciainfra.com\/blog\/wp-content\/uploads\/2020\/08\/nova-subida-da-serra-foto-reproducao-concer.png","datePublished":"2020-08-09T11:00:33+00:00","dateModified":"2020-08-10T17:25:10+00:00","breadcrumb":{"@id":"https:\/\/agenciainfra.com\/blog\/concer-abre-campanha-por-retomada-de-obras-da-nova-subida-da-serra-na-br-040-rj\/#breadcrumb"},"inLanguage":"pt-BR","potentialAction":[{"@type":"ReadAction","target":["https:\/\/agenciainfra.com\/blog\/concer-abre-campanha-por-retomada-de-obras-da-nova-subida-da-serra-na-br-040-rj\/"]}]},{"@type":"ImageObject","inLanguage":"pt-BR","@id":"https:\/\/agenciainfra.com\/blog\/concer-abre-campanha-por-retomada-de-obras-da-nova-subida-da-serra-na-br-040-rj\/#primaryimage","url":"https:\/\/agenciainfra.com\/blog\/wp-content\/uploads\/2020\/08\/nova-subida-da-serra-foto-reproducao-concer.png","contentUrl":"https:\/\/agenciainfra.com\/blog\/wp-content\/uploads\/2020\/08\/nova-subida-da-serra-foto-reproducao-concer.png","width":1280,"height":718},{"@type":"BreadcrumbList","@id":"https:\/\/agenciainfra.com\/blog\/concer-abre-campanha-por-retomada-de-obras-da-nova-subida-da-serra-na-br-040-rj\/#breadcrumb","itemListElement":[{"@type":"ListItem","position":1,"name":"In\u00edcio","item":"https:\/\/agenciainfra.com\/blog\/"},{"@type":"ListItem","position":2,"name":"Concer abre campanha por retomada de obras da Nova Subida da Serra na BR-040\/RJ"}]},{"@type":"WebSite","@id":"https:\/\/agenciainfra.com\/blog\/#website","url":"https:\/\/agenciainfra.com\/blog\/","name":"Ag\u00eancia iNFRA","description":"Multiplataforma de informa\u00e7\u00e3o jornal\u00edstica refer\u00eancia na \u00e1rea de infraestrutura no Brasil!","publisher":{"@id":"https:\/\/agenciainfra.com\/blog\/#organization"},"potentialAction":[{"@type":"SearchAction","target":{"@type":"EntryPoint","urlTemplate":"https:\/\/agenciainfra.com\/blog\/?s={search_term_string}"},"query-input":{"@type":"PropertyValueSpecification","valueRequired":true,"valueName":"search_term_string"}}],"inLanguage":"pt-BR"},{"@type":"Organization","@id":"https:\/\/agenciainfra.com\/blog\/#organization","name":"Ag\u00eancia iNFRA","url":"https:\/\/agenciainfra.com\/blog\/","logo":{"@type":"ImageObject","inLanguage":"pt-BR","@id":"https:\/\/agenciainfra.com\/blog\/#\/schema\/logo\/image\/","url":"https:\/\/agenciainfra.com\/blog\/wp-content\/uploads\/2023\/09\/iNFRA_5-e1761735885940.png","contentUrl":"https:\/\/agenciainfra.com\/blog\/wp-content\/uploads\/2023\/09\/iNFRA_5-e1761735885940.png","width":1672,"height":454,"caption":"Ag\u00eancia iNFRA"},"image":{"@id":"https:\/\/agenciainfra.com\/blog\/#\/schema\/logo\/image\/"},"sameAs":["https:\/\/www.facebook.com\/ageninfra","https:\/\/x.com\/agencia_infra","https:\/\/www.linkedin.com\/company\/ag\u00eanciainfra\/","https:\/\/www.instagram.com\/agenciainfra\/"]},{"@type":"Person","@id":"https:\/\/agenciainfra.com\/blog\/#\/schema\/person\/04dbb79bd6d8951f063da71f3e4c1eb1","name":"Rodrigo Zuquim","image":{"@type":"ImageObject","inLanguage":"pt-BR","@id":"https:\/\/agenciainfra.com\/blog\/#\/schema\/person\/image\/","url":"https:\/\/secure.gravatar.com\/avatar\/594abfe82761d620726242ff34ca472a705a4b97f16c790053a6b4c4035274d0?s=96&d=mm&r=g","contentUrl":"https:\/\/secure.gravatar.com\/avatar\/594abfe82761d620726242ff34ca472a705a4b97f16c790053a6b4c4035274d0?s=96&d=mm&r=g","caption":"Rodrigo Zuquim"},"url":"https:\/\/agenciainfra.com\/blog\/author\/rodrigo-zuquim\/"}]}},"_links":{"self":[{"href":"https:\/\/agenciainfra.com\/blog\/wp-json\/wp\/v2\/posts\/5606","targetHints":{"allow":["GET"]}}],"collection":[{"href":"https:\/\/agenciainfra.com\/blog\/wp-json\/wp\/v2\/posts"}],"about":[{"href":"https:\/\/agenciainfra.com\/blog\/wp-json\/wp\/v2\/types\/post"}],"author":[{"embeddable":true,"href":"https:\/\/agenciainfra.com\/blog\/wp-json\/wp\/v2\/users\/9"}],"replies":[{"embeddable":true,"href":"https:\/\/agenciainfra.com\/blog\/wp-json\/wp\/v2\/comments?post=5606"}],"version-history":[{"count":0,"href":"https:\/\/agenciainfra.com\/blog\/wp-json\/wp\/v2\/posts\/5606\/revisions"}],"wp:featuredmedia":[{"embeddable":true,"href":"https:\/\/agenciainfra.com\/blog\/wp-json\/wp\/v2\/media\/5607"}],"wp:attachment":[{"href":"https:\/\/agenciainfra.com\/blog\/wp-json\/wp\/v2\/media?parent=5606"}],"wp:term":[{"taxonomy":"category","embeddable":true,"href":"https:\/\/agenciainfra.com\/blog\/wp-json\/wp\/v2\/categories?post=5606"},{"taxonomy":"post_tag","embeddable":true,"href":"https:\/\/agenciainfra.com\/blog\/wp-json\/wp\/v2\/tags?post=5606"}],"curies":[{"name":"wp","href":"https:\/\/api.w.org\/{rel}","templated":true}]}}