{"id":5612,"date":"2020-08-10T13:00:00","date_gmt":"2020-08-10T16:00:00","guid":{"rendered":"https:\/\/www.agenciainfra.com\/blog\/?p=5612"},"modified":"2020-08-07T10:36:42","modified_gmt":"2020-08-07T13:36:42","slug":"infradebate-as-leis-e-os-seus-nomes","status":"publish","type":"post","link":"https:\/\/agenciainfra.com\/blog\/infradebate-as-leis-e-os-seus-nomes\/","title":{"rendered":"iNFRADebate: As leis e os seus nomes"},"content":{"rendered":"\n<p class=\"has-text-align-right\"><strong>Rafael Mota*<\/strong><\/p>\n\n\n\n<p>O cl\u00e1ssico da literatura brasileira Vidas Secas (1938), de Graciliano Ramos, conta as agruras de uma fam\u00edlia fugindo da seca que castiga o Nordeste brasileiro. A mis\u00e9ria, que flagela o sert\u00e3o nordestino, demonstra como \u00e9 cruel o ciclo da pobreza. A fam\u00edlia \u00e9 formada por um homem rude, Fabiano; sua atenta esposa, sinh\u00e1 Vit\u00f3ria; a cachorra Baleia, que \u00e9 tratada como membro da fam\u00edlia; e os dois filhos do casal, que nem sequer t\u00eam nomes pr\u00f3prios. Afinal, s\u00f3 quem tem chance de viver longamente nesse mundo t\u00e3o \u00e1rido \u00e9 batizado com um nome pr\u00f3prio, sinal de que vingar\u00e1.<\/p>\n\n\n\n<p>O livro, que representa tanto a realidade brasileira, infelizmente, reflete tamb\u00e9m outras \u00e1reas da forma\u00e7\u00e3o do estado brasileiro, dentre elas, a pol\u00edtica, pela elabora\u00e7\u00e3o das leis, muitas nascidas sem \u201cnomes\u201d, ou seja, fadadas \u00e0 morte certa.<\/p>\n\n\n\n<p>No anivers\u00e1rio de 31 anos da promulga\u00e7\u00e3o da Constitui\u00e7\u00e3o Federal de 1988, o IBPT (Instituto Brasileiro de Planejamento e Tributa\u00e7\u00e3o) divulgou estudo mostrando que foram publicadas, nos \u00e2mbitos federal, estadual e municipal, 6.087.473 normas gerais. V\u00e1rias delas nem sequer est\u00e3o em vigor.<\/p>\n\n\n\n<p>A consequ\u00eancia \u00e9 um sentimento de tristeza e urg\u00eancia para sair do ciclo de mis\u00e9ria das nossas leis, a fim de que esses normativos vivam por longo tempo e que tragam, consequentemente, a paz e a seguran\u00e7a jur\u00eddica que o Brasil tanto precisa. Nesse sentido, \u00e9 louv\u00e1vel o Decreto 10. 411, de 30 de junho de 2020, que regulamenta a an\u00e1lise de impacto regulat\u00f3rio, de que trata a Lei da Liberdade Econ\u00f4mica (Lei 13.874\/2019), e determina que sejam reavaliadas as efic\u00e1cias dos normativos dos minist\u00e9rios.<\/p>\n\n\n\n<p>No \u00e2mbito do setor da infraestrutura, com o objetivo de trazer seguran\u00e7a jur\u00eddica e atrair investimentos, o ministro de Estado Tarc\u00edsio de Freitas determinou, dentro da sua pasta, a desburocratiza\u00e7\u00e3o e a simplifica\u00e7\u00e3o das portarias, resolu\u00e7\u00f5es e instru\u00e7\u00f5es normativas. Todas dever\u00e3o passar por um processo de revis\u00e3o e consolida\u00e7\u00e3o. A seguran\u00e7a jur\u00eddica \u00e9 de suma import\u00e2ncia para o investidor. \u00c9 o caminho para sair da triste agrura que castiga o pa\u00eds. O sinal \u00e9 fortalecido com os PLs (projetos de leis) e legisla\u00e7\u00f5es diversas. Esses sim batizados com nomes pr\u00f3prios, desde o nascimento.<\/p>\n\n\n\n<p>Ressalte-se, nesse aspecto, os trabalhos sincronizados dos presidentes das duas Casas Legislativas: Davi Alcolumbre (Senado Federal) e Rodrigo Maia (C\u00e2mara dos Deputados). Trata-se de um forte indicativo de que essas legisla\u00e7\u00f5es tendem a ter vida longa. \u00c9 a confian\u00e7a e a tranquilidade que todos almejamos. Como exemplos, temos: o \u201cNovo Marco de Saneamento\u201d (Lei 14.026\/2020), a \u201cNova Lei de Licita\u00e7\u00e3o\u201d (PL 1.292\/1995), a \u201cNova Lei de Deb\u00eanture de Infraestrutura\u201d (PL 2.646\/2020), a \u201cLei Geral de Concess\u00f5es e PPPs\u201d (PL 7.063\/2017), o \u201cMarco Legal das Ferrovias\u201d (PLS 261\/2018), a \u201cLei do G\u00e1s (PL 6.407\/2013), entre outros.<\/p>\n\n\n\n<p>Essas leis e novos projetos de lei pretendem trazer investimentos de cerca de R$ 210 bilh\u00f5es na economia nacional e podem ser, por conseguinte, uma grande oportunidade para o Brasil superar a saga de mis\u00e9ria de grande parte da popula\u00e7\u00e3o brasileira. Afinal, o que faz um pa\u00eds grande \u00e9 que todas fam\u00edlias de tantos \u201cFabianos\u201d consigam fugir da pobreza rumo a um solo mais f\u00e9rtil, deixando para tr\u00e1s as famigeradas \u201cvidas secas\u201d.<\/p>\n\n\n\n<h6 class=\"wp-block-heading\"><strong>*Rafael Mota \u00e9 s\u00f3cio do Mota Kalume Advogados<\/strong>.<\/h6>\n\n\n\n<h5 class=\"wp-block-heading\">O iNFRADebate \u00e9 o espa\u00e7o de artigos da Ag\u00eancia iNFRA com opini\u00f5es de seus atores que n\u00e3o refletem necessariamente o pensamento da Ag\u00eancia iNFRA, sendo de total responsabilidade do autor as informa\u00e7\u00f5es, ju\u00edzos de valor e conceitos descritos no texto.<\/h5>\n","protected":false},"excerpt":{"rendered":"<p>Rafael Mota* O cl\u00e1ssico da literatura brasileira Vidas Secas (1938), de Graciliano Ramos, conta as agruras de uma fam\u00edlia fugindo da seca que castiga o Nordeste brasileiro. A mis\u00e9ria, que flagela o sert\u00e3o nordestino, demonstra como \u00e9 cruel o ciclo da pobreza. A fam\u00edlia \u00e9 formada por um homem rude, Fabiano; sua atenta esposa, sinh\u00e1 [&hellip;]<\/p>\n","protected":false},"author":9,"featured_media":5614,"comment_status":"closed","ping_status":"closed","sticky":false,"template":"","format":"standard","meta":{"_monsterinsights_skip_tracking":false,"_monsterinsights_sitenote_active":false,"_monsterinsights_sitenote_note":"","_monsterinsights_sitenote_category":0,"footnotes":""},"categories":[1,11],"tags":[147,1228,2219,2444,34,2445,32,2447,2391,2446,979,1480,1508,2448,987,1570,289,2002,2403,1693,1035,2443,39,2449,448],"class_list":["post-5612","post","type-post","status-publish","format-standard","has-post-thumbnail","hentry","category-geral","category-infradebate","tag-analise-de-impacto-regulatorio","tag-davi-alcolumbre","tag-decreto-10-411","tag-ibpt","tag-infraestrutura","tag-instituto-brasileiro-de-planejamento-e-tributacao","tag-investimentos","tag-lei-13-874-2019","tag-lei-14-026-2020","tag-lei-da-liberdade-economica","tag-lei-de-debentures-incentivadas","tag-lei-do-gas","tag-lei-geral-de-concessoes","tag-marco-legal-das-ferrovias","tag-nova-lei-de-licitacoes","tag-novo-marco-legal-do-saneamento","tag-pl-1-292-1995","tag-pl-2-646-2020","tag-pl-6-407-2013","tag-pl-7-063-2017","tag-pls-261-2018","tag-rafael-mota","tag-rodrigo-maia","tag-seguranca-juridica","tag-tarcisio-de-freitas"],"yoast_head":"<!-- This site is optimized with the Yoast SEO Premium plugin v25.4 (Yoast SEO v26.0) - https:\/\/yoast.com\/wordpress\/plugins\/seo\/ -->\n<title>iNFRADebate: As leis e os seus nomes - Ag\u00eancia iNFRA<\/title>\n<meta name=\"robots\" content=\"index, follow, max-snippet:-1, max-image-preview:large, max-video-preview:-1\" \/>\n<link rel=\"canonical\" href=\"https:\/\/agenciainfra.com\/blog\/infradebate-as-leis-e-os-seus-nomes\/\" \/>\n<meta property=\"og:locale\" content=\"pt_BR\" \/>\n<meta property=\"og:type\" content=\"article\" \/>\n<meta property=\"og:title\" content=\"iNFRADebate: As leis e os seus nomes\" \/>\n<meta property=\"og:description\" content=\"Rafael Mota* O cl\u00e1ssico da literatura brasileira Vidas Secas (1938), de Graciliano Ramos, conta as agruras de uma fam\u00edlia fugindo da seca que castiga o Nordeste brasileiro. A mis\u00e9ria, que flagela o sert\u00e3o nordestino, demonstra como \u00e9 cruel o ciclo da pobreza. A fam\u00edlia \u00e9 formada por um homem rude, Fabiano; sua atenta esposa, sinh\u00e1 [&hellip;]\" \/>\n<meta property=\"og:url\" content=\"https:\/\/agenciainfra.com\/blog\/infradebate-as-leis-e-os-seus-nomes\/\" \/>\n<meta property=\"og:site_name\" content=\"Ag\u00eancia iNFRA\" \/>\n<meta property=\"article:publisher\" content=\"https:\/\/www.facebook.com\/ageninfra\" \/>\n<meta property=\"article:published_time\" content=\"2020-08-10T16:00:00+00:00\" \/>\n<meta property=\"og:image\" content=\"https:\/\/agenciainfra.com\/blog\/wp-content\/uploads\/2020\/08\/congresso-e-esplanada-foto-marcello-casal-jr-agencia-brasil.jpg\" \/>\n\t<meta property=\"og:image:width\" content=\"1280\" \/>\n\t<meta property=\"og:image:height\" content=\"960\" \/>\n\t<meta property=\"og:image:type\" content=\"image\/jpeg\" \/>\n<meta name=\"author\" content=\"Rodrigo Zuquim\" \/>\n<meta name=\"twitter:card\" content=\"summary_large_image\" \/>\n<meta name=\"twitter:creator\" content=\"@agencia_infra\" \/>\n<meta name=\"twitter:site\" content=\"@agencia_infra\" \/>\n<meta name=\"twitter:label1\" content=\"Escrito por\" \/>\n\t<meta name=\"twitter:data1\" content=\"Rodrigo Zuquim\" \/>\n\t<meta name=\"twitter:label2\" content=\"Est. tempo de leitura\" \/>\n\t<meta name=\"twitter:data2\" content=\"3 minutos\" \/>\n<script type=\"application\/ld+json\" class=\"yoast-schema-graph\">{\"@context\":\"https:\/\/schema.org\",\"@graph\":[{\"@type\":\"Article\",\"@id\":\"https:\/\/agenciainfra.com\/blog\/infradebate-as-leis-e-os-seus-nomes\/#article\",\"isPartOf\":{\"@id\":\"https:\/\/agenciainfra.com\/blog\/infradebate-as-leis-e-os-seus-nomes\/\"},\"author\":{\"name\":\"Rodrigo Zuquim\",\"@id\":\"https:\/\/agenciainfra.com\/blog\/#\/schema\/person\/04dbb79bd6d8951f063da71f3e4c1eb1\"},\"headline\":\"iNFRADebate: As leis e os seus nomes\",\"datePublished\":\"2020-08-10T16:00:00+00:00\",\"mainEntityOfPage\":{\"@id\":\"https:\/\/agenciainfra.com\/blog\/infradebate-as-leis-e-os-seus-nomes\/\"},\"wordCount\":618,\"publisher\":{\"@id\":\"https:\/\/agenciainfra.com\/blog\/#organization\"},\"image\":{\"@id\":\"https:\/\/agenciainfra.com\/blog\/infradebate-as-leis-e-os-seus-nomes\/#primaryimage\"},\"thumbnailUrl\":\"https:\/\/agenciainfra.com\/blog\/wp-content\/uploads\/2020\/08\/congresso-e-esplanada-foto-marcello-casal-jr-agencia-brasil.jpg\",\"keywords\":[\"An\u00e1lise de Impacto Regulat\u00f3rio\",\"Davi Alcolumbre\",\"Decreto 10.411\",\"IBPT\",\"Infraestrutura\",\"Instituto Brasileiro de Planejamento e Tributa\u00e7\u00e3o\",\"Investimentos\",\"Lei 13.874\/2019\",\"Lei 14.026\/2020\",\"Lei da Liberdade Econ\u00f4mica\",\"Lei de Deb\u00eantures Incentivadas\",\"Lei do G\u00e1s\",\"Lei Geral de Concess\u00f5es\",\"Marco Legal das Ferrovias\",\"Nova Lei de Licita\u00e7\u00f5es\",\"novo marco legal do saneamento\",\"PL 1.292\/1995\",\"PL 2.646\/2020\",\"PL 6.407\/2013\",\"PL 7.063\/2017\",\"PLS 261\/2018\",\"Rafael Mota\",\"Rodrigo Maia\",\"seguran\u00e7a jur\u00eddica\",\"Tarc\u00edsio de Freitas\"],\"articleSection\":[\"Geral\",\"iNFRADebate\"],\"inLanguage\":\"pt-BR\",\"copyrightYear\":\"2020\",\"copyrightHolder\":{\"@id\":\"https:\/\/agenciainfra.com\/blog\/#organization\"}},{\"@type\":\"WebPage\",\"@id\":\"https:\/\/agenciainfra.com\/blog\/infradebate-as-leis-e-os-seus-nomes\/\",\"url\":\"https:\/\/agenciainfra.com\/blog\/infradebate-as-leis-e-os-seus-nomes\/\",\"name\":\"iNFRADebate: As leis e os seus nomes - Ag\u00eancia iNFRA\",\"isPartOf\":{\"@id\":\"https:\/\/agenciainfra.com\/blog\/#website\"},\"primaryImageOfPage\":{\"@id\":\"https:\/\/agenciainfra.com\/blog\/infradebate-as-leis-e-os-seus-nomes\/#primaryimage\"},\"image\":{\"@id\":\"https:\/\/agenciainfra.com\/blog\/infradebate-as-leis-e-os-seus-nomes\/#primaryimage\"},\"thumbnailUrl\":\"https:\/\/agenciainfra.com\/blog\/wp-content\/uploads\/2020\/08\/congresso-e-esplanada-foto-marcello-casal-jr-agencia-brasil.jpg\",\"datePublished\":\"2020-08-10T16:00:00+00:00\",\"breadcrumb\":{\"@id\":\"https:\/\/agenciainfra.com\/blog\/infradebate-as-leis-e-os-seus-nomes\/#breadcrumb\"},\"inLanguage\":\"pt-BR\",\"potentialAction\":[{\"@type\":\"ReadAction\",\"target\":[\"https:\/\/agenciainfra.com\/blog\/infradebate-as-leis-e-os-seus-nomes\/\"]}]},{\"@type\":\"ImageObject\",\"inLanguage\":\"pt-BR\",\"@id\":\"https:\/\/agenciainfra.com\/blog\/infradebate-as-leis-e-os-seus-nomes\/#primaryimage\",\"url\":\"https:\/\/agenciainfra.com\/blog\/wp-content\/uploads\/2020\/08\/congresso-e-esplanada-foto-marcello-casal-jr-agencia-brasil.jpg\",\"contentUrl\":\"https:\/\/agenciainfra.com\/blog\/wp-content\/uploads\/2020\/08\/congresso-e-esplanada-foto-marcello-casal-jr-agencia-brasil.jpg\",\"width\":1280,\"height\":960},{\"@type\":\"BreadcrumbList\",\"@id\":\"https:\/\/agenciainfra.com\/blog\/infradebate-as-leis-e-os-seus-nomes\/#breadcrumb\",\"itemListElement\":[{\"@type\":\"ListItem\",\"position\":1,\"name\":\"In\u00edcio\",\"item\":\"https:\/\/agenciainfra.com\/blog\/\"},{\"@type\":\"ListItem\",\"position\":2,\"name\":\"iNFRADebate: As leis e os seus nomes\"}]},{\"@type\":\"WebSite\",\"@id\":\"https:\/\/agenciainfra.com\/blog\/#website\",\"url\":\"https:\/\/agenciainfra.com\/blog\/\",\"name\":\"Ag\u00eancia iNFRA\",\"description\":\"Multiplataforma de informa\u00e7\u00e3o jornal\u00edstica refer\u00eancia na \u00e1rea de infraestrutura no Brasil!\",\"publisher\":{\"@id\":\"https:\/\/agenciainfra.com\/blog\/#organization\"},\"potentialAction\":[{\"@type\":\"SearchAction\",\"target\":{\"@type\":\"EntryPoint\",\"urlTemplate\":\"https:\/\/agenciainfra.com\/blog\/?s={search_term_string}\"},\"query-input\":{\"@type\":\"PropertyValueSpecification\",\"valueRequired\":true,\"valueName\":\"search_term_string\"}}],\"inLanguage\":\"pt-BR\"},{\"@type\":\"Organization\",\"@id\":\"https:\/\/agenciainfra.com\/blog\/#organization\",\"name\":\"Ag\u00eancia iNFRA\",\"url\":\"https:\/\/agenciainfra.com\/blog\/\",\"logo\":{\"@type\":\"ImageObject\",\"inLanguage\":\"pt-BR\",\"@id\":\"https:\/\/agenciainfra.com\/blog\/#\/schema\/logo\/image\/\",\"url\":\"https:\/\/agenciainfra.com\/blog\/wp-content\/uploads\/2023\/09\/iNFRA_5-e1761735885940.png\",\"contentUrl\":\"https:\/\/agenciainfra.com\/blog\/wp-content\/uploads\/2023\/09\/iNFRA_5-e1761735885940.png\",\"width\":1672,\"height\":454,\"caption\":\"Ag\u00eancia iNFRA\"},\"image\":{\"@id\":\"https:\/\/agenciainfra.com\/blog\/#\/schema\/logo\/image\/\"},\"sameAs\":[\"https:\/\/www.facebook.com\/ageninfra\",\"https:\/\/x.com\/agencia_infra\",\"https:\/\/www.linkedin.com\/company\/ag\u00eanciainfra\/\",\"https:\/\/www.instagram.com\/agenciainfra\/\"]},{\"@type\":\"Person\",\"@id\":\"https:\/\/agenciainfra.com\/blog\/#\/schema\/person\/04dbb79bd6d8951f063da71f3e4c1eb1\",\"name\":\"Rodrigo Zuquim\",\"image\":{\"@type\":\"ImageObject\",\"inLanguage\":\"pt-BR\",\"@id\":\"https:\/\/agenciainfra.com\/blog\/#\/schema\/person\/image\/\",\"url\":\"https:\/\/secure.gravatar.com\/avatar\/594abfe82761d620726242ff34ca472a705a4b97f16c790053a6b4c4035274d0?s=96&d=mm&r=g\",\"contentUrl\":\"https:\/\/secure.gravatar.com\/avatar\/594abfe82761d620726242ff34ca472a705a4b97f16c790053a6b4c4035274d0?s=96&d=mm&r=g\",\"caption\":\"Rodrigo Zuquim\"},\"url\":\"https:\/\/agenciainfra.com\/blog\/author\/rodrigo-zuquim\/\"}]}<\/script>\n<!-- \/ Yoast SEO Premium plugin. -->","yoast_head_json":{"title":"iNFRADebate: As leis e os seus nomes - Ag\u00eancia iNFRA","robots":{"index":"index","follow":"follow","max-snippet":"max-snippet:-1","max-image-preview":"max-image-preview:large","max-video-preview":"max-video-preview:-1"},"canonical":"https:\/\/agenciainfra.com\/blog\/infradebate-as-leis-e-os-seus-nomes\/","og_locale":"pt_BR","og_type":"article","og_title":"iNFRADebate: As leis e os seus nomes","og_description":"Rafael Mota* O cl\u00e1ssico da literatura brasileira Vidas Secas (1938), de Graciliano Ramos, conta as agruras de uma fam\u00edlia fugindo da seca que castiga o Nordeste brasileiro. A mis\u00e9ria, que flagela o sert\u00e3o nordestino, demonstra como \u00e9 cruel o ciclo da pobreza. A fam\u00edlia \u00e9 formada por um homem rude, Fabiano; sua atenta esposa, sinh\u00e1 [&hellip;]","og_url":"https:\/\/agenciainfra.com\/blog\/infradebate-as-leis-e-os-seus-nomes\/","og_site_name":"Ag\u00eancia iNFRA","article_publisher":"https:\/\/www.facebook.com\/ageninfra","article_published_time":"2020-08-10T16:00:00+00:00","og_image":[{"width":1280,"height":960,"url":"https:\/\/agenciainfra.com\/blog\/wp-content\/uploads\/2020\/08\/congresso-e-esplanada-foto-marcello-casal-jr-agencia-brasil.jpg","type":"image\/jpeg"}],"author":"Rodrigo Zuquim","twitter_card":"summary_large_image","twitter_creator":"@agencia_infra","twitter_site":"@agencia_infra","twitter_misc":{"Escrito por":"Rodrigo Zuquim","Est. tempo de leitura":"3 minutos"},"schema":{"@context":"https:\/\/schema.org","@graph":[{"@type":"Article","@id":"https:\/\/agenciainfra.com\/blog\/infradebate-as-leis-e-os-seus-nomes\/#article","isPartOf":{"@id":"https:\/\/agenciainfra.com\/blog\/infradebate-as-leis-e-os-seus-nomes\/"},"author":{"name":"Rodrigo Zuquim","@id":"https:\/\/agenciainfra.com\/blog\/#\/schema\/person\/04dbb79bd6d8951f063da71f3e4c1eb1"},"headline":"iNFRADebate: As leis e os seus nomes","datePublished":"2020-08-10T16:00:00+00:00","mainEntityOfPage":{"@id":"https:\/\/agenciainfra.com\/blog\/infradebate-as-leis-e-os-seus-nomes\/"},"wordCount":618,"publisher":{"@id":"https:\/\/agenciainfra.com\/blog\/#organization"},"image":{"@id":"https:\/\/agenciainfra.com\/blog\/infradebate-as-leis-e-os-seus-nomes\/#primaryimage"},"thumbnailUrl":"https:\/\/agenciainfra.com\/blog\/wp-content\/uploads\/2020\/08\/congresso-e-esplanada-foto-marcello-casal-jr-agencia-brasil.jpg","keywords":["An\u00e1lise de Impacto Regulat\u00f3rio","Davi Alcolumbre","Decreto 10.411","IBPT","Infraestrutura","Instituto Brasileiro de Planejamento e Tributa\u00e7\u00e3o","Investimentos","Lei 13.874\/2019","Lei 14.026\/2020","Lei da Liberdade Econ\u00f4mica","Lei de Deb\u00eantures Incentivadas","Lei do G\u00e1s","Lei Geral de Concess\u00f5es","Marco Legal das Ferrovias","Nova Lei de Licita\u00e7\u00f5es","novo marco legal do saneamento","PL 1.292\/1995","PL 2.646\/2020","PL 6.407\/2013","PL 7.063\/2017","PLS 261\/2018","Rafael Mota","Rodrigo Maia","seguran\u00e7a jur\u00eddica","Tarc\u00edsio de Freitas"],"articleSection":["Geral","iNFRADebate"],"inLanguage":"pt-BR","copyrightYear":"2020","copyrightHolder":{"@id":"https:\/\/agenciainfra.com\/blog\/#organization"}},{"@type":"WebPage","@id":"https:\/\/agenciainfra.com\/blog\/infradebate-as-leis-e-os-seus-nomes\/","url":"https:\/\/agenciainfra.com\/blog\/infradebate-as-leis-e-os-seus-nomes\/","name":"iNFRADebate: As leis e os seus nomes - Ag\u00eancia iNFRA","isPartOf":{"@id":"https:\/\/agenciainfra.com\/blog\/#website"},"primaryImageOfPage":{"@id":"https:\/\/agenciainfra.com\/blog\/infradebate-as-leis-e-os-seus-nomes\/#primaryimage"},"image":{"@id":"https:\/\/agenciainfra.com\/blog\/infradebate-as-leis-e-os-seus-nomes\/#primaryimage"},"thumbnailUrl":"https:\/\/agenciainfra.com\/blog\/wp-content\/uploads\/2020\/08\/congresso-e-esplanada-foto-marcello-casal-jr-agencia-brasil.jpg","datePublished":"2020-08-10T16:00:00+00:00","breadcrumb":{"@id":"https:\/\/agenciainfra.com\/blog\/infradebate-as-leis-e-os-seus-nomes\/#breadcrumb"},"inLanguage":"pt-BR","potentialAction":[{"@type":"ReadAction","target":["https:\/\/agenciainfra.com\/blog\/infradebate-as-leis-e-os-seus-nomes\/"]}]},{"@type":"ImageObject","inLanguage":"pt-BR","@id":"https:\/\/agenciainfra.com\/blog\/infradebate-as-leis-e-os-seus-nomes\/#primaryimage","url":"https:\/\/agenciainfra.com\/blog\/wp-content\/uploads\/2020\/08\/congresso-e-esplanada-foto-marcello-casal-jr-agencia-brasil.jpg","contentUrl":"https:\/\/agenciainfra.com\/blog\/wp-content\/uploads\/2020\/08\/congresso-e-esplanada-foto-marcello-casal-jr-agencia-brasil.jpg","width":1280,"height":960},{"@type":"BreadcrumbList","@id":"https:\/\/agenciainfra.com\/blog\/infradebate-as-leis-e-os-seus-nomes\/#breadcrumb","itemListElement":[{"@type":"ListItem","position":1,"name":"In\u00edcio","item":"https:\/\/agenciainfra.com\/blog\/"},{"@type":"ListItem","position":2,"name":"iNFRADebate: As leis e os seus nomes"}]},{"@type":"WebSite","@id":"https:\/\/agenciainfra.com\/blog\/#website","url":"https:\/\/agenciainfra.com\/blog\/","name":"Ag\u00eancia iNFRA","description":"Multiplataforma de informa\u00e7\u00e3o jornal\u00edstica refer\u00eancia na \u00e1rea de infraestrutura no Brasil!","publisher":{"@id":"https:\/\/agenciainfra.com\/blog\/#organization"},"potentialAction":[{"@type":"SearchAction","target":{"@type":"EntryPoint","urlTemplate":"https:\/\/agenciainfra.com\/blog\/?s={search_term_string}"},"query-input":{"@type":"PropertyValueSpecification","valueRequired":true,"valueName":"search_term_string"}}],"inLanguage":"pt-BR"},{"@type":"Organization","@id":"https:\/\/agenciainfra.com\/blog\/#organization","name":"Ag\u00eancia iNFRA","url":"https:\/\/agenciainfra.com\/blog\/","logo":{"@type":"ImageObject","inLanguage":"pt-BR","@id":"https:\/\/agenciainfra.com\/blog\/#\/schema\/logo\/image\/","url":"https:\/\/agenciainfra.com\/blog\/wp-content\/uploads\/2023\/09\/iNFRA_5-e1761735885940.png","contentUrl":"https:\/\/agenciainfra.com\/blog\/wp-content\/uploads\/2023\/09\/iNFRA_5-e1761735885940.png","width":1672,"height":454,"caption":"Ag\u00eancia iNFRA"},"image":{"@id":"https:\/\/agenciainfra.com\/blog\/#\/schema\/logo\/image\/"},"sameAs":["https:\/\/www.facebook.com\/ageninfra","https:\/\/x.com\/agencia_infra","https:\/\/www.linkedin.com\/company\/ag\u00eanciainfra\/","https:\/\/www.instagram.com\/agenciainfra\/"]},{"@type":"Person","@id":"https:\/\/agenciainfra.com\/blog\/#\/schema\/person\/04dbb79bd6d8951f063da71f3e4c1eb1","name":"Rodrigo Zuquim","image":{"@type":"ImageObject","inLanguage":"pt-BR","@id":"https:\/\/agenciainfra.com\/blog\/#\/schema\/person\/image\/","url":"https:\/\/secure.gravatar.com\/avatar\/594abfe82761d620726242ff34ca472a705a4b97f16c790053a6b4c4035274d0?s=96&d=mm&r=g","contentUrl":"https:\/\/secure.gravatar.com\/avatar\/594abfe82761d620726242ff34ca472a705a4b97f16c790053a6b4c4035274d0?s=96&d=mm&r=g","caption":"Rodrigo Zuquim"},"url":"https:\/\/agenciainfra.com\/blog\/author\/rodrigo-zuquim\/"}]}},"_links":{"self":[{"href":"https:\/\/agenciainfra.com\/blog\/wp-json\/wp\/v2\/posts\/5612","targetHints":{"allow":["GET"]}}],"collection":[{"href":"https:\/\/agenciainfra.com\/blog\/wp-json\/wp\/v2\/posts"}],"about":[{"href":"https:\/\/agenciainfra.com\/blog\/wp-json\/wp\/v2\/types\/post"}],"author":[{"embeddable":true,"href":"https:\/\/agenciainfra.com\/blog\/wp-json\/wp\/v2\/users\/9"}],"replies":[{"embeddable":true,"href":"https:\/\/agenciainfra.com\/blog\/wp-json\/wp\/v2\/comments?post=5612"}],"version-history":[{"count":0,"href":"https:\/\/agenciainfra.com\/blog\/wp-json\/wp\/v2\/posts\/5612\/revisions"}],"wp:featuredmedia":[{"embeddable":true,"href":"https:\/\/agenciainfra.com\/blog\/wp-json\/wp\/v2\/media\/5614"}],"wp:attachment":[{"href":"https:\/\/agenciainfra.com\/blog\/wp-json\/wp\/v2\/media?parent=5612"}],"wp:term":[{"taxonomy":"category","embeddable":true,"href":"https:\/\/agenciainfra.com\/blog\/wp-json\/wp\/v2\/categories?post=5612"},{"taxonomy":"post_tag","embeddable":true,"href":"https:\/\/agenciainfra.com\/blog\/wp-json\/wp\/v2\/tags?post=5612"}],"curies":[{"name":"wp","href":"https:\/\/api.w.org\/{rel}","templated":true}]}}