{"id":5617,"date":"2020-08-11T08:00:17","date_gmt":"2020-08-11T11:00:17","guid":{"rendered":"https:\/\/www.agenciainfra.com\/blog\/?p=5617"},"modified":"2020-08-10T11:04:17","modified_gmt":"2020-08-10T14:04:17","slug":"conta-covid-tem-seguranca-juridica-para-seguir-apos-caducidade-de-mp-950-apontam-advogados","status":"publish","type":"post","link":"https:\/\/agenciainfra.com\/blog\/conta-covid-tem-seguranca-juridica-para-seguir-apos-caducidade-de-mp-950-apontam-advogados\/","title":{"rendered":"Conta-Covid tem seguran\u00e7a jur\u00eddica para seguir ap\u00f3s caducidade de MP 950, apontam advogados"},"content":{"rendered":"\n<hr class=\"wp-block-separator\"\/>\n\n\n\n<p class=\"has-text-align-right\"><strong>Guilherme Mendes, da Ag\u00eancia iNFRA<\/strong><\/p>\n\n\n\n<p>N\u00e3o editada lei sobre a medida provis\u00f3ria que perde a validade, as rela\u00e7\u00f5es jur\u00eddicas constitu\u00eddas e decorrentes de atos praticados durante sua vig\u00eancia s\u00e3o consideradas v\u00e1lidas e perfeitas. Esse princ\u00edpio, refletido no artigo\u00a0<a rel=\"noreferrer noopener\" href=\"https:\/\/agenciainfra.us14.list-manage.com\/track\/click?u=d460dd1bcf9ba0ae040e1fc0f&amp;id=d08aa1ba6f&amp;e=c099169394\" target=\"_blank\">62 da Constitui\u00e7\u00e3o Federal<\/a>, garante que a Conta-Covid se mantenha\u00a0com total seguran\u00e7a jur\u00eddica\u00a0\u2013 mesmo que a Medida Provis\u00f3ria 950, que criou a opera\u00e7\u00e3o e deu seu lastro legal, tenha perdido a validade na semana passada. A an\u00e1lise vem de dois advogados do setor el\u00e9trico\u00a0ouvidos pela\u00a0<strong>Ag\u00eancia iNFRA<\/strong>.<br><br>&#8220;A medida provis\u00f3ria caduca, mas h\u00e1 seguran\u00e7a jur\u00eddica, na medida em que os atos e os empr\u00e9stimos ocorreram durante a vig\u00eancia da MP. S\u00e3o atos jur\u00eddicos perfeitos&#8221;, afirmou Guilherme Berejuk, s\u00f3cio-titular da \u00e1rea de energia do Martorelli Advogados. &#8220;O que aconteceu durante a vig\u00eancia \u00e9 sim v\u00e1lido e seguro a partir de agora.&#8221;<br><br>Planejada desde o in\u00edcio da vig\u00eancia da\u00a0<a rel=\"noreferrer noopener\" href=\"https:\/\/agenciainfra.us14.list-manage.com\/track\/click?u=d460dd1bcf9ba0ae040e1fc0f&amp;id=efeff2106c&amp;e=c099169394\" target=\"_blank\">MP 950<\/a>, em abril, a Conta-Covid deve liberar at\u00e9 o final do ano R$ 15,3 bilh\u00f5es \u00e0s distribuidoras como forma de injetar liquidez ao setor el\u00e9trico. Ap\u00f3s\u00a0<a rel=\"noreferrer noopener\" href=\"https:\/\/agenciainfra.us14.list-manage.com\/track\/click?u=d460dd1bcf9ba0ae040e1fc0f&amp;id=0d0bfdb339&amp;e=c099169394\" target=\"_blank\">edi\u00e7\u00e3o de decreto<\/a>\u00a0e\u00a0<a rel=\"noreferrer noopener\" href=\"https:\/\/agenciainfra.us14.list-manage.com\/track\/click?u=d460dd1bcf9ba0ae040e1fc0f&amp;id=f4b4e2c25e&amp;e=c099169394\" target=\"_blank\">regula\u00e7\u00e3o pela ANEEL<\/a>\u00a0(Ag\u00eancia Nacional de Energia El\u00e9trica), a primeira parcela da opera\u00e7\u00e3o, que repassou quase 80% do total planejado, foi concretizada no dia 31 de julho, a cinco dias do fim da vig\u00eancia da norma.<br><br>O advogado s\u00eanior do SiqueiraCastro, Eduardo Evangelista, aponta outro argumento constitucional que garante a vitalidade da opera\u00e7\u00e3o de empr\u00e9stimo: o\u00a0<a rel=\"noreferrer noopener\" href=\"https:\/\/agenciainfra.us14.list-manage.com\/track\/click?u=d460dd1bcf9ba0ae040e1fc0f&amp;id=93920c5087&amp;e=c099169394\" target=\"_blank\">inciso XXXVI do artigo 5\u00ba da CF<\/a>\u00a0define que a lei n\u00e3o prejudicar\u00e1 o direito adquirido, a coisa julgada e o ato jur\u00eddico perfeito \u2013 categoria na qual se encaixaria a Conta-Covid, celebrada pela CCEE (C\u00e2mara de Comercializa\u00e7\u00e3o de Energia El\u00e9trica)\u00a0e um pool de 16 bancos.<br><br>&#8220;\u00c9 como se estivesse sem disciplina a partir de agora? N\u00e3o, pois tudo j\u00e1 est\u00e1 organizado. J\u00e1 h\u00e1 contratos, termos de aceita\u00e7\u00e3o entre as partes, financiamento, decreto, resolu\u00e7\u00e3o da ANEEL&#8221;, argumentou o advogado. &#8220;A opera\u00e7\u00e3o est\u00e1 toda estruturada, e n\u00e3o precisa mais da lei para funcionar a partir de agora.&#8221;<br><br><strong>C\u00e2mara deixa texto caducar<\/strong><br>Na \u00faltima quarta-feira (5), no \u00faltimo dia de validade da medida provis\u00f3ria, o plen\u00e1rio da C\u00e2mara retirou a MP de pauta, sem chegar a analisar o m\u00e9rito do texto. O requerimento de retirada, apresentado a pedido do Poder Executivo, teve 244 votos favor\u00e1veis, 232 contr\u00e1rios e duas absten\u00e7\u00f5es.<br><br>Para o l\u00edder do governo na Casa, major Vitor Hugo (PSL-GO), o relat\u00f3rio da MP\u00a0poderia quebrar a isonomia ao permitir que apenas parte das distribuidoras tivessem seus reajustes homologados em 2020 \u2013 segundo o deputado, 28 distribuidoras j\u00e1 tiveram o reajuste neste ano, o que deixaria 25 delas sem o mesmo direito. No tema da\u00a0amplia\u00e7\u00e3o da isen\u00e7\u00e3o, Vitor Hugo argumentou que a proposta poderia gerar inadimpl\u00eancia e desequil\u00edbrio dentro do setor el\u00e9trico.<br><br>&#8220;Existia tamb\u00e9m a inten\u00e7\u00e3o do relator de prorrogar a isen\u00e7\u00e3o de tarifa social por um m\u00eas, com um custo estimado de R$ 400 milh\u00f5es a R$ 450 milh\u00f5es, que recairia sobre as contas dos consumidores de energia em geral, o que aumentaria o custo da energia para todos os consumidores&#8221;, afirmou Vitor Hugo. &#8220;O governo acredita que a prorroga\u00e7\u00e3o do aux\u00edlio emergencial por dois meses tamb\u00e9m contribui para amenizar os impactos da crise sobre a popula\u00e7\u00e3o.&#8221;<br><br>Foi uma vota\u00e7\u00e3o apertada: l\u00edderes de bancada de oposi\u00e7\u00e3o destinaram seu voto contra a retirada de pauta da medida provis\u00f3ria, sob o argumento de que a postura do governo seria contraproducente e demonstraria desprezo pelo tempo gasto pelo relator, deputado L\u00e9o Moraes (Podemos-RO). A retirada tamb\u00e9m foi repelida por l\u00edderes de partidos como MDB, PSDB e PV.<br><br>L\u00edder do Podemos, L\u00e9o Moraes usou parte do seu tempo para criticar a postura do governo. &#8220;O l\u00edder [major Vitor Hugo] nem sequer comunicou ao ministro [da Secretaria de Governo, Luiz Eduardo] Ramos que o tema caducava hoje&#8221;, disse. Segundo Moraes, o texto foi debatido com diversos setores e possu\u00eda fonte or\u00e7ament\u00e1ria para eventuais prorroga\u00e7\u00f5es. Ap\u00f3s a manifesta\u00e7\u00e3o de Moraes, a lideran\u00e7a do Democratas, que havia encaminhado voto sim \u00e0 retirada, inverteu seu entendimento em respeito ao relator do caso.<br><br>A estrat\u00e9gia de retirada\u00a0de pauta promovida pelo governo foi criticada pelo presidente da C\u00e2mara, Rodrigo Maia (DEM-RJ). Como o texto teve sua an\u00e1lise postergada, explicou Maia, sua retirada trancou a pauta para outras MPs, ao menos para esta quarta-feira. A manobra impediu que os deputados, na mesma sess\u00e3o, analisassem a MP 951, que estabelece normas sobre compras p\u00fablicas, san\u00e7\u00f5es em mat\u00e9ria de licita\u00e7\u00e3o e certifica\u00e7\u00e3o digital.\u00a0<\/p>\n","protected":false},"excerpt":{"rendered":"<p>Guilherme Mendes, da Ag\u00eancia iNFRA N\u00e3o editada lei sobre a medida provis\u00f3ria que perde a validade, as rela\u00e7\u00f5es jur\u00eddicas constitu\u00eddas e decorrentes de atos praticados durante sua vig\u00eancia s\u00e3o consideradas v\u00e1lidas e perfeitas. Esse princ\u00edpio, refletido no artigo\u00a062 da Constitui\u00e7\u00e3o Federal, garante que a Conta-Covid se mantenha\u00a0com total seguran\u00e7a jur\u00eddica\u00a0\u2013 mesmo que a Medida Provis\u00f3ria [&hellip;]<\/p>\n","protected":false},"author":9,"featured_media":5618,"comment_status":"closed","ping_status":"closed","sticky":false,"template":"","format":"standard","meta":{"_monsterinsights_skip_tracking":false,"_monsterinsights_sitenote_active":false,"_monsterinsights_sitenote_note":"","_monsterinsights_sitenote_category":0,"footnotes":""},"categories":[1,10],"tags":[53,14,1949,2225,1678,1964,2442,2450,1885,39,54,2451,2452],"class_list":["post-5617","post","type-post","status-publish","format-standard","has-post-thumbnail","hentry","category-geral","category-infraenergia","tag-aneel","tag-ccee","tag-conta-covid","tag-eduardo-evangelista","tag-guilherme-berejuk","tag-leo-moraes","tag-luiz-eduardo-ramos","tag-martorelli-advogados","tag-mp-950","tag-rodrigo-maia","tag-setor-eletrico","tag-siqueiracastro","tag-vitor-hugo"],"yoast_head":"<!-- This site is optimized with the Yoast SEO Premium plugin v25.4 (Yoast SEO v26.0) - https:\/\/yoast.com\/wordpress\/plugins\/seo\/ -->\n<title>Conta-Covid tem seguran\u00e7a jur\u00eddica para seguir ap\u00f3s caducidade de MP 950, apontam advogados - Ag\u00eancia iNFRA<\/title>\n<meta name=\"robots\" content=\"index, follow, max-snippet:-1, max-image-preview:large, max-video-preview:-1\" \/>\n<link rel=\"canonical\" href=\"https:\/\/agenciainfra.com\/blog\/conta-covid-tem-seguranca-juridica-para-seguir-apos-caducidade-de-mp-950-apontam-advogados\/\" \/>\n<meta property=\"og:locale\" content=\"pt_BR\" \/>\n<meta property=\"og:type\" content=\"article\" \/>\n<meta property=\"og:title\" content=\"Conta-Covid tem seguran\u00e7a jur\u00eddica para seguir ap\u00f3s caducidade de MP 950, apontam advogados\" \/>\n<meta property=\"og:description\" content=\"Guilherme Mendes, da Ag\u00eancia iNFRA N\u00e3o editada lei sobre a medida provis\u00f3ria que perde a validade, as rela\u00e7\u00f5es jur\u00eddicas constitu\u00eddas e decorrentes de atos praticados durante sua vig\u00eancia s\u00e3o consideradas v\u00e1lidas e perfeitas. Esse princ\u00edpio, refletido no artigo\u00a062 da Constitui\u00e7\u00e3o Federal, garante que a Conta-Covid se mantenha\u00a0com total seguran\u00e7a jur\u00eddica\u00a0\u2013 mesmo que a Medida Provis\u00f3ria [&hellip;]\" \/>\n<meta property=\"og:url\" content=\"https:\/\/agenciainfra.com\/blog\/conta-covid-tem-seguranca-juridica-para-seguir-apos-caducidade-de-mp-950-apontam-advogados\/\" \/>\n<meta property=\"og:site_name\" content=\"Ag\u00eancia iNFRA\" \/>\n<meta property=\"article:publisher\" content=\"https:\/\/www.facebook.com\/ageninfra\" \/>\n<meta property=\"article:published_time\" content=\"2020-08-11T11:00:17+00:00\" \/>\n<meta property=\"og:image\" content=\"https:\/\/agenciainfra.com\/blog\/wp-content\/uploads\/2020\/08\/linha-transmissao-foto-dominio-publico.jpg\" \/>\n\t<meta property=\"og:image:width\" content=\"1280\" \/>\n\t<meta property=\"og:image:height\" content=\"856\" \/>\n\t<meta property=\"og:image:type\" content=\"image\/jpeg\" \/>\n<meta name=\"author\" content=\"Rodrigo Zuquim\" \/>\n<meta name=\"twitter:card\" content=\"summary_large_image\" \/>\n<meta name=\"twitter:creator\" content=\"@agencia_infra\" \/>\n<meta name=\"twitter:site\" content=\"@agencia_infra\" \/>\n<meta name=\"twitter:label1\" content=\"Escrito por\" \/>\n\t<meta name=\"twitter:data1\" content=\"Rodrigo Zuquim\" \/>\n\t<meta name=\"twitter:label2\" content=\"Est. tempo de leitura\" \/>\n\t<meta name=\"twitter:data2\" content=\"4 minutos\" \/>\n<script type=\"application\/ld+json\" class=\"yoast-schema-graph\">{\"@context\":\"https:\/\/schema.org\",\"@graph\":[{\"@type\":\"Article\",\"@id\":\"https:\/\/agenciainfra.com\/blog\/conta-covid-tem-seguranca-juridica-para-seguir-apos-caducidade-de-mp-950-apontam-advogados\/#article\",\"isPartOf\":{\"@id\":\"https:\/\/agenciainfra.com\/blog\/conta-covid-tem-seguranca-juridica-para-seguir-apos-caducidade-de-mp-950-apontam-advogados\/\"},\"author\":{\"name\":\"Rodrigo Zuquim\",\"@id\":\"https:\/\/agenciainfra.com\/blog\/#\/schema\/person\/04dbb79bd6d8951f063da71f3e4c1eb1\"},\"headline\":\"Conta-Covid tem seguran\u00e7a jur\u00eddica para seguir ap\u00f3s caducidade de MP 950, apontam advogados\",\"datePublished\":\"2020-08-11T11:00:17+00:00\",\"mainEntityOfPage\":{\"@id\":\"https:\/\/agenciainfra.com\/blog\/conta-covid-tem-seguranca-juridica-para-seguir-apos-caducidade-de-mp-950-apontam-advogados\/\"},\"wordCount\":833,\"publisher\":{\"@id\":\"https:\/\/agenciainfra.com\/blog\/#organization\"},\"image\":{\"@id\":\"https:\/\/agenciainfra.com\/blog\/conta-covid-tem-seguranca-juridica-para-seguir-apos-caducidade-de-mp-950-apontam-advogados\/#primaryimage\"},\"thumbnailUrl\":\"https:\/\/agenciainfra.com\/blog\/wp-content\/uploads\/2020\/08\/linha-transmissao-foto-dominio-publico.jpg\",\"keywords\":[\"ANEEL\",\"ccee\",\"Conta-Covid\",\"Eduardo Evangelista\",\"Guilherme Berejuk\",\"L\u00e9o Moraes\",\"Luiz Eduardo Ramos\",\"Martorelli Advogados\",\"MP 950\",\"Rodrigo Maia\",\"Setor El\u00e9trico\",\"SiqueiraCastro\",\"Vitor Hugo\"],\"articleSection\":[\"Geral\",\"iNFRAEnergia\"],\"inLanguage\":\"pt-BR\",\"copyrightYear\":\"2020\",\"copyrightHolder\":{\"@id\":\"https:\/\/agenciainfra.com\/blog\/#organization\"}},{\"@type\":\"WebPage\",\"@id\":\"https:\/\/agenciainfra.com\/blog\/conta-covid-tem-seguranca-juridica-para-seguir-apos-caducidade-de-mp-950-apontam-advogados\/\",\"url\":\"https:\/\/agenciainfra.com\/blog\/conta-covid-tem-seguranca-juridica-para-seguir-apos-caducidade-de-mp-950-apontam-advogados\/\",\"name\":\"Conta-Covid tem seguran\u00e7a jur\u00eddica para seguir ap\u00f3s caducidade de MP 950, apontam advogados - Ag\u00eancia iNFRA\",\"isPartOf\":{\"@id\":\"https:\/\/agenciainfra.com\/blog\/#website\"},\"primaryImageOfPage\":{\"@id\":\"https:\/\/agenciainfra.com\/blog\/conta-covid-tem-seguranca-juridica-para-seguir-apos-caducidade-de-mp-950-apontam-advogados\/#primaryimage\"},\"image\":{\"@id\":\"https:\/\/agenciainfra.com\/blog\/conta-covid-tem-seguranca-juridica-para-seguir-apos-caducidade-de-mp-950-apontam-advogados\/#primaryimage\"},\"thumbnailUrl\":\"https:\/\/agenciainfra.com\/blog\/wp-content\/uploads\/2020\/08\/linha-transmissao-foto-dominio-publico.jpg\",\"datePublished\":\"2020-08-11T11:00:17+00:00\",\"breadcrumb\":{\"@id\":\"https:\/\/agenciainfra.com\/blog\/conta-covid-tem-seguranca-juridica-para-seguir-apos-caducidade-de-mp-950-apontam-advogados\/#breadcrumb\"},\"inLanguage\":\"pt-BR\",\"potentialAction\":[{\"@type\":\"ReadAction\",\"target\":[\"https:\/\/agenciainfra.com\/blog\/conta-covid-tem-seguranca-juridica-para-seguir-apos-caducidade-de-mp-950-apontam-advogados\/\"]}]},{\"@type\":\"ImageObject\",\"inLanguage\":\"pt-BR\",\"@id\":\"https:\/\/agenciainfra.com\/blog\/conta-covid-tem-seguranca-juridica-para-seguir-apos-caducidade-de-mp-950-apontam-advogados\/#primaryimage\",\"url\":\"https:\/\/agenciainfra.com\/blog\/wp-content\/uploads\/2020\/08\/linha-transmissao-foto-dominio-publico.jpg\",\"contentUrl\":\"https:\/\/agenciainfra.com\/blog\/wp-content\/uploads\/2020\/08\/linha-transmissao-foto-dominio-publico.jpg\",\"width\":1280,\"height\":856,\"caption\":\"Foto: Dom\u00ednio p\u00fablico\"},{\"@type\":\"BreadcrumbList\",\"@id\":\"https:\/\/agenciainfra.com\/blog\/conta-covid-tem-seguranca-juridica-para-seguir-apos-caducidade-de-mp-950-apontam-advogados\/#breadcrumb\",\"itemListElement\":[{\"@type\":\"ListItem\",\"position\":1,\"name\":\"In\u00edcio\",\"item\":\"https:\/\/agenciainfra.com\/blog\/\"},{\"@type\":\"ListItem\",\"position\":2,\"name\":\"Conta-Covid tem seguran\u00e7a jur\u00eddica para seguir ap\u00f3s caducidade de MP 950, apontam advogados\"}]},{\"@type\":\"WebSite\",\"@id\":\"https:\/\/agenciainfra.com\/blog\/#website\",\"url\":\"https:\/\/agenciainfra.com\/blog\/\",\"name\":\"Ag\u00eancia iNFRA\",\"description\":\"Multiplataforma de informa\u00e7\u00e3o jornal\u00edstica refer\u00eancia na \u00e1rea de infraestrutura no Brasil!\",\"publisher\":{\"@id\":\"https:\/\/agenciainfra.com\/blog\/#organization\"},\"potentialAction\":[{\"@type\":\"SearchAction\",\"target\":{\"@type\":\"EntryPoint\",\"urlTemplate\":\"https:\/\/agenciainfra.com\/blog\/?s={search_term_string}\"},\"query-input\":{\"@type\":\"PropertyValueSpecification\",\"valueRequired\":true,\"valueName\":\"search_term_string\"}}],\"inLanguage\":\"pt-BR\"},{\"@type\":\"Organization\",\"@id\":\"https:\/\/agenciainfra.com\/blog\/#organization\",\"name\":\"Ag\u00eancia iNFRA\",\"url\":\"https:\/\/agenciainfra.com\/blog\/\",\"logo\":{\"@type\":\"ImageObject\",\"inLanguage\":\"pt-BR\",\"@id\":\"https:\/\/agenciainfra.com\/blog\/#\/schema\/logo\/image\/\",\"url\":\"https:\/\/agenciainfra.com\/blog\/wp-content\/uploads\/2023\/09\/iNFRA_5-e1761735885940.png\",\"contentUrl\":\"https:\/\/agenciainfra.com\/blog\/wp-content\/uploads\/2023\/09\/iNFRA_5-e1761735885940.png\",\"width\":1672,\"height\":454,\"caption\":\"Ag\u00eancia iNFRA\"},\"image\":{\"@id\":\"https:\/\/agenciainfra.com\/blog\/#\/schema\/logo\/image\/\"},\"sameAs\":[\"https:\/\/www.facebook.com\/ageninfra\",\"https:\/\/x.com\/agencia_infra\",\"https:\/\/www.linkedin.com\/company\/ag\u00eanciainfra\/\",\"https:\/\/www.instagram.com\/agenciainfra\/\"]},{\"@type\":\"Person\",\"@id\":\"https:\/\/agenciainfra.com\/blog\/#\/schema\/person\/04dbb79bd6d8951f063da71f3e4c1eb1\",\"name\":\"Rodrigo Zuquim\",\"image\":{\"@type\":\"ImageObject\",\"inLanguage\":\"pt-BR\",\"@id\":\"https:\/\/agenciainfra.com\/blog\/#\/schema\/person\/image\/\",\"url\":\"https:\/\/secure.gravatar.com\/avatar\/594abfe82761d620726242ff34ca472a705a4b97f16c790053a6b4c4035274d0?s=96&d=mm&r=g\",\"contentUrl\":\"https:\/\/secure.gravatar.com\/avatar\/594abfe82761d620726242ff34ca472a705a4b97f16c790053a6b4c4035274d0?s=96&d=mm&r=g\",\"caption\":\"Rodrigo Zuquim\"},\"url\":\"https:\/\/agenciainfra.com\/blog\/author\/rodrigo-zuquim\/\"}]}<\/script>\n<!-- \/ Yoast SEO Premium plugin. -->","yoast_head_json":{"title":"Conta-Covid tem seguran\u00e7a jur\u00eddica para seguir ap\u00f3s caducidade de MP 950, apontam advogados - Ag\u00eancia iNFRA","robots":{"index":"index","follow":"follow","max-snippet":"max-snippet:-1","max-image-preview":"max-image-preview:large","max-video-preview":"max-video-preview:-1"},"canonical":"https:\/\/agenciainfra.com\/blog\/conta-covid-tem-seguranca-juridica-para-seguir-apos-caducidade-de-mp-950-apontam-advogados\/","og_locale":"pt_BR","og_type":"article","og_title":"Conta-Covid tem seguran\u00e7a jur\u00eddica para seguir ap\u00f3s caducidade de MP 950, apontam advogados","og_description":"Guilherme Mendes, da Ag\u00eancia iNFRA N\u00e3o editada lei sobre a medida provis\u00f3ria que perde a validade, as rela\u00e7\u00f5es jur\u00eddicas constitu\u00eddas e decorrentes de atos praticados durante sua vig\u00eancia s\u00e3o consideradas v\u00e1lidas e perfeitas. Esse princ\u00edpio, refletido no artigo\u00a062 da Constitui\u00e7\u00e3o Federal, garante que a Conta-Covid se mantenha\u00a0com total seguran\u00e7a jur\u00eddica\u00a0\u2013 mesmo que a Medida Provis\u00f3ria [&hellip;]","og_url":"https:\/\/agenciainfra.com\/blog\/conta-covid-tem-seguranca-juridica-para-seguir-apos-caducidade-de-mp-950-apontam-advogados\/","og_site_name":"Ag\u00eancia iNFRA","article_publisher":"https:\/\/www.facebook.com\/ageninfra","article_published_time":"2020-08-11T11:00:17+00:00","og_image":[{"width":1280,"height":856,"url":"https:\/\/agenciainfra.com\/blog\/wp-content\/uploads\/2020\/08\/linha-transmissao-foto-dominio-publico.jpg","type":"image\/jpeg"}],"author":"Rodrigo Zuquim","twitter_card":"summary_large_image","twitter_creator":"@agencia_infra","twitter_site":"@agencia_infra","twitter_misc":{"Escrito por":"Rodrigo Zuquim","Est. tempo de leitura":"4 minutos"},"schema":{"@context":"https:\/\/schema.org","@graph":[{"@type":"Article","@id":"https:\/\/agenciainfra.com\/blog\/conta-covid-tem-seguranca-juridica-para-seguir-apos-caducidade-de-mp-950-apontam-advogados\/#article","isPartOf":{"@id":"https:\/\/agenciainfra.com\/blog\/conta-covid-tem-seguranca-juridica-para-seguir-apos-caducidade-de-mp-950-apontam-advogados\/"},"author":{"name":"Rodrigo Zuquim","@id":"https:\/\/agenciainfra.com\/blog\/#\/schema\/person\/04dbb79bd6d8951f063da71f3e4c1eb1"},"headline":"Conta-Covid tem seguran\u00e7a jur\u00eddica para seguir ap\u00f3s caducidade de MP 950, apontam advogados","datePublished":"2020-08-11T11:00:17+00:00","mainEntityOfPage":{"@id":"https:\/\/agenciainfra.com\/blog\/conta-covid-tem-seguranca-juridica-para-seguir-apos-caducidade-de-mp-950-apontam-advogados\/"},"wordCount":833,"publisher":{"@id":"https:\/\/agenciainfra.com\/blog\/#organization"},"image":{"@id":"https:\/\/agenciainfra.com\/blog\/conta-covid-tem-seguranca-juridica-para-seguir-apos-caducidade-de-mp-950-apontam-advogados\/#primaryimage"},"thumbnailUrl":"https:\/\/agenciainfra.com\/blog\/wp-content\/uploads\/2020\/08\/linha-transmissao-foto-dominio-publico.jpg","keywords":["ANEEL","ccee","Conta-Covid","Eduardo Evangelista","Guilherme Berejuk","L\u00e9o Moraes","Luiz Eduardo Ramos","Martorelli Advogados","MP 950","Rodrigo Maia","Setor El\u00e9trico","SiqueiraCastro","Vitor Hugo"],"articleSection":["Geral","iNFRAEnergia"],"inLanguage":"pt-BR","copyrightYear":"2020","copyrightHolder":{"@id":"https:\/\/agenciainfra.com\/blog\/#organization"}},{"@type":"WebPage","@id":"https:\/\/agenciainfra.com\/blog\/conta-covid-tem-seguranca-juridica-para-seguir-apos-caducidade-de-mp-950-apontam-advogados\/","url":"https:\/\/agenciainfra.com\/blog\/conta-covid-tem-seguranca-juridica-para-seguir-apos-caducidade-de-mp-950-apontam-advogados\/","name":"Conta-Covid tem seguran\u00e7a jur\u00eddica para seguir ap\u00f3s caducidade de MP 950, apontam advogados - Ag\u00eancia iNFRA","isPartOf":{"@id":"https:\/\/agenciainfra.com\/blog\/#website"},"primaryImageOfPage":{"@id":"https:\/\/agenciainfra.com\/blog\/conta-covid-tem-seguranca-juridica-para-seguir-apos-caducidade-de-mp-950-apontam-advogados\/#primaryimage"},"image":{"@id":"https:\/\/agenciainfra.com\/blog\/conta-covid-tem-seguranca-juridica-para-seguir-apos-caducidade-de-mp-950-apontam-advogados\/#primaryimage"},"thumbnailUrl":"https:\/\/agenciainfra.com\/blog\/wp-content\/uploads\/2020\/08\/linha-transmissao-foto-dominio-publico.jpg","datePublished":"2020-08-11T11:00:17+00:00","breadcrumb":{"@id":"https:\/\/agenciainfra.com\/blog\/conta-covid-tem-seguranca-juridica-para-seguir-apos-caducidade-de-mp-950-apontam-advogados\/#breadcrumb"},"inLanguage":"pt-BR","potentialAction":[{"@type":"ReadAction","target":["https:\/\/agenciainfra.com\/blog\/conta-covid-tem-seguranca-juridica-para-seguir-apos-caducidade-de-mp-950-apontam-advogados\/"]}]},{"@type":"ImageObject","inLanguage":"pt-BR","@id":"https:\/\/agenciainfra.com\/blog\/conta-covid-tem-seguranca-juridica-para-seguir-apos-caducidade-de-mp-950-apontam-advogados\/#primaryimage","url":"https:\/\/agenciainfra.com\/blog\/wp-content\/uploads\/2020\/08\/linha-transmissao-foto-dominio-publico.jpg","contentUrl":"https:\/\/agenciainfra.com\/blog\/wp-content\/uploads\/2020\/08\/linha-transmissao-foto-dominio-publico.jpg","width":1280,"height":856,"caption":"Foto: Dom\u00ednio p\u00fablico"},{"@type":"BreadcrumbList","@id":"https:\/\/agenciainfra.com\/blog\/conta-covid-tem-seguranca-juridica-para-seguir-apos-caducidade-de-mp-950-apontam-advogados\/#breadcrumb","itemListElement":[{"@type":"ListItem","position":1,"name":"In\u00edcio","item":"https:\/\/agenciainfra.com\/blog\/"},{"@type":"ListItem","position":2,"name":"Conta-Covid tem seguran\u00e7a jur\u00eddica para seguir ap\u00f3s caducidade de MP 950, apontam advogados"}]},{"@type":"WebSite","@id":"https:\/\/agenciainfra.com\/blog\/#website","url":"https:\/\/agenciainfra.com\/blog\/","name":"Ag\u00eancia iNFRA","description":"Multiplataforma de informa\u00e7\u00e3o jornal\u00edstica refer\u00eancia na \u00e1rea de infraestrutura no Brasil!","publisher":{"@id":"https:\/\/agenciainfra.com\/blog\/#organization"},"potentialAction":[{"@type":"SearchAction","target":{"@type":"EntryPoint","urlTemplate":"https:\/\/agenciainfra.com\/blog\/?s={search_term_string}"},"query-input":{"@type":"PropertyValueSpecification","valueRequired":true,"valueName":"search_term_string"}}],"inLanguage":"pt-BR"},{"@type":"Organization","@id":"https:\/\/agenciainfra.com\/blog\/#organization","name":"Ag\u00eancia iNFRA","url":"https:\/\/agenciainfra.com\/blog\/","logo":{"@type":"ImageObject","inLanguage":"pt-BR","@id":"https:\/\/agenciainfra.com\/blog\/#\/schema\/logo\/image\/","url":"https:\/\/agenciainfra.com\/blog\/wp-content\/uploads\/2023\/09\/iNFRA_5-e1761735885940.png","contentUrl":"https:\/\/agenciainfra.com\/blog\/wp-content\/uploads\/2023\/09\/iNFRA_5-e1761735885940.png","width":1672,"height":454,"caption":"Ag\u00eancia iNFRA"},"image":{"@id":"https:\/\/agenciainfra.com\/blog\/#\/schema\/logo\/image\/"},"sameAs":["https:\/\/www.facebook.com\/ageninfra","https:\/\/x.com\/agencia_infra","https:\/\/www.linkedin.com\/company\/ag\u00eanciainfra\/","https:\/\/www.instagram.com\/agenciainfra\/"]},{"@type":"Person","@id":"https:\/\/agenciainfra.com\/blog\/#\/schema\/person\/04dbb79bd6d8951f063da71f3e4c1eb1","name":"Rodrigo Zuquim","image":{"@type":"ImageObject","inLanguage":"pt-BR","@id":"https:\/\/agenciainfra.com\/blog\/#\/schema\/person\/image\/","url":"https:\/\/secure.gravatar.com\/avatar\/594abfe82761d620726242ff34ca472a705a4b97f16c790053a6b4c4035274d0?s=96&d=mm&r=g","contentUrl":"https:\/\/secure.gravatar.com\/avatar\/594abfe82761d620726242ff34ca472a705a4b97f16c790053a6b4c4035274d0?s=96&d=mm&r=g","caption":"Rodrigo Zuquim"},"url":"https:\/\/agenciainfra.com\/blog\/author\/rodrigo-zuquim\/"}]}},"_links":{"self":[{"href":"https:\/\/agenciainfra.com\/blog\/wp-json\/wp\/v2\/posts\/5617","targetHints":{"allow":["GET"]}}],"collection":[{"href":"https:\/\/agenciainfra.com\/blog\/wp-json\/wp\/v2\/posts"}],"about":[{"href":"https:\/\/agenciainfra.com\/blog\/wp-json\/wp\/v2\/types\/post"}],"author":[{"embeddable":true,"href":"https:\/\/agenciainfra.com\/blog\/wp-json\/wp\/v2\/users\/9"}],"replies":[{"embeddable":true,"href":"https:\/\/agenciainfra.com\/blog\/wp-json\/wp\/v2\/comments?post=5617"}],"version-history":[{"count":0,"href":"https:\/\/agenciainfra.com\/blog\/wp-json\/wp\/v2\/posts\/5617\/revisions"}],"wp:featuredmedia":[{"embeddable":true,"href":"https:\/\/agenciainfra.com\/blog\/wp-json\/wp\/v2\/media\/5618"}],"wp:attachment":[{"href":"https:\/\/agenciainfra.com\/blog\/wp-json\/wp\/v2\/media?parent=5617"}],"wp:term":[{"taxonomy":"category","embeddable":true,"href":"https:\/\/agenciainfra.com\/blog\/wp-json\/wp\/v2\/categories?post=5617"},{"taxonomy":"post_tag","embeddable":true,"href":"https:\/\/agenciainfra.com\/blog\/wp-json\/wp\/v2\/tags?post=5617"}],"curies":[{"name":"wp","href":"https:\/\/api.w.org\/{rel}","templated":true}]}}