{"id":5643,"date":"2020-08-13T07:45:15","date_gmt":"2020-08-13T10:45:15","guid":{"rendered":"https:\/\/www.agenciainfra.com\/blog\/?p=5643"},"modified":"2020-08-13T07:45:24","modified_gmt":"2020-08-13T10:45:24","slug":"aneel-e-anp-abrem-consultas-publicas-sobre-energia-e-combustiveis","status":"publish","type":"post","link":"https:\/\/agenciainfra.com\/blog\/aneel-e-anp-abrem-consultas-publicas-sobre-energia-e-combustiveis\/","title":{"rendered":"ANEEL e ANP abrem consultas p\u00fablicas sobre energia e combust\u00edveis"},"content":{"rendered":"\n<p class=\"has-text-align-right\"><strong>da Ag\u00eancia iNFRA<\/strong><\/p>\n\n\n\n<p>A ANEEL (Ag\u00eancia Nacional de Energia El\u00e9trica) abriu uma s\u00e9rie de consultas p\u00fablicas para definir pol\u00edticas para o setor energ\u00e9tico nos pr\u00f3ximos anos. As consultas foram anunciadas no Di\u00e1rio Oficial da Uni\u00e3o de hoje (13) e podem ser vista <a rel=\"noreferrer noopener\" href=\"https:\/\/pesquisa.in.gov.br\/imprensa\/jsp\/visualiza\/index.jsp?data=13\/08\/2020&amp;jornal=530&amp;pagina=85&amp;totalArquivos=243\" target=\"_blank\">neste link<\/a>.<\/p>\n\n\n\n<p>A Consulta P\u00fablica 045\/2020 ser\u00e1 para obter subs\u00eddios para a An\u00e1lise de Impacto Regulat\u00f3rio de aprimoramento dos crit\u00e9rios de sazonaliza\u00e7\u00e3o de garantia f\u00edsica de usinas hidrel\u00e9tricas participantes do MRE (Mecanismo de Realoca\u00e7\u00e3o de Energia). Est\u00e1 previsto interc\u00e2mbio de documentos at\u00e9 28 de setembro no site da ag\u00eancia (<a rel=\"noreferrer noopener\" href=\"http:\/\/www.aneel.gov.br\/\" target=\"_blank\">www.aneel.gov.br<\/a>, no menu principal &#8220;Participa\u00e7\u00e3o Social&#8221;, item &#8220;Consultas P\u00fablicas&#8221;).<\/p>\n\n\n\n<p>Para o setor de transmiss\u00e3o, A ANEEL abriu a Consulta P\u00fablica 046\/2020 para obter subs\u00eddios para o aprimoramento das regras de pagamento dos estudos que subsidiam a instru\u00e7\u00e3o dos leil\u00f5es de transmiss\u00e3o de energia el\u00e9trica. Troca de documentos tamb\u00e9m at\u00e9 28 de setembro.<\/p>\n\n\n\n<p>A Consulta P\u00fablica 048\/2020 ser\u00e1 para obter subs\u00eddios para o aprimoramento da proposta de revis\u00e3o da Resolu\u00e7\u00e3o Normativa 787\/2017, que trata da avalia\u00e7\u00e3o da qualidade dos sistemas de governan\u00e7a corporativa dos agentes de distribui\u00e7\u00e3o. O interc\u00e2mbio de documentos ser\u00e1 at\u00e9 28 de setembro.<\/p>\n\n\n\n<p>J\u00e1 a Chamada de Projeto de Efici\u00eancia Energ\u00e9tica Priorit\u00e1rio 3\/2020 ter\u00e1 a Consulta P\u00fablica 047\/2020 e a Audi\u00eancia P\u00fablica 02\/2020, com reuni\u00e3o virtual prevista para 3 de setembro.<\/p>\n\n\n\n<p>A ANP (Ag\u00eancia Nacional do Petr\u00f3leo, G\u00e1s Natural e Biocombust\u00edveis) reabriu sua Consulta P\u00fablica 01\/2020, que pretende recolher subs\u00eddios e informa\u00e7\u00f5es adicionais sobre a proposta de revis\u00e3o da Portaria ANP 251\/2000.<\/p>\n\n\n\n<p>Essa proposta trata da regulamenta\u00e7\u00e3o do acesso n\u00e3o discriminat\u00f3rio, por terceiros interessados, aos terminais aquavi\u00e1rios, existentes ou a serem constru\u00eddos, para movimenta\u00e7\u00e3o de petr\u00f3leo e seus derivados e de biocombust\u00edveis.<\/p>\n\n\n\n<p>O prazo adicional da Consulta P\u00fablica ser\u00e1 de 60 dias a partir de 4 de agosto de 2020 e haver\u00e1 audi\u00eancia p\u00fablica em 12 de novembro de 2020, das 13h30 \u00e0s 17h30, por meio de videoconfer\u00eancia. Os dados est\u00e3o <a rel=\"noreferrer noopener\" href=\"https:\/\/pesquisa.in.gov.br\/imprensa\/jsp\/visualiza\/index.jsp?data=13\/08\/2020&amp;jornal=530&amp;pagina=86&amp;totalArquivos=243\" target=\"_blank\">neste link<\/a>.<\/p>\n","protected":false},"excerpt":{"rendered":"<p>da Ag\u00eancia iNFRA A ANEEL (Ag\u00eancia Nacional de Energia El\u00e9trica) abriu uma s\u00e9rie de consultas p\u00fablicas para definir pol\u00edticas para o setor energ\u00e9tico nos pr\u00f3ximos anos. As consultas foram anunciadas no Di\u00e1rio Oficial da Uni\u00e3o de hoje (13) e podem ser vista neste link. A Consulta P\u00fablica 045\/2020 ser\u00e1 para obter subs\u00eddios para a An\u00e1lise [&hellip;]<\/p>\n","protected":false},"author":9,"featured_media":5644,"comment_status":"closed","ping_status":"closed","sticky":false,"template":"","format":"standard","meta":{"_monsterinsights_skip_tracking":false,"_monsterinsights_sitenote_active":false,"_monsterinsights_sitenote_note":"","_monsterinsights_sitenote_category":0,"footnotes":""},"categories":[1,2052],"tags":[53,1101,2474,314,2199,25,635,2473,2472,213,1613],"class_list":["post-5643","post","type-post","status-publish","format-standard","has-post-thumbnail","hentry","category-geral","category-infra-transicao","tag-aneel","tag-anp","tag-biocombustiveis","tag-combustiveis","tag-distribuicao","tag-energia","tag-hidreletricas","tag-leiloes-de-transmissao","tag-mre","tag-petroleo","tag-terminais-aquaviarios"],"yoast_head":"<!-- This site is optimized with the Yoast SEO Premium plugin v25.4 (Yoast SEO v26.0) - https:\/\/yoast.com\/wordpress\/plugins\/seo\/ -->\n<title>ANEEL e ANP abrem consultas p\u00fablicas sobre energia e combust\u00edveis - Ag\u00eancia iNFRA<\/title>\n<meta name=\"robots\" content=\"index, follow, max-snippet:-1, max-image-preview:large, max-video-preview:-1\" \/>\n<link rel=\"canonical\" href=\"https:\/\/agenciainfra.com\/blog\/aneel-e-anp-abrem-consultas-publicas-sobre-energia-e-combustiveis\/\" \/>\n<meta property=\"og:locale\" content=\"pt_BR\" \/>\n<meta property=\"og:type\" content=\"article\" \/>\n<meta property=\"og:title\" content=\"ANEEL e ANP abrem consultas p\u00fablicas sobre energia e combust\u00edveis\" \/>\n<meta property=\"og:description\" content=\"da Ag\u00eancia iNFRA A ANEEL (Ag\u00eancia Nacional de Energia El\u00e9trica) abriu uma s\u00e9rie de consultas p\u00fablicas para definir pol\u00edticas para o setor energ\u00e9tico nos pr\u00f3ximos anos. As consultas foram anunciadas no Di\u00e1rio Oficial da Uni\u00e3o de hoje (13) e podem ser vista neste link. A Consulta P\u00fablica 045\/2020 ser\u00e1 para obter subs\u00eddios para a An\u00e1lise [&hellip;]\" \/>\n<meta property=\"og:url\" content=\"https:\/\/agenciainfra.com\/blog\/aneel-e-anp-abrem-consultas-publicas-sobre-energia-e-combustiveis\/\" \/>\n<meta property=\"og:site_name\" content=\"Ag\u00eancia iNFRA\" \/>\n<meta property=\"article:publisher\" content=\"https:\/\/www.facebook.com\/ageninfra\" \/>\n<meta property=\"article:published_time\" content=\"2020-08-13T10:45:15+00:00\" \/>\n<meta property=\"article:modified_time\" content=\"2020-08-13T10:45:24+00:00\" \/>\n<meta property=\"og:image\" content=\"https:\/\/agenciainfra.com\/blog\/wp-content\/uploads\/2020\/08\/fachada-aneel-foto-divulgacao.jpg\" \/>\n\t<meta property=\"og:image:width\" content=\"1280\" \/>\n\t<meta property=\"og:image:height\" content=\"950\" \/>\n\t<meta property=\"og:image:type\" content=\"image\/jpeg\" \/>\n<meta name=\"author\" content=\"Rodrigo Zuquim\" \/>\n<meta name=\"twitter:card\" content=\"summary_large_image\" \/>\n<meta name=\"twitter:creator\" content=\"@agencia_infra\" \/>\n<meta name=\"twitter:site\" content=\"@agencia_infra\" \/>\n<meta name=\"twitter:label1\" content=\"Escrito por\" \/>\n\t<meta name=\"twitter:data1\" content=\"Rodrigo Zuquim\" \/>\n\t<meta name=\"twitter:label2\" content=\"Est. tempo de leitura\" \/>\n\t<meta name=\"twitter:data2\" content=\"2 minutos\" \/>\n<script type=\"application\/ld+json\" class=\"yoast-schema-graph\">{\"@context\":\"https:\/\/schema.org\",\"@graph\":[{\"@type\":\"Article\",\"@id\":\"https:\/\/agenciainfra.com\/blog\/aneel-e-anp-abrem-consultas-publicas-sobre-energia-e-combustiveis\/#article\",\"isPartOf\":{\"@id\":\"https:\/\/agenciainfra.com\/blog\/aneel-e-anp-abrem-consultas-publicas-sobre-energia-e-combustiveis\/\"},\"author\":{\"name\":\"Rodrigo Zuquim\",\"@id\":\"https:\/\/agenciainfra.com\/blog\/#\/schema\/person\/04dbb79bd6d8951f063da71f3e4c1eb1\"},\"headline\":\"ANEEL e ANP abrem consultas p\u00fablicas sobre energia e combust\u00edveis\",\"datePublished\":\"2020-08-13T10:45:15+00:00\",\"dateModified\":\"2020-08-13T10:45:24+00:00\",\"mainEntityOfPage\":{\"@id\":\"https:\/\/agenciainfra.com\/blog\/aneel-e-anp-abrem-consultas-publicas-sobre-energia-e-combustiveis\/\"},\"wordCount\":379,\"publisher\":{\"@id\":\"https:\/\/agenciainfra.com\/blog\/#organization\"},\"image\":{\"@id\":\"https:\/\/agenciainfra.com\/blog\/aneel-e-anp-abrem-consultas-publicas-sobre-energia-e-combustiveis\/#primaryimage\"},\"thumbnailUrl\":\"https:\/\/agenciainfra.com\/blog\/wp-content\/uploads\/2020\/08\/fachada-aneel-foto-divulgacao-e1750161921473.jpg\",\"keywords\":[\"ANEEL\",\"ANP\",\"biocombust\u00edveis\",\"combust\u00edveis\",\"distribui\u00e7\u00e3o\",\"energia\",\"Hidrel\u00e9tricas\",\"leil\u00f5es de transmiss\u00e3o\",\"MRE\",\"petr\u00f3leo\",\"terminais aquavi\u00e1rios\"],\"articleSection\":[\"Geral\",\"iNFRA Na Transi\u00e7\u00e3o\"],\"inLanguage\":\"pt-BR\",\"copyrightYear\":\"2020\",\"copyrightHolder\":{\"@id\":\"https:\/\/agenciainfra.com\/blog\/#organization\"}},{\"@type\":\"WebPage\",\"@id\":\"https:\/\/agenciainfra.com\/blog\/aneel-e-anp-abrem-consultas-publicas-sobre-energia-e-combustiveis\/\",\"url\":\"https:\/\/agenciainfra.com\/blog\/aneel-e-anp-abrem-consultas-publicas-sobre-energia-e-combustiveis\/\",\"name\":\"ANEEL e ANP abrem consultas p\u00fablicas sobre energia e combust\u00edveis - Ag\u00eancia iNFRA\",\"isPartOf\":{\"@id\":\"https:\/\/agenciainfra.com\/blog\/#website\"},\"primaryImageOfPage\":{\"@id\":\"https:\/\/agenciainfra.com\/blog\/aneel-e-anp-abrem-consultas-publicas-sobre-energia-e-combustiveis\/#primaryimage\"},\"image\":{\"@id\":\"https:\/\/agenciainfra.com\/blog\/aneel-e-anp-abrem-consultas-publicas-sobre-energia-e-combustiveis\/#primaryimage\"},\"thumbnailUrl\":\"https:\/\/agenciainfra.com\/blog\/wp-content\/uploads\/2020\/08\/fachada-aneel-foto-divulgacao-e1750161921473.jpg\",\"datePublished\":\"2020-08-13T10:45:15+00:00\",\"dateModified\":\"2020-08-13T10:45:24+00:00\",\"breadcrumb\":{\"@id\":\"https:\/\/agenciainfra.com\/blog\/aneel-e-anp-abrem-consultas-publicas-sobre-energia-e-combustiveis\/#breadcrumb\"},\"inLanguage\":\"pt-BR\",\"potentialAction\":[{\"@type\":\"ReadAction\",\"target\":[\"https:\/\/agenciainfra.com\/blog\/aneel-e-anp-abrem-consultas-publicas-sobre-energia-e-combustiveis\/\"]}]},{\"@type\":\"ImageObject\",\"inLanguage\":\"pt-BR\",\"@id\":\"https:\/\/agenciainfra.com\/blog\/aneel-e-anp-abrem-consultas-publicas-sobre-energia-e-combustiveis\/#primaryimage\",\"url\":\"https:\/\/agenciainfra.com\/blog\/wp-content\/uploads\/2020\/08\/fachada-aneel-foto-divulgacao-e1750161921473.jpg\",\"contentUrl\":\"https:\/\/agenciainfra.com\/blog\/wp-content\/uploads\/2020\/08\/fachada-aneel-foto-divulgacao-e1750161921473.jpg\",\"width\":1280,\"height\":768,\"caption\":\"Foto: Divulga\u00e7\u00e3o\/ANEEL\"},{\"@type\":\"BreadcrumbList\",\"@id\":\"https:\/\/agenciainfra.com\/blog\/aneel-e-anp-abrem-consultas-publicas-sobre-energia-e-combustiveis\/#breadcrumb\",\"itemListElement\":[{\"@type\":\"ListItem\",\"position\":1,\"name\":\"In\u00edcio\",\"item\":\"https:\/\/agenciainfra.com\/blog\/\"},{\"@type\":\"ListItem\",\"position\":2,\"name\":\"ANEEL e ANP abrem consultas p\u00fablicas sobre energia e combust\u00edveis\"}]},{\"@type\":\"WebSite\",\"@id\":\"https:\/\/agenciainfra.com\/blog\/#website\",\"url\":\"https:\/\/agenciainfra.com\/blog\/\",\"name\":\"Ag\u00eancia iNFRA\",\"description\":\"Multiplataforma de informa\u00e7\u00e3o jornal\u00edstica refer\u00eancia na \u00e1rea de infraestrutura no Brasil!\",\"publisher\":{\"@id\":\"https:\/\/agenciainfra.com\/blog\/#organization\"},\"potentialAction\":[{\"@type\":\"SearchAction\",\"target\":{\"@type\":\"EntryPoint\",\"urlTemplate\":\"https:\/\/agenciainfra.com\/blog\/?s={search_term_string}\"},\"query-input\":{\"@type\":\"PropertyValueSpecification\",\"valueRequired\":true,\"valueName\":\"search_term_string\"}}],\"inLanguage\":\"pt-BR\"},{\"@type\":\"Organization\",\"@id\":\"https:\/\/agenciainfra.com\/blog\/#organization\",\"name\":\"Ag\u00eancia iNFRA\",\"url\":\"https:\/\/agenciainfra.com\/blog\/\",\"logo\":{\"@type\":\"ImageObject\",\"inLanguage\":\"pt-BR\",\"@id\":\"https:\/\/agenciainfra.com\/blog\/#\/schema\/logo\/image\/\",\"url\":\"https:\/\/agenciainfra.com\/blog\/wp-content\/uploads\/2023\/09\/iNFRA_5-e1761735885940.png\",\"contentUrl\":\"https:\/\/agenciainfra.com\/blog\/wp-content\/uploads\/2023\/09\/iNFRA_5-e1761735885940.png\",\"width\":1672,\"height\":454,\"caption\":\"Ag\u00eancia iNFRA\"},\"image\":{\"@id\":\"https:\/\/agenciainfra.com\/blog\/#\/schema\/logo\/image\/\"},\"sameAs\":[\"https:\/\/www.facebook.com\/ageninfra\",\"https:\/\/x.com\/agencia_infra\",\"https:\/\/www.linkedin.com\/company\/ag\u00eanciainfra\/\",\"https:\/\/www.instagram.com\/agenciainfra\/\"]},{\"@type\":\"Person\",\"@id\":\"https:\/\/agenciainfra.com\/blog\/#\/schema\/person\/04dbb79bd6d8951f063da71f3e4c1eb1\",\"name\":\"Rodrigo Zuquim\",\"image\":{\"@type\":\"ImageObject\",\"inLanguage\":\"pt-BR\",\"@id\":\"https:\/\/agenciainfra.com\/blog\/#\/schema\/person\/image\/\",\"url\":\"https:\/\/secure.gravatar.com\/avatar\/594abfe82761d620726242ff34ca472a705a4b97f16c790053a6b4c4035274d0?s=96&d=mm&r=g\",\"contentUrl\":\"https:\/\/secure.gravatar.com\/avatar\/594abfe82761d620726242ff34ca472a705a4b97f16c790053a6b4c4035274d0?s=96&d=mm&r=g\",\"caption\":\"Rodrigo Zuquim\"},\"url\":\"https:\/\/agenciainfra.com\/blog\/author\/rodrigo-zuquim\/\"}]}<\/script>\n<!-- \/ Yoast SEO Premium plugin. -->","yoast_head_json":{"title":"ANEEL e ANP abrem consultas p\u00fablicas sobre energia e combust\u00edveis - Ag\u00eancia iNFRA","robots":{"index":"index","follow":"follow","max-snippet":"max-snippet:-1","max-image-preview":"max-image-preview:large","max-video-preview":"max-video-preview:-1"},"canonical":"https:\/\/agenciainfra.com\/blog\/aneel-e-anp-abrem-consultas-publicas-sobre-energia-e-combustiveis\/","og_locale":"pt_BR","og_type":"article","og_title":"ANEEL e ANP abrem consultas p\u00fablicas sobre energia e combust\u00edveis","og_description":"da Ag\u00eancia iNFRA A ANEEL (Ag\u00eancia Nacional de Energia El\u00e9trica) abriu uma s\u00e9rie de consultas p\u00fablicas para definir pol\u00edticas para o setor energ\u00e9tico nos pr\u00f3ximos anos. As consultas foram anunciadas no Di\u00e1rio Oficial da Uni\u00e3o de hoje (13) e podem ser vista neste link. A Consulta P\u00fablica 045\/2020 ser\u00e1 para obter subs\u00eddios para a An\u00e1lise [&hellip;]","og_url":"https:\/\/agenciainfra.com\/blog\/aneel-e-anp-abrem-consultas-publicas-sobre-energia-e-combustiveis\/","og_site_name":"Ag\u00eancia iNFRA","article_publisher":"https:\/\/www.facebook.com\/ageninfra","article_published_time":"2020-08-13T10:45:15+00:00","article_modified_time":"2020-08-13T10:45:24+00:00","og_image":[{"width":1280,"height":950,"url":"https:\/\/agenciainfra.com\/blog\/wp-content\/uploads\/2020\/08\/fachada-aneel-foto-divulgacao.jpg","type":"image\/jpeg"}],"author":"Rodrigo Zuquim","twitter_card":"summary_large_image","twitter_creator":"@agencia_infra","twitter_site":"@agencia_infra","twitter_misc":{"Escrito por":"Rodrigo Zuquim","Est. tempo de leitura":"2 minutos"},"schema":{"@context":"https:\/\/schema.org","@graph":[{"@type":"Article","@id":"https:\/\/agenciainfra.com\/blog\/aneel-e-anp-abrem-consultas-publicas-sobre-energia-e-combustiveis\/#article","isPartOf":{"@id":"https:\/\/agenciainfra.com\/blog\/aneel-e-anp-abrem-consultas-publicas-sobre-energia-e-combustiveis\/"},"author":{"name":"Rodrigo Zuquim","@id":"https:\/\/agenciainfra.com\/blog\/#\/schema\/person\/04dbb79bd6d8951f063da71f3e4c1eb1"},"headline":"ANEEL e ANP abrem consultas p\u00fablicas sobre energia e combust\u00edveis","datePublished":"2020-08-13T10:45:15+00:00","dateModified":"2020-08-13T10:45:24+00:00","mainEntityOfPage":{"@id":"https:\/\/agenciainfra.com\/blog\/aneel-e-anp-abrem-consultas-publicas-sobre-energia-e-combustiveis\/"},"wordCount":379,"publisher":{"@id":"https:\/\/agenciainfra.com\/blog\/#organization"},"image":{"@id":"https:\/\/agenciainfra.com\/blog\/aneel-e-anp-abrem-consultas-publicas-sobre-energia-e-combustiveis\/#primaryimage"},"thumbnailUrl":"https:\/\/agenciainfra.com\/blog\/wp-content\/uploads\/2020\/08\/fachada-aneel-foto-divulgacao-e1750161921473.jpg","keywords":["ANEEL","ANP","biocombust\u00edveis","combust\u00edveis","distribui\u00e7\u00e3o","energia","Hidrel\u00e9tricas","leil\u00f5es de transmiss\u00e3o","MRE","petr\u00f3leo","terminais aquavi\u00e1rios"],"articleSection":["Geral","iNFRA Na Transi\u00e7\u00e3o"],"inLanguage":"pt-BR","copyrightYear":"2020","copyrightHolder":{"@id":"https:\/\/agenciainfra.com\/blog\/#organization"}},{"@type":"WebPage","@id":"https:\/\/agenciainfra.com\/blog\/aneel-e-anp-abrem-consultas-publicas-sobre-energia-e-combustiveis\/","url":"https:\/\/agenciainfra.com\/blog\/aneel-e-anp-abrem-consultas-publicas-sobre-energia-e-combustiveis\/","name":"ANEEL e ANP abrem consultas p\u00fablicas sobre energia e combust\u00edveis - Ag\u00eancia iNFRA","isPartOf":{"@id":"https:\/\/agenciainfra.com\/blog\/#website"},"primaryImageOfPage":{"@id":"https:\/\/agenciainfra.com\/blog\/aneel-e-anp-abrem-consultas-publicas-sobre-energia-e-combustiveis\/#primaryimage"},"image":{"@id":"https:\/\/agenciainfra.com\/blog\/aneel-e-anp-abrem-consultas-publicas-sobre-energia-e-combustiveis\/#primaryimage"},"thumbnailUrl":"https:\/\/agenciainfra.com\/blog\/wp-content\/uploads\/2020\/08\/fachada-aneel-foto-divulgacao-e1750161921473.jpg","datePublished":"2020-08-13T10:45:15+00:00","dateModified":"2020-08-13T10:45:24+00:00","breadcrumb":{"@id":"https:\/\/agenciainfra.com\/blog\/aneel-e-anp-abrem-consultas-publicas-sobre-energia-e-combustiveis\/#breadcrumb"},"inLanguage":"pt-BR","potentialAction":[{"@type":"ReadAction","target":["https:\/\/agenciainfra.com\/blog\/aneel-e-anp-abrem-consultas-publicas-sobre-energia-e-combustiveis\/"]}]},{"@type":"ImageObject","inLanguage":"pt-BR","@id":"https:\/\/agenciainfra.com\/blog\/aneel-e-anp-abrem-consultas-publicas-sobre-energia-e-combustiveis\/#primaryimage","url":"https:\/\/agenciainfra.com\/blog\/wp-content\/uploads\/2020\/08\/fachada-aneel-foto-divulgacao-e1750161921473.jpg","contentUrl":"https:\/\/agenciainfra.com\/blog\/wp-content\/uploads\/2020\/08\/fachada-aneel-foto-divulgacao-e1750161921473.jpg","width":1280,"height":768,"caption":"Foto: Divulga\u00e7\u00e3o\/ANEEL"},{"@type":"BreadcrumbList","@id":"https:\/\/agenciainfra.com\/blog\/aneel-e-anp-abrem-consultas-publicas-sobre-energia-e-combustiveis\/#breadcrumb","itemListElement":[{"@type":"ListItem","position":1,"name":"In\u00edcio","item":"https:\/\/agenciainfra.com\/blog\/"},{"@type":"ListItem","position":2,"name":"ANEEL e ANP abrem consultas p\u00fablicas sobre energia e combust\u00edveis"}]},{"@type":"WebSite","@id":"https:\/\/agenciainfra.com\/blog\/#website","url":"https:\/\/agenciainfra.com\/blog\/","name":"Ag\u00eancia iNFRA","description":"Multiplataforma de informa\u00e7\u00e3o jornal\u00edstica refer\u00eancia na \u00e1rea de infraestrutura no Brasil!","publisher":{"@id":"https:\/\/agenciainfra.com\/blog\/#organization"},"potentialAction":[{"@type":"SearchAction","target":{"@type":"EntryPoint","urlTemplate":"https:\/\/agenciainfra.com\/blog\/?s={search_term_string}"},"query-input":{"@type":"PropertyValueSpecification","valueRequired":true,"valueName":"search_term_string"}}],"inLanguage":"pt-BR"},{"@type":"Organization","@id":"https:\/\/agenciainfra.com\/blog\/#organization","name":"Ag\u00eancia iNFRA","url":"https:\/\/agenciainfra.com\/blog\/","logo":{"@type":"ImageObject","inLanguage":"pt-BR","@id":"https:\/\/agenciainfra.com\/blog\/#\/schema\/logo\/image\/","url":"https:\/\/agenciainfra.com\/blog\/wp-content\/uploads\/2023\/09\/iNFRA_5-e1761735885940.png","contentUrl":"https:\/\/agenciainfra.com\/blog\/wp-content\/uploads\/2023\/09\/iNFRA_5-e1761735885940.png","width":1672,"height":454,"caption":"Ag\u00eancia iNFRA"},"image":{"@id":"https:\/\/agenciainfra.com\/blog\/#\/schema\/logo\/image\/"},"sameAs":["https:\/\/www.facebook.com\/ageninfra","https:\/\/x.com\/agencia_infra","https:\/\/www.linkedin.com\/company\/ag\u00eanciainfra\/","https:\/\/www.instagram.com\/agenciainfra\/"]},{"@type":"Person","@id":"https:\/\/agenciainfra.com\/blog\/#\/schema\/person\/04dbb79bd6d8951f063da71f3e4c1eb1","name":"Rodrigo Zuquim","image":{"@type":"ImageObject","inLanguage":"pt-BR","@id":"https:\/\/agenciainfra.com\/blog\/#\/schema\/person\/image\/","url":"https:\/\/secure.gravatar.com\/avatar\/594abfe82761d620726242ff34ca472a705a4b97f16c790053a6b4c4035274d0?s=96&d=mm&r=g","contentUrl":"https:\/\/secure.gravatar.com\/avatar\/594abfe82761d620726242ff34ca472a705a4b97f16c790053a6b4c4035274d0?s=96&d=mm&r=g","caption":"Rodrigo Zuquim"},"url":"https:\/\/agenciainfra.com\/blog\/author\/rodrigo-zuquim\/"}]}},"_links":{"self":[{"href":"https:\/\/agenciainfra.com\/blog\/wp-json\/wp\/v2\/posts\/5643","targetHints":{"allow":["GET"]}}],"collection":[{"href":"https:\/\/agenciainfra.com\/blog\/wp-json\/wp\/v2\/posts"}],"about":[{"href":"https:\/\/agenciainfra.com\/blog\/wp-json\/wp\/v2\/types\/post"}],"author":[{"embeddable":true,"href":"https:\/\/agenciainfra.com\/blog\/wp-json\/wp\/v2\/users\/9"}],"replies":[{"embeddable":true,"href":"https:\/\/agenciainfra.com\/blog\/wp-json\/wp\/v2\/comments?post=5643"}],"version-history":[{"count":0,"href":"https:\/\/agenciainfra.com\/blog\/wp-json\/wp\/v2\/posts\/5643\/revisions"}],"wp:featuredmedia":[{"embeddable":true,"href":"https:\/\/agenciainfra.com\/blog\/wp-json\/wp\/v2\/media\/5644"}],"wp:attachment":[{"href":"https:\/\/agenciainfra.com\/blog\/wp-json\/wp\/v2\/media?parent=5643"}],"wp:term":[{"taxonomy":"category","embeddable":true,"href":"https:\/\/agenciainfra.com\/blog\/wp-json\/wp\/v2\/categories?post=5643"},{"taxonomy":"post_tag","embeddable":true,"href":"https:\/\/agenciainfra.com\/blog\/wp-json\/wp\/v2\/tags?post=5643"}],"curies":[{"name":"wp","href":"https:\/\/api.w.org\/{rel}","templated":true}]}}