{"id":5652,"date":"2020-08-17T08:00:42","date_gmt":"2020-08-17T11:00:42","guid":{"rendered":"https:\/\/www.agenciainfra.com\/blog\/?p=5652"},"modified":"2020-08-17T15:17:37","modified_gmt":"2020-08-17T18:17:37","slug":"desestatizacao-da-codesa-em-modelo-misto","status":"publish","type":"post","link":"https:\/\/agenciainfra.com\/blog\/desestatizacao-da-codesa-em-modelo-misto\/","title":{"rendered":"Desestatiza\u00e7\u00e3o da Codesa em &#8220;modelo misto&#8221;"},"content":{"rendered":"\n<hr class=\"wp-block-separator\"\/>\n\n\n\n<p class=\"has-text-align-right\"><strong>da&nbsp;Ag\u00eancia iNFRA<\/strong><\/p>\n\n\n\n<p>O secret\u00e1rio de Portos e Transportes Aquavi\u00e1rios do Minist\u00e9rio da Infraestrutura, Diogo Piloni, afirmou que &#8220;j\u00e1 vislumbra&#8221; o chamado modelo misto para a desestatiza\u00e7\u00e3o da Codesa (Companhia Docas do Esp\u00edrito Santo), previsto para 2021 e que seria a primeira estatal portu\u00e1ria a n\u00e3o ter controle estatal.<\/p>\n\n\n\n<p>Em webinar realizado pela OAB-ES, o secret\u00e1rio explicou que esse modelo prev\u00ea que a estatal seja vendida e que o vencedor leve, al\u00e9m das receitas e despesas da companhia, o direito \u00e0 concess\u00e3o por um per\u00edodo dos portos hoje administrados por ela \u2013 Vit\u00f3ria, Vila Velha e Barra do Riacho.<\/p>\n\n\n\n<p>Tamb\u00e9m presente ao evento, o presidente da Codesa, J\u00falio Castiglioni, explicou que essa autoridade portu\u00e1ria privada criaria um modelo de land lord privado, semelhante ao que foi usado na desestatiza\u00e7\u00e3o dos portos australianos. Castiglioni afirmou contudo que haver\u00e1 restri\u00e7\u00f5es \u00e0 participa\u00e7\u00e3o de arrendat\u00e1rios no controle da futura gestora do porto para evitar verticaliza\u00e7\u00e3o.<\/p>\n\n\n\n<p>Pelo calend\u00e1rio, ser\u00e3o feitas a partir de setembro sess\u00f5es de market sound com interessados para posterior audi\u00eancia p\u00fablica a partir de novembro deste ano, que segundo ele s\u00e3o o &#8220;ponto de partida&#8221; da proposta e n\u00e3o a proposta final.<\/p>\n\n\n\n<p>Al\u00e9m da Codesa, est\u00e3o em estudos as desestatiza\u00e7\u00f5es das Docas de Santos e S\u00e3o Sebasti\u00e3o, em S\u00e3o Paulo, e de Itaja\u00ed, em Santa Catarina.<\/p>\n\n\n\n<p><strong>BR do Mar come\u00e7a a tramitar\u00a0<\/strong><br>A C\u00e2mara dos Deputados publicou, na \u00faltima quinta-feira (13),\u00a0<a rel=\"noreferrer noopener\" href=\"https:\/\/agenciainfra.us14.list-manage.com\/track\/click?u=d460dd1bcf9ba0ae040e1fc0f&amp;id=8c5cba2fe5&amp;e=c099169394\" target=\"_blank\">o PL (Projeto de Lei) 4.199\/2020<\/a>\u00a0\u2013 que &#8220;institui o Programa de Est\u00edmulo ao Transporte por Cabotagem &#8211; BR do Mar&#8221;. A mat\u00e9ria foi enviada pelo Executivo na ter\u00e7a-feira (11) da semana passada.<br><br>A proposta, prometida h\u00e1 mais de um ano, \u00e9 uma tentativa de uma amplia\u00e7\u00e3o da concorr\u00eancia no setor, mas ainda com medidas de prote\u00e7\u00e3o a empresas nacionais. O\u00a0projeto foi encaminhado em regime de urg\u00eancia constitucional. Segundo o regimento interno da C\u00e2mara,\u00a0o presidente Rodrigo Maia (DEM-RJ) ter\u00e1 45 dias para pautar o projeto. Ap\u00f3s esse per\u00edodo, proposta passa a trancar a pauta de vota\u00e7\u00e3o.<br><br>J\u00e1 o prazo para envio de emendas \u00e9 de cinco sess\u00f5es. Encerrado esse per\u00edodo, a mat\u00e9ria j\u00e1 poder\u00e1 entrar na pauta do plen\u00e1rio. Ap\u00f3s a apresenta\u00e7\u00e3o do primeiro relat\u00f3rio, os parlamentares poder\u00e3o apresentar novas emendas. Ainda n\u00e3o foi definido quem ser\u00e1 relator do processo.<\/p>\n\n\n\n<p>Em live realizada na quinta-feira com a ministra da Agricultura, Tereza Cristina, o&nbsp;ministro da Infraestrutura, Tarc\u00edsio de Freitas, disse que a proposta tem como principal objetivo&nbsp;reequilibrar a matriz de transporte do pa\u00eds&nbsp;utilizando o potencial trazido pela cabotagem.<\/p>\n\n\n\n<p>&#8220;Temos verdadeiras avenidas mar\u00edtimas e queremos usar esse imenso potencial de costa que temos&#8221;, disse.&nbsp;<\/p>\n\n\n\n<p><strong>Hidrovia do Paraguai<\/strong><br>Na mesma live, Tarc\u00edsio falou&nbsp;sobre a hidrovia Paraguai-Paran\u00e1, que liga o Brasil aos pa\u00edses da Bol\u00edvia, do Paraguai, da Argentina e do Uruguai. Segundo ele, as licita\u00e7\u00f5es para as obras de melhoramento da hidrovia dever\u00e3o acontecer ainda neste ano.<\/p>\n\n\n\n<p>\u201c\u00c9 uma hidrovia com potencial muito maior do que&nbsp;ela movimenta hoje e&nbsp;devemos iniciar um grande processo de dragagens l\u00e1. J\u00e1 fizemos o Evtea para explora\u00e7\u00e3o da \u00e1rea&nbsp;e j\u00e1 estamos trabalhando na autoriza\u00e7\u00e3o de alguns terminais privados e esta\u00e7\u00f5es de transbordo de carga ao longo da hidrovia. As obras de melhoramento, a partir do projeto que j\u00e1 foi feito, devem ser licitadas neste ano. Vamos aumentar a capacidade desta hidrovia&nbsp;que os paraguaios j\u00e1 descobriram\u201d, afirmou o ministro.<\/p>\n","protected":false},"excerpt":{"rendered":"<p>da&nbsp;Ag\u00eancia iNFRA O secret\u00e1rio de Portos e Transportes Aquavi\u00e1rios do Minist\u00e9rio da Infraestrutura, Diogo Piloni, afirmou que &#8220;j\u00e1 vislumbra&#8221; o chamado modelo misto para a desestatiza\u00e7\u00e3o da Codesa (Companhia Docas do Esp\u00edrito Santo), previsto para 2021 e que seria a primeira estatal portu\u00e1ria a n\u00e3o ter controle estatal. Em webinar realizado pela OAB-ES, o secret\u00e1rio [&hellip;]<\/p>\n","protected":false},"author":9,"featured_media":5653,"comment_status":"closed","ping_status":"closed","sticky":false,"template":"","format":"standard","meta":{"_monsterinsights_skip_tracking":false,"_monsterinsights_sitenote_active":false,"_monsterinsights_sitenote_note":"","_monsterinsights_sitenote_category":0,"footnotes":""},"categories":[1,7],"tags":[1245,407,1146,192,811,2485,2483,2482,2484,310,39,448,1442],"class_list":["post-5652","post","type-post","status-publish","format-standard","has-post-thumbnail","hentry","category-geral","category-infratransporte","tag-br-do-mar","tag-cabotagem","tag-codesa","tag-desestatizacao","tag-diogo-piloni","tag-hidrovia-paraguai-parana","tag-julio-castiglioni","tag-oab-es","tag-pl-4-199-2020","tag-portos","tag-rodrigo-maia","tag-tarcisio-de-freitas","tag-tereza-cristina"],"yoast_head":"<!-- This site is optimized with the Yoast SEO Premium plugin v25.4 (Yoast SEO v26.0) - https:\/\/yoast.com\/wordpress\/plugins\/seo\/ -->\n<title>Desestatiza\u00e7\u00e3o da Codesa em &quot;modelo misto&quot; - Ag\u00eancia iNFRA<\/title>\n<meta name=\"robots\" content=\"index, follow, max-snippet:-1, max-image-preview:large, max-video-preview:-1\" \/>\n<link rel=\"canonical\" href=\"https:\/\/agenciainfra.com\/blog\/desestatizacao-da-codesa-em-modelo-misto\/\" \/>\n<meta property=\"og:locale\" content=\"pt_BR\" \/>\n<meta property=\"og:type\" content=\"article\" \/>\n<meta property=\"og:title\" content=\"Desestatiza\u00e7\u00e3o da Codesa em &quot;modelo misto&quot;\" \/>\n<meta property=\"og:description\" content=\"da&nbsp;Ag\u00eancia iNFRA O secret\u00e1rio de Portos e Transportes Aquavi\u00e1rios do Minist\u00e9rio da Infraestrutura, Diogo Piloni, afirmou que &#8220;j\u00e1 vislumbra&#8221; o chamado modelo misto para a desestatiza\u00e7\u00e3o da Codesa (Companhia Docas do Esp\u00edrito Santo), previsto para 2021 e que seria a primeira estatal portu\u00e1ria a n\u00e3o ter controle estatal. Em webinar realizado pela OAB-ES, o secret\u00e1rio [&hellip;]\" \/>\n<meta property=\"og:url\" content=\"https:\/\/agenciainfra.com\/blog\/desestatizacao-da-codesa-em-modelo-misto\/\" \/>\n<meta property=\"og:site_name\" content=\"Ag\u00eancia iNFRA\" \/>\n<meta property=\"article:publisher\" content=\"https:\/\/www.facebook.com\/ageninfra\" \/>\n<meta property=\"article:published_time\" content=\"2020-08-17T11:00:42+00:00\" \/>\n<meta property=\"article:modified_time\" content=\"2020-08-17T18:17:37+00:00\" \/>\n<meta property=\"og:image\" content=\"https:\/\/agenciainfra.com\/blog\/wp-content\/uploads\/2020\/08\/codesa-foto-ppi-1024x682.png\" \/>\n\t<meta property=\"og:image:width\" content=\"1024\" \/>\n\t<meta property=\"og:image:height\" content=\"682\" \/>\n\t<meta property=\"og:image:type\" content=\"image\/png\" \/>\n<meta name=\"author\" content=\"Rodrigo Zuquim\" \/>\n<meta name=\"twitter:card\" content=\"summary_large_image\" \/>\n<meta name=\"twitter:creator\" content=\"@agencia_infra\" \/>\n<meta name=\"twitter:site\" content=\"@agencia_infra\" \/>\n<meta name=\"twitter:label1\" content=\"Escrito por\" \/>\n\t<meta name=\"twitter:data1\" content=\"Rodrigo Zuquim\" \/>\n\t<meta name=\"twitter:label2\" content=\"Est. tempo de leitura\" \/>\n\t<meta name=\"twitter:data2\" content=\"3 minutos\" \/>\n<script type=\"application\/ld+json\" class=\"yoast-schema-graph\">{\"@context\":\"https:\/\/schema.org\",\"@graph\":[{\"@type\":\"Article\",\"@id\":\"https:\/\/agenciainfra.com\/blog\/desestatizacao-da-codesa-em-modelo-misto\/#article\",\"isPartOf\":{\"@id\":\"https:\/\/agenciainfra.com\/blog\/desestatizacao-da-codesa-em-modelo-misto\/\"},\"author\":{\"name\":\"Rodrigo Zuquim\",\"@id\":\"https:\/\/agenciainfra.com\/blog\/#\/schema\/person\/04dbb79bd6d8951f063da71f3e4c1eb1\"},\"headline\":\"Desestatiza\u00e7\u00e3o da Codesa em &#8220;modelo misto&#8221;\",\"datePublished\":\"2020-08-17T11:00:42+00:00\",\"dateModified\":\"2020-08-17T18:17:37+00:00\",\"mainEntityOfPage\":{\"@id\":\"https:\/\/agenciainfra.com\/blog\/desestatizacao-da-codesa-em-modelo-misto\/\"},\"wordCount\":622,\"publisher\":{\"@id\":\"https:\/\/agenciainfra.com\/blog\/#organization\"},\"image\":{\"@id\":\"https:\/\/agenciainfra.com\/blog\/desestatizacao-da-codesa-em-modelo-misto\/#primaryimage\"},\"thumbnailUrl\":\"https:\/\/agenciainfra.com\/blog\/wp-content\/uploads\/2020\/08\/codesa-foto-ppi.png\",\"keywords\":[\"BR do Mar\",\"cabotagem\",\"Codesa\",\"desestatiza\u00e7\u00e3o\",\"Diogo Piloni\",\"hidrovia Paraguai-Paran\u00e1\",\"J\u00falio Castiglioni\",\"OAB-ES\",\"PL 4.199\/2020\",\"portos\",\"Rodrigo Maia\",\"Tarc\u00edsio de Freitas\",\"Tereza Cristina\"],\"articleSection\":[\"Geral\",\"iNFRATransporte\"],\"inLanguage\":\"pt-BR\",\"copyrightYear\":\"2020\",\"copyrightHolder\":{\"@id\":\"https:\/\/agenciainfra.com\/blog\/#organization\"}},{\"@type\":\"WebPage\",\"@id\":\"https:\/\/agenciainfra.com\/blog\/desestatizacao-da-codesa-em-modelo-misto\/\",\"url\":\"https:\/\/agenciainfra.com\/blog\/desestatizacao-da-codesa-em-modelo-misto\/\",\"name\":\"Desestatiza\u00e7\u00e3o da Codesa em \\\"modelo misto\\\" - Ag\u00eancia iNFRA\",\"isPartOf\":{\"@id\":\"https:\/\/agenciainfra.com\/blog\/#website\"},\"primaryImageOfPage\":{\"@id\":\"https:\/\/agenciainfra.com\/blog\/desestatizacao-da-codesa-em-modelo-misto\/#primaryimage\"},\"image\":{\"@id\":\"https:\/\/agenciainfra.com\/blog\/desestatizacao-da-codesa-em-modelo-misto\/#primaryimage\"},\"thumbnailUrl\":\"https:\/\/agenciainfra.com\/blog\/wp-content\/uploads\/2020\/08\/codesa-foto-ppi.png\",\"datePublished\":\"2020-08-17T11:00:42+00:00\",\"dateModified\":\"2020-08-17T18:17:37+00:00\",\"breadcrumb\":{\"@id\":\"https:\/\/agenciainfra.com\/blog\/desestatizacao-da-codesa-em-modelo-misto\/#breadcrumb\"},\"inLanguage\":\"pt-BR\",\"potentialAction\":[{\"@type\":\"ReadAction\",\"target\":[\"https:\/\/agenciainfra.com\/blog\/desestatizacao-da-codesa-em-modelo-misto\/\"]}]},{\"@type\":\"ImageObject\",\"inLanguage\":\"pt-BR\",\"@id\":\"https:\/\/agenciainfra.com\/blog\/desestatizacao-da-codesa-em-modelo-misto\/#primaryimage\",\"url\":\"https:\/\/agenciainfra.com\/blog\/wp-content\/uploads\/2020\/08\/codesa-foto-ppi.png\",\"contentUrl\":\"https:\/\/agenciainfra.com\/blog\/wp-content\/uploads\/2020\/08\/codesa-foto-ppi.png\",\"width\":1280,\"height\":853},{\"@type\":\"BreadcrumbList\",\"@id\":\"https:\/\/agenciainfra.com\/blog\/desestatizacao-da-codesa-em-modelo-misto\/#breadcrumb\",\"itemListElement\":[{\"@type\":\"ListItem\",\"position\":1,\"name\":\"In\u00edcio\",\"item\":\"https:\/\/agenciainfra.com\/blog\/\"},{\"@type\":\"ListItem\",\"position\":2,\"name\":\"Desestatiza\u00e7\u00e3o da Codesa em &#8220;modelo misto&#8221;\"}]},{\"@type\":\"WebSite\",\"@id\":\"https:\/\/agenciainfra.com\/blog\/#website\",\"url\":\"https:\/\/agenciainfra.com\/blog\/\",\"name\":\"Ag\u00eancia iNFRA\",\"description\":\"Multiplataforma de informa\u00e7\u00e3o jornal\u00edstica refer\u00eancia na \u00e1rea de infraestrutura no Brasil!\",\"publisher\":{\"@id\":\"https:\/\/agenciainfra.com\/blog\/#organization\"},\"potentialAction\":[{\"@type\":\"SearchAction\",\"target\":{\"@type\":\"EntryPoint\",\"urlTemplate\":\"https:\/\/agenciainfra.com\/blog\/?s={search_term_string}\"},\"query-input\":{\"@type\":\"PropertyValueSpecification\",\"valueRequired\":true,\"valueName\":\"search_term_string\"}}],\"inLanguage\":\"pt-BR\"},{\"@type\":\"Organization\",\"@id\":\"https:\/\/agenciainfra.com\/blog\/#organization\",\"name\":\"Ag\u00eancia iNFRA\",\"url\":\"https:\/\/agenciainfra.com\/blog\/\",\"logo\":{\"@type\":\"ImageObject\",\"inLanguage\":\"pt-BR\",\"@id\":\"https:\/\/agenciainfra.com\/blog\/#\/schema\/logo\/image\/\",\"url\":\"https:\/\/agenciainfra.com\/blog\/wp-content\/uploads\/2023\/09\/iNFRA_5-e1761735885940.png\",\"contentUrl\":\"https:\/\/agenciainfra.com\/blog\/wp-content\/uploads\/2023\/09\/iNFRA_5-e1761735885940.png\",\"width\":1672,\"height\":454,\"caption\":\"Ag\u00eancia iNFRA\"},\"image\":{\"@id\":\"https:\/\/agenciainfra.com\/blog\/#\/schema\/logo\/image\/\"},\"sameAs\":[\"https:\/\/www.facebook.com\/ageninfra\",\"https:\/\/x.com\/agencia_infra\",\"https:\/\/www.linkedin.com\/company\/ag\u00eanciainfra\/\",\"https:\/\/www.instagram.com\/agenciainfra\/\"]},{\"@type\":\"Person\",\"@id\":\"https:\/\/agenciainfra.com\/blog\/#\/schema\/person\/04dbb79bd6d8951f063da71f3e4c1eb1\",\"name\":\"Rodrigo Zuquim\",\"image\":{\"@type\":\"ImageObject\",\"inLanguage\":\"pt-BR\",\"@id\":\"https:\/\/agenciainfra.com\/blog\/#\/schema\/person\/image\/\",\"url\":\"https:\/\/secure.gravatar.com\/avatar\/594abfe82761d620726242ff34ca472a705a4b97f16c790053a6b4c4035274d0?s=96&d=mm&r=g\",\"contentUrl\":\"https:\/\/secure.gravatar.com\/avatar\/594abfe82761d620726242ff34ca472a705a4b97f16c790053a6b4c4035274d0?s=96&d=mm&r=g\",\"caption\":\"Rodrigo Zuquim\"},\"url\":\"https:\/\/agenciainfra.com\/blog\/author\/rodrigo-zuquim\/\"}]}<\/script>\n<!-- \/ Yoast SEO Premium plugin. -->","yoast_head_json":{"title":"Desestatiza\u00e7\u00e3o da Codesa em \"modelo misto\" - Ag\u00eancia iNFRA","robots":{"index":"index","follow":"follow","max-snippet":"max-snippet:-1","max-image-preview":"max-image-preview:large","max-video-preview":"max-video-preview:-1"},"canonical":"https:\/\/agenciainfra.com\/blog\/desestatizacao-da-codesa-em-modelo-misto\/","og_locale":"pt_BR","og_type":"article","og_title":"Desestatiza\u00e7\u00e3o da Codesa em \"modelo misto\"","og_description":"da&nbsp;Ag\u00eancia iNFRA O secret\u00e1rio de Portos e Transportes Aquavi\u00e1rios do Minist\u00e9rio da Infraestrutura, Diogo Piloni, afirmou que &#8220;j\u00e1 vislumbra&#8221; o chamado modelo misto para a desestatiza\u00e7\u00e3o da Codesa (Companhia Docas do Esp\u00edrito Santo), previsto para 2021 e que seria a primeira estatal portu\u00e1ria a n\u00e3o ter controle estatal. Em webinar realizado pela OAB-ES, o secret\u00e1rio [&hellip;]","og_url":"https:\/\/agenciainfra.com\/blog\/desestatizacao-da-codesa-em-modelo-misto\/","og_site_name":"Ag\u00eancia iNFRA","article_publisher":"https:\/\/www.facebook.com\/ageninfra","article_published_time":"2020-08-17T11:00:42+00:00","article_modified_time":"2020-08-17T18:17:37+00:00","og_image":[{"width":1024,"height":682,"url":"https:\/\/agenciainfra.com\/blog\/wp-content\/uploads\/2020\/08\/codesa-foto-ppi-1024x682.png","type":"image\/png"}],"author":"Rodrigo Zuquim","twitter_card":"summary_large_image","twitter_creator":"@agencia_infra","twitter_site":"@agencia_infra","twitter_misc":{"Escrito por":"Rodrigo Zuquim","Est. tempo de leitura":"3 minutos"},"schema":{"@context":"https:\/\/schema.org","@graph":[{"@type":"Article","@id":"https:\/\/agenciainfra.com\/blog\/desestatizacao-da-codesa-em-modelo-misto\/#article","isPartOf":{"@id":"https:\/\/agenciainfra.com\/blog\/desestatizacao-da-codesa-em-modelo-misto\/"},"author":{"name":"Rodrigo Zuquim","@id":"https:\/\/agenciainfra.com\/blog\/#\/schema\/person\/04dbb79bd6d8951f063da71f3e4c1eb1"},"headline":"Desestatiza\u00e7\u00e3o da Codesa em &#8220;modelo misto&#8221;","datePublished":"2020-08-17T11:00:42+00:00","dateModified":"2020-08-17T18:17:37+00:00","mainEntityOfPage":{"@id":"https:\/\/agenciainfra.com\/blog\/desestatizacao-da-codesa-em-modelo-misto\/"},"wordCount":622,"publisher":{"@id":"https:\/\/agenciainfra.com\/blog\/#organization"},"image":{"@id":"https:\/\/agenciainfra.com\/blog\/desestatizacao-da-codesa-em-modelo-misto\/#primaryimage"},"thumbnailUrl":"https:\/\/agenciainfra.com\/blog\/wp-content\/uploads\/2020\/08\/codesa-foto-ppi.png","keywords":["BR do Mar","cabotagem","Codesa","desestatiza\u00e7\u00e3o","Diogo Piloni","hidrovia Paraguai-Paran\u00e1","J\u00falio Castiglioni","OAB-ES","PL 4.199\/2020","portos","Rodrigo Maia","Tarc\u00edsio de Freitas","Tereza Cristina"],"articleSection":["Geral","iNFRATransporte"],"inLanguage":"pt-BR","copyrightYear":"2020","copyrightHolder":{"@id":"https:\/\/agenciainfra.com\/blog\/#organization"}},{"@type":"WebPage","@id":"https:\/\/agenciainfra.com\/blog\/desestatizacao-da-codesa-em-modelo-misto\/","url":"https:\/\/agenciainfra.com\/blog\/desestatizacao-da-codesa-em-modelo-misto\/","name":"Desestatiza\u00e7\u00e3o da Codesa em \"modelo misto\" - Ag\u00eancia iNFRA","isPartOf":{"@id":"https:\/\/agenciainfra.com\/blog\/#website"},"primaryImageOfPage":{"@id":"https:\/\/agenciainfra.com\/blog\/desestatizacao-da-codesa-em-modelo-misto\/#primaryimage"},"image":{"@id":"https:\/\/agenciainfra.com\/blog\/desestatizacao-da-codesa-em-modelo-misto\/#primaryimage"},"thumbnailUrl":"https:\/\/agenciainfra.com\/blog\/wp-content\/uploads\/2020\/08\/codesa-foto-ppi.png","datePublished":"2020-08-17T11:00:42+00:00","dateModified":"2020-08-17T18:17:37+00:00","breadcrumb":{"@id":"https:\/\/agenciainfra.com\/blog\/desestatizacao-da-codesa-em-modelo-misto\/#breadcrumb"},"inLanguage":"pt-BR","potentialAction":[{"@type":"ReadAction","target":["https:\/\/agenciainfra.com\/blog\/desestatizacao-da-codesa-em-modelo-misto\/"]}]},{"@type":"ImageObject","inLanguage":"pt-BR","@id":"https:\/\/agenciainfra.com\/blog\/desestatizacao-da-codesa-em-modelo-misto\/#primaryimage","url":"https:\/\/agenciainfra.com\/blog\/wp-content\/uploads\/2020\/08\/codesa-foto-ppi.png","contentUrl":"https:\/\/agenciainfra.com\/blog\/wp-content\/uploads\/2020\/08\/codesa-foto-ppi.png","width":1280,"height":853},{"@type":"BreadcrumbList","@id":"https:\/\/agenciainfra.com\/blog\/desestatizacao-da-codesa-em-modelo-misto\/#breadcrumb","itemListElement":[{"@type":"ListItem","position":1,"name":"In\u00edcio","item":"https:\/\/agenciainfra.com\/blog\/"},{"@type":"ListItem","position":2,"name":"Desestatiza\u00e7\u00e3o da Codesa em &#8220;modelo misto&#8221;"}]},{"@type":"WebSite","@id":"https:\/\/agenciainfra.com\/blog\/#website","url":"https:\/\/agenciainfra.com\/blog\/","name":"Ag\u00eancia iNFRA","description":"Multiplataforma de informa\u00e7\u00e3o jornal\u00edstica refer\u00eancia na \u00e1rea de infraestrutura no Brasil!","publisher":{"@id":"https:\/\/agenciainfra.com\/blog\/#organization"},"potentialAction":[{"@type":"SearchAction","target":{"@type":"EntryPoint","urlTemplate":"https:\/\/agenciainfra.com\/blog\/?s={search_term_string}"},"query-input":{"@type":"PropertyValueSpecification","valueRequired":true,"valueName":"search_term_string"}}],"inLanguage":"pt-BR"},{"@type":"Organization","@id":"https:\/\/agenciainfra.com\/blog\/#organization","name":"Ag\u00eancia iNFRA","url":"https:\/\/agenciainfra.com\/blog\/","logo":{"@type":"ImageObject","inLanguage":"pt-BR","@id":"https:\/\/agenciainfra.com\/blog\/#\/schema\/logo\/image\/","url":"https:\/\/agenciainfra.com\/blog\/wp-content\/uploads\/2023\/09\/iNFRA_5-e1761735885940.png","contentUrl":"https:\/\/agenciainfra.com\/blog\/wp-content\/uploads\/2023\/09\/iNFRA_5-e1761735885940.png","width":1672,"height":454,"caption":"Ag\u00eancia iNFRA"},"image":{"@id":"https:\/\/agenciainfra.com\/blog\/#\/schema\/logo\/image\/"},"sameAs":["https:\/\/www.facebook.com\/ageninfra","https:\/\/x.com\/agencia_infra","https:\/\/www.linkedin.com\/company\/ag\u00eanciainfra\/","https:\/\/www.instagram.com\/agenciainfra\/"]},{"@type":"Person","@id":"https:\/\/agenciainfra.com\/blog\/#\/schema\/person\/04dbb79bd6d8951f063da71f3e4c1eb1","name":"Rodrigo Zuquim","image":{"@type":"ImageObject","inLanguage":"pt-BR","@id":"https:\/\/agenciainfra.com\/blog\/#\/schema\/person\/image\/","url":"https:\/\/secure.gravatar.com\/avatar\/594abfe82761d620726242ff34ca472a705a4b97f16c790053a6b4c4035274d0?s=96&d=mm&r=g","contentUrl":"https:\/\/secure.gravatar.com\/avatar\/594abfe82761d620726242ff34ca472a705a4b97f16c790053a6b4c4035274d0?s=96&d=mm&r=g","caption":"Rodrigo Zuquim"},"url":"https:\/\/agenciainfra.com\/blog\/author\/rodrigo-zuquim\/"}]}},"_links":{"self":[{"href":"https:\/\/agenciainfra.com\/blog\/wp-json\/wp\/v2\/posts\/5652","targetHints":{"allow":["GET"]}}],"collection":[{"href":"https:\/\/agenciainfra.com\/blog\/wp-json\/wp\/v2\/posts"}],"about":[{"href":"https:\/\/agenciainfra.com\/blog\/wp-json\/wp\/v2\/types\/post"}],"author":[{"embeddable":true,"href":"https:\/\/agenciainfra.com\/blog\/wp-json\/wp\/v2\/users\/9"}],"replies":[{"embeddable":true,"href":"https:\/\/agenciainfra.com\/blog\/wp-json\/wp\/v2\/comments?post=5652"}],"version-history":[{"count":0,"href":"https:\/\/agenciainfra.com\/blog\/wp-json\/wp\/v2\/posts\/5652\/revisions"}],"wp:featuredmedia":[{"embeddable":true,"href":"https:\/\/agenciainfra.com\/blog\/wp-json\/wp\/v2\/media\/5653"}],"wp:attachment":[{"href":"https:\/\/agenciainfra.com\/blog\/wp-json\/wp\/v2\/media?parent=5652"}],"wp:term":[{"taxonomy":"category","embeddable":true,"href":"https:\/\/agenciainfra.com\/blog\/wp-json\/wp\/v2\/categories?post=5652"},{"taxonomy":"post_tag","embeddable":true,"href":"https:\/\/agenciainfra.com\/blog\/wp-json\/wp\/v2\/tags?post=5652"}],"curies":[{"name":"wp","href":"https:\/\/api.w.org\/{rel}","templated":true}]}}