{"id":5666,"date":"2020-08-18T13:00:58","date_gmt":"2020-08-18T16:00:58","guid":{"rendered":"https:\/\/www.agenciainfra.com\/blog\/?p=5666"},"modified":"2020-08-17T20:11:46","modified_gmt":"2020-08-17T23:11:46","slug":"infradebate-sanear-coletar-tratar-preservar-e-educar","status":"publish","type":"post","link":"https:\/\/agenciainfra.com\/blog\/infradebate-sanear-coletar-tratar-preservar-e-educar\/","title":{"rendered":"iNFRADebate: Sanear, coletar, tratar, preservar e educar"},"content":{"rendered":"\n<p class=\"has-text-align-right\"><strong>Abel Holtz*<\/strong><\/p>\n\n\n\n<p><em>Regozijo por ter a maior reserva de \u00e1gua doce do mundo exige responsabilidade por mant\u00ea-la<\/em><\/p>\n\n\n\n<p>Me recordo que pelos idos dos anos de 1948\/ 49 as \u00e1guas servidas eram canalizadas at\u00e9 o ponto mais pr\u00f3ximo ao curso d\u2019\u00e1gua nas cercanias das habita\u00e7\u00f5es enquanto o esgoto sanit\u00e1rio era levado a fossas escavadas nos quintais das resid\u00eancias e em outros casos havia estruturas por sobre os cursos d\u2019\u00e1gua de onde eram expurgados diretamente os dejetos. Nessa mesma \u00e9poca, a \u00e1gua era vendida pelos \u201caguadeiros\u201d que abasteciam as resid\u00eancias com \u00e1gua de beber que eram depositadas em \u201cporr\u00f5es\u201d de argila enquanto a \u00e1gua para banho era depositada em ton\u00e9is.\u00a0J\u00e1 pelos anos 1950\/52 j\u00e1 havia distribui\u00e7\u00e3o de\u201d \u00e1gua encanada\u201d \u00e0s resid\u00eancias e as \u00e1guas servidas e\/ou as sanit\u00e1rias das resid\u00eancias eram conduzidas para a mesma canaliza\u00e7\u00e3o que descia ao longo das ribanceiras at\u00e9 os cursos d\u2019\u00e1gua mais pr\u00f3ximos. Em alguns casos nem se sabia onde seria despejada, bastava ligar as canaliza\u00e7\u00f5es a um sumidouro. O aparente benef\u00edcio de ter \u00e1gua encanada teve em consequ\u00eancia o aumento do volume de esgotos que chegavam aos cursos d\u2019\u00e1gua causando alguns contratempos ao seu fluxo pois j\u00e1 havia animais mortos e objetos outros desprezados.<\/p>\n\n\n\n<p>Os anos seguintes n\u00e3o foram diferentes em nenhuma \u00e1rea do territ\u00f3rio nacional. Inclusive em algumas unidades da federa\u00e7\u00e3o foram criados programas de financiamento para instala\u00e7\u00e3o de \u00e1gua tratada em diferentes estados com verbas de entidades, como exemplo a Ceplac. Nesse momento, muitos sistemas de suprimento de \u00e1gua foram constru\u00eddos com a perfura\u00e7\u00e3o de po\u00e7os artesianos que nem tratamento precisavam, pois \u00e1gua do subsolo j\u00e1 tinha sido submetida a camadas e camadas de terrenos que a purificavam.<\/p>\n\n\n\n<p>Mais recentemente, o governo resolveu incentivar a privatiza\u00e7\u00e3o dos sistemas de coleta e tratamento de esgotos de forma pontual, muitos projetos foram levados a concess\u00f5es privadas e nem em todos houve a obriga\u00e7\u00e3o da constru\u00e7\u00e3o de esta\u00e7\u00f5es de tratamento dos efluentes.<\/p>\n\n\n\n<p>Construir sistemas de coleta de esgotos, lev\u00e1-los a uma esta\u00e7\u00e3o de tratamento, trat\u00e1-lo e dar destino aos efluentes e ao material s\u00f3lido que termina por aparecer ap\u00f3s secagem do material n\u00e3o \u00e9 um programa de um governo de 4 anos, \u00e9 um programa nacional, cuja implanta\u00e7\u00e3o levar\u00e1 d\u00e9cadas com benef\u00edcios de toda ordem, al\u00e9m da sa\u00fade, at\u00e9 a produ\u00e7\u00e3o de energia el\u00e9trica, por exemplo. Acoplado a este programa, sensibilizar a nossa popula\u00e7\u00e3o a n\u00e3o despejar nos esgotos ou cursos d\u2019\u00e1gua de estofados, material inserv\u00edvel a eles, at\u00e9 carca\u00e7as de ve\u00edculos que pioram as condi\u00e7\u00f5es dos cursos d\u2019agua a jusante desses locais, tem que fazer parte do programa de saneamento, ou seja, a educa\u00e7\u00e3o pela informa\u00e7\u00e3o do que deve ser respeitado.\u00a0Quando se instala um programa de saneamento h\u00e1 que se considerar n\u00e3o s\u00f3 os munic\u00edpios ao longo do caminhamento do curso d\u2019\u00e1gua, mas, sobretudo, tem que se considerar a bacia dos cursos d\u2019\u00e1gua desde a nascente at\u00e9 a sua foz. As cidades e comunidades ao longo da bacia t\u00eam que ter comportamentos id\u00eanticos quanto \u00e0 preserva\u00e7\u00e3o do curso d\u2019\u00e1gua, sua vida, tratando seus esgotos, protegendo animais que nele sobrevivem e o abastecimento das comunidades a jusante. Se assim procederem, o custo para os programas de saneamento ser\u00e3o muito menores e a preserva\u00e7\u00e3o do curso d\u2019\u00e1gua ser\u00e1 uma realidade. A qualidade da \u00e1gua captada para abastecimento tamb\u00e9m melhorar\u00e1, baixando os custos com seu tratamento. Exemplo recente de descaso com corpos d\u2019\u00e1gua e sua consequ\u00eancia na qualidade da \u00e1gua tratada est\u00e1 na bacia do rio Guandu e o caso da geosmina da Cedae em 2019.<\/p>\n\n\n\n<p>Em vista da realidade constatada \u00e0 uma dada \u00e9poca, o governo, d\u00e9cadas atr\u00e1s, buscando criar condi\u00e7\u00f5es para um programa real de saneamento, n\u00e3o s\u00f3 de fornecimento de \u00e1gua tratada, resolveu criar o Planasa (Plano Nacional de Saneamento) com a lideran\u00e7a do ent\u00e3o BNDE (Banco Nacional de Desenvolvimento).<\/p>\n\n\n\n<p>Nesse momento, em algumas das grandes cidades litor\u00e2neas, j\u00e1 tinham sido constru\u00eddas algumas redes de coleta, esta\u00e7\u00f5es de tratamento e at\u00e9 emiss\u00e1rios submarinos para despejar o esgoto \u201csemi tratado\u201d longe da costa, mas dissolvendo a sujeira no mar, somente.\u00a0<\/p>\n\n\n\n<p>Mas mesmo sendo necess\u00e1rio e se constituindo num embri\u00e3o de um programa de responsabilidade, formalmente h\u00e1 poucos os exemplos de consecu\u00e7\u00e3o a registrar. No interior de nosso territ\u00f3rio essa alternativa nem passou por perto, nem foi pensada. Algumas capitais interioranas, inclusive as mais populosas do pa\u00eds, continuam enfrentando o problema ainda de forma primitiva. Basta ver os rios Tiet\u00ea e Pinheiros, lagoa do Marapendi, a Ba\u00eda de Guanabara, Rio das Tripas, Rio Beberibe, para citar alguns casos.<\/p>\n\n\n\n<p>Infelizmente, coletar, tratar esgotos e realizar um programa educacional exige tempo que ultrapassa mandatos, recursos que nem sempre est\u00e3o estruturados e sua exist\u00eancia n\u00e3o \u00e9 vis\u00edvel. Pol\u00edticos gostam que a popula\u00e7\u00e3o veja suas \u201crealiza\u00e7\u00f5es\u201d e esgoto est\u00e1 enterrado e n\u00e3o \u00e9 vis\u00edvel. As esta\u00e7\u00f5es de tratamento tamb\u00e9m ficam \u00e0 dist\u00e2ncia.<\/p>\n\n\n\n<p>Quando o governo atual retorna ao tema aprovando o Marco do Saneamento como um dos pilares de desenvolvimento do seu governo, h\u00e1 que consolidar que o programa de saneamento inclu\u00eddo no programa da infraestrutura para recupera\u00e7\u00e3o da economia, ap\u00f3s pandemia, exige um programa de Estado, incluindo informa\u00e7\u00e3o para conhecimento e educa\u00e7\u00e3o da nossa sociedade, pois h\u00e1 mais de 40 anos o tema \u00e9 lembrado, mas n\u00e3o resolvido. E, sem a participa\u00e7\u00e3o efetiva dos cidad\u00e3os, o custo ser\u00e1 muito alto e o programa ser\u00e1 intermitente. Bem como integrar o programa considerando as bacias dos cursos d\u2019agua, pois n\u00e3o adianta que um munic\u00edpio construa os sistemas e outros a montante ou a jusante n\u00e3o o fa\u00e7am.<\/p>\n\n\n\n<p>A aus\u00eancia desse servi\u00e7o poder\u00e1 trazer novas pragas, doen\u00e7as, prolifera\u00e7\u00e3o de ratos, pestes, e o Covid-19 est\u00e1 a\u00ed para demonstrar as consequ\u00eancias. Mas \u00e9 sumamente importante que a popula\u00e7\u00e3o seja informada e educada para que o sistema funcione a contento.<\/p>\n\n\n\n<h6 class=\"wp-block-heading\"><strong>*Abel Holtz \u00e9 consultor e diretor da Abel Holtz &amp; Associados.<\/strong><\/h6>\n\n\n\n<h5 class=\"wp-block-heading\">O iNFRADebate \u00e9 o espa\u00e7o de artigos da Ag\u00eancia iNFRA com opini\u00f5es de seus atores que n\u00e3o refletem necessariamente o pensamento da Ag\u00eancia iNFRA, sendo de total responsabilidade do autor as informa\u00e7\u00f5es, ju\u00edzos de valor e conceitos descritos no texto.<\/h5>\n","protected":false},"excerpt":{"rendered":"<p>Abel Holtz* Regozijo por ter a maior reserva de \u00e1gua doce do mundo exige responsabilidade por mant\u00ea-la Me recordo que pelos idos dos anos de 1948\/ 49 as \u00e1guas servidas eram canalizadas at\u00e9 o ponto mais pr\u00f3ximo ao curso d\u2019\u00e1gua nas cercanias das habita\u00e7\u00f5es enquanto o esgoto sanit\u00e1rio era levado a fossas escavadas nos quintais [&hellip;]<\/p>\n","protected":false},"author":9,"featured_media":5667,"comment_status":"closed","ping_status":"closed","sticky":false,"template":"","format":"standard","meta":{"_monsterinsights_skip_tracking":false,"_monsterinsights_sitenote_active":false,"_monsterinsights_sitenote_note":"","_monsterinsights_sitenote_category":0,"footnotes":""},"categories":[1,11],"tags":[2491,661,47,1397,51,179],"class_list":["post-5666","post","type-post","status-publish","format-standard","has-post-thumbnail","hentry","category-geral","category-infradebate","tag-abel-holtz","tag-esgoto","tag-governo","tag-marco-do-saneamento","tag-privatizacao","tag-saneamento"],"yoast_head":"<!-- This site is optimized with the Yoast SEO Premium plugin v25.4 (Yoast SEO v26.0) - https:\/\/yoast.com\/wordpress\/plugins\/seo\/ -->\n<title>iNFRADebate: Sanear, coletar, tratar, preservar e educar - Ag\u00eancia iNFRA<\/title>\n<meta name=\"robots\" content=\"index, follow, max-snippet:-1, max-image-preview:large, max-video-preview:-1\" \/>\n<link rel=\"canonical\" href=\"https:\/\/agenciainfra.com\/blog\/infradebate-sanear-coletar-tratar-preservar-e-educar\/\" \/>\n<meta property=\"og:locale\" content=\"pt_BR\" \/>\n<meta property=\"og:type\" content=\"article\" \/>\n<meta property=\"og:title\" content=\"iNFRADebate: Sanear, coletar, tratar, preservar e educar\" \/>\n<meta property=\"og:description\" content=\"Abel Holtz* Regozijo por ter a maior reserva de \u00e1gua doce do mundo exige responsabilidade por mant\u00ea-la Me recordo que pelos idos dos anos de 1948\/ 49 as \u00e1guas servidas eram canalizadas at\u00e9 o ponto mais pr\u00f3ximo ao curso d\u2019\u00e1gua nas cercanias das habita\u00e7\u00f5es enquanto o esgoto sanit\u00e1rio era levado a fossas escavadas nos quintais [&hellip;]\" \/>\n<meta property=\"og:url\" content=\"https:\/\/agenciainfra.com\/blog\/infradebate-sanear-coletar-tratar-preservar-e-educar\/\" \/>\n<meta property=\"og:site_name\" content=\"Ag\u00eancia iNFRA\" \/>\n<meta property=\"article:publisher\" content=\"https:\/\/www.facebook.com\/ageninfra\" \/>\n<meta property=\"article:published_time\" content=\"2020-08-18T16:00:58+00:00\" \/>\n<meta property=\"og:image\" content=\"https:\/\/agenciainfra.com\/blog\/wp-content\/uploads\/2020\/08\/tratamento-esgoto-foto-denio-simoes-agencia-brasilia.jpg\" \/>\n\t<meta property=\"og:image:width\" content=\"1280\" \/>\n\t<meta property=\"og:image:height\" content=\"853\" \/>\n\t<meta property=\"og:image:type\" content=\"image\/jpeg\" \/>\n<meta name=\"author\" content=\"Rodrigo Zuquim\" \/>\n<meta name=\"twitter:card\" content=\"summary_large_image\" \/>\n<meta name=\"twitter:creator\" content=\"@agencia_infra\" \/>\n<meta name=\"twitter:site\" content=\"@agencia_infra\" \/>\n<meta name=\"twitter:label1\" content=\"Escrito por\" \/>\n\t<meta name=\"twitter:data1\" content=\"Rodrigo Zuquim\" \/>\n\t<meta name=\"twitter:label2\" content=\"Est. tempo de leitura\" \/>\n\t<meta name=\"twitter:data2\" content=\"6 minutos\" \/>\n<script type=\"application\/ld+json\" class=\"yoast-schema-graph\">{\"@context\":\"https:\/\/schema.org\",\"@graph\":[{\"@type\":\"Article\",\"@id\":\"https:\/\/agenciainfra.com\/blog\/infradebate-sanear-coletar-tratar-preservar-e-educar\/#article\",\"isPartOf\":{\"@id\":\"https:\/\/agenciainfra.com\/blog\/infradebate-sanear-coletar-tratar-preservar-e-educar\/\"},\"author\":{\"name\":\"Rodrigo Zuquim\",\"@id\":\"https:\/\/agenciainfra.com\/blog\/#\/schema\/person\/04dbb79bd6d8951f063da71f3e4c1eb1\"},\"headline\":\"iNFRADebate: Sanear, coletar, tratar, preservar e educar\",\"datePublished\":\"2020-08-18T16:00:58+00:00\",\"mainEntityOfPage\":{\"@id\":\"https:\/\/agenciainfra.com\/blog\/infradebate-sanear-coletar-tratar-preservar-e-educar\/\"},\"wordCount\":1112,\"publisher\":{\"@id\":\"https:\/\/agenciainfra.com\/blog\/#organization\"},\"image\":{\"@id\":\"https:\/\/agenciainfra.com\/blog\/infradebate-sanear-coletar-tratar-preservar-e-educar\/#primaryimage\"},\"thumbnailUrl\":\"https:\/\/agenciainfra.com\/blog\/wp-content\/uploads\/2020\/08\/tratamento-esgoto-foto-denio-simoes-agencia-brasilia-e1747823791681.jpg\",\"keywords\":[\"Abel Holtz\",\"esgoto\",\"Governo\",\"marco do saneamento\",\"Privatiza\u00e7\u00e3o\",\"saneamento\"],\"articleSection\":[\"Geral\",\"iNFRADebate\"],\"inLanguage\":\"pt-BR\",\"copyrightYear\":\"2020\",\"copyrightHolder\":{\"@id\":\"https:\/\/agenciainfra.com\/blog\/#organization\"}},{\"@type\":\"WebPage\",\"@id\":\"https:\/\/agenciainfra.com\/blog\/infradebate-sanear-coletar-tratar-preservar-e-educar\/\",\"url\":\"https:\/\/agenciainfra.com\/blog\/infradebate-sanear-coletar-tratar-preservar-e-educar\/\",\"name\":\"iNFRADebate: Sanear, coletar, tratar, preservar e educar - Ag\u00eancia iNFRA\",\"isPartOf\":{\"@id\":\"https:\/\/agenciainfra.com\/blog\/#website\"},\"primaryImageOfPage\":{\"@id\":\"https:\/\/agenciainfra.com\/blog\/infradebate-sanear-coletar-tratar-preservar-e-educar\/#primaryimage\"},\"image\":{\"@id\":\"https:\/\/agenciainfra.com\/blog\/infradebate-sanear-coletar-tratar-preservar-e-educar\/#primaryimage\"},\"thumbnailUrl\":\"https:\/\/agenciainfra.com\/blog\/wp-content\/uploads\/2020\/08\/tratamento-esgoto-foto-denio-simoes-agencia-brasilia-e1747823791681.jpg\",\"datePublished\":\"2020-08-18T16:00:58+00:00\",\"breadcrumb\":{\"@id\":\"https:\/\/agenciainfra.com\/blog\/infradebate-sanear-coletar-tratar-preservar-e-educar\/#breadcrumb\"},\"inLanguage\":\"pt-BR\",\"potentialAction\":[{\"@type\":\"ReadAction\",\"target\":[\"https:\/\/agenciainfra.com\/blog\/infradebate-sanear-coletar-tratar-preservar-e-educar\/\"]}]},{\"@type\":\"ImageObject\",\"inLanguage\":\"pt-BR\",\"@id\":\"https:\/\/agenciainfra.com\/blog\/infradebate-sanear-coletar-tratar-preservar-e-educar\/#primaryimage\",\"url\":\"https:\/\/agenciainfra.com\/blog\/wp-content\/uploads\/2020\/08\/tratamento-esgoto-foto-denio-simoes-agencia-brasilia-e1747823791681.jpg\",\"contentUrl\":\"https:\/\/agenciainfra.com\/blog\/wp-content\/uploads\/2020\/08\/tratamento-esgoto-foto-denio-simoes-agencia-brasilia-e1747823791681.jpg\",\"width\":1280,\"height\":766,\"caption\":\"Foto: Denio Sim\u00f5es\/Ag\u00eancia Bras\u00edlia\"},{\"@type\":\"BreadcrumbList\",\"@id\":\"https:\/\/agenciainfra.com\/blog\/infradebate-sanear-coletar-tratar-preservar-e-educar\/#breadcrumb\",\"itemListElement\":[{\"@type\":\"ListItem\",\"position\":1,\"name\":\"In\u00edcio\",\"item\":\"https:\/\/agenciainfra.com\/blog\/\"},{\"@type\":\"ListItem\",\"position\":2,\"name\":\"iNFRADebate: Sanear, coletar, tratar, preservar e educar\"}]},{\"@type\":\"WebSite\",\"@id\":\"https:\/\/agenciainfra.com\/blog\/#website\",\"url\":\"https:\/\/agenciainfra.com\/blog\/\",\"name\":\"Ag\u00eancia iNFRA\",\"description\":\"Multiplataforma de informa\u00e7\u00e3o jornal\u00edstica refer\u00eancia na \u00e1rea de infraestrutura no Brasil!\",\"publisher\":{\"@id\":\"https:\/\/agenciainfra.com\/blog\/#organization\"},\"potentialAction\":[{\"@type\":\"SearchAction\",\"target\":{\"@type\":\"EntryPoint\",\"urlTemplate\":\"https:\/\/agenciainfra.com\/blog\/?s={search_term_string}\"},\"query-input\":{\"@type\":\"PropertyValueSpecification\",\"valueRequired\":true,\"valueName\":\"search_term_string\"}}],\"inLanguage\":\"pt-BR\"},{\"@type\":\"Organization\",\"@id\":\"https:\/\/agenciainfra.com\/blog\/#organization\",\"name\":\"Ag\u00eancia iNFRA\",\"url\":\"https:\/\/agenciainfra.com\/blog\/\",\"logo\":{\"@type\":\"ImageObject\",\"inLanguage\":\"pt-BR\",\"@id\":\"https:\/\/agenciainfra.com\/blog\/#\/schema\/logo\/image\/\",\"url\":\"https:\/\/agenciainfra.com\/blog\/wp-content\/uploads\/2023\/09\/iNFRA_5-e1761735885940.png\",\"contentUrl\":\"https:\/\/agenciainfra.com\/blog\/wp-content\/uploads\/2023\/09\/iNFRA_5-e1761735885940.png\",\"width\":1672,\"height\":454,\"caption\":\"Ag\u00eancia iNFRA\"},\"image\":{\"@id\":\"https:\/\/agenciainfra.com\/blog\/#\/schema\/logo\/image\/\"},\"sameAs\":[\"https:\/\/www.facebook.com\/ageninfra\",\"https:\/\/x.com\/agencia_infra\",\"https:\/\/www.linkedin.com\/company\/ag\u00eanciainfra\/\",\"https:\/\/www.instagram.com\/agenciainfra\/\"]},{\"@type\":\"Person\",\"@id\":\"https:\/\/agenciainfra.com\/blog\/#\/schema\/person\/04dbb79bd6d8951f063da71f3e4c1eb1\",\"name\":\"Rodrigo Zuquim\",\"image\":{\"@type\":\"ImageObject\",\"inLanguage\":\"pt-BR\",\"@id\":\"https:\/\/agenciainfra.com\/blog\/#\/schema\/person\/image\/\",\"url\":\"https:\/\/secure.gravatar.com\/avatar\/594abfe82761d620726242ff34ca472a705a4b97f16c790053a6b4c4035274d0?s=96&d=mm&r=g\",\"contentUrl\":\"https:\/\/secure.gravatar.com\/avatar\/594abfe82761d620726242ff34ca472a705a4b97f16c790053a6b4c4035274d0?s=96&d=mm&r=g\",\"caption\":\"Rodrigo Zuquim\"},\"url\":\"https:\/\/agenciainfra.com\/blog\/author\/rodrigo-zuquim\/\"}]}<\/script>\n<!-- \/ Yoast SEO Premium plugin. -->","yoast_head_json":{"title":"iNFRADebate: Sanear, coletar, tratar, preservar e educar - Ag\u00eancia iNFRA","robots":{"index":"index","follow":"follow","max-snippet":"max-snippet:-1","max-image-preview":"max-image-preview:large","max-video-preview":"max-video-preview:-1"},"canonical":"https:\/\/agenciainfra.com\/blog\/infradebate-sanear-coletar-tratar-preservar-e-educar\/","og_locale":"pt_BR","og_type":"article","og_title":"iNFRADebate: Sanear, coletar, tratar, preservar e educar","og_description":"Abel Holtz* Regozijo por ter a maior reserva de \u00e1gua doce do mundo exige responsabilidade por mant\u00ea-la Me recordo que pelos idos dos anos de 1948\/ 49 as \u00e1guas servidas eram canalizadas at\u00e9 o ponto mais pr\u00f3ximo ao curso d\u2019\u00e1gua nas cercanias das habita\u00e7\u00f5es enquanto o esgoto sanit\u00e1rio era levado a fossas escavadas nos quintais [&hellip;]","og_url":"https:\/\/agenciainfra.com\/blog\/infradebate-sanear-coletar-tratar-preservar-e-educar\/","og_site_name":"Ag\u00eancia iNFRA","article_publisher":"https:\/\/www.facebook.com\/ageninfra","article_published_time":"2020-08-18T16:00:58+00:00","og_image":[{"width":1280,"height":853,"url":"https:\/\/agenciainfra.com\/blog\/wp-content\/uploads\/2020\/08\/tratamento-esgoto-foto-denio-simoes-agencia-brasilia.jpg","type":"image\/jpeg"}],"author":"Rodrigo Zuquim","twitter_card":"summary_large_image","twitter_creator":"@agencia_infra","twitter_site":"@agencia_infra","twitter_misc":{"Escrito por":"Rodrigo Zuquim","Est. tempo de leitura":"6 minutos"},"schema":{"@context":"https:\/\/schema.org","@graph":[{"@type":"Article","@id":"https:\/\/agenciainfra.com\/blog\/infradebate-sanear-coletar-tratar-preservar-e-educar\/#article","isPartOf":{"@id":"https:\/\/agenciainfra.com\/blog\/infradebate-sanear-coletar-tratar-preservar-e-educar\/"},"author":{"name":"Rodrigo Zuquim","@id":"https:\/\/agenciainfra.com\/blog\/#\/schema\/person\/04dbb79bd6d8951f063da71f3e4c1eb1"},"headline":"iNFRADebate: Sanear, coletar, tratar, preservar e educar","datePublished":"2020-08-18T16:00:58+00:00","mainEntityOfPage":{"@id":"https:\/\/agenciainfra.com\/blog\/infradebate-sanear-coletar-tratar-preservar-e-educar\/"},"wordCount":1112,"publisher":{"@id":"https:\/\/agenciainfra.com\/blog\/#organization"},"image":{"@id":"https:\/\/agenciainfra.com\/blog\/infradebate-sanear-coletar-tratar-preservar-e-educar\/#primaryimage"},"thumbnailUrl":"https:\/\/agenciainfra.com\/blog\/wp-content\/uploads\/2020\/08\/tratamento-esgoto-foto-denio-simoes-agencia-brasilia-e1747823791681.jpg","keywords":["Abel Holtz","esgoto","Governo","marco do saneamento","Privatiza\u00e7\u00e3o","saneamento"],"articleSection":["Geral","iNFRADebate"],"inLanguage":"pt-BR","copyrightYear":"2020","copyrightHolder":{"@id":"https:\/\/agenciainfra.com\/blog\/#organization"}},{"@type":"WebPage","@id":"https:\/\/agenciainfra.com\/blog\/infradebate-sanear-coletar-tratar-preservar-e-educar\/","url":"https:\/\/agenciainfra.com\/blog\/infradebate-sanear-coletar-tratar-preservar-e-educar\/","name":"iNFRADebate: Sanear, coletar, tratar, preservar e educar - Ag\u00eancia iNFRA","isPartOf":{"@id":"https:\/\/agenciainfra.com\/blog\/#website"},"primaryImageOfPage":{"@id":"https:\/\/agenciainfra.com\/blog\/infradebate-sanear-coletar-tratar-preservar-e-educar\/#primaryimage"},"image":{"@id":"https:\/\/agenciainfra.com\/blog\/infradebate-sanear-coletar-tratar-preservar-e-educar\/#primaryimage"},"thumbnailUrl":"https:\/\/agenciainfra.com\/blog\/wp-content\/uploads\/2020\/08\/tratamento-esgoto-foto-denio-simoes-agencia-brasilia-e1747823791681.jpg","datePublished":"2020-08-18T16:00:58+00:00","breadcrumb":{"@id":"https:\/\/agenciainfra.com\/blog\/infradebate-sanear-coletar-tratar-preservar-e-educar\/#breadcrumb"},"inLanguage":"pt-BR","potentialAction":[{"@type":"ReadAction","target":["https:\/\/agenciainfra.com\/blog\/infradebate-sanear-coletar-tratar-preservar-e-educar\/"]}]},{"@type":"ImageObject","inLanguage":"pt-BR","@id":"https:\/\/agenciainfra.com\/blog\/infradebate-sanear-coletar-tratar-preservar-e-educar\/#primaryimage","url":"https:\/\/agenciainfra.com\/blog\/wp-content\/uploads\/2020\/08\/tratamento-esgoto-foto-denio-simoes-agencia-brasilia-e1747823791681.jpg","contentUrl":"https:\/\/agenciainfra.com\/blog\/wp-content\/uploads\/2020\/08\/tratamento-esgoto-foto-denio-simoes-agencia-brasilia-e1747823791681.jpg","width":1280,"height":766,"caption":"Foto: Denio Sim\u00f5es\/Ag\u00eancia Bras\u00edlia"},{"@type":"BreadcrumbList","@id":"https:\/\/agenciainfra.com\/blog\/infradebate-sanear-coletar-tratar-preservar-e-educar\/#breadcrumb","itemListElement":[{"@type":"ListItem","position":1,"name":"In\u00edcio","item":"https:\/\/agenciainfra.com\/blog\/"},{"@type":"ListItem","position":2,"name":"iNFRADebate: Sanear, coletar, tratar, preservar e educar"}]},{"@type":"WebSite","@id":"https:\/\/agenciainfra.com\/blog\/#website","url":"https:\/\/agenciainfra.com\/blog\/","name":"Ag\u00eancia iNFRA","description":"Multiplataforma de informa\u00e7\u00e3o jornal\u00edstica refer\u00eancia na \u00e1rea de infraestrutura no Brasil!","publisher":{"@id":"https:\/\/agenciainfra.com\/blog\/#organization"},"potentialAction":[{"@type":"SearchAction","target":{"@type":"EntryPoint","urlTemplate":"https:\/\/agenciainfra.com\/blog\/?s={search_term_string}"},"query-input":{"@type":"PropertyValueSpecification","valueRequired":true,"valueName":"search_term_string"}}],"inLanguage":"pt-BR"},{"@type":"Organization","@id":"https:\/\/agenciainfra.com\/blog\/#organization","name":"Ag\u00eancia iNFRA","url":"https:\/\/agenciainfra.com\/blog\/","logo":{"@type":"ImageObject","inLanguage":"pt-BR","@id":"https:\/\/agenciainfra.com\/blog\/#\/schema\/logo\/image\/","url":"https:\/\/agenciainfra.com\/blog\/wp-content\/uploads\/2023\/09\/iNFRA_5-e1761735885940.png","contentUrl":"https:\/\/agenciainfra.com\/blog\/wp-content\/uploads\/2023\/09\/iNFRA_5-e1761735885940.png","width":1672,"height":454,"caption":"Ag\u00eancia iNFRA"},"image":{"@id":"https:\/\/agenciainfra.com\/blog\/#\/schema\/logo\/image\/"},"sameAs":["https:\/\/www.facebook.com\/ageninfra","https:\/\/x.com\/agencia_infra","https:\/\/www.linkedin.com\/company\/ag\u00eanciainfra\/","https:\/\/www.instagram.com\/agenciainfra\/"]},{"@type":"Person","@id":"https:\/\/agenciainfra.com\/blog\/#\/schema\/person\/04dbb79bd6d8951f063da71f3e4c1eb1","name":"Rodrigo Zuquim","image":{"@type":"ImageObject","inLanguage":"pt-BR","@id":"https:\/\/agenciainfra.com\/blog\/#\/schema\/person\/image\/","url":"https:\/\/secure.gravatar.com\/avatar\/594abfe82761d620726242ff34ca472a705a4b97f16c790053a6b4c4035274d0?s=96&d=mm&r=g","contentUrl":"https:\/\/secure.gravatar.com\/avatar\/594abfe82761d620726242ff34ca472a705a4b97f16c790053a6b4c4035274d0?s=96&d=mm&r=g","caption":"Rodrigo Zuquim"},"url":"https:\/\/agenciainfra.com\/blog\/author\/rodrigo-zuquim\/"}]}},"_links":{"self":[{"href":"https:\/\/agenciainfra.com\/blog\/wp-json\/wp\/v2\/posts\/5666","targetHints":{"allow":["GET"]}}],"collection":[{"href":"https:\/\/agenciainfra.com\/blog\/wp-json\/wp\/v2\/posts"}],"about":[{"href":"https:\/\/agenciainfra.com\/blog\/wp-json\/wp\/v2\/types\/post"}],"author":[{"embeddable":true,"href":"https:\/\/agenciainfra.com\/blog\/wp-json\/wp\/v2\/users\/9"}],"replies":[{"embeddable":true,"href":"https:\/\/agenciainfra.com\/blog\/wp-json\/wp\/v2\/comments?post=5666"}],"version-history":[{"count":0,"href":"https:\/\/agenciainfra.com\/blog\/wp-json\/wp\/v2\/posts\/5666\/revisions"}],"wp:featuredmedia":[{"embeddable":true,"href":"https:\/\/agenciainfra.com\/blog\/wp-json\/wp\/v2\/media\/5667"}],"wp:attachment":[{"href":"https:\/\/agenciainfra.com\/blog\/wp-json\/wp\/v2\/media?parent=5666"}],"wp:term":[{"taxonomy":"category","embeddable":true,"href":"https:\/\/agenciainfra.com\/blog\/wp-json\/wp\/v2\/categories?post=5666"},{"taxonomy":"post_tag","embeddable":true,"href":"https:\/\/agenciainfra.com\/blog\/wp-json\/wp\/v2\/tags?post=5666"}],"curies":[{"name":"wp","href":"https:\/\/api.w.org\/{rel}","templated":true}]}}