{"id":5677,"date":"2020-08-19T13:00:00","date_gmt":"2020-08-19T16:00:00","guid":{"rendered":"https:\/\/www.agenciainfra.com\/blog\/?p=5677"},"modified":"2020-08-18T15:06:02","modified_gmt":"2020-08-18T18:06:02","slug":"infradebate-uma-alternativa-amigavel-para-o-porto-de-santos-e-a-baixada-santista","status":"publish","type":"post","link":"https:\/\/agenciainfra.com\/blog\/infradebate-uma-alternativa-amigavel-para-o-porto-de-santos-e-a-baixada-santista\/","title":{"rendered":"iNFRADebate: Uma alternativa amig\u00e1vel para o Porto de Santos e a Baixada Santista"},"content":{"rendered":"\n<p class=\"has-text-align-right\"><strong>Frederico Bussinger*<\/strong><\/p>\n\n\n\n<p class=\"has-text-align-right\"><em>\u201cO segredo do sucesso n\u00e3o \u00e9 prever o futuro. <br>\u00c9 prover, no presente, certas condi\u00e7\u00f5es <br>para prosperar no futuro que n\u00e3o pode ser previsto\u201d<br><\/em>[Michael Hammer]<\/p>\n\n\n\n<p><em>\u201cO que n\u00e3o d\u00e1 para ser feito?<\/em><br><em>Mas, que se for feito, muda tudo!\u201d<\/em><br>[Joel Barker]<\/p>\n\n\n\n<p class=\"has-text-align-right\"><em>\u201cH\u00e1 momentos na vida dos povos em que <\/em><em><br><\/em><em>a falta mais grave dos membros da <\/em>intelligentsia<em> <\/em><em><br><\/em><em>\u00e9 a omiss\u00e3o\u201d<\/em><em><br><\/em>[Celso Furtado, que completaria 100 anos em julho]<\/p>\n\n\n\n<p>O primeiro plano diretor do Porto de Santos data de 1897. Balizou a expans\u00e3o das instala\u00e7\u00f5es da <a href=\"http:\/\/www.docas.com.br\/historia.html\">CDS<\/a> (Companhia Docas de Santos), entre Paquet\u00e1 e Outeirinhos, autorizada pelo <a href=\"https:\/\/www2.camara.leg.br\/legin\/fed\/decret\/1824-1899\/decreto-942-15-julho-1892-524199-publicacaooriginal-1-pe.html\">Decreto 942<\/a> (Cl\u00e1usulas IV e V).\u00a0<\/p>\n\n\n\n<p>Desde ent\u00e3o houve in\u00fameros. Vale destacar, por suas concep\u00e7\u00f5es que hoje seriam consideradas \u201c<em>disruptivas<\/em>\u201d, o de 1929 (com participa\u00e7\u00e3o de Prestes Maia, j\u00e1 prevendo a ocupa\u00e7\u00e3o da Margem Esquerda); o de 1951; 1969; 1976; e 1983.<\/p>\n\n\n\n<p>A <a href=\"http:\/\/www.planalto.gov.br\/ccivil_03\/leis\/l8630.htm\">Lei dos Portos<\/a> de 1993, j\u00e1 sob a \u00e9gide da Constitui\u00e7\u00e3o Federal vigente, impulsionou as profundas reformas portu\u00e1rias brasileiras do final do S\u00e9culo XX. Descentralizadora, estabeleceu o \u201c<em>Plano de Desenvolvimento e Zoneamento \u2013 PDZ<\/em>\u201d como referencial estrat\u00e9gico; plano a ser elaborado pela Autoridade-Administradora e aprovado pelo CAP (Conselho de Autoridade Portu\u00e1ria) (art. 30; X).<\/p>\n\n\n\n<p>Como parte da progressiva recentraliza\u00e7\u00e3o do processo decis\u00f3rio portu\u00e1rio surgiu o <a href=\"https:\/\/www.gov.br\/infraestrutura\/pt-br\/assuntos\/politica-e-planejamento\/politica-e-planejamento\/plano-nacional-de-logistica-portuaria-pnlp\">PNLP<\/a> (Plano Nacional de Log\u00edstica Portu\u00e1ria) e, a seguir, Planos Mestres a n\u00edvel local. Tamb\u00e9m o <a href=\"https:\/\/www.gov.br\/infraestrutura\/pt-br\/assuntos\/politica-e-planejamento\/politica-e-planejamento\/plano-geral-de-outorgas-portuarias-pgo\">PGO<\/a> (Plano Geral de Outorgas), <a href=\"https:\/\/www.epl.gov.br\/plano-nacional-de-logistica-pnl\">PNL<\/a> (Plano Nacional de Log\u00edstica) e EVTEAs (Estudos de Viabilidade T\u00e9cnica, Econ\u00f4mica e Ambiental) para arrendamentos, que tornaram-se obrigat\u00f3rios; estudos que, apesar de deverem ser baseados no respectivo PDZ, geralmente inovam em defini\u00e7\u00f5es estrat\u00e9gicas.<\/p>\n\n\n\n<p>Ante as superposi\u00e7\u00f5es dos diversos instrumentos, muitas vezes expondo lacunas e conflitos, o Minfra (Minist\u00e9rio da Infraestrutura) vem de regulamentar o papel de cada um dos <em>\u201c<\/em><a href=\"https:\/\/www.atribuna.com.br\/noticias\/portoemar\/frederico-bussinger-pdzs-sob-nova-norma-1.105662\"><em>instrumentos de planejamento<\/em><\/a><em>\u201d<\/em> e a intera\u00e7\u00e3o entre eles (<a href=\"http:\/\/www.in.gov.br\/en\/web\/dou\/-\/portaria-n-61-de-10-de-junho-de-2020-261494737\">Portaria 61, de 10 de junho de 2020<\/a>). Importante: PDZ \u00e9 o plano atinente ao Porto Organizado; j\u00e1 Plano Mestre \u00e9 do Complexo Portu\u00e1rio que, no caso santista, abrange todo o Estu\u00e1rio.<\/p>\n\n\n\n<p>O Porto de Santos vem, tamb\u00e9m, de ter sua <a href=\"https:\/\/www.atribuna.com.br\/noticias\/portoemar\/frederico-bussinger-poligonal-portu%C3%A1ria-qual-a-relev%C3%A2ncia-1.107485\">Poligonal<\/a> redefinida (<a href=\"https:\/\/www.portodesantos.com.br\/press-releases\/minfra-aprova-nova-poligonal-do-porto-de-santos-e-abre-caminho-para-aprovar-pdz\/\">Portaria Minfra 77\/20<\/a>): ela estabelece a abrang\u00eancia do Porto Organizado e, por conseguinte, a compet\u00eancia da respectiva Autoridade-Administradora. Em Santos, a <em>\u201cSantos Port Authority \u2013 SPA\u201d<\/em> (ex-Codesp).<\/p>\n\n\n\n<p>Com a publica\u00e7\u00e3o de nova vers\u00e3o do <a href=\"https:\/\/www.gov.br\/infraestrutura\/pt-br\/centrais-de-conteudo\/ssz-sumexec-p-simples-270219-pdf\">Plano Mestre do Complexo Portu\u00e1rio de Santos<\/a>, em abril de 2019, tornou-se imperiosa a revis\u00e3o do PDZ vigente: anunciado desde o in\u00edcio deste 2020, foi-se tomando conhecimento de ideias, diretrizes e defini\u00e7\u00f5es dele com revela\u00e7\u00f5es esparsas e a conta-gotas. E, sem nenhum real debate p\u00fablico ao longo de todo esse tempo, dia 28 de julho passado <a href=\"https:\/\/www.atribuna.com.br\/noticias\/portoemar\/minist%C3%A9rio-da-infraestrutura-aprova-novo-pdz-do-porto-de-santos-1.111491\">finalmente<\/a> saiu a <a href=\"https:\/\/pt.aleteia.org\/2020\/01\/22\/os-segredos-por-tras-da-fumaca-branca-e-preta-do-vaticano\/\">fumacinha branca<\/a>; por coincid\u00eancia um m\u00eas ap\u00f3s a defini\u00e7\u00e3o da nova <a href=\"https:\/\/www.atribuna.com.br\/noticias\/portoemar\/frederico-bussinger-poligonal-portu%C3%A1ria-qual-a-relev%C3%A2ncia-1.107485\">Poligonal<\/a>: foi publicada a <a href=\"http:\/\/www.in.gov.br\/en\/web\/dou\/-\/portaria-n-1.620-de-28-de-julho-de-2020-269159201\">Portaria Minfra 1.620\/20<\/a> e, posteriormente, o <a href=\"http:\/\/www.portodesantos.com.br\/wp_porto\/wp-content\/uploads\/2018\/02\/OneDrive_2020_07_08-2-1.zip?29072020\">texto<\/a> de 233 p\u00e1ginas.<\/p>\n\n\n\n<p><em>Releases<\/em> do Minfra e da SPA anunciaram o PDZ. De conte\u00fado similar, o da <a href=\"https:\/\/www.portodesantos.com.br\/press-releases\/destaque\/apos-15-anos-sem-planejamento-porto-de-santos-aprova-novo-pdz\/\">SPA<\/a> diferencia-se pelo t\u00edtulo: \u201c<em>Ap\u00f3s 15 anos sem planejamento, Porto de Santos aprova novo PDZ<\/em>\u201d. A imprecis\u00e3o do t\u00edtulo (quem aprova n\u00e3o \u00e9 nem o Porto nem a SPA, mas o Minfra) \u00e9 o de menos. Mais relevante, como informa\u00e7\u00e3o e para entendimento do processo, \u00e9 o esquecimento da \u201c<a href=\"http:\/\/www.lexmagister.com.br\/legis_27872917_PORTARIA_N_4058_DE_16_DE_SETEMBRO_DE_2019.aspx\"><em>atualiza\u00e7\u00e3o pontual e expedita<\/em><\/a>\u201d do PDZ\/2006, h\u00e1 menos de uma ano; de diversos \u201c<em>puxadinhos<\/em>\u201d ao longo desse per\u00edodo e, principalmente, do PDZ completo, aprovado pelo Consad e CAP em 2012, mas intrigantemente nunca publicado. Ou seja, sem avalia\u00e7\u00e3o de m\u00e9rito dos respectivos conte\u00fados, revis\u00f5es de planos t\u00eam sido peri\u00f3dicas no Porto de Santos: vis\u00f5es estrat\u00e9gicas, todavia, nem sempre!<\/p>\n\n\n\n<p><strong>O PDZ<\/strong><br>Os <em>releases<\/em>, em meio a cintilantes cen\u00e1rios de novos investimentos e postos de trabalho, tamb\u00e9m destacam, como objetivos concretos para 20 anos (p\u00e1ginas 79-104 do PDZ): cont\u00eaineres, mais 64% (de 5,4 milh\u00f5es para 8,7 milh\u00f5es TEU\/ano); gran\u00e9is s\u00f3lidos vegetais 37% (95,3 Mt\/ano); gran\u00e9is l\u00edquidos 40% (22,4 Mt\/ano); gran\u00e9is minerais 74% (16,5 Mt\/ano); e celulose 49% (10,5 Mt\/ano). Em suma, crescimento de capacidades instaladas e volumes movimentados nas instala\u00e7\u00f5es, dentro da Poligonal, em algo como 2\/3 dos indicadores de 2019 (80 Mt\/ano).<\/p>\n\n\n\n<p>Para alavanc\u00e1-los \u00e9 proposta \u201c<em>clusteriza\u00e7\u00e3o<\/em>\u201d (concentra\u00e7\u00e3o de terminais por tipo de carga: o velho e bom zoneamento \u2013 o \u201c<em>Z<\/em>\u201d do PDZ!). Prev\u00ea-se dois ber\u00e7os para descarga direta, entre Alemoa e Sabo\u00f3, e a principal aposta: rearranjos operacionais e na infraestrutura visando crescimento de 91% nos fluxos de\/para a hinterl\u00e2ndia via ferrovia (das atuais 45 para 86 Mt\/ano). Disso resultar\u00e1 nova matriz de transportes (p\u00e1gina 81): 40% ferro (hoje 33%); 47% rodo; 4% duto; e 9% transbordo.<\/p>\n\n\n\n<p>No horizonte do Plano Mestre (<a href=\"https:\/\/www.atribuna.com.br\/noticias\/portoemar\/porto-de-santos-crescer%C3%A1-110-at%C3%A9-2060-diz-estudo-1.48917\">2060<\/a>) a tend\u00eancia desses principais indicadores prossegue: crescimento da capacidade e movimenta\u00e7\u00e3o para 233,5 a 326,7 Mt\/a; e aumento de outras cerca de 40 Mt\/ano no modo ferrovi\u00e1rio (para 129 Mt\/a) \u2013 patamar tr\u00eas vezes superior ao atual (45 Mt\/ano).<\/p>\n\n\n\n<p>Todas s\u00e3o metas ambiciosas: grande desafio para os envolvidos nas opera\u00e7\u00f5es portu\u00e1rias. Mas, tamb\u00e9m, para os m\u00faltiplos atores das atividades associadas e autoridades locais. Mormente quanto aos impactos urbanos e ambientais; alguns qualitativamente j\u00e1 enunciados: remo\u00e7\u00f5es, desapropria\u00e7\u00f5es, realoca\u00e7\u00f5es, demoli\u00e7\u00f5es que, sabe-se, envolvem interesses diversos e distintas autoridades; nem sempre sintonizados em termos de prioridades e cronogramas.<\/p>\n\n\n\n<p>Ah! Uma aus\u00eancia sentida no conte\u00fado do PDZ aprovado foi a nova liga\u00e7\u00e3o seca trans-estuarina (t\u00fanel ou ponte); t\u00e3o discutida ano passado!&nbsp;<\/p>\n\n\n\n<p>Outros impactos j\u00e1 podem ser estimados, inclusive, quantitativamente. Por exemplo: s\u00f3 o crescimento de 80 Mt\/ano, nos pr\u00f3ximos 20 anos, contam\/dependem de expressivo aumento da velocidade m\u00e9dia de circula\u00e7\u00e3o dos trens na malha interna do Porto (hoje 5,7 km\/h! \u2013 p\u00e1gina 134); at\u00e9 para a quase duplica\u00e7\u00e3o da movimenta\u00e7\u00e3o ferrovi\u00e1ria. Ainda assim, tamb\u00e9m o fluxo rodovi\u00e1rio precisar\u00e1 crescer 27,7 Mt\/ano (37,8%); estes equivalentes a mais 2.530 carretas de 30 t por dia-calend\u00e1rio (21% do pico).\u00a0<\/p>\n\n\n\n<p>Em suma: a op\u00e7\u00e3o estrat\u00e9gica do novo PDZ, reverberando a do Plano Mestre, \u00e9 atender ao crescimento da demanda estimada com aumento de capacidades das instala\u00e7\u00f5es dentro da Poligonal. Para tanto, procura otimizar o espa\u00e7o existente e resolver gargalos. Ou seja, daqui a 40 anos, quando pouqu\u00edssimos dos que hoje nele trabalham ainda seguiriam em atividade, o Porto estaria ali mesmo: maior, mas ocupando \u00e1rea similar. Aumento quantitativo; mas pouca inova\u00e7\u00e3o estrat\u00e9gica!&nbsp;&nbsp;<\/p>\n\n\n\n<p><strong>H\u00e1 alternativa<\/strong><br>Quantitativamente, por\u00e9m, as demandas do Porto Organizado devem ficar aqu\u00e9m do estimado. Isso porque, provavelmente, as dificuldades e os desafios, exemplificados, as imped\u00e2ncias log\u00edsticas, os imperativos urbanos e ambientais estimular\u00e3o TUPs a se implantar \u00e0 montante da Ilha dos Bagres, de ambos os lados do Canal de Pia\u00e7aguera (p\u00e1ginas 148, 78 e 144): no \u201c<a href=\"https:\/\/www.atribuna.com.br\/noticias\/portoemar\/frederico-bussinger-porto-de-santos-o-novo-e-o-futuro-podem-estar-no-fund%C3%A3o-do-estu%C3%A1rio-1.109861\"><em>Fund\u00e3o do Estu\u00e1rio<\/em><\/a>\u201d.\u00a0<\/p>\n\n\n\n<p>Ali\u00e1s, o PDZ j\u00e1 antecipa essa tend\u00eancia ao registrar que a SPA pleiteou (p\u00e1gina 77) algumas das \u00e1reas no in\u00edcio do canal (planta na p\u00e1gina 78); mas o poder concedente (Minfra) n\u00e3o aquiesceu, justamente por estarem elas reservadas para TUPs. Por que, ent\u00e3o, n\u00e3o se ocupar o Estu\u00e1rio de forma planejada e coordenada?<\/p>\n\n\n\n<p>O Complexo Portu\u00e1rio santista tem uma caracter\u00edstica muito peculiar; ou seja, \u00e9 uma tripa, com aproximadamente 25 km de extens\u00e3o. J\u00e1 o Porto Organizado (\u00e1rea interior \u00e0 Poligonal) algo da ordem de 12-13km. Ou seja, do p\u00e9-da-Serra at\u00e9 ele a carga percorre (\u201c<em>passeia<\/em>\u201d?) por outros 12-13km do vi\u00e1rio e no tecido urbano da Regi\u00e3o Metropolitana da Baixada Santista: os terminais graneleiros, atualmente os maiores usu\u00e1rios da ferrovia, incidentalmente localizados na entrada do Porto, tanto na Margem Direita como Esquerda, acabam tendo que percorrer mais: 20-25 km. No caso da Margem Direita, utilizando as sobrecarregadas avenidas ou malha ferrovi\u00e1ria do Porto; esta hoje sob administra\u00e7\u00e3o da Portofer (contrato expirando).<\/p>\n\n\n\n<p>A pergunta \u00e9 inevit\u00e1vel: ao inv\u00e9s, n\u00e3o seria mais l\u00f3gico, eficiente, barato, urbana e ambientalmente amig\u00e1vel, e gerenci\u00e1vel <em>\u201cpoupar-se\u201d<\/em> o atual Porto Organizado (e o vi\u00e1rio de Santos e Guaruj\u00e1) da maior parte desses 80 Mt\/ano por meio de maior utiliza\u00e7\u00e3o do <em>\u201cFund\u00e3o do Estu\u00e1rio\u201d<\/em>?&nbsp;<\/p>\n\n\n\n<p>Particularmente gran\u00e9is s\u00f3lidos; vegetais e minerais (65,7 das 134 Mt em 2019)? Se desses algo como 40 Mt (pouco mais da metade) n\u00e3o precisarem chegar aos terminais da Ponta da Praia\/Macuco (Santos) e Vicente de Carvalho (Guaruj\u00e1), algo como 1 bilh\u00e3o TKU\/ano deixariam de circular pelos vi\u00e1rios da Baixada Santista!<\/p>\n\n\n\n<p>A ideia n\u00e3o \u00e9 in\u00e9dita: o Plano Diretor de 1983, visando maior articula\u00e7\u00e3o porto-ind\u00fastria, incluiu o \u201c<em>Sistema Portu\u00e1rio Industrial de Cubat\u00e3o &#8211; <\/em><a href=\"https:\/\/www.novomilenio.inf.br\/santos\/h0170.htm\"><em>SPIC<\/em><\/a>\u201d. O projeto acabou n\u00e3o indo adiante, entre outros motivos pelas caracter\u00edsticas ambientais de parte da regi\u00e3o (manguezais).&nbsp;<\/p>\n\n\n\n<p>Mas a tecnologia evoluiu muito nesses 40 anos, tanto dos navios como dos portos: se na \u00e9poca as instala\u00e7\u00f5es normalmente adotavam ber\u00e7os de atraca\u00e7\u00e3o, atualmente, a combina\u00e7\u00e3o dolfin\/p\u00eder com esteiras permite separar, at\u00e9 por kms, o armaz\u00e9m\/silo do ponto de atraca\u00e7\u00e3o do navio. A melhor analogia \u00e9 o ar-condicionado: antigamente o aparelho era \u00fanico. Atualmente o \u201c<em>Split System<\/em>\u201d possibilita separar-se o evaporador (unidade interna) do condensador (externa).\u00a0<\/p>\n\n\n\n<p>Um tal arranjo permitiria \u201c<em>pular-se<\/em>\u201d manguezais; algo muito relevante no Estu\u00e1rio de Santos e, com isso, minimizar-se os impactos ambientais. Tamb\u00e9m localizar a armazenagem em pontos onde a conex\u00e3o modal interior (ferrovia, hidrovia, rodovia) \u00e9 mais eficiente; mesmo distante do navio. H\u00e1 in\u00fameros <a href=\"https:\/\/www.portosenavios.com.br\/noticias\/portos-e-logistica\/cargill-tera-um-novo-terminal-fluvial-no-para\">exemplos<\/a> desse arranjo em portos brasileiros; inclusive no <a href=\"http:\/\/www.tgg.com.br\/fotos\">pr\u00f3prio Porto de Santos<\/a>!<\/p>\n\n\n\n<p>Outra vantagem \u00e9 que poderiam vir a ser utilizados terrenos mais baratos, pois distantes do espelho d&#8217;\u00e1gua, destinando-se os lindeiros ao Canal a quando for praticamente imprescind\u00edvel estar no \u201c<em>waterfront<\/em>\u201d (cont\u00eaineres, ve\u00edculos etc.): h\u00e1 in\u00fameras \u00e1reas hoje inocupadas que poderiam vir a ser utilizadas portuariamente.<\/p>\n\n\n\n<p>Acesso aquavi\u00e1rio? Se navios que calam at\u00e9 13,2 m podem chegar at\u00e9 o <a href=\"http:\/\/www.vli-logistica.com.br\/conheca-a-vli\/portos\/tiplam-sp\/\">Tiplam<\/a>, j\u00e1 localizado l\u00e1, por que outros pontos de p\u00eder ou boia de amarra\u00e7\u00e3o n\u00e3o podem ser implantados no \u201c<em>Fund\u00e3o do Estu\u00e1rio<\/em>\u201d? Incidentalmente nele, no p\u00e9-da-Serra, rodovias se articulam; ferrovias tamb\u00e9m: inclusive onde t\u00eam seus p\u00e1tios.&nbsp;<\/p>\n\n\n\n<p>Ademais, os novos terminais tendem a ser mais eficientes; seja de per si, seja sistemicamente: leiautes mais adequados \u00e0s novas tecnologias; equipamentos e sistemas mais atualizados; redu\u00e7\u00e3o de dist\u00e2ncias (ao porto) nos acessos terrestres; possibilidade de localiza\u00e7\u00e3o \u201c<em>em cima<\/em>\u201d da ferrovia e da hidrovia; acordos comerciais de m\u00e9dio\/longo prazo etc. Com isso, os investimentos (capex) tendem a ser menores; e tamb\u00e9m os opex (custos operacionais).<\/p>\n\n\n\n<p>Sim, h\u00e1 barreiras a transpor e quest\u00f5es a resolver. Tr\u00eas principais, mas com possibilidade de solu\u00e7\u00e3o:<\/p>\n\n\n\n<ul class=\"wp-block-list\"><li>\u00c1reas: Precisariam ser identificadas as \u00e1reas eleg\u00edveis e inclu\u00ed-las no Plano Mestre com tal fim: h\u00e1 bastante. As \u00e1reas privadas, em princ\u00edpio, seriam adquiridas em negocia\u00e7\u00e3o privado-privado. Mas, em sendo necess\u00e1rio, poder-se-ia utilizar o instrumento da \u201c<em>Declara\u00e7\u00e3o de Utilidade P\u00fablica \u2013 DUP<\/em>\u201d.<\/li><li>Transi\u00e7\u00e3o: Outorgas \u201c<em>greenfield<\/em>\u201d j\u00e1 seriam feitas com essa diretriz. Contratos vigentes, com possibilidade de prorroga\u00e7\u00e3o, seria antecipada e efetivada a prorroga\u00e7\u00e3o de imediato. Por\u00e9m condicionada \u00e0 transfer\u00eancia das opera\u00e7\u00f5es para um outro s\u00edtio (<em>\u201cgreenfield\u201d<\/em>) no prazo de \u201cn\u201d anos (por exemplo: 3; 5). Tudo, obviamente, explicitado no aditivo contratual a ser firmado. H\u00e1 necessidade de se fazer contas: mas estimam-se ganhos de opex t\u00e3o expressivos que possivelmente poderiam \u201c<em>bancar<\/em>\u201d os capex adicionais em prazo bem reduzido!<\/li><li>Tributos: Anteveem-se resist\u00eancias dos munic\u00edpios de Santos e Guaruj\u00e1 em fun\u00e7\u00e3o da potencial perda de receitas. Todavia pode-se cogitar de algum mecanismo compensat\u00f3rio. Ou, mesmo, o instrumento de \u201c<a href=\"https:\/\/www.cnm.org.br\/cms\/biblioteca_antiga\/Cons%C3%B3rcios%20p%C3%BAblicos%20intermunicipais%20-%20Uma%20alternativa%20%C3%A0%20gest%C3%A3o%20p%C3%BAblica.pdf\"><em>Cons\u00f3rcios P\u00fablicos<\/em><\/a>\u201d envolvendo os munic\u00edpios e, eventualmente, tamb\u00e9m estado e Uni\u00e3o (<a href=\"http:\/\/www.planalto.gov.br\/ccivil_03\/_Ato2004-2006\/2005\/Lei\/L11107.htm\">Lei 11.107\/2005<\/a> e <a href=\"http:\/\/www.planalto.gov.br\/ccivil_03\/_Ato2007-2010\/2007\/Decreto\/D6017.htm\">Decreto 6.017\/2007<\/a>).<\/li><\/ul>\n\n\n\n<p>Enfim, 40 anos (do Plano Mestre) \u00e9 tempo mais que suficiente para uma inflex\u00e3o que alie expans\u00e3o portu\u00e1ria com desenvolvimento sustent\u00e1vel regional. Mesmo os 20 (do PDZ)! Por que <em>\u201cmais do mesmo\u201d<\/em>?<\/p>\n\n\n\n<h6 class=\"wp-block-heading\"><strong>*Frederico Bussinger foi presidente da Docas de S\u00e3o Sebasti\u00e3o, diretor da Codesp (Porto de Santos) e do Departamento Hidrovi\u00e1rio (SP). Conselheiro do Consad da Codesa e da Comiss\u00e3o Diretora do Programa Nacional de Desestatiza\u00e7\u00e3o. Secret\u00e1rio-executivo do Minist\u00e9rio dos Transportes. Coordenou o PROPS em Santos e o PIPC (Plano Integrado Porto-Cidade) em S\u00e3o Sebasti\u00e3o. Foi consultor de PDZs e de modelagem para arrendamentos em diversos portos. Atualmente \u00e9 consultor.<\/strong><\/h6>\n\n\n\n<h5 class=\"wp-block-heading\">O iNFRADebate \u00e9 o espa\u00e7o de artigos da Ag\u00eancia iNFRA com opini\u00f5es de seus atores que n\u00e3o refletem necessariamente o pensamento da Ag\u00eancia iNFRA, sendo de total responsabilidade do autor as informa\u00e7\u00f5es, ju\u00edzos de valor e conceitos descritos no texto.<\/h5>\n","protected":false},"excerpt":{"rendered":"<p>Frederico Bussinger* \u201cO segredo do sucesso n\u00e3o \u00e9 prever o futuro. \u00c9 prover, no presente, certas condi\u00e7\u00f5es para prosperar no futuro que n\u00e3o pode ser previsto\u201d[Michael Hammer] \u201cO que n\u00e3o d\u00e1 para ser feito?Mas, que se for feito, muda tudo!\u201d[Joel Barker] \u201cH\u00e1 momentos na vida dos povos em que a falta mais grave dos membros [&hellip;]<\/p>\n","protected":false},"author":9,"featured_media":3202,"comment_status":"closed","ping_status":"closed","sticky":false,"template":"","format":"standard","meta":{"_monsterinsights_skip_tracking":false,"_monsterinsights_sitenote_active":false,"_monsterinsights_sitenote_note":"","_monsterinsights_sitenote_category":0,"footnotes":""},"categories":[1,11],"tags":[2503,2504,898,308,2229,260,1642,1941],"class_list":["post-5677","post","type-post","status-publish","format-standard","has-post-thumbnail","hentry","category-geral","category-infradebate","tag-baixada-santista","tag-companhia-docas-de-santos","tag-frederico-bussinger","tag-lei-dos-portos","tag-pdz","tag-porto-de-santos","tag-santos-port-authority","tag-spa"],"yoast_head":"<!-- This site is optimized with the Yoast SEO Premium plugin v25.4 (Yoast SEO v26.0) - https:\/\/yoast.com\/wordpress\/plugins\/seo\/ -->\n<title>iNFRADebate: Uma alternativa amig\u00e1vel para o Porto de Santos e a Baixada Santista - Ag\u00eancia iNFRA<\/title>\n<meta name=\"robots\" content=\"index, follow, max-snippet:-1, max-image-preview:large, max-video-preview:-1\" \/>\n<link rel=\"canonical\" href=\"https:\/\/agenciainfra.com\/blog\/infradebate-uma-alternativa-amigavel-para-o-porto-de-santos-e-a-baixada-santista\/\" \/>\n<meta property=\"og:locale\" content=\"pt_BR\" \/>\n<meta property=\"og:type\" content=\"article\" \/>\n<meta property=\"og:title\" content=\"iNFRADebate: Uma alternativa amig\u00e1vel para o Porto de Santos e a Baixada Santista\" \/>\n<meta property=\"og:description\" content=\"Frederico Bussinger* \u201cO segredo do sucesso n\u00e3o \u00e9 prever o futuro. \u00c9 prover, no presente, certas condi\u00e7\u00f5es para prosperar no futuro que n\u00e3o pode ser previsto\u201d[Michael Hammer] \u201cO que n\u00e3o d\u00e1 para ser feito?Mas, que se for feito, muda tudo!\u201d[Joel Barker] \u201cH\u00e1 momentos na vida dos povos em que a falta mais grave dos membros [&hellip;]\" \/>\n<meta property=\"og:url\" content=\"https:\/\/agenciainfra.com\/blog\/infradebate-uma-alternativa-amigavel-para-o-porto-de-santos-e-a-baixada-santista\/\" \/>\n<meta property=\"og:site_name\" content=\"Ag\u00eancia iNFRA\" \/>\n<meta property=\"article:publisher\" content=\"https:\/\/www.facebook.com\/ageninfra\" \/>\n<meta property=\"article:published_time\" content=\"2020-08-19T16:00:00+00:00\" \/>\n<meta property=\"og:image\" content=\"https:\/\/agenciainfra.com\/blog\/wp-content\/uploads\/2019\/05\/porto-de-santos-foto-arquivo-ebc-1024x683.jpg\" \/>\n\t<meta property=\"og:image:width\" content=\"1024\" \/>\n\t<meta property=\"og:image:height\" content=\"683\" \/>\n\t<meta property=\"og:image:type\" content=\"image\/jpeg\" \/>\n<meta name=\"author\" content=\"Rodrigo Zuquim\" \/>\n<meta name=\"twitter:card\" content=\"summary_large_image\" \/>\n<meta name=\"twitter:creator\" content=\"@agencia_infra\" \/>\n<meta name=\"twitter:site\" content=\"@agencia_infra\" \/>\n<meta name=\"twitter:label1\" content=\"Escrito por\" \/>\n\t<meta name=\"twitter:data1\" content=\"Rodrigo Zuquim\" \/>\n\t<meta name=\"twitter:label2\" content=\"Est. tempo de leitura\" \/>\n\t<meta name=\"twitter:data2\" content=\"11 minutos\" \/>\n<script type=\"application\/ld+json\" class=\"yoast-schema-graph\">{\"@context\":\"https:\/\/schema.org\",\"@graph\":[{\"@type\":\"Article\",\"@id\":\"https:\/\/agenciainfra.com\/blog\/infradebate-uma-alternativa-amigavel-para-o-porto-de-santos-e-a-baixada-santista\/#article\",\"isPartOf\":{\"@id\":\"https:\/\/agenciainfra.com\/blog\/infradebate-uma-alternativa-amigavel-para-o-porto-de-santos-e-a-baixada-santista\/\"},\"author\":{\"name\":\"Rodrigo Zuquim\",\"@id\":\"https:\/\/agenciainfra.com\/blog\/#\/schema\/person\/04dbb79bd6d8951f063da71f3e4c1eb1\"},\"headline\":\"iNFRADebate: Uma alternativa amig\u00e1vel para o Porto de Santos e a Baixada Santista\",\"datePublished\":\"2020-08-19T16:00:00+00:00\",\"mainEntityOfPage\":{\"@id\":\"https:\/\/agenciainfra.com\/blog\/infradebate-uma-alternativa-amigavel-para-o-porto-de-santos-e-a-baixada-santista\/\"},\"wordCount\":2149,\"publisher\":{\"@id\":\"https:\/\/agenciainfra.com\/blog\/#organization\"},\"image\":{\"@id\":\"https:\/\/agenciainfra.com\/blog\/infradebate-uma-alternativa-amigavel-para-o-porto-de-santos-e-a-baixada-santista\/#primaryimage\"},\"thumbnailUrl\":\"https:\/\/agenciainfra.com\/blog\/wp-content\/uploads\/2019\/05\/porto-de-santos-foto-arquivo-ebc.jpg\",\"keywords\":[\"Baixada Santista\",\"Companhia Docas de Santos\",\"Frederico Bussinger\",\"Lei dos Portos\",\"PDZ\",\"Porto de Santos\",\"Santos Port Authority\",\"SPA\"],\"articleSection\":[\"Geral\",\"iNFRADebate\"],\"inLanguage\":\"pt-BR\",\"copyrightYear\":\"2020\",\"copyrightHolder\":{\"@id\":\"https:\/\/agenciainfra.com\/blog\/#organization\"}},{\"@type\":\"WebPage\",\"@id\":\"https:\/\/agenciainfra.com\/blog\/infradebate-uma-alternativa-amigavel-para-o-porto-de-santos-e-a-baixada-santista\/\",\"url\":\"https:\/\/agenciainfra.com\/blog\/infradebate-uma-alternativa-amigavel-para-o-porto-de-santos-e-a-baixada-santista\/\",\"name\":\"iNFRADebate: Uma alternativa amig\u00e1vel para o Porto de Santos e a Baixada Santista - Ag\u00eancia iNFRA\",\"isPartOf\":{\"@id\":\"https:\/\/agenciainfra.com\/blog\/#website\"},\"primaryImageOfPage\":{\"@id\":\"https:\/\/agenciainfra.com\/blog\/infradebate-uma-alternativa-amigavel-para-o-porto-de-santos-e-a-baixada-santista\/#primaryimage\"},\"image\":{\"@id\":\"https:\/\/agenciainfra.com\/blog\/infradebate-uma-alternativa-amigavel-para-o-porto-de-santos-e-a-baixada-santista\/#primaryimage\"},\"thumbnailUrl\":\"https:\/\/agenciainfra.com\/blog\/wp-content\/uploads\/2019\/05\/porto-de-santos-foto-arquivo-ebc.jpg\",\"datePublished\":\"2020-08-19T16:00:00+00:00\",\"breadcrumb\":{\"@id\":\"https:\/\/agenciainfra.com\/blog\/infradebate-uma-alternativa-amigavel-para-o-porto-de-santos-e-a-baixada-santista\/#breadcrumb\"},\"inLanguage\":\"pt-BR\",\"potentialAction\":[{\"@type\":\"ReadAction\",\"target\":[\"https:\/\/agenciainfra.com\/blog\/infradebate-uma-alternativa-amigavel-para-o-porto-de-santos-e-a-baixada-santista\/\"]}]},{\"@type\":\"ImageObject\",\"inLanguage\":\"pt-BR\",\"@id\":\"https:\/\/agenciainfra.com\/blog\/infradebate-uma-alternativa-amigavel-para-o-porto-de-santos-e-a-baixada-santista\/#primaryimage\",\"url\":\"https:\/\/agenciainfra.com\/blog\/wp-content\/uploads\/2019\/05\/porto-de-santos-foto-arquivo-ebc.jpg\",\"contentUrl\":\"https:\/\/agenciainfra.com\/blog\/wp-content\/uploads\/2019\/05\/porto-de-santos-foto-arquivo-ebc.jpg\",\"width\":3072,\"height\":2048},{\"@type\":\"BreadcrumbList\",\"@id\":\"https:\/\/agenciainfra.com\/blog\/infradebate-uma-alternativa-amigavel-para-o-porto-de-santos-e-a-baixada-santista\/#breadcrumb\",\"itemListElement\":[{\"@type\":\"ListItem\",\"position\":1,\"name\":\"In\u00edcio\",\"item\":\"https:\/\/agenciainfra.com\/blog\/\"},{\"@type\":\"ListItem\",\"position\":2,\"name\":\"iNFRADebate: Uma alternativa amig\u00e1vel para o Porto de Santos e a Baixada Santista\"}]},{\"@type\":\"WebSite\",\"@id\":\"https:\/\/agenciainfra.com\/blog\/#website\",\"url\":\"https:\/\/agenciainfra.com\/blog\/\",\"name\":\"Ag\u00eancia iNFRA\",\"description\":\"Multiplataforma de informa\u00e7\u00e3o jornal\u00edstica refer\u00eancia na \u00e1rea de infraestrutura no Brasil!\",\"publisher\":{\"@id\":\"https:\/\/agenciainfra.com\/blog\/#organization\"},\"potentialAction\":[{\"@type\":\"SearchAction\",\"target\":{\"@type\":\"EntryPoint\",\"urlTemplate\":\"https:\/\/agenciainfra.com\/blog\/?s={search_term_string}\"},\"query-input\":{\"@type\":\"PropertyValueSpecification\",\"valueRequired\":true,\"valueName\":\"search_term_string\"}}],\"inLanguage\":\"pt-BR\"},{\"@type\":\"Organization\",\"@id\":\"https:\/\/agenciainfra.com\/blog\/#organization\",\"name\":\"Ag\u00eancia iNFRA\",\"url\":\"https:\/\/agenciainfra.com\/blog\/\",\"logo\":{\"@type\":\"ImageObject\",\"inLanguage\":\"pt-BR\",\"@id\":\"https:\/\/agenciainfra.com\/blog\/#\/schema\/logo\/image\/\",\"url\":\"https:\/\/agenciainfra.com\/blog\/wp-content\/uploads\/2023\/09\/iNFRA_5-e1761735885940.png\",\"contentUrl\":\"https:\/\/agenciainfra.com\/blog\/wp-content\/uploads\/2023\/09\/iNFRA_5-e1761735885940.png\",\"width\":1672,\"height\":454,\"caption\":\"Ag\u00eancia iNFRA\"},\"image\":{\"@id\":\"https:\/\/agenciainfra.com\/blog\/#\/schema\/logo\/image\/\"},\"sameAs\":[\"https:\/\/www.facebook.com\/ageninfra\",\"https:\/\/x.com\/agencia_infra\",\"https:\/\/www.linkedin.com\/company\/ag\u00eanciainfra\/\",\"https:\/\/www.instagram.com\/agenciainfra\/\"]},{\"@type\":\"Person\",\"@id\":\"https:\/\/agenciainfra.com\/blog\/#\/schema\/person\/04dbb79bd6d8951f063da71f3e4c1eb1\",\"name\":\"Rodrigo Zuquim\",\"image\":{\"@type\":\"ImageObject\",\"inLanguage\":\"pt-BR\",\"@id\":\"https:\/\/agenciainfra.com\/blog\/#\/schema\/person\/image\/\",\"url\":\"https:\/\/secure.gravatar.com\/avatar\/594abfe82761d620726242ff34ca472a705a4b97f16c790053a6b4c4035274d0?s=96&d=mm&r=g\",\"contentUrl\":\"https:\/\/secure.gravatar.com\/avatar\/594abfe82761d620726242ff34ca472a705a4b97f16c790053a6b4c4035274d0?s=96&d=mm&r=g\",\"caption\":\"Rodrigo Zuquim\"},\"url\":\"https:\/\/agenciainfra.com\/blog\/author\/rodrigo-zuquim\/\"}]}<\/script>\n<!-- \/ Yoast SEO Premium plugin. -->","yoast_head_json":{"title":"iNFRADebate: Uma alternativa amig\u00e1vel para o Porto de Santos e a Baixada Santista - Ag\u00eancia iNFRA","robots":{"index":"index","follow":"follow","max-snippet":"max-snippet:-1","max-image-preview":"max-image-preview:large","max-video-preview":"max-video-preview:-1"},"canonical":"https:\/\/agenciainfra.com\/blog\/infradebate-uma-alternativa-amigavel-para-o-porto-de-santos-e-a-baixada-santista\/","og_locale":"pt_BR","og_type":"article","og_title":"iNFRADebate: Uma alternativa amig\u00e1vel para o Porto de Santos e a Baixada Santista","og_description":"Frederico Bussinger* \u201cO segredo do sucesso n\u00e3o \u00e9 prever o futuro. \u00c9 prover, no presente, certas condi\u00e7\u00f5es para prosperar no futuro que n\u00e3o pode ser previsto\u201d[Michael Hammer] \u201cO que n\u00e3o d\u00e1 para ser feito?Mas, que se for feito, muda tudo!\u201d[Joel Barker] \u201cH\u00e1 momentos na vida dos povos em que a falta mais grave dos membros [&hellip;]","og_url":"https:\/\/agenciainfra.com\/blog\/infradebate-uma-alternativa-amigavel-para-o-porto-de-santos-e-a-baixada-santista\/","og_site_name":"Ag\u00eancia iNFRA","article_publisher":"https:\/\/www.facebook.com\/ageninfra","article_published_time":"2020-08-19T16:00:00+00:00","og_image":[{"width":1024,"height":683,"url":"https:\/\/agenciainfra.com\/blog\/wp-content\/uploads\/2019\/05\/porto-de-santos-foto-arquivo-ebc-1024x683.jpg","type":"image\/jpeg"}],"author":"Rodrigo Zuquim","twitter_card":"summary_large_image","twitter_creator":"@agencia_infra","twitter_site":"@agencia_infra","twitter_misc":{"Escrito por":"Rodrigo Zuquim","Est. tempo de leitura":"11 minutos"},"schema":{"@context":"https:\/\/schema.org","@graph":[{"@type":"Article","@id":"https:\/\/agenciainfra.com\/blog\/infradebate-uma-alternativa-amigavel-para-o-porto-de-santos-e-a-baixada-santista\/#article","isPartOf":{"@id":"https:\/\/agenciainfra.com\/blog\/infradebate-uma-alternativa-amigavel-para-o-porto-de-santos-e-a-baixada-santista\/"},"author":{"name":"Rodrigo Zuquim","@id":"https:\/\/agenciainfra.com\/blog\/#\/schema\/person\/04dbb79bd6d8951f063da71f3e4c1eb1"},"headline":"iNFRADebate: Uma alternativa amig\u00e1vel para o Porto de Santos e a Baixada Santista","datePublished":"2020-08-19T16:00:00+00:00","mainEntityOfPage":{"@id":"https:\/\/agenciainfra.com\/blog\/infradebate-uma-alternativa-amigavel-para-o-porto-de-santos-e-a-baixada-santista\/"},"wordCount":2149,"publisher":{"@id":"https:\/\/agenciainfra.com\/blog\/#organization"},"image":{"@id":"https:\/\/agenciainfra.com\/blog\/infradebate-uma-alternativa-amigavel-para-o-porto-de-santos-e-a-baixada-santista\/#primaryimage"},"thumbnailUrl":"https:\/\/agenciainfra.com\/blog\/wp-content\/uploads\/2019\/05\/porto-de-santos-foto-arquivo-ebc.jpg","keywords":["Baixada Santista","Companhia Docas de Santos","Frederico Bussinger","Lei dos Portos","PDZ","Porto de Santos","Santos Port Authority","SPA"],"articleSection":["Geral","iNFRADebate"],"inLanguage":"pt-BR","copyrightYear":"2020","copyrightHolder":{"@id":"https:\/\/agenciainfra.com\/blog\/#organization"}},{"@type":"WebPage","@id":"https:\/\/agenciainfra.com\/blog\/infradebate-uma-alternativa-amigavel-para-o-porto-de-santos-e-a-baixada-santista\/","url":"https:\/\/agenciainfra.com\/blog\/infradebate-uma-alternativa-amigavel-para-o-porto-de-santos-e-a-baixada-santista\/","name":"iNFRADebate: Uma alternativa amig\u00e1vel para o Porto de Santos e a Baixada Santista - Ag\u00eancia iNFRA","isPartOf":{"@id":"https:\/\/agenciainfra.com\/blog\/#website"},"primaryImageOfPage":{"@id":"https:\/\/agenciainfra.com\/blog\/infradebate-uma-alternativa-amigavel-para-o-porto-de-santos-e-a-baixada-santista\/#primaryimage"},"image":{"@id":"https:\/\/agenciainfra.com\/blog\/infradebate-uma-alternativa-amigavel-para-o-porto-de-santos-e-a-baixada-santista\/#primaryimage"},"thumbnailUrl":"https:\/\/agenciainfra.com\/blog\/wp-content\/uploads\/2019\/05\/porto-de-santos-foto-arquivo-ebc.jpg","datePublished":"2020-08-19T16:00:00+00:00","breadcrumb":{"@id":"https:\/\/agenciainfra.com\/blog\/infradebate-uma-alternativa-amigavel-para-o-porto-de-santos-e-a-baixada-santista\/#breadcrumb"},"inLanguage":"pt-BR","potentialAction":[{"@type":"ReadAction","target":["https:\/\/agenciainfra.com\/blog\/infradebate-uma-alternativa-amigavel-para-o-porto-de-santos-e-a-baixada-santista\/"]}]},{"@type":"ImageObject","inLanguage":"pt-BR","@id":"https:\/\/agenciainfra.com\/blog\/infradebate-uma-alternativa-amigavel-para-o-porto-de-santos-e-a-baixada-santista\/#primaryimage","url":"https:\/\/agenciainfra.com\/blog\/wp-content\/uploads\/2019\/05\/porto-de-santos-foto-arquivo-ebc.jpg","contentUrl":"https:\/\/agenciainfra.com\/blog\/wp-content\/uploads\/2019\/05\/porto-de-santos-foto-arquivo-ebc.jpg","width":3072,"height":2048},{"@type":"BreadcrumbList","@id":"https:\/\/agenciainfra.com\/blog\/infradebate-uma-alternativa-amigavel-para-o-porto-de-santos-e-a-baixada-santista\/#breadcrumb","itemListElement":[{"@type":"ListItem","position":1,"name":"In\u00edcio","item":"https:\/\/agenciainfra.com\/blog\/"},{"@type":"ListItem","position":2,"name":"iNFRADebate: Uma alternativa amig\u00e1vel para o Porto de Santos e a Baixada Santista"}]},{"@type":"WebSite","@id":"https:\/\/agenciainfra.com\/blog\/#website","url":"https:\/\/agenciainfra.com\/blog\/","name":"Ag\u00eancia iNFRA","description":"Multiplataforma de informa\u00e7\u00e3o jornal\u00edstica refer\u00eancia na \u00e1rea de infraestrutura no Brasil!","publisher":{"@id":"https:\/\/agenciainfra.com\/blog\/#organization"},"potentialAction":[{"@type":"SearchAction","target":{"@type":"EntryPoint","urlTemplate":"https:\/\/agenciainfra.com\/blog\/?s={search_term_string}"},"query-input":{"@type":"PropertyValueSpecification","valueRequired":true,"valueName":"search_term_string"}}],"inLanguage":"pt-BR"},{"@type":"Organization","@id":"https:\/\/agenciainfra.com\/blog\/#organization","name":"Ag\u00eancia iNFRA","url":"https:\/\/agenciainfra.com\/blog\/","logo":{"@type":"ImageObject","inLanguage":"pt-BR","@id":"https:\/\/agenciainfra.com\/blog\/#\/schema\/logo\/image\/","url":"https:\/\/agenciainfra.com\/blog\/wp-content\/uploads\/2023\/09\/iNFRA_5-e1761735885940.png","contentUrl":"https:\/\/agenciainfra.com\/blog\/wp-content\/uploads\/2023\/09\/iNFRA_5-e1761735885940.png","width":1672,"height":454,"caption":"Ag\u00eancia iNFRA"},"image":{"@id":"https:\/\/agenciainfra.com\/blog\/#\/schema\/logo\/image\/"},"sameAs":["https:\/\/www.facebook.com\/ageninfra","https:\/\/x.com\/agencia_infra","https:\/\/www.linkedin.com\/company\/ag\u00eanciainfra\/","https:\/\/www.instagram.com\/agenciainfra\/"]},{"@type":"Person","@id":"https:\/\/agenciainfra.com\/blog\/#\/schema\/person\/04dbb79bd6d8951f063da71f3e4c1eb1","name":"Rodrigo Zuquim","image":{"@type":"ImageObject","inLanguage":"pt-BR","@id":"https:\/\/agenciainfra.com\/blog\/#\/schema\/person\/image\/","url":"https:\/\/secure.gravatar.com\/avatar\/594abfe82761d620726242ff34ca472a705a4b97f16c790053a6b4c4035274d0?s=96&d=mm&r=g","contentUrl":"https:\/\/secure.gravatar.com\/avatar\/594abfe82761d620726242ff34ca472a705a4b97f16c790053a6b4c4035274d0?s=96&d=mm&r=g","caption":"Rodrigo Zuquim"},"url":"https:\/\/agenciainfra.com\/blog\/author\/rodrigo-zuquim\/"}]}},"_links":{"self":[{"href":"https:\/\/agenciainfra.com\/blog\/wp-json\/wp\/v2\/posts\/5677","targetHints":{"allow":["GET"]}}],"collection":[{"href":"https:\/\/agenciainfra.com\/blog\/wp-json\/wp\/v2\/posts"}],"about":[{"href":"https:\/\/agenciainfra.com\/blog\/wp-json\/wp\/v2\/types\/post"}],"author":[{"embeddable":true,"href":"https:\/\/agenciainfra.com\/blog\/wp-json\/wp\/v2\/users\/9"}],"replies":[{"embeddable":true,"href":"https:\/\/agenciainfra.com\/blog\/wp-json\/wp\/v2\/comments?post=5677"}],"version-history":[{"count":0,"href":"https:\/\/agenciainfra.com\/blog\/wp-json\/wp\/v2\/posts\/5677\/revisions"}],"wp:featuredmedia":[{"embeddable":true,"href":"https:\/\/agenciainfra.com\/blog\/wp-json\/wp\/v2\/media\/3202"}],"wp:attachment":[{"href":"https:\/\/agenciainfra.com\/blog\/wp-json\/wp\/v2\/media?parent=5677"}],"wp:term":[{"taxonomy":"category","embeddable":true,"href":"https:\/\/agenciainfra.com\/blog\/wp-json\/wp\/v2\/categories?post=5677"},{"taxonomy":"post_tag","embeddable":true,"href":"https:\/\/agenciainfra.com\/blog\/wp-json\/wp\/v2\/tags?post=5677"}],"curies":[{"name":"wp","href":"https:\/\/api.w.org\/{rel}","templated":true}]}}