{"id":5685,"date":"2020-08-21T13:00:25","date_gmt":"2020-08-21T16:00:25","guid":{"rendered":"https:\/\/www.agenciainfra.com\/blog\/?p=5685"},"modified":"2020-08-20T10:14:28","modified_gmt":"2020-08-20T13:14:28","slug":"infradebate-emendas-parlamentares-uma-nova-dinamica-de-relacionamento-e-possivel","status":"publish","type":"post","link":"https:\/\/agenciainfra.com\/blog\/infradebate-emendas-parlamentares-uma-nova-dinamica-de-relacionamento-e-possivel\/","title":{"rendered":"iNFRADebate: Emendas parlamentares \u2013 uma nova din\u00e2mica de relacionamento \u00e9 poss\u00edvel"},"content":{"rendered":"\n<p class=\"has-text-align-right\"><strong>Daniel Matos Caldeira*<\/strong><\/p>\n\n\n\n<p>As discuss\u00f5es que envolvem as emendas parlamentares e aquelas sobre a quest\u00e3o das obras p\u00fablicas guardam estreita correla\u00e7\u00e3o pelo grande n\u00famero de obras paralisadas e inacabadas oriundas dessa din\u00e2mica. Os reduzidos resultados para al\u00e9m de acarretarem historicamente um sistem\u00e1tico n\u00famero de apontamentos por parte dos \u00f3rg\u00e3os de controle, um elevado n\u00famero de procedimentos de ressarcimento ao er\u00e1rio e consequentes processos de responsabiliza\u00e7\u00e3o, sobretudo se traduzem na baixa efetividade social daquele empreendimento pela popula\u00e7\u00e3o.<\/p>\n\n\n\n<p>Embora a discuss\u00e3o em torno do tema n\u00e3o seja recente, a mesma ganhou novos contornos ap\u00f3s a aprova\u00e7\u00e3o da Emenda Constitucional 86, de 17 de mar\u00e7o de 2015, chamada Emenda do Or\u00e7amento Impositivo, que tornou obrigat\u00f3ria a execu\u00e7\u00e3o or\u00e7ament\u00e1ria e financeira das emendas parlamentares individuais consignadas nas programa\u00e7\u00f5es dos projetos de lei or\u00e7ament\u00e1ria, isto \u00e9, tornou-as assim imunes aos efeitos dos contingenciamentos.&nbsp;<\/p>\n\n\n\n<p>J\u00e1 a execu\u00e7\u00e3o das emendas de iniciativa de bancada de parlamentares seguiu tamb\u00e9m o mesmo caminho e por meio da Emenda Constitucional 100, de 26 de junho de 2019, passou tamb\u00e9m a ser obrigat\u00f3ria.<\/p>\n\n\n\n<p>Por conta disso, alvissareira \u00e9 uma recente medida implantada a partir de 2019 pelo Minist\u00e9rio da Infraestrutura, ao inaugurar um novo paradigma na Administra\u00e7\u00e3o P\u00fablica colocando em pr\u00e1tica uma grande inova\u00e7\u00e3o na din\u00e2mica de relacionamento entre o Governo e o Congresso para a busca de converg\u00eancia de entendimentos em rela\u00e7\u00e3o \u00e0 aloca\u00e7\u00e3o das emendas parlamentares pela via do di\u00e1logo.<\/p>\n\n\n\n<p>O grande m\u00e9rito da iniciativa foi abandonar a estrat\u00e9gia at\u00e9 ent\u00e3o dominante na rela\u00e7\u00e3o do Poder Executivo com o Poder Legislativo, de t\u00e3o somente elaborar e distribuir cartilhas orientadoras para difundir a\u00e7\u00f5es e programas das pastas e passar a se posicionar proativamente como um agente facilitador em um esfor\u00e7o de alinhamento com os l\u00edderes das bancadas estaduais em torno de uma decis\u00e3o conjuntamente constru\u00edda e pactuada.&nbsp;<\/p>\n\n\n\n<p>A din\u00e2mica foi capitaneada pelo titular da pasta, denotando tanto simbolicamente como na pr\u00e1tica a mais alta defer\u00eancia ao processo de planejamento or\u00e7ament\u00e1rio conjunto com o Parlamento.<\/p>\n\n\n\n<p>Em s\u00edntese, a pasta de infraestrutura prepara para cada estado uma lista de prioridades para a aloca\u00e7\u00e3o das emendas parlamentares tomando como fundamento tr\u00eas princ\u00edpios atrelados \u00e0 maximiza\u00e7\u00e3o dos resultados dos investimentos:<\/p>\n\n\n\n<p>1 &#8211; Obras estrat\u00e9gicas: prioriza\u00e7\u00e3o de corredores log\u00edsticos de exporta\u00e7\u00e3o e estruturas que fomentem atividades produtivas vocacionadas no estado;<\/p>\n\n\n\n<p>2 &#8211; Obras em andamento: conclus\u00e3o do passivo de obras atrasadas ou paralisadas antes do in\u00edcio da abertura de novas frentes de obras;<\/p>\n\n\n\n<p>3 \u2013 Manuten\u00e7\u00e3o: continuidade do investimento para a conclus\u00e3o da infraestrutura cuja execu\u00e7\u00e3o j\u00e1 foi iniciada, sob o risco da perda dos investimentos realizados e um custo muito maior na sua recupera\u00e7\u00e3o.<\/p>\n\n\n\n<p>O foco desse racional \u00e9 que \u00e9 melhor investir em obras que dar\u00e3o maior retorno socioecon\u00f4mico, seja porque s\u00e3o estrat\u00e9gicas, ou porque j\u00e1 foram iniciadas ou porque podem resultar em uma elevada perda de investimento j\u00e1 realizado, do que pulverizar os escassos recursos para iniciar novas frentes de obras sem a garantia de que as mesmas ser\u00e3o conclu\u00eddas.<\/p>\n\n\n\n<p>\u00c0 luz do dom\u00ednio da teoria da negocia\u00e7\u00e3o, a solu\u00e7\u00e3o formulada \u00e9 integrativa e com alto grau de legitimidade, pois \u00e9 constru\u00edda em torno da consensua\u00e7\u00e3o entre os atores institucionais, sendo o compromisso firmado fundamentalmente mais duradouro, de um lado o minist\u00e9rio e sua perspectiva t\u00e9cnica, do outro os parlamentares com o prisma pol\u00edtico-social.&nbsp;<\/p>\n\n\n\n<p>Essa inova\u00e7\u00e3o no arranjo cooperativo exige uma mudan\u00e7a de postura dos poderes que, em \u00faltima an\u00e1lise, cria as condi\u00e7\u00f5es para se buscar uma efici\u00eancia alocativa dos investimentos em infraestrutura.<\/p>\n\n\n\n<p><em>O texto expressa a opini\u00e3o do autor, n\u00e3o representando a opini\u00e3o institucional do \u00f3rg\u00e3o em que trabalha.<\/em><\/p>\n\n\n\n<h6 class=\"wp-block-heading\"><strong>*Daniel Matos Caldeira \u00e9 auditor da Controladoria-Geral da Uni\u00e3o. Engenheiro civil pela Unicamp, mestre pelo Programa de P\u00f3s-Gradua\u00e7\u00e3o em Estruturas e Constru\u00e7\u00e3o Civil do Departamento de Engenharia Civil e Ambiental da UnB e doutorando em Administra\u00e7\u00e3o P\u00fablica pela Universidade de Lisboa.<\/strong><\/h6>\n\n\n\n<h5 class=\"wp-block-heading\">O iNFRADebate \u00e9 o espa\u00e7o de artigos da Ag\u00eancia iNFRA com opini\u00f5es de seus atores que n\u00e3o refletem necessariamente o pensamento da Ag\u00eancia iNFRA, sendo de total responsabilidade do autor as informa\u00e7\u00f5es, ju\u00edzos de valor e conceitos descritos no texto.<\/h5>\n","protected":false},"excerpt":{"rendered":"<p>Daniel Matos Caldeira* As discuss\u00f5es que envolvem as emendas parlamentares e aquelas sobre a quest\u00e3o das obras p\u00fablicas guardam estreita correla\u00e7\u00e3o pelo grande n\u00famero de obras paralisadas e inacabadas oriundas dessa din\u00e2mica. Os reduzidos resultados para al\u00e9m de acarretarem historicamente um sistem\u00e1tico n\u00famero de apontamentos por parte dos \u00f3rg\u00e3os de controle, um elevado n\u00famero de [&hellip;]<\/p>\n","protected":false},"author":9,"featured_media":5686,"comment_status":"closed","ping_status":"closed","sticky":false,"template":"","format":"standard","meta":{"_monsterinsights_skip_tracking":false,"_monsterinsights_sitenote_active":false,"_monsterinsights_sitenote_note":"","_monsterinsights_sitenote_category":0,"footnotes":""},"categories":[1,11],"tags":[2506,2508,2507,1441,775,627],"class_list":["post-5685","post","type-post","status-publish","format-standard","has-post-thumbnail","hentry","category-geral","category-infradebate","tag-daniel-matos-caldeira","tag-emenda-constitucional-100","tag-emenda-constitucional-86","tag-emendas-parlamentares","tag-ministerio-da-infraestrutura","tag-obras-publicas"],"yoast_head":"<!-- This site is optimized with the Yoast SEO Premium plugin v25.4 (Yoast SEO v26.0) - https:\/\/yoast.com\/wordpress\/plugins\/seo\/ -->\n<title>iNFRADebate: Emendas parlamentares \u2013 uma nova din\u00e2mica de relacionamento \u00e9 poss\u00edvel - Ag\u00eancia iNFRA<\/title>\n<meta name=\"robots\" content=\"index, follow, max-snippet:-1, max-image-preview:large, max-video-preview:-1\" \/>\n<link rel=\"canonical\" href=\"https:\/\/agenciainfra.com\/blog\/infradebate-emendas-parlamentares-uma-nova-dinamica-de-relacionamento-e-possivel\/\" \/>\n<meta property=\"og:locale\" content=\"pt_BR\" \/>\n<meta property=\"og:type\" content=\"article\" \/>\n<meta property=\"og:title\" content=\"iNFRADebate: Emendas parlamentares \u2013 uma nova din\u00e2mica de relacionamento \u00e9 poss\u00edvel\" \/>\n<meta property=\"og:description\" content=\"Daniel Matos Caldeira* As discuss\u00f5es que envolvem as emendas parlamentares e aquelas sobre a quest\u00e3o das obras p\u00fablicas guardam estreita correla\u00e7\u00e3o pelo grande n\u00famero de obras paralisadas e inacabadas oriundas dessa din\u00e2mica. Os reduzidos resultados para al\u00e9m de acarretarem historicamente um sistem\u00e1tico n\u00famero de apontamentos por parte dos \u00f3rg\u00e3os de controle, um elevado n\u00famero de [&hellip;]\" \/>\n<meta property=\"og:url\" content=\"https:\/\/agenciainfra.com\/blog\/infradebate-emendas-parlamentares-uma-nova-dinamica-de-relacionamento-e-possivel\/\" \/>\n<meta property=\"og:site_name\" content=\"Ag\u00eancia iNFRA\" \/>\n<meta property=\"article:publisher\" content=\"https:\/\/www.facebook.com\/ageninfra\" \/>\n<meta property=\"article:published_time\" content=\"2020-08-21T16:00:25+00:00\" \/>\n<meta property=\"og:image\" content=\"https:\/\/agenciainfra.com\/blog\/wp-content\/uploads\/2020\/08\/daniel-matos-caldeira-foto-agencia-senado.jpg\" \/>\n\t<meta property=\"og:image:width\" content=\"1280\" \/>\n\t<meta property=\"og:image:height\" content=\"852\" \/>\n\t<meta property=\"og:image:type\" content=\"image\/jpeg\" \/>\n<meta name=\"author\" content=\"Rodrigo Zuquim\" \/>\n<meta name=\"twitter:card\" content=\"summary_large_image\" \/>\n<meta name=\"twitter:creator\" content=\"@agencia_infra\" \/>\n<meta name=\"twitter:site\" content=\"@agencia_infra\" \/>\n<meta name=\"twitter:label1\" content=\"Escrito por\" \/>\n\t<meta name=\"twitter:data1\" content=\"Rodrigo Zuquim\" \/>\n\t<meta name=\"twitter:label2\" content=\"Est. tempo de leitura\" \/>\n\t<meta name=\"twitter:data2\" content=\"4 minutos\" \/>\n<script type=\"application\/ld+json\" class=\"yoast-schema-graph\">{\"@context\":\"https:\/\/schema.org\",\"@graph\":[{\"@type\":\"Article\",\"@id\":\"https:\/\/agenciainfra.com\/blog\/infradebate-emendas-parlamentares-uma-nova-dinamica-de-relacionamento-e-possivel\/#article\",\"isPartOf\":{\"@id\":\"https:\/\/agenciainfra.com\/blog\/infradebate-emendas-parlamentares-uma-nova-dinamica-de-relacionamento-e-possivel\/\"},\"author\":{\"name\":\"Rodrigo Zuquim\",\"@id\":\"https:\/\/agenciainfra.com\/blog\/#\/schema\/person\/04dbb79bd6d8951f063da71f3e4c1eb1\"},\"headline\":\"iNFRADebate: Emendas parlamentares \u2013 uma nova din\u00e2mica de relacionamento \u00e9 poss\u00edvel\",\"datePublished\":\"2020-08-21T16:00:25+00:00\",\"mainEntityOfPage\":{\"@id\":\"https:\/\/agenciainfra.com\/blog\/infradebate-emendas-parlamentares-uma-nova-dinamica-de-relacionamento-e-possivel\/\"},\"wordCount\":768,\"publisher\":{\"@id\":\"https:\/\/agenciainfra.com\/blog\/#organization\"},\"image\":{\"@id\":\"https:\/\/agenciainfra.com\/blog\/infradebate-emendas-parlamentares-uma-nova-dinamica-de-relacionamento-e-possivel\/#primaryimage\"},\"thumbnailUrl\":\"https:\/\/agenciainfra.com\/blog\/wp-content\/uploads\/2020\/08\/daniel-matos-caldeira-foto-agencia-senado.jpg\",\"keywords\":[\"Daniel Matos Caldeira\",\"Emenda Constitucional 100\",\"Emenda Constitucional 86\",\"emendas parlamentares\",\"Minist\u00e9rio da Infraestrutura\",\"obras p\u00fablicas\"],\"articleSection\":[\"Geral\",\"iNFRADebate\"],\"inLanguage\":\"pt-BR\",\"copyrightYear\":\"2020\",\"copyrightHolder\":{\"@id\":\"https:\/\/agenciainfra.com\/blog\/#organization\"}},{\"@type\":\"WebPage\",\"@id\":\"https:\/\/agenciainfra.com\/blog\/infradebate-emendas-parlamentares-uma-nova-dinamica-de-relacionamento-e-possivel\/\",\"url\":\"https:\/\/agenciainfra.com\/blog\/infradebate-emendas-parlamentares-uma-nova-dinamica-de-relacionamento-e-possivel\/\",\"name\":\"iNFRADebate: Emendas parlamentares \u2013 uma nova din\u00e2mica de relacionamento \u00e9 poss\u00edvel - Ag\u00eancia iNFRA\",\"isPartOf\":{\"@id\":\"https:\/\/agenciainfra.com\/blog\/#website\"},\"primaryImageOfPage\":{\"@id\":\"https:\/\/agenciainfra.com\/blog\/infradebate-emendas-parlamentares-uma-nova-dinamica-de-relacionamento-e-possivel\/#primaryimage\"},\"image\":{\"@id\":\"https:\/\/agenciainfra.com\/blog\/infradebate-emendas-parlamentares-uma-nova-dinamica-de-relacionamento-e-possivel\/#primaryimage\"},\"thumbnailUrl\":\"https:\/\/agenciainfra.com\/blog\/wp-content\/uploads\/2020\/08\/daniel-matos-caldeira-foto-agencia-senado.jpg\",\"datePublished\":\"2020-08-21T16:00:25+00:00\",\"breadcrumb\":{\"@id\":\"https:\/\/agenciainfra.com\/blog\/infradebate-emendas-parlamentares-uma-nova-dinamica-de-relacionamento-e-possivel\/#breadcrumb\"},\"inLanguage\":\"pt-BR\",\"potentialAction\":[{\"@type\":\"ReadAction\",\"target\":[\"https:\/\/agenciainfra.com\/blog\/infradebate-emendas-parlamentares-uma-nova-dinamica-de-relacionamento-e-possivel\/\"]}]},{\"@type\":\"ImageObject\",\"inLanguage\":\"pt-BR\",\"@id\":\"https:\/\/agenciainfra.com\/blog\/infradebate-emendas-parlamentares-uma-nova-dinamica-de-relacionamento-e-possivel\/#primaryimage\",\"url\":\"https:\/\/agenciainfra.com\/blog\/wp-content\/uploads\/2020\/08\/daniel-matos-caldeira-foto-agencia-senado.jpg\",\"contentUrl\":\"https:\/\/agenciainfra.com\/blog\/wp-content\/uploads\/2020\/08\/daniel-matos-caldeira-foto-agencia-senado.jpg\",\"width\":1280,\"height\":852},{\"@type\":\"BreadcrumbList\",\"@id\":\"https:\/\/agenciainfra.com\/blog\/infradebate-emendas-parlamentares-uma-nova-dinamica-de-relacionamento-e-possivel\/#breadcrumb\",\"itemListElement\":[{\"@type\":\"ListItem\",\"position\":1,\"name\":\"In\u00edcio\",\"item\":\"https:\/\/agenciainfra.com\/blog\/\"},{\"@type\":\"ListItem\",\"position\":2,\"name\":\"iNFRADebate: Emendas parlamentares \u2013 uma nova din\u00e2mica de relacionamento \u00e9 poss\u00edvel\"}]},{\"@type\":\"WebSite\",\"@id\":\"https:\/\/agenciainfra.com\/blog\/#website\",\"url\":\"https:\/\/agenciainfra.com\/blog\/\",\"name\":\"Ag\u00eancia iNFRA\",\"description\":\"Multiplataforma de informa\u00e7\u00e3o jornal\u00edstica refer\u00eancia na \u00e1rea de infraestrutura no Brasil!\",\"publisher\":{\"@id\":\"https:\/\/agenciainfra.com\/blog\/#organization\"},\"potentialAction\":[{\"@type\":\"SearchAction\",\"target\":{\"@type\":\"EntryPoint\",\"urlTemplate\":\"https:\/\/agenciainfra.com\/blog\/?s={search_term_string}\"},\"query-input\":{\"@type\":\"PropertyValueSpecification\",\"valueRequired\":true,\"valueName\":\"search_term_string\"}}],\"inLanguage\":\"pt-BR\"},{\"@type\":\"Organization\",\"@id\":\"https:\/\/agenciainfra.com\/blog\/#organization\",\"name\":\"Ag\u00eancia iNFRA\",\"url\":\"https:\/\/agenciainfra.com\/blog\/\",\"logo\":{\"@type\":\"ImageObject\",\"inLanguage\":\"pt-BR\",\"@id\":\"https:\/\/agenciainfra.com\/blog\/#\/schema\/logo\/image\/\",\"url\":\"https:\/\/agenciainfra.com\/blog\/wp-content\/uploads\/2023\/09\/iNFRA_5-e1761735885940.png\",\"contentUrl\":\"https:\/\/agenciainfra.com\/blog\/wp-content\/uploads\/2023\/09\/iNFRA_5-e1761735885940.png\",\"width\":1672,\"height\":454,\"caption\":\"Ag\u00eancia iNFRA\"},\"image\":{\"@id\":\"https:\/\/agenciainfra.com\/blog\/#\/schema\/logo\/image\/\"},\"sameAs\":[\"https:\/\/www.facebook.com\/ageninfra\",\"https:\/\/x.com\/agencia_infra\",\"https:\/\/www.linkedin.com\/company\/ag\u00eanciainfra\/\",\"https:\/\/www.instagram.com\/agenciainfra\/\"]},{\"@type\":\"Person\",\"@id\":\"https:\/\/agenciainfra.com\/blog\/#\/schema\/person\/04dbb79bd6d8951f063da71f3e4c1eb1\",\"name\":\"Rodrigo Zuquim\",\"image\":{\"@type\":\"ImageObject\",\"inLanguage\":\"pt-BR\",\"@id\":\"https:\/\/agenciainfra.com\/blog\/#\/schema\/person\/image\/\",\"url\":\"https:\/\/secure.gravatar.com\/avatar\/594abfe82761d620726242ff34ca472a705a4b97f16c790053a6b4c4035274d0?s=96&d=mm&r=g\",\"contentUrl\":\"https:\/\/secure.gravatar.com\/avatar\/594abfe82761d620726242ff34ca472a705a4b97f16c790053a6b4c4035274d0?s=96&d=mm&r=g\",\"caption\":\"Rodrigo Zuquim\"},\"url\":\"https:\/\/agenciainfra.com\/blog\/author\/rodrigo-zuquim\/\"}]}<\/script>\n<!-- \/ Yoast SEO Premium plugin. -->","yoast_head_json":{"title":"iNFRADebate: Emendas parlamentares \u2013 uma nova din\u00e2mica de relacionamento \u00e9 poss\u00edvel - Ag\u00eancia iNFRA","robots":{"index":"index","follow":"follow","max-snippet":"max-snippet:-1","max-image-preview":"max-image-preview:large","max-video-preview":"max-video-preview:-1"},"canonical":"https:\/\/agenciainfra.com\/blog\/infradebate-emendas-parlamentares-uma-nova-dinamica-de-relacionamento-e-possivel\/","og_locale":"pt_BR","og_type":"article","og_title":"iNFRADebate: Emendas parlamentares \u2013 uma nova din\u00e2mica de relacionamento \u00e9 poss\u00edvel","og_description":"Daniel Matos Caldeira* As discuss\u00f5es que envolvem as emendas parlamentares e aquelas sobre a quest\u00e3o das obras p\u00fablicas guardam estreita correla\u00e7\u00e3o pelo grande n\u00famero de obras paralisadas e inacabadas oriundas dessa din\u00e2mica. Os reduzidos resultados para al\u00e9m de acarretarem historicamente um sistem\u00e1tico n\u00famero de apontamentos por parte dos \u00f3rg\u00e3os de controle, um elevado n\u00famero de [&hellip;]","og_url":"https:\/\/agenciainfra.com\/blog\/infradebate-emendas-parlamentares-uma-nova-dinamica-de-relacionamento-e-possivel\/","og_site_name":"Ag\u00eancia iNFRA","article_publisher":"https:\/\/www.facebook.com\/ageninfra","article_published_time":"2020-08-21T16:00:25+00:00","og_image":[{"width":1280,"height":852,"url":"https:\/\/agenciainfra.com\/blog\/wp-content\/uploads\/2020\/08\/daniel-matos-caldeira-foto-agencia-senado.jpg","type":"image\/jpeg"}],"author":"Rodrigo Zuquim","twitter_card":"summary_large_image","twitter_creator":"@agencia_infra","twitter_site":"@agencia_infra","twitter_misc":{"Escrito por":"Rodrigo Zuquim","Est. tempo de leitura":"4 minutos"},"schema":{"@context":"https:\/\/schema.org","@graph":[{"@type":"Article","@id":"https:\/\/agenciainfra.com\/blog\/infradebate-emendas-parlamentares-uma-nova-dinamica-de-relacionamento-e-possivel\/#article","isPartOf":{"@id":"https:\/\/agenciainfra.com\/blog\/infradebate-emendas-parlamentares-uma-nova-dinamica-de-relacionamento-e-possivel\/"},"author":{"name":"Rodrigo Zuquim","@id":"https:\/\/agenciainfra.com\/blog\/#\/schema\/person\/04dbb79bd6d8951f063da71f3e4c1eb1"},"headline":"iNFRADebate: Emendas parlamentares \u2013 uma nova din\u00e2mica de relacionamento \u00e9 poss\u00edvel","datePublished":"2020-08-21T16:00:25+00:00","mainEntityOfPage":{"@id":"https:\/\/agenciainfra.com\/blog\/infradebate-emendas-parlamentares-uma-nova-dinamica-de-relacionamento-e-possivel\/"},"wordCount":768,"publisher":{"@id":"https:\/\/agenciainfra.com\/blog\/#organization"},"image":{"@id":"https:\/\/agenciainfra.com\/blog\/infradebate-emendas-parlamentares-uma-nova-dinamica-de-relacionamento-e-possivel\/#primaryimage"},"thumbnailUrl":"https:\/\/agenciainfra.com\/blog\/wp-content\/uploads\/2020\/08\/daniel-matos-caldeira-foto-agencia-senado.jpg","keywords":["Daniel Matos Caldeira","Emenda Constitucional 100","Emenda Constitucional 86","emendas parlamentares","Minist\u00e9rio da Infraestrutura","obras p\u00fablicas"],"articleSection":["Geral","iNFRADebate"],"inLanguage":"pt-BR","copyrightYear":"2020","copyrightHolder":{"@id":"https:\/\/agenciainfra.com\/blog\/#organization"}},{"@type":"WebPage","@id":"https:\/\/agenciainfra.com\/blog\/infradebate-emendas-parlamentares-uma-nova-dinamica-de-relacionamento-e-possivel\/","url":"https:\/\/agenciainfra.com\/blog\/infradebate-emendas-parlamentares-uma-nova-dinamica-de-relacionamento-e-possivel\/","name":"iNFRADebate: Emendas parlamentares \u2013 uma nova din\u00e2mica de relacionamento \u00e9 poss\u00edvel - Ag\u00eancia iNFRA","isPartOf":{"@id":"https:\/\/agenciainfra.com\/blog\/#website"},"primaryImageOfPage":{"@id":"https:\/\/agenciainfra.com\/blog\/infradebate-emendas-parlamentares-uma-nova-dinamica-de-relacionamento-e-possivel\/#primaryimage"},"image":{"@id":"https:\/\/agenciainfra.com\/blog\/infradebate-emendas-parlamentares-uma-nova-dinamica-de-relacionamento-e-possivel\/#primaryimage"},"thumbnailUrl":"https:\/\/agenciainfra.com\/blog\/wp-content\/uploads\/2020\/08\/daniel-matos-caldeira-foto-agencia-senado.jpg","datePublished":"2020-08-21T16:00:25+00:00","breadcrumb":{"@id":"https:\/\/agenciainfra.com\/blog\/infradebate-emendas-parlamentares-uma-nova-dinamica-de-relacionamento-e-possivel\/#breadcrumb"},"inLanguage":"pt-BR","potentialAction":[{"@type":"ReadAction","target":["https:\/\/agenciainfra.com\/blog\/infradebate-emendas-parlamentares-uma-nova-dinamica-de-relacionamento-e-possivel\/"]}]},{"@type":"ImageObject","inLanguage":"pt-BR","@id":"https:\/\/agenciainfra.com\/blog\/infradebate-emendas-parlamentares-uma-nova-dinamica-de-relacionamento-e-possivel\/#primaryimage","url":"https:\/\/agenciainfra.com\/blog\/wp-content\/uploads\/2020\/08\/daniel-matos-caldeira-foto-agencia-senado.jpg","contentUrl":"https:\/\/agenciainfra.com\/blog\/wp-content\/uploads\/2020\/08\/daniel-matos-caldeira-foto-agencia-senado.jpg","width":1280,"height":852},{"@type":"BreadcrumbList","@id":"https:\/\/agenciainfra.com\/blog\/infradebate-emendas-parlamentares-uma-nova-dinamica-de-relacionamento-e-possivel\/#breadcrumb","itemListElement":[{"@type":"ListItem","position":1,"name":"In\u00edcio","item":"https:\/\/agenciainfra.com\/blog\/"},{"@type":"ListItem","position":2,"name":"iNFRADebate: Emendas parlamentares \u2013 uma nova din\u00e2mica de relacionamento \u00e9 poss\u00edvel"}]},{"@type":"WebSite","@id":"https:\/\/agenciainfra.com\/blog\/#website","url":"https:\/\/agenciainfra.com\/blog\/","name":"Ag\u00eancia iNFRA","description":"Multiplataforma de informa\u00e7\u00e3o jornal\u00edstica refer\u00eancia na \u00e1rea de infraestrutura no Brasil!","publisher":{"@id":"https:\/\/agenciainfra.com\/blog\/#organization"},"potentialAction":[{"@type":"SearchAction","target":{"@type":"EntryPoint","urlTemplate":"https:\/\/agenciainfra.com\/blog\/?s={search_term_string}"},"query-input":{"@type":"PropertyValueSpecification","valueRequired":true,"valueName":"search_term_string"}}],"inLanguage":"pt-BR"},{"@type":"Organization","@id":"https:\/\/agenciainfra.com\/blog\/#organization","name":"Ag\u00eancia iNFRA","url":"https:\/\/agenciainfra.com\/blog\/","logo":{"@type":"ImageObject","inLanguage":"pt-BR","@id":"https:\/\/agenciainfra.com\/blog\/#\/schema\/logo\/image\/","url":"https:\/\/agenciainfra.com\/blog\/wp-content\/uploads\/2023\/09\/iNFRA_5-e1761735885940.png","contentUrl":"https:\/\/agenciainfra.com\/blog\/wp-content\/uploads\/2023\/09\/iNFRA_5-e1761735885940.png","width":1672,"height":454,"caption":"Ag\u00eancia iNFRA"},"image":{"@id":"https:\/\/agenciainfra.com\/blog\/#\/schema\/logo\/image\/"},"sameAs":["https:\/\/www.facebook.com\/ageninfra","https:\/\/x.com\/agencia_infra","https:\/\/www.linkedin.com\/company\/ag\u00eanciainfra\/","https:\/\/www.instagram.com\/agenciainfra\/"]},{"@type":"Person","@id":"https:\/\/agenciainfra.com\/blog\/#\/schema\/person\/04dbb79bd6d8951f063da71f3e4c1eb1","name":"Rodrigo Zuquim","image":{"@type":"ImageObject","inLanguage":"pt-BR","@id":"https:\/\/agenciainfra.com\/blog\/#\/schema\/person\/image\/","url":"https:\/\/secure.gravatar.com\/avatar\/594abfe82761d620726242ff34ca472a705a4b97f16c790053a6b4c4035274d0?s=96&d=mm&r=g","contentUrl":"https:\/\/secure.gravatar.com\/avatar\/594abfe82761d620726242ff34ca472a705a4b97f16c790053a6b4c4035274d0?s=96&d=mm&r=g","caption":"Rodrigo Zuquim"},"url":"https:\/\/agenciainfra.com\/blog\/author\/rodrigo-zuquim\/"}]}},"_links":{"self":[{"href":"https:\/\/agenciainfra.com\/blog\/wp-json\/wp\/v2\/posts\/5685","targetHints":{"allow":["GET"]}}],"collection":[{"href":"https:\/\/agenciainfra.com\/blog\/wp-json\/wp\/v2\/posts"}],"about":[{"href":"https:\/\/agenciainfra.com\/blog\/wp-json\/wp\/v2\/types\/post"}],"author":[{"embeddable":true,"href":"https:\/\/agenciainfra.com\/blog\/wp-json\/wp\/v2\/users\/9"}],"replies":[{"embeddable":true,"href":"https:\/\/agenciainfra.com\/blog\/wp-json\/wp\/v2\/comments?post=5685"}],"version-history":[{"count":0,"href":"https:\/\/agenciainfra.com\/blog\/wp-json\/wp\/v2\/posts\/5685\/revisions"}],"wp:featuredmedia":[{"embeddable":true,"href":"https:\/\/agenciainfra.com\/blog\/wp-json\/wp\/v2\/media\/5686"}],"wp:attachment":[{"href":"https:\/\/agenciainfra.com\/blog\/wp-json\/wp\/v2\/media?parent=5685"}],"wp:term":[{"taxonomy":"category","embeddable":true,"href":"https:\/\/agenciainfra.com\/blog\/wp-json\/wp\/v2\/categories?post=5685"},{"taxonomy":"post_tag","embeddable":true,"href":"https:\/\/agenciainfra.com\/blog\/wp-json\/wp\/v2\/tags?post=5685"}],"curies":[{"name":"wp","href":"https:\/\/api.w.org\/{rel}","templated":true}]}}