{"id":5709,"date":"2020-08-24T08:00:57","date_gmt":"2020-08-24T11:00:57","guid":{"rendered":"https:\/\/www.agenciainfra.com\/blog\/?p=5709"},"modified":"2020-08-21T10:20:15","modified_gmt":"2020-08-21T13:20:15","slug":"falta-de-orcamento-trava-velocidade-das-obras-da-fiol-na-bahia","status":"publish","type":"post","link":"https:\/\/agenciainfra.com\/blog\/falta-de-orcamento-trava-velocidade-das-obras-da-fiol-na-bahia\/","title":{"rendered":"Falta de or\u00e7amento trava velocidade das obras da Fiol, na Bahia"},"content":{"rendered":"\n<hr class=\"wp-block-separator\"\/>\n\n\n\n<p class=\"has-text-align-right\"><strong>da Ag\u00eancia iNFRA<\/strong><\/p>\n\n\n\n<p>Al\u00e9m da miss\u00e3o de unir a Valec e a EPL (Empresa de Planejamento e Log\u00edstica), o presidente da estatal de Ferrovias, Andr\u00e9 Kuhn, contou que o ministro da Infraestrutura deu-lhe outras duas: terminar as ferrovias Fiol (Ferrovia de Integra\u00e7\u00e3o Oeste-Leste) e Transnordestina.<\/p>\n\n\n\n<p>No caso da Fiol, a empresa est\u00e1 fazendo a manuten\u00e7\u00e3o do trecho 1 (Ilh\u00e9us a Caetit\u00e9, na Bahia) \u2013 cerca de 85% do projeto feitos por ela (70% de avan\u00e7o f\u00edsico) \u2013 e apoiando a ANTT (Ag\u00eancia Nacional de Transportes Terrestres)&nbsp;no processo de aprova\u00e7\u00e3o da concess\u00e3o no TCU (Tribunal de Contas da Uni\u00e3o), prevista para este ano.&nbsp;<\/p>\n\n\n\n<p>No trecho seguinte, at\u00e9 Barreiras (BA), a empresa conseguiu ampliar o n\u00famero de trabalhadores na obra, mesmo com a reprograma\u00e7\u00e3o que foi necess\u00e1ria para que fosse poss\u00edvel seguir com as obras mesmo com o cen\u00e1rio de restri\u00e7\u00e3o fiscal atual.<\/p>\n\n\n\n<p><strong>Or\u00e7amento trava avan\u00e7o<\/strong><br>Os dois lotes em andamento, 5 e 7, poderiam ter um avan\u00e7o financeiro de R$ 50 milh\u00f5es ao m\u00eas. Mas, por n\u00e3o haver or\u00e7amento, a estatal s\u00f3 pode pagar R$ 36 milh\u00f5es. Segundo Kuhn, o ajuste \u00e9 necess\u00e1rio porque pior seria chegar ao fim do ano e n\u00e3o ter or\u00e7amento para pagar, o que pararia as obras, gerando um preju\u00edzo ainda maior.<\/p>\n\n\n\n<p>Nos 100 dias da nova gest\u00e3o, foi poss\u00edvel acabar com o atraso nos pagamentos, que chegaram a dois meses, e j\u00e1 se caminha para que as medi\u00e7\u00f5es sejam pagas dentro do m\u00eas, de acordo com o diretor de Administra\u00e7\u00e3o e Finan\u00e7as, M\u00e1rcio Medeiros.<\/p>\n\n\n\n<p>O cen\u00e1rio para 2021, no entanto, n\u00e3o \u00e9 confort\u00e1vel. Com redu\u00e7\u00e3o de custos operacionais em cerca de R$ 14 milh\u00f5es ap\u00f3s a chegada da nova equipe, a empresa conseguiu enviar um pedido de or\u00e7amento dentro do teto de gastos de R$ 400 milh\u00f5es para as obras da Fiol 2. Mas \u00e9 necess\u00e1rio R$ 1,7 bilh\u00e3o para concluir o projeto.<\/p>\n\n\n\n<p>Segundo Medeiros, h\u00e1 negocia\u00e7\u00f5es com o Minist\u00e9rio da Economia para mais R$ 100 milh\u00f5es de or\u00e7amento da Fiol, ainda na parte do governo. E a empresa vai fazer um esfor\u00e7o para comunicar aos deputados federais e senadores, especialmente da Bahia, sobre a import\u00e2ncia da obra e tentar obter mais recursos por meio de emendas parlamentares.<\/p>\n\n\n\n<p>O que tamb\u00e9m vai ajudar, segundo Medeiros, \u00e9 a compra de trilhos prevista para ser feita pela Vale como compensa\u00e7\u00e3o pela renova\u00e7\u00e3o antecipada da EFVM (Estrada de Ferro Vit\u00f3ria a Minas), estimada em R$ 400 milh\u00f5es. A expectativa \u00e9 ter o contrato novo assinado em novembro e liberar assim a compra do material.<\/p>\n\n\n\n<p>A Fiol ainda tem um 3\u00ba trecho, que a ligaria \u00e0 Ferrovia Norte-Sul e \u00e0 Fico (Ferrovia de Integra\u00e7\u00e3o do Centro-Oeste). No momento, segundo o diretor de Engenharia Washington Luke, est\u00e3o sendo atualizados estudos para o melhor caminho, j\u00e1 que o trabalho inicial previa a chegada da ferrovia em Figueir\u00f3polis (TO). Mas a Fico vai mudar de localiza\u00e7\u00e3o, iniciando-se em Mara Rosa (TO), e a inten\u00e7\u00e3o \u00e9 tentar unir as duas.<\/p>\n\n\n\n<p><strong>Transnordestina<\/strong><br>Da \u00faltima miss\u00e3o, completar a Transnordestina, \u00e9 poss\u00edvel ver, mesmo com m\u00e1scara, a tens\u00e3o no rosto do dirigente. A ferrovia que come\u00e7ou a ser constru\u00edda no fim da d\u00e9cada passada tem cerca de 50% de avan\u00e7o. A estimativa para terminar as obras variam na casa dos R$ 7 bilh\u00f5es.<\/p>\n\n\n\n<p>A obra que ligaria os portos de Pec\u00e9m (CE) e Suape (PE) a Eliseu Martins (PI) \u00e9 uma concess\u00e3o para a Transnordestina Log\u00edstica, do grupo CSN, que j\u00e1 opera outras linhas no Nordeste. No ano passado, pouco antes de a ANTT indicar ao governo a caducidade da concess\u00e3o pelos atrasos na implementa\u00e7\u00e3o,&nbsp;<a href=\"https:\/\/agenciainfra.us14.list-manage.com\/track\/click?u=d460dd1bcf9ba0ae040e1fc0f&amp;id=35fd9accff&amp;e=c099169394\" target=\"_blank\" rel=\"noreferrer noopener\">a empresa retomou os investimentos<\/a>&nbsp;com recursos pr\u00f3prios, mas a perspectiva de gastos s\u00e3o \u00ednfimos em rela\u00e7\u00e3o ao que \u00e9 necess\u00e1rio para terminar o projeto, cerca de R$ 200 milh\u00f5es.<\/p>\n\n\n\n<p>O presidente&nbsp;explicou que a Valec \u00e9 s\u00f3cia do empreendimento e, por isso, est\u00e1 apoiando com informa\u00e7\u00f5es e an\u00e1lises a tomada de decis\u00e3o do minist\u00e9rio e da ANTT sobre os investimentos. O TCU suspendeu, at\u00e9 que se tenham projetos executivos aprovados para a obra, que qualquer ente federal, inclusive fundos e bancos, possam colocar recursos no projeto.&nbsp;<\/p>\n\n\n\n<p>Kuhn acredita que a paralisa\u00e7\u00e3o das obras seria &#8220;financeira, econ\u00f4mica e socialmente uma decis\u00e3o ruim para o pa\u00eds&#8221;. Ser\u00e1 necess\u00e1rio ter uma solu\u00e7\u00e3o dentro da legalidade para que elas continuem, o que ele reconhece que &#8220;n\u00e3o ser\u00e1 f\u00e1cil&#8221;.<\/p>\n","protected":false},"excerpt":{"rendered":"<p>da Ag\u00eancia iNFRA Al\u00e9m da miss\u00e3o de unir a Valec e a EPL (Empresa de Planejamento e Log\u00edstica), o presidente da estatal de Ferrovias, Andr\u00e9 Kuhn, contou que o ministro da Infraestrutura deu-lhe outras duas: terminar as ferrovias Fiol (Ferrovia de Integra\u00e7\u00e3o Oeste-Leste) e Transnordestina. No caso da Fiol, a empresa est\u00e1 fazendo a manuten\u00e7\u00e3o [&hellip;]<\/p>\n","protected":false},"author":9,"featured_media":5710,"comment_status":"closed","ping_status":"closed","sticky":false,"template":"","format":"standard","meta":{"_monsterinsights_skip_tracking":false,"_monsterinsights_sitenote_active":false,"_monsterinsights_sitenote_note":"","_monsterinsights_sitenote_category":0,"footnotes":""},"categories":[1,7],"tags":[2521,19,610,31,472,156,2523,775,18,504,160,2524],"class_list":["post-5709","post","type-post","status-publish","format-standard","has-post-thumbnail","hentry","category-geral","category-infratransporte","tag-andre-kuhn","tag-antt","tag-bahia","tag-ferrovia-norte-sul","tag-fico","tag-fiol","tag-marcio-medeiros","tag-ministerio-da-infraestrutura","tag-tcu","tag-transnordestina","tag-valec","tag-washington-luke"],"yoast_head":"<!-- This site is optimized with the Yoast SEO Premium plugin v25.4 (Yoast SEO v26.0) - https:\/\/yoast.com\/wordpress\/plugins\/seo\/ -->\n<title>Falta de or\u00e7amento trava velocidade das obras da Fiol, na Bahia - Ag\u00eancia iNFRA<\/title>\n<meta name=\"robots\" content=\"index, follow, max-snippet:-1, max-image-preview:large, max-video-preview:-1\" \/>\n<link rel=\"canonical\" href=\"https:\/\/agenciainfra.com\/blog\/falta-de-orcamento-trava-velocidade-das-obras-da-fiol-na-bahia\/\" \/>\n<meta property=\"og:locale\" content=\"pt_BR\" \/>\n<meta property=\"og:type\" content=\"article\" \/>\n<meta property=\"og:title\" content=\"Falta de or\u00e7amento trava velocidade das obras da Fiol, na Bahia\" \/>\n<meta property=\"og:description\" content=\"da Ag\u00eancia iNFRA Al\u00e9m da miss\u00e3o de unir a Valec e a EPL (Empresa de Planejamento e Log\u00edstica), o presidente da estatal de Ferrovias, Andr\u00e9 Kuhn, contou que o ministro da Infraestrutura deu-lhe outras duas: terminar as ferrovias Fiol (Ferrovia de Integra\u00e7\u00e3o Oeste-Leste) e Transnordestina. No caso da Fiol, a empresa est\u00e1 fazendo a manuten\u00e7\u00e3o [&hellip;]\" \/>\n<meta property=\"og:url\" content=\"https:\/\/agenciainfra.com\/blog\/falta-de-orcamento-trava-velocidade-das-obras-da-fiol-na-bahia\/\" \/>\n<meta property=\"og:site_name\" content=\"Ag\u00eancia iNFRA\" \/>\n<meta property=\"article:publisher\" content=\"https:\/\/www.facebook.com\/ageninfra\" \/>\n<meta property=\"article:published_time\" content=\"2020-08-24T11:00:57+00:00\" \/>\n<meta property=\"og:image\" content=\"https:\/\/agenciainfra.com\/blog\/wp-content\/uploads\/2020\/08\/fiol-bahia-foto-govba.jpeg\" \/>\n\t<meta property=\"og:image:width\" content=\"1280\" \/>\n\t<meta property=\"og:image:height\" content=\"853\" \/>\n\t<meta property=\"og:image:type\" content=\"image\/jpeg\" \/>\n<meta name=\"author\" content=\"Rodrigo Zuquim\" \/>\n<meta name=\"twitter:card\" content=\"summary_large_image\" \/>\n<meta name=\"twitter:creator\" content=\"@agencia_infra\" \/>\n<meta name=\"twitter:site\" content=\"@agencia_infra\" \/>\n<meta name=\"twitter:label1\" content=\"Escrito por\" \/>\n\t<meta name=\"twitter:data1\" content=\"Rodrigo Zuquim\" \/>\n\t<meta name=\"twitter:label2\" content=\"Est. tempo de leitura\" \/>\n\t<meta name=\"twitter:data2\" content=\"4 minutos\" \/>\n<script type=\"application\/ld+json\" class=\"yoast-schema-graph\">{\"@context\":\"https:\/\/schema.org\",\"@graph\":[{\"@type\":\"Article\",\"@id\":\"https:\/\/agenciainfra.com\/blog\/falta-de-orcamento-trava-velocidade-das-obras-da-fiol-na-bahia\/#article\",\"isPartOf\":{\"@id\":\"https:\/\/agenciainfra.com\/blog\/falta-de-orcamento-trava-velocidade-das-obras-da-fiol-na-bahia\/\"},\"author\":{\"name\":\"Rodrigo Zuquim\",\"@id\":\"https:\/\/agenciainfra.com\/blog\/#\/schema\/person\/04dbb79bd6d8951f063da71f3e4c1eb1\"},\"headline\":\"Falta de or\u00e7amento trava velocidade das obras da Fiol, na Bahia\",\"datePublished\":\"2020-08-24T11:00:57+00:00\",\"mainEntityOfPage\":{\"@id\":\"https:\/\/agenciainfra.com\/blog\/falta-de-orcamento-trava-velocidade-das-obras-da-fiol-na-bahia\/\"},\"wordCount\":796,\"publisher\":{\"@id\":\"https:\/\/agenciainfra.com\/blog\/#organization\"},\"image\":{\"@id\":\"https:\/\/agenciainfra.com\/blog\/falta-de-orcamento-trava-velocidade-das-obras-da-fiol-na-bahia\/#primaryimage\"},\"thumbnailUrl\":\"https:\/\/agenciainfra.com\/blog\/wp-content\/uploads\/2020\/08\/fiol-bahia-foto-govba.jpeg\",\"keywords\":[\"Andr\u00e9 Kuhn\",\"ANTT\",\"Bahia\",\"Ferrovia Norte-Sul\",\"FICO\",\"FIOL\",\"M\u00e1rcio Medeiros\",\"Minist\u00e9rio da Infraestrutura\",\"TCU\",\"Transnordestina\",\"Valec\",\"Washington Luke\"],\"articleSection\":[\"Geral\",\"iNFRATransporte\"],\"inLanguage\":\"pt-BR\",\"copyrightYear\":\"2020\",\"copyrightHolder\":{\"@id\":\"https:\/\/agenciainfra.com\/blog\/#organization\"}},{\"@type\":\"WebPage\",\"@id\":\"https:\/\/agenciainfra.com\/blog\/falta-de-orcamento-trava-velocidade-das-obras-da-fiol-na-bahia\/\",\"url\":\"https:\/\/agenciainfra.com\/blog\/falta-de-orcamento-trava-velocidade-das-obras-da-fiol-na-bahia\/\",\"name\":\"Falta de or\u00e7amento trava velocidade das obras da Fiol, na Bahia - Ag\u00eancia iNFRA\",\"isPartOf\":{\"@id\":\"https:\/\/agenciainfra.com\/blog\/#website\"},\"primaryImageOfPage\":{\"@id\":\"https:\/\/agenciainfra.com\/blog\/falta-de-orcamento-trava-velocidade-das-obras-da-fiol-na-bahia\/#primaryimage\"},\"image\":{\"@id\":\"https:\/\/agenciainfra.com\/blog\/falta-de-orcamento-trava-velocidade-das-obras-da-fiol-na-bahia\/#primaryimage\"},\"thumbnailUrl\":\"https:\/\/agenciainfra.com\/blog\/wp-content\/uploads\/2020\/08\/fiol-bahia-foto-govba.jpeg\",\"datePublished\":\"2020-08-24T11:00:57+00:00\",\"breadcrumb\":{\"@id\":\"https:\/\/agenciainfra.com\/blog\/falta-de-orcamento-trava-velocidade-das-obras-da-fiol-na-bahia\/#breadcrumb\"},\"inLanguage\":\"pt-BR\",\"potentialAction\":[{\"@type\":\"ReadAction\",\"target\":[\"https:\/\/agenciainfra.com\/blog\/falta-de-orcamento-trava-velocidade-das-obras-da-fiol-na-bahia\/\"]}]},{\"@type\":\"ImageObject\",\"inLanguage\":\"pt-BR\",\"@id\":\"https:\/\/agenciainfra.com\/blog\/falta-de-orcamento-trava-velocidade-das-obras-da-fiol-na-bahia\/#primaryimage\",\"url\":\"https:\/\/agenciainfra.com\/blog\/wp-content\/uploads\/2020\/08\/fiol-bahia-foto-govba.jpeg\",\"contentUrl\":\"https:\/\/agenciainfra.com\/blog\/wp-content\/uploads\/2020\/08\/fiol-bahia-foto-govba.jpeg\",\"width\":1280,\"height\":853,\"caption\":\"Foto: El\u00f3i Corr\u00eaa\/Governo da Bahia\"},{\"@type\":\"BreadcrumbList\",\"@id\":\"https:\/\/agenciainfra.com\/blog\/falta-de-orcamento-trava-velocidade-das-obras-da-fiol-na-bahia\/#breadcrumb\",\"itemListElement\":[{\"@type\":\"ListItem\",\"position\":1,\"name\":\"In\u00edcio\",\"item\":\"https:\/\/agenciainfra.com\/blog\/\"},{\"@type\":\"ListItem\",\"position\":2,\"name\":\"Falta de or\u00e7amento trava velocidade das obras da Fiol, na Bahia\"}]},{\"@type\":\"WebSite\",\"@id\":\"https:\/\/agenciainfra.com\/blog\/#website\",\"url\":\"https:\/\/agenciainfra.com\/blog\/\",\"name\":\"Ag\u00eancia iNFRA\",\"description\":\"Multiplataforma de informa\u00e7\u00e3o jornal\u00edstica refer\u00eancia na \u00e1rea de infraestrutura no Brasil!\",\"publisher\":{\"@id\":\"https:\/\/agenciainfra.com\/blog\/#organization\"},\"potentialAction\":[{\"@type\":\"SearchAction\",\"target\":{\"@type\":\"EntryPoint\",\"urlTemplate\":\"https:\/\/agenciainfra.com\/blog\/?s={search_term_string}\"},\"query-input\":{\"@type\":\"PropertyValueSpecification\",\"valueRequired\":true,\"valueName\":\"search_term_string\"}}],\"inLanguage\":\"pt-BR\"},{\"@type\":\"Organization\",\"@id\":\"https:\/\/agenciainfra.com\/blog\/#organization\",\"name\":\"Ag\u00eancia iNFRA\",\"url\":\"https:\/\/agenciainfra.com\/blog\/\",\"logo\":{\"@type\":\"ImageObject\",\"inLanguage\":\"pt-BR\",\"@id\":\"https:\/\/agenciainfra.com\/blog\/#\/schema\/logo\/image\/\",\"url\":\"https:\/\/agenciainfra.com\/blog\/wp-content\/uploads\/2023\/09\/iNFRA_5-e1761735885940.png\",\"contentUrl\":\"https:\/\/agenciainfra.com\/blog\/wp-content\/uploads\/2023\/09\/iNFRA_5-e1761735885940.png\",\"width\":1672,\"height\":454,\"caption\":\"Ag\u00eancia iNFRA\"},\"image\":{\"@id\":\"https:\/\/agenciainfra.com\/blog\/#\/schema\/logo\/image\/\"},\"sameAs\":[\"https:\/\/www.facebook.com\/ageninfra\",\"https:\/\/x.com\/agencia_infra\",\"https:\/\/www.linkedin.com\/company\/ag\u00eanciainfra\/\",\"https:\/\/www.instagram.com\/agenciainfra\/\"]},{\"@type\":\"Person\",\"@id\":\"https:\/\/agenciainfra.com\/blog\/#\/schema\/person\/04dbb79bd6d8951f063da71f3e4c1eb1\",\"name\":\"Rodrigo Zuquim\",\"image\":{\"@type\":\"ImageObject\",\"inLanguage\":\"pt-BR\",\"@id\":\"https:\/\/agenciainfra.com\/blog\/#\/schema\/person\/image\/\",\"url\":\"https:\/\/secure.gravatar.com\/avatar\/594abfe82761d620726242ff34ca472a705a4b97f16c790053a6b4c4035274d0?s=96&d=mm&r=g\",\"contentUrl\":\"https:\/\/secure.gravatar.com\/avatar\/594abfe82761d620726242ff34ca472a705a4b97f16c790053a6b4c4035274d0?s=96&d=mm&r=g\",\"caption\":\"Rodrigo Zuquim\"},\"url\":\"https:\/\/agenciainfra.com\/blog\/author\/rodrigo-zuquim\/\"}]}<\/script>\n<!-- \/ Yoast SEO Premium plugin. -->","yoast_head_json":{"title":"Falta de or\u00e7amento trava velocidade das obras da Fiol, na Bahia - Ag\u00eancia iNFRA","robots":{"index":"index","follow":"follow","max-snippet":"max-snippet:-1","max-image-preview":"max-image-preview:large","max-video-preview":"max-video-preview:-1"},"canonical":"https:\/\/agenciainfra.com\/blog\/falta-de-orcamento-trava-velocidade-das-obras-da-fiol-na-bahia\/","og_locale":"pt_BR","og_type":"article","og_title":"Falta de or\u00e7amento trava velocidade das obras da Fiol, na Bahia","og_description":"da Ag\u00eancia iNFRA Al\u00e9m da miss\u00e3o de unir a Valec e a EPL (Empresa de Planejamento e Log\u00edstica), o presidente da estatal de Ferrovias, Andr\u00e9 Kuhn, contou que o ministro da Infraestrutura deu-lhe outras duas: terminar as ferrovias Fiol (Ferrovia de Integra\u00e7\u00e3o Oeste-Leste) e Transnordestina. No caso da Fiol, a empresa est\u00e1 fazendo a manuten\u00e7\u00e3o [&hellip;]","og_url":"https:\/\/agenciainfra.com\/blog\/falta-de-orcamento-trava-velocidade-das-obras-da-fiol-na-bahia\/","og_site_name":"Ag\u00eancia iNFRA","article_publisher":"https:\/\/www.facebook.com\/ageninfra","article_published_time":"2020-08-24T11:00:57+00:00","og_image":[{"width":1280,"height":853,"url":"https:\/\/agenciainfra.com\/blog\/wp-content\/uploads\/2020\/08\/fiol-bahia-foto-govba.jpeg","type":"image\/jpeg"}],"author":"Rodrigo Zuquim","twitter_card":"summary_large_image","twitter_creator":"@agencia_infra","twitter_site":"@agencia_infra","twitter_misc":{"Escrito por":"Rodrigo Zuquim","Est. tempo de leitura":"4 minutos"},"schema":{"@context":"https:\/\/schema.org","@graph":[{"@type":"Article","@id":"https:\/\/agenciainfra.com\/blog\/falta-de-orcamento-trava-velocidade-das-obras-da-fiol-na-bahia\/#article","isPartOf":{"@id":"https:\/\/agenciainfra.com\/blog\/falta-de-orcamento-trava-velocidade-das-obras-da-fiol-na-bahia\/"},"author":{"name":"Rodrigo Zuquim","@id":"https:\/\/agenciainfra.com\/blog\/#\/schema\/person\/04dbb79bd6d8951f063da71f3e4c1eb1"},"headline":"Falta de or\u00e7amento trava velocidade das obras da Fiol, na Bahia","datePublished":"2020-08-24T11:00:57+00:00","mainEntityOfPage":{"@id":"https:\/\/agenciainfra.com\/blog\/falta-de-orcamento-trava-velocidade-das-obras-da-fiol-na-bahia\/"},"wordCount":796,"publisher":{"@id":"https:\/\/agenciainfra.com\/blog\/#organization"},"image":{"@id":"https:\/\/agenciainfra.com\/blog\/falta-de-orcamento-trava-velocidade-das-obras-da-fiol-na-bahia\/#primaryimage"},"thumbnailUrl":"https:\/\/agenciainfra.com\/blog\/wp-content\/uploads\/2020\/08\/fiol-bahia-foto-govba.jpeg","keywords":["Andr\u00e9 Kuhn","ANTT","Bahia","Ferrovia Norte-Sul","FICO","FIOL","M\u00e1rcio Medeiros","Minist\u00e9rio da Infraestrutura","TCU","Transnordestina","Valec","Washington Luke"],"articleSection":["Geral","iNFRATransporte"],"inLanguage":"pt-BR","copyrightYear":"2020","copyrightHolder":{"@id":"https:\/\/agenciainfra.com\/blog\/#organization"}},{"@type":"WebPage","@id":"https:\/\/agenciainfra.com\/blog\/falta-de-orcamento-trava-velocidade-das-obras-da-fiol-na-bahia\/","url":"https:\/\/agenciainfra.com\/blog\/falta-de-orcamento-trava-velocidade-das-obras-da-fiol-na-bahia\/","name":"Falta de or\u00e7amento trava velocidade das obras da Fiol, na Bahia - Ag\u00eancia iNFRA","isPartOf":{"@id":"https:\/\/agenciainfra.com\/blog\/#website"},"primaryImageOfPage":{"@id":"https:\/\/agenciainfra.com\/blog\/falta-de-orcamento-trava-velocidade-das-obras-da-fiol-na-bahia\/#primaryimage"},"image":{"@id":"https:\/\/agenciainfra.com\/blog\/falta-de-orcamento-trava-velocidade-das-obras-da-fiol-na-bahia\/#primaryimage"},"thumbnailUrl":"https:\/\/agenciainfra.com\/blog\/wp-content\/uploads\/2020\/08\/fiol-bahia-foto-govba.jpeg","datePublished":"2020-08-24T11:00:57+00:00","breadcrumb":{"@id":"https:\/\/agenciainfra.com\/blog\/falta-de-orcamento-trava-velocidade-das-obras-da-fiol-na-bahia\/#breadcrumb"},"inLanguage":"pt-BR","potentialAction":[{"@type":"ReadAction","target":["https:\/\/agenciainfra.com\/blog\/falta-de-orcamento-trava-velocidade-das-obras-da-fiol-na-bahia\/"]}]},{"@type":"ImageObject","inLanguage":"pt-BR","@id":"https:\/\/agenciainfra.com\/blog\/falta-de-orcamento-trava-velocidade-das-obras-da-fiol-na-bahia\/#primaryimage","url":"https:\/\/agenciainfra.com\/blog\/wp-content\/uploads\/2020\/08\/fiol-bahia-foto-govba.jpeg","contentUrl":"https:\/\/agenciainfra.com\/blog\/wp-content\/uploads\/2020\/08\/fiol-bahia-foto-govba.jpeg","width":1280,"height":853,"caption":"Foto: El\u00f3i Corr\u00eaa\/Governo da Bahia"},{"@type":"BreadcrumbList","@id":"https:\/\/agenciainfra.com\/blog\/falta-de-orcamento-trava-velocidade-das-obras-da-fiol-na-bahia\/#breadcrumb","itemListElement":[{"@type":"ListItem","position":1,"name":"In\u00edcio","item":"https:\/\/agenciainfra.com\/blog\/"},{"@type":"ListItem","position":2,"name":"Falta de or\u00e7amento trava velocidade das obras da Fiol, na Bahia"}]},{"@type":"WebSite","@id":"https:\/\/agenciainfra.com\/blog\/#website","url":"https:\/\/agenciainfra.com\/blog\/","name":"Ag\u00eancia iNFRA","description":"Multiplataforma de informa\u00e7\u00e3o jornal\u00edstica refer\u00eancia na \u00e1rea de infraestrutura no Brasil!","publisher":{"@id":"https:\/\/agenciainfra.com\/blog\/#organization"},"potentialAction":[{"@type":"SearchAction","target":{"@type":"EntryPoint","urlTemplate":"https:\/\/agenciainfra.com\/blog\/?s={search_term_string}"},"query-input":{"@type":"PropertyValueSpecification","valueRequired":true,"valueName":"search_term_string"}}],"inLanguage":"pt-BR"},{"@type":"Organization","@id":"https:\/\/agenciainfra.com\/blog\/#organization","name":"Ag\u00eancia iNFRA","url":"https:\/\/agenciainfra.com\/blog\/","logo":{"@type":"ImageObject","inLanguage":"pt-BR","@id":"https:\/\/agenciainfra.com\/blog\/#\/schema\/logo\/image\/","url":"https:\/\/agenciainfra.com\/blog\/wp-content\/uploads\/2023\/09\/iNFRA_5-e1761735885940.png","contentUrl":"https:\/\/agenciainfra.com\/blog\/wp-content\/uploads\/2023\/09\/iNFRA_5-e1761735885940.png","width":1672,"height":454,"caption":"Ag\u00eancia iNFRA"},"image":{"@id":"https:\/\/agenciainfra.com\/blog\/#\/schema\/logo\/image\/"},"sameAs":["https:\/\/www.facebook.com\/ageninfra","https:\/\/x.com\/agencia_infra","https:\/\/www.linkedin.com\/company\/ag\u00eanciainfra\/","https:\/\/www.instagram.com\/agenciainfra\/"]},{"@type":"Person","@id":"https:\/\/agenciainfra.com\/blog\/#\/schema\/person\/04dbb79bd6d8951f063da71f3e4c1eb1","name":"Rodrigo Zuquim","image":{"@type":"ImageObject","inLanguage":"pt-BR","@id":"https:\/\/agenciainfra.com\/blog\/#\/schema\/person\/image\/","url":"https:\/\/secure.gravatar.com\/avatar\/594abfe82761d620726242ff34ca472a705a4b97f16c790053a6b4c4035274d0?s=96&d=mm&r=g","contentUrl":"https:\/\/secure.gravatar.com\/avatar\/594abfe82761d620726242ff34ca472a705a4b97f16c790053a6b4c4035274d0?s=96&d=mm&r=g","caption":"Rodrigo Zuquim"},"url":"https:\/\/agenciainfra.com\/blog\/author\/rodrigo-zuquim\/"}]}},"_links":{"self":[{"href":"https:\/\/agenciainfra.com\/blog\/wp-json\/wp\/v2\/posts\/5709","targetHints":{"allow":["GET"]}}],"collection":[{"href":"https:\/\/agenciainfra.com\/blog\/wp-json\/wp\/v2\/posts"}],"about":[{"href":"https:\/\/agenciainfra.com\/blog\/wp-json\/wp\/v2\/types\/post"}],"author":[{"embeddable":true,"href":"https:\/\/agenciainfra.com\/blog\/wp-json\/wp\/v2\/users\/9"}],"replies":[{"embeddable":true,"href":"https:\/\/agenciainfra.com\/blog\/wp-json\/wp\/v2\/comments?post=5709"}],"version-history":[{"count":0,"href":"https:\/\/agenciainfra.com\/blog\/wp-json\/wp\/v2\/posts\/5709\/revisions"}],"wp:featuredmedia":[{"embeddable":true,"href":"https:\/\/agenciainfra.com\/blog\/wp-json\/wp\/v2\/media\/5710"}],"wp:attachment":[{"href":"https:\/\/agenciainfra.com\/blog\/wp-json\/wp\/v2\/media?parent=5709"}],"wp:term":[{"taxonomy":"category","embeddable":true,"href":"https:\/\/agenciainfra.com\/blog\/wp-json\/wp\/v2\/categories?post=5709"},{"taxonomy":"post_tag","embeddable":true,"href":"https:\/\/agenciainfra.com\/blog\/wp-json\/wp\/v2\/tags?post=5709"}],"curies":[{"name":"wp","href":"https:\/\/api.w.org\/{rel}","templated":true}]}}