{"id":5712,"date":"2020-08-25T08:00:11","date_gmt":"2020-08-25T11:00:11","guid":{"rendered":"https:\/\/www.agenciainfra.com\/blog\/?p=5712"},"modified":"2020-08-24T11:00:22","modified_gmt":"2020-08-24T14:00:22","slug":"cia-aerea-da-itapemirim-quer-consolidar-sinergia-com-rodoviario-em-carga-e-passageiro","status":"publish","type":"post","link":"https:\/\/agenciainfra.com\/blog\/cia-aerea-da-itapemirim-quer-consolidar-sinergia-com-rodoviario-em-carga-e-passageiro\/","title":{"rendered":"Cia a\u00e9rea da Itapemirim quer consolidar sinergia com rodovi\u00e1rio em carga e passageiro"},"content":{"rendered":"\n<hr class=\"wp-block-separator\"\/>\n\n\n\n<p class=\"has-text-align-right\"><strong>Dimmi Amora, da\u00a0Ag\u00eancia iNFRA<\/strong><\/p>\n\n\n\n<p>Cargas e passageiros que j\u00e1 viajam em uma empresa com quase 70 anos de hist\u00f3ria e que alcan\u00e7a 58% do territ\u00f3rio nacional s\u00e3o a base da mais nova companhia a\u00e9rea do pa\u00eds, a Ita Transportes A\u00e9reos, do grupo Itapemirim.\u00a0<br><br>A partir desta semana, a companhia entra em sua fase de contrata\u00e7\u00e3o de 600 pessoas para iniciar as opera\u00e7\u00f5es, com planos para voar ainda neste ano.<br><br>&#8220;A carga \u00e9 um pilar do nosso neg\u00f3cio. Queremos ser uma empresa de\u00a0<em>pickup and delivery<\/em>\u00a0para levar do primeiro ponto de coleta at\u00e9 a \u00faltima milha, com a capilaridade de quem est\u00e1 em 58% do territ\u00f3rio nacional&#8221;, afirmou Rodrigo Vila\u00e7a, CEO do Grupo Itapemirim.<br><br>A Itapemirim j\u00e1 foi uma da maiores companhias de transporte rodovi\u00e1rio de passageiros do pa\u00eds. Entrou em recupera\u00e7\u00e3o judicial a partir de 2017 e, segundo Vila\u00e7a, essa etapa est\u00e1 agora em fase final, classificada por ele como programa de estabiliza\u00e7\u00e3o.<br><br>Vila\u00e7a contou que o\u00a0controlador da companhia, o empres\u00e1rio Sidnei Piva, esteve pr\u00f3ximo de adquirir a Passaredo em 2017 e a ideia de ter uma companhia a\u00e9rea n\u00e3o foi descartada. Neste ano, ap\u00f3s visitas a empres\u00e1rios na \u00c1sia, o projeto se fortaleceu e foi anunciado, pouco antes da declara\u00e7\u00e3o de que a Covid-19 era uma pandemia.<br><br>O que para as companhias existentes tem sido considerado o maior choque da hist\u00f3ria do setor, para a Ita Transportes A\u00e9reos foi a oportunidade ideal, como explica o CEO contratado h\u00e1 120 dias para iniciar a empresa, Tiago Senna.<br><br>Segundo ele, a Ita vai come\u00e7ar com 10 aeronaves, semelhante ao n\u00famero com o qual as atuais companhias nacionais est\u00e3o trabalhando hoje. Mas a Ita n\u00e3o tem os custos que essas empresas t\u00eam para manter suas atuais estruturas, montadas para o momento de pico da demanda, explicou o CEO. Al\u00e9m disso, segundo Senna, a pandemia proporcionou negocia\u00e7\u00f5es melhores com fornecedores.<br><br>Senna disse que a Ita ter\u00e1 tr\u00eas hubs de opera\u00e7\u00e3o\u00a0(Guarulhos, em S\u00e3o Paulo, Gale\u00e3o, no Rio de Janeiro, e Bras\u00edlia), mas as rotas a partir deles ainda s\u00e3o segredos comerciais. Ele lembrou que, no planejamento inicial, a Ita seria uma companhia regional, mas que a pandemia abriu a oportunidade para que ela come\u00e7asse nacional.<br><br>A inten\u00e7\u00e3o \u00e9 seguir tendo capilaridade, com acordos com companhias menores e ou t\u00e1xis a\u00e9reos, cujas regras agora est\u00e3o mais flex\u00edveis ap\u00f3s mudan\u00e7as na ANAC (Ag\u00eancia Nacional de Avia\u00e7\u00e3o Civil), que est\u00e1 permitindo venda de assentos nesse tipo de opera\u00e7\u00e3o.<br><br>Al\u00e9m do compartilhamento com outras a\u00e9reas, a empresa tamb\u00e9m vai estimular a integra\u00e7\u00e3o com seus passageiros do rodovi\u00e1rio. Segundo Vila\u00e7a, antes da Covid-19, a Itapemirim transportava 2,1 milh\u00f5es de passageiros ao ano.<br><br>&#8220;Nossa inten\u00e7\u00e3o \u00e9 ter, no conjunto rodovi\u00e1rio e aerovi\u00e1rio, 10 milh\u00f5es de passageiros ao ano&#8221;, diz, referindo-se a quando houver retorno da demanda ao patamar pr\u00e9-Covid-19, o que para ele s\u00f3 deve ocorrer em 2022.\u00a0<br><br><strong>Transporte de carga fundamental<\/strong><br>O servi\u00e7o de carga \u00e9 considerado fundamental na estrat\u00e9gia da nova companhia. A empresa que aproveitar sua capilaridade, com a frota de 228 \u00f4nibus em opera\u00e7\u00e3o e outros 550 em reserva por causa da pandemia, para ter um forte servi\u00e7o de entregas em todo o pa\u00eds.<br><br>As sinergias, segundo Vila\u00e7a, n\u00e3o v\u00e3o parar entre os setores rodovi\u00e1rio e a\u00e9reo. Recentemente, Piva unificou v\u00e1rias companhias fornecedoras do setor ferrovi\u00e1rio na T&#8217;Trans e iniciou concorr\u00eancias para disputar concess\u00f5es metroferrovi\u00e1rias.<br><br>Venceu a disputa pelo monotrilho da Linha 17 de S\u00e3o Paulo, mas a empresa foi desclassificada pelo governo e est\u00e1 em disputa judicial. Tamb\u00e9m est\u00e1 em disputa para o projeto de transporte de passageiros em Guarulhos entre o terminal e a esta\u00e7\u00e3o de trem. A concess\u00e3o das linhas 8 e 9 da CPTM \u00e9 o pr\u00f3ximo objetivo da empresa, segundo Vila\u00e7a.<br><br><strong>Primeira nova a\u00e9rea ap\u00f3s abertura do mercado<\/strong><br>No primeiro semestre de 2019, o governo federal conseguiu fazer uma mudan\u00e7a regulat\u00f3ria para permitir que as companhias nacionais pudessem ter estrangeiros como controladores.\u00a0Houve grande expectativa de que novas empresas internacionais entrassem no pa\u00eds, mas n\u00e3o foi o que ocorreu. O pa\u00eds ficou restrito a tr\u00eas grandes empresas at\u00e9 a pandemia, ap\u00f3s a fal\u00eancia da Avianca tamb\u00e9m em 2019.<br><br>A Ita ser\u00e1 o primeiro player de grande porte a desafiar o mercado atual, restrito a tr\u00eas grandes companhias, Latam, Gol e Azul. Segundo Senna, as diferen\u00e7as culturais do Brasil para outros pa\u00edses e uma estrutura mais cara de custos e complexa de impostos foram os respons\u00e1veis por ainda n\u00e3o termos tido estrangeiras aqui. Perguntado por que isso n\u00e3o afastaria as empresas nacionais, Senna afirmou:<br><br>&#8220;Somos brasileiros. Estamos aqui e conhecemos bem [os problemas]&#8221;.<br><br>Duas das barreiras de entrada que o setor a\u00e9reo tem apontado como inibidores de novas empresas, segundo Senna, n\u00e3o ser\u00e3o problema para a Ita. Segundo ele, n\u00e3o houve problemas com o fornecimento de combust\u00edveis nos aeroportos e n\u00e3o est\u00e1 nos planos iniciais da empresa a utiliza\u00e7\u00e3o de aeroportos com restri\u00e7\u00e3o de slots, como Congonhas (SP) e Santos Dumont (RJ).<br><br>&#8220;Claro que todos querem voar nesses aeroportos que t\u00eam yield muito alto. Mas, no momento, n\u00e3o est\u00e1 na nossa estrat\u00e9gia&#8221;, afirmou o CEO da companhia.<\/p>\n","protected":false},"excerpt":{"rendered":"<p>Dimmi Amora, da\u00a0Ag\u00eancia iNFRA Cargas e passageiros que j\u00e1 viajam em uma empresa com quase 70 anos de hist\u00f3ria e que alcan\u00e7a 58% do territ\u00f3rio nacional s\u00e3o a base da mais nova companhia a\u00e9rea do pa\u00eds, a Ita Transportes A\u00e9reos, do grupo Itapemirim.\u00a0 A partir desta semana, a companhia entra em sua fase de contrata\u00e7\u00e3o [&hellip;]<\/p>\n","protected":false},"author":9,"featured_media":5713,"comment_status":"closed","ping_status":"closed","sticky":false,"template":"","format":"standard","meta":{"_monsterinsights_skip_tracking":false,"_monsterinsights_sitenote_active":false,"_monsterinsights_sitenote_note":"","_monsterinsights_sitenote_category":0,"footnotes":""},"categories":[1,7],"tags":[242,2532,2527,2525,2528,2529,2530,1059,2526,902],"class_list":["post-5712","post","type-post","status-publish","format-standard","has-post-thumbnail","hentry","category-geral","category-infratransporte","tag-anac","tag-cptm","tag-ita-transportes-aereos","tag-itapemirim","tag-rodrigo-vilaca","tag-sidnei-piva","tag-tiago-senna","tag-transporte-de-cargas","tag-transporte-de-passageiros","tag-transporte-rodoviario"],"yoast_head":"<!-- This site is optimized with the Yoast SEO Premium plugin v25.4 (Yoast SEO v26.0) - https:\/\/yoast.com\/wordpress\/plugins\/seo\/ -->\n<title>Cia a\u00e9rea da Itapemirim quer consolidar sinergia com rodovi\u00e1rio em carga e passageiro - Ag\u00eancia iNFRA<\/title>\n<meta name=\"robots\" content=\"index, follow, max-snippet:-1, max-image-preview:large, max-video-preview:-1\" \/>\n<link rel=\"canonical\" href=\"https:\/\/agenciainfra.com\/blog\/cia-aerea-da-itapemirim-quer-consolidar-sinergia-com-rodoviario-em-carga-e-passageiro\/\" \/>\n<meta property=\"og:locale\" content=\"pt_BR\" \/>\n<meta property=\"og:type\" content=\"article\" \/>\n<meta property=\"og:title\" content=\"Cia a\u00e9rea da Itapemirim quer consolidar sinergia com rodovi\u00e1rio em carga e passageiro\" \/>\n<meta property=\"og:description\" content=\"Dimmi Amora, da\u00a0Ag\u00eancia iNFRA Cargas e passageiros que j\u00e1 viajam em uma empresa com quase 70 anos de hist\u00f3ria e que alcan\u00e7a 58% do territ\u00f3rio nacional s\u00e3o a base da mais nova companhia a\u00e9rea do pa\u00eds, a Ita Transportes A\u00e9reos, do grupo Itapemirim.\u00a0 A partir desta semana, a companhia entra em sua fase de contrata\u00e7\u00e3o [&hellip;]\" \/>\n<meta property=\"og:url\" content=\"https:\/\/agenciainfra.com\/blog\/cia-aerea-da-itapemirim-quer-consolidar-sinergia-com-rodoviario-em-carga-e-passageiro\/\" \/>\n<meta property=\"og:site_name\" content=\"Ag\u00eancia iNFRA\" \/>\n<meta property=\"article:publisher\" content=\"https:\/\/www.facebook.com\/ageninfra\" \/>\n<meta property=\"article:published_time\" content=\"2020-08-25T11:00:11+00:00\" \/>\n<meta property=\"og:image\" content=\"https:\/\/agenciainfra.com\/blog\/wp-content\/uploads\/2020\/08\/rodrigo-vilaca-itapemirim-foto-reproducao-facebook.jpg\" \/>\n\t<meta property=\"og:image:width\" content=\"1280\" \/>\n\t<meta property=\"og:image:height\" content=\"720\" \/>\n\t<meta property=\"og:image:type\" content=\"image\/jpeg\" \/>\n<meta name=\"author\" content=\"Rodrigo Zuquim\" \/>\n<meta name=\"twitter:card\" content=\"summary_large_image\" \/>\n<meta name=\"twitter:creator\" content=\"@agencia_infra\" \/>\n<meta name=\"twitter:site\" content=\"@agencia_infra\" \/>\n<meta name=\"twitter:label1\" content=\"Escrito por\" \/>\n\t<meta name=\"twitter:data1\" content=\"Rodrigo Zuquim\" \/>\n\t<meta name=\"twitter:label2\" content=\"Est. tempo de leitura\" \/>\n\t<meta name=\"twitter:data2\" content=\"5 minutos\" \/>\n<script type=\"application\/ld+json\" class=\"yoast-schema-graph\">{\"@context\":\"https:\/\/schema.org\",\"@graph\":[{\"@type\":\"Article\",\"@id\":\"https:\/\/agenciainfra.com\/blog\/cia-aerea-da-itapemirim-quer-consolidar-sinergia-com-rodoviario-em-carga-e-passageiro\/#article\",\"isPartOf\":{\"@id\":\"https:\/\/agenciainfra.com\/blog\/cia-aerea-da-itapemirim-quer-consolidar-sinergia-com-rodoviario-em-carga-e-passageiro\/\"},\"author\":{\"name\":\"Rodrigo Zuquim\",\"@id\":\"https:\/\/agenciainfra.com\/blog\/#\/schema\/person\/04dbb79bd6d8951f063da71f3e4c1eb1\"},\"headline\":\"Cia a\u00e9rea da Itapemirim quer consolidar sinergia com rodovi\u00e1rio em carga e passageiro\",\"datePublished\":\"2020-08-25T11:00:11+00:00\",\"mainEntityOfPage\":{\"@id\":\"https:\/\/agenciainfra.com\/blog\/cia-aerea-da-itapemirim-quer-consolidar-sinergia-com-rodoviario-em-carga-e-passageiro\/\"},\"wordCount\":945,\"publisher\":{\"@id\":\"https:\/\/agenciainfra.com\/blog\/#organization\"},\"image\":{\"@id\":\"https:\/\/agenciainfra.com\/blog\/cia-aerea-da-itapemirim-quer-consolidar-sinergia-com-rodoviario-em-carga-e-passageiro\/#primaryimage\"},\"thumbnailUrl\":\"https:\/\/agenciainfra.com\/blog\/wp-content\/uploads\/2020\/08\/rodrigo-vilaca-itapemirim-foto-reproducao-facebook.jpg\",\"keywords\":[\"ANAC\",\"CPTM\",\"Ita Transportes A\u00e9reos\",\"Itapemirim\",\"Rodrigo Vila\u00e7a\",\"Sidnei Piva\",\"Tiago Senna\",\"transporte de cargas\",\"transporte de passageiros\",\"transporte rodovi\u00e1rio\"],\"articleSection\":[\"Geral\",\"iNFRATransporte\"],\"inLanguage\":\"pt-BR\",\"copyrightYear\":\"2020\",\"copyrightHolder\":{\"@id\":\"https:\/\/agenciainfra.com\/blog\/#organization\"}},{\"@type\":\"WebPage\",\"@id\":\"https:\/\/agenciainfra.com\/blog\/cia-aerea-da-itapemirim-quer-consolidar-sinergia-com-rodoviario-em-carga-e-passageiro\/\",\"url\":\"https:\/\/agenciainfra.com\/blog\/cia-aerea-da-itapemirim-quer-consolidar-sinergia-com-rodoviario-em-carga-e-passageiro\/\",\"name\":\"Cia a\u00e9rea da Itapemirim quer consolidar sinergia com rodovi\u00e1rio em carga e passageiro - Ag\u00eancia iNFRA\",\"isPartOf\":{\"@id\":\"https:\/\/agenciainfra.com\/blog\/#website\"},\"primaryImageOfPage\":{\"@id\":\"https:\/\/agenciainfra.com\/blog\/cia-aerea-da-itapemirim-quer-consolidar-sinergia-com-rodoviario-em-carga-e-passageiro\/#primaryimage\"},\"image\":{\"@id\":\"https:\/\/agenciainfra.com\/blog\/cia-aerea-da-itapemirim-quer-consolidar-sinergia-com-rodoviario-em-carga-e-passageiro\/#primaryimage\"},\"thumbnailUrl\":\"https:\/\/agenciainfra.com\/blog\/wp-content\/uploads\/2020\/08\/rodrigo-vilaca-itapemirim-foto-reproducao-facebook.jpg\",\"datePublished\":\"2020-08-25T11:00:11+00:00\",\"breadcrumb\":{\"@id\":\"https:\/\/agenciainfra.com\/blog\/cia-aerea-da-itapemirim-quer-consolidar-sinergia-com-rodoviario-em-carga-e-passageiro\/#breadcrumb\"},\"inLanguage\":\"pt-BR\",\"potentialAction\":[{\"@type\":\"ReadAction\",\"target\":[\"https:\/\/agenciainfra.com\/blog\/cia-aerea-da-itapemirim-quer-consolidar-sinergia-com-rodoviario-em-carga-e-passageiro\/\"]}]},{\"@type\":\"ImageObject\",\"inLanguage\":\"pt-BR\",\"@id\":\"https:\/\/agenciainfra.com\/blog\/cia-aerea-da-itapemirim-quer-consolidar-sinergia-com-rodoviario-em-carga-e-passageiro\/#primaryimage\",\"url\":\"https:\/\/agenciainfra.com\/blog\/wp-content\/uploads\/2020\/08\/rodrigo-vilaca-itapemirim-foto-reproducao-facebook.jpg\",\"contentUrl\":\"https:\/\/agenciainfra.com\/blog\/wp-content\/uploads\/2020\/08\/rodrigo-vilaca-itapemirim-foto-reproducao-facebook.jpg\",\"width\":1280,\"height\":720},{\"@type\":\"BreadcrumbList\",\"@id\":\"https:\/\/agenciainfra.com\/blog\/cia-aerea-da-itapemirim-quer-consolidar-sinergia-com-rodoviario-em-carga-e-passageiro\/#breadcrumb\",\"itemListElement\":[{\"@type\":\"ListItem\",\"position\":1,\"name\":\"In\u00edcio\",\"item\":\"https:\/\/agenciainfra.com\/blog\/\"},{\"@type\":\"ListItem\",\"position\":2,\"name\":\"Cia a\u00e9rea da Itapemirim quer consolidar sinergia com rodovi\u00e1rio em carga e passageiro\"}]},{\"@type\":\"WebSite\",\"@id\":\"https:\/\/agenciainfra.com\/blog\/#website\",\"url\":\"https:\/\/agenciainfra.com\/blog\/\",\"name\":\"Ag\u00eancia iNFRA\",\"description\":\"Multiplataforma de informa\u00e7\u00e3o jornal\u00edstica refer\u00eancia na \u00e1rea de infraestrutura no Brasil!\",\"publisher\":{\"@id\":\"https:\/\/agenciainfra.com\/blog\/#organization\"},\"potentialAction\":[{\"@type\":\"SearchAction\",\"target\":{\"@type\":\"EntryPoint\",\"urlTemplate\":\"https:\/\/agenciainfra.com\/blog\/?s={search_term_string}\"},\"query-input\":{\"@type\":\"PropertyValueSpecification\",\"valueRequired\":true,\"valueName\":\"search_term_string\"}}],\"inLanguage\":\"pt-BR\"},{\"@type\":\"Organization\",\"@id\":\"https:\/\/agenciainfra.com\/blog\/#organization\",\"name\":\"Ag\u00eancia iNFRA\",\"url\":\"https:\/\/agenciainfra.com\/blog\/\",\"logo\":{\"@type\":\"ImageObject\",\"inLanguage\":\"pt-BR\",\"@id\":\"https:\/\/agenciainfra.com\/blog\/#\/schema\/logo\/image\/\",\"url\":\"https:\/\/agenciainfra.com\/blog\/wp-content\/uploads\/2023\/09\/iNFRA_5-e1761735885940.png\",\"contentUrl\":\"https:\/\/agenciainfra.com\/blog\/wp-content\/uploads\/2023\/09\/iNFRA_5-e1761735885940.png\",\"width\":1672,\"height\":454,\"caption\":\"Ag\u00eancia iNFRA\"},\"image\":{\"@id\":\"https:\/\/agenciainfra.com\/blog\/#\/schema\/logo\/image\/\"},\"sameAs\":[\"https:\/\/www.facebook.com\/ageninfra\",\"https:\/\/x.com\/agencia_infra\",\"https:\/\/www.linkedin.com\/company\/ag\u00eanciainfra\/\",\"https:\/\/www.instagram.com\/agenciainfra\/\"]},{\"@type\":\"Person\",\"@id\":\"https:\/\/agenciainfra.com\/blog\/#\/schema\/person\/04dbb79bd6d8951f063da71f3e4c1eb1\",\"name\":\"Rodrigo Zuquim\",\"image\":{\"@type\":\"ImageObject\",\"inLanguage\":\"pt-BR\",\"@id\":\"https:\/\/agenciainfra.com\/blog\/#\/schema\/person\/image\/\",\"url\":\"https:\/\/secure.gravatar.com\/avatar\/594abfe82761d620726242ff34ca472a705a4b97f16c790053a6b4c4035274d0?s=96&d=mm&r=g\",\"contentUrl\":\"https:\/\/secure.gravatar.com\/avatar\/594abfe82761d620726242ff34ca472a705a4b97f16c790053a6b4c4035274d0?s=96&d=mm&r=g\",\"caption\":\"Rodrigo Zuquim\"},\"url\":\"https:\/\/agenciainfra.com\/blog\/author\/rodrigo-zuquim\/\"}]}<\/script>\n<!-- \/ Yoast SEO Premium plugin. -->","yoast_head_json":{"title":"Cia a\u00e9rea da Itapemirim quer consolidar sinergia com rodovi\u00e1rio em carga e passageiro - Ag\u00eancia iNFRA","robots":{"index":"index","follow":"follow","max-snippet":"max-snippet:-1","max-image-preview":"max-image-preview:large","max-video-preview":"max-video-preview:-1"},"canonical":"https:\/\/agenciainfra.com\/blog\/cia-aerea-da-itapemirim-quer-consolidar-sinergia-com-rodoviario-em-carga-e-passageiro\/","og_locale":"pt_BR","og_type":"article","og_title":"Cia a\u00e9rea da Itapemirim quer consolidar sinergia com rodovi\u00e1rio em carga e passageiro","og_description":"Dimmi Amora, da\u00a0Ag\u00eancia iNFRA Cargas e passageiros que j\u00e1 viajam em uma empresa com quase 70 anos de hist\u00f3ria e que alcan\u00e7a 58% do territ\u00f3rio nacional s\u00e3o a base da mais nova companhia a\u00e9rea do pa\u00eds, a Ita Transportes A\u00e9reos, do grupo Itapemirim.\u00a0 A partir desta semana, a companhia entra em sua fase de contrata\u00e7\u00e3o [&hellip;]","og_url":"https:\/\/agenciainfra.com\/blog\/cia-aerea-da-itapemirim-quer-consolidar-sinergia-com-rodoviario-em-carga-e-passageiro\/","og_site_name":"Ag\u00eancia iNFRA","article_publisher":"https:\/\/www.facebook.com\/ageninfra","article_published_time":"2020-08-25T11:00:11+00:00","og_image":[{"width":1280,"height":720,"url":"https:\/\/agenciainfra.com\/blog\/wp-content\/uploads\/2020\/08\/rodrigo-vilaca-itapemirim-foto-reproducao-facebook.jpg","type":"image\/jpeg"}],"author":"Rodrigo Zuquim","twitter_card":"summary_large_image","twitter_creator":"@agencia_infra","twitter_site":"@agencia_infra","twitter_misc":{"Escrito por":"Rodrigo Zuquim","Est. tempo de leitura":"5 minutos"},"schema":{"@context":"https:\/\/schema.org","@graph":[{"@type":"Article","@id":"https:\/\/agenciainfra.com\/blog\/cia-aerea-da-itapemirim-quer-consolidar-sinergia-com-rodoviario-em-carga-e-passageiro\/#article","isPartOf":{"@id":"https:\/\/agenciainfra.com\/blog\/cia-aerea-da-itapemirim-quer-consolidar-sinergia-com-rodoviario-em-carga-e-passageiro\/"},"author":{"name":"Rodrigo Zuquim","@id":"https:\/\/agenciainfra.com\/blog\/#\/schema\/person\/04dbb79bd6d8951f063da71f3e4c1eb1"},"headline":"Cia a\u00e9rea da Itapemirim quer consolidar sinergia com rodovi\u00e1rio em carga e passageiro","datePublished":"2020-08-25T11:00:11+00:00","mainEntityOfPage":{"@id":"https:\/\/agenciainfra.com\/blog\/cia-aerea-da-itapemirim-quer-consolidar-sinergia-com-rodoviario-em-carga-e-passageiro\/"},"wordCount":945,"publisher":{"@id":"https:\/\/agenciainfra.com\/blog\/#organization"},"image":{"@id":"https:\/\/agenciainfra.com\/blog\/cia-aerea-da-itapemirim-quer-consolidar-sinergia-com-rodoviario-em-carga-e-passageiro\/#primaryimage"},"thumbnailUrl":"https:\/\/agenciainfra.com\/blog\/wp-content\/uploads\/2020\/08\/rodrigo-vilaca-itapemirim-foto-reproducao-facebook.jpg","keywords":["ANAC","CPTM","Ita Transportes A\u00e9reos","Itapemirim","Rodrigo Vila\u00e7a","Sidnei Piva","Tiago Senna","transporte de cargas","transporte de passageiros","transporte rodovi\u00e1rio"],"articleSection":["Geral","iNFRATransporte"],"inLanguage":"pt-BR","copyrightYear":"2020","copyrightHolder":{"@id":"https:\/\/agenciainfra.com\/blog\/#organization"}},{"@type":"WebPage","@id":"https:\/\/agenciainfra.com\/blog\/cia-aerea-da-itapemirim-quer-consolidar-sinergia-com-rodoviario-em-carga-e-passageiro\/","url":"https:\/\/agenciainfra.com\/blog\/cia-aerea-da-itapemirim-quer-consolidar-sinergia-com-rodoviario-em-carga-e-passageiro\/","name":"Cia a\u00e9rea da Itapemirim quer consolidar sinergia com rodovi\u00e1rio em carga e passageiro - Ag\u00eancia iNFRA","isPartOf":{"@id":"https:\/\/agenciainfra.com\/blog\/#website"},"primaryImageOfPage":{"@id":"https:\/\/agenciainfra.com\/blog\/cia-aerea-da-itapemirim-quer-consolidar-sinergia-com-rodoviario-em-carga-e-passageiro\/#primaryimage"},"image":{"@id":"https:\/\/agenciainfra.com\/blog\/cia-aerea-da-itapemirim-quer-consolidar-sinergia-com-rodoviario-em-carga-e-passageiro\/#primaryimage"},"thumbnailUrl":"https:\/\/agenciainfra.com\/blog\/wp-content\/uploads\/2020\/08\/rodrigo-vilaca-itapemirim-foto-reproducao-facebook.jpg","datePublished":"2020-08-25T11:00:11+00:00","breadcrumb":{"@id":"https:\/\/agenciainfra.com\/blog\/cia-aerea-da-itapemirim-quer-consolidar-sinergia-com-rodoviario-em-carga-e-passageiro\/#breadcrumb"},"inLanguage":"pt-BR","potentialAction":[{"@type":"ReadAction","target":["https:\/\/agenciainfra.com\/blog\/cia-aerea-da-itapemirim-quer-consolidar-sinergia-com-rodoviario-em-carga-e-passageiro\/"]}]},{"@type":"ImageObject","inLanguage":"pt-BR","@id":"https:\/\/agenciainfra.com\/blog\/cia-aerea-da-itapemirim-quer-consolidar-sinergia-com-rodoviario-em-carga-e-passageiro\/#primaryimage","url":"https:\/\/agenciainfra.com\/blog\/wp-content\/uploads\/2020\/08\/rodrigo-vilaca-itapemirim-foto-reproducao-facebook.jpg","contentUrl":"https:\/\/agenciainfra.com\/blog\/wp-content\/uploads\/2020\/08\/rodrigo-vilaca-itapemirim-foto-reproducao-facebook.jpg","width":1280,"height":720},{"@type":"BreadcrumbList","@id":"https:\/\/agenciainfra.com\/blog\/cia-aerea-da-itapemirim-quer-consolidar-sinergia-com-rodoviario-em-carga-e-passageiro\/#breadcrumb","itemListElement":[{"@type":"ListItem","position":1,"name":"In\u00edcio","item":"https:\/\/agenciainfra.com\/blog\/"},{"@type":"ListItem","position":2,"name":"Cia a\u00e9rea da Itapemirim quer consolidar sinergia com rodovi\u00e1rio em carga e passageiro"}]},{"@type":"WebSite","@id":"https:\/\/agenciainfra.com\/blog\/#website","url":"https:\/\/agenciainfra.com\/blog\/","name":"Ag\u00eancia iNFRA","description":"Multiplataforma de informa\u00e7\u00e3o jornal\u00edstica refer\u00eancia na \u00e1rea de infraestrutura no Brasil!","publisher":{"@id":"https:\/\/agenciainfra.com\/blog\/#organization"},"potentialAction":[{"@type":"SearchAction","target":{"@type":"EntryPoint","urlTemplate":"https:\/\/agenciainfra.com\/blog\/?s={search_term_string}"},"query-input":{"@type":"PropertyValueSpecification","valueRequired":true,"valueName":"search_term_string"}}],"inLanguage":"pt-BR"},{"@type":"Organization","@id":"https:\/\/agenciainfra.com\/blog\/#organization","name":"Ag\u00eancia iNFRA","url":"https:\/\/agenciainfra.com\/blog\/","logo":{"@type":"ImageObject","inLanguage":"pt-BR","@id":"https:\/\/agenciainfra.com\/blog\/#\/schema\/logo\/image\/","url":"https:\/\/agenciainfra.com\/blog\/wp-content\/uploads\/2023\/09\/iNFRA_5-e1761735885940.png","contentUrl":"https:\/\/agenciainfra.com\/blog\/wp-content\/uploads\/2023\/09\/iNFRA_5-e1761735885940.png","width":1672,"height":454,"caption":"Ag\u00eancia iNFRA"},"image":{"@id":"https:\/\/agenciainfra.com\/blog\/#\/schema\/logo\/image\/"},"sameAs":["https:\/\/www.facebook.com\/ageninfra","https:\/\/x.com\/agencia_infra","https:\/\/www.linkedin.com\/company\/ag\u00eanciainfra\/","https:\/\/www.instagram.com\/agenciainfra\/"]},{"@type":"Person","@id":"https:\/\/agenciainfra.com\/blog\/#\/schema\/person\/04dbb79bd6d8951f063da71f3e4c1eb1","name":"Rodrigo Zuquim","image":{"@type":"ImageObject","inLanguage":"pt-BR","@id":"https:\/\/agenciainfra.com\/blog\/#\/schema\/person\/image\/","url":"https:\/\/secure.gravatar.com\/avatar\/594abfe82761d620726242ff34ca472a705a4b97f16c790053a6b4c4035274d0?s=96&d=mm&r=g","contentUrl":"https:\/\/secure.gravatar.com\/avatar\/594abfe82761d620726242ff34ca472a705a4b97f16c790053a6b4c4035274d0?s=96&d=mm&r=g","caption":"Rodrigo Zuquim"},"url":"https:\/\/agenciainfra.com\/blog\/author\/rodrigo-zuquim\/"}]}},"_links":{"self":[{"href":"https:\/\/agenciainfra.com\/blog\/wp-json\/wp\/v2\/posts\/5712","targetHints":{"allow":["GET"]}}],"collection":[{"href":"https:\/\/agenciainfra.com\/blog\/wp-json\/wp\/v2\/posts"}],"about":[{"href":"https:\/\/agenciainfra.com\/blog\/wp-json\/wp\/v2\/types\/post"}],"author":[{"embeddable":true,"href":"https:\/\/agenciainfra.com\/blog\/wp-json\/wp\/v2\/users\/9"}],"replies":[{"embeddable":true,"href":"https:\/\/agenciainfra.com\/blog\/wp-json\/wp\/v2\/comments?post=5712"}],"version-history":[{"count":0,"href":"https:\/\/agenciainfra.com\/blog\/wp-json\/wp\/v2\/posts\/5712\/revisions"}],"wp:featuredmedia":[{"embeddable":true,"href":"https:\/\/agenciainfra.com\/blog\/wp-json\/wp\/v2\/media\/5713"}],"wp:attachment":[{"href":"https:\/\/agenciainfra.com\/blog\/wp-json\/wp\/v2\/media?parent=5712"}],"wp:term":[{"taxonomy":"category","embeddable":true,"href":"https:\/\/agenciainfra.com\/blog\/wp-json\/wp\/v2\/categories?post=5712"},{"taxonomy":"post_tag","embeddable":true,"href":"https:\/\/agenciainfra.com\/blog\/wp-json\/wp\/v2\/tags?post=5712"}],"curies":[{"name":"wp","href":"https:\/\/api.w.org\/{rel}","templated":true}]}}