{"id":5718,"date":"2020-08-24T13:05:20","date_gmt":"2020-08-24T16:05:20","guid":{"rendered":"https:\/\/www.agenciainfra.com\/blog\/?p=5718"},"modified":"2020-08-24T13:05:23","modified_gmt":"2020-08-24T16:05:23","slug":"infradebate-planejamento-integrado-de-transportes-enfatiza-a-importancia-de-parcerias-com-a-iniciativa-privada","status":"publish","type":"post","link":"https:\/\/agenciainfra.com\/blog\/infradebate-planejamento-integrado-de-transportes-enfatiza-a-importancia-de-parcerias-com-a-iniciativa-privada\/","title":{"rendered":"iNFRADebate: Planejamento Integrado de Transportes enfatiza a import\u00e2ncia de parcerias com a iniciativa privada"},"content":{"rendered":"\n<p class=\"has-text-align-right\"><strong>Ana Luiza Jacoby*<\/strong><\/p>\n\n\n\n<p>O Minist\u00e9rio da Infraestrutura instituiu, por meio da Portaria 123, de 21 de agosto de 2020, publicada hoje (24) no Di\u00e1rio Oficial da Uni\u00e3o, o Planejamento Integrado de Transportes.<\/p>\n\n\n\n<p>O Planejamento Integrado de Transportes contempla os subsistemas federais rodovi\u00e1rio, ferrovi\u00e1rio, aquavi\u00e1rio e aerovi\u00e1rio, e as liga\u00e7\u00f5es vi\u00e1rias e log\u00edsticas entre esses subsistemas e desses com os sistemas de via\u00e7\u00e3o dos estados, do Distrito Federal e dos munic\u00edpios.<\/p>\n\n\n\n<p>A inten\u00e7\u00e3o de um planejamento integrado entre os diferentes modos de transporte j\u00e1 vinha consagrada na Pol\u00edtica Nacional de Mobilidade Urbana<sup>1<\/sup> e na Lei 5.917, de 10 de setembro de 1973, que aprova o Plano Nacional de Via\u00e7\u00e3o<sup>2<\/sup>.<\/p>\n\n\n\n<p>Nas \u00faltimas d\u00e9cadas prevaleceu em nosso pa\u00eds o desenvolvimento isolado dos modais de transporte, identificado pelo tratamento seccionado para cada modo de transporte dentro de nossa estrutura legislativa e administrativa, o que o levou a um desenvolvimento de sistemas tamb\u00e9m isolados em nosso territ\u00f3rio: o transporte rodovi\u00e1rio \u00e9 tratado por setores totalmente dissociados do ferrovi\u00e1rio, do mar\u00edtimo e mais distante ainda do a\u00e9reo.&nbsp;<\/p>\n\n\n\n<p>Para se ter uma ideia, alguns portos brasileiros t\u00eam dificuldade de executar suas fun\u00e7\u00f5es porque n\u00e3o h\u00e1 vias de acesso compat\u00edveis com a capacidade log\u00edstica. Costumamos achar normal fila de dezenas de quil\u00f4metros de caminh\u00f5es, esperando via de acesso a porto.<\/p>\n\n\n\n<p>Hoje o pa\u00eds tem alta depend\u00eancia do modal rodovi\u00e1rio, o que eleva o custo de transporte de cargas, al\u00e9m de ser mais moroso para longas dist\u00e2ncias do que outros modais de transporte. Em contraponto, alguns modais t\u00eam participa\u00e7\u00e3o muito aqu\u00e9m de seu potencial produtivo\u00a0 ou tem capacidade ociosa, como \u00e9 o caso da malha ferrovi\u00e1ria, dada sua baixa conectividade<sup>3<\/sup>.<\/p>\n\n\n\n<p><strong>Parcerias com a iniciativa privada<\/strong><br>O planejamento deve ser encadeado por um sistema de planos que devem observar o cronograma especifico da portaria. Um desses planos \u00e9 o Plano Setorial \u2013 planejamento setorial dividido por tipo de modal que deve abarcar tamb\u00e9m os chamados \u201cPlanos Setoriais de Parceria\u201d (art. 5 \u00a72\u00ba), que dever\u00e3o contemplar estudo das iniciativas para execu\u00e7\u00e3o por meio de parceria com a iniciativa privada.<\/p>\n\n\n\n<p>Dando cumprimento ao disposto nas normas supracitadas, o pa\u00eds, na pr\u00e1tica, vai pela primeira vez ter um planejamento integrado de transportes, considerando as aptid\u00f5es locais para a defini\u00e7\u00e3o da melhor tecnologia, com uma abordagem multimodal que se harmonize n\u00e3o s\u00f3 com as normas jur\u00eddicas, mas com uma vis\u00e3o moderna de desenvolvimento, preocupada com a minimiza\u00e7\u00e3o dos custos, a satisfa\u00e7\u00e3o do cliente e a diminui\u00e7\u00e3o dr\u00e1stica dos impactos ambientais e sociais, pois o elemento humano n\u00e3o pode ser desconsiderado.<\/p>\n\n\n\n<p><strong>Sustentabilidade<\/strong><br>A Mobilidade Urbana Sustent\u00e1vel \u00e9 um dos eixos da pol\u00edtica de desenvolvimento urbano, e o planejamento integrado certamente pode contribuir para esse fim. Vale lembrar que \u00e9 uma das metas das Na\u00e7\u00f5es Unidas junto ao Brasil (11.2)<sup>4<\/sup>.\u00a0<\/p>\n\n\n\n<p>Al\u00e9m de melhorar o potencial produtivo das cidades, o Planejamento\u00a0 Integrado de Transportes pode contribuir tamb\u00e9m para a constru\u00e7\u00e3o de Cidades Resilientes \u2013 projeto desenvolvido pela ONU que visa preparar as cidades para o contexto de desastres. Considerando os aspectos clim\u00e1ticos e ambientais no planejamento pode-se construir um plano de contingenciamento e de alternativas\u00a0 de modais de transporte minimizando o impacto de desastres na vida do cidad\u00e3o.<\/p>\n\n\n\n<p><strong>Regimentos internos<\/strong><br>Nesse sentido, tamb\u00e9m foram publicados, hoje, os regimentos internos do Minist\u00e9rio da Infraestrutura e de secretarias nacionais. O anexo III da Portaria 124\/2020 trata especificamente do\u00a0 regimento interno da Secretaria Nacional de Avia\u00e7\u00e3o Civil do Minist\u00e9rio da Infraestrutura; o anexo IV, do\u00a0 regimento interno da Secretaria Nacional De Portos e Transportes Aquavi\u00e1rios do Minist\u00e9rio da Infraestrutura; o anexo V, do regimento interno da Secretaria Nacional de Transportes Terrestres do Minist\u00e9rio Da\u00a0 Infraestrutura; e o anexo VI, do regimento interno da Secretaria de Fomento, Planejamento e Parcerias do Minist\u00e9rio da Infraestrutura.<\/p>\n\n\n\n<h6 class=\"wp-block-heading\"><strong>*Ana Luiza Jacoby \u00e9 advogada, diretora administrativa e s\u00f3cia da Jacoby Fernandes &amp; Reolon Advogados Associados. Mestranda em Direito Administrativo pela PUC-SP, p\u00f3s-graduada em Direito Administrativo pelo IDP e em gest\u00e3o de empresas pela FGV.<\/strong><\/h6>\n\n\n\n<h6 class=\"wp-block-heading\">1 Art. 1\u00ba A Pol\u00edtica Nacional de Mobilidade Urbana \u00e9 instrumento da pol\u00edtica de desenvolvimento urbano de que tratam o inciso XX do art. 21 e o art. 182 da Constitui\u00e7\u00e3o Federal, objetivando a integra\u00e7\u00e3o entre os diferentes modos de transporte e a melhoria da acessibilidade e mobilidade das pessoas e cargas no territ\u00f3rio do munic\u00edpio.<\/h6>\n\n\n\n<h6 class=\"wp-block-heading\">2 Art. 3\u00ba O Plano Nacional de Via\u00e7\u00e3o ser\u00e1 implementado no contexto dos planos nacionais de desenvolvimento e dos or\u00e7amentos plurianuais de investimento, institu\u00eddos pelo Ato Complementar 43, de 29 de janeiro de 1969, modificado pelo ato complementar 76, de 21 de outubro de 1969, e Lei Complementar 9, de 11 de dezembro de 1970, obedecidos, especialmente, os princ\u00edpios e normas fundamentais seguintes, aplic\u00e1veis a todo o sistema nacional de via\u00e7\u00e3o e inclusive \u00e0 navega\u00e7\u00e3o mar\u00edtima, hidrovi\u00e1ria e a\u00e9rea: a) A concep\u00e7\u00e3o de um sistema nacional de transportes unificado dever\u00e1 ser a diretriz b\u00e1sica para os diversos planejamentos no setor, visando sempre a uma coordena\u00e7\u00e3o racional entre os sistemas federal, estaduais e municipais, bem como entre todas as modalidades de transporte; [&#8230;]<\/h6>\n\n\n\n<h6 class=\"wp-block-heading\">3 <a href=\"http:\/\/portal.antt.gov.br\/index.php\/content\/view\/4751\/Ferroviaria.html\">http:\/\/portal.antt.gov.br\/index.php\/content\/view\/4751\/Ferroviaria.html<\/a><\/h6>\n\n\n\n<h6 class=\"wp-block-heading\">4 At\u00e9 2030, melhorar a seguran\u00e7a vi\u00e1ria e o acesso \u00e0 cidade por meio de sistemas de mobilidade urbana mais sustent\u00e1veis, inclusivos, eficientes e justos, priorizando o transporte p\u00fablico de massa e o transporte ativo, com especial aten\u00e7\u00e3o para as necessidades das pessoas em situa\u00e7\u00e3o de vulnerabilidade, como aquelas com defici\u00eancia e com mobilidade reduzida, mulheres, crian\u00e7as e pessoas idosas.<\/h6>\n\n\n\n<h5 class=\"wp-block-heading\">O iNFRADebate \u00e9 o espa\u00e7o de artigos da Ag\u00eancia iNFRA com opini\u00f5es de seus atores que n\u00e3o refletem necessariamente o pensamento da Ag\u00eancia iNFRA, sendo de total responsabilidade do autor as informa\u00e7\u00f5es, ju\u00edzos de valor e conceitos descritos no texto.<\/h5>\n","protected":false},"excerpt":{"rendered":"<p>Ana Luiza Jacoby* O Minist\u00e9rio da Infraestrutura instituiu, por meio da Portaria 123, de 21 de agosto de 2020, publicada hoje (24) no Di\u00e1rio Oficial da Uni\u00e3o, o Planejamento Integrado de Transportes. O Planejamento Integrado de Transportes contempla os subsistemas federais rodovi\u00e1rio, ferrovi\u00e1rio, aquavi\u00e1rio e aerovi\u00e1rio, e as liga\u00e7\u00f5es vi\u00e1rias e log\u00edsticas entre esses subsistemas [&hellip;]<\/p>\n","protected":false},"author":9,"featured_media":5719,"comment_status":"closed","ping_status":"closed","sticky":false,"template":"","format":"standard","meta":{"_monsterinsights_skip_tracking":false,"_monsterinsights_sitenote_active":false,"_monsterinsights_sitenote_note":"","_monsterinsights_sitenote_category":0,"footnotes":""},"categories":[1,11],"tags":[2361,2538,775,49,698,2535,1573,2537,816,1033,902,2536],"class_list":["post-5718","post","type-post","status-publish","format-standard","has-post-thumbnail","hentry","category-geral","category-infradebate","tag-ana-luiza-jacoby","tag-iniciativa-privada","tag-ministerio-da-infraestrutura","tag-mobilidade","tag-parceria","tag-planejamento-integrado-de-transportes","tag-sustentabilidade","tag-transporte-aeroviario","tag-transporte-aquaviario","tag-transporte-ferroviario","tag-transporte-rodoviario","tag-viacao"],"yoast_head":"<!-- This site is optimized with the Yoast SEO Premium plugin v25.4 (Yoast SEO v26.0) - https:\/\/yoast.com\/wordpress\/plugins\/seo\/ -->\n<title>iNFRADebate: Planejamento Integrado de Transportes enfatiza a import\u00e2ncia de parcerias com a iniciativa privada - Ag\u00eancia iNFRA<\/title>\n<meta name=\"robots\" content=\"index, follow, max-snippet:-1, max-image-preview:large, max-video-preview:-1\" \/>\n<link rel=\"canonical\" href=\"https:\/\/agenciainfra.com\/blog\/infradebate-planejamento-integrado-de-transportes-enfatiza-a-importancia-de-parcerias-com-a-iniciativa-privada\/\" \/>\n<meta property=\"og:locale\" content=\"pt_BR\" \/>\n<meta property=\"og:type\" content=\"article\" \/>\n<meta property=\"og:title\" content=\"iNFRADebate: Planejamento Integrado de Transportes enfatiza a import\u00e2ncia de parcerias com a iniciativa privada\" \/>\n<meta property=\"og:description\" content=\"Ana Luiza Jacoby* O Minist\u00e9rio da Infraestrutura instituiu, por meio da Portaria 123, de 21 de agosto de 2020, publicada hoje (24) no Di\u00e1rio Oficial da Uni\u00e3o, o Planejamento Integrado de Transportes. O Planejamento Integrado de Transportes contempla os subsistemas federais rodovi\u00e1rio, ferrovi\u00e1rio, aquavi\u00e1rio e aerovi\u00e1rio, e as liga\u00e7\u00f5es vi\u00e1rias e log\u00edsticas entre esses subsistemas [&hellip;]\" \/>\n<meta property=\"og:url\" content=\"https:\/\/agenciainfra.com\/blog\/infradebate-planejamento-integrado-de-transportes-enfatiza-a-importancia-de-parcerias-com-a-iniciativa-privada\/\" \/>\n<meta property=\"og:site_name\" content=\"Ag\u00eancia iNFRA\" \/>\n<meta property=\"article:publisher\" content=\"https:\/\/www.facebook.com\/ageninfra\" \/>\n<meta property=\"article:published_time\" content=\"2020-08-24T16:05:20+00:00\" \/>\n<meta property=\"article:modified_time\" content=\"2020-08-24T16:05:23+00:00\" \/>\n<meta property=\"og:image\" content=\"https:\/\/agenciainfra.com\/blog\/wp-content\/uploads\/2020\/08\/tarcisio-assinatura-foto-alberto-ruy-minfra.jpg\" \/>\n\t<meta property=\"og:image:width\" content=\"1280\" \/>\n\t<meta property=\"og:image:height\" content=\"852\" \/>\n\t<meta property=\"og:image:type\" content=\"image\/jpeg\" \/>\n<meta name=\"author\" content=\"Rodrigo Zuquim\" \/>\n<meta name=\"twitter:card\" content=\"summary_large_image\" \/>\n<meta name=\"twitter:creator\" content=\"@agencia_infra\" \/>\n<meta name=\"twitter:site\" content=\"@agencia_infra\" \/>\n<meta name=\"twitter:label1\" content=\"Escrito por\" \/>\n\t<meta name=\"twitter:data1\" content=\"Rodrigo Zuquim\" \/>\n\t<meta name=\"twitter:label2\" content=\"Est. tempo de leitura\" \/>\n\t<meta name=\"twitter:data2\" content=\"5 minutos\" \/>\n<script type=\"application\/ld+json\" class=\"yoast-schema-graph\">{\"@context\":\"https:\/\/schema.org\",\"@graph\":[{\"@type\":\"Article\",\"@id\":\"https:\/\/agenciainfra.com\/blog\/infradebate-planejamento-integrado-de-transportes-enfatiza-a-importancia-de-parcerias-com-a-iniciativa-privada\/#article\",\"isPartOf\":{\"@id\":\"https:\/\/agenciainfra.com\/blog\/infradebate-planejamento-integrado-de-transportes-enfatiza-a-importancia-de-parcerias-com-a-iniciativa-privada\/\"},\"author\":{\"name\":\"Rodrigo Zuquim\",\"@id\":\"https:\/\/agenciainfra.com\/blog\/#\/schema\/person\/04dbb79bd6d8951f063da71f3e4c1eb1\"},\"headline\":\"iNFRADebate: Planejamento Integrado de Transportes enfatiza a import\u00e2ncia de parcerias com a iniciativa privada\",\"datePublished\":\"2020-08-24T16:05:20+00:00\",\"dateModified\":\"2020-08-24T16:05:23+00:00\",\"mainEntityOfPage\":{\"@id\":\"https:\/\/agenciainfra.com\/blog\/infradebate-planejamento-integrado-de-transportes-enfatiza-a-importancia-de-parcerias-com-a-iniciativa-privada\/\"},\"wordCount\":1019,\"publisher\":{\"@id\":\"https:\/\/agenciainfra.com\/blog\/#organization\"},\"image\":{\"@id\":\"https:\/\/agenciainfra.com\/blog\/infradebate-planejamento-integrado-de-transportes-enfatiza-a-importancia-de-parcerias-com-a-iniciativa-privada\/#primaryimage\"},\"thumbnailUrl\":\"https:\/\/agenciainfra.com\/blog\/wp-content\/uploads\/2020\/08\/tarcisio-assinatura-foto-alberto-ruy-minfra.jpg\",\"keywords\":[\"Ana Luiza Jacoby\",\"iniciativa privada\",\"Minist\u00e9rio da Infraestrutura\",\"mobilidade\",\"parceria\",\"Planejamento Integrado de Transportes\",\"sustentabilidade\",\"transporte aerovi\u00e1rio\",\"transporte aquavi\u00e1rio\",\"transporte ferrovi\u00e1rio\",\"transporte rodovi\u00e1rio\",\"via\u00e7\u00e3o\"],\"articleSection\":[\"Geral\",\"iNFRADebate\"],\"inLanguage\":\"pt-BR\",\"copyrightYear\":\"2020\",\"copyrightHolder\":{\"@id\":\"https:\/\/agenciainfra.com\/blog\/#organization\"}},{\"@type\":\"WebPage\",\"@id\":\"https:\/\/agenciainfra.com\/blog\/infradebate-planejamento-integrado-de-transportes-enfatiza-a-importancia-de-parcerias-com-a-iniciativa-privada\/\",\"url\":\"https:\/\/agenciainfra.com\/blog\/infradebate-planejamento-integrado-de-transportes-enfatiza-a-importancia-de-parcerias-com-a-iniciativa-privada\/\",\"name\":\"iNFRADebate: Planejamento Integrado de Transportes enfatiza a import\u00e2ncia de parcerias com a iniciativa privada - Ag\u00eancia iNFRA\",\"isPartOf\":{\"@id\":\"https:\/\/agenciainfra.com\/blog\/#website\"},\"primaryImageOfPage\":{\"@id\":\"https:\/\/agenciainfra.com\/blog\/infradebate-planejamento-integrado-de-transportes-enfatiza-a-importancia-de-parcerias-com-a-iniciativa-privada\/#primaryimage\"},\"image\":{\"@id\":\"https:\/\/agenciainfra.com\/blog\/infradebate-planejamento-integrado-de-transportes-enfatiza-a-importancia-de-parcerias-com-a-iniciativa-privada\/#primaryimage\"},\"thumbnailUrl\":\"https:\/\/agenciainfra.com\/blog\/wp-content\/uploads\/2020\/08\/tarcisio-assinatura-foto-alberto-ruy-minfra.jpg\",\"datePublished\":\"2020-08-24T16:05:20+00:00\",\"dateModified\":\"2020-08-24T16:05:23+00:00\",\"breadcrumb\":{\"@id\":\"https:\/\/agenciainfra.com\/blog\/infradebate-planejamento-integrado-de-transportes-enfatiza-a-importancia-de-parcerias-com-a-iniciativa-privada\/#breadcrumb\"},\"inLanguage\":\"pt-BR\",\"potentialAction\":[{\"@type\":\"ReadAction\",\"target\":[\"https:\/\/agenciainfra.com\/blog\/infradebate-planejamento-integrado-de-transportes-enfatiza-a-importancia-de-parcerias-com-a-iniciativa-privada\/\"]}]},{\"@type\":\"ImageObject\",\"inLanguage\":\"pt-BR\",\"@id\":\"https:\/\/agenciainfra.com\/blog\/infradebate-planejamento-integrado-de-transportes-enfatiza-a-importancia-de-parcerias-com-a-iniciativa-privada\/#primaryimage\",\"url\":\"https:\/\/agenciainfra.com\/blog\/wp-content\/uploads\/2020\/08\/tarcisio-assinatura-foto-alberto-ruy-minfra.jpg\",\"contentUrl\":\"https:\/\/agenciainfra.com\/blog\/wp-content\/uploads\/2020\/08\/tarcisio-assinatura-foto-alberto-ruy-minfra.jpg\",\"width\":1280,\"height\":852},{\"@type\":\"BreadcrumbList\",\"@id\":\"https:\/\/agenciainfra.com\/blog\/infradebate-planejamento-integrado-de-transportes-enfatiza-a-importancia-de-parcerias-com-a-iniciativa-privada\/#breadcrumb\",\"itemListElement\":[{\"@type\":\"ListItem\",\"position\":1,\"name\":\"In\u00edcio\",\"item\":\"https:\/\/agenciainfra.com\/blog\/\"},{\"@type\":\"ListItem\",\"position\":2,\"name\":\"iNFRADebate: Planejamento Integrado de Transportes enfatiza a import\u00e2ncia de parcerias com a iniciativa privada\"}]},{\"@type\":\"WebSite\",\"@id\":\"https:\/\/agenciainfra.com\/blog\/#website\",\"url\":\"https:\/\/agenciainfra.com\/blog\/\",\"name\":\"Ag\u00eancia iNFRA\",\"description\":\"Multiplataforma de informa\u00e7\u00e3o jornal\u00edstica refer\u00eancia na \u00e1rea de infraestrutura no Brasil!\",\"publisher\":{\"@id\":\"https:\/\/agenciainfra.com\/blog\/#organization\"},\"potentialAction\":[{\"@type\":\"SearchAction\",\"target\":{\"@type\":\"EntryPoint\",\"urlTemplate\":\"https:\/\/agenciainfra.com\/blog\/?s={search_term_string}\"},\"query-input\":{\"@type\":\"PropertyValueSpecification\",\"valueRequired\":true,\"valueName\":\"search_term_string\"}}],\"inLanguage\":\"pt-BR\"},{\"@type\":\"Organization\",\"@id\":\"https:\/\/agenciainfra.com\/blog\/#organization\",\"name\":\"Ag\u00eancia iNFRA\",\"url\":\"https:\/\/agenciainfra.com\/blog\/\",\"logo\":{\"@type\":\"ImageObject\",\"inLanguage\":\"pt-BR\",\"@id\":\"https:\/\/agenciainfra.com\/blog\/#\/schema\/logo\/image\/\",\"url\":\"https:\/\/agenciainfra.com\/blog\/wp-content\/uploads\/2023\/09\/iNFRA_5-e1761735885940.png\",\"contentUrl\":\"https:\/\/agenciainfra.com\/blog\/wp-content\/uploads\/2023\/09\/iNFRA_5-e1761735885940.png\",\"width\":1672,\"height\":454,\"caption\":\"Ag\u00eancia iNFRA\"},\"image\":{\"@id\":\"https:\/\/agenciainfra.com\/blog\/#\/schema\/logo\/image\/\"},\"sameAs\":[\"https:\/\/www.facebook.com\/ageninfra\",\"https:\/\/x.com\/agencia_infra\",\"https:\/\/www.linkedin.com\/company\/ag\u00eanciainfra\/\",\"https:\/\/www.instagram.com\/agenciainfra\/\"]},{\"@type\":\"Person\",\"@id\":\"https:\/\/agenciainfra.com\/blog\/#\/schema\/person\/04dbb79bd6d8951f063da71f3e4c1eb1\",\"name\":\"Rodrigo Zuquim\",\"image\":{\"@type\":\"ImageObject\",\"inLanguage\":\"pt-BR\",\"@id\":\"https:\/\/agenciainfra.com\/blog\/#\/schema\/person\/image\/\",\"url\":\"https:\/\/secure.gravatar.com\/avatar\/594abfe82761d620726242ff34ca472a705a4b97f16c790053a6b4c4035274d0?s=96&d=mm&r=g\",\"contentUrl\":\"https:\/\/secure.gravatar.com\/avatar\/594abfe82761d620726242ff34ca472a705a4b97f16c790053a6b4c4035274d0?s=96&d=mm&r=g\",\"caption\":\"Rodrigo Zuquim\"},\"url\":\"https:\/\/agenciainfra.com\/blog\/author\/rodrigo-zuquim\/\"}]}<\/script>\n<!-- \/ Yoast SEO Premium plugin. -->","yoast_head_json":{"title":"iNFRADebate: Planejamento Integrado de Transportes enfatiza a import\u00e2ncia de parcerias com a iniciativa privada - Ag\u00eancia iNFRA","robots":{"index":"index","follow":"follow","max-snippet":"max-snippet:-1","max-image-preview":"max-image-preview:large","max-video-preview":"max-video-preview:-1"},"canonical":"https:\/\/agenciainfra.com\/blog\/infradebate-planejamento-integrado-de-transportes-enfatiza-a-importancia-de-parcerias-com-a-iniciativa-privada\/","og_locale":"pt_BR","og_type":"article","og_title":"iNFRADebate: Planejamento Integrado de Transportes enfatiza a import\u00e2ncia de parcerias com a iniciativa privada","og_description":"Ana Luiza Jacoby* O Minist\u00e9rio da Infraestrutura instituiu, por meio da Portaria 123, de 21 de agosto de 2020, publicada hoje (24) no Di\u00e1rio Oficial da Uni\u00e3o, o Planejamento Integrado de Transportes. O Planejamento Integrado de Transportes contempla os subsistemas federais rodovi\u00e1rio, ferrovi\u00e1rio, aquavi\u00e1rio e aerovi\u00e1rio, e as liga\u00e7\u00f5es vi\u00e1rias e log\u00edsticas entre esses subsistemas [&hellip;]","og_url":"https:\/\/agenciainfra.com\/blog\/infradebate-planejamento-integrado-de-transportes-enfatiza-a-importancia-de-parcerias-com-a-iniciativa-privada\/","og_site_name":"Ag\u00eancia iNFRA","article_publisher":"https:\/\/www.facebook.com\/ageninfra","article_published_time":"2020-08-24T16:05:20+00:00","article_modified_time":"2020-08-24T16:05:23+00:00","og_image":[{"width":1280,"height":852,"url":"https:\/\/agenciainfra.com\/blog\/wp-content\/uploads\/2020\/08\/tarcisio-assinatura-foto-alberto-ruy-minfra.jpg","type":"image\/jpeg"}],"author":"Rodrigo Zuquim","twitter_card":"summary_large_image","twitter_creator":"@agencia_infra","twitter_site":"@agencia_infra","twitter_misc":{"Escrito por":"Rodrigo Zuquim","Est. tempo de leitura":"5 minutos"},"schema":{"@context":"https:\/\/schema.org","@graph":[{"@type":"Article","@id":"https:\/\/agenciainfra.com\/blog\/infradebate-planejamento-integrado-de-transportes-enfatiza-a-importancia-de-parcerias-com-a-iniciativa-privada\/#article","isPartOf":{"@id":"https:\/\/agenciainfra.com\/blog\/infradebate-planejamento-integrado-de-transportes-enfatiza-a-importancia-de-parcerias-com-a-iniciativa-privada\/"},"author":{"name":"Rodrigo Zuquim","@id":"https:\/\/agenciainfra.com\/blog\/#\/schema\/person\/04dbb79bd6d8951f063da71f3e4c1eb1"},"headline":"iNFRADebate: Planejamento Integrado de Transportes enfatiza a import\u00e2ncia de parcerias com a iniciativa privada","datePublished":"2020-08-24T16:05:20+00:00","dateModified":"2020-08-24T16:05:23+00:00","mainEntityOfPage":{"@id":"https:\/\/agenciainfra.com\/blog\/infradebate-planejamento-integrado-de-transportes-enfatiza-a-importancia-de-parcerias-com-a-iniciativa-privada\/"},"wordCount":1019,"publisher":{"@id":"https:\/\/agenciainfra.com\/blog\/#organization"},"image":{"@id":"https:\/\/agenciainfra.com\/blog\/infradebate-planejamento-integrado-de-transportes-enfatiza-a-importancia-de-parcerias-com-a-iniciativa-privada\/#primaryimage"},"thumbnailUrl":"https:\/\/agenciainfra.com\/blog\/wp-content\/uploads\/2020\/08\/tarcisio-assinatura-foto-alberto-ruy-minfra.jpg","keywords":["Ana Luiza Jacoby","iniciativa privada","Minist\u00e9rio da Infraestrutura","mobilidade","parceria","Planejamento Integrado de Transportes","sustentabilidade","transporte aerovi\u00e1rio","transporte aquavi\u00e1rio","transporte ferrovi\u00e1rio","transporte rodovi\u00e1rio","via\u00e7\u00e3o"],"articleSection":["Geral","iNFRADebate"],"inLanguage":"pt-BR","copyrightYear":"2020","copyrightHolder":{"@id":"https:\/\/agenciainfra.com\/blog\/#organization"}},{"@type":"WebPage","@id":"https:\/\/agenciainfra.com\/blog\/infradebate-planejamento-integrado-de-transportes-enfatiza-a-importancia-de-parcerias-com-a-iniciativa-privada\/","url":"https:\/\/agenciainfra.com\/blog\/infradebate-planejamento-integrado-de-transportes-enfatiza-a-importancia-de-parcerias-com-a-iniciativa-privada\/","name":"iNFRADebate: Planejamento Integrado de Transportes enfatiza a import\u00e2ncia de parcerias com a iniciativa privada - Ag\u00eancia iNFRA","isPartOf":{"@id":"https:\/\/agenciainfra.com\/blog\/#website"},"primaryImageOfPage":{"@id":"https:\/\/agenciainfra.com\/blog\/infradebate-planejamento-integrado-de-transportes-enfatiza-a-importancia-de-parcerias-com-a-iniciativa-privada\/#primaryimage"},"image":{"@id":"https:\/\/agenciainfra.com\/blog\/infradebate-planejamento-integrado-de-transportes-enfatiza-a-importancia-de-parcerias-com-a-iniciativa-privada\/#primaryimage"},"thumbnailUrl":"https:\/\/agenciainfra.com\/blog\/wp-content\/uploads\/2020\/08\/tarcisio-assinatura-foto-alberto-ruy-minfra.jpg","datePublished":"2020-08-24T16:05:20+00:00","dateModified":"2020-08-24T16:05:23+00:00","breadcrumb":{"@id":"https:\/\/agenciainfra.com\/blog\/infradebate-planejamento-integrado-de-transportes-enfatiza-a-importancia-de-parcerias-com-a-iniciativa-privada\/#breadcrumb"},"inLanguage":"pt-BR","potentialAction":[{"@type":"ReadAction","target":["https:\/\/agenciainfra.com\/blog\/infradebate-planejamento-integrado-de-transportes-enfatiza-a-importancia-de-parcerias-com-a-iniciativa-privada\/"]}]},{"@type":"ImageObject","inLanguage":"pt-BR","@id":"https:\/\/agenciainfra.com\/blog\/infradebate-planejamento-integrado-de-transportes-enfatiza-a-importancia-de-parcerias-com-a-iniciativa-privada\/#primaryimage","url":"https:\/\/agenciainfra.com\/blog\/wp-content\/uploads\/2020\/08\/tarcisio-assinatura-foto-alberto-ruy-minfra.jpg","contentUrl":"https:\/\/agenciainfra.com\/blog\/wp-content\/uploads\/2020\/08\/tarcisio-assinatura-foto-alberto-ruy-minfra.jpg","width":1280,"height":852},{"@type":"BreadcrumbList","@id":"https:\/\/agenciainfra.com\/blog\/infradebate-planejamento-integrado-de-transportes-enfatiza-a-importancia-de-parcerias-com-a-iniciativa-privada\/#breadcrumb","itemListElement":[{"@type":"ListItem","position":1,"name":"In\u00edcio","item":"https:\/\/agenciainfra.com\/blog\/"},{"@type":"ListItem","position":2,"name":"iNFRADebate: Planejamento Integrado de Transportes enfatiza a import\u00e2ncia de parcerias com a iniciativa privada"}]},{"@type":"WebSite","@id":"https:\/\/agenciainfra.com\/blog\/#website","url":"https:\/\/agenciainfra.com\/blog\/","name":"Ag\u00eancia iNFRA","description":"Multiplataforma de informa\u00e7\u00e3o jornal\u00edstica refer\u00eancia na \u00e1rea de infraestrutura no Brasil!","publisher":{"@id":"https:\/\/agenciainfra.com\/blog\/#organization"},"potentialAction":[{"@type":"SearchAction","target":{"@type":"EntryPoint","urlTemplate":"https:\/\/agenciainfra.com\/blog\/?s={search_term_string}"},"query-input":{"@type":"PropertyValueSpecification","valueRequired":true,"valueName":"search_term_string"}}],"inLanguage":"pt-BR"},{"@type":"Organization","@id":"https:\/\/agenciainfra.com\/blog\/#organization","name":"Ag\u00eancia iNFRA","url":"https:\/\/agenciainfra.com\/blog\/","logo":{"@type":"ImageObject","inLanguage":"pt-BR","@id":"https:\/\/agenciainfra.com\/blog\/#\/schema\/logo\/image\/","url":"https:\/\/agenciainfra.com\/blog\/wp-content\/uploads\/2023\/09\/iNFRA_5-e1761735885940.png","contentUrl":"https:\/\/agenciainfra.com\/blog\/wp-content\/uploads\/2023\/09\/iNFRA_5-e1761735885940.png","width":1672,"height":454,"caption":"Ag\u00eancia iNFRA"},"image":{"@id":"https:\/\/agenciainfra.com\/blog\/#\/schema\/logo\/image\/"},"sameAs":["https:\/\/www.facebook.com\/ageninfra","https:\/\/x.com\/agencia_infra","https:\/\/www.linkedin.com\/company\/ag\u00eanciainfra\/","https:\/\/www.instagram.com\/agenciainfra\/"]},{"@type":"Person","@id":"https:\/\/agenciainfra.com\/blog\/#\/schema\/person\/04dbb79bd6d8951f063da71f3e4c1eb1","name":"Rodrigo Zuquim","image":{"@type":"ImageObject","inLanguage":"pt-BR","@id":"https:\/\/agenciainfra.com\/blog\/#\/schema\/person\/image\/","url":"https:\/\/secure.gravatar.com\/avatar\/594abfe82761d620726242ff34ca472a705a4b97f16c790053a6b4c4035274d0?s=96&d=mm&r=g","contentUrl":"https:\/\/secure.gravatar.com\/avatar\/594abfe82761d620726242ff34ca472a705a4b97f16c790053a6b4c4035274d0?s=96&d=mm&r=g","caption":"Rodrigo Zuquim"},"url":"https:\/\/agenciainfra.com\/blog\/author\/rodrigo-zuquim\/"}]}},"_links":{"self":[{"href":"https:\/\/agenciainfra.com\/blog\/wp-json\/wp\/v2\/posts\/5718","targetHints":{"allow":["GET"]}}],"collection":[{"href":"https:\/\/agenciainfra.com\/blog\/wp-json\/wp\/v2\/posts"}],"about":[{"href":"https:\/\/agenciainfra.com\/blog\/wp-json\/wp\/v2\/types\/post"}],"author":[{"embeddable":true,"href":"https:\/\/agenciainfra.com\/blog\/wp-json\/wp\/v2\/users\/9"}],"replies":[{"embeddable":true,"href":"https:\/\/agenciainfra.com\/blog\/wp-json\/wp\/v2\/comments?post=5718"}],"version-history":[{"count":0,"href":"https:\/\/agenciainfra.com\/blog\/wp-json\/wp\/v2\/posts\/5718\/revisions"}],"wp:featuredmedia":[{"embeddable":true,"href":"https:\/\/agenciainfra.com\/blog\/wp-json\/wp\/v2\/media\/5719"}],"wp:attachment":[{"href":"https:\/\/agenciainfra.com\/blog\/wp-json\/wp\/v2\/media?parent=5718"}],"wp:term":[{"taxonomy":"category","embeddable":true,"href":"https:\/\/agenciainfra.com\/blog\/wp-json\/wp\/v2\/categories?post=5718"},{"taxonomy":"post_tag","embeddable":true,"href":"https:\/\/agenciainfra.com\/blog\/wp-json\/wp\/v2\/tags?post=5718"}],"curies":[{"name":"wp","href":"https:\/\/api.w.org\/{rel}","templated":true}]}}