{"id":5741,"date":"2020-08-29T08:00:28","date_gmt":"2020-08-29T11:00:28","guid":{"rendered":"https:\/\/www.agenciainfra.com\/blog\/?p=5741"},"modified":"2020-08-27T12:18:01","modified_gmt":"2020-08-27T15:18:01","slug":"presidente-veta-ponto-polemico-em-mudanca-na-lei-de-portos-que-tratava-de-modicidade","status":"publish","type":"post","link":"https:\/\/agenciainfra.com\/blog\/presidente-veta-ponto-polemico-em-mudanca-na-lei-de-portos-que-tratava-de-modicidade\/","title":{"rendered":"Presidente veta ponto pol\u00eamico em mudan\u00e7a na Lei de Portos que tratava de modicidade"},"content":{"rendered":"\n<hr class=\"wp-block-separator\"\/>\n\n\n\n<p class=\"has-text-align-right\"><strong>Dimmi Amora, da\u00a0Ag\u00eancia iNFRA<\/strong><\/p>\n\n\n\n<p>O presidente Jair Bolsonaro publicou na \u00faltima ter\u00e7a-feira (25) a san\u00e7\u00e3o \u00e0 MP 945, que realizou uma pequena reforma da Lei de Portos (12.815\/2013), vetando um artigo que tratava das tarifas e pre\u00e7os portu\u00e1rios.\u00a0<\/p>\n\n\n\n<p>O veto, de acordo com a explica\u00e7\u00e3o do texto, foi a pedido do Minist\u00e9rio da Infraestrutura, que foi o respons\u00e1vel por solicitar ao Congresso para fazer essa e outras mudan\u00e7as na medida provis\u00f3ria originalmente enviada, que tratava apenas do pagamento de custos de trabalhadores avulsos afastados pela Covid-19.<\/p>\n\n\n\n<p>Nas raz\u00f5es do veto \u00e0 Lei 14.047, a Presid\u00eancia informa que &#8220;a proposi\u00e7\u00e3o legislativa, ao alterar o dispositivo retirando a previs\u00e3o de modicidade dos pre\u00e7os cobrados pelas instala\u00e7\u00f5es portu\u00e1rias, passando a fazer alus\u00e3o somente \u00e0 modicidade para as tarifas praticadas no setor, efetua altera\u00e7\u00e3o perene \u00e0 Lei 12.815, de 2013, n\u00e3o restrita ao momento de combate \u00e0 pandemia, tendo potencial de causar uma onera\u00e7\u00e3o excessiva para aqueles que utilizam as instala\u00e7\u00f5es portu\u00e1rias como meio log\u00edstico para a movimenta\u00e7\u00e3o de suas cargas&#8221;.<\/p>\n\n\n\n<p>O texto afirma ainda que os afetados seriam principalmente aqueles &#8220;que n\u00e3o det\u00eam o controle da opera\u00e7\u00e3o de terminais portu\u00e1rios, sujeitos \u00e0s pol\u00edticas de pre\u00e7os, o que tornaria sua log\u00edstica n\u00e3o competitiva frente a outros mercados com o aumento dos custos&#8221;.<\/p>\n\n\n\n<p>A mudan\u00e7a no inciso II do artigo 3\u00ba da Lei 12.815 dava uma nova reda\u00e7\u00e3o ao texto, informando que haveria modicidade de tarifas e publicidade dos pre\u00e7os cobrados no setor portu\u00e1rio. O governo defendeu na \u00e9poca que isso deixaria mais clara a legisla\u00e7\u00e3o que j\u00e1 determina que as tarifas portu\u00e1rias \u2013 cobradas pelas autoridades portu\u00e1rias \u2013 devem entrar na regra da modicidade.<\/p>\n\n\n\n<p>J\u00e1 os pre\u00e7os, que s\u00e3o cobrados pelos terminais portu\u00e1rios, n\u00e3o teriam que seguir essa regra, ficando controlados apenas pelas regras de abusividade, o que j\u00e1 seria feito pela ag\u00eancia reguladora e foi refor\u00e7ado num adendo do artigo vetado.&nbsp;<\/p>\n\n\n\n<p><strong>Usu\u00e1rios pediram veto<\/strong><br>Mas essa altera\u00e7\u00e3o n\u00e3o agradou a associa\u00e7\u00f5es de usu\u00e1rios que dependem do setor portu\u00e1rio, que se mobilizaram contra a medida e fizeram chegar comunica\u00e7\u00f5es ao Pal\u00e1cio do Planalto contestando a medida, indicando que ela levaria a ainda mais cobran\u00e7as abusivas, especialmente de TUPs (terminais privados).<\/p>\n\n\n\n<p>O Cecaf\u00e9, que re\u00fane exportadores de caf\u00e9, mobilizou-se por meio da FPA (Frente Parlamentar da Agropecu\u00e1ria) pedindo o veto, alegando que a mudan\u00e7a causaria inseguran\u00e7a e problemas de concorr\u00eancia. A Log\u00edstica Brasil, associa\u00e7\u00e3o que re\u00fane usu\u00e1rios do transporte, tamb\u00e9m fez pedido do veto, alegando preju\u00edzo aos usu\u00e1rios.<\/p>\n\n\n\n<p>O advogado Osvaldo Agripino, que defende causas de usu\u00e1rios que acusam operadores de pre\u00e7os abusivos em v\u00e1rias regi\u00f5es do pa\u00eds, aponta que a lei da ANTAQ (Ag\u00eancia Nacional de Transportes Aquavi\u00e1rios) fala na regula\u00e7\u00e3o dos pre\u00e7os do setor, mesmo os praticados por terminais. Para ele, a mudan\u00e7a proposta tornaria mais dif\u00edcil o combate aos pre\u00e7os abusivos.<\/p>\n\n\n\n<p>&#8220;N\u00e3o \u00e9 poss\u00edvel um terminal cobrar R$ 1,9 milh\u00e3o de armazenagem de cinco cont\u00eaineres com valor declarado da carga de R$ 276 mil. \u00c9 um caso concreto, dentre muitos, que temos aqui&#8221;, disse Agripino lembrando que o mercado portu\u00e1rio \u00e9 cada vez mais horizontalizado, o que dificulta que os usu\u00e1rios possam utilizar-se dos instrumentos de concorr\u00eancia, j\u00e1 que nem todos t\u00eam poder de escolha sobre qual terminal poder\u00e3o usar.<\/p>\n\n\n\n<p>O Minist\u00e9rio da Infraestrutura acabou cedendo \u00e0 press\u00e3o dos usu\u00e1rios, tentando evitar que outros temas que foram modificados na nova lei, como a amplia\u00e7\u00e3o de possibilidades de arrendamentos de \u00e1rea nos portos p\u00fablicos, n\u00e3o fossem prejudicados por vetos.&nbsp;<\/p>\n\n\n\n<p>Segundo apurou a&nbsp;<strong>Ag\u00eancia iNFRA<\/strong>, a vis\u00e3o \u00e9 que outros artigos da Lei de Portos j\u00e1 s\u00e3o suficientes para n\u00e3o prejudicar a l\u00f3gica de pre\u00e7os livres praticados nos terminais e n\u00e3o criam embara\u00e7o para a fiscaliza\u00e7\u00e3o da ag\u00eancia reguladora contra a abusividade.&nbsp;<\/p>\n\n\n\n<p>Outro veto do presidente na nova lei foi ao artigo 11, que previa a suspens\u00e3o de arrecada\u00e7\u00e3o de verbas para o ensino portu\u00e1rio at\u00e9 o final de 2021. A alega\u00e7\u00e3o do veto foi por falta de isonomia com outras categorias e tamb\u00e9m por n\u00e3o haver previs\u00e3o de substitui\u00e7\u00e3o dos recursos arrecadados por outra fonte, como determina a lei.<\/p>\n","protected":false},"excerpt":{"rendered":"<p>Dimmi Amora, da\u00a0Ag\u00eancia iNFRA O presidente Jair Bolsonaro publicou na \u00faltima ter\u00e7a-feira (25) a san\u00e7\u00e3o \u00e0 MP 945, que realizou uma pequena reforma da Lei de Portos (12.815\/2013), vetando um artigo que tratava das tarifas e pre\u00e7os portu\u00e1rios.\u00a0 O veto, de acordo com a explica\u00e7\u00e3o do texto, foi a pedido do Minist\u00e9rio da Infraestrutura, que [&hellip;]<\/p>\n","protected":false},"author":9,"featured_media":5742,"comment_status":"closed","ping_status":"closed","sticky":false,"template":"","format":"standard","meta":{"_monsterinsights_skip_tracking":false,"_monsterinsights_sitenote_active":false,"_monsterinsights_sitenote_note":"","_monsterinsights_sitenote_category":0,"footnotes":""},"categories":[1,7],"tags":[86,2560,2561,845,2516,2559,2557,2176,775,2558,1991,1295,310,1201],"class_list":["post-5741","post","type-post","status-publish","format-standard","has-post-thumbnail","hentry","category-geral","category-infratransporte","tag-antaq","tag-cecafe","tag-frente-parlamentar-da-agropecuaria","tag-jair-bolsonaro","tag-lei-12-815-2013","tag-lei-14-047-2020","tag-lei-de-portos","tag-logistica-brasil","tag-ministerio-da-infraestrutura","tag-modicidade","tag-mp-945","tag-osvaldo-agripino","tag-portos","tag-setor-portuario"],"yoast_head":"<!-- This site is optimized with the Yoast SEO Premium plugin v25.4 (Yoast SEO v26.0) - https:\/\/yoast.com\/wordpress\/plugins\/seo\/ -->\n<title>Presidente veta ponto pol\u00eamico em mudan\u00e7a na Lei de Portos que tratava de modicidade - Ag\u00eancia iNFRA<\/title>\n<meta name=\"robots\" content=\"index, follow, max-snippet:-1, max-image-preview:large, max-video-preview:-1\" \/>\n<link rel=\"canonical\" href=\"https:\/\/agenciainfra.com\/blog\/presidente-veta-ponto-polemico-em-mudanca-na-lei-de-portos-que-tratava-de-modicidade\/\" \/>\n<meta property=\"og:locale\" content=\"pt_BR\" \/>\n<meta property=\"og:type\" content=\"article\" \/>\n<meta property=\"og:title\" content=\"Presidente veta ponto pol\u00eamico em mudan\u00e7a na Lei de Portos que tratava de modicidade\" \/>\n<meta property=\"og:description\" content=\"Dimmi Amora, da\u00a0Ag\u00eancia iNFRA O presidente Jair Bolsonaro publicou na \u00faltima ter\u00e7a-feira (25) a san\u00e7\u00e3o \u00e0 MP 945, que realizou uma pequena reforma da Lei de Portos (12.815\/2013), vetando um artigo que tratava das tarifas e pre\u00e7os portu\u00e1rios.\u00a0 O veto, de acordo com a explica\u00e7\u00e3o do texto, foi a pedido do Minist\u00e9rio da Infraestrutura, que [&hellip;]\" \/>\n<meta property=\"og:url\" content=\"https:\/\/agenciainfra.com\/blog\/presidente-veta-ponto-polemico-em-mudanca-na-lei-de-portos-que-tratava-de-modicidade\/\" \/>\n<meta property=\"og:site_name\" content=\"Ag\u00eancia iNFRA\" \/>\n<meta property=\"article:publisher\" content=\"https:\/\/www.facebook.com\/ageninfra\" \/>\n<meta property=\"article:published_time\" content=\"2020-08-29T11:00:28+00:00\" \/>\n<meta property=\"og:image\" content=\"https:\/\/agenciainfra.com\/blog\/wp-content\/uploads\/2020\/08\/porto-foto-claudio-neves-portos-do-parana.jpg\" \/>\n\t<meta property=\"og:image:width\" content=\"1280\" \/>\n\t<meta property=\"og:image:height\" content=\"853\" \/>\n\t<meta property=\"og:image:type\" content=\"image\/jpeg\" \/>\n<meta name=\"author\" content=\"Rodrigo Zuquim\" \/>\n<meta name=\"twitter:card\" content=\"summary_large_image\" \/>\n<meta name=\"twitter:creator\" content=\"@agencia_infra\" \/>\n<meta name=\"twitter:site\" content=\"@agencia_infra\" \/>\n<meta name=\"twitter:label1\" content=\"Escrito por\" \/>\n\t<meta name=\"twitter:data1\" content=\"Rodrigo Zuquim\" \/>\n\t<meta name=\"twitter:label2\" content=\"Est. tempo de leitura\" \/>\n\t<meta name=\"twitter:data2\" content=\"4 minutos\" \/>\n<script type=\"application\/ld+json\" class=\"yoast-schema-graph\">{\"@context\":\"https:\/\/schema.org\",\"@graph\":[{\"@type\":\"Article\",\"@id\":\"https:\/\/agenciainfra.com\/blog\/presidente-veta-ponto-polemico-em-mudanca-na-lei-de-portos-que-tratava-de-modicidade\/#article\",\"isPartOf\":{\"@id\":\"https:\/\/agenciainfra.com\/blog\/presidente-veta-ponto-polemico-em-mudanca-na-lei-de-portos-que-tratava-de-modicidade\/\"},\"author\":{\"name\":\"Rodrigo Zuquim\",\"@id\":\"https:\/\/agenciainfra.com\/blog\/#\/schema\/person\/04dbb79bd6d8951f063da71f3e4c1eb1\"},\"headline\":\"Presidente veta ponto pol\u00eamico em mudan\u00e7a na Lei de Portos que tratava de modicidade\",\"datePublished\":\"2020-08-29T11:00:28+00:00\",\"mainEntityOfPage\":{\"@id\":\"https:\/\/agenciainfra.com\/blog\/presidente-veta-ponto-polemico-em-mudanca-na-lei-de-portos-que-tratava-de-modicidade\/\"},\"wordCount\":775,\"publisher\":{\"@id\":\"https:\/\/agenciainfra.com\/blog\/#organization\"},\"image\":{\"@id\":\"https:\/\/agenciainfra.com\/blog\/presidente-veta-ponto-polemico-em-mudanca-na-lei-de-portos-que-tratava-de-modicidade\/#primaryimage\"},\"thumbnailUrl\":\"https:\/\/agenciainfra.com\/blog\/wp-content\/uploads\/2020\/08\/porto-foto-claudio-neves-portos-do-parana.jpg\",\"keywords\":[\"ANTAQ\",\"Cecaf\u00e9\",\"Frente Parlamentar da Agropecu\u00e1ria\",\"Jair Bolsonaro\",\"Lei 12.815\/2013\",\"Lei 14.047\/2020\",\"Lei de Portos\",\"Log\u00edstica Brasil\",\"Minist\u00e9rio da Infraestrutura\",\"modicidade\",\"MP 945\",\"Osvaldo Agripino\",\"portos\",\"setor portu\u00e1rio\"],\"articleSection\":[\"Geral\",\"iNFRATransporte\"],\"inLanguage\":\"pt-BR\",\"copyrightYear\":\"2020\",\"copyrightHolder\":{\"@id\":\"https:\/\/agenciainfra.com\/blog\/#organization\"}},{\"@type\":\"WebPage\",\"@id\":\"https:\/\/agenciainfra.com\/blog\/presidente-veta-ponto-polemico-em-mudanca-na-lei-de-portos-que-tratava-de-modicidade\/\",\"url\":\"https:\/\/agenciainfra.com\/blog\/presidente-veta-ponto-polemico-em-mudanca-na-lei-de-portos-que-tratava-de-modicidade\/\",\"name\":\"Presidente veta ponto pol\u00eamico em mudan\u00e7a na Lei de Portos que tratava de modicidade - Ag\u00eancia iNFRA\",\"isPartOf\":{\"@id\":\"https:\/\/agenciainfra.com\/blog\/#website\"},\"primaryImageOfPage\":{\"@id\":\"https:\/\/agenciainfra.com\/blog\/presidente-veta-ponto-polemico-em-mudanca-na-lei-de-portos-que-tratava-de-modicidade\/#primaryimage\"},\"image\":{\"@id\":\"https:\/\/agenciainfra.com\/blog\/presidente-veta-ponto-polemico-em-mudanca-na-lei-de-portos-que-tratava-de-modicidade\/#primaryimage\"},\"thumbnailUrl\":\"https:\/\/agenciainfra.com\/blog\/wp-content\/uploads\/2020\/08\/porto-foto-claudio-neves-portos-do-parana.jpg\",\"datePublished\":\"2020-08-29T11:00:28+00:00\",\"breadcrumb\":{\"@id\":\"https:\/\/agenciainfra.com\/blog\/presidente-veta-ponto-polemico-em-mudanca-na-lei-de-portos-que-tratava-de-modicidade\/#breadcrumb\"},\"inLanguage\":\"pt-BR\",\"potentialAction\":[{\"@type\":\"ReadAction\",\"target\":[\"https:\/\/agenciainfra.com\/blog\/presidente-veta-ponto-polemico-em-mudanca-na-lei-de-portos-que-tratava-de-modicidade\/\"]}]},{\"@type\":\"ImageObject\",\"inLanguage\":\"pt-BR\",\"@id\":\"https:\/\/agenciainfra.com\/blog\/presidente-veta-ponto-polemico-em-mudanca-na-lei-de-portos-que-tratava-de-modicidade\/#primaryimage\",\"url\":\"https:\/\/agenciainfra.com\/blog\/wp-content\/uploads\/2020\/08\/porto-foto-claudio-neves-portos-do-parana.jpg\",\"contentUrl\":\"https:\/\/agenciainfra.com\/blog\/wp-content\/uploads\/2020\/08\/porto-foto-claudio-neves-portos-do-parana.jpg\",\"width\":1280,\"height\":853},{\"@type\":\"BreadcrumbList\",\"@id\":\"https:\/\/agenciainfra.com\/blog\/presidente-veta-ponto-polemico-em-mudanca-na-lei-de-portos-que-tratava-de-modicidade\/#breadcrumb\",\"itemListElement\":[{\"@type\":\"ListItem\",\"position\":1,\"name\":\"In\u00edcio\",\"item\":\"https:\/\/agenciainfra.com\/blog\/\"},{\"@type\":\"ListItem\",\"position\":2,\"name\":\"Presidente veta ponto pol\u00eamico em mudan\u00e7a na Lei de Portos que tratava de modicidade\"}]},{\"@type\":\"WebSite\",\"@id\":\"https:\/\/agenciainfra.com\/blog\/#website\",\"url\":\"https:\/\/agenciainfra.com\/blog\/\",\"name\":\"Ag\u00eancia iNFRA\",\"description\":\"Multiplataforma de informa\u00e7\u00e3o jornal\u00edstica refer\u00eancia na \u00e1rea de infraestrutura no Brasil!\",\"publisher\":{\"@id\":\"https:\/\/agenciainfra.com\/blog\/#organization\"},\"potentialAction\":[{\"@type\":\"SearchAction\",\"target\":{\"@type\":\"EntryPoint\",\"urlTemplate\":\"https:\/\/agenciainfra.com\/blog\/?s={search_term_string}\"},\"query-input\":{\"@type\":\"PropertyValueSpecification\",\"valueRequired\":true,\"valueName\":\"search_term_string\"}}],\"inLanguage\":\"pt-BR\"},{\"@type\":\"Organization\",\"@id\":\"https:\/\/agenciainfra.com\/blog\/#organization\",\"name\":\"Ag\u00eancia iNFRA\",\"url\":\"https:\/\/agenciainfra.com\/blog\/\",\"logo\":{\"@type\":\"ImageObject\",\"inLanguage\":\"pt-BR\",\"@id\":\"https:\/\/agenciainfra.com\/blog\/#\/schema\/logo\/image\/\",\"url\":\"https:\/\/agenciainfra.com\/blog\/wp-content\/uploads\/2023\/09\/iNFRA_5-e1761735885940.png\",\"contentUrl\":\"https:\/\/agenciainfra.com\/blog\/wp-content\/uploads\/2023\/09\/iNFRA_5-e1761735885940.png\",\"width\":1672,\"height\":454,\"caption\":\"Ag\u00eancia iNFRA\"},\"image\":{\"@id\":\"https:\/\/agenciainfra.com\/blog\/#\/schema\/logo\/image\/\"},\"sameAs\":[\"https:\/\/www.facebook.com\/ageninfra\",\"https:\/\/x.com\/agencia_infra\",\"https:\/\/www.linkedin.com\/company\/ag\u00eanciainfra\/\",\"https:\/\/www.instagram.com\/agenciainfra\/\"]},{\"@type\":\"Person\",\"@id\":\"https:\/\/agenciainfra.com\/blog\/#\/schema\/person\/04dbb79bd6d8951f063da71f3e4c1eb1\",\"name\":\"Rodrigo Zuquim\",\"image\":{\"@type\":\"ImageObject\",\"inLanguage\":\"pt-BR\",\"@id\":\"https:\/\/agenciainfra.com\/blog\/#\/schema\/person\/image\/\",\"url\":\"https:\/\/secure.gravatar.com\/avatar\/594abfe82761d620726242ff34ca472a705a4b97f16c790053a6b4c4035274d0?s=96&d=mm&r=g\",\"contentUrl\":\"https:\/\/secure.gravatar.com\/avatar\/594abfe82761d620726242ff34ca472a705a4b97f16c790053a6b4c4035274d0?s=96&d=mm&r=g\",\"caption\":\"Rodrigo Zuquim\"},\"url\":\"https:\/\/agenciainfra.com\/blog\/author\/rodrigo-zuquim\/\"}]}<\/script>\n<!-- \/ Yoast SEO Premium plugin. -->","yoast_head_json":{"title":"Presidente veta ponto pol\u00eamico em mudan\u00e7a na Lei de Portos que tratava de modicidade - Ag\u00eancia iNFRA","robots":{"index":"index","follow":"follow","max-snippet":"max-snippet:-1","max-image-preview":"max-image-preview:large","max-video-preview":"max-video-preview:-1"},"canonical":"https:\/\/agenciainfra.com\/blog\/presidente-veta-ponto-polemico-em-mudanca-na-lei-de-portos-que-tratava-de-modicidade\/","og_locale":"pt_BR","og_type":"article","og_title":"Presidente veta ponto pol\u00eamico em mudan\u00e7a na Lei de Portos que tratava de modicidade","og_description":"Dimmi Amora, da\u00a0Ag\u00eancia iNFRA O presidente Jair Bolsonaro publicou na \u00faltima ter\u00e7a-feira (25) a san\u00e7\u00e3o \u00e0 MP 945, que realizou uma pequena reforma da Lei de Portos (12.815\/2013), vetando um artigo que tratava das tarifas e pre\u00e7os portu\u00e1rios.\u00a0 O veto, de acordo com a explica\u00e7\u00e3o do texto, foi a pedido do Minist\u00e9rio da Infraestrutura, que [&hellip;]","og_url":"https:\/\/agenciainfra.com\/blog\/presidente-veta-ponto-polemico-em-mudanca-na-lei-de-portos-que-tratava-de-modicidade\/","og_site_name":"Ag\u00eancia iNFRA","article_publisher":"https:\/\/www.facebook.com\/ageninfra","article_published_time":"2020-08-29T11:00:28+00:00","og_image":[{"width":1280,"height":853,"url":"https:\/\/agenciainfra.com\/blog\/wp-content\/uploads\/2020\/08\/porto-foto-claudio-neves-portos-do-parana.jpg","type":"image\/jpeg"}],"author":"Rodrigo Zuquim","twitter_card":"summary_large_image","twitter_creator":"@agencia_infra","twitter_site":"@agencia_infra","twitter_misc":{"Escrito por":"Rodrigo Zuquim","Est. tempo de leitura":"4 minutos"},"schema":{"@context":"https:\/\/schema.org","@graph":[{"@type":"Article","@id":"https:\/\/agenciainfra.com\/blog\/presidente-veta-ponto-polemico-em-mudanca-na-lei-de-portos-que-tratava-de-modicidade\/#article","isPartOf":{"@id":"https:\/\/agenciainfra.com\/blog\/presidente-veta-ponto-polemico-em-mudanca-na-lei-de-portos-que-tratava-de-modicidade\/"},"author":{"name":"Rodrigo Zuquim","@id":"https:\/\/agenciainfra.com\/blog\/#\/schema\/person\/04dbb79bd6d8951f063da71f3e4c1eb1"},"headline":"Presidente veta ponto pol\u00eamico em mudan\u00e7a na Lei de Portos que tratava de modicidade","datePublished":"2020-08-29T11:00:28+00:00","mainEntityOfPage":{"@id":"https:\/\/agenciainfra.com\/blog\/presidente-veta-ponto-polemico-em-mudanca-na-lei-de-portos-que-tratava-de-modicidade\/"},"wordCount":775,"publisher":{"@id":"https:\/\/agenciainfra.com\/blog\/#organization"},"image":{"@id":"https:\/\/agenciainfra.com\/blog\/presidente-veta-ponto-polemico-em-mudanca-na-lei-de-portos-que-tratava-de-modicidade\/#primaryimage"},"thumbnailUrl":"https:\/\/agenciainfra.com\/blog\/wp-content\/uploads\/2020\/08\/porto-foto-claudio-neves-portos-do-parana.jpg","keywords":["ANTAQ","Cecaf\u00e9","Frente Parlamentar da Agropecu\u00e1ria","Jair Bolsonaro","Lei 12.815\/2013","Lei 14.047\/2020","Lei de Portos","Log\u00edstica Brasil","Minist\u00e9rio da Infraestrutura","modicidade","MP 945","Osvaldo Agripino","portos","setor portu\u00e1rio"],"articleSection":["Geral","iNFRATransporte"],"inLanguage":"pt-BR","copyrightYear":"2020","copyrightHolder":{"@id":"https:\/\/agenciainfra.com\/blog\/#organization"}},{"@type":"WebPage","@id":"https:\/\/agenciainfra.com\/blog\/presidente-veta-ponto-polemico-em-mudanca-na-lei-de-portos-que-tratava-de-modicidade\/","url":"https:\/\/agenciainfra.com\/blog\/presidente-veta-ponto-polemico-em-mudanca-na-lei-de-portos-que-tratava-de-modicidade\/","name":"Presidente veta ponto pol\u00eamico em mudan\u00e7a na Lei de Portos que tratava de modicidade - Ag\u00eancia iNFRA","isPartOf":{"@id":"https:\/\/agenciainfra.com\/blog\/#website"},"primaryImageOfPage":{"@id":"https:\/\/agenciainfra.com\/blog\/presidente-veta-ponto-polemico-em-mudanca-na-lei-de-portos-que-tratava-de-modicidade\/#primaryimage"},"image":{"@id":"https:\/\/agenciainfra.com\/blog\/presidente-veta-ponto-polemico-em-mudanca-na-lei-de-portos-que-tratava-de-modicidade\/#primaryimage"},"thumbnailUrl":"https:\/\/agenciainfra.com\/blog\/wp-content\/uploads\/2020\/08\/porto-foto-claudio-neves-portos-do-parana.jpg","datePublished":"2020-08-29T11:00:28+00:00","breadcrumb":{"@id":"https:\/\/agenciainfra.com\/blog\/presidente-veta-ponto-polemico-em-mudanca-na-lei-de-portos-que-tratava-de-modicidade\/#breadcrumb"},"inLanguage":"pt-BR","potentialAction":[{"@type":"ReadAction","target":["https:\/\/agenciainfra.com\/blog\/presidente-veta-ponto-polemico-em-mudanca-na-lei-de-portos-que-tratava-de-modicidade\/"]}]},{"@type":"ImageObject","inLanguage":"pt-BR","@id":"https:\/\/agenciainfra.com\/blog\/presidente-veta-ponto-polemico-em-mudanca-na-lei-de-portos-que-tratava-de-modicidade\/#primaryimage","url":"https:\/\/agenciainfra.com\/blog\/wp-content\/uploads\/2020\/08\/porto-foto-claudio-neves-portos-do-parana.jpg","contentUrl":"https:\/\/agenciainfra.com\/blog\/wp-content\/uploads\/2020\/08\/porto-foto-claudio-neves-portos-do-parana.jpg","width":1280,"height":853},{"@type":"BreadcrumbList","@id":"https:\/\/agenciainfra.com\/blog\/presidente-veta-ponto-polemico-em-mudanca-na-lei-de-portos-que-tratava-de-modicidade\/#breadcrumb","itemListElement":[{"@type":"ListItem","position":1,"name":"In\u00edcio","item":"https:\/\/agenciainfra.com\/blog\/"},{"@type":"ListItem","position":2,"name":"Presidente veta ponto pol\u00eamico em mudan\u00e7a na Lei de Portos que tratava de modicidade"}]},{"@type":"WebSite","@id":"https:\/\/agenciainfra.com\/blog\/#website","url":"https:\/\/agenciainfra.com\/blog\/","name":"Ag\u00eancia iNFRA","description":"Multiplataforma de informa\u00e7\u00e3o jornal\u00edstica refer\u00eancia na \u00e1rea de infraestrutura no Brasil!","publisher":{"@id":"https:\/\/agenciainfra.com\/blog\/#organization"},"potentialAction":[{"@type":"SearchAction","target":{"@type":"EntryPoint","urlTemplate":"https:\/\/agenciainfra.com\/blog\/?s={search_term_string}"},"query-input":{"@type":"PropertyValueSpecification","valueRequired":true,"valueName":"search_term_string"}}],"inLanguage":"pt-BR"},{"@type":"Organization","@id":"https:\/\/agenciainfra.com\/blog\/#organization","name":"Ag\u00eancia iNFRA","url":"https:\/\/agenciainfra.com\/blog\/","logo":{"@type":"ImageObject","inLanguage":"pt-BR","@id":"https:\/\/agenciainfra.com\/blog\/#\/schema\/logo\/image\/","url":"https:\/\/agenciainfra.com\/blog\/wp-content\/uploads\/2023\/09\/iNFRA_5-e1761735885940.png","contentUrl":"https:\/\/agenciainfra.com\/blog\/wp-content\/uploads\/2023\/09\/iNFRA_5-e1761735885940.png","width":1672,"height":454,"caption":"Ag\u00eancia iNFRA"},"image":{"@id":"https:\/\/agenciainfra.com\/blog\/#\/schema\/logo\/image\/"},"sameAs":["https:\/\/www.facebook.com\/ageninfra","https:\/\/x.com\/agencia_infra","https:\/\/www.linkedin.com\/company\/ag\u00eanciainfra\/","https:\/\/www.instagram.com\/agenciainfra\/"]},{"@type":"Person","@id":"https:\/\/agenciainfra.com\/blog\/#\/schema\/person\/04dbb79bd6d8951f063da71f3e4c1eb1","name":"Rodrigo Zuquim","image":{"@type":"ImageObject","inLanguage":"pt-BR","@id":"https:\/\/agenciainfra.com\/blog\/#\/schema\/person\/image\/","url":"https:\/\/secure.gravatar.com\/avatar\/594abfe82761d620726242ff34ca472a705a4b97f16c790053a6b4c4035274d0?s=96&d=mm&r=g","contentUrl":"https:\/\/secure.gravatar.com\/avatar\/594abfe82761d620726242ff34ca472a705a4b97f16c790053a6b4c4035274d0?s=96&d=mm&r=g","caption":"Rodrigo Zuquim"},"url":"https:\/\/agenciainfra.com\/blog\/author\/rodrigo-zuquim\/"}]}},"_links":{"self":[{"href":"https:\/\/agenciainfra.com\/blog\/wp-json\/wp\/v2\/posts\/5741","targetHints":{"allow":["GET"]}}],"collection":[{"href":"https:\/\/agenciainfra.com\/blog\/wp-json\/wp\/v2\/posts"}],"about":[{"href":"https:\/\/agenciainfra.com\/blog\/wp-json\/wp\/v2\/types\/post"}],"author":[{"embeddable":true,"href":"https:\/\/agenciainfra.com\/blog\/wp-json\/wp\/v2\/users\/9"}],"replies":[{"embeddable":true,"href":"https:\/\/agenciainfra.com\/blog\/wp-json\/wp\/v2\/comments?post=5741"}],"version-history":[{"count":0,"href":"https:\/\/agenciainfra.com\/blog\/wp-json\/wp\/v2\/posts\/5741\/revisions"}],"wp:featuredmedia":[{"embeddable":true,"href":"https:\/\/agenciainfra.com\/blog\/wp-json\/wp\/v2\/media\/5742"}],"wp:attachment":[{"href":"https:\/\/agenciainfra.com\/blog\/wp-json\/wp\/v2\/media?parent=5741"}],"wp:term":[{"taxonomy":"category","embeddable":true,"href":"https:\/\/agenciainfra.com\/blog\/wp-json\/wp\/v2\/categories?post=5741"},{"taxonomy":"post_tag","embeddable":true,"href":"https:\/\/agenciainfra.com\/blog\/wp-json\/wp\/v2\/tags?post=5741"}],"curies":[{"name":"wp","href":"https:\/\/api.w.org\/{rel}","templated":true}]}}