{"id":5747,"date":"2020-08-30T08:00:49","date_gmt":"2020-08-30T11:00:49","guid":{"rendered":"https:\/\/www.agenciainfra.com\/blog\/?p=5747"},"modified":"2020-08-28T12:24:18","modified_gmt":"2020-08-28T15:24:18","slug":"dependencia-de-profissionais-perto-da-aposentadoria-e-gargalo-para-o-setor-nuclear-no-brasil","status":"publish","type":"post","link":"https:\/\/agenciainfra.com\/blog\/dependencia-de-profissionais-perto-da-aposentadoria-e-gargalo-para-o-setor-nuclear-no-brasil\/","title":{"rendered":"Depend\u00eancia de profissionais perto da aposentadoria \u00e9 gargalo para o setor nuclear no Brasil"},"content":{"rendered":"\n<hr class=\"wp-block-separator\"\/>\n\n\n\n<p class=\"has-text-align-right\"><strong>Guilherme Mendes, da Ag\u00eancia iNFRA<\/strong><\/p>\n\n\n\n<p>A falta de m\u00e3o de obra especializada no setor nuclear pode ser um gargalo para o desenvolvimento da matriz no Brasil nos pr\u00f3ximos anos, apontam especialistas na \u00e1rea.<br>\u00a0<br>Hoje, os quadros essenciais \u00e0 pesquisa e opera\u00e7\u00e3o de diversos segmentos de gera\u00e7\u00e3o\u00a0nuclear s\u00e3o dominados por profissionais pr\u00f3ximo da aposentadoria ou j\u00e1 aposentados.<br>\u00a0<br>Como nos \u00faltimos anos n\u00e3o havia a perspectiva de expans\u00e3o da \u00e1rea nuclear no pa\u00eds, n\u00e3o houve uma ampla forma\u00e7\u00e3o de jovens profissionais com esse tipo de conhecimento, que atualmente \u00e9 dependente de profissionais mais velhos.<br><br>&#8220;\u00c9 um problema mundial&#8221;, reconhece Cl\u00e1udio Almeida, que \u00e9 o presidente da Aben (Associa\u00e7\u00e3o Brasileira de Energia\u00a0Nuclear). Almeida, que participou da constru\u00e7\u00e3o das usinas de Angra 1 e 2, e foi membro da Aiea (Associa\u00e7\u00e3o Internacional de Energia At\u00f4mica), aponta que, como a maioria das usinas\u00a0nucleares\u00a0mundo afora foram constru\u00eddas nos anos 1960 e 1970, ficou-se um grande tempo com pouca atividade nessa \u00e1rea.<br>\u00a0<br>&#8220;O pessoal que participou da constru\u00e7\u00e3o das usinas aqui no Brasil, que tem toda a experi\u00eancia, est\u00e3o se aposentando. Assim como eu, que participei do licenciamento de Angra.&#8221;<br><br><strong>Ao redor do globo<\/strong><br>As raz\u00f5es da escassez de profissionais ao redor do mundo s\u00e3o variadas, aponta Almeida. Enquanto pa\u00edses como R\u00fassia, \u00cdndia e China podem estimular o setor ao construir novas usinas, a Alemanha, que possuiu um grande parque\u00a0nuclear\u00a0no passado, est\u00e1 aos poucos desligando seus reatores em prol de outras fontes de energia \u2013 o que encarece a forma\u00e7\u00e3o de profissionais.<br><br>&#8220;N\u00e3o vale a pena entrar nessa \u00e1rea na Alemanha, sabendo que em 2022 todos os reatores estar\u00e3o desligados&#8221;, comentou o presidente da Aben. A experi\u00eancia desses profissionais, defende, vem apenas com a constru\u00e7\u00e3o de novas centrais el\u00e9tricas.<br><br>O problema extrapolou os limites da gera\u00e7\u00e3o de energia e chegou \u00e0 ind\u00fastria que atende o setor. &#8220;Essas ind\u00fastrias continuam fabricando equipamentos, mas sem a qualidade\u00a0nuclear. Para fazer a retomada, a ind\u00fastria ter\u00e1 de ser requalificada&#8221;, comentou o presidente da Aben, que exemplificou: &#8220;Para se produzir um gerador de uma usina\u00a0nuclear, h\u00e1 que se seguir certas garantias de qualidade e de disponibilidade que n\u00e3o s\u00e3o as mesmas garantias de um gerador feito para um show de m\u00fasica na praia&#8221;.<br><br>O \u00a0Brasil tem um plano ambicioso para a gera\u00e7\u00e3o de energia\u00a0nuclear\u00a0que n\u00e3o deve se limitar, nos pr\u00f3ximos anos, \u00e0s j\u00e1 operantes usinas de Angra 1, 2 e \u00e0 futura planta de Angra 3. O<a rel=\"noreferrer noopener\" href=\"https:\/\/agenciainfra.us14.list-manage.com\/track\/click?u=d460dd1bcf9ba0ae040e1fc0f&amp;id=522b266265&amp;e=c099169394\" target=\"_blank\">\u00a0PNE (Plano Nacional de Energia) 2050<\/a>\u00a0aponta que a matriz pode chegar a variar de 10 GW a 23 GW\u00a0 de capacidade instalada, o que seria quase 12 vezes mais do que os 2 GW instalados no complexo de\u00a0Angra.<br>\u00a0<br>O ministro das Minas e Energia \u00e9 um entusiasta desse modelo energ\u00e9tico.\u00a0Bento Albuquerque, que\u00a0esteve na linha de frente da constru\u00e7\u00e3o do primeiro submarino\u00a0nuclear\u00a0brasileiro, j\u00e1 disse que deve apresentar em breve um novo modelo de neg\u00f3cio para novas usinas termonucleares, com foco na parceria com grupos privados.<\/p>\n","protected":false},"excerpt":{"rendered":"<p>Guilherme Mendes, da Ag\u00eancia iNFRA A falta de m\u00e3o de obra especializada no setor nuclear pode ser um gargalo para o desenvolvimento da matriz no Brasil nos pr\u00f3ximos anos, apontam especialistas na \u00e1rea.\u00a0Hoje, os quadros essenciais \u00e0 pesquisa e opera\u00e7\u00e3o de diversos segmentos de gera\u00e7\u00e3o\u00a0nuclear s\u00e3o dominados por profissionais pr\u00f3ximo da aposentadoria ou j\u00e1 aposentados.\u00a0Como [&hellip;]<\/p>\n","protected":false},"author":9,"featured_media":5748,"comment_status":"closed","ping_status":"closed","sticky":false,"template":"","format":"standard","meta":{"_monsterinsights_skip_tracking":false,"_monsterinsights_sitenote_active":false,"_monsterinsights_sitenote_note":"","_monsterinsights_sitenote_category":0,"footnotes":""},"categories":[1,10],"tags":[2568,2569,710,2567,651,96,2273],"class_list":["post-5747","post","type-post","status-publish","format-standard","has-post-thumbnail","hentry","category-geral","category-infraenergia","tag-aben","tag-associacao-brasileira-de-energia-nuclear","tag-bento-albuquerque","tag-claudio-almeida","tag-energia-nuclear","tag-ministerio-de-minas-e-energia","tag-pne-2050"],"yoast_head":"<!-- This site is optimized with the Yoast SEO Premium plugin v25.4 (Yoast SEO v26.0) - https:\/\/yoast.com\/wordpress\/plugins\/seo\/ -->\n<title>Depend\u00eancia de profissionais perto da aposentadoria \u00e9 gargalo para o setor nuclear no Brasil - Ag\u00eancia iNFRA<\/title>\n<meta name=\"robots\" content=\"index, follow, max-snippet:-1, max-image-preview:large, max-video-preview:-1\" \/>\n<link rel=\"canonical\" href=\"https:\/\/agenciainfra.com\/blog\/dependencia-de-profissionais-perto-da-aposentadoria-e-gargalo-para-o-setor-nuclear-no-brasil\/\" \/>\n<meta property=\"og:locale\" content=\"pt_BR\" \/>\n<meta property=\"og:type\" content=\"article\" \/>\n<meta property=\"og:title\" content=\"Depend\u00eancia de profissionais perto da aposentadoria \u00e9 gargalo para o setor nuclear no Brasil\" \/>\n<meta property=\"og:description\" content=\"Guilherme Mendes, da Ag\u00eancia iNFRA A falta de m\u00e3o de obra especializada no setor nuclear pode ser um gargalo para o desenvolvimento da matriz no Brasil nos pr\u00f3ximos anos, apontam especialistas na \u00e1rea.\u00a0Hoje, os quadros essenciais \u00e0 pesquisa e opera\u00e7\u00e3o de diversos segmentos de gera\u00e7\u00e3o\u00a0nuclear s\u00e3o dominados por profissionais pr\u00f3ximo da aposentadoria ou j\u00e1 aposentados.\u00a0Como [&hellip;]\" \/>\n<meta property=\"og:url\" content=\"https:\/\/agenciainfra.com\/blog\/dependencia-de-profissionais-perto-da-aposentadoria-e-gargalo-para-o-setor-nuclear-no-brasil\/\" \/>\n<meta property=\"og:site_name\" content=\"Ag\u00eancia iNFRA\" \/>\n<meta property=\"article:publisher\" content=\"https:\/\/www.facebook.com\/ageninfra\" \/>\n<meta property=\"article:published_time\" content=\"2020-08-30T11:00:49+00:00\" \/>\n<meta property=\"og:image\" content=\"https:\/\/agenciainfra.com\/blog\/wp-content\/uploads\/2020\/08\/angra2-foto-eletronuclear.jpeg\" \/>\n\t<meta property=\"og:image:width\" content=\"1280\" \/>\n\t<meta property=\"og:image:height\" content=\"853\" \/>\n\t<meta property=\"og:image:type\" content=\"image\/jpeg\" \/>\n<meta name=\"author\" content=\"Rodrigo Zuquim\" \/>\n<meta name=\"twitter:card\" content=\"summary_large_image\" \/>\n<meta name=\"twitter:creator\" content=\"@agencia_infra\" \/>\n<meta name=\"twitter:site\" content=\"@agencia_infra\" \/>\n<meta name=\"twitter:label1\" content=\"Escrito por\" \/>\n\t<meta name=\"twitter:data1\" content=\"Rodrigo Zuquim\" \/>\n\t<meta name=\"twitter:label2\" content=\"Est. tempo de leitura\" \/>\n\t<meta name=\"twitter:data2\" content=\"3 minutos\" \/>\n<script type=\"application\/ld+json\" class=\"yoast-schema-graph\">{\"@context\":\"https:\/\/schema.org\",\"@graph\":[{\"@type\":\"Article\",\"@id\":\"https:\/\/agenciainfra.com\/blog\/dependencia-de-profissionais-perto-da-aposentadoria-e-gargalo-para-o-setor-nuclear-no-brasil\/#article\",\"isPartOf\":{\"@id\":\"https:\/\/agenciainfra.com\/blog\/dependencia-de-profissionais-perto-da-aposentadoria-e-gargalo-para-o-setor-nuclear-no-brasil\/\"},\"author\":{\"name\":\"Rodrigo Zuquim\",\"@id\":\"https:\/\/agenciainfra.com\/blog\/#\/schema\/person\/04dbb79bd6d8951f063da71f3e4c1eb1\"},\"headline\":\"Depend\u00eancia de profissionais perto da aposentadoria \u00e9 gargalo para o setor nuclear no Brasil\",\"datePublished\":\"2020-08-30T11:00:49+00:00\",\"mainEntityOfPage\":{\"@id\":\"https:\/\/agenciainfra.com\/blog\/dependencia-de-profissionais-perto-da-aposentadoria-e-gargalo-para-o-setor-nuclear-no-brasil\/\"},\"wordCount\":532,\"publisher\":{\"@id\":\"https:\/\/agenciainfra.com\/blog\/#organization\"},\"image\":{\"@id\":\"https:\/\/agenciainfra.com\/blog\/dependencia-de-profissionais-perto-da-aposentadoria-e-gargalo-para-o-setor-nuclear-no-brasil\/#primaryimage\"},\"thumbnailUrl\":\"https:\/\/agenciainfra.com\/blog\/wp-content\/uploads\/2020\/08\/angra2-foto-eletronuclear.jpeg\",\"keywords\":[\"Aben\",\"Associa\u00e7\u00e3o Brasileira de Energia Nuclear\",\"bento albuquerque\",\"Cl\u00e1udio Almeida\",\"Energia Nuclear\",\"Minist\u00e9rio de Minas e Energia\",\"PNE 2050\"],\"articleSection\":[\"Geral\",\"iNFRAEnergia\"],\"inLanguage\":\"pt-BR\",\"copyrightYear\":\"2020\",\"copyrightHolder\":{\"@id\":\"https:\/\/agenciainfra.com\/blog\/#organization\"}},{\"@type\":\"WebPage\",\"@id\":\"https:\/\/agenciainfra.com\/blog\/dependencia-de-profissionais-perto-da-aposentadoria-e-gargalo-para-o-setor-nuclear-no-brasil\/\",\"url\":\"https:\/\/agenciainfra.com\/blog\/dependencia-de-profissionais-perto-da-aposentadoria-e-gargalo-para-o-setor-nuclear-no-brasil\/\",\"name\":\"Depend\u00eancia de profissionais perto da aposentadoria \u00e9 gargalo para o setor nuclear no Brasil - Ag\u00eancia iNFRA\",\"isPartOf\":{\"@id\":\"https:\/\/agenciainfra.com\/blog\/#website\"},\"primaryImageOfPage\":{\"@id\":\"https:\/\/agenciainfra.com\/blog\/dependencia-de-profissionais-perto-da-aposentadoria-e-gargalo-para-o-setor-nuclear-no-brasil\/#primaryimage\"},\"image\":{\"@id\":\"https:\/\/agenciainfra.com\/blog\/dependencia-de-profissionais-perto-da-aposentadoria-e-gargalo-para-o-setor-nuclear-no-brasil\/#primaryimage\"},\"thumbnailUrl\":\"https:\/\/agenciainfra.com\/blog\/wp-content\/uploads\/2020\/08\/angra2-foto-eletronuclear.jpeg\",\"datePublished\":\"2020-08-30T11:00:49+00:00\",\"breadcrumb\":{\"@id\":\"https:\/\/agenciainfra.com\/blog\/dependencia-de-profissionais-perto-da-aposentadoria-e-gargalo-para-o-setor-nuclear-no-brasil\/#breadcrumb\"},\"inLanguage\":\"pt-BR\",\"potentialAction\":[{\"@type\":\"ReadAction\",\"target\":[\"https:\/\/agenciainfra.com\/blog\/dependencia-de-profissionais-perto-da-aposentadoria-e-gargalo-para-o-setor-nuclear-no-brasil\/\"]}]},{\"@type\":\"ImageObject\",\"inLanguage\":\"pt-BR\",\"@id\":\"https:\/\/agenciainfra.com\/blog\/dependencia-de-profissionais-perto-da-aposentadoria-e-gargalo-para-o-setor-nuclear-no-brasil\/#primaryimage\",\"url\":\"https:\/\/agenciainfra.com\/blog\/wp-content\/uploads\/2020\/08\/angra2-foto-eletronuclear.jpeg\",\"contentUrl\":\"https:\/\/agenciainfra.com\/blog\/wp-content\/uploads\/2020\/08\/angra2-foto-eletronuclear.jpeg\",\"width\":1280,\"height\":853},{\"@type\":\"BreadcrumbList\",\"@id\":\"https:\/\/agenciainfra.com\/blog\/dependencia-de-profissionais-perto-da-aposentadoria-e-gargalo-para-o-setor-nuclear-no-brasil\/#breadcrumb\",\"itemListElement\":[{\"@type\":\"ListItem\",\"position\":1,\"name\":\"In\u00edcio\",\"item\":\"https:\/\/agenciainfra.com\/blog\/\"},{\"@type\":\"ListItem\",\"position\":2,\"name\":\"Depend\u00eancia de profissionais perto da aposentadoria \u00e9 gargalo para o setor nuclear no Brasil\"}]},{\"@type\":\"WebSite\",\"@id\":\"https:\/\/agenciainfra.com\/blog\/#website\",\"url\":\"https:\/\/agenciainfra.com\/blog\/\",\"name\":\"Ag\u00eancia iNFRA\",\"description\":\"Multiplataforma de informa\u00e7\u00e3o jornal\u00edstica refer\u00eancia na \u00e1rea de infraestrutura no Brasil!\",\"publisher\":{\"@id\":\"https:\/\/agenciainfra.com\/blog\/#organization\"},\"potentialAction\":[{\"@type\":\"SearchAction\",\"target\":{\"@type\":\"EntryPoint\",\"urlTemplate\":\"https:\/\/agenciainfra.com\/blog\/?s={search_term_string}\"},\"query-input\":{\"@type\":\"PropertyValueSpecification\",\"valueRequired\":true,\"valueName\":\"search_term_string\"}}],\"inLanguage\":\"pt-BR\"},{\"@type\":\"Organization\",\"@id\":\"https:\/\/agenciainfra.com\/blog\/#organization\",\"name\":\"Ag\u00eancia iNFRA\",\"url\":\"https:\/\/agenciainfra.com\/blog\/\",\"logo\":{\"@type\":\"ImageObject\",\"inLanguage\":\"pt-BR\",\"@id\":\"https:\/\/agenciainfra.com\/blog\/#\/schema\/logo\/image\/\",\"url\":\"https:\/\/agenciainfra.com\/blog\/wp-content\/uploads\/2023\/09\/iNFRA_5-e1761735885940.png\",\"contentUrl\":\"https:\/\/agenciainfra.com\/blog\/wp-content\/uploads\/2023\/09\/iNFRA_5-e1761735885940.png\",\"width\":1672,\"height\":454,\"caption\":\"Ag\u00eancia iNFRA\"},\"image\":{\"@id\":\"https:\/\/agenciainfra.com\/blog\/#\/schema\/logo\/image\/\"},\"sameAs\":[\"https:\/\/www.facebook.com\/ageninfra\",\"https:\/\/x.com\/agencia_infra\",\"https:\/\/www.linkedin.com\/company\/ag\u00eanciainfra\/\",\"https:\/\/www.instagram.com\/agenciainfra\/\"]},{\"@type\":\"Person\",\"@id\":\"https:\/\/agenciainfra.com\/blog\/#\/schema\/person\/04dbb79bd6d8951f063da71f3e4c1eb1\",\"name\":\"Rodrigo Zuquim\",\"image\":{\"@type\":\"ImageObject\",\"inLanguage\":\"pt-BR\",\"@id\":\"https:\/\/agenciainfra.com\/blog\/#\/schema\/person\/image\/\",\"url\":\"https:\/\/secure.gravatar.com\/avatar\/594abfe82761d620726242ff34ca472a705a4b97f16c790053a6b4c4035274d0?s=96&d=mm&r=g\",\"contentUrl\":\"https:\/\/secure.gravatar.com\/avatar\/594abfe82761d620726242ff34ca472a705a4b97f16c790053a6b4c4035274d0?s=96&d=mm&r=g\",\"caption\":\"Rodrigo Zuquim\"},\"url\":\"https:\/\/agenciainfra.com\/blog\/author\/rodrigo-zuquim\/\"}]}<\/script>\n<!-- \/ Yoast SEO Premium plugin. -->","yoast_head_json":{"title":"Depend\u00eancia de profissionais perto da aposentadoria \u00e9 gargalo para o setor nuclear no Brasil - Ag\u00eancia iNFRA","robots":{"index":"index","follow":"follow","max-snippet":"max-snippet:-1","max-image-preview":"max-image-preview:large","max-video-preview":"max-video-preview:-1"},"canonical":"https:\/\/agenciainfra.com\/blog\/dependencia-de-profissionais-perto-da-aposentadoria-e-gargalo-para-o-setor-nuclear-no-brasil\/","og_locale":"pt_BR","og_type":"article","og_title":"Depend\u00eancia de profissionais perto da aposentadoria \u00e9 gargalo para o setor nuclear no Brasil","og_description":"Guilherme Mendes, da Ag\u00eancia iNFRA A falta de m\u00e3o de obra especializada no setor nuclear pode ser um gargalo para o desenvolvimento da matriz no Brasil nos pr\u00f3ximos anos, apontam especialistas na \u00e1rea.\u00a0Hoje, os quadros essenciais \u00e0 pesquisa e opera\u00e7\u00e3o de diversos segmentos de gera\u00e7\u00e3o\u00a0nuclear s\u00e3o dominados por profissionais pr\u00f3ximo da aposentadoria ou j\u00e1 aposentados.\u00a0Como [&hellip;]","og_url":"https:\/\/agenciainfra.com\/blog\/dependencia-de-profissionais-perto-da-aposentadoria-e-gargalo-para-o-setor-nuclear-no-brasil\/","og_site_name":"Ag\u00eancia iNFRA","article_publisher":"https:\/\/www.facebook.com\/ageninfra","article_published_time":"2020-08-30T11:00:49+00:00","og_image":[{"width":1280,"height":853,"url":"https:\/\/agenciainfra.com\/blog\/wp-content\/uploads\/2020\/08\/angra2-foto-eletronuclear.jpeg","type":"image\/jpeg"}],"author":"Rodrigo Zuquim","twitter_card":"summary_large_image","twitter_creator":"@agencia_infra","twitter_site":"@agencia_infra","twitter_misc":{"Escrito por":"Rodrigo Zuquim","Est. tempo de leitura":"3 minutos"},"schema":{"@context":"https:\/\/schema.org","@graph":[{"@type":"Article","@id":"https:\/\/agenciainfra.com\/blog\/dependencia-de-profissionais-perto-da-aposentadoria-e-gargalo-para-o-setor-nuclear-no-brasil\/#article","isPartOf":{"@id":"https:\/\/agenciainfra.com\/blog\/dependencia-de-profissionais-perto-da-aposentadoria-e-gargalo-para-o-setor-nuclear-no-brasil\/"},"author":{"name":"Rodrigo Zuquim","@id":"https:\/\/agenciainfra.com\/blog\/#\/schema\/person\/04dbb79bd6d8951f063da71f3e4c1eb1"},"headline":"Depend\u00eancia de profissionais perto da aposentadoria \u00e9 gargalo para o setor nuclear no Brasil","datePublished":"2020-08-30T11:00:49+00:00","mainEntityOfPage":{"@id":"https:\/\/agenciainfra.com\/blog\/dependencia-de-profissionais-perto-da-aposentadoria-e-gargalo-para-o-setor-nuclear-no-brasil\/"},"wordCount":532,"publisher":{"@id":"https:\/\/agenciainfra.com\/blog\/#organization"},"image":{"@id":"https:\/\/agenciainfra.com\/blog\/dependencia-de-profissionais-perto-da-aposentadoria-e-gargalo-para-o-setor-nuclear-no-brasil\/#primaryimage"},"thumbnailUrl":"https:\/\/agenciainfra.com\/blog\/wp-content\/uploads\/2020\/08\/angra2-foto-eletronuclear.jpeg","keywords":["Aben","Associa\u00e7\u00e3o Brasileira de Energia Nuclear","bento albuquerque","Cl\u00e1udio Almeida","Energia Nuclear","Minist\u00e9rio de Minas e Energia","PNE 2050"],"articleSection":["Geral","iNFRAEnergia"],"inLanguage":"pt-BR","copyrightYear":"2020","copyrightHolder":{"@id":"https:\/\/agenciainfra.com\/blog\/#organization"}},{"@type":"WebPage","@id":"https:\/\/agenciainfra.com\/blog\/dependencia-de-profissionais-perto-da-aposentadoria-e-gargalo-para-o-setor-nuclear-no-brasil\/","url":"https:\/\/agenciainfra.com\/blog\/dependencia-de-profissionais-perto-da-aposentadoria-e-gargalo-para-o-setor-nuclear-no-brasil\/","name":"Depend\u00eancia de profissionais perto da aposentadoria \u00e9 gargalo para o setor nuclear no Brasil - Ag\u00eancia iNFRA","isPartOf":{"@id":"https:\/\/agenciainfra.com\/blog\/#website"},"primaryImageOfPage":{"@id":"https:\/\/agenciainfra.com\/blog\/dependencia-de-profissionais-perto-da-aposentadoria-e-gargalo-para-o-setor-nuclear-no-brasil\/#primaryimage"},"image":{"@id":"https:\/\/agenciainfra.com\/blog\/dependencia-de-profissionais-perto-da-aposentadoria-e-gargalo-para-o-setor-nuclear-no-brasil\/#primaryimage"},"thumbnailUrl":"https:\/\/agenciainfra.com\/blog\/wp-content\/uploads\/2020\/08\/angra2-foto-eletronuclear.jpeg","datePublished":"2020-08-30T11:00:49+00:00","breadcrumb":{"@id":"https:\/\/agenciainfra.com\/blog\/dependencia-de-profissionais-perto-da-aposentadoria-e-gargalo-para-o-setor-nuclear-no-brasil\/#breadcrumb"},"inLanguage":"pt-BR","potentialAction":[{"@type":"ReadAction","target":["https:\/\/agenciainfra.com\/blog\/dependencia-de-profissionais-perto-da-aposentadoria-e-gargalo-para-o-setor-nuclear-no-brasil\/"]}]},{"@type":"ImageObject","inLanguage":"pt-BR","@id":"https:\/\/agenciainfra.com\/blog\/dependencia-de-profissionais-perto-da-aposentadoria-e-gargalo-para-o-setor-nuclear-no-brasil\/#primaryimage","url":"https:\/\/agenciainfra.com\/blog\/wp-content\/uploads\/2020\/08\/angra2-foto-eletronuclear.jpeg","contentUrl":"https:\/\/agenciainfra.com\/blog\/wp-content\/uploads\/2020\/08\/angra2-foto-eletronuclear.jpeg","width":1280,"height":853},{"@type":"BreadcrumbList","@id":"https:\/\/agenciainfra.com\/blog\/dependencia-de-profissionais-perto-da-aposentadoria-e-gargalo-para-o-setor-nuclear-no-brasil\/#breadcrumb","itemListElement":[{"@type":"ListItem","position":1,"name":"In\u00edcio","item":"https:\/\/agenciainfra.com\/blog\/"},{"@type":"ListItem","position":2,"name":"Depend\u00eancia de profissionais perto da aposentadoria \u00e9 gargalo para o setor nuclear no Brasil"}]},{"@type":"WebSite","@id":"https:\/\/agenciainfra.com\/blog\/#website","url":"https:\/\/agenciainfra.com\/blog\/","name":"Ag\u00eancia iNFRA","description":"Multiplataforma de informa\u00e7\u00e3o jornal\u00edstica refer\u00eancia na \u00e1rea de infraestrutura no Brasil!","publisher":{"@id":"https:\/\/agenciainfra.com\/blog\/#organization"},"potentialAction":[{"@type":"SearchAction","target":{"@type":"EntryPoint","urlTemplate":"https:\/\/agenciainfra.com\/blog\/?s={search_term_string}"},"query-input":{"@type":"PropertyValueSpecification","valueRequired":true,"valueName":"search_term_string"}}],"inLanguage":"pt-BR"},{"@type":"Organization","@id":"https:\/\/agenciainfra.com\/blog\/#organization","name":"Ag\u00eancia iNFRA","url":"https:\/\/agenciainfra.com\/blog\/","logo":{"@type":"ImageObject","inLanguage":"pt-BR","@id":"https:\/\/agenciainfra.com\/blog\/#\/schema\/logo\/image\/","url":"https:\/\/agenciainfra.com\/blog\/wp-content\/uploads\/2023\/09\/iNFRA_5-e1761735885940.png","contentUrl":"https:\/\/agenciainfra.com\/blog\/wp-content\/uploads\/2023\/09\/iNFRA_5-e1761735885940.png","width":1672,"height":454,"caption":"Ag\u00eancia iNFRA"},"image":{"@id":"https:\/\/agenciainfra.com\/blog\/#\/schema\/logo\/image\/"},"sameAs":["https:\/\/www.facebook.com\/ageninfra","https:\/\/x.com\/agencia_infra","https:\/\/www.linkedin.com\/company\/ag\u00eanciainfra\/","https:\/\/www.instagram.com\/agenciainfra\/"]},{"@type":"Person","@id":"https:\/\/agenciainfra.com\/blog\/#\/schema\/person\/04dbb79bd6d8951f063da71f3e4c1eb1","name":"Rodrigo Zuquim","image":{"@type":"ImageObject","inLanguage":"pt-BR","@id":"https:\/\/agenciainfra.com\/blog\/#\/schema\/person\/image\/","url":"https:\/\/secure.gravatar.com\/avatar\/594abfe82761d620726242ff34ca472a705a4b97f16c790053a6b4c4035274d0?s=96&d=mm&r=g","contentUrl":"https:\/\/secure.gravatar.com\/avatar\/594abfe82761d620726242ff34ca472a705a4b97f16c790053a6b4c4035274d0?s=96&d=mm&r=g","caption":"Rodrigo Zuquim"},"url":"https:\/\/agenciainfra.com\/blog\/author\/rodrigo-zuquim\/"}]}},"_links":{"self":[{"href":"https:\/\/agenciainfra.com\/blog\/wp-json\/wp\/v2\/posts\/5747","targetHints":{"allow":["GET"]}}],"collection":[{"href":"https:\/\/agenciainfra.com\/blog\/wp-json\/wp\/v2\/posts"}],"about":[{"href":"https:\/\/agenciainfra.com\/blog\/wp-json\/wp\/v2\/types\/post"}],"author":[{"embeddable":true,"href":"https:\/\/agenciainfra.com\/blog\/wp-json\/wp\/v2\/users\/9"}],"replies":[{"embeddable":true,"href":"https:\/\/agenciainfra.com\/blog\/wp-json\/wp\/v2\/comments?post=5747"}],"version-history":[{"count":0,"href":"https:\/\/agenciainfra.com\/blog\/wp-json\/wp\/v2\/posts\/5747\/revisions"}],"wp:featuredmedia":[{"embeddable":true,"href":"https:\/\/agenciainfra.com\/blog\/wp-json\/wp\/v2\/media\/5748"}],"wp:attachment":[{"href":"https:\/\/agenciainfra.com\/blog\/wp-json\/wp\/v2\/media?parent=5747"}],"wp:term":[{"taxonomy":"category","embeddable":true,"href":"https:\/\/agenciainfra.com\/blog\/wp-json\/wp\/v2\/categories?post=5747"},{"taxonomy":"post_tag","embeddable":true,"href":"https:\/\/agenciainfra.com\/blog\/wp-json\/wp\/v2\/tags?post=5747"}],"curies":[{"name":"wp","href":"https:\/\/api.w.org\/{rel}","templated":true}]}}