{"id":5750,"date":"2020-08-31T08:00:40","date_gmt":"2020-08-31T11:00:40","guid":{"rendered":"https:\/\/www.agenciainfra.com\/blog\/?p=5750"},"modified":"2020-08-31T14:39:55","modified_gmt":"2020-08-31T17:39:55","slug":"reequilibrio-por-cobranca-de-iptu-em-terminais-portuarios-vai-analisar-contratos-genericos","status":"publish","type":"post","link":"https:\/\/agenciainfra.com\/blog\/reequilibrio-por-cobranca-de-iptu-em-terminais-portuarios-vai-analisar-contratos-genericos\/","title":{"rendered":"Reequil\u00edbrio por cobran\u00e7a de IPTU em terminais portu\u00e1rios vai analisar contratos gen\u00e9ricos"},"content":{"rendered":"\n<hr class=\"wp-block-separator\"\/>\n\n\n\n<p class=\"has-text-align-right\"><strong>Dimmi Amora, da&nbsp;Ag\u00eancia iNFRA<\/strong><\/p>\n\n\n\n<p>O reequil\u00edbrio dos contratos de arrendamento de terminais portu\u00e1rios que passarem a pagar IPTU vai ser analisado caso a caso, sem excluir da avalia\u00e7\u00e3o contratos antigos que tinham previs\u00f5es gen\u00e9ricas ou que n\u00e3o tenham pre\u00e7o teto como crit\u00e9rio de atua\u00e7\u00e3o.<\/p>\n\n\n\n<p>Foi o que decidiu na \u00faltima quinta-feira (27) a diretoria da ANTAQ (Ag\u00eancia Nacional de Transportes Aquavi\u00e1rios), em&nbsp;<a rel=\"noreferrer noopener\" href=\"https:\/\/agenciainfra.us14.list-manage.com\/track\/click?u=d460dd1bcf9ba0ae040e1fc0f&amp;id=f63df6a092&amp;e=c099169394\" target=\"_blank\">reuni\u00e3o colegiada<\/a>, analisando o processo 50300.016354\/2018-05, que avaliava o tema. Em 2018, o STF (Supremo Tribunal Federal) decidiu pela constitucionalidade da cobran\u00e7a desse imposto de concess\u00f5es e arrendamentos.<\/p>\n\n\n\n<p>O relator do processo, diretor-geral substituto Francisval Mendes, n\u00e3o seguiu parecer de uma das \u00e1reas t\u00e9cnicas da ag\u00eancia, que indicava n\u00e3o haver necessidade de reequil\u00edbrio em contratos que n\u00e3o tivessem pre\u00e7o teto, visto que o arrendat\u00e1rio poderia repassar o custo para os usu\u00e1rios.<\/p>\n\n\n\n<p>Mendes entendeu que a cobran\u00e7a do IPTU posteriormente \u00e0 assinatura do contrato \u00e9 causa de reequil\u00edbrio prevista, mesmo para esse tipo de contrato sem teto tarif\u00e1rio&nbsp;e, em nome da seguran\u00e7a jur\u00eddica, afirmou que a melhor maneira de tratar \u00e9 analisar se a empresa tem o direito a um reequil\u00edbrio.<\/p>\n\n\n\n<p>No processo, a advogada da ABTP (Associa\u00e7\u00e3o Brasileira dos Terminais Portu\u00e1rios) Amanda Seabra, do escrit\u00f3rio Piquet, Magaldi e Guedes Advogados, defendeu a posi\u00e7\u00e3o da ag\u00eancia de n\u00e3o criar uma regra \u00fanica para an\u00e1lise de todos os casos, em vista das diferen\u00e7as de contratos assinados ao longo do tempo, mas enfatizou que n\u00e3o deve haver restri\u00e7\u00e3o para o reequil\u00edbrio de contratos que tinham cl\u00e1usulas gen\u00e9ricas sobre o tema.<\/p>\n\n\n\n<p>Segundo ela, n\u00e3o se poderia prever na \u00e9poca da assinatura a cobran\u00e7a desse imposto, at\u00e9 ent\u00e3o considerado inconstitucional, e por isso os contratos n\u00e3o previam especificamente esse tipo de reequil\u00edbrio. Mendes afirmou que os casos ter\u00e3o que ser avaliados individualmente, mesmo os que tinham matriz de risco gen\u00e9rica.<\/p>\n\n\n\n<p><strong>Afretamento de GNL<\/strong><br>Em consulta formulada pela Abraget (Associa\u00e7\u00e3o Brasileira das Geradoras Termel\u00e9tricas) no processo 50300.009487\/2020-31, a diretoria concordou com solicita\u00e7\u00e3o de que os CLCPE (Certificado de Libera\u00e7\u00e3o de Carga Prescrita Estendido) para&nbsp;navios estrangeiros com carga de GNL (g\u00e1s natural liquefeito) tenham validade pelo prazo de um ano.<\/p>\n\n\n\n<p>Esse certificado \u00e9 para que o navio estrangeiro possa transportar produtos no pa\u00eds que, por lei, teriam reserva de mercado para navios nacionais. Segundo a diretoria da ag\u00eancia, como n\u00e3o h\u00e1 navios brasileiros que fa\u00e7am esse tipo de transporte, a autoriza\u00e7\u00e3o pode ser de um ano. No entanto, deve haver comunica\u00e7\u00e3o das viagens para que, caso cheguem navios nacionais do tipo, eles possam ter prioridade nesse transporte.<\/p>\n\n\n\n<p>Ainda na \u00e1rea de g\u00e1s, a UTE GNA I, no Porto do A\u00e7u, obteve autoriza\u00e7\u00e3o para fazer testes de comissionamento por mais 180 dias al\u00e9m de outubro de 2020, quando o prazo se encerraria. A empresa alegou que os testes atrasaram devido \u00e0 pandemia.<\/p>\n\n\n\n<p>Respondendo a uma consulta da Mitsui Rail Capital Participa\u00e7\u00f5es, a diretoria da ag\u00eancia informou n\u00e3o haver amparo legal para que empresas de navega\u00e7\u00e3o no Brasil existam sem realizar a navega\u00e7\u00e3o, mas afirmou que a previs\u00e3o est\u00e1 contida no projeto da BR do Mar enviado ao Congresso. O processo \u00e9 o 50300.000360\/2018-32.<\/p>\n\n\n\n<p><strong>Retirados de pauta<\/strong><br>Os diretores n\u00e3o analisaram&nbsp;o processo 50300.008713\/2020-67, que&nbsp;avalia a cria\u00e7\u00e3o de franquia e do pre\u00e7o teto para o SSE (Servi\u00e7o de Segrega\u00e7\u00e3o e Entrega). A diretora substituta Gabriela Costa j\u00e1 havia votado em reuni\u00e3o anterior por considerar irregular cobran\u00e7as feitas por alguns terminais, mas o processo n\u00e3o foi votado por um pedido de vista do diretor Adalberto Tokarski, que manteve o pedido.&nbsp; &nbsp;<\/p>\n\n\n\n<p>Tamb\u00e9m foi retirado de pauta o processo&nbsp;50300.000998\/2020-98, que tratava da fixa\u00e7\u00e3o dos prazos m\u00e1ximos para atos de libera\u00e7\u00e3o de atividade econ\u00f4mica e classifica\u00e7\u00e3o de risco das atividades, em cumprimento ao Decreto 10.178\/ 2019. A previs\u00e3o \u00e9 que os diretores&nbsp;decidam ad referendum at\u00e9 esta ter\u00e7a-feira (1\u00ba).<\/p>\n\n\n\n<p>No processo 50300.012912\/2020-70, os diretores concordaram com pedido da Usuport-RJ, associa\u00e7\u00e3o que representa usu\u00e1rios do transporte,&nbsp;que solicitava a revis\u00e3o na cartilha feita pela ag\u00eancia para tratar de direitos e deveres de usu\u00e1rios, por considerar que o trabalho n\u00e3o reflete as normas do setor corretamente e prejudica os usu\u00e1rios.<\/p>\n\n\n\n<p><strong>Conflito de compet\u00eancia<\/strong><br>Em rela\u00e7\u00e3o ao conflito entre a Resolu\u00e7\u00e3o 7.961 da ANTAQ e a Portaria 1.064 do Minist\u00e9rio da Infraestrutura, que trata de normas para instala\u00e7\u00f5es portu\u00e1rias, o diretor Francisval Mendes entendeu que prevalecem as normas da portaria em caso de conflito, e os processos de terminais privados avaliados com mais de 18 meses sem que tenham sido implantados ter\u00e3o que ser reanalisados.<\/p>\n\n\n\n<p>A advogada Juliane&nbsp;Yamamoto, representando o Terminal Portu\u00e1rio Brites, um TUP autorizado em Santos (SP), afirmou que a norma vai criar burocracia desnecess\u00e1ria, com a necessidade de rean\u00e1lise de v\u00e1rios processos que est\u00e3o fora do prazo da norma, e defendeu um adendo na portaria do minist\u00e9rio para evitar o retrabalho com esses terminais.<\/p>\n","protected":false},"excerpt":{"rendered":"<p>Dimmi Amora, da&nbsp;Ag\u00eancia iNFRA O reequil\u00edbrio dos contratos de arrendamento de terminais portu\u00e1rios que passarem a pagar IPTU vai ser analisado caso a caso, sem excluir da avalia\u00e7\u00e3o contratos antigos que tinham previs\u00f5es gen\u00e9ricas ou que n\u00e3o tenham pre\u00e7o teto como crit\u00e9rio de atua\u00e7\u00e3o. Foi o que decidiu na \u00faltima quinta-feira (27) a diretoria da [&hellip;]<\/p>\n","protected":false},"author":9,"featured_media":5751,"comment_status":"closed","ping_status":"closed","sticky":false,"template":"","format":"standard","meta":{"_monsterinsights_skip_tracking":false,"_monsterinsights_sitenote_active":false,"_monsterinsights_sitenote_note":"","_monsterinsights_sitenote_category":0,"footnotes":""},"categories":[1,7],"tags":[724,207,926,2570,86,1895,925,1909,1783,196,2571,775,2573,1938,1717,623,2572,1308],"class_list":["post-5750","post","type-post","status-publish","format-standard","has-post-thumbnail","hentry","category-geral","category-infratransporte","tag-abraget","tag-abtp","tag-adalberto-tokarski","tag-amanda-seabra","tag-antaq","tag-arrendamento","tag-francisval-mendes","tag-gabriela-costa","tag-gnl","tag-iptu","tag-juliane-yamamoto","tag-ministerio-da-infraestrutura","tag-mitsui-rail-capital-participacoes","tag-reequilibrio","tag-sse","tag-terminais-portuarios","tag-terminal-portuario-brites","tag-usuport-rj"],"yoast_head":"<!-- This site is optimized with the Yoast SEO Premium plugin v25.4 (Yoast SEO v26.0) - https:\/\/yoast.com\/wordpress\/plugins\/seo\/ -->\n<title>Reequil\u00edbrio por cobran\u00e7a de IPTU em terminais portu\u00e1rios vai analisar contratos gen\u00e9ricos - Ag\u00eancia iNFRA<\/title>\n<meta name=\"robots\" content=\"index, follow, max-snippet:-1, max-image-preview:large, max-video-preview:-1\" \/>\n<link rel=\"canonical\" href=\"https:\/\/agenciainfra.com\/blog\/reequilibrio-por-cobranca-de-iptu-em-terminais-portuarios-vai-analisar-contratos-genericos\/\" \/>\n<meta property=\"og:locale\" content=\"pt_BR\" \/>\n<meta property=\"og:type\" content=\"article\" \/>\n<meta property=\"og:title\" content=\"Reequil\u00edbrio por cobran\u00e7a de IPTU em terminais portu\u00e1rios vai analisar contratos gen\u00e9ricos\" \/>\n<meta property=\"og:description\" content=\"Dimmi Amora, da&nbsp;Ag\u00eancia iNFRA O reequil\u00edbrio dos contratos de arrendamento de terminais portu\u00e1rios que passarem a pagar IPTU vai ser analisado caso a caso, sem excluir da avalia\u00e7\u00e3o contratos antigos que tinham previs\u00f5es gen\u00e9ricas ou que n\u00e3o tenham pre\u00e7o teto como crit\u00e9rio de atua\u00e7\u00e3o. Foi o que decidiu na \u00faltima quinta-feira (27) a diretoria da [&hellip;]\" \/>\n<meta property=\"og:url\" content=\"https:\/\/agenciainfra.com\/blog\/reequilibrio-por-cobranca-de-iptu-em-terminais-portuarios-vai-analisar-contratos-genericos\/\" \/>\n<meta property=\"og:site_name\" content=\"Ag\u00eancia iNFRA\" \/>\n<meta property=\"article:publisher\" content=\"https:\/\/www.facebook.com\/ageninfra\" \/>\n<meta property=\"article:published_time\" content=\"2020-08-31T11:00:40+00:00\" \/>\n<meta property=\"article:modified_time\" content=\"2020-08-31T17:39:55+00:00\" \/>\n<meta property=\"og:image\" content=\"https:\/\/agenciainfra.com\/blog\/wp-content\/uploads\/2020\/08\/francisval-mendes-foto-geraldo-magela-agencia-senado.jpg\" \/>\n\t<meta property=\"og:image:width\" content=\"1280\" \/>\n\t<meta property=\"og:image:height\" content=\"849\" \/>\n\t<meta property=\"og:image:type\" content=\"image\/jpeg\" \/>\n<meta name=\"author\" content=\"Rodrigo Zuquim\" \/>\n<meta name=\"twitter:card\" content=\"summary_large_image\" \/>\n<meta name=\"twitter:creator\" content=\"@agencia_infra\" \/>\n<meta name=\"twitter:site\" content=\"@agencia_infra\" \/>\n<meta name=\"twitter:label1\" content=\"Escrito por\" \/>\n\t<meta name=\"twitter:data1\" content=\"Rodrigo Zuquim\" \/>\n\t<meta name=\"twitter:label2\" content=\"Est. tempo de leitura\" \/>\n\t<meta name=\"twitter:data2\" content=\"4 minutos\" \/>\n<script type=\"application\/ld+json\" class=\"yoast-schema-graph\">{\"@context\":\"https:\/\/schema.org\",\"@graph\":[{\"@type\":\"Article\",\"@id\":\"https:\/\/agenciainfra.com\/blog\/reequilibrio-por-cobranca-de-iptu-em-terminais-portuarios-vai-analisar-contratos-genericos\/#article\",\"isPartOf\":{\"@id\":\"https:\/\/agenciainfra.com\/blog\/reequilibrio-por-cobranca-de-iptu-em-terminais-portuarios-vai-analisar-contratos-genericos\/\"},\"author\":{\"name\":\"Rodrigo Zuquim\",\"@id\":\"https:\/\/agenciainfra.com\/blog\/#\/schema\/person\/04dbb79bd6d8951f063da71f3e4c1eb1\"},\"headline\":\"Reequil\u00edbrio por cobran\u00e7a de IPTU em terminais portu\u00e1rios vai analisar contratos gen\u00e9ricos\",\"datePublished\":\"2020-08-31T11:00:40+00:00\",\"dateModified\":\"2020-08-31T17:39:55+00:00\",\"mainEntityOfPage\":{\"@id\":\"https:\/\/agenciainfra.com\/blog\/reequilibrio-por-cobranca-de-iptu-em-terminais-portuarios-vai-analisar-contratos-genericos\/\"},\"wordCount\":907,\"publisher\":{\"@id\":\"https:\/\/agenciainfra.com\/blog\/#organization\"},\"image\":{\"@id\":\"https:\/\/agenciainfra.com\/blog\/reequilibrio-por-cobranca-de-iptu-em-terminais-portuarios-vai-analisar-contratos-genericos\/#primaryimage\"},\"thumbnailUrl\":\"https:\/\/agenciainfra.com\/blog\/wp-content\/uploads\/2020\/08\/francisval-mendes-foto-geraldo-magela-agencia-senado.jpg\",\"keywords\":[\"abraget\",\"ABTP\",\"Adalberto Tokarski\",\"Amanda Seabra\",\"ANTAQ\",\"arrendamento\",\"Francisval Mendes\",\"Gabriela Costa\",\"GNL\",\"IPTU\",\"Juliane Yamamoto\",\"Minist\u00e9rio da Infraestrutura\",\"Mitsui Rail Capital Participa\u00e7\u00f5es\",\"reequil\u00edbrio\",\"SSE\",\"terminais portu\u00e1rios\",\"Terminal Portu\u00e1rio Brites\",\"Usuport-RJ\"],\"articleSection\":[\"Geral\",\"iNFRATransporte\"],\"inLanguage\":\"pt-BR\",\"copyrightYear\":\"2020\",\"copyrightHolder\":{\"@id\":\"https:\/\/agenciainfra.com\/blog\/#organization\"}},{\"@type\":\"WebPage\",\"@id\":\"https:\/\/agenciainfra.com\/blog\/reequilibrio-por-cobranca-de-iptu-em-terminais-portuarios-vai-analisar-contratos-genericos\/\",\"url\":\"https:\/\/agenciainfra.com\/blog\/reequilibrio-por-cobranca-de-iptu-em-terminais-portuarios-vai-analisar-contratos-genericos\/\",\"name\":\"Reequil\u00edbrio por cobran\u00e7a de IPTU em terminais portu\u00e1rios vai analisar contratos gen\u00e9ricos - Ag\u00eancia iNFRA\",\"isPartOf\":{\"@id\":\"https:\/\/agenciainfra.com\/blog\/#website\"},\"primaryImageOfPage\":{\"@id\":\"https:\/\/agenciainfra.com\/blog\/reequilibrio-por-cobranca-de-iptu-em-terminais-portuarios-vai-analisar-contratos-genericos\/#primaryimage\"},\"image\":{\"@id\":\"https:\/\/agenciainfra.com\/blog\/reequilibrio-por-cobranca-de-iptu-em-terminais-portuarios-vai-analisar-contratos-genericos\/#primaryimage\"},\"thumbnailUrl\":\"https:\/\/agenciainfra.com\/blog\/wp-content\/uploads\/2020\/08\/francisval-mendes-foto-geraldo-magela-agencia-senado.jpg\",\"datePublished\":\"2020-08-31T11:00:40+00:00\",\"dateModified\":\"2020-08-31T17:39:55+00:00\",\"breadcrumb\":{\"@id\":\"https:\/\/agenciainfra.com\/blog\/reequilibrio-por-cobranca-de-iptu-em-terminais-portuarios-vai-analisar-contratos-genericos\/#breadcrumb\"},\"inLanguage\":\"pt-BR\",\"potentialAction\":[{\"@type\":\"ReadAction\",\"target\":[\"https:\/\/agenciainfra.com\/blog\/reequilibrio-por-cobranca-de-iptu-em-terminais-portuarios-vai-analisar-contratos-genericos\/\"]}]},{\"@type\":\"ImageObject\",\"inLanguage\":\"pt-BR\",\"@id\":\"https:\/\/agenciainfra.com\/blog\/reequilibrio-por-cobranca-de-iptu-em-terminais-portuarios-vai-analisar-contratos-genericos\/#primaryimage\",\"url\":\"https:\/\/agenciainfra.com\/blog\/wp-content\/uploads\/2020\/08\/francisval-mendes-foto-geraldo-magela-agencia-senado.jpg\",\"contentUrl\":\"https:\/\/agenciainfra.com\/blog\/wp-content\/uploads\/2020\/08\/francisval-mendes-foto-geraldo-magela-agencia-senado.jpg\",\"width\":1280,\"height\":849},{\"@type\":\"BreadcrumbList\",\"@id\":\"https:\/\/agenciainfra.com\/blog\/reequilibrio-por-cobranca-de-iptu-em-terminais-portuarios-vai-analisar-contratos-genericos\/#breadcrumb\",\"itemListElement\":[{\"@type\":\"ListItem\",\"position\":1,\"name\":\"In\u00edcio\",\"item\":\"https:\/\/agenciainfra.com\/blog\/\"},{\"@type\":\"ListItem\",\"position\":2,\"name\":\"Reequil\u00edbrio por cobran\u00e7a de IPTU em terminais portu\u00e1rios vai analisar contratos gen\u00e9ricos\"}]},{\"@type\":\"WebSite\",\"@id\":\"https:\/\/agenciainfra.com\/blog\/#website\",\"url\":\"https:\/\/agenciainfra.com\/blog\/\",\"name\":\"Ag\u00eancia iNFRA\",\"description\":\"Multiplataforma de informa\u00e7\u00e3o jornal\u00edstica refer\u00eancia na \u00e1rea de infraestrutura no Brasil!\",\"publisher\":{\"@id\":\"https:\/\/agenciainfra.com\/blog\/#organization\"},\"potentialAction\":[{\"@type\":\"SearchAction\",\"target\":{\"@type\":\"EntryPoint\",\"urlTemplate\":\"https:\/\/agenciainfra.com\/blog\/?s={search_term_string}\"},\"query-input\":{\"@type\":\"PropertyValueSpecification\",\"valueRequired\":true,\"valueName\":\"search_term_string\"}}],\"inLanguage\":\"pt-BR\"},{\"@type\":\"Organization\",\"@id\":\"https:\/\/agenciainfra.com\/blog\/#organization\",\"name\":\"Ag\u00eancia iNFRA\",\"url\":\"https:\/\/agenciainfra.com\/blog\/\",\"logo\":{\"@type\":\"ImageObject\",\"inLanguage\":\"pt-BR\",\"@id\":\"https:\/\/agenciainfra.com\/blog\/#\/schema\/logo\/image\/\",\"url\":\"https:\/\/agenciainfra.com\/blog\/wp-content\/uploads\/2023\/09\/iNFRA_5-e1761735885940.png\",\"contentUrl\":\"https:\/\/agenciainfra.com\/blog\/wp-content\/uploads\/2023\/09\/iNFRA_5-e1761735885940.png\",\"width\":1672,\"height\":454,\"caption\":\"Ag\u00eancia iNFRA\"},\"image\":{\"@id\":\"https:\/\/agenciainfra.com\/blog\/#\/schema\/logo\/image\/\"},\"sameAs\":[\"https:\/\/www.facebook.com\/ageninfra\",\"https:\/\/x.com\/agencia_infra\",\"https:\/\/www.linkedin.com\/company\/ag\u00eanciainfra\/\",\"https:\/\/www.instagram.com\/agenciainfra\/\"]},{\"@type\":\"Person\",\"@id\":\"https:\/\/agenciainfra.com\/blog\/#\/schema\/person\/04dbb79bd6d8951f063da71f3e4c1eb1\",\"name\":\"Rodrigo Zuquim\",\"image\":{\"@type\":\"ImageObject\",\"inLanguage\":\"pt-BR\",\"@id\":\"https:\/\/agenciainfra.com\/blog\/#\/schema\/person\/image\/\",\"url\":\"https:\/\/secure.gravatar.com\/avatar\/594abfe82761d620726242ff34ca472a705a4b97f16c790053a6b4c4035274d0?s=96&d=mm&r=g\",\"contentUrl\":\"https:\/\/secure.gravatar.com\/avatar\/594abfe82761d620726242ff34ca472a705a4b97f16c790053a6b4c4035274d0?s=96&d=mm&r=g\",\"caption\":\"Rodrigo Zuquim\"},\"url\":\"https:\/\/agenciainfra.com\/blog\/author\/rodrigo-zuquim\/\"}]}<\/script>\n<!-- \/ Yoast SEO Premium plugin. -->","yoast_head_json":{"title":"Reequil\u00edbrio por cobran\u00e7a de IPTU em terminais portu\u00e1rios vai analisar contratos gen\u00e9ricos - Ag\u00eancia iNFRA","robots":{"index":"index","follow":"follow","max-snippet":"max-snippet:-1","max-image-preview":"max-image-preview:large","max-video-preview":"max-video-preview:-1"},"canonical":"https:\/\/agenciainfra.com\/blog\/reequilibrio-por-cobranca-de-iptu-em-terminais-portuarios-vai-analisar-contratos-genericos\/","og_locale":"pt_BR","og_type":"article","og_title":"Reequil\u00edbrio por cobran\u00e7a de IPTU em terminais portu\u00e1rios vai analisar contratos gen\u00e9ricos","og_description":"Dimmi Amora, da&nbsp;Ag\u00eancia iNFRA O reequil\u00edbrio dos contratos de arrendamento de terminais portu\u00e1rios que passarem a pagar IPTU vai ser analisado caso a caso, sem excluir da avalia\u00e7\u00e3o contratos antigos que tinham previs\u00f5es gen\u00e9ricas ou que n\u00e3o tenham pre\u00e7o teto como crit\u00e9rio de atua\u00e7\u00e3o. Foi o que decidiu na \u00faltima quinta-feira (27) a diretoria da [&hellip;]","og_url":"https:\/\/agenciainfra.com\/blog\/reequilibrio-por-cobranca-de-iptu-em-terminais-portuarios-vai-analisar-contratos-genericos\/","og_site_name":"Ag\u00eancia iNFRA","article_publisher":"https:\/\/www.facebook.com\/ageninfra","article_published_time":"2020-08-31T11:00:40+00:00","article_modified_time":"2020-08-31T17:39:55+00:00","og_image":[{"width":1280,"height":849,"url":"https:\/\/agenciainfra.com\/blog\/wp-content\/uploads\/2020\/08\/francisval-mendes-foto-geraldo-magela-agencia-senado.jpg","type":"image\/jpeg"}],"author":"Rodrigo Zuquim","twitter_card":"summary_large_image","twitter_creator":"@agencia_infra","twitter_site":"@agencia_infra","twitter_misc":{"Escrito por":"Rodrigo Zuquim","Est. tempo de leitura":"4 minutos"},"schema":{"@context":"https:\/\/schema.org","@graph":[{"@type":"Article","@id":"https:\/\/agenciainfra.com\/blog\/reequilibrio-por-cobranca-de-iptu-em-terminais-portuarios-vai-analisar-contratos-genericos\/#article","isPartOf":{"@id":"https:\/\/agenciainfra.com\/blog\/reequilibrio-por-cobranca-de-iptu-em-terminais-portuarios-vai-analisar-contratos-genericos\/"},"author":{"name":"Rodrigo Zuquim","@id":"https:\/\/agenciainfra.com\/blog\/#\/schema\/person\/04dbb79bd6d8951f063da71f3e4c1eb1"},"headline":"Reequil\u00edbrio por cobran\u00e7a de IPTU em terminais portu\u00e1rios vai analisar contratos gen\u00e9ricos","datePublished":"2020-08-31T11:00:40+00:00","dateModified":"2020-08-31T17:39:55+00:00","mainEntityOfPage":{"@id":"https:\/\/agenciainfra.com\/blog\/reequilibrio-por-cobranca-de-iptu-em-terminais-portuarios-vai-analisar-contratos-genericos\/"},"wordCount":907,"publisher":{"@id":"https:\/\/agenciainfra.com\/blog\/#organization"},"image":{"@id":"https:\/\/agenciainfra.com\/blog\/reequilibrio-por-cobranca-de-iptu-em-terminais-portuarios-vai-analisar-contratos-genericos\/#primaryimage"},"thumbnailUrl":"https:\/\/agenciainfra.com\/blog\/wp-content\/uploads\/2020\/08\/francisval-mendes-foto-geraldo-magela-agencia-senado.jpg","keywords":["abraget","ABTP","Adalberto Tokarski","Amanda Seabra","ANTAQ","arrendamento","Francisval Mendes","Gabriela Costa","GNL","IPTU","Juliane Yamamoto","Minist\u00e9rio da Infraestrutura","Mitsui Rail Capital Participa\u00e7\u00f5es","reequil\u00edbrio","SSE","terminais portu\u00e1rios","Terminal Portu\u00e1rio Brites","Usuport-RJ"],"articleSection":["Geral","iNFRATransporte"],"inLanguage":"pt-BR","copyrightYear":"2020","copyrightHolder":{"@id":"https:\/\/agenciainfra.com\/blog\/#organization"}},{"@type":"WebPage","@id":"https:\/\/agenciainfra.com\/blog\/reequilibrio-por-cobranca-de-iptu-em-terminais-portuarios-vai-analisar-contratos-genericos\/","url":"https:\/\/agenciainfra.com\/blog\/reequilibrio-por-cobranca-de-iptu-em-terminais-portuarios-vai-analisar-contratos-genericos\/","name":"Reequil\u00edbrio por cobran\u00e7a de IPTU em terminais portu\u00e1rios vai analisar contratos gen\u00e9ricos - Ag\u00eancia iNFRA","isPartOf":{"@id":"https:\/\/agenciainfra.com\/blog\/#website"},"primaryImageOfPage":{"@id":"https:\/\/agenciainfra.com\/blog\/reequilibrio-por-cobranca-de-iptu-em-terminais-portuarios-vai-analisar-contratos-genericos\/#primaryimage"},"image":{"@id":"https:\/\/agenciainfra.com\/blog\/reequilibrio-por-cobranca-de-iptu-em-terminais-portuarios-vai-analisar-contratos-genericos\/#primaryimage"},"thumbnailUrl":"https:\/\/agenciainfra.com\/blog\/wp-content\/uploads\/2020\/08\/francisval-mendes-foto-geraldo-magela-agencia-senado.jpg","datePublished":"2020-08-31T11:00:40+00:00","dateModified":"2020-08-31T17:39:55+00:00","breadcrumb":{"@id":"https:\/\/agenciainfra.com\/blog\/reequilibrio-por-cobranca-de-iptu-em-terminais-portuarios-vai-analisar-contratos-genericos\/#breadcrumb"},"inLanguage":"pt-BR","potentialAction":[{"@type":"ReadAction","target":["https:\/\/agenciainfra.com\/blog\/reequilibrio-por-cobranca-de-iptu-em-terminais-portuarios-vai-analisar-contratos-genericos\/"]}]},{"@type":"ImageObject","inLanguage":"pt-BR","@id":"https:\/\/agenciainfra.com\/blog\/reequilibrio-por-cobranca-de-iptu-em-terminais-portuarios-vai-analisar-contratos-genericos\/#primaryimage","url":"https:\/\/agenciainfra.com\/blog\/wp-content\/uploads\/2020\/08\/francisval-mendes-foto-geraldo-magela-agencia-senado.jpg","contentUrl":"https:\/\/agenciainfra.com\/blog\/wp-content\/uploads\/2020\/08\/francisval-mendes-foto-geraldo-magela-agencia-senado.jpg","width":1280,"height":849},{"@type":"BreadcrumbList","@id":"https:\/\/agenciainfra.com\/blog\/reequilibrio-por-cobranca-de-iptu-em-terminais-portuarios-vai-analisar-contratos-genericos\/#breadcrumb","itemListElement":[{"@type":"ListItem","position":1,"name":"In\u00edcio","item":"https:\/\/agenciainfra.com\/blog\/"},{"@type":"ListItem","position":2,"name":"Reequil\u00edbrio por cobran\u00e7a de IPTU em terminais portu\u00e1rios vai analisar contratos gen\u00e9ricos"}]},{"@type":"WebSite","@id":"https:\/\/agenciainfra.com\/blog\/#website","url":"https:\/\/agenciainfra.com\/blog\/","name":"Ag\u00eancia iNFRA","description":"Multiplataforma de informa\u00e7\u00e3o jornal\u00edstica refer\u00eancia na \u00e1rea de infraestrutura no Brasil!","publisher":{"@id":"https:\/\/agenciainfra.com\/blog\/#organization"},"potentialAction":[{"@type":"SearchAction","target":{"@type":"EntryPoint","urlTemplate":"https:\/\/agenciainfra.com\/blog\/?s={search_term_string}"},"query-input":{"@type":"PropertyValueSpecification","valueRequired":true,"valueName":"search_term_string"}}],"inLanguage":"pt-BR"},{"@type":"Organization","@id":"https:\/\/agenciainfra.com\/blog\/#organization","name":"Ag\u00eancia iNFRA","url":"https:\/\/agenciainfra.com\/blog\/","logo":{"@type":"ImageObject","inLanguage":"pt-BR","@id":"https:\/\/agenciainfra.com\/blog\/#\/schema\/logo\/image\/","url":"https:\/\/agenciainfra.com\/blog\/wp-content\/uploads\/2023\/09\/iNFRA_5-e1761735885940.png","contentUrl":"https:\/\/agenciainfra.com\/blog\/wp-content\/uploads\/2023\/09\/iNFRA_5-e1761735885940.png","width":1672,"height":454,"caption":"Ag\u00eancia iNFRA"},"image":{"@id":"https:\/\/agenciainfra.com\/blog\/#\/schema\/logo\/image\/"},"sameAs":["https:\/\/www.facebook.com\/ageninfra","https:\/\/x.com\/agencia_infra","https:\/\/www.linkedin.com\/company\/ag\u00eanciainfra\/","https:\/\/www.instagram.com\/agenciainfra\/"]},{"@type":"Person","@id":"https:\/\/agenciainfra.com\/blog\/#\/schema\/person\/04dbb79bd6d8951f063da71f3e4c1eb1","name":"Rodrigo Zuquim","image":{"@type":"ImageObject","inLanguage":"pt-BR","@id":"https:\/\/agenciainfra.com\/blog\/#\/schema\/person\/image\/","url":"https:\/\/secure.gravatar.com\/avatar\/594abfe82761d620726242ff34ca472a705a4b97f16c790053a6b4c4035274d0?s=96&d=mm&r=g","contentUrl":"https:\/\/secure.gravatar.com\/avatar\/594abfe82761d620726242ff34ca472a705a4b97f16c790053a6b4c4035274d0?s=96&d=mm&r=g","caption":"Rodrigo Zuquim"},"url":"https:\/\/agenciainfra.com\/blog\/author\/rodrigo-zuquim\/"}]}},"_links":{"self":[{"href":"https:\/\/agenciainfra.com\/blog\/wp-json\/wp\/v2\/posts\/5750","targetHints":{"allow":["GET"]}}],"collection":[{"href":"https:\/\/agenciainfra.com\/blog\/wp-json\/wp\/v2\/posts"}],"about":[{"href":"https:\/\/agenciainfra.com\/blog\/wp-json\/wp\/v2\/types\/post"}],"author":[{"embeddable":true,"href":"https:\/\/agenciainfra.com\/blog\/wp-json\/wp\/v2\/users\/9"}],"replies":[{"embeddable":true,"href":"https:\/\/agenciainfra.com\/blog\/wp-json\/wp\/v2\/comments?post=5750"}],"version-history":[{"count":0,"href":"https:\/\/agenciainfra.com\/blog\/wp-json\/wp\/v2\/posts\/5750\/revisions"}],"wp:featuredmedia":[{"embeddable":true,"href":"https:\/\/agenciainfra.com\/blog\/wp-json\/wp\/v2\/media\/5751"}],"wp:attachment":[{"href":"https:\/\/agenciainfra.com\/blog\/wp-json\/wp\/v2\/media?parent=5750"}],"wp:term":[{"taxonomy":"category","embeddable":true,"href":"https:\/\/agenciainfra.com\/blog\/wp-json\/wp\/v2\/categories?post=5750"},{"taxonomy":"post_tag","embeddable":true,"href":"https:\/\/agenciainfra.com\/blog\/wp-json\/wp\/v2\/tags?post=5750"}],"curies":[{"name":"wp","href":"https:\/\/api.w.org\/{rel}","templated":true}]}}