{"id":5757,"date":"2020-09-01T08:00:53","date_gmt":"2020-09-01T11:00:53","guid":{"rendered":"https:\/\/www.agenciainfra.com\/blog\/?p=5757"},"modified":"2020-08-31T11:39:24","modified_gmt":"2020-08-31T14:39:24","slug":"presidente-da-valec-anuncia-mais-r-150-milhoes-para-a-obra-da-fiol-2-ainda-neste-ano","status":"publish","type":"post","link":"https:\/\/agenciainfra.com\/blog\/presidente-da-valec-anuncia-mais-r-150-milhoes-para-a-obra-da-fiol-2-ainda-neste-ano\/","title":{"rendered":"iNFRADebate Live: Presidente da Valec anuncia mais R$ 150 milh\u00f5es para a obra da Fiol 2 ainda neste ano"},"content":{"rendered":"\n<hr class=\"wp-block-separator\"\/>\n\n\n\n<p class=\"has-text-align-right\"><strong>da Ag\u00eancia iNFRA<\/strong><\/p>\n\n\n\n<p>A Valec deve receber, em setembro, R$ 150 milh\u00f5es a mais&nbsp;para as obras da Fiol (Ferrovia de Integra\u00e7\u00e3o Oeste-Leste), que ser\u00e3o usados no trecho 2. Foi o que afirmou na \u00faltima sexta-feira (28) o presidente da estatal, Andr\u00e9 Kuhn.<br><br>A informa\u00e7\u00e3o foi dada&nbsp;durante o iNFRADebate Live, da&nbsp;<strong>Ag\u00eancia iNFRA<\/strong>. Segundo ele, os investimentos p\u00fablicos no trecho entre Caetit\u00e9 (BA) e Barreiras (BA) v\u00e3o ajudar a&nbsp;viabilizar a concess\u00e3o futura dessa&nbsp;ferrovia.<br><br>\u201cEstamos com a sinaliza\u00e7\u00e3o de receber em torno de R$ 150 milh\u00f5es ainda em setembro.&nbsp;Isso vai permitir o aumento do ritmo de execu\u00e7\u00e3o. M\u00eas passado executamos cerca de R$ 38 milh\u00f5es e ter\u00edamos condi\u00e7\u00e3o, hoje, de viabilizar os lotes 5 e 7, com R$ 25 milh\u00f5es\/m\u00eas cada. O ritmo est\u00e1 adequado ao cronograma f\u00edsico-financeiro, prevendo chegar at\u00e9 o fim de 2022, uma execu\u00e7\u00e3o de 85% da obra. Isso ir\u00e1 viabilizar a concess\u00e3o\u201d, explicou. Assista ao evento na \u00edntegra abaixo:<\/p>\n\n\n\n<figure><iframe width=\"560\" height=\"315\" src=\"https:\/\/www.youtube.com\/embed\/a5V8xNOKlQQ\" allowfullscreen=\"\"><\/iframe><\/figure>\n\n\n\n<p>Ainda de acordo com Kuhn, a estatal est\u00e1 apoiando a ANTT (Ag\u00eancia Nacional de Transportes Terrestres) nas respostas a todos os questionamentos feitos pelo TCU (Tribunal de Contas da Uni\u00e3o) acerca da viabilidade da concess\u00e3o do trecho 1 (Ilh\u00e9us a Caetit\u00e9, na Bahia). Com isso, a expectativa \u00e9 que a libera\u00e7\u00e3o para o leil\u00e3o aconte\u00e7a dentro do cronograma esperado.<br><br>Presente ao encontro, o diretor-executivo&nbsp;do Movimento Pr\u00f3-Log\u00edstica, Edeon Vaz,&nbsp;disse que&nbsp;o governo precisa rever o projeto da Fiol 3, que ligar\u00e1 Barreiras (BA) \u00e0 Ferrovia Norte-Sul. Ele defende a modifica\u00e7\u00e3o do tra\u00e7ado j\u00e1&nbsp;estudado pelo governo, passando a chegada da ferrovia&nbsp;ao munic\u00edpio de Mara Rosa (GO), o que&nbsp;faria uma conex\u00e3o direta com a Fico (Ferrovia de Integra\u00e7\u00e3o do Centro-Oeste).<br><br>\u201cExistem duas raz\u00f5es muito importantes que a tornam mais lucrativa. A primeira \u00e9 que, ligando a Mara Rosa, voc\u00ea vai evitar o pagamento de direito de passagem por cima da Ferrovia Norte-Sul. A segunda \u00e9 que uma concess\u00e3o de 383 km \u00e9 diferente de uma de 900 km. Por isso, \u00e9 muito mais vi\u00e1vel fazer uma concess\u00e3o \u00c1gua Boa\/Barreiras ou \u00c1gua Boa\/Caetit\u00e9 do que fazer uma \u00c1gua Boa\/Mara Rosa\u201d, comentou.<br><br>J\u00e1 o presidente da estatal falou sobre a possibilidade de mudan\u00e7a de tra\u00e7ado da Fiol 3. Para ele, o Evtea (Estudo de Viabilidade T\u00e9cnica, Econ\u00f4mica e Ambiental) da ferrovia cria certos entraves em suas modifica\u00e7\u00f5es. Contudo, a mudan\u00e7a \u00e9 vista com bons olhos pelo governo.<br><br>\u201cO estudo de viabilidade da Fiol foi feito h\u00e1 mais de 10 anos. Nele, havia uma s\u00e9rie de condicionantes que amarraram o tra\u00e7ado. A Fiol 3&nbsp;termina em Figueir\u00f3polis e acho essa preocupa\u00e7\u00e3o colocada pelo Edeon muito adequada\u201d, afirmou.<br><br><strong>Conclus\u00e3o da Transnordestina<\/strong><br>Durante o encontro, Kuhn falou ainda sobre a conclus\u00e3o das obras da Transnordestina. Segundo ele, em dois meses a Valec deve contratar uma consultoria para criar uma alternativa \u00e0 proposta de caducidade da ferrovia, que j\u00e1 foi enviada pela ANTT ao ministro da Infraestrutura. O plano deve ser entregue a Tarc\u00edsio de Freitas&nbsp;at\u00e9 o in\u00edcio de 2021.<br><br>\u201cEssa com certeza ser\u00e1 a miss\u00e3o mais dif\u00edcil. A caducidade est\u00e1 na m\u00e3o do ministro e ele n\u00e3o vai assin\u00e1-la antes de analisar todas as possibilidades vi\u00e1veis para achar uma solu\u00e7\u00e3o ao problema. Estamos h\u00e1 dois meses preparando um modelo de refer\u00eancia para contratar uma consultoria especializada. Vamos ter que fazer ajustes complexos na modelagem e, por isso, decidimos buscar esse suporte. Acredito que em duas semanas faremos essa contrata\u00e7\u00e3o e em quatro meses apresentaremos ao ministro uma solu\u00e7\u00e3o alternativa \u00e0 caducidade\u201d, afirmou.<br><br>Sobre o assunto, o presidente do Movimento Pr\u00f3-Log\u00edstica sugeriu que as empresas ligadas aos portos de Pec\u00e9m (CE)&nbsp;e Suape (PE), interessadas na finaliza\u00e7\u00e3o da ferrovia, poderiam realizar investimentos para ajudar a finaliza\u00e7\u00e3o da ferrovia.<br><br>\u201cEstamos em um momento em que o governo n\u00e3o tem dinheiro para aplicar. Talvez seria interessante naquelas grandes empresas que tem em Pec\u00e9m e em Suape. J\u00e1 que elas t\u00eam interesse em receber nessa ferrovia elas poderiam investir\u201d, argumentou.<br><br><strong>Infra SA<\/strong><br>Outro ponto levantado na live foi em rela\u00e7\u00e3o \u00e0&nbsp;uni\u00e3o entre Valec e EPL (Empresa de Planejamento e Log\u00edstica). A inten\u00e7\u00e3o \u00e9 transformar a nova empresa, denominada provisoriamente de \u201cInfra SA\u201d (Infraestrutura de Transportes S\/A), em uma empresa com menor depend\u00eancia de recursos p\u00fablicos e com mecanismos para se financiar.<br><br>De acordo com o presidente da Valec, a ideia de uni\u00e3o entre as duas empresas partiu de um entendimento do minist\u00e9rio de que ambas s\u00e3o importantes para a atua\u00e7\u00e3o do governo em setores como o rodovi\u00e1rio e o ferrovi\u00e1rio e, portanto, n\u00e3o poderiam ser privatizadas.<br><br>\u201cN\u00e3o faz sentido uma privatiza\u00e7\u00e3o das duas empresas. A nossa atividade envolve uma atua\u00e7\u00e3o direta sendo um bra\u00e7o do governo para atuar na \u00e1rea de modelagem, estudos de viabilidade de empreendimentos ferrovi\u00e1rios e rodovi\u00e1rios\u201d, falou.<br><br>Sobre o processo, Kuhn afirmou que estatal vem fazendo redu\u00e7\u00f5es expressivas em seus gastos para que a Uni\u00e3o possa acontecer no tempo previsto pelo minist\u00e9rio, citando a entrega de&nbsp;quatro andares de um&nbsp;pr\u00e9dio&nbsp;e redu\u00e7\u00e3o de custos com os servi\u00e7os terceirizados. O presidente do Movimento Pr\u00f3-Log\u00edstica concordou que a uni\u00e3o das duas empresas ser\u00e1 importante e comentou que a \u00e1rea ferrovi\u00e1ria do DNIT&nbsp;(Departamento Nacional de Infraestrutura de Transportes) poderia ser incorporada na proposta.<br><br>\u201cO Brasil n\u00e3o pode ficar sem uma \u00e1rea de planejamento em infraestrutura. Temos a oportunidade de juntar duas empresas, uma especializada em ferrovia e a outra que pensa no planejamento da infraestrutura a m\u00e9dio e longo prazo. Por isso entendo que essa fus\u00e3o \u00e9 muito boa\u201d, comentou.<\/p>\n","protected":false},"excerpt":{"rendered":"<p>da Ag\u00eancia iNFRA A Valec deve receber, em setembro, R$ 150 milh\u00f5es a mais&nbsp;para as obras da Fiol (Ferrovia de Integra\u00e7\u00e3o Oeste-Leste), que ser\u00e3o usados no trecho 2. Foi o que afirmou na \u00faltima sexta-feira (28) o presidente da estatal, Andr\u00e9 Kuhn. A informa\u00e7\u00e3o foi dada&nbsp;durante o iNFRADebate Live, da&nbsp;Ag\u00eancia iNFRA. Segundo ele, os investimentos [&hellip;]<\/p>\n","protected":false},"author":9,"featured_media":5758,"comment_status":"closed","ping_status":"closed","sticky":false,"template":"","format":"standard","meta":{"_monsterinsights_skip_tracking":false,"_monsterinsights_sitenote_active":false,"_monsterinsights_sitenote_note":"","_monsterinsights_sitenote_category":0,"footnotes":""},"categories":[1,2053],"tags":[2521,19,328,1330,252,79,31,472,156,2260,775,2518,448,18,504,160],"class_list":["post-5757","post","type-post","status-publish","format-standard","has-post-thumbnail","hentry","category-geral","category-infraliveventos","tag-andre-kuhn","tag-antt","tag-dnit","tag-edeon-vaz","tag-epl","tag-ferrovia","tag-ferrovia-norte-sul","tag-fico","tag-fiol","tag-infra-sa","tag-ministerio-da-infraestrutura","tag-movimento-pro-logistica","tag-tarcisio-de-freitas","tag-tcu","tag-transnordestina","tag-valec"],"yoast_head":"<!-- This site is optimized with the Yoast SEO Premium plugin v25.4 (Yoast SEO v26.0) - https:\/\/yoast.com\/wordpress\/plugins\/seo\/ -->\n<title>iNFRADebate Live: Presidente da Valec anuncia mais R$ 150 milh\u00f5es para a obra da Fiol 2 ainda neste ano - Ag\u00eancia iNFRA<\/title>\n<meta name=\"robots\" content=\"index, follow, max-snippet:-1, max-image-preview:large, max-video-preview:-1\" \/>\n<link rel=\"canonical\" href=\"https:\/\/agenciainfra.com\/blog\/presidente-da-valec-anuncia-mais-r-150-milhoes-para-a-obra-da-fiol-2-ainda-neste-ano\/\" \/>\n<meta property=\"og:locale\" content=\"pt_BR\" \/>\n<meta property=\"og:type\" content=\"article\" \/>\n<meta property=\"og:title\" content=\"iNFRADebate Live: Presidente da Valec anuncia mais R$ 150 milh\u00f5es para a obra da Fiol 2 ainda neste ano\" \/>\n<meta property=\"og:description\" content=\"da Ag\u00eancia iNFRA A Valec deve receber, em setembro, R$ 150 milh\u00f5es a mais&nbsp;para as obras da Fiol (Ferrovia de Integra\u00e7\u00e3o Oeste-Leste), que ser\u00e3o usados no trecho 2. Foi o que afirmou na \u00faltima sexta-feira (28) o presidente da estatal, Andr\u00e9 Kuhn. A informa\u00e7\u00e3o foi dada&nbsp;durante o iNFRADebate Live, da&nbsp;Ag\u00eancia iNFRA. Segundo ele, os investimentos [&hellip;]\" \/>\n<meta property=\"og:url\" content=\"https:\/\/agenciainfra.com\/blog\/presidente-da-valec-anuncia-mais-r-150-milhoes-para-a-obra-da-fiol-2-ainda-neste-ano\/\" \/>\n<meta property=\"og:site_name\" content=\"Ag\u00eancia iNFRA\" \/>\n<meta property=\"article:publisher\" content=\"https:\/\/www.facebook.com\/ageninfra\" \/>\n<meta property=\"article:published_time\" content=\"2020-09-01T11:00:53+00:00\" \/>\n<meta property=\"og:image\" content=\"https:\/\/agenciainfra.com\/blog\/wp-content\/uploads\/2020\/08\/andre-kuhn-foto-minfra.jpg\" \/>\n\t<meta property=\"og:image:width\" content=\"1280\" \/>\n\t<meta property=\"og:image:height\" content=\"853\" \/>\n\t<meta property=\"og:image:type\" content=\"image\/jpeg\" \/>\n<meta name=\"author\" content=\"Rodrigo Zuquim\" \/>\n<meta name=\"twitter:card\" content=\"summary_large_image\" \/>\n<meta name=\"twitter:creator\" content=\"@agencia_infra\" \/>\n<meta name=\"twitter:site\" content=\"@agencia_infra\" \/>\n<meta name=\"twitter:label1\" content=\"Escrito por\" \/>\n\t<meta name=\"twitter:data1\" content=\"Rodrigo Zuquim\" \/>\n\t<meta name=\"twitter:label2\" content=\"Est. tempo de leitura\" \/>\n\t<meta name=\"twitter:data2\" content=\"5 minutos\" \/>\n<script type=\"application\/ld+json\" class=\"yoast-schema-graph\">{\"@context\":\"https:\/\/schema.org\",\"@graph\":[{\"@type\":\"Article\",\"@id\":\"https:\/\/agenciainfra.com\/blog\/presidente-da-valec-anuncia-mais-r-150-milhoes-para-a-obra-da-fiol-2-ainda-neste-ano\/#article\",\"isPartOf\":{\"@id\":\"https:\/\/agenciainfra.com\/blog\/presidente-da-valec-anuncia-mais-r-150-milhoes-para-a-obra-da-fiol-2-ainda-neste-ano\/\"},\"author\":{\"name\":\"Rodrigo Zuquim\",\"@id\":\"https:\/\/agenciainfra.com\/blog\/#\/schema\/person\/04dbb79bd6d8951f063da71f3e4c1eb1\"},\"headline\":\"iNFRADebate Live: Presidente da Valec anuncia mais R$ 150 milh\u00f5es para a obra da Fiol 2 ainda neste ano\",\"datePublished\":\"2020-09-01T11:00:53+00:00\",\"mainEntityOfPage\":{\"@id\":\"https:\/\/agenciainfra.com\/blog\/presidente-da-valec-anuncia-mais-r-150-milhoes-para-a-obra-da-fiol-2-ainda-neste-ano\/\"},\"wordCount\":1020,\"publisher\":{\"@id\":\"https:\/\/agenciainfra.com\/blog\/#organization\"},\"image\":{\"@id\":\"https:\/\/agenciainfra.com\/blog\/presidente-da-valec-anuncia-mais-r-150-milhoes-para-a-obra-da-fiol-2-ainda-neste-ano\/#primaryimage\"},\"thumbnailUrl\":\"https:\/\/agenciainfra.com\/blog\/wp-content\/uploads\/2020\/08\/andre-kuhn-foto-minfra.jpg\",\"keywords\":[\"Andr\u00e9 Kuhn\",\"ANTT\",\"DNIT\",\"Edeon Vaz\",\"EPL\",\"Ferrovia\",\"Ferrovia Norte-Sul\",\"FICO\",\"FIOL\",\"Infra SA\",\"Minist\u00e9rio da Infraestrutura\",\"Movimento Pr\u00f3-Log\u00edstica\",\"Tarc\u00edsio de Freitas\",\"TCU\",\"Transnordestina\",\"Valec\"],\"articleSection\":[\"Geral\",\"iNFRALive e Eventos\"],\"inLanguage\":\"pt-BR\",\"copyrightYear\":\"2020\",\"copyrightHolder\":{\"@id\":\"https:\/\/agenciainfra.com\/blog\/#organization\"}},{\"@type\":\"WebPage\",\"@id\":\"https:\/\/agenciainfra.com\/blog\/presidente-da-valec-anuncia-mais-r-150-milhoes-para-a-obra-da-fiol-2-ainda-neste-ano\/\",\"url\":\"https:\/\/agenciainfra.com\/blog\/presidente-da-valec-anuncia-mais-r-150-milhoes-para-a-obra-da-fiol-2-ainda-neste-ano\/\",\"name\":\"iNFRADebate Live: Presidente da Valec anuncia mais R$ 150 milh\u00f5es para a obra da Fiol 2 ainda neste ano - Ag\u00eancia iNFRA\",\"isPartOf\":{\"@id\":\"https:\/\/agenciainfra.com\/blog\/#website\"},\"primaryImageOfPage\":{\"@id\":\"https:\/\/agenciainfra.com\/blog\/presidente-da-valec-anuncia-mais-r-150-milhoes-para-a-obra-da-fiol-2-ainda-neste-ano\/#primaryimage\"},\"image\":{\"@id\":\"https:\/\/agenciainfra.com\/blog\/presidente-da-valec-anuncia-mais-r-150-milhoes-para-a-obra-da-fiol-2-ainda-neste-ano\/#primaryimage\"},\"thumbnailUrl\":\"https:\/\/agenciainfra.com\/blog\/wp-content\/uploads\/2020\/08\/andre-kuhn-foto-minfra.jpg\",\"datePublished\":\"2020-09-01T11:00:53+00:00\",\"breadcrumb\":{\"@id\":\"https:\/\/agenciainfra.com\/blog\/presidente-da-valec-anuncia-mais-r-150-milhoes-para-a-obra-da-fiol-2-ainda-neste-ano\/#breadcrumb\"},\"inLanguage\":\"pt-BR\",\"potentialAction\":[{\"@type\":\"ReadAction\",\"target\":[\"https:\/\/agenciainfra.com\/blog\/presidente-da-valec-anuncia-mais-r-150-milhoes-para-a-obra-da-fiol-2-ainda-neste-ano\/\"]}]},{\"@type\":\"ImageObject\",\"inLanguage\":\"pt-BR\",\"@id\":\"https:\/\/agenciainfra.com\/blog\/presidente-da-valec-anuncia-mais-r-150-milhoes-para-a-obra-da-fiol-2-ainda-neste-ano\/#primaryimage\",\"url\":\"https:\/\/agenciainfra.com\/blog\/wp-content\/uploads\/2020\/08\/andre-kuhn-foto-minfra.jpg\",\"contentUrl\":\"https:\/\/agenciainfra.com\/blog\/wp-content\/uploads\/2020\/08\/andre-kuhn-foto-minfra.jpg\",\"width\":1280,\"height\":853},{\"@type\":\"BreadcrumbList\",\"@id\":\"https:\/\/agenciainfra.com\/blog\/presidente-da-valec-anuncia-mais-r-150-milhoes-para-a-obra-da-fiol-2-ainda-neste-ano\/#breadcrumb\",\"itemListElement\":[{\"@type\":\"ListItem\",\"position\":1,\"name\":\"In\u00edcio\",\"item\":\"https:\/\/agenciainfra.com\/blog\/\"},{\"@type\":\"ListItem\",\"position\":2,\"name\":\"iNFRADebate Live: Presidente da Valec anuncia mais R$ 150 milh\u00f5es para a obra da Fiol 2 ainda neste ano\"}]},{\"@type\":\"WebSite\",\"@id\":\"https:\/\/agenciainfra.com\/blog\/#website\",\"url\":\"https:\/\/agenciainfra.com\/blog\/\",\"name\":\"Ag\u00eancia iNFRA\",\"description\":\"Multiplataforma de informa\u00e7\u00e3o jornal\u00edstica refer\u00eancia na \u00e1rea de infraestrutura no Brasil!\",\"publisher\":{\"@id\":\"https:\/\/agenciainfra.com\/blog\/#organization\"},\"potentialAction\":[{\"@type\":\"SearchAction\",\"target\":{\"@type\":\"EntryPoint\",\"urlTemplate\":\"https:\/\/agenciainfra.com\/blog\/?s={search_term_string}\"},\"query-input\":{\"@type\":\"PropertyValueSpecification\",\"valueRequired\":true,\"valueName\":\"search_term_string\"}}],\"inLanguage\":\"pt-BR\"},{\"@type\":\"Organization\",\"@id\":\"https:\/\/agenciainfra.com\/blog\/#organization\",\"name\":\"Ag\u00eancia iNFRA\",\"url\":\"https:\/\/agenciainfra.com\/blog\/\",\"logo\":{\"@type\":\"ImageObject\",\"inLanguage\":\"pt-BR\",\"@id\":\"https:\/\/agenciainfra.com\/blog\/#\/schema\/logo\/image\/\",\"url\":\"https:\/\/agenciainfra.com\/blog\/wp-content\/uploads\/2023\/09\/iNFRA_5-e1761735885940.png\",\"contentUrl\":\"https:\/\/agenciainfra.com\/blog\/wp-content\/uploads\/2023\/09\/iNFRA_5-e1761735885940.png\",\"width\":1672,\"height\":454,\"caption\":\"Ag\u00eancia iNFRA\"},\"image\":{\"@id\":\"https:\/\/agenciainfra.com\/blog\/#\/schema\/logo\/image\/\"},\"sameAs\":[\"https:\/\/www.facebook.com\/ageninfra\",\"https:\/\/x.com\/agencia_infra\",\"https:\/\/www.linkedin.com\/company\/ag\u00eanciainfra\/\",\"https:\/\/www.instagram.com\/agenciainfra\/\"]},{\"@type\":\"Person\",\"@id\":\"https:\/\/agenciainfra.com\/blog\/#\/schema\/person\/04dbb79bd6d8951f063da71f3e4c1eb1\",\"name\":\"Rodrigo Zuquim\",\"image\":{\"@type\":\"ImageObject\",\"inLanguage\":\"pt-BR\",\"@id\":\"https:\/\/agenciainfra.com\/blog\/#\/schema\/person\/image\/\",\"url\":\"https:\/\/secure.gravatar.com\/avatar\/594abfe82761d620726242ff34ca472a705a4b97f16c790053a6b4c4035274d0?s=96&d=mm&r=g\",\"contentUrl\":\"https:\/\/secure.gravatar.com\/avatar\/594abfe82761d620726242ff34ca472a705a4b97f16c790053a6b4c4035274d0?s=96&d=mm&r=g\",\"caption\":\"Rodrigo Zuquim\"},\"url\":\"https:\/\/agenciainfra.com\/blog\/author\/rodrigo-zuquim\/\"}]}<\/script>\n<!-- \/ Yoast SEO Premium plugin. -->","yoast_head_json":{"title":"iNFRADebate Live: Presidente da Valec anuncia mais R$ 150 milh\u00f5es para a obra da Fiol 2 ainda neste ano - Ag\u00eancia iNFRA","robots":{"index":"index","follow":"follow","max-snippet":"max-snippet:-1","max-image-preview":"max-image-preview:large","max-video-preview":"max-video-preview:-1"},"canonical":"https:\/\/agenciainfra.com\/blog\/presidente-da-valec-anuncia-mais-r-150-milhoes-para-a-obra-da-fiol-2-ainda-neste-ano\/","og_locale":"pt_BR","og_type":"article","og_title":"iNFRADebate Live: Presidente da Valec anuncia mais R$ 150 milh\u00f5es para a obra da Fiol 2 ainda neste ano","og_description":"da Ag\u00eancia iNFRA A Valec deve receber, em setembro, R$ 150 milh\u00f5es a mais&nbsp;para as obras da Fiol (Ferrovia de Integra\u00e7\u00e3o Oeste-Leste), que ser\u00e3o usados no trecho 2. Foi o que afirmou na \u00faltima sexta-feira (28) o presidente da estatal, Andr\u00e9 Kuhn. A informa\u00e7\u00e3o foi dada&nbsp;durante o iNFRADebate Live, da&nbsp;Ag\u00eancia iNFRA. Segundo ele, os investimentos [&hellip;]","og_url":"https:\/\/agenciainfra.com\/blog\/presidente-da-valec-anuncia-mais-r-150-milhoes-para-a-obra-da-fiol-2-ainda-neste-ano\/","og_site_name":"Ag\u00eancia iNFRA","article_publisher":"https:\/\/www.facebook.com\/ageninfra","article_published_time":"2020-09-01T11:00:53+00:00","og_image":[{"width":1280,"height":853,"url":"https:\/\/agenciainfra.com\/blog\/wp-content\/uploads\/2020\/08\/andre-kuhn-foto-minfra.jpg","type":"image\/jpeg"}],"author":"Rodrigo Zuquim","twitter_card":"summary_large_image","twitter_creator":"@agencia_infra","twitter_site":"@agencia_infra","twitter_misc":{"Escrito por":"Rodrigo Zuquim","Est. tempo de leitura":"5 minutos"},"schema":{"@context":"https:\/\/schema.org","@graph":[{"@type":"Article","@id":"https:\/\/agenciainfra.com\/blog\/presidente-da-valec-anuncia-mais-r-150-milhoes-para-a-obra-da-fiol-2-ainda-neste-ano\/#article","isPartOf":{"@id":"https:\/\/agenciainfra.com\/blog\/presidente-da-valec-anuncia-mais-r-150-milhoes-para-a-obra-da-fiol-2-ainda-neste-ano\/"},"author":{"name":"Rodrigo Zuquim","@id":"https:\/\/agenciainfra.com\/blog\/#\/schema\/person\/04dbb79bd6d8951f063da71f3e4c1eb1"},"headline":"iNFRADebate Live: Presidente da Valec anuncia mais R$ 150 milh\u00f5es para a obra da Fiol 2 ainda neste ano","datePublished":"2020-09-01T11:00:53+00:00","mainEntityOfPage":{"@id":"https:\/\/agenciainfra.com\/blog\/presidente-da-valec-anuncia-mais-r-150-milhoes-para-a-obra-da-fiol-2-ainda-neste-ano\/"},"wordCount":1020,"publisher":{"@id":"https:\/\/agenciainfra.com\/blog\/#organization"},"image":{"@id":"https:\/\/agenciainfra.com\/blog\/presidente-da-valec-anuncia-mais-r-150-milhoes-para-a-obra-da-fiol-2-ainda-neste-ano\/#primaryimage"},"thumbnailUrl":"https:\/\/agenciainfra.com\/blog\/wp-content\/uploads\/2020\/08\/andre-kuhn-foto-minfra.jpg","keywords":["Andr\u00e9 Kuhn","ANTT","DNIT","Edeon Vaz","EPL","Ferrovia","Ferrovia Norte-Sul","FICO","FIOL","Infra SA","Minist\u00e9rio da Infraestrutura","Movimento Pr\u00f3-Log\u00edstica","Tarc\u00edsio de Freitas","TCU","Transnordestina","Valec"],"articleSection":["Geral","iNFRALive e Eventos"],"inLanguage":"pt-BR","copyrightYear":"2020","copyrightHolder":{"@id":"https:\/\/agenciainfra.com\/blog\/#organization"}},{"@type":"WebPage","@id":"https:\/\/agenciainfra.com\/blog\/presidente-da-valec-anuncia-mais-r-150-milhoes-para-a-obra-da-fiol-2-ainda-neste-ano\/","url":"https:\/\/agenciainfra.com\/blog\/presidente-da-valec-anuncia-mais-r-150-milhoes-para-a-obra-da-fiol-2-ainda-neste-ano\/","name":"iNFRADebate Live: Presidente da Valec anuncia mais R$ 150 milh\u00f5es para a obra da Fiol 2 ainda neste ano - Ag\u00eancia iNFRA","isPartOf":{"@id":"https:\/\/agenciainfra.com\/blog\/#website"},"primaryImageOfPage":{"@id":"https:\/\/agenciainfra.com\/blog\/presidente-da-valec-anuncia-mais-r-150-milhoes-para-a-obra-da-fiol-2-ainda-neste-ano\/#primaryimage"},"image":{"@id":"https:\/\/agenciainfra.com\/blog\/presidente-da-valec-anuncia-mais-r-150-milhoes-para-a-obra-da-fiol-2-ainda-neste-ano\/#primaryimage"},"thumbnailUrl":"https:\/\/agenciainfra.com\/blog\/wp-content\/uploads\/2020\/08\/andre-kuhn-foto-minfra.jpg","datePublished":"2020-09-01T11:00:53+00:00","breadcrumb":{"@id":"https:\/\/agenciainfra.com\/blog\/presidente-da-valec-anuncia-mais-r-150-milhoes-para-a-obra-da-fiol-2-ainda-neste-ano\/#breadcrumb"},"inLanguage":"pt-BR","potentialAction":[{"@type":"ReadAction","target":["https:\/\/agenciainfra.com\/blog\/presidente-da-valec-anuncia-mais-r-150-milhoes-para-a-obra-da-fiol-2-ainda-neste-ano\/"]}]},{"@type":"ImageObject","inLanguage":"pt-BR","@id":"https:\/\/agenciainfra.com\/blog\/presidente-da-valec-anuncia-mais-r-150-milhoes-para-a-obra-da-fiol-2-ainda-neste-ano\/#primaryimage","url":"https:\/\/agenciainfra.com\/blog\/wp-content\/uploads\/2020\/08\/andre-kuhn-foto-minfra.jpg","contentUrl":"https:\/\/agenciainfra.com\/blog\/wp-content\/uploads\/2020\/08\/andre-kuhn-foto-minfra.jpg","width":1280,"height":853},{"@type":"BreadcrumbList","@id":"https:\/\/agenciainfra.com\/blog\/presidente-da-valec-anuncia-mais-r-150-milhoes-para-a-obra-da-fiol-2-ainda-neste-ano\/#breadcrumb","itemListElement":[{"@type":"ListItem","position":1,"name":"In\u00edcio","item":"https:\/\/agenciainfra.com\/blog\/"},{"@type":"ListItem","position":2,"name":"iNFRADebate Live: Presidente da Valec anuncia mais R$ 150 milh\u00f5es para a obra da Fiol 2 ainda neste ano"}]},{"@type":"WebSite","@id":"https:\/\/agenciainfra.com\/blog\/#website","url":"https:\/\/agenciainfra.com\/blog\/","name":"Ag\u00eancia iNFRA","description":"Multiplataforma de informa\u00e7\u00e3o jornal\u00edstica refer\u00eancia na \u00e1rea de infraestrutura no Brasil!","publisher":{"@id":"https:\/\/agenciainfra.com\/blog\/#organization"},"potentialAction":[{"@type":"SearchAction","target":{"@type":"EntryPoint","urlTemplate":"https:\/\/agenciainfra.com\/blog\/?s={search_term_string}"},"query-input":{"@type":"PropertyValueSpecification","valueRequired":true,"valueName":"search_term_string"}}],"inLanguage":"pt-BR"},{"@type":"Organization","@id":"https:\/\/agenciainfra.com\/blog\/#organization","name":"Ag\u00eancia iNFRA","url":"https:\/\/agenciainfra.com\/blog\/","logo":{"@type":"ImageObject","inLanguage":"pt-BR","@id":"https:\/\/agenciainfra.com\/blog\/#\/schema\/logo\/image\/","url":"https:\/\/agenciainfra.com\/blog\/wp-content\/uploads\/2023\/09\/iNFRA_5-e1761735885940.png","contentUrl":"https:\/\/agenciainfra.com\/blog\/wp-content\/uploads\/2023\/09\/iNFRA_5-e1761735885940.png","width":1672,"height":454,"caption":"Ag\u00eancia iNFRA"},"image":{"@id":"https:\/\/agenciainfra.com\/blog\/#\/schema\/logo\/image\/"},"sameAs":["https:\/\/www.facebook.com\/ageninfra","https:\/\/x.com\/agencia_infra","https:\/\/www.linkedin.com\/company\/ag\u00eanciainfra\/","https:\/\/www.instagram.com\/agenciainfra\/"]},{"@type":"Person","@id":"https:\/\/agenciainfra.com\/blog\/#\/schema\/person\/04dbb79bd6d8951f063da71f3e4c1eb1","name":"Rodrigo Zuquim","image":{"@type":"ImageObject","inLanguage":"pt-BR","@id":"https:\/\/agenciainfra.com\/blog\/#\/schema\/person\/image\/","url":"https:\/\/secure.gravatar.com\/avatar\/594abfe82761d620726242ff34ca472a705a4b97f16c790053a6b4c4035274d0?s=96&d=mm&r=g","contentUrl":"https:\/\/secure.gravatar.com\/avatar\/594abfe82761d620726242ff34ca472a705a4b97f16c790053a6b4c4035274d0?s=96&d=mm&r=g","caption":"Rodrigo Zuquim"},"url":"https:\/\/agenciainfra.com\/blog\/author\/rodrigo-zuquim\/"}]}},"_links":{"self":[{"href":"https:\/\/agenciainfra.com\/blog\/wp-json\/wp\/v2\/posts\/5757","targetHints":{"allow":["GET"]}}],"collection":[{"href":"https:\/\/agenciainfra.com\/blog\/wp-json\/wp\/v2\/posts"}],"about":[{"href":"https:\/\/agenciainfra.com\/blog\/wp-json\/wp\/v2\/types\/post"}],"author":[{"embeddable":true,"href":"https:\/\/agenciainfra.com\/blog\/wp-json\/wp\/v2\/users\/9"}],"replies":[{"embeddable":true,"href":"https:\/\/agenciainfra.com\/blog\/wp-json\/wp\/v2\/comments?post=5757"}],"version-history":[{"count":0,"href":"https:\/\/agenciainfra.com\/blog\/wp-json\/wp\/v2\/posts\/5757\/revisions"}],"wp:featuredmedia":[{"embeddable":true,"href":"https:\/\/agenciainfra.com\/blog\/wp-json\/wp\/v2\/media\/5758"}],"wp:attachment":[{"href":"https:\/\/agenciainfra.com\/blog\/wp-json\/wp\/v2\/media?parent=5757"}],"wp:term":[{"taxonomy":"category","embeddable":true,"href":"https:\/\/agenciainfra.com\/blog\/wp-json\/wp\/v2\/categories?post=5757"},{"taxonomy":"post_tag","embeddable":true,"href":"https:\/\/agenciainfra.com\/blog\/wp-json\/wp\/v2\/tags?post=5757"}],"curies":[{"name":"wp","href":"https:\/\/api.w.org\/{rel}","templated":true}]}}