{"id":5771,"date":"2020-09-02T08:00:00","date_gmt":"2020-09-02T11:00:00","guid":{"rendered":"https:\/\/www.agenciainfra.com\/blog\/?p=5771"},"modified":"2020-09-01T11:24:35","modified_gmt":"2020-09-01T14:24:35","slug":"tcu-da-seis-meses-para-funasa-apresentar-medidas-contra-irregularidades-em-obras-de-saneamento","status":"publish","type":"post","link":"https:\/\/agenciainfra.com\/blog\/tcu-da-seis-meses-para-funasa-apresentar-medidas-contra-irregularidades-em-obras-de-saneamento\/","title":{"rendered":"TCU d\u00e1 seis meses para Funasa apresentar medidas contra irregularidades em obras de saneamento"},"content":{"rendered":"\n<hr class=\"wp-block-separator\"\/>\n\n\n\n<p class=\"has-text-align-right\"><strong>Rodrigo Zuquim, da&nbsp;Ag\u00eancia iNFRA<\/strong><\/p>\n\n\n\n<p>O TCU (Tribunal de Contas da Uni\u00e3o) determinou \u00e0 Funasa (Funda\u00e7\u00e3o Nacional de Sa\u00fade) que encaminhe em 180 dias um plano de a\u00e7\u00e3o para corrigir irregularidades encontradas em conv\u00eanios de obras de saneamento. A \u00edntegra do ac\u00f3rd\u00e3o est\u00e1\u00a0<a rel=\"noreferrer noopener\" href=\"https:\/\/agenciainfra.us14.list-manage.com\/track\/click?u=d460dd1bcf9ba0ae040e1fc0f&amp;id=7cbefe03b6&amp;e=c099169394\" target=\"_blank\">neste link<\/a>.<br><br>A decis\u00e3o foi tomada em agosto, em sess\u00e3o plen\u00e1ria que analisou a auditoria conduzida pela SeinfraUrbana (Secretaria de Fiscaliza\u00e7\u00e3o de Infraestrutura Urbana) do TCU. A fiscaliza\u00e7\u00e3o buscou analisar a gest\u00e3o da Funasa quanto \u00e0 execu\u00e7\u00e3o de obras de saneamento b\u00e1sico em munic\u00edpios de at\u00e9 50 mil habitantes. A funda\u00e7\u00e3o ligada ao Minist\u00e9rio da Sa\u00fade \u00e9 um dos \u00f3rg\u00e3os do governo que investem no saneamento b\u00e1sico.<br><br>Entre os resultados encontrados, os auditores apontaram falhas na gest\u00e3o contratual de obras e na fiscaliza\u00e7\u00e3o de repasses, projetos deficientes ou objetos sem etapa \u00fatil, licita\u00e7\u00f5es com restri\u00e7\u00f5es de competitividade e planilhas or\u00e7ament\u00e1rias inadequadas. Tamb\u00e9m foi encontrada a celebra\u00e7\u00e3o de conv\u00eanio para obras de saneamento em munic\u00edpios de regi\u00f5es metropolitanas ou com mais de 50 mil habitantes, o que foge \u00e0 al\u00e7ada da Funasa.<br><br>A fiscaliza\u00e7\u00e3o abrangeu 113 conv\u00eanios ou termos de compromissos em 124 munic\u00edpios de todos os 26 estados da Federa\u00e7\u00e3o, representando recursos de um montante de mais de R$ 500 milh\u00f5es.<br><br><strong>Voto de confian\u00e7a<\/strong><br>A secretaria do TCU prop\u00f4s que a Funasa fosse comunicada sobre todas as normas e dispositivos que foram violados, afrontados, contrariados, feridos, n\u00e3o cumpridos ou infringidos com as diversas irregularidades encontradas, mas que o processo fosse arquivado, sob o argumento de que os achados da auditoria seriam melhor encaminhados se fossem avaliados junto \u00e0s fiscaliza\u00e7\u00f5es mais abrangentes da SecexSa\u00fade (Secretaria de Controle Externo da Sa\u00fade), unidade do TCU que tamb\u00e9m realiza trabalho de monitoramento da funda\u00e7\u00e3o.<br><br>O relator do processo, Benjamin Zymler, n\u00e3o concordou com o arquivamento, observando que esta n\u00e3o \u00e9 a primeira fiscaliza\u00e7\u00e3o que encontra graves falhas nas obras custeadas com recursos da Funasa. Em seu relat\u00f3rio, Zymler chega a questionar a efic\u00e1cia de programas governamentais de saneamento b\u00e1sico por meio de conv\u00eanios.<br><br>&#8220;N\u00e3o h\u00e1 sinais de redu\u00e7\u00e3o no quadro geral de problemas observados nas obras realizadas com recursos da Funasa. Embora as fiscaliza\u00e7\u00f5es anteriores realizadas pelo TCU na Funasa tenham apresentado um adequado diagn\u00f3stico das causas dessas falhas, qualquer a\u00e7\u00e3o para mitigar os problemas \u00e9 severamente limitada pelas defici\u00eancias estruturais dos convenentes para elabora\u00e7\u00e3o e aprova\u00e7\u00e3o de projetos b\u00e1sicos, bem como para realiza\u00e7\u00e3o de licita\u00e7\u00f5es e acompanhamento de obras, entre outras impropriedades&#8221;, diz o relator.<br><br>Ao propor que a Funasa apresente um plano de a\u00e7\u00e3o para sanar as irregularidades encontradas, Zymler afirma querer dar um voto de confian\u00e7a \u00e0 nova gest\u00e3o da Funasa, cujo atual presidente, coronel Giovanne Gomes da Silva, tomou posse h\u00e1 pouco mais de dois meses. O plen\u00e1rio do TCU acatou o voto de Zymler e estabeleceu o prazo de seis meses para que o plano seja entregue.<\/p>\n","protected":false},"excerpt":{"rendered":"<p>Rodrigo Zuquim, da&nbsp;Ag\u00eancia iNFRA O TCU (Tribunal de Contas da Uni\u00e3o) determinou \u00e0 Funasa (Funda\u00e7\u00e3o Nacional de Sa\u00fade) que encaminhe em 180 dias um plano de a\u00e7\u00e3o para corrigir irregularidades encontradas em conv\u00eanios de obras de saneamento. A \u00edntegra do ac\u00f3rd\u00e3o est\u00e1\u00a0neste link. A decis\u00e3o foi tomada em agosto, em sess\u00e3o plen\u00e1ria que analisou a [&hellip;]<\/p>\n","protected":false},"author":9,"featured_media":5772,"comment_status":"closed","ping_status":"closed","sticky":false,"template":"","format":"standard","meta":{"_monsterinsights_skip_tracking":false,"_monsterinsights_sitenote_active":false,"_monsterinsights_sitenote_note":"","_monsterinsights_sitenote_category":0,"footnotes":""},"categories":[1],"tags":[490,2393,2582,2585,179,2583,2584,18],"class_list":["post-5771","post","type-post","status-publish","format-standard","has-post-thumbnail","hentry","category-geral","tag-benjamin-zymler","tag-funasa","tag-giovanne-gomes-da-silva","tag-ministerio-da-saude","tag-saneamento","tag-secexsaude","tag-seinfraurbana","tag-tcu"],"yoast_head":"<!-- This site is optimized with the Yoast SEO Premium plugin v25.4 (Yoast SEO v26.0) - https:\/\/yoast.com\/wordpress\/plugins\/seo\/ -->\n<title>TCU d\u00e1 seis meses para Funasa apresentar medidas contra irregularidades em obras de saneamento - Ag\u00eancia iNFRA<\/title>\n<meta name=\"robots\" content=\"index, follow, max-snippet:-1, max-image-preview:large, max-video-preview:-1\" \/>\n<link rel=\"canonical\" href=\"https:\/\/agenciainfra.com\/blog\/tcu-da-seis-meses-para-funasa-apresentar-medidas-contra-irregularidades-em-obras-de-saneamento\/\" \/>\n<meta property=\"og:locale\" content=\"pt_BR\" \/>\n<meta property=\"og:type\" content=\"article\" \/>\n<meta property=\"og:title\" content=\"TCU d\u00e1 seis meses para Funasa apresentar medidas contra irregularidades em obras de saneamento\" \/>\n<meta property=\"og:description\" content=\"Rodrigo Zuquim, da&nbsp;Ag\u00eancia iNFRA O TCU (Tribunal de Contas da Uni\u00e3o) determinou \u00e0 Funasa (Funda\u00e7\u00e3o Nacional de Sa\u00fade) que encaminhe em 180 dias um plano de a\u00e7\u00e3o para corrigir irregularidades encontradas em conv\u00eanios de obras de saneamento. A \u00edntegra do ac\u00f3rd\u00e3o est\u00e1\u00a0neste link. A decis\u00e3o foi tomada em agosto, em sess\u00e3o plen\u00e1ria que analisou a [&hellip;]\" \/>\n<meta property=\"og:url\" content=\"https:\/\/agenciainfra.com\/blog\/tcu-da-seis-meses-para-funasa-apresentar-medidas-contra-irregularidades-em-obras-de-saneamento\/\" \/>\n<meta property=\"og:site_name\" content=\"Ag\u00eancia iNFRA\" \/>\n<meta property=\"article:publisher\" content=\"https:\/\/www.facebook.com\/ageninfra\" \/>\n<meta property=\"article:published_time\" content=\"2020-09-02T11:00:00+00:00\" \/>\n<meta property=\"og:image\" content=\"https:\/\/agenciainfra.com\/blog\/wp-content\/uploads\/2020\/09\/benjamin-zymler-foto-tcu.jpg\" \/>\n\t<meta property=\"og:image:width\" content=\"1280\" \/>\n\t<meta property=\"og:image:height\" content=\"853\" \/>\n\t<meta property=\"og:image:type\" content=\"image\/jpeg\" \/>\n<meta name=\"author\" content=\"Rodrigo Zuquim\" \/>\n<meta name=\"twitter:card\" content=\"summary_large_image\" \/>\n<meta name=\"twitter:creator\" content=\"@agencia_infra\" \/>\n<meta name=\"twitter:site\" content=\"@agencia_infra\" \/>\n<meta name=\"twitter:label1\" content=\"Escrito por\" \/>\n\t<meta name=\"twitter:data1\" content=\"Rodrigo Zuquim\" \/>\n\t<meta name=\"twitter:label2\" content=\"Est. tempo de leitura\" \/>\n\t<meta name=\"twitter:data2\" content=\"3 minutos\" \/>\n<script type=\"application\/ld+json\" class=\"yoast-schema-graph\">{\"@context\":\"https:\/\/schema.org\",\"@graph\":[{\"@type\":\"Article\",\"@id\":\"https:\/\/agenciainfra.com\/blog\/tcu-da-seis-meses-para-funasa-apresentar-medidas-contra-irregularidades-em-obras-de-saneamento\/#article\",\"isPartOf\":{\"@id\":\"https:\/\/agenciainfra.com\/blog\/tcu-da-seis-meses-para-funasa-apresentar-medidas-contra-irregularidades-em-obras-de-saneamento\/\"},\"author\":{\"name\":\"Rodrigo Zuquim\",\"@id\":\"https:\/\/agenciainfra.com\/blog\/#\/schema\/person\/04dbb79bd6d8951f063da71f3e4c1eb1\"},\"headline\":\"TCU d\u00e1 seis meses para Funasa apresentar medidas contra irregularidades em obras de saneamento\",\"datePublished\":\"2020-09-02T11:00:00+00:00\",\"mainEntityOfPage\":{\"@id\":\"https:\/\/agenciainfra.com\/blog\/tcu-da-seis-meses-para-funasa-apresentar-medidas-contra-irregularidades-em-obras-de-saneamento\/\"},\"wordCount\":541,\"publisher\":{\"@id\":\"https:\/\/agenciainfra.com\/blog\/#organization\"},\"image\":{\"@id\":\"https:\/\/agenciainfra.com\/blog\/tcu-da-seis-meses-para-funasa-apresentar-medidas-contra-irregularidades-em-obras-de-saneamento\/#primaryimage\"},\"thumbnailUrl\":\"https:\/\/agenciainfra.com\/blog\/wp-content\/uploads\/2020\/09\/benjamin-zymler-foto-tcu.jpg\",\"keywords\":[\"Benjamin Zymler\",\"Funasa\",\"Giovanne Gomes da Silva\",\"Minist\u00e9rio da Sa\u00fade\",\"saneamento\",\"SecexSa\u00fade\",\"SeinfraUrbana\",\"TCU\"],\"articleSection\":[\"Geral\"],\"inLanguage\":\"pt-BR\",\"copyrightYear\":\"2020\",\"copyrightHolder\":{\"@id\":\"https:\/\/agenciainfra.com\/blog\/#organization\"}},{\"@type\":\"WebPage\",\"@id\":\"https:\/\/agenciainfra.com\/blog\/tcu-da-seis-meses-para-funasa-apresentar-medidas-contra-irregularidades-em-obras-de-saneamento\/\",\"url\":\"https:\/\/agenciainfra.com\/blog\/tcu-da-seis-meses-para-funasa-apresentar-medidas-contra-irregularidades-em-obras-de-saneamento\/\",\"name\":\"TCU d\u00e1 seis meses para Funasa apresentar medidas contra irregularidades em obras de saneamento - Ag\u00eancia iNFRA\",\"isPartOf\":{\"@id\":\"https:\/\/agenciainfra.com\/blog\/#website\"},\"primaryImageOfPage\":{\"@id\":\"https:\/\/agenciainfra.com\/blog\/tcu-da-seis-meses-para-funasa-apresentar-medidas-contra-irregularidades-em-obras-de-saneamento\/#primaryimage\"},\"image\":{\"@id\":\"https:\/\/agenciainfra.com\/blog\/tcu-da-seis-meses-para-funasa-apresentar-medidas-contra-irregularidades-em-obras-de-saneamento\/#primaryimage\"},\"thumbnailUrl\":\"https:\/\/agenciainfra.com\/blog\/wp-content\/uploads\/2020\/09\/benjamin-zymler-foto-tcu.jpg\",\"datePublished\":\"2020-09-02T11:00:00+00:00\",\"breadcrumb\":{\"@id\":\"https:\/\/agenciainfra.com\/blog\/tcu-da-seis-meses-para-funasa-apresentar-medidas-contra-irregularidades-em-obras-de-saneamento\/#breadcrumb\"},\"inLanguage\":\"pt-BR\",\"potentialAction\":[{\"@type\":\"ReadAction\",\"target\":[\"https:\/\/agenciainfra.com\/blog\/tcu-da-seis-meses-para-funasa-apresentar-medidas-contra-irregularidades-em-obras-de-saneamento\/\"]}]},{\"@type\":\"ImageObject\",\"inLanguage\":\"pt-BR\",\"@id\":\"https:\/\/agenciainfra.com\/blog\/tcu-da-seis-meses-para-funasa-apresentar-medidas-contra-irregularidades-em-obras-de-saneamento\/#primaryimage\",\"url\":\"https:\/\/agenciainfra.com\/blog\/wp-content\/uploads\/2020\/09\/benjamin-zymler-foto-tcu.jpg\",\"contentUrl\":\"https:\/\/agenciainfra.com\/blog\/wp-content\/uploads\/2020\/09\/benjamin-zymler-foto-tcu.jpg\",\"width\":1280,\"height\":853},{\"@type\":\"BreadcrumbList\",\"@id\":\"https:\/\/agenciainfra.com\/blog\/tcu-da-seis-meses-para-funasa-apresentar-medidas-contra-irregularidades-em-obras-de-saneamento\/#breadcrumb\",\"itemListElement\":[{\"@type\":\"ListItem\",\"position\":1,\"name\":\"In\u00edcio\",\"item\":\"https:\/\/agenciainfra.com\/blog\/\"},{\"@type\":\"ListItem\",\"position\":2,\"name\":\"TCU d\u00e1 seis meses para Funasa apresentar medidas contra irregularidades em obras de saneamento\"}]},{\"@type\":\"WebSite\",\"@id\":\"https:\/\/agenciainfra.com\/blog\/#website\",\"url\":\"https:\/\/agenciainfra.com\/blog\/\",\"name\":\"Ag\u00eancia iNFRA\",\"description\":\"Multiplataforma de informa\u00e7\u00e3o jornal\u00edstica refer\u00eancia na \u00e1rea de infraestrutura no Brasil!\",\"publisher\":{\"@id\":\"https:\/\/agenciainfra.com\/blog\/#organization\"},\"potentialAction\":[{\"@type\":\"SearchAction\",\"target\":{\"@type\":\"EntryPoint\",\"urlTemplate\":\"https:\/\/agenciainfra.com\/blog\/?s={search_term_string}\"},\"query-input\":{\"@type\":\"PropertyValueSpecification\",\"valueRequired\":true,\"valueName\":\"search_term_string\"}}],\"inLanguage\":\"pt-BR\"},{\"@type\":\"Organization\",\"@id\":\"https:\/\/agenciainfra.com\/blog\/#organization\",\"name\":\"Ag\u00eancia iNFRA\",\"url\":\"https:\/\/agenciainfra.com\/blog\/\",\"logo\":{\"@type\":\"ImageObject\",\"inLanguage\":\"pt-BR\",\"@id\":\"https:\/\/agenciainfra.com\/blog\/#\/schema\/logo\/image\/\",\"url\":\"https:\/\/agenciainfra.com\/blog\/wp-content\/uploads\/2023\/09\/iNFRA_5-e1761735885940.png\",\"contentUrl\":\"https:\/\/agenciainfra.com\/blog\/wp-content\/uploads\/2023\/09\/iNFRA_5-e1761735885940.png\",\"width\":1672,\"height\":454,\"caption\":\"Ag\u00eancia iNFRA\"},\"image\":{\"@id\":\"https:\/\/agenciainfra.com\/blog\/#\/schema\/logo\/image\/\"},\"sameAs\":[\"https:\/\/www.facebook.com\/ageninfra\",\"https:\/\/x.com\/agencia_infra\",\"https:\/\/www.linkedin.com\/company\/ag\u00eanciainfra\/\",\"https:\/\/www.instagram.com\/agenciainfra\/\"]},{\"@type\":\"Person\",\"@id\":\"https:\/\/agenciainfra.com\/blog\/#\/schema\/person\/04dbb79bd6d8951f063da71f3e4c1eb1\",\"name\":\"Rodrigo Zuquim\",\"image\":{\"@type\":\"ImageObject\",\"inLanguage\":\"pt-BR\",\"@id\":\"https:\/\/agenciainfra.com\/blog\/#\/schema\/person\/image\/\",\"url\":\"https:\/\/secure.gravatar.com\/avatar\/594abfe82761d620726242ff34ca472a705a4b97f16c790053a6b4c4035274d0?s=96&d=mm&r=g\",\"contentUrl\":\"https:\/\/secure.gravatar.com\/avatar\/594abfe82761d620726242ff34ca472a705a4b97f16c790053a6b4c4035274d0?s=96&d=mm&r=g\",\"caption\":\"Rodrigo Zuquim\"},\"url\":\"https:\/\/agenciainfra.com\/blog\/author\/rodrigo-zuquim\/\"}]}<\/script>\n<!-- \/ Yoast SEO Premium plugin. -->","yoast_head_json":{"title":"TCU d\u00e1 seis meses para Funasa apresentar medidas contra irregularidades em obras de saneamento - Ag\u00eancia iNFRA","robots":{"index":"index","follow":"follow","max-snippet":"max-snippet:-1","max-image-preview":"max-image-preview:large","max-video-preview":"max-video-preview:-1"},"canonical":"https:\/\/agenciainfra.com\/blog\/tcu-da-seis-meses-para-funasa-apresentar-medidas-contra-irregularidades-em-obras-de-saneamento\/","og_locale":"pt_BR","og_type":"article","og_title":"TCU d\u00e1 seis meses para Funasa apresentar medidas contra irregularidades em obras de saneamento","og_description":"Rodrigo Zuquim, da&nbsp;Ag\u00eancia iNFRA O TCU (Tribunal de Contas da Uni\u00e3o) determinou \u00e0 Funasa (Funda\u00e7\u00e3o Nacional de Sa\u00fade) que encaminhe em 180 dias um plano de a\u00e7\u00e3o para corrigir irregularidades encontradas em conv\u00eanios de obras de saneamento. A \u00edntegra do ac\u00f3rd\u00e3o est\u00e1\u00a0neste link. A decis\u00e3o foi tomada em agosto, em sess\u00e3o plen\u00e1ria que analisou a [&hellip;]","og_url":"https:\/\/agenciainfra.com\/blog\/tcu-da-seis-meses-para-funasa-apresentar-medidas-contra-irregularidades-em-obras-de-saneamento\/","og_site_name":"Ag\u00eancia iNFRA","article_publisher":"https:\/\/www.facebook.com\/ageninfra","article_published_time":"2020-09-02T11:00:00+00:00","og_image":[{"width":1280,"height":853,"url":"https:\/\/agenciainfra.com\/blog\/wp-content\/uploads\/2020\/09\/benjamin-zymler-foto-tcu.jpg","type":"image\/jpeg"}],"author":"Rodrigo Zuquim","twitter_card":"summary_large_image","twitter_creator":"@agencia_infra","twitter_site":"@agencia_infra","twitter_misc":{"Escrito por":"Rodrigo Zuquim","Est. tempo de leitura":"3 minutos"},"schema":{"@context":"https:\/\/schema.org","@graph":[{"@type":"Article","@id":"https:\/\/agenciainfra.com\/blog\/tcu-da-seis-meses-para-funasa-apresentar-medidas-contra-irregularidades-em-obras-de-saneamento\/#article","isPartOf":{"@id":"https:\/\/agenciainfra.com\/blog\/tcu-da-seis-meses-para-funasa-apresentar-medidas-contra-irregularidades-em-obras-de-saneamento\/"},"author":{"name":"Rodrigo Zuquim","@id":"https:\/\/agenciainfra.com\/blog\/#\/schema\/person\/04dbb79bd6d8951f063da71f3e4c1eb1"},"headline":"TCU d\u00e1 seis meses para Funasa apresentar medidas contra irregularidades em obras de saneamento","datePublished":"2020-09-02T11:00:00+00:00","mainEntityOfPage":{"@id":"https:\/\/agenciainfra.com\/blog\/tcu-da-seis-meses-para-funasa-apresentar-medidas-contra-irregularidades-em-obras-de-saneamento\/"},"wordCount":541,"publisher":{"@id":"https:\/\/agenciainfra.com\/blog\/#organization"},"image":{"@id":"https:\/\/agenciainfra.com\/blog\/tcu-da-seis-meses-para-funasa-apresentar-medidas-contra-irregularidades-em-obras-de-saneamento\/#primaryimage"},"thumbnailUrl":"https:\/\/agenciainfra.com\/blog\/wp-content\/uploads\/2020\/09\/benjamin-zymler-foto-tcu.jpg","keywords":["Benjamin Zymler","Funasa","Giovanne Gomes da Silva","Minist\u00e9rio da Sa\u00fade","saneamento","SecexSa\u00fade","SeinfraUrbana","TCU"],"articleSection":["Geral"],"inLanguage":"pt-BR","copyrightYear":"2020","copyrightHolder":{"@id":"https:\/\/agenciainfra.com\/blog\/#organization"}},{"@type":"WebPage","@id":"https:\/\/agenciainfra.com\/blog\/tcu-da-seis-meses-para-funasa-apresentar-medidas-contra-irregularidades-em-obras-de-saneamento\/","url":"https:\/\/agenciainfra.com\/blog\/tcu-da-seis-meses-para-funasa-apresentar-medidas-contra-irregularidades-em-obras-de-saneamento\/","name":"TCU d\u00e1 seis meses para Funasa apresentar medidas contra irregularidades em obras de saneamento - Ag\u00eancia iNFRA","isPartOf":{"@id":"https:\/\/agenciainfra.com\/blog\/#website"},"primaryImageOfPage":{"@id":"https:\/\/agenciainfra.com\/blog\/tcu-da-seis-meses-para-funasa-apresentar-medidas-contra-irregularidades-em-obras-de-saneamento\/#primaryimage"},"image":{"@id":"https:\/\/agenciainfra.com\/blog\/tcu-da-seis-meses-para-funasa-apresentar-medidas-contra-irregularidades-em-obras-de-saneamento\/#primaryimage"},"thumbnailUrl":"https:\/\/agenciainfra.com\/blog\/wp-content\/uploads\/2020\/09\/benjamin-zymler-foto-tcu.jpg","datePublished":"2020-09-02T11:00:00+00:00","breadcrumb":{"@id":"https:\/\/agenciainfra.com\/blog\/tcu-da-seis-meses-para-funasa-apresentar-medidas-contra-irregularidades-em-obras-de-saneamento\/#breadcrumb"},"inLanguage":"pt-BR","potentialAction":[{"@type":"ReadAction","target":["https:\/\/agenciainfra.com\/blog\/tcu-da-seis-meses-para-funasa-apresentar-medidas-contra-irregularidades-em-obras-de-saneamento\/"]}]},{"@type":"ImageObject","inLanguage":"pt-BR","@id":"https:\/\/agenciainfra.com\/blog\/tcu-da-seis-meses-para-funasa-apresentar-medidas-contra-irregularidades-em-obras-de-saneamento\/#primaryimage","url":"https:\/\/agenciainfra.com\/blog\/wp-content\/uploads\/2020\/09\/benjamin-zymler-foto-tcu.jpg","contentUrl":"https:\/\/agenciainfra.com\/blog\/wp-content\/uploads\/2020\/09\/benjamin-zymler-foto-tcu.jpg","width":1280,"height":853},{"@type":"BreadcrumbList","@id":"https:\/\/agenciainfra.com\/blog\/tcu-da-seis-meses-para-funasa-apresentar-medidas-contra-irregularidades-em-obras-de-saneamento\/#breadcrumb","itemListElement":[{"@type":"ListItem","position":1,"name":"In\u00edcio","item":"https:\/\/agenciainfra.com\/blog\/"},{"@type":"ListItem","position":2,"name":"TCU d\u00e1 seis meses para Funasa apresentar medidas contra irregularidades em obras de saneamento"}]},{"@type":"WebSite","@id":"https:\/\/agenciainfra.com\/blog\/#website","url":"https:\/\/agenciainfra.com\/blog\/","name":"Ag\u00eancia iNFRA","description":"Multiplataforma de informa\u00e7\u00e3o jornal\u00edstica refer\u00eancia na \u00e1rea de infraestrutura no Brasil!","publisher":{"@id":"https:\/\/agenciainfra.com\/blog\/#organization"},"potentialAction":[{"@type":"SearchAction","target":{"@type":"EntryPoint","urlTemplate":"https:\/\/agenciainfra.com\/blog\/?s={search_term_string}"},"query-input":{"@type":"PropertyValueSpecification","valueRequired":true,"valueName":"search_term_string"}}],"inLanguage":"pt-BR"},{"@type":"Organization","@id":"https:\/\/agenciainfra.com\/blog\/#organization","name":"Ag\u00eancia iNFRA","url":"https:\/\/agenciainfra.com\/blog\/","logo":{"@type":"ImageObject","inLanguage":"pt-BR","@id":"https:\/\/agenciainfra.com\/blog\/#\/schema\/logo\/image\/","url":"https:\/\/agenciainfra.com\/blog\/wp-content\/uploads\/2023\/09\/iNFRA_5-e1761735885940.png","contentUrl":"https:\/\/agenciainfra.com\/blog\/wp-content\/uploads\/2023\/09\/iNFRA_5-e1761735885940.png","width":1672,"height":454,"caption":"Ag\u00eancia iNFRA"},"image":{"@id":"https:\/\/agenciainfra.com\/blog\/#\/schema\/logo\/image\/"},"sameAs":["https:\/\/www.facebook.com\/ageninfra","https:\/\/x.com\/agencia_infra","https:\/\/www.linkedin.com\/company\/ag\u00eanciainfra\/","https:\/\/www.instagram.com\/agenciainfra\/"]},{"@type":"Person","@id":"https:\/\/agenciainfra.com\/blog\/#\/schema\/person\/04dbb79bd6d8951f063da71f3e4c1eb1","name":"Rodrigo Zuquim","image":{"@type":"ImageObject","inLanguage":"pt-BR","@id":"https:\/\/agenciainfra.com\/blog\/#\/schema\/person\/image\/","url":"https:\/\/secure.gravatar.com\/avatar\/594abfe82761d620726242ff34ca472a705a4b97f16c790053a6b4c4035274d0?s=96&d=mm&r=g","contentUrl":"https:\/\/secure.gravatar.com\/avatar\/594abfe82761d620726242ff34ca472a705a4b97f16c790053a6b4c4035274d0?s=96&d=mm&r=g","caption":"Rodrigo Zuquim"},"url":"https:\/\/agenciainfra.com\/blog\/author\/rodrigo-zuquim\/"}]}},"_links":{"self":[{"href":"https:\/\/agenciainfra.com\/blog\/wp-json\/wp\/v2\/posts\/5771","targetHints":{"allow":["GET"]}}],"collection":[{"href":"https:\/\/agenciainfra.com\/blog\/wp-json\/wp\/v2\/posts"}],"about":[{"href":"https:\/\/agenciainfra.com\/blog\/wp-json\/wp\/v2\/types\/post"}],"author":[{"embeddable":true,"href":"https:\/\/agenciainfra.com\/blog\/wp-json\/wp\/v2\/users\/9"}],"replies":[{"embeddable":true,"href":"https:\/\/agenciainfra.com\/blog\/wp-json\/wp\/v2\/comments?post=5771"}],"version-history":[{"count":0,"href":"https:\/\/agenciainfra.com\/blog\/wp-json\/wp\/v2\/posts\/5771\/revisions"}],"wp:featuredmedia":[{"embeddable":true,"href":"https:\/\/agenciainfra.com\/blog\/wp-json\/wp\/v2\/media\/5772"}],"wp:attachment":[{"href":"https:\/\/agenciainfra.com\/blog\/wp-json\/wp\/v2\/media?parent=5771"}],"wp:term":[{"taxonomy":"category","embeddable":true,"href":"https:\/\/agenciainfra.com\/blog\/wp-json\/wp\/v2\/categories?post=5771"},{"taxonomy":"post_tag","embeddable":true,"href":"https:\/\/agenciainfra.com\/blog\/wp-json\/wp\/v2\/tags?post=5771"}],"curies":[{"name":"wp","href":"https:\/\/api.w.org\/{rel}","templated":true}]}}