{"id":5816,"date":"2020-09-08T08:00:00","date_gmt":"2020-09-08T11:00:00","guid":{"rendered":"https:\/\/www.agenciainfra.com\/blog\/?p=5816"},"modified":"2020-09-05T13:15:29","modified_gmt":"2020-09-05T16:15:29","slug":"governo-diverge-de-pl-de-senador-para-voltar-a-fechar-mercado-rodoviario-de-passageiros","status":"publish","type":"post","link":"https:\/\/agenciainfra.com\/blog\/governo-diverge-de-pl-de-senador-para-voltar-a-fechar-mercado-rodoviario-de-passageiros\/","title":{"rendered":"Governo diverge de PL de senador para voltar a fechar mercado rodovi\u00e1rio de passageiros"},"content":{"rendered":"\n<hr class=\"wp-block-separator\"\/>\n\n\n\n<p class=\"has-text-align-right\"><strong>Tales Silveira, da&nbsp;Ag\u00eancia iNFRA<\/strong><\/p>\n\n\n\n<p>A vota\u00e7\u00e3o pelo Senado Federal do\u00a0<a rel=\"noreferrer noopener\" href=\"https:\/\/agenciainfra.us14.list-manage.com\/track\/click?u=d460dd1bcf9ba0ae040e1fc0f&amp;id=bc97cf9041&amp;e=c099169394\" target=\"_blank\">PL (Projeto de Lei) 3.819\/2020<\/a>, que tenta fechar o mercado do Trip (Transporte Rodovi\u00e1rio Interestadual de Passageiros) pode ser pautada nesta semana.\u00a0<br><br>A proposta virou uma guerra entre parte do Senado, que quer voltar a fechar o mercado, e o governo, que quer manter a abertura iniciada em 2013 e que foi ampliada a partir do ano passado.\u00a0L\u00edderes do Senado afirmam que houve uma distor\u00e7\u00e3o, pois o transporte rodovi\u00e1rio coletivo de passageiros \u00e9 um servi\u00e7o p\u00fablico, n\u00e3o podendo ser outorgado por autoriza\u00e7\u00e3o, como a nova lei e os novos regramentos da ANTT (Ag\u00eancia Nacional de Transportes Terrestres) permitiram.\u00a0<br><br>O autor do projeto, senador Marcos Rog\u00e9rio, (DEM-RO), afirma na justificativa da proposta que o regime de autoriza\u00e7\u00e3o \u00e9 \u201cunilateral e discricion\u00e1rio do poder p\u00fablico\u201d e, portanto, n\u00e3o deve ser aplicado ao transporte coletivo interestadual e internacional de passageiros.<br><br>A proposta do senador tenta voltar ao regime antigo, no qual a ANTT tinha que fazer uma avalia\u00e7\u00e3o se cada liga\u00e7\u00e3o teria a capacidade ou n\u00e3o de ter competi\u00e7\u00e3o, antes de permitir novas empresas, o que o atual governo considera uma restri\u00e7\u00e3o \u00e0 competitividade.\u00a0Integrantes do executivo argumentam que o regime de autoriza\u00e7\u00e3o trouxe uma maior competitividade para o setor, que, nos \u00faltimos 50 anos, vem sendo controlado por poucas empresas.<br><br>Fontes ligadas ao governo afirmam ainda que, antes da libera\u00e7\u00e3o da autoriza\u00e7\u00e3o, quase 70% das liga\u00e7\u00f5es\u00a0tinham apenas uma empresa operando na rota, ou seja, eram feitas sem concorr\u00eancia.\u00a0Outro ponto levantado \u00e9 de que o regime de monitoramento da ANTT,\u00a0baseado em n\u00edveis de envio de dados, incomoda empresas que n\u00e3o realizam os envios solicitados pelo \u00f3rg\u00e3o.\u00a0<br><br>De acordo com dados da ag\u00eancia, nos \u00faltimos quatro meses (maio, junho, julho e agosto), mais de quatro mil liga\u00e7\u00f5es foram autorizadas. Maior aumento de mercados da hist\u00f3ria do Trip. Houve incremento de 10% do mercado em meio \u00e0 pandemia, mesmo com 87% dos pedidos analisados tendo sido indeferidos.<br><br>Ainda de acordo com os dados levantados na ANTT por uma fonte, ap\u00f3s a Delibera\u00e7\u00e3o 955\/2019, 2.374 mercados novos foram outorgados \u2013 desses, 841 j\u00e1 est\u00e3o em opera\u00e7\u00e3o.\u00a0Aproximadamente 70% dos mercados outorgados nesse per\u00edodo s\u00e3o novos, ou seja, compreendem liga\u00e7\u00f5es que nunca foram feitas pelo setor de transporte rodovi\u00e1rio de passageiros. Tamb\u00e9m nesse per\u00edodo, mais de 30 empresas obtiveram outorga de mercados, sendo oito\u00a0novas entrantes.\u00a0<br><br>Conforme publicado na edi\u00e7\u00e3o 857 desta newsletter, o relator da proposta no Senado, senador Acir Gurgacz (PDT-RO), fez diversos acr\u00e9scimos ao PL. Em seu texto, Gurgacz afirma, entre outras quest\u00f5es, que a ANTT adota cobran\u00e7as que oneram \u201cdesnecessariamente o servi\u00e7o prestado \u00e0 popula\u00e7\u00e3o\u201d.\u00a0<br><br>O relator e a ag\u00eancia t\u00eam uma hist\u00f3ria de desencontros. O parlamentar \u00e9 dono de duas empresas ligadas ao setor \u2013 Eucatur e Solim\u00f5es. No in\u00edcio de agosto, a ANTT aplicou a pena de cassa\u00e7\u00e3o da autoriza\u00e7\u00e3o especial \u00e0 Eucatur e, atualmente, a empresa do parlamentar deve mais de R$ 20 milh\u00f5es em multas para o \u00f3rg\u00e3o.\u00a0<br><br><strong>Tramita\u00e7\u00e3o<\/strong><br>Em 27 de agosto,\u00a0o Senado chegou a colocar o PL em pauta, mas adiou a sua aprecia\u00e7\u00e3o. O motivo do adiamento foi a apresenta\u00e7\u00e3o de parecer do relator, que fez novos acr\u00e9scimos ao texto dando novas determina\u00e7\u00f5es para a ANTT.\u00a0Por causa das mudan\u00e7as, o l\u00edder do governo, senador Fernando Bezerra Coelho (MDB-PE), pediu o adiamento por duas sess\u00f5es.<br><br>Para que o pedido fosse acatado, um acordo foi desenhado entre governo e lideran\u00e7as determinando o envio, ao Senado, da rela\u00e7\u00e3o de todas as autoriza\u00e7\u00f5es dadas pela ANTT ao setor a partir do dia 30 de outubro de 2019.\u00a0O of\u00edcio, assinado pelo presidente da CI (Comiss\u00e3o de Infraestrutura), foi enviado\u00a0no dia 28 e recebido no fim da tarde pela ag\u00eancia. De acordo com a ANTT, as informa\u00e7\u00f5es j\u00e1 est\u00e3o dispon\u00edveis para consulta no site da ag\u00eancia e devem ser prontamente entregues ao Congresso.<\/p>\n","protected":false},"excerpt":{"rendered":"<p>Tales Silveira, da&nbsp;Ag\u00eancia iNFRA A vota\u00e7\u00e3o pelo Senado Federal do\u00a0PL (Projeto de Lei) 3.819\/2020, que tenta fechar o mercado do Trip (Transporte Rodovi\u00e1rio Interestadual de Passageiros) pode ser pautada nesta semana.\u00a0 A proposta virou uma guerra entre parte do Senado, que quer voltar a fechar o mercado, e o governo, que quer manter a abertura [&hellip;]<\/p>\n","protected":false},"author":9,"featured_media":5817,"comment_status":"closed","ping_status":"closed","sticky":false,"template":"","format":"standard","meta":{"_monsterinsights_skip_tracking":false,"_monsterinsights_sitenote_active":false,"_monsterinsights_sitenote_note":"","_monsterinsights_sitenote_category":0,"footnotes":""},"categories":[1,7],"tags":[2623,19,2624,1253,1193,1958,2621,2625,902,2622],"class_list":["post-5816","post","type-post","status-publish","format-standard","has-post-thumbnail","hentry","category-geral","category-infratransporte","tag-acir-gurgacz","tag-antt","tag-eucatur","tag-fernando-bezerra-coelho","tag-marcos-rogerio","tag-passageiros","tag-pl-3-819-2020","tag-solimoes","tag-transporte-rodoviario","tag-trip"],"yoast_head":"<!-- This site is optimized with the Yoast SEO Premium plugin v25.4 (Yoast SEO v26.0) - https:\/\/yoast.com\/wordpress\/plugins\/seo\/ -->\n<title>Governo diverge de PL de senador para voltar a fechar mercado rodovi\u00e1rio de passageiros - Ag\u00eancia iNFRA<\/title>\n<meta name=\"robots\" content=\"index, follow, max-snippet:-1, max-image-preview:large, max-video-preview:-1\" \/>\n<link rel=\"canonical\" href=\"https:\/\/agenciainfra.com\/blog\/governo-diverge-de-pl-de-senador-para-voltar-a-fechar-mercado-rodoviario-de-passageiros\/\" \/>\n<meta property=\"og:locale\" content=\"pt_BR\" \/>\n<meta property=\"og:type\" content=\"article\" \/>\n<meta property=\"og:title\" content=\"Governo diverge de PL de senador para voltar a fechar mercado rodovi\u00e1rio de passageiros\" \/>\n<meta property=\"og:description\" content=\"Tales Silveira, da&nbsp;Ag\u00eancia iNFRA A vota\u00e7\u00e3o pelo Senado Federal do\u00a0PL (Projeto de Lei) 3.819\/2020, que tenta fechar o mercado do Trip (Transporte Rodovi\u00e1rio Interestadual de Passageiros) pode ser pautada nesta semana.\u00a0 A proposta virou uma guerra entre parte do Senado, que quer voltar a fechar o mercado, e o governo, que quer manter a abertura [&hellip;]\" \/>\n<meta property=\"og:url\" content=\"https:\/\/agenciainfra.com\/blog\/governo-diverge-de-pl-de-senador-para-voltar-a-fechar-mercado-rodoviario-de-passageiros\/\" \/>\n<meta property=\"og:site_name\" content=\"Ag\u00eancia iNFRA\" \/>\n<meta property=\"article:publisher\" content=\"https:\/\/www.facebook.com\/ageninfra\" \/>\n<meta property=\"article:published_time\" content=\"2020-09-08T11:00:00+00:00\" \/>\n<meta property=\"og:image\" content=\"https:\/\/agenciainfra.com\/blog\/wp-content\/uploads\/2020\/09\/transporte-rodoviario-foto-antt.jpg\" \/>\n\t<meta property=\"og:image:width\" content=\"1280\" \/>\n\t<meta property=\"og:image:height\" content=\"853\" \/>\n\t<meta property=\"og:image:type\" content=\"image\/jpeg\" \/>\n<meta name=\"author\" content=\"Rodrigo Zuquim\" \/>\n<meta name=\"twitter:card\" content=\"summary_large_image\" \/>\n<meta name=\"twitter:creator\" content=\"@agencia_infra\" \/>\n<meta name=\"twitter:site\" content=\"@agencia_infra\" \/>\n<meta name=\"twitter:label1\" content=\"Escrito por\" \/>\n\t<meta name=\"twitter:data1\" content=\"Rodrigo Zuquim\" \/>\n\t<meta name=\"twitter:label2\" content=\"Est. tempo de leitura\" \/>\n\t<meta name=\"twitter:data2\" content=\"3 minutos\" \/>\n<script type=\"application\/ld+json\" class=\"yoast-schema-graph\">{\"@context\":\"https:\/\/schema.org\",\"@graph\":[{\"@type\":\"Article\",\"@id\":\"https:\/\/agenciainfra.com\/blog\/governo-diverge-de-pl-de-senador-para-voltar-a-fechar-mercado-rodoviario-de-passageiros\/#article\",\"isPartOf\":{\"@id\":\"https:\/\/agenciainfra.com\/blog\/governo-diverge-de-pl-de-senador-para-voltar-a-fechar-mercado-rodoviario-de-passageiros\/\"},\"author\":{\"name\":\"Rodrigo Zuquim\",\"@id\":\"https:\/\/agenciainfra.com\/blog\/#\/schema\/person\/04dbb79bd6d8951f063da71f3e4c1eb1\"},\"headline\":\"Governo diverge de PL de senador para voltar a fechar mercado rodovi\u00e1rio de passageiros\",\"datePublished\":\"2020-09-08T11:00:00+00:00\",\"mainEntityOfPage\":{\"@id\":\"https:\/\/agenciainfra.com\/blog\/governo-diverge-de-pl-de-senador-para-voltar-a-fechar-mercado-rodoviario-de-passageiros\/\"},\"wordCount\":704,\"publisher\":{\"@id\":\"https:\/\/agenciainfra.com\/blog\/#organization\"},\"image\":{\"@id\":\"https:\/\/agenciainfra.com\/blog\/governo-diverge-de-pl-de-senador-para-voltar-a-fechar-mercado-rodoviario-de-passageiros\/#primaryimage\"},\"thumbnailUrl\":\"https:\/\/agenciainfra.com\/blog\/wp-content\/uploads\/2020\/09\/transporte-rodoviario-foto-antt.jpg\",\"keywords\":[\"Acir Gurgacz\",\"ANTT\",\"Eucatur\",\"Fernando Bezerra Coelho\",\"Marcos Rog\u00e9rio\",\"passageiros\",\"PL 3.819\/2020\",\"Solim\u00f5es\",\"transporte rodovi\u00e1rio\",\"Trip\"],\"articleSection\":[\"Geral\",\"iNFRATransporte\"],\"inLanguage\":\"pt-BR\",\"copyrightYear\":\"2020\",\"copyrightHolder\":{\"@id\":\"https:\/\/agenciainfra.com\/blog\/#organization\"}},{\"@type\":\"WebPage\",\"@id\":\"https:\/\/agenciainfra.com\/blog\/governo-diverge-de-pl-de-senador-para-voltar-a-fechar-mercado-rodoviario-de-passageiros\/\",\"url\":\"https:\/\/agenciainfra.com\/blog\/governo-diverge-de-pl-de-senador-para-voltar-a-fechar-mercado-rodoviario-de-passageiros\/\",\"name\":\"Governo diverge de PL de senador para voltar a fechar mercado rodovi\u00e1rio de passageiros - Ag\u00eancia iNFRA\",\"isPartOf\":{\"@id\":\"https:\/\/agenciainfra.com\/blog\/#website\"},\"primaryImageOfPage\":{\"@id\":\"https:\/\/agenciainfra.com\/blog\/governo-diverge-de-pl-de-senador-para-voltar-a-fechar-mercado-rodoviario-de-passageiros\/#primaryimage\"},\"image\":{\"@id\":\"https:\/\/agenciainfra.com\/blog\/governo-diverge-de-pl-de-senador-para-voltar-a-fechar-mercado-rodoviario-de-passageiros\/#primaryimage\"},\"thumbnailUrl\":\"https:\/\/agenciainfra.com\/blog\/wp-content\/uploads\/2020\/09\/transporte-rodoviario-foto-antt.jpg\",\"datePublished\":\"2020-09-08T11:00:00+00:00\",\"breadcrumb\":{\"@id\":\"https:\/\/agenciainfra.com\/blog\/governo-diverge-de-pl-de-senador-para-voltar-a-fechar-mercado-rodoviario-de-passageiros\/#breadcrumb\"},\"inLanguage\":\"pt-BR\",\"potentialAction\":[{\"@type\":\"ReadAction\",\"target\":[\"https:\/\/agenciainfra.com\/blog\/governo-diverge-de-pl-de-senador-para-voltar-a-fechar-mercado-rodoviario-de-passageiros\/\"]}]},{\"@type\":\"ImageObject\",\"inLanguage\":\"pt-BR\",\"@id\":\"https:\/\/agenciainfra.com\/blog\/governo-diverge-de-pl-de-senador-para-voltar-a-fechar-mercado-rodoviario-de-passageiros\/#primaryimage\",\"url\":\"https:\/\/agenciainfra.com\/blog\/wp-content\/uploads\/2020\/09\/transporte-rodoviario-foto-antt.jpg\",\"contentUrl\":\"https:\/\/agenciainfra.com\/blog\/wp-content\/uploads\/2020\/09\/transporte-rodoviario-foto-antt.jpg\",\"width\":1280,\"height\":853},{\"@type\":\"BreadcrumbList\",\"@id\":\"https:\/\/agenciainfra.com\/blog\/governo-diverge-de-pl-de-senador-para-voltar-a-fechar-mercado-rodoviario-de-passageiros\/#breadcrumb\",\"itemListElement\":[{\"@type\":\"ListItem\",\"position\":1,\"name\":\"In\u00edcio\",\"item\":\"https:\/\/agenciainfra.com\/blog\/\"},{\"@type\":\"ListItem\",\"position\":2,\"name\":\"Governo diverge de PL de senador para voltar a fechar mercado rodovi\u00e1rio de passageiros\"}]},{\"@type\":\"WebSite\",\"@id\":\"https:\/\/agenciainfra.com\/blog\/#website\",\"url\":\"https:\/\/agenciainfra.com\/blog\/\",\"name\":\"Ag\u00eancia iNFRA\",\"description\":\"Multiplataforma de informa\u00e7\u00e3o jornal\u00edstica refer\u00eancia na \u00e1rea de infraestrutura no Brasil!\",\"publisher\":{\"@id\":\"https:\/\/agenciainfra.com\/blog\/#organization\"},\"potentialAction\":[{\"@type\":\"SearchAction\",\"target\":{\"@type\":\"EntryPoint\",\"urlTemplate\":\"https:\/\/agenciainfra.com\/blog\/?s={search_term_string}\"},\"query-input\":{\"@type\":\"PropertyValueSpecification\",\"valueRequired\":true,\"valueName\":\"search_term_string\"}}],\"inLanguage\":\"pt-BR\"},{\"@type\":\"Organization\",\"@id\":\"https:\/\/agenciainfra.com\/blog\/#organization\",\"name\":\"Ag\u00eancia iNFRA\",\"url\":\"https:\/\/agenciainfra.com\/blog\/\",\"logo\":{\"@type\":\"ImageObject\",\"inLanguage\":\"pt-BR\",\"@id\":\"https:\/\/agenciainfra.com\/blog\/#\/schema\/logo\/image\/\",\"url\":\"https:\/\/agenciainfra.com\/blog\/wp-content\/uploads\/2023\/09\/iNFRA_5-e1761735885940.png\",\"contentUrl\":\"https:\/\/agenciainfra.com\/blog\/wp-content\/uploads\/2023\/09\/iNFRA_5-e1761735885940.png\",\"width\":1672,\"height\":454,\"caption\":\"Ag\u00eancia iNFRA\"},\"image\":{\"@id\":\"https:\/\/agenciainfra.com\/blog\/#\/schema\/logo\/image\/\"},\"sameAs\":[\"https:\/\/www.facebook.com\/ageninfra\",\"https:\/\/x.com\/agencia_infra\",\"https:\/\/www.linkedin.com\/company\/ag\u00eanciainfra\/\",\"https:\/\/www.instagram.com\/agenciainfra\/\"]},{\"@type\":\"Person\",\"@id\":\"https:\/\/agenciainfra.com\/blog\/#\/schema\/person\/04dbb79bd6d8951f063da71f3e4c1eb1\",\"name\":\"Rodrigo Zuquim\",\"image\":{\"@type\":\"ImageObject\",\"inLanguage\":\"pt-BR\",\"@id\":\"https:\/\/agenciainfra.com\/blog\/#\/schema\/person\/image\/\",\"url\":\"https:\/\/secure.gravatar.com\/avatar\/594abfe82761d620726242ff34ca472a705a4b97f16c790053a6b4c4035274d0?s=96&d=mm&r=g\",\"contentUrl\":\"https:\/\/secure.gravatar.com\/avatar\/594abfe82761d620726242ff34ca472a705a4b97f16c790053a6b4c4035274d0?s=96&d=mm&r=g\",\"caption\":\"Rodrigo Zuquim\"},\"url\":\"https:\/\/agenciainfra.com\/blog\/author\/rodrigo-zuquim\/\"}]}<\/script>\n<!-- \/ Yoast SEO Premium plugin. -->","yoast_head_json":{"title":"Governo diverge de PL de senador para voltar a fechar mercado rodovi\u00e1rio de passageiros - Ag\u00eancia iNFRA","robots":{"index":"index","follow":"follow","max-snippet":"max-snippet:-1","max-image-preview":"max-image-preview:large","max-video-preview":"max-video-preview:-1"},"canonical":"https:\/\/agenciainfra.com\/blog\/governo-diverge-de-pl-de-senador-para-voltar-a-fechar-mercado-rodoviario-de-passageiros\/","og_locale":"pt_BR","og_type":"article","og_title":"Governo diverge de PL de senador para voltar a fechar mercado rodovi\u00e1rio de passageiros","og_description":"Tales Silveira, da&nbsp;Ag\u00eancia iNFRA A vota\u00e7\u00e3o pelo Senado Federal do\u00a0PL (Projeto de Lei) 3.819\/2020, que tenta fechar o mercado do Trip (Transporte Rodovi\u00e1rio Interestadual de Passageiros) pode ser pautada nesta semana.\u00a0 A proposta virou uma guerra entre parte do Senado, que quer voltar a fechar o mercado, e o governo, que quer manter a abertura [&hellip;]","og_url":"https:\/\/agenciainfra.com\/blog\/governo-diverge-de-pl-de-senador-para-voltar-a-fechar-mercado-rodoviario-de-passageiros\/","og_site_name":"Ag\u00eancia iNFRA","article_publisher":"https:\/\/www.facebook.com\/ageninfra","article_published_time":"2020-09-08T11:00:00+00:00","og_image":[{"width":1280,"height":853,"url":"https:\/\/agenciainfra.com\/blog\/wp-content\/uploads\/2020\/09\/transporte-rodoviario-foto-antt.jpg","type":"image\/jpeg"}],"author":"Rodrigo Zuquim","twitter_card":"summary_large_image","twitter_creator":"@agencia_infra","twitter_site":"@agencia_infra","twitter_misc":{"Escrito por":"Rodrigo Zuquim","Est. tempo de leitura":"3 minutos"},"schema":{"@context":"https:\/\/schema.org","@graph":[{"@type":"Article","@id":"https:\/\/agenciainfra.com\/blog\/governo-diverge-de-pl-de-senador-para-voltar-a-fechar-mercado-rodoviario-de-passageiros\/#article","isPartOf":{"@id":"https:\/\/agenciainfra.com\/blog\/governo-diverge-de-pl-de-senador-para-voltar-a-fechar-mercado-rodoviario-de-passageiros\/"},"author":{"name":"Rodrigo Zuquim","@id":"https:\/\/agenciainfra.com\/blog\/#\/schema\/person\/04dbb79bd6d8951f063da71f3e4c1eb1"},"headline":"Governo diverge de PL de senador para voltar a fechar mercado rodovi\u00e1rio de passageiros","datePublished":"2020-09-08T11:00:00+00:00","mainEntityOfPage":{"@id":"https:\/\/agenciainfra.com\/blog\/governo-diverge-de-pl-de-senador-para-voltar-a-fechar-mercado-rodoviario-de-passageiros\/"},"wordCount":704,"publisher":{"@id":"https:\/\/agenciainfra.com\/blog\/#organization"},"image":{"@id":"https:\/\/agenciainfra.com\/blog\/governo-diverge-de-pl-de-senador-para-voltar-a-fechar-mercado-rodoviario-de-passageiros\/#primaryimage"},"thumbnailUrl":"https:\/\/agenciainfra.com\/blog\/wp-content\/uploads\/2020\/09\/transporte-rodoviario-foto-antt.jpg","keywords":["Acir Gurgacz","ANTT","Eucatur","Fernando Bezerra Coelho","Marcos Rog\u00e9rio","passageiros","PL 3.819\/2020","Solim\u00f5es","transporte rodovi\u00e1rio","Trip"],"articleSection":["Geral","iNFRATransporte"],"inLanguage":"pt-BR","copyrightYear":"2020","copyrightHolder":{"@id":"https:\/\/agenciainfra.com\/blog\/#organization"}},{"@type":"WebPage","@id":"https:\/\/agenciainfra.com\/blog\/governo-diverge-de-pl-de-senador-para-voltar-a-fechar-mercado-rodoviario-de-passageiros\/","url":"https:\/\/agenciainfra.com\/blog\/governo-diverge-de-pl-de-senador-para-voltar-a-fechar-mercado-rodoviario-de-passageiros\/","name":"Governo diverge de PL de senador para voltar a fechar mercado rodovi\u00e1rio de passageiros - Ag\u00eancia iNFRA","isPartOf":{"@id":"https:\/\/agenciainfra.com\/blog\/#website"},"primaryImageOfPage":{"@id":"https:\/\/agenciainfra.com\/blog\/governo-diverge-de-pl-de-senador-para-voltar-a-fechar-mercado-rodoviario-de-passageiros\/#primaryimage"},"image":{"@id":"https:\/\/agenciainfra.com\/blog\/governo-diverge-de-pl-de-senador-para-voltar-a-fechar-mercado-rodoviario-de-passageiros\/#primaryimage"},"thumbnailUrl":"https:\/\/agenciainfra.com\/blog\/wp-content\/uploads\/2020\/09\/transporte-rodoviario-foto-antt.jpg","datePublished":"2020-09-08T11:00:00+00:00","breadcrumb":{"@id":"https:\/\/agenciainfra.com\/blog\/governo-diverge-de-pl-de-senador-para-voltar-a-fechar-mercado-rodoviario-de-passageiros\/#breadcrumb"},"inLanguage":"pt-BR","potentialAction":[{"@type":"ReadAction","target":["https:\/\/agenciainfra.com\/blog\/governo-diverge-de-pl-de-senador-para-voltar-a-fechar-mercado-rodoviario-de-passageiros\/"]}]},{"@type":"ImageObject","inLanguage":"pt-BR","@id":"https:\/\/agenciainfra.com\/blog\/governo-diverge-de-pl-de-senador-para-voltar-a-fechar-mercado-rodoviario-de-passageiros\/#primaryimage","url":"https:\/\/agenciainfra.com\/blog\/wp-content\/uploads\/2020\/09\/transporte-rodoviario-foto-antt.jpg","contentUrl":"https:\/\/agenciainfra.com\/blog\/wp-content\/uploads\/2020\/09\/transporte-rodoviario-foto-antt.jpg","width":1280,"height":853},{"@type":"BreadcrumbList","@id":"https:\/\/agenciainfra.com\/blog\/governo-diverge-de-pl-de-senador-para-voltar-a-fechar-mercado-rodoviario-de-passageiros\/#breadcrumb","itemListElement":[{"@type":"ListItem","position":1,"name":"In\u00edcio","item":"https:\/\/agenciainfra.com\/blog\/"},{"@type":"ListItem","position":2,"name":"Governo diverge de PL de senador para voltar a fechar mercado rodovi\u00e1rio de passageiros"}]},{"@type":"WebSite","@id":"https:\/\/agenciainfra.com\/blog\/#website","url":"https:\/\/agenciainfra.com\/blog\/","name":"Ag\u00eancia iNFRA","description":"Multiplataforma de informa\u00e7\u00e3o jornal\u00edstica refer\u00eancia na \u00e1rea de infraestrutura no Brasil!","publisher":{"@id":"https:\/\/agenciainfra.com\/blog\/#organization"},"potentialAction":[{"@type":"SearchAction","target":{"@type":"EntryPoint","urlTemplate":"https:\/\/agenciainfra.com\/blog\/?s={search_term_string}"},"query-input":{"@type":"PropertyValueSpecification","valueRequired":true,"valueName":"search_term_string"}}],"inLanguage":"pt-BR"},{"@type":"Organization","@id":"https:\/\/agenciainfra.com\/blog\/#organization","name":"Ag\u00eancia iNFRA","url":"https:\/\/agenciainfra.com\/blog\/","logo":{"@type":"ImageObject","inLanguage":"pt-BR","@id":"https:\/\/agenciainfra.com\/blog\/#\/schema\/logo\/image\/","url":"https:\/\/agenciainfra.com\/blog\/wp-content\/uploads\/2023\/09\/iNFRA_5-e1761735885940.png","contentUrl":"https:\/\/agenciainfra.com\/blog\/wp-content\/uploads\/2023\/09\/iNFRA_5-e1761735885940.png","width":1672,"height":454,"caption":"Ag\u00eancia iNFRA"},"image":{"@id":"https:\/\/agenciainfra.com\/blog\/#\/schema\/logo\/image\/"},"sameAs":["https:\/\/www.facebook.com\/ageninfra","https:\/\/x.com\/agencia_infra","https:\/\/www.linkedin.com\/company\/ag\u00eanciainfra\/","https:\/\/www.instagram.com\/agenciainfra\/"]},{"@type":"Person","@id":"https:\/\/agenciainfra.com\/blog\/#\/schema\/person\/04dbb79bd6d8951f063da71f3e4c1eb1","name":"Rodrigo Zuquim","image":{"@type":"ImageObject","inLanguage":"pt-BR","@id":"https:\/\/agenciainfra.com\/blog\/#\/schema\/person\/image\/","url":"https:\/\/secure.gravatar.com\/avatar\/594abfe82761d620726242ff34ca472a705a4b97f16c790053a6b4c4035274d0?s=96&d=mm&r=g","contentUrl":"https:\/\/secure.gravatar.com\/avatar\/594abfe82761d620726242ff34ca472a705a4b97f16c790053a6b4c4035274d0?s=96&d=mm&r=g","caption":"Rodrigo Zuquim"},"url":"https:\/\/agenciainfra.com\/blog\/author\/rodrigo-zuquim\/"}]}},"_links":{"self":[{"href":"https:\/\/agenciainfra.com\/blog\/wp-json\/wp\/v2\/posts\/5816","targetHints":{"allow":["GET"]}}],"collection":[{"href":"https:\/\/agenciainfra.com\/blog\/wp-json\/wp\/v2\/posts"}],"about":[{"href":"https:\/\/agenciainfra.com\/blog\/wp-json\/wp\/v2\/types\/post"}],"author":[{"embeddable":true,"href":"https:\/\/agenciainfra.com\/blog\/wp-json\/wp\/v2\/users\/9"}],"replies":[{"embeddable":true,"href":"https:\/\/agenciainfra.com\/blog\/wp-json\/wp\/v2\/comments?post=5816"}],"version-history":[{"count":0,"href":"https:\/\/agenciainfra.com\/blog\/wp-json\/wp\/v2\/posts\/5816\/revisions"}],"wp:featuredmedia":[{"embeddable":true,"href":"https:\/\/agenciainfra.com\/blog\/wp-json\/wp\/v2\/media\/5817"}],"wp:attachment":[{"href":"https:\/\/agenciainfra.com\/blog\/wp-json\/wp\/v2\/media?parent=5816"}],"wp:term":[{"taxonomy":"category","embeddable":true,"href":"https:\/\/agenciainfra.com\/blog\/wp-json\/wp\/v2\/categories?post=5816"},{"taxonomy":"post_tag","embeddable":true,"href":"https:\/\/agenciainfra.com\/blog\/wp-json\/wp\/v2\/tags?post=5816"}],"curies":[{"name":"wp","href":"https:\/\/api.w.org\/{rel}","templated":true}]}}