{"id":5819,"date":"2020-09-07T13:00:00","date_gmt":"2020-09-07T16:00:00","guid":{"rendered":"https:\/\/www.agenciainfra.com\/blog\/?p=5819"},"modified":"2020-09-05T15:09:51","modified_gmt":"2020-09-05T18:09:51","slug":"infradebate-contabilidade-regulatoria-no-setor-de-saneamento-basico-a-que-sera-que-se-destina","status":"publish","type":"post","link":"https:\/\/agenciainfra.com\/blog\/infradebate-contabilidade-regulatoria-no-setor-de-saneamento-basico-a-que-sera-que-se-destina\/","title":{"rendered":"iNFRADebate: Contabilidade regulat\u00f3ria no setor de saneamento b\u00e1sico \u2013 a que ser\u00e1 que se destina?"},"content":{"rendered":"\n<p class=\"has-text-align-right\"><strong>Mauricio Portugal Ribeiro*<sup>1<\/sup><\/strong><\/p>\n\n\n\n<p>Foi publicada em julho de 2020 para consulta p\u00fablica a minuta do documento \u201cProcedimentos Cont\u00e1beis Regulat\u00f3rios do Saneamento B\u00e1sico para Ag\u00eancias Reguladoras Intermunicipais e Municipais\u201d (vou cham\u00e1-lo de agora em diante de \u201cPCR\u201d), assinado pelas seguintes ag\u00eancias reguladoras municipais e intermunicipais: Aris (Ag\u00eancia Reguladora Intermunicipal de Saneamento), Agir (Ag\u00eancia Intermunicipal de Regula\u00e7\u00e3o do M\u00e9dio Vale do Itaja\u00ed), Ares-PCJ (Ag\u00eancia Reguladora dos Servi\u00e7os de Saneamento das Bacias dos Rios Piracicaba, Capivari e Jundia\u00ed), Agesan-RS (Ag\u00eancia Reguladora Intermunicipal de Saneamento do Rio Grande do Sul) e Arisb-MG (Ag\u00eancia Reguladora Intermunicipal de Saneamento B\u00e1sico de Minas Gerais).<\/p>\n\n\n\n<p>O documento \u00e9 uma compila\u00e7\u00e3o de conceitos e considera\u00e7\u00f5es sobre temas em torno da contabilidade societ\u00e1ria, p\u00fablica e regulat\u00f3ria, sem deixar claro seus objetivos e impactos normativos. Re\u00fane uma s\u00e9rie de generalidades sobre o tema sem ao final definir claramente qualquer exig\u00eancia cont\u00e1bil para os seus regulados. Parece mais uma apostila para um curso introdut\u00f3rio sobre o tema do que um documento com fins normativos. Enfim, um profissional de infraestrutura que recorra ao PCR buscando entender que exig\u00eancias cont\u00e1beis \u2013 adicionais \u00e0s legais ou \u00e0s j\u00e1 existentes nos seus contratos \u2013 os regulados das aludidas ag\u00eancias devem cumprir termina a leitura do documento sem saber muito bem a que ele se destina. Definitivamente, o PCR n\u00e3o estabelece qualquer procedimento cont\u00e1bil regulat\u00f3rio como o t\u00edtulo faria supor.<\/p>\n\n\n\n<p>Claramente, n\u00e3o se seguiu na elabora\u00e7\u00e3o do PCR as exig\u00eancias m\u00ednimas de racionalidade para a gera\u00e7\u00e3o de documentos desse tipo, que seriam as seguintes:<\/p>\n\n\n\n<p>(1) estabelecer os objetivos da regula\u00e7\u00e3o que as ag\u00eancias pretendem fazer, considerando os limites aos seus poderes impostos por lei e por cada contrato (isso por si s\u00f3 talvez j\u00e1 inviabilize que diversas ag\u00eancias produzam um \u00fanico documento sobre contabilidade regulat\u00f3ria, pois \u00e9 poss\u00edvel que existam diferen\u00e7as importantes nos contratos que cada uma regula<sup>2<\/sup>). Os objetivos da regula\u00e7\u00e3o est\u00e3o intrinsecamente relacionados ao modelo regulat\u00f3rio adotado. Por exemplo, os objetivos em uma regula\u00e7\u00e3o discricion\u00e1ria <em>a posteriori<\/em>, nos moldes do que se faz no Brasil sobre as empresas estatais de saneamento (nas quais o valor dos investimentos <strong>efetivamente realizados<\/strong> \u00e9 usado como um dos principais insumos para c\u00e1lculo da tarifa nas revis\u00f5es ordin\u00e1rias do contrato seguintes \u00e0 sua realiza\u00e7\u00e3o) s\u00e3o completamente diferentes dos objetivos da regula\u00e7\u00e3o por contrato de uma concess\u00e3o privada de saneamento cujo equil\u00edbrio econ\u00f4mico-financeiro seja definido por um fluxo de caixa descontado, anexado ao contrato de concess\u00e3o e para qual <strong>o valor efetivo dos investimentos<\/strong> em regra n\u00e3o \u00e9 relevante, uma vez que a varia\u00e7\u00e3o entre o valor estimado dos investimentos e o efetivo \u00e9 em regra risco assumido pelo concession\u00e1rio.<\/p>\n\n\n\n<p>(2) definir se ser\u00e3o necess\u00e1rias informa\u00e7\u00f5es adicionais \u00e0s j\u00e1 providas pelos regulados que poderiam contribuir para atingir os objetivos regulat\u00f3rios estabelecidos pelo regulador. Os contratos de concess\u00e3o e PPP no Brasil geralmente exigem que a concession\u00e1ria seja uma SPE (Sociedade de Prop\u00f3sito Espec\u00edfico), que siga regras cont\u00e1beis aplic\u00e1veis a empresas listadas em bolsa, que seja auditada por auditores habilitados pela CVM (Comiss\u00e3o de Valores Mobili\u00e1rios) para auditar empresas abertas e que disponibilizem periodicamente seus balan\u00e7os e demonstra\u00e7\u00f5es financeiras auditadas para os reguladores. Isso em muitos casos \u00e9 considerado suficiente para acompanhamento pelo regulador da sa\u00fade econ\u00f4mico-financeira do ente regulado;<\/p>\n\n\n\n<p>(3) ponderar se \u00e9 razo\u00e1vel exigir a produ\u00e7\u00e3o pelo ente regulado de informa\u00e7\u00f5es cont\u00e1beis adicionais considerando os custos de sua produ\u00e7\u00e3o;\u00a0<\/p>\n\n\n\n<p>Superadas essas considera\u00e7\u00f5es, seria preciso definir:<\/p>\n\n\n\n<p>(4) quais as informa\u00e7\u00f5es adicionais \u00e0s j\u00e1 exigidas pela legisla\u00e7\u00e3o cont\u00e1bil e pelos contratos devem ser produzidas pelos regulados;<\/p>\n\n\n\n<p>(5) em que formato;<\/p>\n\n\n\n<p>(6) com que periodicidade.\u00a0<\/p>\n\n\n\n<p>Sobre os objetivos da regula\u00e7\u00e3o mencionados no item 1 acima, a t\u00edtulo de exemplo, segue uma lista de objetivos, que, a depender do modelo regulat\u00f3rio adotado e dos limites do poder regulat\u00f3rio da ag\u00eancia previstos em lei e no contrato, poderiam ser leg\u00edtimos para lastrear o pedido de informa\u00e7\u00f5es cont\u00e1beis adicionais aos entes regulados:<\/p>\n\n\n\n<p>a) No caso de regula\u00e7\u00e3o discricion\u00e1ria sobre empresas estatais de saneamento, (i) definir forma de provimento de informa\u00e7\u00f5es sobre custos efetivos da empresa, que reduzam o trabalho necess\u00e1rio para realizar as revis\u00f5es ordin\u00e1rias do contrato, facilitando a defini\u00e7\u00e3o da base de ativos; ou (ii) exigir a contabiliza\u00e7\u00e3o individualizada de receitas e custos por cada contrato de programa, a fim de permitir compreens\u00e3o da origem e destina\u00e7\u00e3o de eventuais subs\u00eddios cruzados;<\/p>\n\n\n\n<p>b) O estabelecimento de crit\u00e9rios para provimento de informa\u00e7\u00f5es sobre custos de investimentos para serem utilizadas para precifica\u00e7\u00e3o de novos investimentos (n\u00e3o previstos originalmente no contrato) a serem inclu\u00eddos nos contratos em curso ou para modelagem de novos contratos de concess\u00e3o, com o objetivo de substituir o uso para esse fim de sistemas de pre\u00e7o p\u00fablico, como o Sicro ou o Sinapi (esse objetivo faz certamente sentido em setores como o de infraestrutura rodovi\u00e1ria, mas tenho d\u00favidas que fa\u00e7a sentido no setor de saneamento b\u00e1sico);<\/p>\n\n\n\n<p>c) Controle patrimonial dos bens revers\u00edveis;<\/p>\n\n\n\n<p>d) Acompanhamento do valor devido de indeniza\u00e7\u00e3o por investimentos n\u00e3o amortizados ao concession\u00e1rio para a hip\u00f3tese de extin\u00e7\u00e3o antecipada ou no termo do contrato.<\/p>\n\n\n\n<p>Note-se que \u00e9 poss\u00edvel que novas exig\u00eancias de provimento de informa\u00e7\u00e3o criadas pelo regulador gerem novos custos para o regulado e isso pode fazer surgir direito ao reequil\u00edbrio do contrato.<\/p>\n\n\n\n<p>Em tempos em que as ag\u00eancias reguladoras do mundo est\u00e3o buscando reduzir o fardo regulat\u00f3rio, e revendo para isso periodicamente o seu acervo regulat\u00f3rio, o m\u00ednimo que se espera dos nossos reguladores \u00e9 clareza sobre as obriga\u00e7\u00f5es (nesse caso de provimento de informa\u00e7\u00f5es) que pretendem impor aos seus regulados e sobre os objetivos dessas imposi\u00e7\u00f5es.<\/p>\n\n\n\n<h6 class=\"wp-block-heading\"><strong>*Mauricio Portugal Ribeiro \u00e9 especialista na estrutura\u00e7\u00e3o e regula\u00e7\u00e3o de concess\u00f5es e PPPs, s\u00f3cio do Portugal Ribeiro Advogados, professor de Modelos Regulat\u00f3rios da FGV, mestre em Direito pela Harvard Law School, autor de v\u00e1rios livros e artigos sobre concess\u00f5es, PPPs e outros temas dos setores de infraestrutura.<\/strong><\/h6>\n\n\n\n<h6 class=\"wp-block-heading\">1 Eu queria agradecer a Marcelo Rangel Lennerz a discuss\u00e3o das ideias que levaram \u00e0 elabora\u00e7\u00e3o do presente texto e a Marcelo, Luis Felipe Graziano e Pedro Dutra pela leitura atenta e coment\u00e1rios cr\u00edticos ao texto. Os erros evidentemente s\u00e3o de minha exclusiva responsabilidade.<\/h6>\n\n\n\n<h6 class=\"wp-block-heading\">2 Situa\u00e7\u00e3o diferente \u00e9 a da ANA (Ag\u00eancia Nacional de \u00c1guas), agora respons\u00e1vel, em vista do Novo Marco Legal do Saneamento, por emitir regras de refer\u00eancia sobre contabilidade regulat\u00f3ria. Isso porque a ANA emitir\u00e1 essas regras considerando os novos modelos de contrato que a pr\u00f3pria ANA dever\u00e1 desenvolver. Se resolver emitir regras sobre contabilidade regulat\u00f3ria aplic\u00e1vel aos contratos em curso, essas regras ter\u00e3o que ser diferentes para cada tipo de modelo regulat\u00f3rio adotado e sua aplica\u00e7\u00e3o pr\u00e1tica ter\u00e1 que respeitar os limites do poder regulat\u00f3rio do ente regulador em cada caso.<\/h6>\n\n\n\n<h5 class=\"wp-block-heading\">O iNFRADebate \u00e9 o espa\u00e7o de artigos da Ag\u00eancia iNFRA com opini\u00f5es de seus atores que n\u00e3o refletem necessariamente o pensamento da Ag\u00eancia iNFRA, sendo de total responsabilidade do autor as informa\u00e7\u00f5es, ju\u00edzos de valor e conceitos descritos no texto.<\/h5>\n","protected":false},"excerpt":{"rendered":"<p>Mauricio Portugal Ribeiro*1 Foi publicada em julho de 2020 para consulta p\u00fablica a minuta do documento \u201cProcedimentos Cont\u00e1beis Regulat\u00f3rios do Saneamento B\u00e1sico para Ag\u00eancias Reguladoras Intermunicipais e Municipais\u201d (vou cham\u00e1-lo de agora em diante de \u201cPCR\u201d), assinado pelas seguintes ag\u00eancias reguladoras municipais e intermunicipais: Aris (Ag\u00eancia Reguladora Intermunicipal de Saneamento), Agir (Ag\u00eancia Intermunicipal de Regula\u00e7\u00e3o [&hellip;]<\/p>\n","protected":false},"author":9,"featured_media":5820,"comment_status":"closed","ping_status":"closed","sticky":false,"template":"","format":"standard","meta":{"_monsterinsights_skip_tracking":false,"_monsterinsights_sitenote_active":false,"_monsterinsights_sitenote_note":"","_monsterinsights_sitenote_category":0,"footnotes":""},"categories":[1,11],"tags":[2630,2628,2629,2627,2631,22,2626,1081,916,97,73,1014,1013],"class_list":["post-5819","post","type-post","status-publish","format-standard","has-post-thumbnail","hentry","category-geral","category-infradebate","tag-agesan-rs","tag-agir","tag-ares-pcj","tag-aris","tag-arisb-mg","tag-concessao","tag-contabilidade-regulatoria","tag-mauricio-portugal-ribeiro","tag-parceria-publico-privada","tag-ppp","tag-saneamento-basico","tag-sociedade-de-proposito-especifico","tag-spe"],"yoast_head":"<!-- This site is optimized with the Yoast SEO Premium plugin v25.4 (Yoast SEO v26.0) - https:\/\/yoast.com\/wordpress\/plugins\/seo\/ -->\n<title>iNFRADebate: Contabilidade regulat\u00f3ria no setor de saneamento b\u00e1sico \u2013 a que ser\u00e1 que se destina? - Ag\u00eancia iNFRA<\/title>\n<meta name=\"robots\" content=\"index, follow, max-snippet:-1, max-image-preview:large, max-video-preview:-1\" \/>\n<link rel=\"canonical\" href=\"https:\/\/agenciainfra.com\/blog\/infradebate-contabilidade-regulatoria-no-setor-de-saneamento-basico-a-que-sera-que-se-destina\/\" \/>\n<meta property=\"og:locale\" content=\"pt_BR\" \/>\n<meta property=\"og:type\" content=\"article\" \/>\n<meta property=\"og:title\" content=\"iNFRADebate: Contabilidade regulat\u00f3ria no setor de saneamento b\u00e1sico \u2013 a que ser\u00e1 que se destina?\" \/>\n<meta property=\"og:description\" content=\"Mauricio Portugal Ribeiro*1 Foi publicada em julho de 2020 para consulta p\u00fablica a minuta do documento \u201cProcedimentos Cont\u00e1beis Regulat\u00f3rios do Saneamento B\u00e1sico para Ag\u00eancias Reguladoras Intermunicipais e Municipais\u201d (vou cham\u00e1-lo de agora em diante de \u201cPCR\u201d), assinado pelas seguintes ag\u00eancias reguladoras municipais e intermunicipais: Aris (Ag\u00eancia Reguladora Intermunicipal de Saneamento), Agir (Ag\u00eancia Intermunicipal de Regula\u00e7\u00e3o [&hellip;]\" \/>\n<meta property=\"og:url\" content=\"https:\/\/agenciainfra.com\/blog\/infradebate-contabilidade-regulatoria-no-setor-de-saneamento-basico-a-que-sera-que-se-destina\/\" \/>\n<meta property=\"og:site_name\" content=\"Ag\u00eancia iNFRA\" \/>\n<meta property=\"article:publisher\" content=\"https:\/\/www.facebook.com\/ageninfra\" \/>\n<meta property=\"article:published_time\" content=\"2020-09-07T16:00:00+00:00\" \/>\n<meta property=\"og:image\" content=\"https:\/\/agenciainfra.com\/blog\/wp-content\/uploads\/2020\/09\/estacao-saneamento-foto-diogo-moreira-fotos-publicas.jpeg\" \/>\n\t<meta property=\"og:image:width\" content=\"1280\" \/>\n\t<meta property=\"og:image:height\" content=\"880\" \/>\n\t<meta property=\"og:image:type\" content=\"image\/jpeg\" \/>\n<meta name=\"author\" content=\"Rodrigo Zuquim\" \/>\n<meta name=\"twitter:card\" content=\"summary_large_image\" \/>\n<meta name=\"twitter:creator\" content=\"@agencia_infra\" \/>\n<meta name=\"twitter:site\" content=\"@agencia_infra\" \/>\n<meta name=\"twitter:label1\" content=\"Escrito por\" \/>\n\t<meta name=\"twitter:data1\" content=\"Rodrigo Zuquim\" \/>\n\t<meta name=\"twitter:label2\" content=\"Est. tempo de leitura\" \/>\n\t<meta name=\"twitter:data2\" content=\"6 minutos\" \/>\n<script type=\"application\/ld+json\" class=\"yoast-schema-graph\">{\"@context\":\"https:\/\/schema.org\",\"@graph\":[{\"@type\":\"Article\",\"@id\":\"https:\/\/agenciainfra.com\/blog\/infradebate-contabilidade-regulatoria-no-setor-de-saneamento-basico-a-que-sera-que-se-destina\/#article\",\"isPartOf\":{\"@id\":\"https:\/\/agenciainfra.com\/blog\/infradebate-contabilidade-regulatoria-no-setor-de-saneamento-basico-a-que-sera-que-se-destina\/\"},\"author\":{\"name\":\"Rodrigo Zuquim\",\"@id\":\"https:\/\/agenciainfra.com\/blog\/#\/schema\/person\/04dbb79bd6d8951f063da71f3e4c1eb1\"},\"headline\":\"iNFRADebate: Contabilidade regulat\u00f3ria no setor de saneamento b\u00e1sico \u2013 a que ser\u00e1 que se destina?\",\"datePublished\":\"2020-09-07T16:00:00+00:00\",\"mainEntityOfPage\":{\"@id\":\"https:\/\/agenciainfra.com\/blog\/infradebate-contabilidade-regulatoria-no-setor-de-saneamento-basico-a-que-sera-que-se-destina\/\"},\"wordCount\":1286,\"publisher\":{\"@id\":\"https:\/\/agenciainfra.com\/blog\/#organization\"},\"image\":{\"@id\":\"https:\/\/agenciainfra.com\/blog\/infradebate-contabilidade-regulatoria-no-setor-de-saneamento-basico-a-que-sera-que-se-destina\/#primaryimage\"},\"thumbnailUrl\":\"https:\/\/agenciainfra.com\/blog\/wp-content\/uploads\/2020\/09\/estacao-saneamento-foto-diogo-moreira-fotos-publicas-e1766068282684.jpeg\",\"keywords\":[\"Agesan-RS\",\"Agir\",\"Ares-PCJ\",\"Aris\",\"Arisb-MG\",\"Concess\u00e3o\",\"contabilidade regulat\u00f3ria\",\"Mauricio Portugal Ribeiro\",\"parceria p\u00fablico-privada\",\"PPP\",\"Saneamento B\u00e1sico\",\"Sociedade de Prop\u00f3sito Espec\u00edfico\",\"SPE\"],\"articleSection\":[\"Geral\",\"iNFRADebate\"],\"inLanguage\":\"pt-BR\",\"copyrightYear\":\"2020\",\"copyrightHolder\":{\"@id\":\"https:\/\/agenciainfra.com\/blog\/#organization\"}},{\"@type\":\"WebPage\",\"@id\":\"https:\/\/agenciainfra.com\/blog\/infradebate-contabilidade-regulatoria-no-setor-de-saneamento-basico-a-que-sera-que-se-destina\/\",\"url\":\"https:\/\/agenciainfra.com\/blog\/infradebate-contabilidade-regulatoria-no-setor-de-saneamento-basico-a-que-sera-que-se-destina\/\",\"name\":\"iNFRADebate: Contabilidade regulat\u00f3ria no setor de saneamento b\u00e1sico \u2013 a que ser\u00e1 que se destina? - Ag\u00eancia iNFRA\",\"isPartOf\":{\"@id\":\"https:\/\/agenciainfra.com\/blog\/#website\"},\"primaryImageOfPage\":{\"@id\":\"https:\/\/agenciainfra.com\/blog\/infradebate-contabilidade-regulatoria-no-setor-de-saneamento-basico-a-que-sera-que-se-destina\/#primaryimage\"},\"image\":{\"@id\":\"https:\/\/agenciainfra.com\/blog\/infradebate-contabilidade-regulatoria-no-setor-de-saneamento-basico-a-que-sera-que-se-destina\/#primaryimage\"},\"thumbnailUrl\":\"https:\/\/agenciainfra.com\/blog\/wp-content\/uploads\/2020\/09\/estacao-saneamento-foto-diogo-moreira-fotos-publicas-e1766068282684.jpeg\",\"datePublished\":\"2020-09-07T16:00:00+00:00\",\"breadcrumb\":{\"@id\":\"https:\/\/agenciainfra.com\/blog\/infradebate-contabilidade-regulatoria-no-setor-de-saneamento-basico-a-que-sera-que-se-destina\/#breadcrumb\"},\"inLanguage\":\"pt-BR\",\"potentialAction\":[{\"@type\":\"ReadAction\",\"target\":[\"https:\/\/agenciainfra.com\/blog\/infradebate-contabilidade-regulatoria-no-setor-de-saneamento-basico-a-que-sera-que-se-destina\/\"]}]},{\"@type\":\"ImageObject\",\"inLanguage\":\"pt-BR\",\"@id\":\"https:\/\/agenciainfra.com\/blog\/infradebate-contabilidade-regulatoria-no-setor-de-saneamento-basico-a-que-sera-que-se-destina\/#primaryimage\",\"url\":\"https:\/\/agenciainfra.com\/blog\/wp-content\/uploads\/2020\/09\/estacao-saneamento-foto-diogo-moreira-fotos-publicas-e1766068282684.jpeg\",\"contentUrl\":\"https:\/\/agenciainfra.com\/blog\/wp-content\/uploads\/2020\/09\/estacao-saneamento-foto-diogo-moreira-fotos-publicas-e1766068282684.jpeg\",\"width\":1278,\"height\":740,\"caption\":\"Foto: Diogo Moreira\/Fotos P\u00fablicas\"},{\"@type\":\"BreadcrumbList\",\"@id\":\"https:\/\/agenciainfra.com\/blog\/infradebate-contabilidade-regulatoria-no-setor-de-saneamento-basico-a-que-sera-que-se-destina\/#breadcrumb\",\"itemListElement\":[{\"@type\":\"ListItem\",\"position\":1,\"name\":\"In\u00edcio\",\"item\":\"https:\/\/agenciainfra.com\/blog\/\"},{\"@type\":\"ListItem\",\"position\":2,\"name\":\"iNFRADebate: Contabilidade regulat\u00f3ria no setor de saneamento b\u00e1sico \u2013 a que ser\u00e1 que se destina?\"}]},{\"@type\":\"WebSite\",\"@id\":\"https:\/\/agenciainfra.com\/blog\/#website\",\"url\":\"https:\/\/agenciainfra.com\/blog\/\",\"name\":\"Ag\u00eancia iNFRA\",\"description\":\"Multiplataforma de informa\u00e7\u00e3o jornal\u00edstica refer\u00eancia na \u00e1rea de infraestrutura no Brasil!\",\"publisher\":{\"@id\":\"https:\/\/agenciainfra.com\/blog\/#organization\"},\"potentialAction\":[{\"@type\":\"SearchAction\",\"target\":{\"@type\":\"EntryPoint\",\"urlTemplate\":\"https:\/\/agenciainfra.com\/blog\/?s={search_term_string}\"},\"query-input\":{\"@type\":\"PropertyValueSpecification\",\"valueRequired\":true,\"valueName\":\"search_term_string\"}}],\"inLanguage\":\"pt-BR\"},{\"@type\":\"Organization\",\"@id\":\"https:\/\/agenciainfra.com\/blog\/#organization\",\"name\":\"Ag\u00eancia iNFRA\",\"url\":\"https:\/\/agenciainfra.com\/blog\/\",\"logo\":{\"@type\":\"ImageObject\",\"inLanguage\":\"pt-BR\",\"@id\":\"https:\/\/agenciainfra.com\/blog\/#\/schema\/logo\/image\/\",\"url\":\"https:\/\/agenciainfra.com\/blog\/wp-content\/uploads\/2023\/09\/iNFRA_5-e1761735885940.png\",\"contentUrl\":\"https:\/\/agenciainfra.com\/blog\/wp-content\/uploads\/2023\/09\/iNFRA_5-e1761735885940.png\",\"width\":1672,\"height\":454,\"caption\":\"Ag\u00eancia iNFRA\"},\"image\":{\"@id\":\"https:\/\/agenciainfra.com\/blog\/#\/schema\/logo\/image\/\"},\"sameAs\":[\"https:\/\/www.facebook.com\/ageninfra\",\"https:\/\/x.com\/agencia_infra\",\"https:\/\/www.linkedin.com\/company\/ag\u00eanciainfra\/\",\"https:\/\/www.instagram.com\/agenciainfra\/\"]},{\"@type\":\"Person\",\"@id\":\"https:\/\/agenciainfra.com\/blog\/#\/schema\/person\/04dbb79bd6d8951f063da71f3e4c1eb1\",\"name\":\"Rodrigo Zuquim\",\"image\":{\"@type\":\"ImageObject\",\"inLanguage\":\"pt-BR\",\"@id\":\"https:\/\/agenciainfra.com\/blog\/#\/schema\/person\/image\/\",\"url\":\"https:\/\/secure.gravatar.com\/avatar\/594abfe82761d620726242ff34ca472a705a4b97f16c790053a6b4c4035274d0?s=96&d=mm&r=g\",\"contentUrl\":\"https:\/\/secure.gravatar.com\/avatar\/594abfe82761d620726242ff34ca472a705a4b97f16c790053a6b4c4035274d0?s=96&d=mm&r=g\",\"caption\":\"Rodrigo Zuquim\"},\"url\":\"https:\/\/agenciainfra.com\/blog\/author\/rodrigo-zuquim\/\"}]}<\/script>\n<!-- \/ Yoast SEO Premium plugin. -->","yoast_head_json":{"title":"iNFRADebate: Contabilidade regulat\u00f3ria no setor de saneamento b\u00e1sico \u2013 a que ser\u00e1 que se destina? - Ag\u00eancia iNFRA","robots":{"index":"index","follow":"follow","max-snippet":"max-snippet:-1","max-image-preview":"max-image-preview:large","max-video-preview":"max-video-preview:-1"},"canonical":"https:\/\/agenciainfra.com\/blog\/infradebate-contabilidade-regulatoria-no-setor-de-saneamento-basico-a-que-sera-que-se-destina\/","og_locale":"pt_BR","og_type":"article","og_title":"iNFRADebate: Contabilidade regulat\u00f3ria no setor de saneamento b\u00e1sico \u2013 a que ser\u00e1 que se destina?","og_description":"Mauricio Portugal Ribeiro*1 Foi publicada em julho de 2020 para consulta p\u00fablica a minuta do documento \u201cProcedimentos Cont\u00e1beis Regulat\u00f3rios do Saneamento B\u00e1sico para Ag\u00eancias Reguladoras Intermunicipais e Municipais\u201d (vou cham\u00e1-lo de agora em diante de \u201cPCR\u201d), assinado pelas seguintes ag\u00eancias reguladoras municipais e intermunicipais: Aris (Ag\u00eancia Reguladora Intermunicipal de Saneamento), Agir (Ag\u00eancia Intermunicipal de Regula\u00e7\u00e3o [&hellip;]","og_url":"https:\/\/agenciainfra.com\/blog\/infradebate-contabilidade-regulatoria-no-setor-de-saneamento-basico-a-que-sera-que-se-destina\/","og_site_name":"Ag\u00eancia iNFRA","article_publisher":"https:\/\/www.facebook.com\/ageninfra","article_published_time":"2020-09-07T16:00:00+00:00","og_image":[{"width":1280,"height":880,"url":"https:\/\/agenciainfra.com\/blog\/wp-content\/uploads\/2020\/09\/estacao-saneamento-foto-diogo-moreira-fotos-publicas.jpeg","type":"image\/jpeg"}],"author":"Rodrigo Zuquim","twitter_card":"summary_large_image","twitter_creator":"@agencia_infra","twitter_site":"@agencia_infra","twitter_misc":{"Escrito por":"Rodrigo Zuquim","Est. tempo de leitura":"6 minutos"},"schema":{"@context":"https:\/\/schema.org","@graph":[{"@type":"Article","@id":"https:\/\/agenciainfra.com\/blog\/infradebate-contabilidade-regulatoria-no-setor-de-saneamento-basico-a-que-sera-que-se-destina\/#article","isPartOf":{"@id":"https:\/\/agenciainfra.com\/blog\/infradebate-contabilidade-regulatoria-no-setor-de-saneamento-basico-a-que-sera-que-se-destina\/"},"author":{"name":"Rodrigo Zuquim","@id":"https:\/\/agenciainfra.com\/blog\/#\/schema\/person\/04dbb79bd6d8951f063da71f3e4c1eb1"},"headline":"iNFRADebate: Contabilidade regulat\u00f3ria no setor de saneamento b\u00e1sico \u2013 a que ser\u00e1 que se destina?","datePublished":"2020-09-07T16:00:00+00:00","mainEntityOfPage":{"@id":"https:\/\/agenciainfra.com\/blog\/infradebate-contabilidade-regulatoria-no-setor-de-saneamento-basico-a-que-sera-que-se-destina\/"},"wordCount":1286,"publisher":{"@id":"https:\/\/agenciainfra.com\/blog\/#organization"},"image":{"@id":"https:\/\/agenciainfra.com\/blog\/infradebate-contabilidade-regulatoria-no-setor-de-saneamento-basico-a-que-sera-que-se-destina\/#primaryimage"},"thumbnailUrl":"https:\/\/agenciainfra.com\/blog\/wp-content\/uploads\/2020\/09\/estacao-saneamento-foto-diogo-moreira-fotos-publicas-e1766068282684.jpeg","keywords":["Agesan-RS","Agir","Ares-PCJ","Aris","Arisb-MG","Concess\u00e3o","contabilidade regulat\u00f3ria","Mauricio Portugal Ribeiro","parceria p\u00fablico-privada","PPP","Saneamento B\u00e1sico","Sociedade de Prop\u00f3sito Espec\u00edfico","SPE"],"articleSection":["Geral","iNFRADebate"],"inLanguage":"pt-BR","copyrightYear":"2020","copyrightHolder":{"@id":"https:\/\/agenciainfra.com\/blog\/#organization"}},{"@type":"WebPage","@id":"https:\/\/agenciainfra.com\/blog\/infradebate-contabilidade-regulatoria-no-setor-de-saneamento-basico-a-que-sera-que-se-destina\/","url":"https:\/\/agenciainfra.com\/blog\/infradebate-contabilidade-regulatoria-no-setor-de-saneamento-basico-a-que-sera-que-se-destina\/","name":"iNFRADebate: Contabilidade regulat\u00f3ria no setor de saneamento b\u00e1sico \u2013 a que ser\u00e1 que se destina? - Ag\u00eancia iNFRA","isPartOf":{"@id":"https:\/\/agenciainfra.com\/blog\/#website"},"primaryImageOfPage":{"@id":"https:\/\/agenciainfra.com\/blog\/infradebate-contabilidade-regulatoria-no-setor-de-saneamento-basico-a-que-sera-que-se-destina\/#primaryimage"},"image":{"@id":"https:\/\/agenciainfra.com\/blog\/infradebate-contabilidade-regulatoria-no-setor-de-saneamento-basico-a-que-sera-que-se-destina\/#primaryimage"},"thumbnailUrl":"https:\/\/agenciainfra.com\/blog\/wp-content\/uploads\/2020\/09\/estacao-saneamento-foto-diogo-moreira-fotos-publicas-e1766068282684.jpeg","datePublished":"2020-09-07T16:00:00+00:00","breadcrumb":{"@id":"https:\/\/agenciainfra.com\/blog\/infradebate-contabilidade-regulatoria-no-setor-de-saneamento-basico-a-que-sera-que-se-destina\/#breadcrumb"},"inLanguage":"pt-BR","potentialAction":[{"@type":"ReadAction","target":["https:\/\/agenciainfra.com\/blog\/infradebate-contabilidade-regulatoria-no-setor-de-saneamento-basico-a-que-sera-que-se-destina\/"]}]},{"@type":"ImageObject","inLanguage":"pt-BR","@id":"https:\/\/agenciainfra.com\/blog\/infradebate-contabilidade-regulatoria-no-setor-de-saneamento-basico-a-que-sera-que-se-destina\/#primaryimage","url":"https:\/\/agenciainfra.com\/blog\/wp-content\/uploads\/2020\/09\/estacao-saneamento-foto-diogo-moreira-fotos-publicas-e1766068282684.jpeg","contentUrl":"https:\/\/agenciainfra.com\/blog\/wp-content\/uploads\/2020\/09\/estacao-saneamento-foto-diogo-moreira-fotos-publicas-e1766068282684.jpeg","width":1278,"height":740,"caption":"Foto: Diogo Moreira\/Fotos P\u00fablicas"},{"@type":"BreadcrumbList","@id":"https:\/\/agenciainfra.com\/blog\/infradebate-contabilidade-regulatoria-no-setor-de-saneamento-basico-a-que-sera-que-se-destina\/#breadcrumb","itemListElement":[{"@type":"ListItem","position":1,"name":"In\u00edcio","item":"https:\/\/agenciainfra.com\/blog\/"},{"@type":"ListItem","position":2,"name":"iNFRADebate: Contabilidade regulat\u00f3ria no setor de saneamento b\u00e1sico \u2013 a que ser\u00e1 que se destina?"}]},{"@type":"WebSite","@id":"https:\/\/agenciainfra.com\/blog\/#website","url":"https:\/\/agenciainfra.com\/blog\/","name":"Ag\u00eancia iNFRA","description":"Multiplataforma de informa\u00e7\u00e3o jornal\u00edstica refer\u00eancia na \u00e1rea de infraestrutura no Brasil!","publisher":{"@id":"https:\/\/agenciainfra.com\/blog\/#organization"},"potentialAction":[{"@type":"SearchAction","target":{"@type":"EntryPoint","urlTemplate":"https:\/\/agenciainfra.com\/blog\/?s={search_term_string}"},"query-input":{"@type":"PropertyValueSpecification","valueRequired":true,"valueName":"search_term_string"}}],"inLanguage":"pt-BR"},{"@type":"Organization","@id":"https:\/\/agenciainfra.com\/blog\/#organization","name":"Ag\u00eancia iNFRA","url":"https:\/\/agenciainfra.com\/blog\/","logo":{"@type":"ImageObject","inLanguage":"pt-BR","@id":"https:\/\/agenciainfra.com\/blog\/#\/schema\/logo\/image\/","url":"https:\/\/agenciainfra.com\/blog\/wp-content\/uploads\/2023\/09\/iNFRA_5-e1761735885940.png","contentUrl":"https:\/\/agenciainfra.com\/blog\/wp-content\/uploads\/2023\/09\/iNFRA_5-e1761735885940.png","width":1672,"height":454,"caption":"Ag\u00eancia iNFRA"},"image":{"@id":"https:\/\/agenciainfra.com\/blog\/#\/schema\/logo\/image\/"},"sameAs":["https:\/\/www.facebook.com\/ageninfra","https:\/\/x.com\/agencia_infra","https:\/\/www.linkedin.com\/company\/ag\u00eanciainfra\/","https:\/\/www.instagram.com\/agenciainfra\/"]},{"@type":"Person","@id":"https:\/\/agenciainfra.com\/blog\/#\/schema\/person\/04dbb79bd6d8951f063da71f3e4c1eb1","name":"Rodrigo Zuquim","image":{"@type":"ImageObject","inLanguage":"pt-BR","@id":"https:\/\/agenciainfra.com\/blog\/#\/schema\/person\/image\/","url":"https:\/\/secure.gravatar.com\/avatar\/594abfe82761d620726242ff34ca472a705a4b97f16c790053a6b4c4035274d0?s=96&d=mm&r=g","contentUrl":"https:\/\/secure.gravatar.com\/avatar\/594abfe82761d620726242ff34ca472a705a4b97f16c790053a6b4c4035274d0?s=96&d=mm&r=g","caption":"Rodrigo Zuquim"},"url":"https:\/\/agenciainfra.com\/blog\/author\/rodrigo-zuquim\/"}]}},"_links":{"self":[{"href":"https:\/\/agenciainfra.com\/blog\/wp-json\/wp\/v2\/posts\/5819","targetHints":{"allow":["GET"]}}],"collection":[{"href":"https:\/\/agenciainfra.com\/blog\/wp-json\/wp\/v2\/posts"}],"about":[{"href":"https:\/\/agenciainfra.com\/blog\/wp-json\/wp\/v2\/types\/post"}],"author":[{"embeddable":true,"href":"https:\/\/agenciainfra.com\/blog\/wp-json\/wp\/v2\/users\/9"}],"replies":[{"embeddable":true,"href":"https:\/\/agenciainfra.com\/blog\/wp-json\/wp\/v2\/comments?post=5819"}],"version-history":[{"count":0,"href":"https:\/\/agenciainfra.com\/blog\/wp-json\/wp\/v2\/posts\/5819\/revisions"}],"wp:featuredmedia":[{"embeddable":true,"href":"https:\/\/agenciainfra.com\/blog\/wp-json\/wp\/v2\/media\/5820"}],"wp:attachment":[{"href":"https:\/\/agenciainfra.com\/blog\/wp-json\/wp\/v2\/media?parent=5819"}],"wp:term":[{"taxonomy":"category","embeddable":true,"href":"https:\/\/agenciainfra.com\/blog\/wp-json\/wp\/v2\/categories?post=5819"},{"taxonomy":"post_tag","embeddable":true,"href":"https:\/\/agenciainfra.com\/blog\/wp-json\/wp\/v2\/tags?post=5819"}],"curies":[{"name":"wp","href":"https:\/\/api.w.org\/{rel}","templated":true}]}}