{"id":5827,"date":"2020-09-08T07:37:35","date_gmt":"2020-09-08T10:37:35","guid":{"rendered":"https:\/\/www.agenciainfra.com\/blog\/?p=5827"},"modified":"2020-09-08T07:37:39","modified_gmt":"2020-09-08T10:37:39","slug":"comite-interministerial-de-saneamento-basico-divulga-regimento-interno","status":"publish","type":"post","link":"https:\/\/agenciainfra.com\/blog\/comite-interministerial-de-saneamento-basico-divulga-regimento-interno\/","title":{"rendered":"Comit\u00ea Interministerial de Saneamento B\u00e1sico divulga regimento interno"},"content":{"rendered":"\n<p class=\"has-text-align-right\"><strong>da Ag\u00eancia iNFRA<\/strong><\/p>\n\n\n\n<p>O Minist\u00e9rio do Desenvolvimento Regional aprovou o<strong>\u00a0<\/strong>regimento interno do Cisb (Comit\u00ea Interministerial de Saneamento B\u00e1sico).\u00a0<a rel=\"noreferrer noopener\" href=\"https:\/\/pesquisa.in.gov.br\/imprensa\/jsp\/visualiza\/index.jsp?data=08\/09\/2020&amp;jornal=515&amp;pagina=11&amp;totalArquivos=134\" target=\"_blank\">Resolu\u00e7\u00e3o 01<\/a> do \u00f3rg\u00e3o foi publicada no Di\u00e1rio Oficial da Uni\u00e3o de hoje (8).<\/p>\n\n\n\n<p>O Cisb foi criado com o novo marco legal do saneamento b\u00e1sico aprovado pelo Congresso neste ano e, segundo o ato, &#8220;tem por finalidade assegurar a implementa\u00e7\u00e3o da pol\u00edtica federal de saneamento b\u00e1sico [&#8230;] e articular a atua\u00e7\u00e3o dos \u00f3rg\u00e3os e das entidades da administra\u00e7\u00e3o p\u00fablica federal quanto \u00e0 aloca\u00e7\u00e3o de recursos financeiros em a\u00e7\u00f5es&#8221;.<\/p>\n\n\n\n<p>No ato, foi determinado que a Secretaria Nacional de Saneamento do Minist\u00e9rio do Desenvolvimento Regional vai coordenar a elabora\u00e7\u00e3o do Plano Nacional de Saneamento B\u00e1sico e as atividades relativas ao monitoramento e avalia\u00e7\u00e3o da implementa\u00e7\u00e3o do plano.<\/p>\n\n\n\n<p>O regimento do \u00f3rg\u00e3o prev\u00ea ainda que ele poder\u00e1 instituir grupos de estudos t\u00e9cnicos para &#8220;auxili\u00e1-lo no desempenho de suas fun\u00e7\u00f5es e de subsidi\u00e1-lo em suas decis\u00f5es&#8221;. Os grupos ter\u00e3o que ser compostos por &#8220;ato formal do Comit\u00ea&#8221;, n\u00e3o devem ter mais de seis membros, ter\u00e3o car\u00e1ter tempor\u00e1rio e dura\u00e7\u00e3o n\u00e3o superior a um ano, e s\u00f3 poder\u00e3o funcionar tr\u00eas ao mesmo tempo.<\/p>\n\n\n\n<p>Ficou definido ainda que o Cisb ser\u00e1 composto pelos ministros\u00a0do Desenvolvimento Regional, que o presidir\u00e1, da Casa Civil da Presid\u00eancia da Rep\u00fablica; da Sa\u00fade; da Economia; do Meio Ambiente; e do Turismo. Eles podem ser substitu\u00eddos nas reuni\u00f5es por assessores.<\/p>\n","protected":false},"excerpt":{"rendered":"<p>da Ag\u00eancia iNFRA O Minist\u00e9rio do Desenvolvimento Regional aprovou o\u00a0regimento interno do Cisb (Comit\u00ea Interministerial de Saneamento B\u00e1sico).\u00a0Resolu\u00e7\u00e3o 01 do \u00f3rg\u00e3o foi publicada no Di\u00e1rio Oficial da Uni\u00e3o de hoje (8). O Cisb foi criado com o novo marco legal do saneamento b\u00e1sico aprovado pelo Congresso neste ano e, segundo o ato, &#8220;tem por finalidade [&hellip;]<\/p>\n","protected":false},"author":9,"featured_media":5828,"comment_status":"closed","ping_status":"closed","sticky":false,"template":"","format":"standard","meta":{"_monsterinsights_skip_tracking":false,"_monsterinsights_sitenote_active":false,"_monsterinsights_sitenote_note":"","_monsterinsights_sitenote_category":0,"footnotes":""},"categories":[1,2052],"tags":[1304,2338,760,2635,2634,73],"class_list":["post-5827","post","type-post","status-publish","format-standard","has-post-thumbnail","hentry","category-geral","category-infra-transicao","tag-cisb","tag-comite-interministerial-de-saneamento-basico","tag-ministerio-do-desenvolvimento-regional","tag-plano-nacional-de-saneamento-basico","tag-regimento-interno","tag-saneamento-basico"],"yoast_head":"<!-- This site is optimized with the Yoast SEO Premium plugin v25.4 (Yoast SEO v26.0) - https:\/\/yoast.com\/wordpress\/plugins\/seo\/ -->\n<title>Comit\u00ea Interministerial de Saneamento B\u00e1sico divulga regimento interno - Ag\u00eancia iNFRA<\/title>\n<meta name=\"robots\" content=\"index, follow, max-snippet:-1, max-image-preview:large, max-video-preview:-1\" \/>\n<link rel=\"canonical\" href=\"https:\/\/agenciainfra.com\/blog\/comite-interministerial-de-saneamento-basico-divulga-regimento-interno\/\" \/>\n<meta property=\"og:locale\" content=\"pt_BR\" \/>\n<meta property=\"og:type\" content=\"article\" \/>\n<meta property=\"og:title\" content=\"Comit\u00ea Interministerial de Saneamento B\u00e1sico divulga regimento interno\" \/>\n<meta property=\"og:description\" content=\"da Ag\u00eancia iNFRA O Minist\u00e9rio do Desenvolvimento Regional aprovou o\u00a0regimento interno do Cisb (Comit\u00ea Interministerial de Saneamento B\u00e1sico).\u00a0Resolu\u00e7\u00e3o 01 do \u00f3rg\u00e3o foi publicada no Di\u00e1rio Oficial da Uni\u00e3o de hoje (8). O Cisb foi criado com o novo marco legal do saneamento b\u00e1sico aprovado pelo Congresso neste ano e, segundo o ato, &#8220;tem por finalidade [&hellip;]\" \/>\n<meta property=\"og:url\" content=\"https:\/\/agenciainfra.com\/blog\/comite-interministerial-de-saneamento-basico-divulga-regimento-interno\/\" \/>\n<meta property=\"og:site_name\" content=\"Ag\u00eancia iNFRA\" \/>\n<meta property=\"article:publisher\" content=\"https:\/\/www.facebook.com\/ageninfra\" \/>\n<meta property=\"article:published_time\" content=\"2020-09-08T10:37:35+00:00\" \/>\n<meta property=\"article:modified_time\" content=\"2020-09-08T10:37:39+00:00\" \/>\n<meta property=\"og:image\" content=\"https:\/\/agenciainfra.com\/blog\/wp-content\/uploads\/2020\/09\/rogerio-marinho-foto-adalberto-marques-mdr.jpg\" \/>\n\t<meta property=\"og:image:width\" content=\"1280\" \/>\n\t<meta property=\"og:image:height\" content=\"854\" \/>\n\t<meta property=\"og:image:type\" content=\"image\/jpeg\" \/>\n<meta name=\"author\" content=\"Rodrigo Zuquim\" \/>\n<meta name=\"twitter:card\" content=\"summary_large_image\" \/>\n<meta name=\"twitter:creator\" content=\"@agencia_infra\" \/>\n<meta name=\"twitter:site\" content=\"@agencia_infra\" \/>\n<meta name=\"twitter:label1\" content=\"Escrito por\" \/>\n\t<meta name=\"twitter:data1\" content=\"Rodrigo Zuquim\" \/>\n\t<meta name=\"twitter:label2\" content=\"Est. tempo de leitura\" \/>\n\t<meta name=\"twitter:data2\" content=\"1 minuto\" \/>\n<script type=\"application\/ld+json\" class=\"yoast-schema-graph\">{\"@context\":\"https:\/\/schema.org\",\"@graph\":[{\"@type\":\"Article\",\"@id\":\"https:\/\/agenciainfra.com\/blog\/comite-interministerial-de-saneamento-basico-divulga-regimento-interno\/#article\",\"isPartOf\":{\"@id\":\"https:\/\/agenciainfra.com\/blog\/comite-interministerial-de-saneamento-basico-divulga-regimento-interno\/\"},\"author\":{\"name\":\"Rodrigo Zuquim\",\"@id\":\"https:\/\/agenciainfra.com\/blog\/#\/schema\/person\/04dbb79bd6d8951f063da71f3e4c1eb1\"},\"headline\":\"Comit\u00ea Interministerial de Saneamento B\u00e1sico divulga regimento interno\",\"datePublished\":\"2020-09-08T10:37:35+00:00\",\"dateModified\":\"2020-09-08T10:37:39+00:00\",\"mainEntityOfPage\":{\"@id\":\"https:\/\/agenciainfra.com\/blog\/comite-interministerial-de-saneamento-basico-divulga-regimento-interno\/\"},\"wordCount\":276,\"publisher\":{\"@id\":\"https:\/\/agenciainfra.com\/blog\/#organization\"},\"image\":{\"@id\":\"https:\/\/agenciainfra.com\/blog\/comite-interministerial-de-saneamento-basico-divulga-regimento-interno\/#primaryimage\"},\"thumbnailUrl\":\"https:\/\/agenciainfra.com\/blog\/wp-content\/uploads\/2020\/09\/rogerio-marinho-foto-adalberto-marques-mdr.jpg\",\"keywords\":[\"CISB\",\"Comit\u00ea Interministerial de Saneamento B\u00e1sico\",\"Minist\u00e9rio do Desenvolvimento Regional\",\"Plano Nacional de Saneamento B\u00e1sico\",\"regimento interno\",\"Saneamento B\u00e1sico\"],\"articleSection\":[\"Geral\",\"iNFRA Na Transi\u00e7\u00e3o\"],\"inLanguage\":\"pt-BR\",\"copyrightYear\":\"2020\",\"copyrightHolder\":{\"@id\":\"https:\/\/agenciainfra.com\/blog\/#organization\"}},{\"@type\":\"WebPage\",\"@id\":\"https:\/\/agenciainfra.com\/blog\/comite-interministerial-de-saneamento-basico-divulga-regimento-interno\/\",\"url\":\"https:\/\/agenciainfra.com\/blog\/comite-interministerial-de-saneamento-basico-divulga-regimento-interno\/\",\"name\":\"Comit\u00ea Interministerial de Saneamento B\u00e1sico divulga regimento interno - Ag\u00eancia iNFRA\",\"isPartOf\":{\"@id\":\"https:\/\/agenciainfra.com\/blog\/#website\"},\"primaryImageOfPage\":{\"@id\":\"https:\/\/agenciainfra.com\/blog\/comite-interministerial-de-saneamento-basico-divulga-regimento-interno\/#primaryimage\"},\"image\":{\"@id\":\"https:\/\/agenciainfra.com\/blog\/comite-interministerial-de-saneamento-basico-divulga-regimento-interno\/#primaryimage\"},\"thumbnailUrl\":\"https:\/\/agenciainfra.com\/blog\/wp-content\/uploads\/2020\/09\/rogerio-marinho-foto-adalberto-marques-mdr.jpg\",\"datePublished\":\"2020-09-08T10:37:35+00:00\",\"dateModified\":\"2020-09-08T10:37:39+00:00\",\"breadcrumb\":{\"@id\":\"https:\/\/agenciainfra.com\/blog\/comite-interministerial-de-saneamento-basico-divulga-regimento-interno\/#breadcrumb\"},\"inLanguage\":\"pt-BR\",\"potentialAction\":[{\"@type\":\"ReadAction\",\"target\":[\"https:\/\/agenciainfra.com\/blog\/comite-interministerial-de-saneamento-basico-divulga-regimento-interno\/\"]}]},{\"@type\":\"ImageObject\",\"inLanguage\":\"pt-BR\",\"@id\":\"https:\/\/agenciainfra.com\/blog\/comite-interministerial-de-saneamento-basico-divulga-regimento-interno\/#primaryimage\",\"url\":\"https:\/\/agenciainfra.com\/blog\/wp-content\/uploads\/2020\/09\/rogerio-marinho-foto-adalberto-marques-mdr.jpg\",\"contentUrl\":\"https:\/\/agenciainfra.com\/blog\/wp-content\/uploads\/2020\/09\/rogerio-marinho-foto-adalberto-marques-mdr.jpg\",\"width\":1280,\"height\":854,\"caption\":\"Foto: Adalberto Marques\"},{\"@type\":\"BreadcrumbList\",\"@id\":\"https:\/\/agenciainfra.com\/blog\/comite-interministerial-de-saneamento-basico-divulga-regimento-interno\/#breadcrumb\",\"itemListElement\":[{\"@type\":\"ListItem\",\"position\":1,\"name\":\"In\u00edcio\",\"item\":\"https:\/\/agenciainfra.com\/blog\/\"},{\"@type\":\"ListItem\",\"position\":2,\"name\":\"Comit\u00ea Interministerial de Saneamento B\u00e1sico divulga regimento interno\"}]},{\"@type\":\"WebSite\",\"@id\":\"https:\/\/agenciainfra.com\/blog\/#website\",\"url\":\"https:\/\/agenciainfra.com\/blog\/\",\"name\":\"Ag\u00eancia iNFRA\",\"description\":\"Multiplataforma de informa\u00e7\u00e3o jornal\u00edstica refer\u00eancia na \u00e1rea de infraestrutura no Brasil!\",\"publisher\":{\"@id\":\"https:\/\/agenciainfra.com\/blog\/#organization\"},\"potentialAction\":[{\"@type\":\"SearchAction\",\"target\":{\"@type\":\"EntryPoint\",\"urlTemplate\":\"https:\/\/agenciainfra.com\/blog\/?s={search_term_string}\"},\"query-input\":{\"@type\":\"PropertyValueSpecification\",\"valueRequired\":true,\"valueName\":\"search_term_string\"}}],\"inLanguage\":\"pt-BR\"},{\"@type\":\"Organization\",\"@id\":\"https:\/\/agenciainfra.com\/blog\/#organization\",\"name\":\"Ag\u00eancia iNFRA\",\"url\":\"https:\/\/agenciainfra.com\/blog\/\",\"logo\":{\"@type\":\"ImageObject\",\"inLanguage\":\"pt-BR\",\"@id\":\"https:\/\/agenciainfra.com\/blog\/#\/schema\/logo\/image\/\",\"url\":\"https:\/\/agenciainfra.com\/blog\/wp-content\/uploads\/2023\/09\/iNFRA_5-e1761735885940.png\",\"contentUrl\":\"https:\/\/agenciainfra.com\/blog\/wp-content\/uploads\/2023\/09\/iNFRA_5-e1761735885940.png\",\"width\":1672,\"height\":454,\"caption\":\"Ag\u00eancia iNFRA\"},\"image\":{\"@id\":\"https:\/\/agenciainfra.com\/blog\/#\/schema\/logo\/image\/\"},\"sameAs\":[\"https:\/\/www.facebook.com\/ageninfra\",\"https:\/\/x.com\/agencia_infra\",\"https:\/\/www.linkedin.com\/company\/ag\u00eanciainfra\/\",\"https:\/\/www.instagram.com\/agenciainfra\/\"]},{\"@type\":\"Person\",\"@id\":\"https:\/\/agenciainfra.com\/blog\/#\/schema\/person\/04dbb79bd6d8951f063da71f3e4c1eb1\",\"name\":\"Rodrigo Zuquim\",\"image\":{\"@type\":\"ImageObject\",\"inLanguage\":\"pt-BR\",\"@id\":\"https:\/\/agenciainfra.com\/blog\/#\/schema\/person\/image\/\",\"url\":\"https:\/\/secure.gravatar.com\/avatar\/594abfe82761d620726242ff34ca472a705a4b97f16c790053a6b4c4035274d0?s=96&d=mm&r=g\",\"contentUrl\":\"https:\/\/secure.gravatar.com\/avatar\/594abfe82761d620726242ff34ca472a705a4b97f16c790053a6b4c4035274d0?s=96&d=mm&r=g\",\"caption\":\"Rodrigo Zuquim\"},\"url\":\"https:\/\/agenciainfra.com\/blog\/author\/rodrigo-zuquim\/\"}]}<\/script>\n<!-- \/ Yoast SEO Premium plugin. -->","yoast_head_json":{"title":"Comit\u00ea Interministerial de Saneamento B\u00e1sico divulga regimento interno - Ag\u00eancia iNFRA","robots":{"index":"index","follow":"follow","max-snippet":"max-snippet:-1","max-image-preview":"max-image-preview:large","max-video-preview":"max-video-preview:-1"},"canonical":"https:\/\/agenciainfra.com\/blog\/comite-interministerial-de-saneamento-basico-divulga-regimento-interno\/","og_locale":"pt_BR","og_type":"article","og_title":"Comit\u00ea Interministerial de Saneamento B\u00e1sico divulga regimento interno","og_description":"da Ag\u00eancia iNFRA O Minist\u00e9rio do Desenvolvimento Regional aprovou o\u00a0regimento interno do Cisb (Comit\u00ea Interministerial de Saneamento B\u00e1sico).\u00a0Resolu\u00e7\u00e3o 01 do \u00f3rg\u00e3o foi publicada no Di\u00e1rio Oficial da Uni\u00e3o de hoje (8). O Cisb foi criado com o novo marco legal do saneamento b\u00e1sico aprovado pelo Congresso neste ano e, segundo o ato, &#8220;tem por finalidade [&hellip;]","og_url":"https:\/\/agenciainfra.com\/blog\/comite-interministerial-de-saneamento-basico-divulga-regimento-interno\/","og_site_name":"Ag\u00eancia iNFRA","article_publisher":"https:\/\/www.facebook.com\/ageninfra","article_published_time":"2020-09-08T10:37:35+00:00","article_modified_time":"2020-09-08T10:37:39+00:00","og_image":[{"width":1280,"height":854,"url":"https:\/\/agenciainfra.com\/blog\/wp-content\/uploads\/2020\/09\/rogerio-marinho-foto-adalberto-marques-mdr.jpg","type":"image\/jpeg"}],"author":"Rodrigo Zuquim","twitter_card":"summary_large_image","twitter_creator":"@agencia_infra","twitter_site":"@agencia_infra","twitter_misc":{"Escrito por":"Rodrigo Zuquim","Est. tempo de leitura":"1 minuto"},"schema":{"@context":"https:\/\/schema.org","@graph":[{"@type":"Article","@id":"https:\/\/agenciainfra.com\/blog\/comite-interministerial-de-saneamento-basico-divulga-regimento-interno\/#article","isPartOf":{"@id":"https:\/\/agenciainfra.com\/blog\/comite-interministerial-de-saneamento-basico-divulga-regimento-interno\/"},"author":{"name":"Rodrigo Zuquim","@id":"https:\/\/agenciainfra.com\/blog\/#\/schema\/person\/04dbb79bd6d8951f063da71f3e4c1eb1"},"headline":"Comit\u00ea Interministerial de Saneamento B\u00e1sico divulga regimento interno","datePublished":"2020-09-08T10:37:35+00:00","dateModified":"2020-09-08T10:37:39+00:00","mainEntityOfPage":{"@id":"https:\/\/agenciainfra.com\/blog\/comite-interministerial-de-saneamento-basico-divulga-regimento-interno\/"},"wordCount":276,"publisher":{"@id":"https:\/\/agenciainfra.com\/blog\/#organization"},"image":{"@id":"https:\/\/agenciainfra.com\/blog\/comite-interministerial-de-saneamento-basico-divulga-regimento-interno\/#primaryimage"},"thumbnailUrl":"https:\/\/agenciainfra.com\/blog\/wp-content\/uploads\/2020\/09\/rogerio-marinho-foto-adalberto-marques-mdr.jpg","keywords":["CISB","Comit\u00ea Interministerial de Saneamento B\u00e1sico","Minist\u00e9rio do Desenvolvimento Regional","Plano Nacional de Saneamento B\u00e1sico","regimento interno","Saneamento B\u00e1sico"],"articleSection":["Geral","iNFRA Na Transi\u00e7\u00e3o"],"inLanguage":"pt-BR","copyrightYear":"2020","copyrightHolder":{"@id":"https:\/\/agenciainfra.com\/blog\/#organization"}},{"@type":"WebPage","@id":"https:\/\/agenciainfra.com\/blog\/comite-interministerial-de-saneamento-basico-divulga-regimento-interno\/","url":"https:\/\/agenciainfra.com\/blog\/comite-interministerial-de-saneamento-basico-divulga-regimento-interno\/","name":"Comit\u00ea Interministerial de Saneamento B\u00e1sico divulga regimento interno - Ag\u00eancia iNFRA","isPartOf":{"@id":"https:\/\/agenciainfra.com\/blog\/#website"},"primaryImageOfPage":{"@id":"https:\/\/agenciainfra.com\/blog\/comite-interministerial-de-saneamento-basico-divulga-regimento-interno\/#primaryimage"},"image":{"@id":"https:\/\/agenciainfra.com\/blog\/comite-interministerial-de-saneamento-basico-divulga-regimento-interno\/#primaryimage"},"thumbnailUrl":"https:\/\/agenciainfra.com\/blog\/wp-content\/uploads\/2020\/09\/rogerio-marinho-foto-adalberto-marques-mdr.jpg","datePublished":"2020-09-08T10:37:35+00:00","dateModified":"2020-09-08T10:37:39+00:00","breadcrumb":{"@id":"https:\/\/agenciainfra.com\/blog\/comite-interministerial-de-saneamento-basico-divulga-regimento-interno\/#breadcrumb"},"inLanguage":"pt-BR","potentialAction":[{"@type":"ReadAction","target":["https:\/\/agenciainfra.com\/blog\/comite-interministerial-de-saneamento-basico-divulga-regimento-interno\/"]}]},{"@type":"ImageObject","inLanguage":"pt-BR","@id":"https:\/\/agenciainfra.com\/blog\/comite-interministerial-de-saneamento-basico-divulga-regimento-interno\/#primaryimage","url":"https:\/\/agenciainfra.com\/blog\/wp-content\/uploads\/2020\/09\/rogerio-marinho-foto-adalberto-marques-mdr.jpg","contentUrl":"https:\/\/agenciainfra.com\/blog\/wp-content\/uploads\/2020\/09\/rogerio-marinho-foto-adalberto-marques-mdr.jpg","width":1280,"height":854,"caption":"Foto: Adalberto Marques"},{"@type":"BreadcrumbList","@id":"https:\/\/agenciainfra.com\/blog\/comite-interministerial-de-saneamento-basico-divulga-regimento-interno\/#breadcrumb","itemListElement":[{"@type":"ListItem","position":1,"name":"In\u00edcio","item":"https:\/\/agenciainfra.com\/blog\/"},{"@type":"ListItem","position":2,"name":"Comit\u00ea Interministerial de Saneamento B\u00e1sico divulga regimento interno"}]},{"@type":"WebSite","@id":"https:\/\/agenciainfra.com\/blog\/#website","url":"https:\/\/agenciainfra.com\/blog\/","name":"Ag\u00eancia iNFRA","description":"Multiplataforma de informa\u00e7\u00e3o jornal\u00edstica refer\u00eancia na \u00e1rea de infraestrutura no Brasil!","publisher":{"@id":"https:\/\/agenciainfra.com\/blog\/#organization"},"potentialAction":[{"@type":"SearchAction","target":{"@type":"EntryPoint","urlTemplate":"https:\/\/agenciainfra.com\/blog\/?s={search_term_string}"},"query-input":{"@type":"PropertyValueSpecification","valueRequired":true,"valueName":"search_term_string"}}],"inLanguage":"pt-BR"},{"@type":"Organization","@id":"https:\/\/agenciainfra.com\/blog\/#organization","name":"Ag\u00eancia iNFRA","url":"https:\/\/agenciainfra.com\/blog\/","logo":{"@type":"ImageObject","inLanguage":"pt-BR","@id":"https:\/\/agenciainfra.com\/blog\/#\/schema\/logo\/image\/","url":"https:\/\/agenciainfra.com\/blog\/wp-content\/uploads\/2023\/09\/iNFRA_5-e1761735885940.png","contentUrl":"https:\/\/agenciainfra.com\/blog\/wp-content\/uploads\/2023\/09\/iNFRA_5-e1761735885940.png","width":1672,"height":454,"caption":"Ag\u00eancia iNFRA"},"image":{"@id":"https:\/\/agenciainfra.com\/blog\/#\/schema\/logo\/image\/"},"sameAs":["https:\/\/www.facebook.com\/ageninfra","https:\/\/x.com\/agencia_infra","https:\/\/www.linkedin.com\/company\/ag\u00eanciainfra\/","https:\/\/www.instagram.com\/agenciainfra\/"]},{"@type":"Person","@id":"https:\/\/agenciainfra.com\/blog\/#\/schema\/person\/04dbb79bd6d8951f063da71f3e4c1eb1","name":"Rodrigo Zuquim","image":{"@type":"ImageObject","inLanguage":"pt-BR","@id":"https:\/\/agenciainfra.com\/blog\/#\/schema\/person\/image\/","url":"https:\/\/secure.gravatar.com\/avatar\/594abfe82761d620726242ff34ca472a705a4b97f16c790053a6b4c4035274d0?s=96&d=mm&r=g","contentUrl":"https:\/\/secure.gravatar.com\/avatar\/594abfe82761d620726242ff34ca472a705a4b97f16c790053a6b4c4035274d0?s=96&d=mm&r=g","caption":"Rodrigo Zuquim"},"url":"https:\/\/agenciainfra.com\/blog\/author\/rodrigo-zuquim\/"}]}},"_links":{"self":[{"href":"https:\/\/agenciainfra.com\/blog\/wp-json\/wp\/v2\/posts\/5827","targetHints":{"allow":["GET"]}}],"collection":[{"href":"https:\/\/agenciainfra.com\/blog\/wp-json\/wp\/v2\/posts"}],"about":[{"href":"https:\/\/agenciainfra.com\/blog\/wp-json\/wp\/v2\/types\/post"}],"author":[{"embeddable":true,"href":"https:\/\/agenciainfra.com\/blog\/wp-json\/wp\/v2\/users\/9"}],"replies":[{"embeddable":true,"href":"https:\/\/agenciainfra.com\/blog\/wp-json\/wp\/v2\/comments?post=5827"}],"version-history":[{"count":0,"href":"https:\/\/agenciainfra.com\/blog\/wp-json\/wp\/v2\/posts\/5827\/revisions"}],"wp:featuredmedia":[{"embeddable":true,"href":"https:\/\/agenciainfra.com\/blog\/wp-json\/wp\/v2\/media\/5828"}],"wp:attachment":[{"href":"https:\/\/agenciainfra.com\/blog\/wp-json\/wp\/v2\/media?parent=5827"}],"wp:term":[{"taxonomy":"category","embeddable":true,"href":"https:\/\/agenciainfra.com\/blog\/wp-json\/wp\/v2\/categories?post=5827"},{"taxonomy":"post_tag","embeddable":true,"href":"https:\/\/agenciainfra.com\/blog\/wp-json\/wp\/v2\/tags?post=5827"}],"curies":[{"name":"wp","href":"https:\/\/api.w.org\/{rel}","templated":true}]}}