{"id":5851,"date":"2020-09-10T08:00:16","date_gmt":"2020-09-10T11:00:16","guid":{"rendered":"https:\/\/www.agenciainfra.com\/blog\/?p=5851"},"modified":"2020-09-09T14:44:26","modified_gmt":"2020-09-09T17:44:26","slug":"secretaria-do-tcu-sugere-restringir-atuais-concessionarias-de-ferrovias-no-leilao-da-fiol","status":"publish","type":"post","link":"https:\/\/agenciainfra.com\/blog\/secretaria-do-tcu-sugere-restringir-atuais-concessionarias-de-ferrovias-no-leilao-da-fiol\/","title":{"rendered":"Secretaria do TCU sugere restringir atuais concession\u00e1rias de ferrovias no leil\u00e3o da Fiol"},"content":{"rendered":"\n<hr class=\"wp-block-separator\"\/>\n\n\n\n<p class=\"has-text-align-right\"><strong>Dimmi Amora, da&nbsp;Ag\u00eancia iNFRA<\/strong><\/p>\n\n\n\n<p>A SeinfraPortoFerrovia (Secretaria de Infraestrutura de Portos e Ferrovias) do TCU (Tribunal de Contas da Uni\u00e3o) est\u00e1 propondo uma restri\u00e7\u00e3o \u00e0 participa\u00e7\u00e3o das atuais concession\u00e1rias de ferrovias no leil\u00e3o da Fiol (Ferrovia de Integra\u00e7\u00e3o Oeste-Leste), especialmente as ligadas aos grupos Vale e Rumo.<br><br>A proposta consta do mais recente relat\u00f3rio de an\u00e1lise da desestatiza\u00e7\u00e3o desse trecho ferrovi\u00e1rio entre Ilh\u00e9us e Caetit\u00e9 (BA), que o governo tinha como meta licitar neste ano, mas que ap\u00f3s a recente an\u00e1lise da secretaria t\u00e9cnica do tribunal dificilmente haver\u00e1 condi\u00e7\u00f5es para tal.<br><br>Al\u00e9m de solicitar mudan\u00e7as no edital para restringir a participa\u00e7\u00e3o desses grupos, os auditores querem altera\u00e7\u00f5es em mais dois pontos: a f\u00f3rmula de pagamento de outorga pela vencedora e garantias do governo federal de que a vencedora ter\u00e1 \u00e1rea portu\u00e1ria em Ilh\u00e9us (BA) com capacidade para escoamento (detalhes desses dois itens no texto abaixo).<br><br>Os argumentos dos auditores servem de subs\u00eddio aos ministros, mas eles podem lev\u00e1-los ou n\u00e3o em considera\u00e7\u00e3o na hora de decidir sobre o tema. No caso da Ferrovia Norte-Sul, a mais recente ferrovia concedida,&nbsp;os ministros seguiram mais os argumentos do governo que os da secretaria t\u00e9cnica na hora da decis\u00e3o.<br><br>A proposta de licitar a Fiol foi entregue pelo governo no final do ano passado. Uma primeira an\u00e1lise da secretaria tinha sido feita no in\u00edcio de junho. Mas, ap\u00f3s essa conclus\u00e3o, a ANTT (Ag\u00eancia Nacional de Transportes Terrestres) e o Minist\u00e9rio da Infraestrutura, alteraram pontos da proposta para esse trecho da Fiol e anunciaram uma poss\u00edvel concess\u00e3o de trechos seguintes dessa ferrovia, levando-a at\u00e9 o Mato Grosso.<br><br>Com isso, os t\u00e9cnicos identificaram risco de &#8220;concentra\u00e7\u00e3o excessiva&#8221; do setor e foram feitos questionamentos \u00e0 ag\u00eancia sobre o tema. A ANTT respondeu n\u00e3o pretender criar qualquer restri\u00e7\u00e3o \u00e0 participa\u00e7\u00e3o de empresas no leil\u00e3o da&nbsp;chamada Fiol&nbsp;1 por entender que isso restringiria a competitividade.<br><br><strong>Competitividade x concorr\u00eancia<\/strong><br>Os auditores do TCU ponderaram que, para o caso, o princ\u00edpio da competitividade do leil\u00e3o deve ser sopesado em rela\u00e7\u00e3o ao princ\u00edpio da prote\u00e7\u00e3o da concorr\u00eancia e da defesa dos usu\u00e1rios, que teria um peso maior diante do atual mercado ferrovi\u00e1rio, na avalia\u00e7\u00e3o deles.<br><br>Na vis\u00e3o dos auditores, a Vale j\u00e1 domina a sa\u00edda pelo Norte do pa\u00eds, com o acesso ao porto de Itaqui (MA). A Rumo domina o acesso a Santos (SP) com a Malha Paulista. Na configura\u00e7\u00e3o que a Fiol est\u00e1 ganhando, ela seria a ferrovia que daria um 3\u00ba&nbsp;acesso portu\u00e1rio ao pa\u00eds, ampliando a concorr\u00eancia para o setor, especialmente o agr\u00edcola.<br><br>S\u00e3o apontados, ainda, outros setores de infraestrutura que imp\u00f5e restri\u00e7\u00f5es \u00e0 concorr\u00eancia nos leil\u00e3o para evitar concentra\u00e7\u00e3o de mercado, entre eles o pr\u00f3prio Minist\u00e9rio da Infraestrutura, que recentemente determinou que empresas que j\u00e1 tivessem posi\u00e7\u00e3o relevante num mercado portu\u00e1rio n\u00e3o poderiam levar mais de um terminal.<br><br>&#8220;Pode-se perceber que a situa\u00e7\u00e3o do setor ferrovi\u00e1rio brasileiro em muito se assemelha com a verificada no caso dos arrendamentos de terminais para movimenta\u00e7\u00e3o de celulose no Porto de Santos\/SP, haja vista o mercado se encontrar dividido atualmente em apenas duas empresas. Constata-se a configura\u00e7\u00e3o de um duop\u00f3lio entre os grupos Rumo e Vale, na presta\u00e7\u00e3o do servi\u00e7o de transporte ferrovi\u00e1rio de gran\u00e9is destinados \u00e0 exporta\u00e7\u00e3o, na regi\u00e3o de interesse&#8221;, informa o relat\u00f3rio.<br><br><strong>Opera\u00e7\u00e3o com OFI<\/strong><br>Sobre a opera\u00e7\u00e3o da ferrovia, que j\u00e1 vai completar 10 anos de obras inconclusas, o TCU afirma que governo pode permitir que a Valec, concession\u00e1ria da ferrovia que vai fazer uma subconcess\u00e3o, permita o uso dela por um operador ferrovi\u00e1rio independente e que esse pode at\u00e9 mesmo concluir as obras (faltam pouco mais de 20%) num contrato espec\u00edfico de usu\u00e1rio investidor.<br><br>Al\u00e9m de indicar ao relator, ministro Aroldo Cedraz, a limita\u00e7\u00e3o da participa\u00e7\u00e3o das empresas que j\u00e1 atuam no mercado, os auditores tamb\u00e9m solicitaram a introdu\u00e7\u00e3o de cl\u00e1usula para que essas empresas n\u00e3o possam assumir o controle da concession\u00e1ria.<br><br>O ministro Cedraz encaminhou os questionamentos dos auditores ao governo. Em sess\u00e3o p\u00fablica com os ministros da casa h\u00e1 duas semanas, Cedraz, que \u00e9 da Bahia, apresentou de forma sucinta o andamento da Fiol e disse que eram necess\u00e1rias an\u00e1lises mais aprofundadas.<\/p>\n","protected":false},"excerpt":{"rendered":"<p>Dimmi Amora, da&nbsp;Ag\u00eancia iNFRA A SeinfraPortoFerrovia (Secretaria de Infraestrutura de Portos e Ferrovias) do TCU (Tribunal de Contas da Uni\u00e3o) est\u00e1 propondo uma restri\u00e7\u00e3o \u00e0 participa\u00e7\u00e3o das atuais concession\u00e1rias de ferrovias no leil\u00e3o da Fiol (Ferrovia de Integra\u00e7\u00e3o Oeste-Leste), especialmente as ligadas aos grupos Vale e Rumo. A proposta consta do mais recente relat\u00f3rio de [&hellip;]<\/p>\n","protected":false},"author":9,"featured_media":5852,"comment_status":"closed","ping_status":"closed","sticky":false,"template":"","format":"standard","meta":{"_monsterinsights_skip_tracking":false,"_monsterinsights_sitenote_active":false,"_monsterinsights_sitenote_note":"","_monsterinsights_sitenote_category":0,"footnotes":""},"categories":[1,7],"tags":[19,1205,31,120,156,254,775,80,2369,18,83,160],"class_list":["post-5851","post","type-post","status-publish","format-standard","has-post-thumbnail","hentry","category-geral","category-infratransporte","tag-antt","tag-aroldo-cedraz","tag-ferrovia-norte-sul","tag-ferrovias","tag-fiol","tag-leilao","tag-ministerio-da-infraestrutura","tag-rumo","tag-seinfraportoferrovia","tag-tcu","tag-vale","tag-valec"],"yoast_head":"<!-- This site is optimized with the Yoast SEO Premium plugin v25.4 (Yoast SEO v26.0) - https:\/\/yoast.com\/wordpress\/plugins\/seo\/ -->\n<title>Secretaria do TCU sugere restringir atuais concession\u00e1rias de ferrovias no leil\u00e3o da Fiol - Ag\u00eancia iNFRA<\/title>\n<meta name=\"robots\" content=\"index, follow, max-snippet:-1, max-image-preview:large, max-video-preview:-1\" \/>\n<link rel=\"canonical\" href=\"https:\/\/agenciainfra.com\/blog\/secretaria-do-tcu-sugere-restringir-atuais-concessionarias-de-ferrovias-no-leilao-da-fiol\/\" \/>\n<meta property=\"og:locale\" content=\"pt_BR\" \/>\n<meta property=\"og:type\" content=\"article\" \/>\n<meta property=\"og:title\" content=\"Secretaria do TCU sugere restringir atuais concession\u00e1rias de ferrovias no leil\u00e3o da Fiol\" \/>\n<meta property=\"og:description\" content=\"Dimmi Amora, da&nbsp;Ag\u00eancia iNFRA A SeinfraPortoFerrovia (Secretaria de Infraestrutura de Portos e Ferrovias) do TCU (Tribunal de Contas da Uni\u00e3o) est\u00e1 propondo uma restri\u00e7\u00e3o \u00e0 participa\u00e7\u00e3o das atuais concession\u00e1rias de ferrovias no leil\u00e3o da Fiol (Ferrovia de Integra\u00e7\u00e3o Oeste-Leste), especialmente as ligadas aos grupos Vale e Rumo. A proposta consta do mais recente relat\u00f3rio de [&hellip;]\" \/>\n<meta property=\"og:url\" content=\"https:\/\/agenciainfra.com\/blog\/secretaria-do-tcu-sugere-restringir-atuais-concessionarias-de-ferrovias-no-leilao-da-fiol\/\" \/>\n<meta property=\"og:site_name\" content=\"Ag\u00eancia iNFRA\" \/>\n<meta property=\"article:publisher\" content=\"https:\/\/www.facebook.com\/ageninfra\" \/>\n<meta property=\"article:published_time\" content=\"2020-09-10T11:00:16+00:00\" \/>\n<meta property=\"og:image\" content=\"https:\/\/agenciainfra.com\/blog\/wp-content\/uploads\/2020\/09\/linha-ferrea-trilho-ferrovia-foto-dominio-publico.jpg\" \/>\n\t<meta property=\"og:image:width\" content=\"1280\" \/>\n\t<meta property=\"og:image:height\" content=\"960\" \/>\n\t<meta property=\"og:image:type\" content=\"image\/jpeg\" \/>\n<meta name=\"author\" content=\"Rodrigo Zuquim\" \/>\n<meta name=\"twitter:card\" content=\"summary_large_image\" \/>\n<meta name=\"twitter:creator\" content=\"@agencia_infra\" \/>\n<meta name=\"twitter:site\" content=\"@agencia_infra\" \/>\n<meta name=\"twitter:label1\" content=\"Escrito por\" \/>\n\t<meta name=\"twitter:data1\" content=\"Rodrigo Zuquim\" \/>\n\t<meta name=\"twitter:label2\" content=\"Est. tempo de leitura\" \/>\n\t<meta name=\"twitter:data2\" content=\"4 minutos\" \/>\n<script type=\"application\/ld+json\" class=\"yoast-schema-graph\">{\"@context\":\"https:\/\/schema.org\",\"@graph\":[{\"@type\":\"Article\",\"@id\":\"https:\/\/agenciainfra.com\/blog\/secretaria-do-tcu-sugere-restringir-atuais-concessionarias-de-ferrovias-no-leilao-da-fiol\/#article\",\"isPartOf\":{\"@id\":\"https:\/\/agenciainfra.com\/blog\/secretaria-do-tcu-sugere-restringir-atuais-concessionarias-de-ferrovias-no-leilao-da-fiol\/\"},\"author\":{\"name\":\"Rodrigo Zuquim\",\"@id\":\"https:\/\/agenciainfra.com\/blog\/#\/schema\/person\/04dbb79bd6d8951f063da71f3e4c1eb1\"},\"headline\":\"Secretaria do TCU sugere restringir atuais concession\u00e1rias de ferrovias no leil\u00e3o da Fiol\",\"datePublished\":\"2020-09-10T11:00:16+00:00\",\"mainEntityOfPage\":{\"@id\":\"https:\/\/agenciainfra.com\/blog\/secretaria-do-tcu-sugere-restringir-atuais-concessionarias-de-ferrovias-no-leilao-da-fiol\/\"},\"wordCount\":796,\"publisher\":{\"@id\":\"https:\/\/agenciainfra.com\/blog\/#organization\"},\"image\":{\"@id\":\"https:\/\/agenciainfra.com\/blog\/secretaria-do-tcu-sugere-restringir-atuais-concessionarias-de-ferrovias-no-leilao-da-fiol\/#primaryimage\"},\"thumbnailUrl\":\"https:\/\/agenciainfra.com\/blog\/wp-content\/uploads\/2020\/09\/linha-ferrea-trilho-ferrovia-foto-dominio-publico.jpg\",\"keywords\":[\"ANTT\",\"Aroldo Cedraz\",\"Ferrovia Norte-Sul\",\"Ferrovias\",\"FIOL\",\"leil\u00e3o\",\"Minist\u00e9rio da Infraestrutura\",\"Rumo\",\"SeinfraPortoFerrovia\",\"TCU\",\"Vale\",\"Valec\"],\"articleSection\":[\"Geral\",\"iNFRATransporte\"],\"inLanguage\":\"pt-BR\",\"copyrightYear\":\"2020\",\"copyrightHolder\":{\"@id\":\"https:\/\/agenciainfra.com\/blog\/#organization\"}},{\"@type\":\"WebPage\",\"@id\":\"https:\/\/agenciainfra.com\/blog\/secretaria-do-tcu-sugere-restringir-atuais-concessionarias-de-ferrovias-no-leilao-da-fiol\/\",\"url\":\"https:\/\/agenciainfra.com\/blog\/secretaria-do-tcu-sugere-restringir-atuais-concessionarias-de-ferrovias-no-leilao-da-fiol\/\",\"name\":\"Secretaria do TCU sugere restringir atuais concession\u00e1rias de ferrovias no leil\u00e3o da Fiol - Ag\u00eancia iNFRA\",\"isPartOf\":{\"@id\":\"https:\/\/agenciainfra.com\/blog\/#website\"},\"primaryImageOfPage\":{\"@id\":\"https:\/\/agenciainfra.com\/blog\/secretaria-do-tcu-sugere-restringir-atuais-concessionarias-de-ferrovias-no-leilao-da-fiol\/#primaryimage\"},\"image\":{\"@id\":\"https:\/\/agenciainfra.com\/blog\/secretaria-do-tcu-sugere-restringir-atuais-concessionarias-de-ferrovias-no-leilao-da-fiol\/#primaryimage\"},\"thumbnailUrl\":\"https:\/\/agenciainfra.com\/blog\/wp-content\/uploads\/2020\/09\/linha-ferrea-trilho-ferrovia-foto-dominio-publico.jpg\",\"datePublished\":\"2020-09-10T11:00:16+00:00\",\"breadcrumb\":{\"@id\":\"https:\/\/agenciainfra.com\/blog\/secretaria-do-tcu-sugere-restringir-atuais-concessionarias-de-ferrovias-no-leilao-da-fiol\/#breadcrumb\"},\"inLanguage\":\"pt-BR\",\"potentialAction\":[{\"@type\":\"ReadAction\",\"target\":[\"https:\/\/agenciainfra.com\/blog\/secretaria-do-tcu-sugere-restringir-atuais-concessionarias-de-ferrovias-no-leilao-da-fiol\/\"]}]},{\"@type\":\"ImageObject\",\"inLanguage\":\"pt-BR\",\"@id\":\"https:\/\/agenciainfra.com\/blog\/secretaria-do-tcu-sugere-restringir-atuais-concessionarias-de-ferrovias-no-leilao-da-fiol\/#primaryimage\",\"url\":\"https:\/\/agenciainfra.com\/blog\/wp-content\/uploads\/2020\/09\/linha-ferrea-trilho-ferrovia-foto-dominio-publico.jpg\",\"contentUrl\":\"https:\/\/agenciainfra.com\/blog\/wp-content\/uploads\/2020\/09\/linha-ferrea-trilho-ferrovia-foto-dominio-publico.jpg\",\"width\":1280,\"height\":960,\"caption\":\"Foto: Dom\u00ednio P\u00fablico\"},{\"@type\":\"BreadcrumbList\",\"@id\":\"https:\/\/agenciainfra.com\/blog\/secretaria-do-tcu-sugere-restringir-atuais-concessionarias-de-ferrovias-no-leilao-da-fiol\/#breadcrumb\",\"itemListElement\":[{\"@type\":\"ListItem\",\"position\":1,\"name\":\"In\u00edcio\",\"item\":\"https:\/\/agenciainfra.com\/blog\/\"},{\"@type\":\"ListItem\",\"position\":2,\"name\":\"Secretaria do TCU sugere restringir atuais concession\u00e1rias de ferrovias no leil\u00e3o da Fiol\"}]},{\"@type\":\"WebSite\",\"@id\":\"https:\/\/agenciainfra.com\/blog\/#website\",\"url\":\"https:\/\/agenciainfra.com\/blog\/\",\"name\":\"Ag\u00eancia iNFRA\",\"description\":\"Multiplataforma de informa\u00e7\u00e3o jornal\u00edstica refer\u00eancia na \u00e1rea de infraestrutura no Brasil!\",\"publisher\":{\"@id\":\"https:\/\/agenciainfra.com\/blog\/#organization\"},\"potentialAction\":[{\"@type\":\"SearchAction\",\"target\":{\"@type\":\"EntryPoint\",\"urlTemplate\":\"https:\/\/agenciainfra.com\/blog\/?s={search_term_string}\"},\"query-input\":{\"@type\":\"PropertyValueSpecification\",\"valueRequired\":true,\"valueName\":\"search_term_string\"}}],\"inLanguage\":\"pt-BR\"},{\"@type\":\"Organization\",\"@id\":\"https:\/\/agenciainfra.com\/blog\/#organization\",\"name\":\"Ag\u00eancia iNFRA\",\"url\":\"https:\/\/agenciainfra.com\/blog\/\",\"logo\":{\"@type\":\"ImageObject\",\"inLanguage\":\"pt-BR\",\"@id\":\"https:\/\/agenciainfra.com\/blog\/#\/schema\/logo\/image\/\",\"url\":\"https:\/\/agenciainfra.com\/blog\/wp-content\/uploads\/2023\/09\/iNFRA_5-e1761735885940.png\",\"contentUrl\":\"https:\/\/agenciainfra.com\/blog\/wp-content\/uploads\/2023\/09\/iNFRA_5-e1761735885940.png\",\"width\":1672,\"height\":454,\"caption\":\"Ag\u00eancia iNFRA\"},\"image\":{\"@id\":\"https:\/\/agenciainfra.com\/blog\/#\/schema\/logo\/image\/\"},\"sameAs\":[\"https:\/\/www.facebook.com\/ageninfra\",\"https:\/\/x.com\/agencia_infra\",\"https:\/\/www.linkedin.com\/company\/ag\u00eanciainfra\/\",\"https:\/\/www.instagram.com\/agenciainfra\/\"]},{\"@type\":\"Person\",\"@id\":\"https:\/\/agenciainfra.com\/blog\/#\/schema\/person\/04dbb79bd6d8951f063da71f3e4c1eb1\",\"name\":\"Rodrigo Zuquim\",\"image\":{\"@type\":\"ImageObject\",\"inLanguage\":\"pt-BR\",\"@id\":\"https:\/\/agenciainfra.com\/blog\/#\/schema\/person\/image\/\",\"url\":\"https:\/\/secure.gravatar.com\/avatar\/594abfe82761d620726242ff34ca472a705a4b97f16c790053a6b4c4035274d0?s=96&d=mm&r=g\",\"contentUrl\":\"https:\/\/secure.gravatar.com\/avatar\/594abfe82761d620726242ff34ca472a705a4b97f16c790053a6b4c4035274d0?s=96&d=mm&r=g\",\"caption\":\"Rodrigo Zuquim\"},\"url\":\"https:\/\/agenciainfra.com\/blog\/author\/rodrigo-zuquim\/\"}]}<\/script>\n<!-- \/ Yoast SEO Premium plugin. -->","yoast_head_json":{"title":"Secretaria do TCU sugere restringir atuais concession\u00e1rias de ferrovias no leil\u00e3o da Fiol - Ag\u00eancia iNFRA","robots":{"index":"index","follow":"follow","max-snippet":"max-snippet:-1","max-image-preview":"max-image-preview:large","max-video-preview":"max-video-preview:-1"},"canonical":"https:\/\/agenciainfra.com\/blog\/secretaria-do-tcu-sugere-restringir-atuais-concessionarias-de-ferrovias-no-leilao-da-fiol\/","og_locale":"pt_BR","og_type":"article","og_title":"Secretaria do TCU sugere restringir atuais concession\u00e1rias de ferrovias no leil\u00e3o da Fiol","og_description":"Dimmi Amora, da&nbsp;Ag\u00eancia iNFRA A SeinfraPortoFerrovia (Secretaria de Infraestrutura de Portos e Ferrovias) do TCU (Tribunal de Contas da Uni\u00e3o) est\u00e1 propondo uma restri\u00e7\u00e3o \u00e0 participa\u00e7\u00e3o das atuais concession\u00e1rias de ferrovias no leil\u00e3o da Fiol (Ferrovia de Integra\u00e7\u00e3o Oeste-Leste), especialmente as ligadas aos grupos Vale e Rumo. A proposta consta do mais recente relat\u00f3rio de [&hellip;]","og_url":"https:\/\/agenciainfra.com\/blog\/secretaria-do-tcu-sugere-restringir-atuais-concessionarias-de-ferrovias-no-leilao-da-fiol\/","og_site_name":"Ag\u00eancia iNFRA","article_publisher":"https:\/\/www.facebook.com\/ageninfra","article_published_time":"2020-09-10T11:00:16+00:00","og_image":[{"width":1280,"height":960,"url":"https:\/\/agenciainfra.com\/blog\/wp-content\/uploads\/2020\/09\/linha-ferrea-trilho-ferrovia-foto-dominio-publico.jpg","type":"image\/jpeg"}],"author":"Rodrigo Zuquim","twitter_card":"summary_large_image","twitter_creator":"@agencia_infra","twitter_site":"@agencia_infra","twitter_misc":{"Escrito por":"Rodrigo Zuquim","Est. tempo de leitura":"4 minutos"},"schema":{"@context":"https:\/\/schema.org","@graph":[{"@type":"Article","@id":"https:\/\/agenciainfra.com\/blog\/secretaria-do-tcu-sugere-restringir-atuais-concessionarias-de-ferrovias-no-leilao-da-fiol\/#article","isPartOf":{"@id":"https:\/\/agenciainfra.com\/blog\/secretaria-do-tcu-sugere-restringir-atuais-concessionarias-de-ferrovias-no-leilao-da-fiol\/"},"author":{"name":"Rodrigo Zuquim","@id":"https:\/\/agenciainfra.com\/blog\/#\/schema\/person\/04dbb79bd6d8951f063da71f3e4c1eb1"},"headline":"Secretaria do TCU sugere restringir atuais concession\u00e1rias de ferrovias no leil\u00e3o da Fiol","datePublished":"2020-09-10T11:00:16+00:00","mainEntityOfPage":{"@id":"https:\/\/agenciainfra.com\/blog\/secretaria-do-tcu-sugere-restringir-atuais-concessionarias-de-ferrovias-no-leilao-da-fiol\/"},"wordCount":796,"publisher":{"@id":"https:\/\/agenciainfra.com\/blog\/#organization"},"image":{"@id":"https:\/\/agenciainfra.com\/blog\/secretaria-do-tcu-sugere-restringir-atuais-concessionarias-de-ferrovias-no-leilao-da-fiol\/#primaryimage"},"thumbnailUrl":"https:\/\/agenciainfra.com\/blog\/wp-content\/uploads\/2020\/09\/linha-ferrea-trilho-ferrovia-foto-dominio-publico.jpg","keywords":["ANTT","Aroldo Cedraz","Ferrovia Norte-Sul","Ferrovias","FIOL","leil\u00e3o","Minist\u00e9rio da Infraestrutura","Rumo","SeinfraPortoFerrovia","TCU","Vale","Valec"],"articleSection":["Geral","iNFRATransporte"],"inLanguage":"pt-BR","copyrightYear":"2020","copyrightHolder":{"@id":"https:\/\/agenciainfra.com\/blog\/#organization"}},{"@type":"WebPage","@id":"https:\/\/agenciainfra.com\/blog\/secretaria-do-tcu-sugere-restringir-atuais-concessionarias-de-ferrovias-no-leilao-da-fiol\/","url":"https:\/\/agenciainfra.com\/blog\/secretaria-do-tcu-sugere-restringir-atuais-concessionarias-de-ferrovias-no-leilao-da-fiol\/","name":"Secretaria do TCU sugere restringir atuais concession\u00e1rias de ferrovias no leil\u00e3o da Fiol - Ag\u00eancia iNFRA","isPartOf":{"@id":"https:\/\/agenciainfra.com\/blog\/#website"},"primaryImageOfPage":{"@id":"https:\/\/agenciainfra.com\/blog\/secretaria-do-tcu-sugere-restringir-atuais-concessionarias-de-ferrovias-no-leilao-da-fiol\/#primaryimage"},"image":{"@id":"https:\/\/agenciainfra.com\/blog\/secretaria-do-tcu-sugere-restringir-atuais-concessionarias-de-ferrovias-no-leilao-da-fiol\/#primaryimage"},"thumbnailUrl":"https:\/\/agenciainfra.com\/blog\/wp-content\/uploads\/2020\/09\/linha-ferrea-trilho-ferrovia-foto-dominio-publico.jpg","datePublished":"2020-09-10T11:00:16+00:00","breadcrumb":{"@id":"https:\/\/agenciainfra.com\/blog\/secretaria-do-tcu-sugere-restringir-atuais-concessionarias-de-ferrovias-no-leilao-da-fiol\/#breadcrumb"},"inLanguage":"pt-BR","potentialAction":[{"@type":"ReadAction","target":["https:\/\/agenciainfra.com\/blog\/secretaria-do-tcu-sugere-restringir-atuais-concessionarias-de-ferrovias-no-leilao-da-fiol\/"]}]},{"@type":"ImageObject","inLanguage":"pt-BR","@id":"https:\/\/agenciainfra.com\/blog\/secretaria-do-tcu-sugere-restringir-atuais-concessionarias-de-ferrovias-no-leilao-da-fiol\/#primaryimage","url":"https:\/\/agenciainfra.com\/blog\/wp-content\/uploads\/2020\/09\/linha-ferrea-trilho-ferrovia-foto-dominio-publico.jpg","contentUrl":"https:\/\/agenciainfra.com\/blog\/wp-content\/uploads\/2020\/09\/linha-ferrea-trilho-ferrovia-foto-dominio-publico.jpg","width":1280,"height":960,"caption":"Foto: Dom\u00ednio P\u00fablico"},{"@type":"BreadcrumbList","@id":"https:\/\/agenciainfra.com\/blog\/secretaria-do-tcu-sugere-restringir-atuais-concessionarias-de-ferrovias-no-leilao-da-fiol\/#breadcrumb","itemListElement":[{"@type":"ListItem","position":1,"name":"In\u00edcio","item":"https:\/\/agenciainfra.com\/blog\/"},{"@type":"ListItem","position":2,"name":"Secretaria do TCU sugere restringir atuais concession\u00e1rias de ferrovias no leil\u00e3o da Fiol"}]},{"@type":"WebSite","@id":"https:\/\/agenciainfra.com\/blog\/#website","url":"https:\/\/agenciainfra.com\/blog\/","name":"Ag\u00eancia iNFRA","description":"Multiplataforma de informa\u00e7\u00e3o jornal\u00edstica refer\u00eancia na \u00e1rea de infraestrutura no Brasil!","publisher":{"@id":"https:\/\/agenciainfra.com\/blog\/#organization"},"potentialAction":[{"@type":"SearchAction","target":{"@type":"EntryPoint","urlTemplate":"https:\/\/agenciainfra.com\/blog\/?s={search_term_string}"},"query-input":{"@type":"PropertyValueSpecification","valueRequired":true,"valueName":"search_term_string"}}],"inLanguage":"pt-BR"},{"@type":"Organization","@id":"https:\/\/agenciainfra.com\/blog\/#organization","name":"Ag\u00eancia iNFRA","url":"https:\/\/agenciainfra.com\/blog\/","logo":{"@type":"ImageObject","inLanguage":"pt-BR","@id":"https:\/\/agenciainfra.com\/blog\/#\/schema\/logo\/image\/","url":"https:\/\/agenciainfra.com\/blog\/wp-content\/uploads\/2023\/09\/iNFRA_5-e1761735885940.png","contentUrl":"https:\/\/agenciainfra.com\/blog\/wp-content\/uploads\/2023\/09\/iNFRA_5-e1761735885940.png","width":1672,"height":454,"caption":"Ag\u00eancia iNFRA"},"image":{"@id":"https:\/\/agenciainfra.com\/blog\/#\/schema\/logo\/image\/"},"sameAs":["https:\/\/www.facebook.com\/ageninfra","https:\/\/x.com\/agencia_infra","https:\/\/www.linkedin.com\/company\/ag\u00eanciainfra\/","https:\/\/www.instagram.com\/agenciainfra\/"]},{"@type":"Person","@id":"https:\/\/agenciainfra.com\/blog\/#\/schema\/person\/04dbb79bd6d8951f063da71f3e4c1eb1","name":"Rodrigo Zuquim","image":{"@type":"ImageObject","inLanguage":"pt-BR","@id":"https:\/\/agenciainfra.com\/blog\/#\/schema\/person\/image\/","url":"https:\/\/secure.gravatar.com\/avatar\/594abfe82761d620726242ff34ca472a705a4b97f16c790053a6b4c4035274d0?s=96&d=mm&r=g","contentUrl":"https:\/\/secure.gravatar.com\/avatar\/594abfe82761d620726242ff34ca472a705a4b97f16c790053a6b4c4035274d0?s=96&d=mm&r=g","caption":"Rodrigo Zuquim"},"url":"https:\/\/agenciainfra.com\/blog\/author\/rodrigo-zuquim\/"}]}},"_links":{"self":[{"href":"https:\/\/agenciainfra.com\/blog\/wp-json\/wp\/v2\/posts\/5851","targetHints":{"allow":["GET"]}}],"collection":[{"href":"https:\/\/agenciainfra.com\/blog\/wp-json\/wp\/v2\/posts"}],"about":[{"href":"https:\/\/agenciainfra.com\/blog\/wp-json\/wp\/v2\/types\/post"}],"author":[{"embeddable":true,"href":"https:\/\/agenciainfra.com\/blog\/wp-json\/wp\/v2\/users\/9"}],"replies":[{"embeddable":true,"href":"https:\/\/agenciainfra.com\/blog\/wp-json\/wp\/v2\/comments?post=5851"}],"version-history":[{"count":0,"href":"https:\/\/agenciainfra.com\/blog\/wp-json\/wp\/v2\/posts\/5851\/revisions"}],"wp:featuredmedia":[{"embeddable":true,"href":"https:\/\/agenciainfra.com\/blog\/wp-json\/wp\/v2\/media\/5852"}],"wp:attachment":[{"href":"https:\/\/agenciainfra.com\/blog\/wp-json\/wp\/v2\/media?parent=5851"}],"wp:term":[{"taxonomy":"category","embeddable":true,"href":"https:\/\/agenciainfra.com\/blog\/wp-json\/wp\/v2\/categories?post=5851"},{"taxonomy":"post_tag","embeddable":true,"href":"https:\/\/agenciainfra.com\/blog\/wp-json\/wp\/v2\/tags?post=5851"}],"curies":[{"name":"wp","href":"https:\/\/api.w.org\/{rel}","templated":true}]}}