{"id":5854,"date":"2020-09-10T08:00:07","date_gmt":"2020-09-10T11:00:07","guid":{"rendered":"https:\/\/www.agenciainfra.com\/blog\/?p=5854"},"modified":"2020-09-09T15:29:42","modified_gmt":"2020-09-09T18:29:42","slug":"modelo-de-outorga-variavel-e-falta-de-porto-sao-contestados-em-proposta-para-concessao-da-fiol","status":"publish","type":"post","link":"https:\/\/agenciainfra.com\/blog\/modelo-de-outorga-variavel-e-falta-de-porto-sao-contestados-em-proposta-para-concessao-da-fiol\/","title":{"rendered":"Modelo de outorga vari\u00e1vel e falta de porto em proposta para concess\u00e3o da Fiol s\u00e3o contestados"},"content":{"rendered":"\n<hr class=\"wp-block-separator\"\/>\n\n\n\n<p class=\"has-text-align-right\"><strong>da Ag\u00eancia iNFRA<\/strong><\/p>\n\n\n\n<p>A SeinfraPortoFerrovia indicou ao ministro relator, Aroldo Cedraz, dois temas que devem ser alterados em rela\u00e7\u00e3o \u00e0 proposta da ANTT (Ag\u00eancia Nacional de Transportes Terrestres) para concess\u00e3o da Fiol: o modelo de outorga vari\u00e1vel e a falta de previs\u00e3o de uma \u00e1rea portu\u00e1ria federal em Ilh\u00e9us.<\/p>\n\n\n\n<p>No caso da outorga, a ANTT mudou a forma que havia sido proposta inicialmente. Houve uma rec\u00e1lculo de v\u00e1rios itens da concess\u00e3o \u2013 que aumentaram o VPL (Valor Presente L\u00edquido) de R$ 143 milh\u00f5es para R$ 316 milh\u00f5es. O VPL seria o valor da outorga m\u00ednima.<\/p>\n\n\n\n<p>Mas a proposta inicial era que o&nbsp;pagamento da outorga da concess\u00e3o fosse de 10% da oferta no ato e os 90% restantes em 30 anos em parcelas fixas. Na nova proposta, os 90% seriam pagos em percentual da receita bruta da concession\u00e1ria (3,69%).<\/p>\n\n\n\n<p>Para os t\u00e9cnicos, o governos est\u00e1 assumindo um risco de demanda da concess\u00e3o e possivelmente incentivando comportamento da futura concession\u00e1ria de n\u00e3o realizar uma opera\u00e7\u00e3o ou at\u00e9 mesmo n\u00e3o concluir as obras.<\/p>\n\n\n\n<p>Os auditores recomendam ao relator que se volte ao modelo anterior ou que, em caso de permitir que a ANTT fa\u00e7a pelo modelo de compartilhamento de risco de demanda, fa\u00e7a ajustes para deixar mais claro no contrato o que \u00e9 o valor da outorga e crie uma f\u00f3rmula para calcular o que \u00e9 a receita operacional bruta.<\/p>\n\n\n\n<p><strong>Terminal portu\u00e1rio<\/strong><br>Outra determina\u00e7\u00e3o nessa&nbsp;\u00e1rea seria para evitar o chamado pre\u00e7o de transfer\u00eancia, ou seja, se a concession\u00e1ria for do mesmo grupo econ\u00f4mico de uma empresa que transporta a carga, ela poderia reduzir o pre\u00e7o do transporte artificialmente e diminuir assim a outorga a ser paga.<\/p>\n\n\n\n<p>No caso do terminal portu\u00e1rio, o TCU aponta que o governo da Bahia, que ficou respons\u00e1vel por entregar um TUP (terminal privado) para a operacionaliza\u00e7\u00e3o da Fiol, est\u00e1 com dificuldades nas desapropria\u00e7\u00f5es e isso seria risco para quem quer entrar no neg\u00f3cio. A determina\u00e7\u00e3o \u00e9 para que o governo federal garanta uma \u00e1rea portu\u00e1ria a quem vencer a disputa.<\/p>\n\n\n\n<p><strong>Ferrogr\u00e3o em an\u00e1lise&nbsp;<\/strong><br>A outra ferrovia da qual o governo j\u00e1 encaminhou os estudos para an\u00e1lise pr\u00e9via do TCU antes do leil\u00e3o \u00e9 a Ferrogr\u00e3o. Ap\u00f3s quase tr\u00eas anos de aberta&nbsp;a audi\u00eancia p\u00fablica para esta concess\u00e3o, em julho deste ano, a proposta final foi encaminhada ao \u00f3rg\u00e3o de controle.<\/p>\n\n\n\n<p>Em quase 45 dias de an\u00e1lise, os auditores do TCU e do governo est\u00e3o na fase de troca de informa\u00e7\u00f5es (dilig\u00eancias). O projeto da Ferrogr\u00e3o \u00e9 considerado ainda mais complexo do que o da Fiol ou da Ferrovia Norte-Sul, que ficaram por meses em an\u00e1lise pelo tribunal.<\/p>\n\n\n\n<p>Mas o TCU n\u00e3o \u00e9 a etapa considerada mais complexa dessa concess\u00e3o, que quer ligar a regi\u00e3o produtora de gr\u00e3os do Norte do Mato Grosso ao Rio Tapaj\u00f3s, no Par\u00e1, para que os produtos possam ser levados at\u00e9 o Rio Amazonas em barca\u00e7as.\u00a0<\/p>\n\n\n\n<p>Nas audi\u00eancias realizadas ao longo de dez dias com mais de 20 interessados no projeto, as empresas questionaram mais sobre os riscos ambientais e de demanda nesse projeto. A reportagem sobre o tema est\u00e1&nbsp;<a href=\"https:\/\/agenciainfra.us14.list-manage.com\/track\/click?u=d460dd1bcf9ba0ae040e1fc0f&amp;id=3655539d91&amp;e=c099169394\" target=\"_blank\" rel=\"noreferrer noopener\">neste link<\/a>.<\/p>\n","protected":false},"excerpt":{"rendered":"<p>da Ag\u00eancia iNFRA A SeinfraPortoFerrovia indicou ao ministro relator, Aroldo Cedraz, dois temas que devem ser alterados em rela\u00e7\u00e3o \u00e0 proposta da ANTT (Ag\u00eancia Nacional de Transportes Terrestres) para concess\u00e3o da Fiol: o modelo de outorga vari\u00e1vel e a falta de previs\u00e3o de uma \u00e1rea portu\u00e1ria federal em Ilh\u00e9us. No caso da outorga, a ANTT [&hellip;]<\/p>\n","protected":false},"author":9,"featured_media":5855,"comment_status":"closed","ping_status":"closed","sticky":false,"template":"","format":"standard","meta":{"_monsterinsights_skip_tracking":false,"_monsterinsights_sitenote_active":false,"_monsterinsights_sitenote_note":"","_monsterinsights_sitenote_category":0,"footnotes":""},"categories":[1,7],"tags":[19,1205,22,158,156,2650,91,2369,18],"class_list":["post-5854","post","type-post","status-publish","format-standard","has-post-thumbnail","hentry","category-geral","category-infratransporte","tag-antt","tag-aroldo-cedraz","tag-concessao","tag-ferrograo","tag-fiol","tag-outorga-variavel","tag-porto","tag-seinfraportoferrovia","tag-tcu"],"yoast_head":"<!-- This site is optimized with the Yoast SEO Premium plugin v25.4 (Yoast SEO v26.0) - https:\/\/yoast.com\/wordpress\/plugins\/seo\/ -->\n<title>Modelo de outorga vari\u00e1vel e falta de porto em proposta para concess\u00e3o da Fiol s\u00e3o contestados - Ag\u00eancia iNFRA<\/title>\n<meta name=\"robots\" content=\"index, follow, max-snippet:-1, max-image-preview:large, max-video-preview:-1\" \/>\n<link rel=\"canonical\" href=\"https:\/\/agenciainfra.com\/blog\/modelo-de-outorga-variavel-e-falta-de-porto-sao-contestados-em-proposta-para-concessao-da-fiol\/\" \/>\n<meta property=\"og:locale\" content=\"pt_BR\" \/>\n<meta property=\"og:type\" content=\"article\" \/>\n<meta property=\"og:title\" content=\"Modelo de outorga vari\u00e1vel e falta de porto em proposta para concess\u00e3o da Fiol s\u00e3o contestados\" \/>\n<meta property=\"og:description\" content=\"da Ag\u00eancia iNFRA A SeinfraPortoFerrovia indicou ao ministro relator, Aroldo Cedraz, dois temas que devem ser alterados em rela\u00e7\u00e3o \u00e0 proposta da ANTT (Ag\u00eancia Nacional de Transportes Terrestres) para concess\u00e3o da Fiol: o modelo de outorga vari\u00e1vel e a falta de previs\u00e3o de uma \u00e1rea portu\u00e1ria federal em Ilh\u00e9us. No caso da outorga, a ANTT [&hellip;]\" \/>\n<meta property=\"og:url\" content=\"https:\/\/agenciainfra.com\/blog\/modelo-de-outorga-variavel-e-falta-de-porto-sao-contestados-em-proposta-para-concessao-da-fiol\/\" \/>\n<meta property=\"og:site_name\" content=\"Ag\u00eancia iNFRA\" \/>\n<meta property=\"article:publisher\" content=\"https:\/\/www.facebook.com\/ageninfra\" \/>\n<meta property=\"article:published_time\" content=\"2020-09-10T11:00:07+00:00\" \/>\n<meta property=\"og:image\" content=\"https:\/\/agenciainfra.com\/blog\/wp-content\/uploads\/2020\/09\/aroldo-cedraz-foto-jose-cruz-agencia-brasil.jpg\" \/>\n\t<meta property=\"og:image:width\" content=\"1280\" \/>\n\t<meta property=\"og:image:height\" content=\"853\" \/>\n\t<meta property=\"og:image:type\" content=\"image\/jpeg\" \/>\n<meta name=\"author\" content=\"Rodrigo Zuquim\" \/>\n<meta name=\"twitter:card\" content=\"summary_large_image\" \/>\n<meta name=\"twitter:creator\" content=\"@agencia_infra\" \/>\n<meta name=\"twitter:site\" content=\"@agencia_infra\" \/>\n<meta name=\"twitter:label1\" content=\"Escrito por\" \/>\n\t<meta name=\"twitter:data1\" content=\"Rodrigo Zuquim\" \/>\n\t<meta name=\"twitter:label2\" content=\"Est. tempo de leitura\" \/>\n\t<meta name=\"twitter:data2\" content=\"3 minutos\" \/>\n<script type=\"application\/ld+json\" class=\"yoast-schema-graph\">{\"@context\":\"https:\/\/schema.org\",\"@graph\":[{\"@type\":\"Article\",\"@id\":\"https:\/\/agenciainfra.com\/blog\/modelo-de-outorga-variavel-e-falta-de-porto-sao-contestados-em-proposta-para-concessao-da-fiol\/#article\",\"isPartOf\":{\"@id\":\"https:\/\/agenciainfra.com\/blog\/modelo-de-outorga-variavel-e-falta-de-porto-sao-contestados-em-proposta-para-concessao-da-fiol\/\"},\"author\":{\"name\":\"Rodrigo Zuquim\",\"@id\":\"https:\/\/agenciainfra.com\/blog\/#\/schema\/person\/04dbb79bd6d8951f063da71f3e4c1eb1\"},\"headline\":\"Modelo de outorga vari\u00e1vel e falta de porto em proposta para concess\u00e3o da Fiol s\u00e3o contestados\",\"datePublished\":\"2020-09-10T11:00:07+00:00\",\"mainEntityOfPage\":{\"@id\":\"https:\/\/agenciainfra.com\/blog\/modelo-de-outorga-variavel-e-falta-de-porto-sao-contestados-em-proposta-para-concessao-da-fiol\/\"},\"wordCount\":582,\"publisher\":{\"@id\":\"https:\/\/agenciainfra.com\/blog\/#organization\"},\"image\":{\"@id\":\"https:\/\/agenciainfra.com\/blog\/modelo-de-outorga-variavel-e-falta-de-porto-sao-contestados-em-proposta-para-concessao-da-fiol\/#primaryimage\"},\"thumbnailUrl\":\"https:\/\/agenciainfra.com\/blog\/wp-content\/uploads\/2020\/09\/aroldo-cedraz-foto-jose-cruz-agencia-brasil.jpg\",\"keywords\":[\"ANTT\",\"Aroldo Cedraz\",\"Concess\u00e3o\",\"Ferrogr\u00e3o\",\"FIOL\",\"outorga vari\u00e1vel\",\"PORTO\",\"SeinfraPortoFerrovia\",\"TCU\"],\"articleSection\":[\"Geral\",\"iNFRATransporte\"],\"inLanguage\":\"pt-BR\",\"copyrightYear\":\"2020\",\"copyrightHolder\":{\"@id\":\"https:\/\/agenciainfra.com\/blog\/#organization\"}},{\"@type\":\"WebPage\",\"@id\":\"https:\/\/agenciainfra.com\/blog\/modelo-de-outorga-variavel-e-falta-de-porto-sao-contestados-em-proposta-para-concessao-da-fiol\/\",\"url\":\"https:\/\/agenciainfra.com\/blog\/modelo-de-outorga-variavel-e-falta-de-porto-sao-contestados-em-proposta-para-concessao-da-fiol\/\",\"name\":\"Modelo de outorga vari\u00e1vel e falta de porto em proposta para concess\u00e3o da Fiol s\u00e3o contestados - Ag\u00eancia iNFRA\",\"isPartOf\":{\"@id\":\"https:\/\/agenciainfra.com\/blog\/#website\"},\"primaryImageOfPage\":{\"@id\":\"https:\/\/agenciainfra.com\/blog\/modelo-de-outorga-variavel-e-falta-de-porto-sao-contestados-em-proposta-para-concessao-da-fiol\/#primaryimage\"},\"image\":{\"@id\":\"https:\/\/agenciainfra.com\/blog\/modelo-de-outorga-variavel-e-falta-de-porto-sao-contestados-em-proposta-para-concessao-da-fiol\/#primaryimage\"},\"thumbnailUrl\":\"https:\/\/agenciainfra.com\/blog\/wp-content\/uploads\/2020\/09\/aroldo-cedraz-foto-jose-cruz-agencia-brasil.jpg\",\"datePublished\":\"2020-09-10T11:00:07+00:00\",\"breadcrumb\":{\"@id\":\"https:\/\/agenciainfra.com\/blog\/modelo-de-outorga-variavel-e-falta-de-porto-sao-contestados-em-proposta-para-concessao-da-fiol\/#breadcrumb\"},\"inLanguage\":\"pt-BR\",\"potentialAction\":[{\"@type\":\"ReadAction\",\"target\":[\"https:\/\/agenciainfra.com\/blog\/modelo-de-outorga-variavel-e-falta-de-porto-sao-contestados-em-proposta-para-concessao-da-fiol\/\"]}]},{\"@type\":\"ImageObject\",\"inLanguage\":\"pt-BR\",\"@id\":\"https:\/\/agenciainfra.com\/blog\/modelo-de-outorga-variavel-e-falta-de-porto-sao-contestados-em-proposta-para-concessao-da-fiol\/#primaryimage\",\"url\":\"https:\/\/agenciainfra.com\/blog\/wp-content\/uploads\/2020\/09\/aroldo-cedraz-foto-jose-cruz-agencia-brasil.jpg\",\"contentUrl\":\"https:\/\/agenciainfra.com\/blog\/wp-content\/uploads\/2020\/09\/aroldo-cedraz-foto-jose-cruz-agencia-brasil.jpg\",\"width\":1280,\"height\":853},{\"@type\":\"BreadcrumbList\",\"@id\":\"https:\/\/agenciainfra.com\/blog\/modelo-de-outorga-variavel-e-falta-de-porto-sao-contestados-em-proposta-para-concessao-da-fiol\/#breadcrumb\",\"itemListElement\":[{\"@type\":\"ListItem\",\"position\":1,\"name\":\"In\u00edcio\",\"item\":\"https:\/\/agenciainfra.com\/blog\/\"},{\"@type\":\"ListItem\",\"position\":2,\"name\":\"Modelo de outorga vari\u00e1vel e falta de porto em proposta para concess\u00e3o da Fiol s\u00e3o contestados\"}]},{\"@type\":\"WebSite\",\"@id\":\"https:\/\/agenciainfra.com\/blog\/#website\",\"url\":\"https:\/\/agenciainfra.com\/blog\/\",\"name\":\"Ag\u00eancia iNFRA\",\"description\":\"Multiplataforma de informa\u00e7\u00e3o jornal\u00edstica refer\u00eancia na \u00e1rea de infraestrutura no Brasil!\",\"publisher\":{\"@id\":\"https:\/\/agenciainfra.com\/blog\/#organization\"},\"potentialAction\":[{\"@type\":\"SearchAction\",\"target\":{\"@type\":\"EntryPoint\",\"urlTemplate\":\"https:\/\/agenciainfra.com\/blog\/?s={search_term_string}\"},\"query-input\":{\"@type\":\"PropertyValueSpecification\",\"valueRequired\":true,\"valueName\":\"search_term_string\"}}],\"inLanguage\":\"pt-BR\"},{\"@type\":\"Organization\",\"@id\":\"https:\/\/agenciainfra.com\/blog\/#organization\",\"name\":\"Ag\u00eancia iNFRA\",\"url\":\"https:\/\/agenciainfra.com\/blog\/\",\"logo\":{\"@type\":\"ImageObject\",\"inLanguage\":\"pt-BR\",\"@id\":\"https:\/\/agenciainfra.com\/blog\/#\/schema\/logo\/image\/\",\"url\":\"https:\/\/agenciainfra.com\/blog\/wp-content\/uploads\/2023\/09\/iNFRA_5-e1761735885940.png\",\"contentUrl\":\"https:\/\/agenciainfra.com\/blog\/wp-content\/uploads\/2023\/09\/iNFRA_5-e1761735885940.png\",\"width\":1672,\"height\":454,\"caption\":\"Ag\u00eancia iNFRA\"},\"image\":{\"@id\":\"https:\/\/agenciainfra.com\/blog\/#\/schema\/logo\/image\/\"},\"sameAs\":[\"https:\/\/www.facebook.com\/ageninfra\",\"https:\/\/x.com\/agencia_infra\",\"https:\/\/www.linkedin.com\/company\/ag\u00eanciainfra\/\",\"https:\/\/www.instagram.com\/agenciainfra\/\"]},{\"@type\":\"Person\",\"@id\":\"https:\/\/agenciainfra.com\/blog\/#\/schema\/person\/04dbb79bd6d8951f063da71f3e4c1eb1\",\"name\":\"Rodrigo Zuquim\",\"image\":{\"@type\":\"ImageObject\",\"inLanguage\":\"pt-BR\",\"@id\":\"https:\/\/agenciainfra.com\/blog\/#\/schema\/person\/image\/\",\"url\":\"https:\/\/secure.gravatar.com\/avatar\/594abfe82761d620726242ff34ca472a705a4b97f16c790053a6b4c4035274d0?s=96&d=mm&r=g\",\"contentUrl\":\"https:\/\/secure.gravatar.com\/avatar\/594abfe82761d620726242ff34ca472a705a4b97f16c790053a6b4c4035274d0?s=96&d=mm&r=g\",\"caption\":\"Rodrigo Zuquim\"},\"url\":\"https:\/\/agenciainfra.com\/blog\/author\/rodrigo-zuquim\/\"}]}<\/script>\n<!-- \/ Yoast SEO Premium plugin. -->","yoast_head_json":{"title":"Modelo de outorga vari\u00e1vel e falta de porto em proposta para concess\u00e3o da Fiol s\u00e3o contestados - Ag\u00eancia iNFRA","robots":{"index":"index","follow":"follow","max-snippet":"max-snippet:-1","max-image-preview":"max-image-preview:large","max-video-preview":"max-video-preview:-1"},"canonical":"https:\/\/agenciainfra.com\/blog\/modelo-de-outorga-variavel-e-falta-de-porto-sao-contestados-em-proposta-para-concessao-da-fiol\/","og_locale":"pt_BR","og_type":"article","og_title":"Modelo de outorga vari\u00e1vel e falta de porto em proposta para concess\u00e3o da Fiol s\u00e3o contestados","og_description":"da Ag\u00eancia iNFRA A SeinfraPortoFerrovia indicou ao ministro relator, Aroldo Cedraz, dois temas que devem ser alterados em rela\u00e7\u00e3o \u00e0 proposta da ANTT (Ag\u00eancia Nacional de Transportes Terrestres) para concess\u00e3o da Fiol: o modelo de outorga vari\u00e1vel e a falta de previs\u00e3o de uma \u00e1rea portu\u00e1ria federal em Ilh\u00e9us. No caso da outorga, a ANTT [&hellip;]","og_url":"https:\/\/agenciainfra.com\/blog\/modelo-de-outorga-variavel-e-falta-de-porto-sao-contestados-em-proposta-para-concessao-da-fiol\/","og_site_name":"Ag\u00eancia iNFRA","article_publisher":"https:\/\/www.facebook.com\/ageninfra","article_published_time":"2020-09-10T11:00:07+00:00","og_image":[{"width":1280,"height":853,"url":"https:\/\/agenciainfra.com\/blog\/wp-content\/uploads\/2020\/09\/aroldo-cedraz-foto-jose-cruz-agencia-brasil.jpg","type":"image\/jpeg"}],"author":"Rodrigo Zuquim","twitter_card":"summary_large_image","twitter_creator":"@agencia_infra","twitter_site":"@agencia_infra","twitter_misc":{"Escrito por":"Rodrigo Zuquim","Est. tempo de leitura":"3 minutos"},"schema":{"@context":"https:\/\/schema.org","@graph":[{"@type":"Article","@id":"https:\/\/agenciainfra.com\/blog\/modelo-de-outorga-variavel-e-falta-de-porto-sao-contestados-em-proposta-para-concessao-da-fiol\/#article","isPartOf":{"@id":"https:\/\/agenciainfra.com\/blog\/modelo-de-outorga-variavel-e-falta-de-porto-sao-contestados-em-proposta-para-concessao-da-fiol\/"},"author":{"name":"Rodrigo Zuquim","@id":"https:\/\/agenciainfra.com\/blog\/#\/schema\/person\/04dbb79bd6d8951f063da71f3e4c1eb1"},"headline":"Modelo de outorga vari\u00e1vel e falta de porto em proposta para concess\u00e3o da Fiol s\u00e3o contestados","datePublished":"2020-09-10T11:00:07+00:00","mainEntityOfPage":{"@id":"https:\/\/agenciainfra.com\/blog\/modelo-de-outorga-variavel-e-falta-de-porto-sao-contestados-em-proposta-para-concessao-da-fiol\/"},"wordCount":582,"publisher":{"@id":"https:\/\/agenciainfra.com\/blog\/#organization"},"image":{"@id":"https:\/\/agenciainfra.com\/blog\/modelo-de-outorga-variavel-e-falta-de-porto-sao-contestados-em-proposta-para-concessao-da-fiol\/#primaryimage"},"thumbnailUrl":"https:\/\/agenciainfra.com\/blog\/wp-content\/uploads\/2020\/09\/aroldo-cedraz-foto-jose-cruz-agencia-brasil.jpg","keywords":["ANTT","Aroldo Cedraz","Concess\u00e3o","Ferrogr\u00e3o","FIOL","outorga vari\u00e1vel","PORTO","SeinfraPortoFerrovia","TCU"],"articleSection":["Geral","iNFRATransporte"],"inLanguage":"pt-BR","copyrightYear":"2020","copyrightHolder":{"@id":"https:\/\/agenciainfra.com\/blog\/#organization"}},{"@type":"WebPage","@id":"https:\/\/agenciainfra.com\/blog\/modelo-de-outorga-variavel-e-falta-de-porto-sao-contestados-em-proposta-para-concessao-da-fiol\/","url":"https:\/\/agenciainfra.com\/blog\/modelo-de-outorga-variavel-e-falta-de-porto-sao-contestados-em-proposta-para-concessao-da-fiol\/","name":"Modelo de outorga vari\u00e1vel e falta de porto em proposta para concess\u00e3o da Fiol s\u00e3o contestados - Ag\u00eancia iNFRA","isPartOf":{"@id":"https:\/\/agenciainfra.com\/blog\/#website"},"primaryImageOfPage":{"@id":"https:\/\/agenciainfra.com\/blog\/modelo-de-outorga-variavel-e-falta-de-porto-sao-contestados-em-proposta-para-concessao-da-fiol\/#primaryimage"},"image":{"@id":"https:\/\/agenciainfra.com\/blog\/modelo-de-outorga-variavel-e-falta-de-porto-sao-contestados-em-proposta-para-concessao-da-fiol\/#primaryimage"},"thumbnailUrl":"https:\/\/agenciainfra.com\/blog\/wp-content\/uploads\/2020\/09\/aroldo-cedraz-foto-jose-cruz-agencia-brasil.jpg","datePublished":"2020-09-10T11:00:07+00:00","breadcrumb":{"@id":"https:\/\/agenciainfra.com\/blog\/modelo-de-outorga-variavel-e-falta-de-porto-sao-contestados-em-proposta-para-concessao-da-fiol\/#breadcrumb"},"inLanguage":"pt-BR","potentialAction":[{"@type":"ReadAction","target":["https:\/\/agenciainfra.com\/blog\/modelo-de-outorga-variavel-e-falta-de-porto-sao-contestados-em-proposta-para-concessao-da-fiol\/"]}]},{"@type":"ImageObject","inLanguage":"pt-BR","@id":"https:\/\/agenciainfra.com\/blog\/modelo-de-outorga-variavel-e-falta-de-porto-sao-contestados-em-proposta-para-concessao-da-fiol\/#primaryimage","url":"https:\/\/agenciainfra.com\/blog\/wp-content\/uploads\/2020\/09\/aroldo-cedraz-foto-jose-cruz-agencia-brasil.jpg","contentUrl":"https:\/\/agenciainfra.com\/blog\/wp-content\/uploads\/2020\/09\/aroldo-cedraz-foto-jose-cruz-agencia-brasil.jpg","width":1280,"height":853},{"@type":"BreadcrumbList","@id":"https:\/\/agenciainfra.com\/blog\/modelo-de-outorga-variavel-e-falta-de-porto-sao-contestados-em-proposta-para-concessao-da-fiol\/#breadcrumb","itemListElement":[{"@type":"ListItem","position":1,"name":"In\u00edcio","item":"https:\/\/agenciainfra.com\/blog\/"},{"@type":"ListItem","position":2,"name":"Modelo de outorga vari\u00e1vel e falta de porto em proposta para concess\u00e3o da Fiol s\u00e3o contestados"}]},{"@type":"WebSite","@id":"https:\/\/agenciainfra.com\/blog\/#website","url":"https:\/\/agenciainfra.com\/blog\/","name":"Ag\u00eancia iNFRA","description":"Multiplataforma de informa\u00e7\u00e3o jornal\u00edstica refer\u00eancia na \u00e1rea de infraestrutura no Brasil!","publisher":{"@id":"https:\/\/agenciainfra.com\/blog\/#organization"},"potentialAction":[{"@type":"SearchAction","target":{"@type":"EntryPoint","urlTemplate":"https:\/\/agenciainfra.com\/blog\/?s={search_term_string}"},"query-input":{"@type":"PropertyValueSpecification","valueRequired":true,"valueName":"search_term_string"}}],"inLanguage":"pt-BR"},{"@type":"Organization","@id":"https:\/\/agenciainfra.com\/blog\/#organization","name":"Ag\u00eancia iNFRA","url":"https:\/\/agenciainfra.com\/blog\/","logo":{"@type":"ImageObject","inLanguage":"pt-BR","@id":"https:\/\/agenciainfra.com\/blog\/#\/schema\/logo\/image\/","url":"https:\/\/agenciainfra.com\/blog\/wp-content\/uploads\/2023\/09\/iNFRA_5-e1761735885940.png","contentUrl":"https:\/\/agenciainfra.com\/blog\/wp-content\/uploads\/2023\/09\/iNFRA_5-e1761735885940.png","width":1672,"height":454,"caption":"Ag\u00eancia iNFRA"},"image":{"@id":"https:\/\/agenciainfra.com\/blog\/#\/schema\/logo\/image\/"},"sameAs":["https:\/\/www.facebook.com\/ageninfra","https:\/\/x.com\/agencia_infra","https:\/\/www.linkedin.com\/company\/ag\u00eanciainfra\/","https:\/\/www.instagram.com\/agenciainfra\/"]},{"@type":"Person","@id":"https:\/\/agenciainfra.com\/blog\/#\/schema\/person\/04dbb79bd6d8951f063da71f3e4c1eb1","name":"Rodrigo Zuquim","image":{"@type":"ImageObject","inLanguage":"pt-BR","@id":"https:\/\/agenciainfra.com\/blog\/#\/schema\/person\/image\/","url":"https:\/\/secure.gravatar.com\/avatar\/594abfe82761d620726242ff34ca472a705a4b97f16c790053a6b4c4035274d0?s=96&d=mm&r=g","contentUrl":"https:\/\/secure.gravatar.com\/avatar\/594abfe82761d620726242ff34ca472a705a4b97f16c790053a6b4c4035274d0?s=96&d=mm&r=g","caption":"Rodrigo Zuquim"},"url":"https:\/\/agenciainfra.com\/blog\/author\/rodrigo-zuquim\/"}]}},"_links":{"self":[{"href":"https:\/\/agenciainfra.com\/blog\/wp-json\/wp\/v2\/posts\/5854","targetHints":{"allow":["GET"]}}],"collection":[{"href":"https:\/\/agenciainfra.com\/blog\/wp-json\/wp\/v2\/posts"}],"about":[{"href":"https:\/\/agenciainfra.com\/blog\/wp-json\/wp\/v2\/types\/post"}],"author":[{"embeddable":true,"href":"https:\/\/agenciainfra.com\/blog\/wp-json\/wp\/v2\/users\/9"}],"replies":[{"embeddable":true,"href":"https:\/\/agenciainfra.com\/blog\/wp-json\/wp\/v2\/comments?post=5854"}],"version-history":[{"count":0,"href":"https:\/\/agenciainfra.com\/blog\/wp-json\/wp\/v2\/posts\/5854\/revisions"}],"wp:featuredmedia":[{"embeddable":true,"href":"https:\/\/agenciainfra.com\/blog\/wp-json\/wp\/v2\/media\/5855"}],"wp:attachment":[{"href":"https:\/\/agenciainfra.com\/blog\/wp-json\/wp\/v2\/media?parent=5854"}],"wp:term":[{"taxonomy":"category","embeddable":true,"href":"https:\/\/agenciainfra.com\/blog\/wp-json\/wp\/v2\/categories?post=5854"},{"taxonomy":"post_tag","embeddable":true,"href":"https:\/\/agenciainfra.com\/blog\/wp-json\/wp\/v2\/tags?post=5854"}],"curies":[{"name":"wp","href":"https:\/\/api.w.org\/{rel}","templated":true}]}}