{"id":5864,"date":"2020-09-12T08:00:00","date_gmt":"2020-09-12T11:00:00","guid":{"rendered":"https:\/\/www.agenciainfra.com\/blog\/?p=5864"},"modified":"2020-09-10T12:25:46","modified_gmt":"2020-09-10T15:25:46","slug":"sem-acesso-a-dados-completos-governo-prorroga-estudos-para-relicitacao-de-viracopos","status":"publish","type":"post","link":"https:\/\/agenciainfra.com\/blog\/sem-acesso-a-dados-completos-governo-prorroga-estudos-para-relicitacao-de-viracopos\/","title":{"rendered":"Sem acesso a dados completos, governo prorroga estudos para relicita\u00e7\u00e3o de Viracopos"},"content":{"rendered":"\n<hr class=\"wp-block-separator\"\/>\n\n\n\n<p class=\"has-text-align-right\"><strong>Dimmi Amora, da&nbsp;Ag\u00eancia iNFRA<\/strong><\/p>\n\n\n\n<p>A SAC (Secretaria de\u00a0Avia\u00e7\u00e3o Civil) do Minist\u00e9rio da Infraestrutura teve que ampliar para at\u00e9 18 de janeiro de 2021 o prazo dado aos cons\u00f3rcios habilitados para a PMI (Proposi\u00e7\u00e3o de Manifesta\u00e7\u00e3o de Interesse) dos estudos da relicita\u00e7\u00e3o do aeroporto de Viracopos (SP) apresentarem suas propostas. O ato est\u00e1 dispon\u00edvel\u00a0<a rel=\"noreferrer noopener\" href=\"https:\/\/agenciainfra.us14.list-manage.com\/track\/click?u=d460dd1bcf9ba0ae040e1fc0f&amp;id=c44a9e9339&amp;e=c099169394\" target=\"_blank\">neste link<\/a>.<br><br>Os levantamentos tinham que ser entregues at\u00e9 a \u00faltima ter\u00e7a-feira (8). Os cons\u00f3rcios alegaram que n\u00e3o tiveram acesso a dados completos da concess\u00e3o, tornando imposs\u00edvel a realiza\u00e7\u00e3o dos estudos de viabilidade para a relicita\u00e7\u00e3o do aeroporto, segundo apurou a\u00a0<strong>Ag\u00eancia iNFRA<\/strong>\u00a0junto a tr\u00eas agentes envolvidos nessa opera\u00e7\u00e3o.<br><br>Em nota, a SAC informa que\u00a0&#8220;a\u00a0nova data para entrega dos estudos\u00a0leva em conta o prazo final para assinatura do termo aditivo entre concession\u00e1ria e a ANAC (Ag\u00eancia Nacional de Avia\u00e7\u00e3o Civil), em outubro, prevendo mais 90 dias&#8221; e diz que o leil\u00e3o da relicita\u00e7\u00e3o segue previsto para o\u00a03\u00ba\u00a0trimestre de 2021.<br><br>Em resposta a questionamento da\u00a0<strong>Ag\u00eancia iNFRA<\/strong>, a Aeroportos Brasil informou que &#8220;os materiais sobre os dados confidenciais do aeroporto j\u00e1 est\u00e3o disponibilizados para a SAC num Data Room, s\u00f3 restando as partes (SAC e empresas que far\u00e3o o estudo) assinarem um Termo de Confidencialidade para terem acesso aos dados confidenciais&#8221;.<br><br>Formada no lado privado pelas empresas Triunfo, UTC e Egis e no lado p\u00fablico pela Infraero, a\u00a0Aeroportos Brasil foi, na pr\u00e1tica, for\u00e7ada a aceitar entrar no processo de devolu\u00e7\u00e3o amig\u00e1vel num acordo durante o processo de recupera\u00e7\u00e3o judicial a que se submeteu at\u00e9 o in\u00edcio deste ano. Como a ANAC e o BNDES eram os maiores credores, direcionaram a solu\u00e7\u00e3o das d\u00edvidas com a devolu\u00e7\u00e3o amig\u00e1vel.\u00a0<br><br>Mas \u00e9 justamente a d\u00edvida da concession\u00e1ria para a implanta\u00e7\u00e3o do novo aeroporto que agora tem levado a uma lentid\u00e3o nas tratativas para que a empresa e a ANAC assinem o termo aditivo que, na pr\u00e1tica, \u00e9 o ponto de partida oficial para a relicita\u00e7\u00e3o, que tem prazo de dois anos para acontecer ap\u00f3s a qualifica\u00e7\u00e3o da proposta no PPI (Programa de Parcerias de Investimentos).<br><br><strong>Vantajosidade na Economia<\/strong><br>Ap\u00f3s a proposta ter sido enquadrada no PPI em 16 de julho deste ano, foi dado prazo de 90 dias para que o aditivo fosse assinado. Esse aditivo depende de uma an\u00e1lise de vantajosidade para a administra\u00e7\u00e3o p\u00fablica em assin\u00e1-lo, que, pelo decreto de qualifica\u00e7\u00e3o, ser\u00e1 feita pelo Minist\u00e9rio da Economia.<br><br>Faltando menos de 40 dias para o fim do prazo, essa an\u00e1lise ainda n\u00e3o est\u00e1 pronta e h\u00e1 certo temor de a Economia, que sempre se mostrou contr\u00e1ria a indenizar os ativos das concession\u00e1rias que pedem para devolver, d\u00ea parecer indicando que as d\u00edvidas n\u00e3o seriam\u00a0assumidas pelo novo concession\u00e1rio vencedor do futuro leil\u00e3o.\u00a0<br><br>As negocia\u00e7\u00f5es est\u00e3o &#8220;muito complicadas&#8221;, nas palavras de um agente ouvido pela\u00a0<strong>Ag\u00eancia iNFRA<\/strong>, e o que fazer com a\u00a0d\u00edvida \u00e9 um dificultador para o seguimento das negocia\u00e7\u00f5es. A avalia\u00e7\u00e3o \u00e9 que h\u00e1 risco real de n\u00e3o ser concretizada a devolu\u00e7\u00e3o.<br><br>A Aeroportos Brasil informou que &#8220;existe uma minuta do Termo Aditivo, ainda confidencial, que est\u00e1 circulando entre as partes e reuni\u00f5es est\u00e3o ocorrendo para se chegar a um consenso&#8221;.<br><br>A ANAC informou que\u00a0est\u00e1 &#8220;negociando o aditivo contratual em que devem constar, entre outros elementos pertinentes, as regras que reger\u00e3o a extin\u00e7\u00e3o do Contrato atual e a transi\u00e7\u00e3o das opera\u00e7\u00f5es para um novo operador. O aditivo de relicita\u00e7\u00e3o ainda n\u00e3o foi assinado pelas partes&#8221; e que tomar\u00e1 &#8220;provid\u00eancias administrativas para a ratifica\u00e7\u00e3o do aditivo, com prazo final at\u00e9 o dia 15 de outubro&#8221;.<br><br><strong>Inadimpl\u00eancias<\/strong><br>Se n\u00e3o houver acordo para a devolu\u00e7\u00e3o amig\u00e1vel, a concess\u00e3o pode ir para a caducidade por descumprimentos contratuais, um processo considerado ainda mais longo e complexo que a devolu\u00e7\u00e3o. A concession\u00e1ria e o governo j\u00e1 est\u00e3o em disputa judicial e arbitral\u00a0por causa dos descumprimentos de parte a parte do contrato assinado em 2012.<br><br>A alega\u00e7\u00e3o do governo \u00e9 que a concession\u00e1ria deixou de pagar as outorgas propostas no leil\u00e3o. Na \u00e9poca da recupera\u00e7\u00e3o judicial, essa d\u00edvida, iniciada a partir de 2017, era estimada em R$ 600 milh\u00f5es.\u00a0<br><br>Segundo a concession\u00e1ria, somente pelo fato de as desapropria\u00e7\u00f5es n\u00e3o terem sido feitas no tempo do contrato, seu preju\u00edzo teria sido de R$ 2,5 bilh\u00f5es. Apenas 20% da \u00e1rea prometida pelo governo foi entregue. A Aeroportos Brasil apresentou os argumentos dela num documento, dispon\u00edvel\u00a0<a rel=\"noreferrer noopener\" href=\"https:\/\/agenciainfra.us14.list-manage.com\/track\/click?u=d460dd1bcf9ba0ae040e1fc0f&amp;id=ec957944dc&amp;e=c099169394\" target=\"_blank\">neste link<\/a>.<\/p>\n","protected":false},"excerpt":{"rendered":"<p>Dimmi Amora, da&nbsp;Ag\u00eancia iNFRA A SAC (Secretaria de\u00a0Avia\u00e7\u00e3o Civil) do Minist\u00e9rio da Infraestrutura teve que ampliar para at\u00e9 18 de janeiro de 2021 o prazo dado aos cons\u00f3rcios habilitados para a PMI (Proposi\u00e7\u00e3o de Manifesta\u00e7\u00e3o de Interesse) dos estudos da relicita\u00e7\u00e3o do aeroporto de Viracopos (SP) apresentarem suas propostas. O ato est\u00e1 dispon\u00edvel\u00a0neste link. Os [&hellip;]<\/p>\n","protected":false},"author":9,"featured_media":5865,"comment_status":"closed","ping_status":"closed","sticky":false,"template":"","format":"standard","meta":{"_monsterinsights_skip_tracking":false,"_monsterinsights_sitenote_active":false,"_monsterinsights_sitenote_note":"","_monsterinsights_sitenote_category":0,"footnotes":""},"categories":[1,7],"tags":[1079,242,103,245,1277,2660,61,775,36,1027,517,2659,1963,241],"class_list":["post-5864","post","type-post","status-publish","format-standard","has-post-thumbnail","hentry","category-geral","category-infratransporte","tag-aeroportos-brasil","tag-anac","tag-bndes","tag-caducidade","tag-devolucao-amigavel","tag-egis","tag-infraero","tag-ministerio-da-infraestrutura","tag-ppi","tag-relicitacao","tag-triunfo","tag-utc","tag-vantajosidade","tag-viracopos"],"yoast_head":"<!-- This site is optimized with the Yoast SEO Premium plugin v25.4 (Yoast SEO v26.0) - https:\/\/yoast.com\/wordpress\/plugins\/seo\/ -->\n<title>Sem acesso a dados completos, governo prorroga estudos para relicita\u00e7\u00e3o de Viracopos - Ag\u00eancia iNFRA<\/title>\n<meta name=\"robots\" content=\"index, follow, max-snippet:-1, max-image-preview:large, max-video-preview:-1\" \/>\n<link rel=\"canonical\" href=\"https:\/\/agenciainfra.com\/blog\/sem-acesso-a-dados-completos-governo-prorroga-estudos-para-relicitacao-de-viracopos\/\" \/>\n<meta property=\"og:locale\" content=\"pt_BR\" \/>\n<meta property=\"og:type\" content=\"article\" \/>\n<meta property=\"og:title\" content=\"Sem acesso a dados completos, governo prorroga estudos para relicita\u00e7\u00e3o de Viracopos\" \/>\n<meta property=\"og:description\" content=\"Dimmi Amora, da&nbsp;Ag\u00eancia iNFRA A SAC (Secretaria de\u00a0Avia\u00e7\u00e3o Civil) do Minist\u00e9rio da Infraestrutura teve que ampliar para at\u00e9 18 de janeiro de 2021 o prazo dado aos cons\u00f3rcios habilitados para a PMI (Proposi\u00e7\u00e3o de Manifesta\u00e7\u00e3o de Interesse) dos estudos da relicita\u00e7\u00e3o do aeroporto de Viracopos (SP) apresentarem suas propostas. O ato est\u00e1 dispon\u00edvel\u00a0neste link. Os [&hellip;]\" \/>\n<meta property=\"og:url\" content=\"https:\/\/agenciainfra.com\/blog\/sem-acesso-a-dados-completos-governo-prorroga-estudos-para-relicitacao-de-viracopos\/\" \/>\n<meta property=\"og:site_name\" content=\"Ag\u00eancia iNFRA\" \/>\n<meta property=\"article:publisher\" content=\"https:\/\/www.facebook.com\/ageninfra\" \/>\n<meta property=\"article:published_time\" content=\"2020-09-12T11:00:00+00:00\" \/>\n<meta property=\"og:image\" content=\"https:\/\/agenciainfra.com\/blog\/wp-content\/uploads\/2020\/09\/aeroporto-de-viracopos-foto-ppi.jpeg\" \/>\n\t<meta property=\"og:image:width\" content=\"1280\" \/>\n\t<meta property=\"og:image:height\" content=\"847\" \/>\n\t<meta property=\"og:image:type\" content=\"image\/jpeg\" \/>\n<meta name=\"author\" content=\"Rodrigo Zuquim\" \/>\n<meta name=\"twitter:card\" content=\"summary_large_image\" \/>\n<meta name=\"twitter:creator\" content=\"@agencia_infra\" \/>\n<meta name=\"twitter:site\" content=\"@agencia_infra\" \/>\n<meta name=\"twitter:label1\" content=\"Escrito por\" \/>\n\t<meta name=\"twitter:data1\" content=\"Rodrigo Zuquim\" \/>\n\t<meta name=\"twitter:label2\" content=\"Est. tempo de leitura\" \/>\n\t<meta name=\"twitter:data2\" content=\"4 minutos\" \/>\n<script type=\"application\/ld+json\" class=\"yoast-schema-graph\">{\"@context\":\"https:\/\/schema.org\",\"@graph\":[{\"@type\":\"Article\",\"@id\":\"https:\/\/agenciainfra.com\/blog\/sem-acesso-a-dados-completos-governo-prorroga-estudos-para-relicitacao-de-viracopos\/#article\",\"isPartOf\":{\"@id\":\"https:\/\/agenciainfra.com\/blog\/sem-acesso-a-dados-completos-governo-prorroga-estudos-para-relicitacao-de-viracopos\/\"},\"author\":{\"name\":\"Rodrigo Zuquim\",\"@id\":\"https:\/\/agenciainfra.com\/blog\/#\/schema\/person\/04dbb79bd6d8951f063da71f3e4c1eb1\"},\"headline\":\"Sem acesso a dados completos, governo prorroga estudos para relicita\u00e7\u00e3o de Viracopos\",\"datePublished\":\"2020-09-12T11:00:00+00:00\",\"mainEntityOfPage\":{\"@id\":\"https:\/\/agenciainfra.com\/blog\/sem-acesso-a-dados-completos-governo-prorroga-estudos-para-relicitacao-de-viracopos\/\"},\"wordCount\":813,\"publisher\":{\"@id\":\"https:\/\/agenciainfra.com\/blog\/#organization\"},\"image\":{\"@id\":\"https:\/\/agenciainfra.com\/blog\/sem-acesso-a-dados-completos-governo-prorroga-estudos-para-relicitacao-de-viracopos\/#primaryimage\"},\"thumbnailUrl\":\"https:\/\/agenciainfra.com\/blog\/wp-content\/uploads\/2020\/09\/aeroporto-de-viracopos-foto-ppi.jpeg\",\"keywords\":[\"Aeroportos Brasil\",\"ANAC\",\"BNDES\",\"caducidade\",\"devolu\u00e7\u00e3o amig\u00e1vel\",\"Egis\",\"Infraero\",\"Minist\u00e9rio da Infraestrutura\",\"PPI\",\"relicita\u00e7\u00e3o\",\"Triunfo\",\"UTC\",\"vantajosidade\",\"Viracopos\"],\"articleSection\":[\"Geral\",\"iNFRATransporte\"],\"inLanguage\":\"pt-BR\",\"copyrightYear\":\"2020\",\"copyrightHolder\":{\"@id\":\"https:\/\/agenciainfra.com\/blog\/#organization\"}},{\"@type\":\"WebPage\",\"@id\":\"https:\/\/agenciainfra.com\/blog\/sem-acesso-a-dados-completos-governo-prorroga-estudos-para-relicitacao-de-viracopos\/\",\"url\":\"https:\/\/agenciainfra.com\/blog\/sem-acesso-a-dados-completos-governo-prorroga-estudos-para-relicitacao-de-viracopos\/\",\"name\":\"Sem acesso a dados completos, governo prorroga estudos para relicita\u00e7\u00e3o de Viracopos - Ag\u00eancia iNFRA\",\"isPartOf\":{\"@id\":\"https:\/\/agenciainfra.com\/blog\/#website\"},\"primaryImageOfPage\":{\"@id\":\"https:\/\/agenciainfra.com\/blog\/sem-acesso-a-dados-completos-governo-prorroga-estudos-para-relicitacao-de-viracopos\/#primaryimage\"},\"image\":{\"@id\":\"https:\/\/agenciainfra.com\/blog\/sem-acesso-a-dados-completos-governo-prorroga-estudos-para-relicitacao-de-viracopos\/#primaryimage\"},\"thumbnailUrl\":\"https:\/\/agenciainfra.com\/blog\/wp-content\/uploads\/2020\/09\/aeroporto-de-viracopos-foto-ppi.jpeg\",\"datePublished\":\"2020-09-12T11:00:00+00:00\",\"breadcrumb\":{\"@id\":\"https:\/\/agenciainfra.com\/blog\/sem-acesso-a-dados-completos-governo-prorroga-estudos-para-relicitacao-de-viracopos\/#breadcrumb\"},\"inLanguage\":\"pt-BR\",\"potentialAction\":[{\"@type\":\"ReadAction\",\"target\":[\"https:\/\/agenciainfra.com\/blog\/sem-acesso-a-dados-completos-governo-prorroga-estudos-para-relicitacao-de-viracopos\/\"]}]},{\"@type\":\"ImageObject\",\"inLanguage\":\"pt-BR\",\"@id\":\"https:\/\/agenciainfra.com\/blog\/sem-acesso-a-dados-completos-governo-prorroga-estudos-para-relicitacao-de-viracopos\/#primaryimage\",\"url\":\"https:\/\/agenciainfra.com\/blog\/wp-content\/uploads\/2020\/09\/aeroporto-de-viracopos-foto-ppi.jpeg\",\"contentUrl\":\"https:\/\/agenciainfra.com\/blog\/wp-content\/uploads\/2020\/09\/aeroporto-de-viracopos-foto-ppi.jpeg\",\"width\":1280,\"height\":847,\"caption\":\"Foto: PPI\"},{\"@type\":\"BreadcrumbList\",\"@id\":\"https:\/\/agenciainfra.com\/blog\/sem-acesso-a-dados-completos-governo-prorroga-estudos-para-relicitacao-de-viracopos\/#breadcrumb\",\"itemListElement\":[{\"@type\":\"ListItem\",\"position\":1,\"name\":\"In\u00edcio\",\"item\":\"https:\/\/agenciainfra.com\/blog\/\"},{\"@type\":\"ListItem\",\"position\":2,\"name\":\"Sem acesso a dados completos, governo prorroga estudos para relicita\u00e7\u00e3o de Viracopos\"}]},{\"@type\":\"WebSite\",\"@id\":\"https:\/\/agenciainfra.com\/blog\/#website\",\"url\":\"https:\/\/agenciainfra.com\/blog\/\",\"name\":\"Ag\u00eancia iNFRA\",\"description\":\"Multiplataforma de informa\u00e7\u00e3o jornal\u00edstica refer\u00eancia na \u00e1rea de infraestrutura no Brasil!\",\"publisher\":{\"@id\":\"https:\/\/agenciainfra.com\/blog\/#organization\"},\"potentialAction\":[{\"@type\":\"SearchAction\",\"target\":{\"@type\":\"EntryPoint\",\"urlTemplate\":\"https:\/\/agenciainfra.com\/blog\/?s={search_term_string}\"},\"query-input\":{\"@type\":\"PropertyValueSpecification\",\"valueRequired\":true,\"valueName\":\"search_term_string\"}}],\"inLanguage\":\"pt-BR\"},{\"@type\":\"Organization\",\"@id\":\"https:\/\/agenciainfra.com\/blog\/#organization\",\"name\":\"Ag\u00eancia iNFRA\",\"url\":\"https:\/\/agenciainfra.com\/blog\/\",\"logo\":{\"@type\":\"ImageObject\",\"inLanguage\":\"pt-BR\",\"@id\":\"https:\/\/agenciainfra.com\/blog\/#\/schema\/logo\/image\/\",\"url\":\"https:\/\/agenciainfra.com\/blog\/wp-content\/uploads\/2023\/09\/iNFRA_5-e1761735885940.png\",\"contentUrl\":\"https:\/\/agenciainfra.com\/blog\/wp-content\/uploads\/2023\/09\/iNFRA_5-e1761735885940.png\",\"width\":1672,\"height\":454,\"caption\":\"Ag\u00eancia iNFRA\"},\"image\":{\"@id\":\"https:\/\/agenciainfra.com\/blog\/#\/schema\/logo\/image\/\"},\"sameAs\":[\"https:\/\/www.facebook.com\/ageninfra\",\"https:\/\/x.com\/agencia_infra\",\"https:\/\/www.linkedin.com\/company\/ag\u00eanciainfra\/\",\"https:\/\/www.instagram.com\/agenciainfra\/\"]},{\"@type\":\"Person\",\"@id\":\"https:\/\/agenciainfra.com\/blog\/#\/schema\/person\/04dbb79bd6d8951f063da71f3e4c1eb1\",\"name\":\"Rodrigo Zuquim\",\"image\":{\"@type\":\"ImageObject\",\"inLanguage\":\"pt-BR\",\"@id\":\"https:\/\/agenciainfra.com\/blog\/#\/schema\/person\/image\/\",\"url\":\"https:\/\/secure.gravatar.com\/avatar\/594abfe82761d620726242ff34ca472a705a4b97f16c790053a6b4c4035274d0?s=96&d=mm&r=g\",\"contentUrl\":\"https:\/\/secure.gravatar.com\/avatar\/594abfe82761d620726242ff34ca472a705a4b97f16c790053a6b4c4035274d0?s=96&d=mm&r=g\",\"caption\":\"Rodrigo Zuquim\"},\"url\":\"https:\/\/agenciainfra.com\/blog\/author\/rodrigo-zuquim\/\"}]}<\/script>\n<!-- \/ Yoast SEO Premium plugin. -->","yoast_head_json":{"title":"Sem acesso a dados completos, governo prorroga estudos para relicita\u00e7\u00e3o de Viracopos - Ag\u00eancia iNFRA","robots":{"index":"index","follow":"follow","max-snippet":"max-snippet:-1","max-image-preview":"max-image-preview:large","max-video-preview":"max-video-preview:-1"},"canonical":"https:\/\/agenciainfra.com\/blog\/sem-acesso-a-dados-completos-governo-prorroga-estudos-para-relicitacao-de-viracopos\/","og_locale":"pt_BR","og_type":"article","og_title":"Sem acesso a dados completos, governo prorroga estudos para relicita\u00e7\u00e3o de Viracopos","og_description":"Dimmi Amora, da&nbsp;Ag\u00eancia iNFRA A SAC (Secretaria de\u00a0Avia\u00e7\u00e3o Civil) do Minist\u00e9rio da Infraestrutura teve que ampliar para at\u00e9 18 de janeiro de 2021 o prazo dado aos cons\u00f3rcios habilitados para a PMI (Proposi\u00e7\u00e3o de Manifesta\u00e7\u00e3o de Interesse) dos estudos da relicita\u00e7\u00e3o do aeroporto de Viracopos (SP) apresentarem suas propostas. O ato est\u00e1 dispon\u00edvel\u00a0neste link. Os [&hellip;]","og_url":"https:\/\/agenciainfra.com\/blog\/sem-acesso-a-dados-completos-governo-prorroga-estudos-para-relicitacao-de-viracopos\/","og_site_name":"Ag\u00eancia iNFRA","article_publisher":"https:\/\/www.facebook.com\/ageninfra","article_published_time":"2020-09-12T11:00:00+00:00","og_image":[{"width":1280,"height":847,"url":"https:\/\/agenciainfra.com\/blog\/wp-content\/uploads\/2020\/09\/aeroporto-de-viracopos-foto-ppi.jpeg","type":"image\/jpeg"}],"author":"Rodrigo Zuquim","twitter_card":"summary_large_image","twitter_creator":"@agencia_infra","twitter_site":"@agencia_infra","twitter_misc":{"Escrito por":"Rodrigo Zuquim","Est. tempo de leitura":"4 minutos"},"schema":{"@context":"https:\/\/schema.org","@graph":[{"@type":"Article","@id":"https:\/\/agenciainfra.com\/blog\/sem-acesso-a-dados-completos-governo-prorroga-estudos-para-relicitacao-de-viracopos\/#article","isPartOf":{"@id":"https:\/\/agenciainfra.com\/blog\/sem-acesso-a-dados-completos-governo-prorroga-estudos-para-relicitacao-de-viracopos\/"},"author":{"name":"Rodrigo Zuquim","@id":"https:\/\/agenciainfra.com\/blog\/#\/schema\/person\/04dbb79bd6d8951f063da71f3e4c1eb1"},"headline":"Sem acesso a dados completos, governo prorroga estudos para relicita\u00e7\u00e3o de Viracopos","datePublished":"2020-09-12T11:00:00+00:00","mainEntityOfPage":{"@id":"https:\/\/agenciainfra.com\/blog\/sem-acesso-a-dados-completos-governo-prorroga-estudos-para-relicitacao-de-viracopos\/"},"wordCount":813,"publisher":{"@id":"https:\/\/agenciainfra.com\/blog\/#organization"},"image":{"@id":"https:\/\/agenciainfra.com\/blog\/sem-acesso-a-dados-completos-governo-prorroga-estudos-para-relicitacao-de-viracopos\/#primaryimage"},"thumbnailUrl":"https:\/\/agenciainfra.com\/blog\/wp-content\/uploads\/2020\/09\/aeroporto-de-viracopos-foto-ppi.jpeg","keywords":["Aeroportos Brasil","ANAC","BNDES","caducidade","devolu\u00e7\u00e3o amig\u00e1vel","Egis","Infraero","Minist\u00e9rio da Infraestrutura","PPI","relicita\u00e7\u00e3o","Triunfo","UTC","vantajosidade","Viracopos"],"articleSection":["Geral","iNFRATransporte"],"inLanguage":"pt-BR","copyrightYear":"2020","copyrightHolder":{"@id":"https:\/\/agenciainfra.com\/blog\/#organization"}},{"@type":"WebPage","@id":"https:\/\/agenciainfra.com\/blog\/sem-acesso-a-dados-completos-governo-prorroga-estudos-para-relicitacao-de-viracopos\/","url":"https:\/\/agenciainfra.com\/blog\/sem-acesso-a-dados-completos-governo-prorroga-estudos-para-relicitacao-de-viracopos\/","name":"Sem acesso a dados completos, governo prorroga estudos para relicita\u00e7\u00e3o de Viracopos - Ag\u00eancia iNFRA","isPartOf":{"@id":"https:\/\/agenciainfra.com\/blog\/#website"},"primaryImageOfPage":{"@id":"https:\/\/agenciainfra.com\/blog\/sem-acesso-a-dados-completos-governo-prorroga-estudos-para-relicitacao-de-viracopos\/#primaryimage"},"image":{"@id":"https:\/\/agenciainfra.com\/blog\/sem-acesso-a-dados-completos-governo-prorroga-estudos-para-relicitacao-de-viracopos\/#primaryimage"},"thumbnailUrl":"https:\/\/agenciainfra.com\/blog\/wp-content\/uploads\/2020\/09\/aeroporto-de-viracopos-foto-ppi.jpeg","datePublished":"2020-09-12T11:00:00+00:00","breadcrumb":{"@id":"https:\/\/agenciainfra.com\/blog\/sem-acesso-a-dados-completos-governo-prorroga-estudos-para-relicitacao-de-viracopos\/#breadcrumb"},"inLanguage":"pt-BR","potentialAction":[{"@type":"ReadAction","target":["https:\/\/agenciainfra.com\/blog\/sem-acesso-a-dados-completos-governo-prorroga-estudos-para-relicitacao-de-viracopos\/"]}]},{"@type":"ImageObject","inLanguage":"pt-BR","@id":"https:\/\/agenciainfra.com\/blog\/sem-acesso-a-dados-completos-governo-prorroga-estudos-para-relicitacao-de-viracopos\/#primaryimage","url":"https:\/\/agenciainfra.com\/blog\/wp-content\/uploads\/2020\/09\/aeroporto-de-viracopos-foto-ppi.jpeg","contentUrl":"https:\/\/agenciainfra.com\/blog\/wp-content\/uploads\/2020\/09\/aeroporto-de-viracopos-foto-ppi.jpeg","width":1280,"height":847,"caption":"Foto: PPI"},{"@type":"BreadcrumbList","@id":"https:\/\/agenciainfra.com\/blog\/sem-acesso-a-dados-completos-governo-prorroga-estudos-para-relicitacao-de-viracopos\/#breadcrumb","itemListElement":[{"@type":"ListItem","position":1,"name":"In\u00edcio","item":"https:\/\/agenciainfra.com\/blog\/"},{"@type":"ListItem","position":2,"name":"Sem acesso a dados completos, governo prorroga estudos para relicita\u00e7\u00e3o de Viracopos"}]},{"@type":"WebSite","@id":"https:\/\/agenciainfra.com\/blog\/#website","url":"https:\/\/agenciainfra.com\/blog\/","name":"Ag\u00eancia iNFRA","description":"Multiplataforma de informa\u00e7\u00e3o jornal\u00edstica refer\u00eancia na \u00e1rea de infraestrutura no Brasil!","publisher":{"@id":"https:\/\/agenciainfra.com\/blog\/#organization"},"potentialAction":[{"@type":"SearchAction","target":{"@type":"EntryPoint","urlTemplate":"https:\/\/agenciainfra.com\/blog\/?s={search_term_string}"},"query-input":{"@type":"PropertyValueSpecification","valueRequired":true,"valueName":"search_term_string"}}],"inLanguage":"pt-BR"},{"@type":"Organization","@id":"https:\/\/agenciainfra.com\/blog\/#organization","name":"Ag\u00eancia iNFRA","url":"https:\/\/agenciainfra.com\/blog\/","logo":{"@type":"ImageObject","inLanguage":"pt-BR","@id":"https:\/\/agenciainfra.com\/blog\/#\/schema\/logo\/image\/","url":"https:\/\/agenciainfra.com\/blog\/wp-content\/uploads\/2023\/09\/iNFRA_5-e1761735885940.png","contentUrl":"https:\/\/agenciainfra.com\/blog\/wp-content\/uploads\/2023\/09\/iNFRA_5-e1761735885940.png","width":1672,"height":454,"caption":"Ag\u00eancia iNFRA"},"image":{"@id":"https:\/\/agenciainfra.com\/blog\/#\/schema\/logo\/image\/"},"sameAs":["https:\/\/www.facebook.com\/ageninfra","https:\/\/x.com\/agencia_infra","https:\/\/www.linkedin.com\/company\/ag\u00eanciainfra\/","https:\/\/www.instagram.com\/agenciainfra\/"]},{"@type":"Person","@id":"https:\/\/agenciainfra.com\/blog\/#\/schema\/person\/04dbb79bd6d8951f063da71f3e4c1eb1","name":"Rodrigo Zuquim","image":{"@type":"ImageObject","inLanguage":"pt-BR","@id":"https:\/\/agenciainfra.com\/blog\/#\/schema\/person\/image\/","url":"https:\/\/secure.gravatar.com\/avatar\/594abfe82761d620726242ff34ca472a705a4b97f16c790053a6b4c4035274d0?s=96&d=mm&r=g","contentUrl":"https:\/\/secure.gravatar.com\/avatar\/594abfe82761d620726242ff34ca472a705a4b97f16c790053a6b4c4035274d0?s=96&d=mm&r=g","caption":"Rodrigo Zuquim"},"url":"https:\/\/agenciainfra.com\/blog\/author\/rodrigo-zuquim\/"}]}},"_links":{"self":[{"href":"https:\/\/agenciainfra.com\/blog\/wp-json\/wp\/v2\/posts\/5864","targetHints":{"allow":["GET"]}}],"collection":[{"href":"https:\/\/agenciainfra.com\/blog\/wp-json\/wp\/v2\/posts"}],"about":[{"href":"https:\/\/agenciainfra.com\/blog\/wp-json\/wp\/v2\/types\/post"}],"author":[{"embeddable":true,"href":"https:\/\/agenciainfra.com\/blog\/wp-json\/wp\/v2\/users\/9"}],"replies":[{"embeddable":true,"href":"https:\/\/agenciainfra.com\/blog\/wp-json\/wp\/v2\/comments?post=5864"}],"version-history":[{"count":0,"href":"https:\/\/agenciainfra.com\/blog\/wp-json\/wp\/v2\/posts\/5864\/revisions"}],"wp:featuredmedia":[{"embeddable":true,"href":"https:\/\/agenciainfra.com\/blog\/wp-json\/wp\/v2\/media\/5865"}],"wp:attachment":[{"href":"https:\/\/agenciainfra.com\/blog\/wp-json\/wp\/v2\/media?parent=5864"}],"wp:term":[{"taxonomy":"category","embeddable":true,"href":"https:\/\/agenciainfra.com\/blog\/wp-json\/wp\/v2\/categories?post=5864"},{"taxonomy":"post_tag","embeddable":true,"href":"https:\/\/agenciainfra.com\/blog\/wp-json\/wp\/v2\/tags?post=5864"}],"curies":[{"name":"wp","href":"https:\/\/api.w.org\/{rel}","templated":true}]}}