{"id":5873,"date":"2020-09-14T13:00:54","date_gmt":"2020-09-14T16:00:54","guid":{"rendered":"https:\/\/www.agenciainfra.com\/blog\/?p=5873"},"modified":"2020-09-15T07:22:10","modified_gmt":"2020-09-15T10:22:10","slug":"infradebate-reporto-bom-para-os-portos-bom-para-o-pais","status":"publish","type":"post","link":"https:\/\/agenciainfra.com\/blog\/infradebate-reporto-bom-para-os-portos-bom-para-o-pais\/","title":{"rendered":"iNFRADebate: Reporto \u2013 Bom para os portos, bom para o pa\u00eds"},"content":{"rendered":"\n<p class=\"has-text-align-right\"><strong>Jos\u00e9 Augusto Valente*<\/strong><\/p>\n\n\n\n<p>\u00c0 primeira vista, o Reporto \u00e9 visto como uma benesse para as empresas que operam terminais portu\u00e1rios de granel ou carga geral. Essa percep\u00e7\u00e3o, que tentarei mostrar como equivocada, leva a considerar \u201cperdas de receitas tribut\u00e1rias\u201d, algo que est\u00e1 longe do que \u00e9 o principal significado dessa medida.<\/p>\n\n\n\n<p>O Regime Tribut\u00e1rio para Incentivo \u00e0 Moderniza\u00e7\u00e3o e \u00e0 Amplia\u00e7\u00e3o da Estrutura Portu\u00e1ria &#8211; Reporto foi institu\u00eddo pela\u00a0<a href=\"http:\/\/www.planalto.gov.br\/ccivil_03\/_ato2004-2006\/2004\/lei\/l11033.htm\">Lei 11.033\/2004<\/a>.\u00a0<\/p>\n\n\n\n<p>A partir de 2002, a corrente de com\u00e9rcio exterior quase triplicou, passando de cerca de US$ 100 bilh\u00f5es em 2002 para cerca de US$ 480 bilh\u00f5es em 2011 (Figura 1).&nbsp;<\/p>\n\n\n\n<p><em>Figura 1 \u2013 Evolu\u00e7\u00e3o do com\u00e9rcio global x com\u00e9rcio exterior x PIB<\/em><\/p>\n\n\n\n<figure class=\"wp-block-image\"><img decoding=\"async\" src=\"https:\/\/lh3.googleusercontent.com\/IUZ3CgUxph8eSjdv8p1WA368KoPrOGhCQomf4mEskYhnkX440DxU7AOcU6nJJ43DAw1ucZ3PQ_4BBHRD781BQR80UcKVDat9WeUy9iGiOncVTsE50h1y_Qpu2XasUPh2WGo3wSbMl8umtSQvQg\" alt=\"\"\/><\/figure>\n\n\n\n<p>A quantidade de cont\u00eaineres (cargas de maior valor agregado) aumentou 2,5 vezes, passando de cerca de 2 milh\u00f5es, em 2002, para cerca de 5 milh\u00f5es e duzentos mil, em 2011. Na verdade, entre 2002 e 2007, o com\u00e9rcio exterior e a log\u00edstica brasileira j\u00e1 tinham alcan\u00e7ado um elevado crescimento na movimenta\u00e7\u00e3o de cont\u00eaineres, passando de 2 milh\u00f5es a 4,5 milh\u00f5es nesse per\u00edodo \u2013 mais que o dobro \u2013, com redu\u00e7\u00e3o nos anos de 2008 e 2009, devido \u00e0 crise financeira e econ\u00f4mica mundial (Figura 2).<\/p>\n\n\n\n<p><em>Figura 2 \u2013 Movimenta\u00e7\u00e3o de cont\u00eaineres e corrente de com\u00e9rcio exterior<\/em><\/p>\n\n\n\n<figure class=\"wp-block-image\"><img decoding=\"async\" src=\"https:\/\/lh5.googleusercontent.com\/-7mh_1McXpCPZk2turP9WasKMvU8LxMcv3V707DhPcu5Moggdt-0qSMJaQmJwk0EIwZ8PaGRaSNQA-tkI7jcr5p5ihFcAur9UDx8rzcjupPJYYnJlFmrsv3J1ngIWN__7CAv9DTf1TigCDWpfA\" alt=\"\"\/><\/figure>\n\n\n\n<p>Al\u00e9m disso, no per\u00edodo 2009\/2010, o Brasil teve um dos maiores crescimentos globais no com\u00e9rcio exterior, entre os pa\u00edses desenvolvidos e dos Brics, sendo 32% nas exporta\u00e7\u00f5es \u2013 mesmo patamar de China, \u00cdndia, Jap\u00e3o e R\u00fassia \u2013 e 43% nas importa\u00e7\u00f5es \u2013 maior que esses quatro, o dobro dos EUA e Canad\u00e1 e o triplo da Alemanha (Figura 3).<\/p>\n\n\n\n<p><em>Figura 3 \u2013 Com\u00e9rcio exterior Brasil x outros pa\u00edses \u2013 2010\/2011<\/em><\/p>\n\n\n\n<figure class=\"wp-block-image\"><img decoding=\"async\" src=\"https:\/\/lh6.googleusercontent.com\/9RaliKLCMFL3ju715hojLNi7IpNSNCZ_3iYq3ixOOryGBz9iaIiyEYXRhPxWQfWLzn1ZicDRM_Sxk_g65gfs9zQRavXGWeNsMJQHEIWjPypDR7KL_TkRxek6J8gGTnYPVIwzbmTSyBDop4PHIA\" alt=\"\"\/><\/figure>\n\n\n\n<p>No per\u00edodo 2010\/2011, foi mantido um ritmo forte de crescimento, a despeito do aprofundamento da crise financeira e econ\u00f4mica mundial, com bons resultados comparativos com os pa\u00edses desenvolvidos e dos Brics (Figura 4).<\/p>\n\n\n\n<p><em>Figura 4 \u2013 Com\u00e9rcio exterior Brasil x outros pa\u00edses \u2013 2011\/2010<\/em><\/p>\n\n\n\n<figure class=\"wp-block-image\"><img decoding=\"async\" src=\"https:\/\/lh3.googleusercontent.com\/Hd07d_BSmRasyYS8ZeEnI0eRCaHLyfrgUN-LsEp1OtY42eqj_GgTNBfzpNKKmMEXBPsW9DeY8gZJA2D3FFeOOJl_kb8NNdHkjM_NCAgGr185Ra4YfSM8xVZSJZJdW6APKlolsUeh-F4GEJlJuA\" alt=\"\"\/><\/figure>\n\n\n\n<p>Essas cargas chegaram aos portos, em sua quase totalidade, por meio de caminh\u00f5es e trens. Se houve esse elevado crescimento, em apenas dez anos, significa que as exporta\u00e7\u00f5es e importa\u00e7\u00f5es flu\u00edram e tiveram custos log\u00edsticos adequados para se tornarem competitivos e atraentes, ainda que possam ser melhores, no futuro.&nbsp;<\/p>\n\n\n\n<p>Na Figura 5, abaixo, s\u00e3o mostrados os perfis e os volumes das cargas movimentadas nos portos brasileiros no per\u00edodo, restando claro que os portos p\u00fablicos \u201ccarregaram o piano\u201d da movimenta\u00e7\u00e3o de carga geral.<\/p>\n\n\n\n<p><em>Figura 5 \u2013 Movimenta\u00e7\u00e3o dos tipos de cargas no portos brasileiros (1999-2011)<\/em><img fetchpriority=\"high\" decoding=\"async\" src=\"https:\/\/lh6.googleusercontent.com\/6EDqKUsB3VoF5EEGsT3dgW7A3mnHVX7VlPfZ7EZJhV3usjWtoFh4tG_jQiycM9ftLQmtl3KQ8fvyTcL2ewGn8dzOeS6E6jzqXq21bHXAPiRZuqCUmio4ak7Ixr-mfWlslKCbZVaBX7uWr4374g\" width=\"540\" height=\"372\"><\/p>\n\n\n\n<p>Finalmente, no quadro a seguir fica claro como o Reporto estimulou os operadores de terminais portu\u00e1rios de investirem na moderniza\u00e7\u00e3o dos equipamentos.<\/p>\n\n\n\n<p><em>Quadro 1 \u2013 Investimentos dos terminais de cont\u00eaineres, nos portos p\u00fablicos<\/em><\/p>\n\n\n\n<figure class=\"wp-block-image size-large\"><img decoding=\"async\" width=\"1018\" height=\"752\" src=\"https:\/\/agenciainfra.com\/blog\/wp-content\/uploads\/2020\/09\/quadro1.png\" alt=\"\" class=\"wp-image-5875\" srcset=\"https:\/\/agenciainfra.com\/blog\/wp-content\/uploads\/2020\/09\/quadro1.png 1018w, https:\/\/agenciainfra.com\/blog\/wp-content\/uploads\/2020\/09\/quadro1-300x222.png 300w, https:\/\/agenciainfra.com\/blog\/wp-content\/uploads\/2020\/09\/quadro1-768x567.png 768w\" sizes=\"(max-width: 1018px) 100vw, 1018px\" \/><figcaption><em>Fonte: Abratec (Associa\u00e7\u00e3o Brasileira dos Terminais de Cont\u00eaineres de Uso P\u00fablico)<\/em><\/figcaption><\/figure>\n\n\n\n<p>Penso que, diante da fundamenta\u00e7\u00e3o apresentada neste artigo, fica clara a import\u00e2ncia que o Reporto teve, n\u00e3o s\u00f3 para os operadores portu\u00e1rios, mas para todo o pa\u00eds.&nbsp;<\/p>\n\n\n\n<p>Desse modo, \u00e9 vital para a retomada do crescimento econ\u00f4mico a prorroga\u00e7\u00e3o do Reporto, o mais r\u00e1pido poss\u00edvel, para viabilizar o sucesso dos planos de neg\u00f3cios dos operadores log\u00edsticos, que consideram que n\u00e3o haver\u00e1 solu\u00e7\u00e3o de continuidade em rela\u00e7\u00e3o a essa medida de est\u00edmulo \u00e0 moderniza\u00e7\u00e3o.<\/p>\n\n\n\n<h6 class=\"wp-block-heading\"><strong>*Jos\u00e9 Augusto Valente \u00e9 especialista em log\u00edstica e transportes.<\/strong><\/h6>\n\n\n\n<h5 class=\"wp-block-heading\">O iNFRADebate \u00e9 o espa\u00e7o de artigos da Ag\u00eancia iNFRA com opini\u00f5es de seus atores que n\u00e3o refletem necessariamente o pensamento da Ag\u00eancia iNFRA, sendo de total responsabilidade do autor as informa\u00e7\u00f5es, ju\u00edzos de valor e conceitos descritos no texto.<\/h5>\n","protected":false},"excerpt":{"rendered":"<p>Jos\u00e9 Augusto Valente* \u00c0 primeira vista, o Reporto \u00e9 visto como uma benesse para as empresas que operam terminais portu\u00e1rios de granel ou carga geral. Essa percep\u00e7\u00e3o, que tentarei mostrar como equivocada, leva a considerar \u201cperdas de receitas tribut\u00e1rias\u201d, algo que est\u00e1 longe do que \u00e9 o principal significado dessa medida. O Regime Tribut\u00e1rio para [&hellip;]<\/p>\n","protected":false},"author":9,"featured_media":5874,"comment_status":"closed","ping_status":"closed","sticky":false,"template":"","format":"standard","meta":{"_monsterinsights_skip_tracking":false,"_monsterinsights_sitenote_active":false,"_monsterinsights_sitenote_note":"","_monsterinsights_sitenote_category":0,"footnotes":""},"categories":[1,11],"tags":[738,873,1944,2667,66,2648,310,2666,623],"class_list":["post-5873","post","type-post","status-publish","format-standard","has-post-thumbnail","hentry","category-geral","category-infradebate","tag-comercio-exterior","tag-conteineres","tag-jose-augusto-valente","tag-lei-11-033-2004","tag-logistica","tag-modernizacao","tag-portos","tag-reporto","tag-terminais-portuarios"],"yoast_head":"<!-- This site is optimized with the Yoast SEO Premium plugin v25.4 (Yoast SEO v26.0) - https:\/\/yoast.com\/wordpress\/plugins\/seo\/ -->\n<title>iNFRADebate: Reporto \u2013 Bom para os portos, bom para o pa\u00eds - Ag\u00eancia iNFRA<\/title>\n<meta name=\"robots\" content=\"index, follow, max-snippet:-1, max-image-preview:large, max-video-preview:-1\" \/>\n<link rel=\"canonical\" href=\"https:\/\/agenciainfra.com\/blog\/infradebate-reporto-bom-para-os-portos-bom-para-o-pais\/\" \/>\n<meta property=\"og:locale\" content=\"pt_BR\" \/>\n<meta property=\"og:type\" content=\"article\" \/>\n<meta property=\"og:title\" content=\"iNFRADebate: Reporto \u2013 Bom para os portos, bom para o pa\u00eds\" \/>\n<meta property=\"og:description\" content=\"Jos\u00e9 Augusto Valente* \u00c0 primeira vista, o Reporto \u00e9 visto como uma benesse para as empresas que operam terminais portu\u00e1rios de granel ou carga geral. Essa percep\u00e7\u00e3o, que tentarei mostrar como equivocada, leva a considerar \u201cperdas de receitas tribut\u00e1rias\u201d, algo que est\u00e1 longe do que \u00e9 o principal significado dessa medida. O Regime Tribut\u00e1rio para [&hellip;]\" \/>\n<meta property=\"og:url\" content=\"https:\/\/agenciainfra.com\/blog\/infradebate-reporto-bom-para-os-portos-bom-para-o-pais\/\" \/>\n<meta property=\"og:site_name\" content=\"Ag\u00eancia iNFRA\" \/>\n<meta property=\"article:publisher\" content=\"https:\/\/www.facebook.com\/ageninfra\" \/>\n<meta property=\"article:published_time\" content=\"2020-09-14T16:00:54+00:00\" \/>\n<meta property=\"article:modified_time\" content=\"2020-09-15T10:22:10+00:00\" \/>\n<meta property=\"og:image\" content=\"https:\/\/agenciainfra.com\/blog\/wp-content\/uploads\/2020\/09\/jose-augusto-valente-arquivo-pessoal.jpeg\" \/>\n\t<meta property=\"og:image:width\" content=\"1280\" \/>\n\t<meta property=\"og:image:height\" content=\"896\" \/>\n\t<meta property=\"og:image:type\" content=\"image\/jpeg\" \/>\n<meta name=\"author\" content=\"Rodrigo Zuquim\" \/>\n<meta name=\"twitter:card\" content=\"summary_large_image\" \/>\n<meta name=\"twitter:creator\" content=\"@agencia_infra\" \/>\n<meta name=\"twitter:site\" content=\"@agencia_infra\" \/>\n<meta name=\"twitter:label1\" content=\"Escrito por\" \/>\n\t<meta name=\"twitter:data1\" content=\"Rodrigo Zuquim\" \/>\n\t<meta name=\"twitter:label2\" content=\"Est. tempo de leitura\" \/>\n\t<meta name=\"twitter:data2\" content=\"3 minutos\" \/>\n<script type=\"application\/ld+json\" class=\"yoast-schema-graph\">{\"@context\":\"https:\/\/schema.org\",\"@graph\":[{\"@type\":\"Article\",\"@id\":\"https:\/\/agenciainfra.com\/blog\/infradebate-reporto-bom-para-os-portos-bom-para-o-pais\/#article\",\"isPartOf\":{\"@id\":\"https:\/\/agenciainfra.com\/blog\/infradebate-reporto-bom-para-os-portos-bom-para-o-pais\/\"},\"author\":{\"name\":\"Rodrigo Zuquim\",\"@id\":\"https:\/\/agenciainfra.com\/blog\/#\/schema\/person\/04dbb79bd6d8951f063da71f3e4c1eb1\"},\"headline\":\"iNFRADebate: Reporto \u2013 Bom para os portos, bom para o pa\u00eds\",\"datePublished\":\"2020-09-14T16:00:54+00:00\",\"dateModified\":\"2020-09-15T10:22:10+00:00\",\"mainEntityOfPage\":{\"@id\":\"https:\/\/agenciainfra.com\/blog\/infradebate-reporto-bom-para-os-portos-bom-para-o-pais\/\"},\"wordCount\":626,\"publisher\":{\"@id\":\"https:\/\/agenciainfra.com\/blog\/#organization\"},\"image\":{\"@id\":\"https:\/\/agenciainfra.com\/blog\/infradebate-reporto-bom-para-os-portos-bom-para-o-pais\/#primaryimage\"},\"thumbnailUrl\":\"https:\/\/agenciainfra.com\/blog\/wp-content\/uploads\/2020\/09\/jose-augusto-valente-arquivo-pessoal.jpeg\",\"keywords\":[\"Com\u00e9rcio Exterior\",\"cont\u00eaineres\",\"Jos\u00e9 Augusto Valente\",\"Lei 11.033\/2004\",\"log\u00edstica\",\"moderniza\u00e7\u00e3o\",\"portos\",\"Reporto\",\"terminais portu\u00e1rios\"],\"articleSection\":[\"Geral\",\"iNFRADebate\"],\"inLanguage\":\"pt-BR\",\"copyrightYear\":\"2020\",\"copyrightHolder\":{\"@id\":\"https:\/\/agenciainfra.com\/blog\/#organization\"}},{\"@type\":\"WebPage\",\"@id\":\"https:\/\/agenciainfra.com\/blog\/infradebate-reporto-bom-para-os-portos-bom-para-o-pais\/\",\"url\":\"https:\/\/agenciainfra.com\/blog\/infradebate-reporto-bom-para-os-portos-bom-para-o-pais\/\",\"name\":\"iNFRADebate: Reporto \u2013 Bom para os portos, bom para o pa\u00eds - Ag\u00eancia iNFRA\",\"isPartOf\":{\"@id\":\"https:\/\/agenciainfra.com\/blog\/#website\"},\"primaryImageOfPage\":{\"@id\":\"https:\/\/agenciainfra.com\/blog\/infradebate-reporto-bom-para-os-portos-bom-para-o-pais\/#primaryimage\"},\"image\":{\"@id\":\"https:\/\/agenciainfra.com\/blog\/infradebate-reporto-bom-para-os-portos-bom-para-o-pais\/#primaryimage\"},\"thumbnailUrl\":\"https:\/\/agenciainfra.com\/blog\/wp-content\/uploads\/2020\/09\/jose-augusto-valente-arquivo-pessoal.jpeg\",\"datePublished\":\"2020-09-14T16:00:54+00:00\",\"dateModified\":\"2020-09-15T10:22:10+00:00\",\"breadcrumb\":{\"@id\":\"https:\/\/agenciainfra.com\/blog\/infradebate-reporto-bom-para-os-portos-bom-para-o-pais\/#breadcrumb\"},\"inLanguage\":\"pt-BR\",\"potentialAction\":[{\"@type\":\"ReadAction\",\"target\":[\"https:\/\/agenciainfra.com\/blog\/infradebate-reporto-bom-para-os-portos-bom-para-o-pais\/\"]}]},{\"@type\":\"ImageObject\",\"inLanguage\":\"pt-BR\",\"@id\":\"https:\/\/agenciainfra.com\/blog\/infradebate-reporto-bom-para-os-portos-bom-para-o-pais\/#primaryimage\",\"url\":\"https:\/\/agenciainfra.com\/blog\/wp-content\/uploads\/2020\/09\/jose-augusto-valente-arquivo-pessoal.jpeg\",\"contentUrl\":\"https:\/\/agenciainfra.com\/blog\/wp-content\/uploads\/2020\/09\/jose-augusto-valente-arquivo-pessoal.jpeg\",\"width\":1280,\"height\":896},{\"@type\":\"BreadcrumbList\",\"@id\":\"https:\/\/agenciainfra.com\/blog\/infradebate-reporto-bom-para-os-portos-bom-para-o-pais\/#breadcrumb\",\"itemListElement\":[{\"@type\":\"ListItem\",\"position\":1,\"name\":\"In\u00edcio\",\"item\":\"https:\/\/agenciainfra.com\/blog\/\"},{\"@type\":\"ListItem\",\"position\":2,\"name\":\"iNFRADebate: Reporto \u2013 Bom para os portos, bom para o pa\u00eds\"}]},{\"@type\":\"WebSite\",\"@id\":\"https:\/\/agenciainfra.com\/blog\/#website\",\"url\":\"https:\/\/agenciainfra.com\/blog\/\",\"name\":\"Ag\u00eancia iNFRA\",\"description\":\"Multiplataforma de informa\u00e7\u00e3o jornal\u00edstica refer\u00eancia na \u00e1rea de infraestrutura no Brasil!\",\"publisher\":{\"@id\":\"https:\/\/agenciainfra.com\/blog\/#organization\"},\"potentialAction\":[{\"@type\":\"SearchAction\",\"target\":{\"@type\":\"EntryPoint\",\"urlTemplate\":\"https:\/\/agenciainfra.com\/blog\/?s={search_term_string}\"},\"query-input\":{\"@type\":\"PropertyValueSpecification\",\"valueRequired\":true,\"valueName\":\"search_term_string\"}}],\"inLanguage\":\"pt-BR\"},{\"@type\":\"Organization\",\"@id\":\"https:\/\/agenciainfra.com\/blog\/#organization\",\"name\":\"Ag\u00eancia iNFRA\",\"url\":\"https:\/\/agenciainfra.com\/blog\/\",\"logo\":{\"@type\":\"ImageObject\",\"inLanguage\":\"pt-BR\",\"@id\":\"https:\/\/agenciainfra.com\/blog\/#\/schema\/logo\/image\/\",\"url\":\"https:\/\/agenciainfra.com\/blog\/wp-content\/uploads\/2023\/09\/iNFRA_5-e1761735885940.png\",\"contentUrl\":\"https:\/\/agenciainfra.com\/blog\/wp-content\/uploads\/2023\/09\/iNFRA_5-e1761735885940.png\",\"width\":1672,\"height\":454,\"caption\":\"Ag\u00eancia iNFRA\"},\"image\":{\"@id\":\"https:\/\/agenciainfra.com\/blog\/#\/schema\/logo\/image\/\"},\"sameAs\":[\"https:\/\/www.facebook.com\/ageninfra\",\"https:\/\/x.com\/agencia_infra\",\"https:\/\/www.linkedin.com\/company\/ag\u00eanciainfra\/\",\"https:\/\/www.instagram.com\/agenciainfra\/\"]},{\"@type\":\"Person\",\"@id\":\"https:\/\/agenciainfra.com\/blog\/#\/schema\/person\/04dbb79bd6d8951f063da71f3e4c1eb1\",\"name\":\"Rodrigo Zuquim\",\"image\":{\"@type\":\"ImageObject\",\"inLanguage\":\"pt-BR\",\"@id\":\"https:\/\/agenciainfra.com\/blog\/#\/schema\/person\/image\/\",\"url\":\"https:\/\/secure.gravatar.com\/avatar\/594abfe82761d620726242ff34ca472a705a4b97f16c790053a6b4c4035274d0?s=96&d=mm&r=g\",\"contentUrl\":\"https:\/\/secure.gravatar.com\/avatar\/594abfe82761d620726242ff34ca472a705a4b97f16c790053a6b4c4035274d0?s=96&d=mm&r=g\",\"caption\":\"Rodrigo Zuquim\"},\"url\":\"https:\/\/agenciainfra.com\/blog\/author\/rodrigo-zuquim\/\"}]}<\/script>\n<!-- \/ Yoast SEO Premium plugin. -->","yoast_head_json":{"title":"iNFRADebate: Reporto \u2013 Bom para os portos, bom para o pa\u00eds - Ag\u00eancia iNFRA","robots":{"index":"index","follow":"follow","max-snippet":"max-snippet:-1","max-image-preview":"max-image-preview:large","max-video-preview":"max-video-preview:-1"},"canonical":"https:\/\/agenciainfra.com\/blog\/infradebate-reporto-bom-para-os-portos-bom-para-o-pais\/","og_locale":"pt_BR","og_type":"article","og_title":"iNFRADebate: Reporto \u2013 Bom para os portos, bom para o pa\u00eds","og_description":"Jos\u00e9 Augusto Valente* \u00c0 primeira vista, o Reporto \u00e9 visto como uma benesse para as empresas que operam terminais portu\u00e1rios de granel ou carga geral. Essa percep\u00e7\u00e3o, que tentarei mostrar como equivocada, leva a considerar \u201cperdas de receitas tribut\u00e1rias\u201d, algo que est\u00e1 longe do que \u00e9 o principal significado dessa medida. O Regime Tribut\u00e1rio para [&hellip;]","og_url":"https:\/\/agenciainfra.com\/blog\/infradebate-reporto-bom-para-os-portos-bom-para-o-pais\/","og_site_name":"Ag\u00eancia iNFRA","article_publisher":"https:\/\/www.facebook.com\/ageninfra","article_published_time":"2020-09-14T16:00:54+00:00","article_modified_time":"2020-09-15T10:22:10+00:00","og_image":[{"width":1280,"height":896,"url":"https:\/\/agenciainfra.com\/blog\/wp-content\/uploads\/2020\/09\/jose-augusto-valente-arquivo-pessoal.jpeg","type":"image\/jpeg"}],"author":"Rodrigo Zuquim","twitter_card":"summary_large_image","twitter_creator":"@agencia_infra","twitter_site":"@agencia_infra","twitter_misc":{"Escrito por":"Rodrigo Zuquim","Est. tempo de leitura":"3 minutos"},"schema":{"@context":"https:\/\/schema.org","@graph":[{"@type":"Article","@id":"https:\/\/agenciainfra.com\/blog\/infradebate-reporto-bom-para-os-portos-bom-para-o-pais\/#article","isPartOf":{"@id":"https:\/\/agenciainfra.com\/blog\/infradebate-reporto-bom-para-os-portos-bom-para-o-pais\/"},"author":{"name":"Rodrigo Zuquim","@id":"https:\/\/agenciainfra.com\/blog\/#\/schema\/person\/04dbb79bd6d8951f063da71f3e4c1eb1"},"headline":"iNFRADebate: Reporto \u2013 Bom para os portos, bom para o pa\u00eds","datePublished":"2020-09-14T16:00:54+00:00","dateModified":"2020-09-15T10:22:10+00:00","mainEntityOfPage":{"@id":"https:\/\/agenciainfra.com\/blog\/infradebate-reporto-bom-para-os-portos-bom-para-o-pais\/"},"wordCount":626,"publisher":{"@id":"https:\/\/agenciainfra.com\/blog\/#organization"},"image":{"@id":"https:\/\/agenciainfra.com\/blog\/infradebate-reporto-bom-para-os-portos-bom-para-o-pais\/#primaryimage"},"thumbnailUrl":"https:\/\/agenciainfra.com\/blog\/wp-content\/uploads\/2020\/09\/jose-augusto-valente-arquivo-pessoal.jpeg","keywords":["Com\u00e9rcio Exterior","cont\u00eaineres","Jos\u00e9 Augusto Valente","Lei 11.033\/2004","log\u00edstica","moderniza\u00e7\u00e3o","portos","Reporto","terminais portu\u00e1rios"],"articleSection":["Geral","iNFRADebate"],"inLanguage":"pt-BR","copyrightYear":"2020","copyrightHolder":{"@id":"https:\/\/agenciainfra.com\/blog\/#organization"}},{"@type":"WebPage","@id":"https:\/\/agenciainfra.com\/blog\/infradebate-reporto-bom-para-os-portos-bom-para-o-pais\/","url":"https:\/\/agenciainfra.com\/blog\/infradebate-reporto-bom-para-os-portos-bom-para-o-pais\/","name":"iNFRADebate: Reporto \u2013 Bom para os portos, bom para o pa\u00eds - Ag\u00eancia iNFRA","isPartOf":{"@id":"https:\/\/agenciainfra.com\/blog\/#website"},"primaryImageOfPage":{"@id":"https:\/\/agenciainfra.com\/blog\/infradebate-reporto-bom-para-os-portos-bom-para-o-pais\/#primaryimage"},"image":{"@id":"https:\/\/agenciainfra.com\/blog\/infradebate-reporto-bom-para-os-portos-bom-para-o-pais\/#primaryimage"},"thumbnailUrl":"https:\/\/agenciainfra.com\/blog\/wp-content\/uploads\/2020\/09\/jose-augusto-valente-arquivo-pessoal.jpeg","datePublished":"2020-09-14T16:00:54+00:00","dateModified":"2020-09-15T10:22:10+00:00","breadcrumb":{"@id":"https:\/\/agenciainfra.com\/blog\/infradebate-reporto-bom-para-os-portos-bom-para-o-pais\/#breadcrumb"},"inLanguage":"pt-BR","potentialAction":[{"@type":"ReadAction","target":["https:\/\/agenciainfra.com\/blog\/infradebate-reporto-bom-para-os-portos-bom-para-o-pais\/"]}]},{"@type":"ImageObject","inLanguage":"pt-BR","@id":"https:\/\/agenciainfra.com\/blog\/infradebate-reporto-bom-para-os-portos-bom-para-o-pais\/#primaryimage","url":"https:\/\/agenciainfra.com\/blog\/wp-content\/uploads\/2020\/09\/jose-augusto-valente-arquivo-pessoal.jpeg","contentUrl":"https:\/\/agenciainfra.com\/blog\/wp-content\/uploads\/2020\/09\/jose-augusto-valente-arquivo-pessoal.jpeg","width":1280,"height":896},{"@type":"BreadcrumbList","@id":"https:\/\/agenciainfra.com\/blog\/infradebate-reporto-bom-para-os-portos-bom-para-o-pais\/#breadcrumb","itemListElement":[{"@type":"ListItem","position":1,"name":"In\u00edcio","item":"https:\/\/agenciainfra.com\/blog\/"},{"@type":"ListItem","position":2,"name":"iNFRADebate: Reporto \u2013 Bom para os portos, bom para o pa\u00eds"}]},{"@type":"WebSite","@id":"https:\/\/agenciainfra.com\/blog\/#website","url":"https:\/\/agenciainfra.com\/blog\/","name":"Ag\u00eancia iNFRA","description":"Multiplataforma de informa\u00e7\u00e3o jornal\u00edstica refer\u00eancia na \u00e1rea de infraestrutura no Brasil!","publisher":{"@id":"https:\/\/agenciainfra.com\/blog\/#organization"},"potentialAction":[{"@type":"SearchAction","target":{"@type":"EntryPoint","urlTemplate":"https:\/\/agenciainfra.com\/blog\/?s={search_term_string}"},"query-input":{"@type":"PropertyValueSpecification","valueRequired":true,"valueName":"search_term_string"}}],"inLanguage":"pt-BR"},{"@type":"Organization","@id":"https:\/\/agenciainfra.com\/blog\/#organization","name":"Ag\u00eancia iNFRA","url":"https:\/\/agenciainfra.com\/blog\/","logo":{"@type":"ImageObject","inLanguage":"pt-BR","@id":"https:\/\/agenciainfra.com\/blog\/#\/schema\/logo\/image\/","url":"https:\/\/agenciainfra.com\/blog\/wp-content\/uploads\/2023\/09\/iNFRA_5-e1761735885940.png","contentUrl":"https:\/\/agenciainfra.com\/blog\/wp-content\/uploads\/2023\/09\/iNFRA_5-e1761735885940.png","width":1672,"height":454,"caption":"Ag\u00eancia iNFRA"},"image":{"@id":"https:\/\/agenciainfra.com\/blog\/#\/schema\/logo\/image\/"},"sameAs":["https:\/\/www.facebook.com\/ageninfra","https:\/\/x.com\/agencia_infra","https:\/\/www.linkedin.com\/company\/ag\u00eanciainfra\/","https:\/\/www.instagram.com\/agenciainfra\/"]},{"@type":"Person","@id":"https:\/\/agenciainfra.com\/blog\/#\/schema\/person\/04dbb79bd6d8951f063da71f3e4c1eb1","name":"Rodrigo Zuquim","image":{"@type":"ImageObject","inLanguage":"pt-BR","@id":"https:\/\/agenciainfra.com\/blog\/#\/schema\/person\/image\/","url":"https:\/\/secure.gravatar.com\/avatar\/594abfe82761d620726242ff34ca472a705a4b97f16c790053a6b4c4035274d0?s=96&d=mm&r=g","contentUrl":"https:\/\/secure.gravatar.com\/avatar\/594abfe82761d620726242ff34ca472a705a4b97f16c790053a6b4c4035274d0?s=96&d=mm&r=g","caption":"Rodrigo Zuquim"},"url":"https:\/\/agenciainfra.com\/blog\/author\/rodrigo-zuquim\/"}]}},"_links":{"self":[{"href":"https:\/\/agenciainfra.com\/blog\/wp-json\/wp\/v2\/posts\/5873","targetHints":{"allow":["GET"]}}],"collection":[{"href":"https:\/\/agenciainfra.com\/blog\/wp-json\/wp\/v2\/posts"}],"about":[{"href":"https:\/\/agenciainfra.com\/blog\/wp-json\/wp\/v2\/types\/post"}],"author":[{"embeddable":true,"href":"https:\/\/agenciainfra.com\/blog\/wp-json\/wp\/v2\/users\/9"}],"replies":[{"embeddable":true,"href":"https:\/\/agenciainfra.com\/blog\/wp-json\/wp\/v2\/comments?post=5873"}],"version-history":[{"count":0,"href":"https:\/\/agenciainfra.com\/blog\/wp-json\/wp\/v2\/posts\/5873\/revisions"}],"wp:featuredmedia":[{"embeddable":true,"href":"https:\/\/agenciainfra.com\/blog\/wp-json\/wp\/v2\/media\/5874"}],"wp:attachment":[{"href":"https:\/\/agenciainfra.com\/blog\/wp-json\/wp\/v2\/media?parent=5873"}],"wp:term":[{"taxonomy":"category","embeddable":true,"href":"https:\/\/agenciainfra.com\/blog\/wp-json\/wp\/v2\/categories?post=5873"},{"taxonomy":"post_tag","embeddable":true,"href":"https:\/\/agenciainfra.com\/blog\/wp-json\/wp\/v2\/tags?post=5873"}],"curies":[{"name":"wp","href":"https:\/\/api.w.org\/{rel}","templated":true}]}}