{"id":5887,"date":"2020-09-16T08:00:25","date_gmt":"2020-09-16T11:00:25","guid":{"rendered":"https:\/\/www.agenciainfra.com\/blog\/?p=5887"},"modified":"2020-09-14T11:21:03","modified_gmt":"2020-09-14T14:21:03","slug":"sem-relator-e-consenso-para-votacao-br-do-mar-caminha-para-perder-urgencia-constitucional","status":"publish","type":"post","link":"https:\/\/agenciainfra.com\/blog\/sem-relator-e-consenso-para-votacao-br-do-mar-caminha-para-perder-urgencia-constitucional\/","title":{"rendered":"Sem relator e consenso para vota\u00e7\u00e3o, BR do Mar caminha para perder urg\u00eancia constitucional"},"content":{"rendered":"\n<hr class=\"wp-block-separator\"\/>\n\n\n\n<p class=\"has-text-align-right\"><strong>Dimmi Amora, da&nbsp;Ag\u00eancia iNFRA<\/strong><\/p>\n\n\n\n<p>A duas semanas de acabar o prazo para vota\u00e7\u00e3o em regime de urg\u00eancia constitucional na C\u00e2mara dos Deputados, o\u00a0<a rel=\"noreferrer noopener\" href=\"https:\/\/agenciainfra.us14.list-manage.com\/track\/click?u=d460dd1bcf9ba0ae040e1fc0f&amp;id=88068807f1&amp;e=c099169394\" target=\"_blank\">Projeto de Lei 4.199\/2020<\/a>, que instituiu o BR do Mar, n\u00e3o tem um relator designado ou debates marcados no Parlamento para avaliar a proposta enviada pelo governo em agosto.<br>\u00a0<br>Considerado um dos programas priorit\u00e1rios do governo no setor de infraestrutura, o BR do Mar altera as regras da cabotagem no pa\u00eds, com\u00a0a inten\u00e7\u00e3o anunciada de ampliar a frota\u00a0de navios que transportam mercadorias na costa brasileira\u00a0para aumentar a concorr\u00eancia e reduzir os custos do frete nesse setor.<br>\u00a0<br>Mas a proposta n\u00e3o andou na C\u00e2mara, at\u00e9 o momento, por enfrentar oposi\u00e7\u00e3o de setores relevantes da navega\u00e7\u00e3o e da ind\u00fastria naval. Ela tem o apoio, contudo, de associa\u00e7\u00f5es ligadas ao agroneg\u00f3cio e aos trabalhadores mar\u00edtimos e portu\u00e1rios.<br>\u00a0<br>A urg\u00eancia constitucional do projeto faz a pauta da C\u00e2mara ser trancada a partir de 28 de setembro. Parlamentares que acompanham o processo dizem que a chance de ele ser votado dentro desse prazo \u00e9 &#8220;zero&#8221;. Quando n\u00e3o ocorre a vota\u00e7\u00e3o at\u00e9 o vencimento do prazo, o normal \u00e9 que o governo retire a urg\u00eancia do projeto, como fez recentemente com a proposta de unifica\u00e7\u00e3o de impostos federais na chamada CBS, tamb\u00e9m enviada com pedido de urg\u00eancia, mas que n\u00e3o teve vota\u00e7\u00e3o.<br>\u00a0<br>O secret\u00e1rio nacional de Portos e Transportes Aquavi\u00e1rios do Minist\u00e9rio da Infraestrutura, Diogo Piloni, acredita que \u00e9 poss\u00edvel votar o projeto nas pr\u00f3ximas duas semanas. Segundo ele, h\u00e1 compromisso entre as lideran\u00e7as da C\u00e2mara de que seja designado um relator para o projeto nesta semana e, assim, tenha in\u00edcio o processo de aceite de emendas ao texto.<br>\u00a0<br>\u201cN\u00e3o queremos gerar mal estar para o Congresso com o trancamento da pauta. Temos visto as frentes parlamentares se mobilizando para que haja a tramita\u00e7\u00e3o do projeto, entre elas a FPA (Frente Parlamentar da Agropecu\u00e1ria), que deu\u00a0<a rel=\"noreferrer noopener\" href=\"https:\/\/agenciainfra.us14.list-manage.com\/track\/click?u=d460dd1bcf9ba0ae040e1fc0f&amp;id=053ef9ef1d&amp;e=c099169394\" target=\"_blank\">apoio expl\u00edcito<\/a>. Estamos negociando tamb\u00e9m o apoio da Frenlogi (Frente Parlamentar da Log\u00edstica e Infraestrutura), que deseja alguns ajustes. Estamos abertos. N\u00e3o somos os donos da raz\u00e3o\u201d, disse o secret\u00e1rio em entrevista \u00e0\u00a0<strong>Ag\u00eancia iNFRA<\/strong>.<\/p>\n","protected":false},"excerpt":{"rendered":"<p>Dimmi Amora, da&nbsp;Ag\u00eancia iNFRA A duas semanas de acabar o prazo para vota\u00e7\u00e3o em regime de urg\u00eancia constitucional na C\u00e2mara dos Deputados, o\u00a0Projeto de Lei 4.199\/2020, que instituiu o BR do Mar, n\u00e3o tem um relator designado ou debates marcados no Parlamento para avaliar a proposta enviada pelo governo em agosto.\u00a0Considerado um dos programas priorit\u00e1rios [&hellip;]<\/p>\n","protected":false},"author":9,"featured_media":5888,"comment_status":"closed","ping_status":"closed","sticky":false,"template":"","format":"standard","meta":{"_monsterinsights_skip_tracking":false,"_monsterinsights_sitenote_active":false,"_monsterinsights_sitenote_note":"","_monsterinsights_sitenote_category":0,"footnotes":""},"categories":[1,7],"tags":[1245,407,811,2675,1144,2561,959,106,2484],"class_list":["post-5887","post","type-post","status-publish","format-standard","has-post-thumbnail","hentry","category-geral","category-infratransporte","tag-br-do-mar","tag-cabotagem","tag-diogo-piloni","tag-fpa","tag-frenlogi","tag-frente-parlamentar-da-agropecuaria","tag-industria-naval","tag-navegacao","tag-pl-4-199-2020"],"yoast_head":"<!-- This site is optimized with the Yoast SEO Premium plugin v25.4 (Yoast SEO v26.0) - https:\/\/yoast.com\/wordpress\/plugins\/seo\/ -->\n<title>Sem relator e consenso para vota\u00e7\u00e3o, BR do Mar caminha para perder urg\u00eancia constitucional - Ag\u00eancia iNFRA<\/title>\n<meta name=\"robots\" content=\"index, follow, max-snippet:-1, max-image-preview:large, max-video-preview:-1\" \/>\n<link rel=\"canonical\" href=\"https:\/\/agenciainfra.com\/blog\/sem-relator-e-consenso-para-votacao-br-do-mar-caminha-para-perder-urgencia-constitucional\/\" \/>\n<meta property=\"og:locale\" content=\"pt_BR\" \/>\n<meta property=\"og:type\" content=\"article\" \/>\n<meta property=\"og:title\" content=\"Sem relator e consenso para vota\u00e7\u00e3o, BR do Mar caminha para perder urg\u00eancia constitucional\" \/>\n<meta property=\"og:description\" content=\"Dimmi Amora, da&nbsp;Ag\u00eancia iNFRA A duas semanas de acabar o prazo para vota\u00e7\u00e3o em regime de urg\u00eancia constitucional na C\u00e2mara dos Deputados, o\u00a0Projeto de Lei 4.199\/2020, que instituiu o BR do Mar, n\u00e3o tem um relator designado ou debates marcados no Parlamento para avaliar a proposta enviada pelo governo em agosto.\u00a0Considerado um dos programas priorit\u00e1rios [&hellip;]\" \/>\n<meta property=\"og:url\" content=\"https:\/\/agenciainfra.com\/blog\/sem-relator-e-consenso-para-votacao-br-do-mar-caminha-para-perder-urgencia-constitucional\/\" \/>\n<meta property=\"og:site_name\" content=\"Ag\u00eancia iNFRA\" \/>\n<meta property=\"article:publisher\" content=\"https:\/\/www.facebook.com\/ageninfra\" \/>\n<meta property=\"article:published_time\" content=\"2020-09-16T11:00:25+00:00\" \/>\n<meta property=\"og:image\" content=\"https:\/\/agenciainfra.com\/blog\/wp-content\/uploads\/2020\/09\/navio-oceano-foto-dominio-publico.jpg\" \/>\n\t<meta property=\"og:image:width\" content=\"1280\" \/>\n\t<meta property=\"og:image:height\" content=\"853\" \/>\n\t<meta property=\"og:image:type\" content=\"image\/jpeg\" \/>\n<meta name=\"author\" content=\"Rodrigo Zuquim\" \/>\n<meta name=\"twitter:card\" content=\"summary_large_image\" \/>\n<meta name=\"twitter:creator\" content=\"@agencia_infra\" \/>\n<meta name=\"twitter:site\" content=\"@agencia_infra\" \/>\n<meta name=\"twitter:label1\" content=\"Escrito por\" \/>\n\t<meta name=\"twitter:data1\" content=\"Rodrigo Zuquim\" \/>\n\t<meta name=\"twitter:label2\" content=\"Est. tempo de leitura\" \/>\n\t<meta name=\"twitter:data2\" content=\"2 minutos\" \/>\n<script type=\"application\/ld+json\" class=\"yoast-schema-graph\">{\"@context\":\"https:\/\/schema.org\",\"@graph\":[{\"@type\":\"Article\",\"@id\":\"https:\/\/agenciainfra.com\/blog\/sem-relator-e-consenso-para-votacao-br-do-mar-caminha-para-perder-urgencia-constitucional\/#article\",\"isPartOf\":{\"@id\":\"https:\/\/agenciainfra.com\/blog\/sem-relator-e-consenso-para-votacao-br-do-mar-caminha-para-perder-urgencia-constitucional\/\"},\"author\":{\"name\":\"Rodrigo Zuquim\",\"@id\":\"https:\/\/agenciainfra.com\/blog\/#\/schema\/person\/04dbb79bd6d8951f063da71f3e4c1eb1\"},\"headline\":\"Sem relator e consenso para vota\u00e7\u00e3o, BR do Mar caminha para perder urg\u00eancia constitucional\",\"datePublished\":\"2020-09-16T11:00:25+00:00\",\"mainEntityOfPage\":{\"@id\":\"https:\/\/agenciainfra.com\/blog\/sem-relator-e-consenso-para-votacao-br-do-mar-caminha-para-perder-urgencia-constitucional\/\"},\"wordCount\":409,\"publisher\":{\"@id\":\"https:\/\/agenciainfra.com\/blog\/#organization\"},\"image\":{\"@id\":\"https:\/\/agenciainfra.com\/blog\/sem-relator-e-consenso-para-votacao-br-do-mar-caminha-para-perder-urgencia-constitucional\/#primaryimage\"},\"thumbnailUrl\":\"https:\/\/agenciainfra.com\/blog\/wp-content\/uploads\/2020\/09\/navio-oceano-foto-dominio-publico.jpg\",\"keywords\":[\"BR do Mar\",\"cabotagem\",\"Diogo Piloni\",\"FPA\",\"Frenlogi\",\"Frente Parlamentar da Agropecu\u00e1ria\",\"ind\u00fastria naval\",\"Navega\u00e7\u00e3o\",\"PL 4.199\/2020\"],\"articleSection\":[\"Geral\",\"iNFRATransporte\"],\"inLanguage\":\"pt-BR\",\"copyrightYear\":\"2020\",\"copyrightHolder\":{\"@id\":\"https:\/\/agenciainfra.com\/blog\/#organization\"}},{\"@type\":\"WebPage\",\"@id\":\"https:\/\/agenciainfra.com\/blog\/sem-relator-e-consenso-para-votacao-br-do-mar-caminha-para-perder-urgencia-constitucional\/\",\"url\":\"https:\/\/agenciainfra.com\/blog\/sem-relator-e-consenso-para-votacao-br-do-mar-caminha-para-perder-urgencia-constitucional\/\",\"name\":\"Sem relator e consenso para vota\u00e7\u00e3o, BR do Mar caminha para perder urg\u00eancia constitucional - Ag\u00eancia iNFRA\",\"isPartOf\":{\"@id\":\"https:\/\/agenciainfra.com\/blog\/#website\"},\"primaryImageOfPage\":{\"@id\":\"https:\/\/agenciainfra.com\/blog\/sem-relator-e-consenso-para-votacao-br-do-mar-caminha-para-perder-urgencia-constitucional\/#primaryimage\"},\"image\":{\"@id\":\"https:\/\/agenciainfra.com\/blog\/sem-relator-e-consenso-para-votacao-br-do-mar-caminha-para-perder-urgencia-constitucional\/#primaryimage\"},\"thumbnailUrl\":\"https:\/\/agenciainfra.com\/blog\/wp-content\/uploads\/2020\/09\/navio-oceano-foto-dominio-publico.jpg\",\"datePublished\":\"2020-09-16T11:00:25+00:00\",\"breadcrumb\":{\"@id\":\"https:\/\/agenciainfra.com\/blog\/sem-relator-e-consenso-para-votacao-br-do-mar-caminha-para-perder-urgencia-constitucional\/#breadcrumb\"},\"inLanguage\":\"pt-BR\",\"potentialAction\":[{\"@type\":\"ReadAction\",\"target\":[\"https:\/\/agenciainfra.com\/blog\/sem-relator-e-consenso-para-votacao-br-do-mar-caminha-para-perder-urgencia-constitucional\/\"]}]},{\"@type\":\"ImageObject\",\"inLanguage\":\"pt-BR\",\"@id\":\"https:\/\/agenciainfra.com\/blog\/sem-relator-e-consenso-para-votacao-br-do-mar-caminha-para-perder-urgencia-constitucional\/#primaryimage\",\"url\":\"https:\/\/agenciainfra.com\/blog\/wp-content\/uploads\/2020\/09\/navio-oceano-foto-dominio-publico.jpg\",\"contentUrl\":\"https:\/\/agenciainfra.com\/blog\/wp-content\/uploads\/2020\/09\/navio-oceano-foto-dominio-publico.jpg\",\"width\":1280,\"height\":853},{\"@type\":\"BreadcrumbList\",\"@id\":\"https:\/\/agenciainfra.com\/blog\/sem-relator-e-consenso-para-votacao-br-do-mar-caminha-para-perder-urgencia-constitucional\/#breadcrumb\",\"itemListElement\":[{\"@type\":\"ListItem\",\"position\":1,\"name\":\"In\u00edcio\",\"item\":\"https:\/\/agenciainfra.com\/blog\/\"},{\"@type\":\"ListItem\",\"position\":2,\"name\":\"Sem relator e consenso para vota\u00e7\u00e3o, BR do Mar caminha para perder urg\u00eancia constitucional\"}]},{\"@type\":\"WebSite\",\"@id\":\"https:\/\/agenciainfra.com\/blog\/#website\",\"url\":\"https:\/\/agenciainfra.com\/blog\/\",\"name\":\"Ag\u00eancia iNFRA\",\"description\":\"Multiplataforma de informa\u00e7\u00e3o jornal\u00edstica refer\u00eancia na \u00e1rea de infraestrutura no Brasil!\",\"publisher\":{\"@id\":\"https:\/\/agenciainfra.com\/blog\/#organization\"},\"potentialAction\":[{\"@type\":\"SearchAction\",\"target\":{\"@type\":\"EntryPoint\",\"urlTemplate\":\"https:\/\/agenciainfra.com\/blog\/?s={search_term_string}\"},\"query-input\":{\"@type\":\"PropertyValueSpecification\",\"valueRequired\":true,\"valueName\":\"search_term_string\"}}],\"inLanguage\":\"pt-BR\"},{\"@type\":\"Organization\",\"@id\":\"https:\/\/agenciainfra.com\/blog\/#organization\",\"name\":\"Ag\u00eancia iNFRA\",\"url\":\"https:\/\/agenciainfra.com\/blog\/\",\"logo\":{\"@type\":\"ImageObject\",\"inLanguage\":\"pt-BR\",\"@id\":\"https:\/\/agenciainfra.com\/blog\/#\/schema\/logo\/image\/\",\"url\":\"https:\/\/agenciainfra.com\/blog\/wp-content\/uploads\/2023\/09\/iNFRA_5-e1761735885940.png\",\"contentUrl\":\"https:\/\/agenciainfra.com\/blog\/wp-content\/uploads\/2023\/09\/iNFRA_5-e1761735885940.png\",\"width\":1672,\"height\":454,\"caption\":\"Ag\u00eancia iNFRA\"},\"image\":{\"@id\":\"https:\/\/agenciainfra.com\/blog\/#\/schema\/logo\/image\/\"},\"sameAs\":[\"https:\/\/www.facebook.com\/ageninfra\",\"https:\/\/x.com\/agencia_infra\",\"https:\/\/www.linkedin.com\/company\/ag\u00eanciainfra\/\",\"https:\/\/www.instagram.com\/agenciainfra\/\"]},{\"@type\":\"Person\",\"@id\":\"https:\/\/agenciainfra.com\/blog\/#\/schema\/person\/04dbb79bd6d8951f063da71f3e4c1eb1\",\"name\":\"Rodrigo Zuquim\",\"image\":{\"@type\":\"ImageObject\",\"inLanguage\":\"pt-BR\",\"@id\":\"https:\/\/agenciainfra.com\/blog\/#\/schema\/person\/image\/\",\"url\":\"https:\/\/secure.gravatar.com\/avatar\/594abfe82761d620726242ff34ca472a705a4b97f16c790053a6b4c4035274d0?s=96&d=mm&r=g\",\"contentUrl\":\"https:\/\/secure.gravatar.com\/avatar\/594abfe82761d620726242ff34ca472a705a4b97f16c790053a6b4c4035274d0?s=96&d=mm&r=g\",\"caption\":\"Rodrigo Zuquim\"},\"url\":\"https:\/\/agenciainfra.com\/blog\/author\/rodrigo-zuquim\/\"}]}<\/script>\n<!-- \/ Yoast SEO Premium plugin. -->","yoast_head_json":{"title":"Sem relator e consenso para vota\u00e7\u00e3o, BR do Mar caminha para perder urg\u00eancia constitucional - Ag\u00eancia iNFRA","robots":{"index":"index","follow":"follow","max-snippet":"max-snippet:-1","max-image-preview":"max-image-preview:large","max-video-preview":"max-video-preview:-1"},"canonical":"https:\/\/agenciainfra.com\/blog\/sem-relator-e-consenso-para-votacao-br-do-mar-caminha-para-perder-urgencia-constitucional\/","og_locale":"pt_BR","og_type":"article","og_title":"Sem relator e consenso para vota\u00e7\u00e3o, BR do Mar caminha para perder urg\u00eancia constitucional","og_description":"Dimmi Amora, da&nbsp;Ag\u00eancia iNFRA A duas semanas de acabar o prazo para vota\u00e7\u00e3o em regime de urg\u00eancia constitucional na C\u00e2mara dos Deputados, o\u00a0Projeto de Lei 4.199\/2020, que instituiu o BR do Mar, n\u00e3o tem um relator designado ou debates marcados no Parlamento para avaliar a proposta enviada pelo governo em agosto.\u00a0Considerado um dos programas priorit\u00e1rios [&hellip;]","og_url":"https:\/\/agenciainfra.com\/blog\/sem-relator-e-consenso-para-votacao-br-do-mar-caminha-para-perder-urgencia-constitucional\/","og_site_name":"Ag\u00eancia iNFRA","article_publisher":"https:\/\/www.facebook.com\/ageninfra","article_published_time":"2020-09-16T11:00:25+00:00","og_image":[{"width":1280,"height":853,"url":"https:\/\/agenciainfra.com\/blog\/wp-content\/uploads\/2020\/09\/navio-oceano-foto-dominio-publico.jpg","type":"image\/jpeg"}],"author":"Rodrigo Zuquim","twitter_card":"summary_large_image","twitter_creator":"@agencia_infra","twitter_site":"@agencia_infra","twitter_misc":{"Escrito por":"Rodrigo Zuquim","Est. tempo de leitura":"2 minutos"},"schema":{"@context":"https:\/\/schema.org","@graph":[{"@type":"Article","@id":"https:\/\/agenciainfra.com\/blog\/sem-relator-e-consenso-para-votacao-br-do-mar-caminha-para-perder-urgencia-constitucional\/#article","isPartOf":{"@id":"https:\/\/agenciainfra.com\/blog\/sem-relator-e-consenso-para-votacao-br-do-mar-caminha-para-perder-urgencia-constitucional\/"},"author":{"name":"Rodrigo Zuquim","@id":"https:\/\/agenciainfra.com\/blog\/#\/schema\/person\/04dbb79bd6d8951f063da71f3e4c1eb1"},"headline":"Sem relator e consenso para vota\u00e7\u00e3o, BR do Mar caminha para perder urg\u00eancia constitucional","datePublished":"2020-09-16T11:00:25+00:00","mainEntityOfPage":{"@id":"https:\/\/agenciainfra.com\/blog\/sem-relator-e-consenso-para-votacao-br-do-mar-caminha-para-perder-urgencia-constitucional\/"},"wordCount":409,"publisher":{"@id":"https:\/\/agenciainfra.com\/blog\/#organization"},"image":{"@id":"https:\/\/agenciainfra.com\/blog\/sem-relator-e-consenso-para-votacao-br-do-mar-caminha-para-perder-urgencia-constitucional\/#primaryimage"},"thumbnailUrl":"https:\/\/agenciainfra.com\/blog\/wp-content\/uploads\/2020\/09\/navio-oceano-foto-dominio-publico.jpg","keywords":["BR do Mar","cabotagem","Diogo Piloni","FPA","Frenlogi","Frente Parlamentar da Agropecu\u00e1ria","ind\u00fastria naval","Navega\u00e7\u00e3o","PL 4.199\/2020"],"articleSection":["Geral","iNFRATransporte"],"inLanguage":"pt-BR","copyrightYear":"2020","copyrightHolder":{"@id":"https:\/\/agenciainfra.com\/blog\/#organization"}},{"@type":"WebPage","@id":"https:\/\/agenciainfra.com\/blog\/sem-relator-e-consenso-para-votacao-br-do-mar-caminha-para-perder-urgencia-constitucional\/","url":"https:\/\/agenciainfra.com\/blog\/sem-relator-e-consenso-para-votacao-br-do-mar-caminha-para-perder-urgencia-constitucional\/","name":"Sem relator e consenso para vota\u00e7\u00e3o, BR do Mar caminha para perder urg\u00eancia constitucional - Ag\u00eancia iNFRA","isPartOf":{"@id":"https:\/\/agenciainfra.com\/blog\/#website"},"primaryImageOfPage":{"@id":"https:\/\/agenciainfra.com\/blog\/sem-relator-e-consenso-para-votacao-br-do-mar-caminha-para-perder-urgencia-constitucional\/#primaryimage"},"image":{"@id":"https:\/\/agenciainfra.com\/blog\/sem-relator-e-consenso-para-votacao-br-do-mar-caminha-para-perder-urgencia-constitucional\/#primaryimage"},"thumbnailUrl":"https:\/\/agenciainfra.com\/blog\/wp-content\/uploads\/2020\/09\/navio-oceano-foto-dominio-publico.jpg","datePublished":"2020-09-16T11:00:25+00:00","breadcrumb":{"@id":"https:\/\/agenciainfra.com\/blog\/sem-relator-e-consenso-para-votacao-br-do-mar-caminha-para-perder-urgencia-constitucional\/#breadcrumb"},"inLanguage":"pt-BR","potentialAction":[{"@type":"ReadAction","target":["https:\/\/agenciainfra.com\/blog\/sem-relator-e-consenso-para-votacao-br-do-mar-caminha-para-perder-urgencia-constitucional\/"]}]},{"@type":"ImageObject","inLanguage":"pt-BR","@id":"https:\/\/agenciainfra.com\/blog\/sem-relator-e-consenso-para-votacao-br-do-mar-caminha-para-perder-urgencia-constitucional\/#primaryimage","url":"https:\/\/agenciainfra.com\/blog\/wp-content\/uploads\/2020\/09\/navio-oceano-foto-dominio-publico.jpg","contentUrl":"https:\/\/agenciainfra.com\/blog\/wp-content\/uploads\/2020\/09\/navio-oceano-foto-dominio-publico.jpg","width":1280,"height":853},{"@type":"BreadcrumbList","@id":"https:\/\/agenciainfra.com\/blog\/sem-relator-e-consenso-para-votacao-br-do-mar-caminha-para-perder-urgencia-constitucional\/#breadcrumb","itemListElement":[{"@type":"ListItem","position":1,"name":"In\u00edcio","item":"https:\/\/agenciainfra.com\/blog\/"},{"@type":"ListItem","position":2,"name":"Sem relator e consenso para vota\u00e7\u00e3o, BR do Mar caminha para perder urg\u00eancia constitucional"}]},{"@type":"WebSite","@id":"https:\/\/agenciainfra.com\/blog\/#website","url":"https:\/\/agenciainfra.com\/blog\/","name":"Ag\u00eancia iNFRA","description":"Multiplataforma de informa\u00e7\u00e3o jornal\u00edstica refer\u00eancia na \u00e1rea de infraestrutura no Brasil!","publisher":{"@id":"https:\/\/agenciainfra.com\/blog\/#organization"},"potentialAction":[{"@type":"SearchAction","target":{"@type":"EntryPoint","urlTemplate":"https:\/\/agenciainfra.com\/blog\/?s={search_term_string}"},"query-input":{"@type":"PropertyValueSpecification","valueRequired":true,"valueName":"search_term_string"}}],"inLanguage":"pt-BR"},{"@type":"Organization","@id":"https:\/\/agenciainfra.com\/blog\/#organization","name":"Ag\u00eancia iNFRA","url":"https:\/\/agenciainfra.com\/blog\/","logo":{"@type":"ImageObject","inLanguage":"pt-BR","@id":"https:\/\/agenciainfra.com\/blog\/#\/schema\/logo\/image\/","url":"https:\/\/agenciainfra.com\/blog\/wp-content\/uploads\/2023\/09\/iNFRA_5-e1761735885940.png","contentUrl":"https:\/\/agenciainfra.com\/blog\/wp-content\/uploads\/2023\/09\/iNFRA_5-e1761735885940.png","width":1672,"height":454,"caption":"Ag\u00eancia iNFRA"},"image":{"@id":"https:\/\/agenciainfra.com\/blog\/#\/schema\/logo\/image\/"},"sameAs":["https:\/\/www.facebook.com\/ageninfra","https:\/\/x.com\/agencia_infra","https:\/\/www.linkedin.com\/company\/ag\u00eanciainfra\/","https:\/\/www.instagram.com\/agenciainfra\/"]},{"@type":"Person","@id":"https:\/\/agenciainfra.com\/blog\/#\/schema\/person\/04dbb79bd6d8951f063da71f3e4c1eb1","name":"Rodrigo Zuquim","image":{"@type":"ImageObject","inLanguage":"pt-BR","@id":"https:\/\/agenciainfra.com\/blog\/#\/schema\/person\/image\/","url":"https:\/\/secure.gravatar.com\/avatar\/594abfe82761d620726242ff34ca472a705a4b97f16c790053a6b4c4035274d0?s=96&d=mm&r=g","contentUrl":"https:\/\/secure.gravatar.com\/avatar\/594abfe82761d620726242ff34ca472a705a4b97f16c790053a6b4c4035274d0?s=96&d=mm&r=g","caption":"Rodrigo Zuquim"},"url":"https:\/\/agenciainfra.com\/blog\/author\/rodrigo-zuquim\/"}]}},"_links":{"self":[{"href":"https:\/\/agenciainfra.com\/blog\/wp-json\/wp\/v2\/posts\/5887","targetHints":{"allow":["GET"]}}],"collection":[{"href":"https:\/\/agenciainfra.com\/blog\/wp-json\/wp\/v2\/posts"}],"about":[{"href":"https:\/\/agenciainfra.com\/blog\/wp-json\/wp\/v2\/types\/post"}],"author":[{"embeddable":true,"href":"https:\/\/agenciainfra.com\/blog\/wp-json\/wp\/v2\/users\/9"}],"replies":[{"embeddable":true,"href":"https:\/\/agenciainfra.com\/blog\/wp-json\/wp\/v2\/comments?post=5887"}],"version-history":[{"count":0,"href":"https:\/\/agenciainfra.com\/blog\/wp-json\/wp\/v2\/posts\/5887\/revisions"}],"wp:featuredmedia":[{"embeddable":true,"href":"https:\/\/agenciainfra.com\/blog\/wp-json\/wp\/v2\/media\/5888"}],"wp:attachment":[{"href":"https:\/\/agenciainfra.com\/blog\/wp-json\/wp\/v2\/media?parent=5887"}],"wp:term":[{"taxonomy":"category","embeddable":true,"href":"https:\/\/agenciainfra.com\/blog\/wp-json\/wp\/v2\/categories?post=5887"},{"taxonomy":"post_tag","embeddable":true,"href":"https:\/\/agenciainfra.com\/blog\/wp-json\/wp\/v2\/tags?post=5887"}],"curies":[{"name":"wp","href":"https:\/\/api.w.org\/{rel}","templated":true}]}}