{"id":5893,"date":"2020-09-15T13:00:00","date_gmt":"2020-09-15T16:00:00","guid":{"rendered":"https:\/\/www.agenciainfra.com\/blog\/?p=5893"},"modified":"2020-09-14T12:10:23","modified_gmt":"2020-09-14T15:10:23","slug":"infradebate-10-mil-agentes-marco-abstrato-de-um-mercado-em-expansao-concreta","status":"publish","type":"post","link":"https:\/\/agenciainfra.com\/blog\/infradebate-10-mil-agentes-marco-abstrato-de-um-mercado-em-expansao-concreta\/","title":{"rendered":"iNFRADebate: 10 mil agentes \u2013 marco abstrato de um mercado em expans\u00e3o concreta"},"content":{"rendered":"\n<p class=\"has-text-align-right\"><strong>Rui Altieri*<\/strong><\/p>\n\n\n\n<p>Recentemente, a CCEE (C\u00e2mara de Comercializa\u00e7\u00e3o de Energia El\u00e9trica) alcan\u00e7ou a marca de 10 mil empresas associadas. Em cinco anos, o mercado triplicou de tamanho. Quando assumi a presid\u00eancia desta organiza\u00e7\u00e3o, em 2015, cont\u00e1vamos com 3.244 agentes. Diversos fatores contribu\u00edram para esse aumento exponencial: leil\u00f5es de sucesso, maior atratividade do mercado livre, cria\u00e7\u00e3o de comercializadoras, entre outras. Mas os n\u00fameros por si s\u00f3 nem sempre representam a realidade completa.<\/p>\n\n\n\n<p>Ser\u00e1 que 10 mil representa o potencial da comercializa\u00e7\u00e3o de energia na atualidade? Mesmo se o n\u00famero for multiplicado e falarmos em 21 mil ativos registrados, reunindo cargas e unidades geradoras? Ou se amplificarmos ainda mais o olhar para os pontos de medi\u00e7\u00e3o vinculados a cada conex\u00e3o? Seriam 38 mil. Por mais significativos e simb\u00f3licos que os n\u00fameros sejam, alcan\u00e7ar marcas expressivas carrega significados para al\u00e9m desses objetos abstratos da matem\u00e1tica.<\/p>\n\n\n\n<p>\u00c9 preciso olhar o que est\u00e1 por tr\u00e1s dos n\u00fameros, sem menosprezar sua import\u00e2ncia. Precisamos destacar, por exemplo, a equa\u00e7\u00e3o que sustenta o crescimento permanente do mercado: estabilidade regulat\u00f3ria, respeito aos contratos e oportunidades. Mesmo com impactos de crises econ\u00f4micas internacionais e nacionais, discuss\u00f5es jur\u00eddicas e morosidade em avan\u00e7os do mercado, os investidores e a ind\u00fastria permanecem acreditando na rentabilidade e na solidez do setor el\u00e9trico e isso nos d\u00e1 a clareza de que a trajet\u00f3ria \u00e9 de sucesso.&nbsp;<\/p>\n\n\n\n<p>Ou, em outra frente, refor\u00e7ar tamb\u00e9m como caminhamos para a constru\u00e7\u00e3o de um mercado cada vez mais aberto para o consumidor, o que \u00e9 natural. H\u00e1 um anseio da sociedade por mais liberdade de escolha e pelo poder de decis\u00e3o dos indiv\u00edduos. Isso tem transformado as rela\u00e7\u00f5es comerciais e a economia em diversos pa\u00edses. N\u00e3o seria diferente no setor el\u00e9trico brasileiro. A moderniza\u00e7\u00e3o vai al\u00e9m da inser\u00e7\u00e3o de tecnologia, pressup\u00f5e um olhar vanguardista.<\/p>\n\n\n\n<p>Se imaginamos um mercado amplamente aberto, com cada vez mais consumidores, ser\u00e1 que precisamos j\u00e1 nos prepararmos com novas regulamenta\u00e7\u00f5es ou estruturas para garantir boas experi\u00eancias aos entrantes? At\u00e9 quando o varejista ser\u00e1 uma figura atuante para apenas uma pequena parcela de empresas? N\u00e3o podemos apenas comemorar o crescimento dos n\u00fameros da comercializa\u00e7\u00e3o, precisamos garantir que todos os 10 mil, 20 mil ou 30 mil agentes tenham condi\u00e7\u00f5es ison\u00f4micas em sua atua\u00e7\u00e3o. E isso n\u00e3o significa equidade, pois o princ\u00edpio da isonomia pressup\u00f5e o respeito \u00e0s diferen\u00e7as contextuais para aplica\u00e7\u00e3o igualit\u00e1ria de regras e normas.<\/p>\n\n\n\n<p>Cabe a n\u00f3s, l\u00edderes de institui\u00e7\u00f5es, de empresas e de organiza\u00e7\u00f5es assumirmos as r\u00e9deas e nos despirmos de convic\u00e7\u00f5es ideol\u00f3gicas para nos anteciparmos \u00e0s necessidades e quest\u00f5es futuras que se desenham. Precisamos colocar as quest\u00f5es conjunturais em seu devido lugar, de solu\u00e7\u00f5es r\u00e1pidas e eficazes, deixando que fatores estruturais assumam o protagonismo do planejamento e do crescimento.<\/p>\n\n\n\n<p>Teremos que aprender com os desafios do passado. Nos \u00faltimos anos, despendemos esfor\u00e7os constantes para destravar o risco hidrol\u00f3gico. Uma sigla que era de conhecimento apenas dos especialistas em energia, se tornou s\u00edmbolo do setor para advogados, ju\u00edzes, jornalistas, pol\u00edticos e investidores. O \u201cGSF\u201d deixou de ser uma quest\u00e3o t\u00e9cnica e virou um asterisco incorporado aos investimentos, receitas e planejamento do mercado. Espero que o setor cada vez mais procure solu\u00e7\u00f5es internas para evitar que o gr\u00e3o de neve se transforme em uma avalanche.<\/p>\n\n\n\n<p>Olhemos para o pre\u00e7o hor\u00e1rio. Discutimos sua ado\u00e7\u00e3o desde o desenho do novo modelo, no projeto RE-SEB, ainda na d\u00e9cada de 90. Estudamos, analisamos, paramos, retomamos e s\u00f3 agora, em janeiro de 2021, vamos implementar. E, mesmo assim, sentimos a corda da resist\u00eancia \u00e0 mudan\u00e7a se tencionar. \u00c9 preciso enfrentar o novo, a moderniza\u00e7\u00e3o do setor convive intrinsecamente com os medos das transforma\u00e7\u00f5es.\u00a0\u00a0<\/p>\n\n\n\n<p>Enfim, estamos comemorando os 10 mil agentes, o que demonstra o crescimento e a for\u00e7a do mercado de energia. Em breve, vamos alcan\u00e7ar novas marcas e n\u00fameros importantes. Essa evolu\u00e7\u00e3o precisa ser acompanhada por melhorias regulat\u00f3rias concretas e \u00e9 preciso coragem para continuar expandindo de forma sustent\u00e1vel.<\/p>\n\n\n\n<h6 class=\"wp-block-heading\"><strong>*Rui Altieri \u00e9 presidente do Conselho de Administra\u00e7\u00e3o da CCEE (C\u00e2mara de Comercializa\u00e7\u00e3o de Energia El\u00e9trica).<\/strong><\/h6>\n\n\n\n<h5 class=\"wp-block-heading\">O iNFRADebate \u00e9 o espa\u00e7o de artigos da Ag\u00eancia iNFRA com opini\u00f5es de seus atores que n\u00e3o refletem necessariamente o pensamento da Ag\u00eancia iNFRA, sendo de total responsabilidade do autor as informa\u00e7\u00f5es, ju\u00edzos de valor e conceitos descritos no texto.<\/h5>\n","protected":false},"excerpt":{"rendered":"<p>Rui Altieri* Recentemente, a CCEE (C\u00e2mara de Comercializa\u00e7\u00e3o de Energia El\u00e9trica) alcan\u00e7ou a marca de 10 mil empresas associadas. Em cinco anos, o mercado triplicou de tamanho. Quando assumi a presid\u00eancia desta organiza\u00e7\u00e3o, em 2015, cont\u00e1vamos com 3.244 agentes. Diversos fatores contribu\u00edram para esse aumento exponencial: leil\u00f5es de sucesso, maior atratividade do mercado livre, cria\u00e7\u00e3o [&hellip;]<\/p>\n","protected":false},"author":9,"featured_media":4318,"comment_status":"closed","ping_status":"closed","sticky":false,"template":"","format":"standard","meta":{"_monsterinsights_skip_tracking":false,"_monsterinsights_sitenote_active":false,"_monsterinsights_sitenote_note":"","_monsterinsights_sitenote_category":0,"footnotes":""},"categories":[1,11],"tags":[14,2679,55,2648,1036,874,54],"class_list":["post-5893","post","type-post","status-publish","format-standard","has-post-thumbnail","hentry","category-geral","category-infradebate","tag-ccee","tag-comercializadoras","tag-mercado-livre","tag-modernizacao","tag-preco-horario","tag-rui-altieri","tag-setor-eletrico"],"yoast_head":"<!-- This site is optimized with the Yoast SEO Premium plugin v25.4 (Yoast SEO v26.0) - https:\/\/yoast.com\/wordpress\/plugins\/seo\/ -->\n<title>iNFRADebate: 10 mil agentes \u2013 marco abstrato de um mercado em expans\u00e3o concreta - Ag\u00eancia iNFRA<\/title>\n<meta name=\"robots\" content=\"index, follow, max-snippet:-1, max-image-preview:large, max-video-preview:-1\" \/>\n<link rel=\"canonical\" href=\"https:\/\/agenciainfra.com\/blog\/infradebate-10-mil-agentes-marco-abstrato-de-um-mercado-em-expansao-concreta\/\" \/>\n<meta property=\"og:locale\" content=\"pt_BR\" \/>\n<meta property=\"og:type\" content=\"article\" \/>\n<meta property=\"og:title\" content=\"iNFRADebate: 10 mil agentes \u2013 marco abstrato de um mercado em expans\u00e3o concreta\" \/>\n<meta property=\"og:description\" content=\"Rui Altieri* Recentemente, a CCEE (C\u00e2mara de Comercializa\u00e7\u00e3o de Energia El\u00e9trica) alcan\u00e7ou a marca de 10 mil empresas associadas. Em cinco anos, o mercado triplicou de tamanho. Quando assumi a presid\u00eancia desta organiza\u00e7\u00e3o, em 2015, cont\u00e1vamos com 3.244 agentes. Diversos fatores contribu\u00edram para esse aumento exponencial: leil\u00f5es de sucesso, maior atratividade do mercado livre, cria\u00e7\u00e3o [&hellip;]\" \/>\n<meta property=\"og:url\" content=\"https:\/\/agenciainfra.com\/blog\/infradebate-10-mil-agentes-marco-abstrato-de-um-mercado-em-expansao-concreta\/\" \/>\n<meta property=\"og:site_name\" content=\"Ag\u00eancia iNFRA\" \/>\n<meta property=\"article:publisher\" content=\"https:\/\/www.facebook.com\/ageninfra\" \/>\n<meta property=\"article:published_time\" content=\"2020-09-15T16:00:00+00:00\" \/>\n<meta property=\"og:image\" content=\"https:\/\/agenciainfra.com\/blog\/wp-content\/uploads\/2020\/01\/rui-altieri-CCEE.jpg\" \/>\n\t<meta property=\"og:image:width\" content=\"1200\" \/>\n\t<meta property=\"og:image:height\" content=\"800\" \/>\n\t<meta property=\"og:image:type\" content=\"image\/jpeg\" \/>\n<meta name=\"author\" content=\"Rodrigo Zuquim\" \/>\n<meta name=\"twitter:card\" content=\"summary_large_image\" \/>\n<meta name=\"twitter:creator\" content=\"@agencia_infra\" \/>\n<meta name=\"twitter:site\" content=\"@agencia_infra\" \/>\n<meta name=\"twitter:label1\" content=\"Escrito por\" \/>\n\t<meta name=\"twitter:data1\" content=\"Rodrigo Zuquim\" \/>\n\t<meta name=\"twitter:label2\" content=\"Est. tempo de leitura\" \/>\n\t<meta name=\"twitter:data2\" content=\"4 minutos\" \/>\n<script type=\"application\/ld+json\" class=\"yoast-schema-graph\">{\"@context\":\"https:\/\/schema.org\",\"@graph\":[{\"@type\":\"Article\",\"@id\":\"https:\/\/agenciainfra.com\/blog\/infradebate-10-mil-agentes-marco-abstrato-de-um-mercado-em-expansao-concreta\/#article\",\"isPartOf\":{\"@id\":\"https:\/\/agenciainfra.com\/blog\/infradebate-10-mil-agentes-marco-abstrato-de-um-mercado-em-expansao-concreta\/\"},\"author\":{\"name\":\"Rodrigo Zuquim\",\"@id\":\"https:\/\/agenciainfra.com\/blog\/#\/schema\/person\/04dbb79bd6d8951f063da71f3e4c1eb1\"},\"headline\":\"iNFRADebate: 10 mil agentes \u2013 marco abstrato de um mercado em expans\u00e3o concreta\",\"datePublished\":\"2020-09-15T16:00:00+00:00\",\"mainEntityOfPage\":{\"@id\":\"https:\/\/agenciainfra.com\/blog\/infradebate-10-mil-agentes-marco-abstrato-de-um-mercado-em-expansao-concreta\/\"},\"wordCount\":793,\"publisher\":{\"@id\":\"https:\/\/agenciainfra.com\/blog\/#organization\"},\"image\":{\"@id\":\"https:\/\/agenciainfra.com\/blog\/infradebate-10-mil-agentes-marco-abstrato-de-um-mercado-em-expansao-concreta\/#primaryimage\"},\"thumbnailUrl\":\"https:\/\/agenciainfra.com\/blog\/wp-content\/uploads\/2020\/01\/rui-altieri-CCEE.jpg\",\"keywords\":[\"ccee\",\"comercializadoras\",\"mercado livre\",\"moderniza\u00e7\u00e3o\",\"pre\u00e7o hor\u00e1rio\",\"Rui Altieri\",\"Setor El\u00e9trico\"],\"articleSection\":[\"Geral\",\"iNFRADebate\"],\"inLanguage\":\"pt-BR\",\"copyrightYear\":\"2020\",\"copyrightHolder\":{\"@id\":\"https:\/\/agenciainfra.com\/blog\/#organization\"}},{\"@type\":\"WebPage\",\"@id\":\"https:\/\/agenciainfra.com\/blog\/infradebate-10-mil-agentes-marco-abstrato-de-um-mercado-em-expansao-concreta\/\",\"url\":\"https:\/\/agenciainfra.com\/blog\/infradebate-10-mil-agentes-marco-abstrato-de-um-mercado-em-expansao-concreta\/\",\"name\":\"iNFRADebate: 10 mil agentes \u2013 marco abstrato de um mercado em expans\u00e3o concreta - Ag\u00eancia iNFRA\",\"isPartOf\":{\"@id\":\"https:\/\/agenciainfra.com\/blog\/#website\"},\"primaryImageOfPage\":{\"@id\":\"https:\/\/agenciainfra.com\/blog\/infradebate-10-mil-agentes-marco-abstrato-de-um-mercado-em-expansao-concreta\/#primaryimage\"},\"image\":{\"@id\":\"https:\/\/agenciainfra.com\/blog\/infradebate-10-mil-agentes-marco-abstrato-de-um-mercado-em-expansao-concreta\/#primaryimage\"},\"thumbnailUrl\":\"https:\/\/agenciainfra.com\/blog\/wp-content\/uploads\/2020\/01\/rui-altieri-CCEE.jpg\",\"datePublished\":\"2020-09-15T16:00:00+00:00\",\"breadcrumb\":{\"@id\":\"https:\/\/agenciainfra.com\/blog\/infradebate-10-mil-agentes-marco-abstrato-de-um-mercado-em-expansao-concreta\/#breadcrumb\"},\"inLanguage\":\"pt-BR\",\"potentialAction\":[{\"@type\":\"ReadAction\",\"target\":[\"https:\/\/agenciainfra.com\/blog\/infradebate-10-mil-agentes-marco-abstrato-de-um-mercado-em-expansao-concreta\/\"]}]},{\"@type\":\"ImageObject\",\"inLanguage\":\"pt-BR\",\"@id\":\"https:\/\/agenciainfra.com\/blog\/infradebate-10-mil-agentes-marco-abstrato-de-um-mercado-em-expansao-concreta\/#primaryimage\",\"url\":\"https:\/\/agenciainfra.com\/blog\/wp-content\/uploads\/2020\/01\/rui-altieri-CCEE.jpg\",\"contentUrl\":\"https:\/\/agenciainfra.com\/blog\/wp-content\/uploads\/2020\/01\/rui-altieri-CCEE.jpg\",\"width\":1200,\"height\":800},{\"@type\":\"BreadcrumbList\",\"@id\":\"https:\/\/agenciainfra.com\/blog\/infradebate-10-mil-agentes-marco-abstrato-de-um-mercado-em-expansao-concreta\/#breadcrumb\",\"itemListElement\":[{\"@type\":\"ListItem\",\"position\":1,\"name\":\"In\u00edcio\",\"item\":\"https:\/\/agenciainfra.com\/blog\/\"},{\"@type\":\"ListItem\",\"position\":2,\"name\":\"iNFRADebate: 10 mil agentes \u2013 marco abstrato de um mercado em expans\u00e3o concreta\"}]},{\"@type\":\"WebSite\",\"@id\":\"https:\/\/agenciainfra.com\/blog\/#website\",\"url\":\"https:\/\/agenciainfra.com\/blog\/\",\"name\":\"Ag\u00eancia iNFRA\",\"description\":\"Multiplataforma de informa\u00e7\u00e3o jornal\u00edstica refer\u00eancia na \u00e1rea de infraestrutura no Brasil!\",\"publisher\":{\"@id\":\"https:\/\/agenciainfra.com\/blog\/#organization\"},\"potentialAction\":[{\"@type\":\"SearchAction\",\"target\":{\"@type\":\"EntryPoint\",\"urlTemplate\":\"https:\/\/agenciainfra.com\/blog\/?s={search_term_string}\"},\"query-input\":{\"@type\":\"PropertyValueSpecification\",\"valueRequired\":true,\"valueName\":\"search_term_string\"}}],\"inLanguage\":\"pt-BR\"},{\"@type\":\"Organization\",\"@id\":\"https:\/\/agenciainfra.com\/blog\/#organization\",\"name\":\"Ag\u00eancia iNFRA\",\"url\":\"https:\/\/agenciainfra.com\/blog\/\",\"logo\":{\"@type\":\"ImageObject\",\"inLanguage\":\"pt-BR\",\"@id\":\"https:\/\/agenciainfra.com\/blog\/#\/schema\/logo\/image\/\",\"url\":\"https:\/\/agenciainfra.com\/blog\/wp-content\/uploads\/2023\/09\/iNFRA_5-e1761735885940.png\",\"contentUrl\":\"https:\/\/agenciainfra.com\/blog\/wp-content\/uploads\/2023\/09\/iNFRA_5-e1761735885940.png\",\"width\":1672,\"height\":454,\"caption\":\"Ag\u00eancia iNFRA\"},\"image\":{\"@id\":\"https:\/\/agenciainfra.com\/blog\/#\/schema\/logo\/image\/\"},\"sameAs\":[\"https:\/\/www.facebook.com\/ageninfra\",\"https:\/\/x.com\/agencia_infra\",\"https:\/\/www.linkedin.com\/company\/ag\u00eanciainfra\/\",\"https:\/\/www.instagram.com\/agenciainfra\/\"]},{\"@type\":\"Person\",\"@id\":\"https:\/\/agenciainfra.com\/blog\/#\/schema\/person\/04dbb79bd6d8951f063da71f3e4c1eb1\",\"name\":\"Rodrigo Zuquim\",\"image\":{\"@type\":\"ImageObject\",\"inLanguage\":\"pt-BR\",\"@id\":\"https:\/\/agenciainfra.com\/blog\/#\/schema\/person\/image\/\",\"url\":\"https:\/\/secure.gravatar.com\/avatar\/594abfe82761d620726242ff34ca472a705a4b97f16c790053a6b4c4035274d0?s=96&d=mm&r=g\",\"contentUrl\":\"https:\/\/secure.gravatar.com\/avatar\/594abfe82761d620726242ff34ca472a705a4b97f16c790053a6b4c4035274d0?s=96&d=mm&r=g\",\"caption\":\"Rodrigo Zuquim\"},\"url\":\"https:\/\/agenciainfra.com\/blog\/author\/rodrigo-zuquim\/\"}]}<\/script>\n<!-- \/ Yoast SEO Premium plugin. -->","yoast_head_json":{"title":"iNFRADebate: 10 mil agentes \u2013 marco abstrato de um mercado em expans\u00e3o concreta - Ag\u00eancia iNFRA","robots":{"index":"index","follow":"follow","max-snippet":"max-snippet:-1","max-image-preview":"max-image-preview:large","max-video-preview":"max-video-preview:-1"},"canonical":"https:\/\/agenciainfra.com\/blog\/infradebate-10-mil-agentes-marco-abstrato-de-um-mercado-em-expansao-concreta\/","og_locale":"pt_BR","og_type":"article","og_title":"iNFRADebate: 10 mil agentes \u2013 marco abstrato de um mercado em expans\u00e3o concreta","og_description":"Rui Altieri* Recentemente, a CCEE (C\u00e2mara de Comercializa\u00e7\u00e3o de Energia El\u00e9trica) alcan\u00e7ou a marca de 10 mil empresas associadas. Em cinco anos, o mercado triplicou de tamanho. Quando assumi a presid\u00eancia desta organiza\u00e7\u00e3o, em 2015, cont\u00e1vamos com 3.244 agentes. Diversos fatores contribu\u00edram para esse aumento exponencial: leil\u00f5es de sucesso, maior atratividade do mercado livre, cria\u00e7\u00e3o [&hellip;]","og_url":"https:\/\/agenciainfra.com\/blog\/infradebate-10-mil-agentes-marco-abstrato-de-um-mercado-em-expansao-concreta\/","og_site_name":"Ag\u00eancia iNFRA","article_publisher":"https:\/\/www.facebook.com\/ageninfra","article_published_time":"2020-09-15T16:00:00+00:00","og_image":[{"width":1200,"height":800,"url":"https:\/\/agenciainfra.com\/blog\/wp-content\/uploads\/2020\/01\/rui-altieri-CCEE.jpg","type":"image\/jpeg"}],"author":"Rodrigo Zuquim","twitter_card":"summary_large_image","twitter_creator":"@agencia_infra","twitter_site":"@agencia_infra","twitter_misc":{"Escrito por":"Rodrigo Zuquim","Est. tempo de leitura":"4 minutos"},"schema":{"@context":"https:\/\/schema.org","@graph":[{"@type":"Article","@id":"https:\/\/agenciainfra.com\/blog\/infradebate-10-mil-agentes-marco-abstrato-de-um-mercado-em-expansao-concreta\/#article","isPartOf":{"@id":"https:\/\/agenciainfra.com\/blog\/infradebate-10-mil-agentes-marco-abstrato-de-um-mercado-em-expansao-concreta\/"},"author":{"name":"Rodrigo Zuquim","@id":"https:\/\/agenciainfra.com\/blog\/#\/schema\/person\/04dbb79bd6d8951f063da71f3e4c1eb1"},"headline":"iNFRADebate: 10 mil agentes \u2013 marco abstrato de um mercado em expans\u00e3o concreta","datePublished":"2020-09-15T16:00:00+00:00","mainEntityOfPage":{"@id":"https:\/\/agenciainfra.com\/blog\/infradebate-10-mil-agentes-marco-abstrato-de-um-mercado-em-expansao-concreta\/"},"wordCount":793,"publisher":{"@id":"https:\/\/agenciainfra.com\/blog\/#organization"},"image":{"@id":"https:\/\/agenciainfra.com\/blog\/infradebate-10-mil-agentes-marco-abstrato-de-um-mercado-em-expansao-concreta\/#primaryimage"},"thumbnailUrl":"https:\/\/agenciainfra.com\/blog\/wp-content\/uploads\/2020\/01\/rui-altieri-CCEE.jpg","keywords":["ccee","comercializadoras","mercado livre","moderniza\u00e7\u00e3o","pre\u00e7o hor\u00e1rio","Rui Altieri","Setor El\u00e9trico"],"articleSection":["Geral","iNFRADebate"],"inLanguage":"pt-BR","copyrightYear":"2020","copyrightHolder":{"@id":"https:\/\/agenciainfra.com\/blog\/#organization"}},{"@type":"WebPage","@id":"https:\/\/agenciainfra.com\/blog\/infradebate-10-mil-agentes-marco-abstrato-de-um-mercado-em-expansao-concreta\/","url":"https:\/\/agenciainfra.com\/blog\/infradebate-10-mil-agentes-marco-abstrato-de-um-mercado-em-expansao-concreta\/","name":"iNFRADebate: 10 mil agentes \u2013 marco abstrato de um mercado em expans\u00e3o concreta - Ag\u00eancia iNFRA","isPartOf":{"@id":"https:\/\/agenciainfra.com\/blog\/#website"},"primaryImageOfPage":{"@id":"https:\/\/agenciainfra.com\/blog\/infradebate-10-mil-agentes-marco-abstrato-de-um-mercado-em-expansao-concreta\/#primaryimage"},"image":{"@id":"https:\/\/agenciainfra.com\/blog\/infradebate-10-mil-agentes-marco-abstrato-de-um-mercado-em-expansao-concreta\/#primaryimage"},"thumbnailUrl":"https:\/\/agenciainfra.com\/blog\/wp-content\/uploads\/2020\/01\/rui-altieri-CCEE.jpg","datePublished":"2020-09-15T16:00:00+00:00","breadcrumb":{"@id":"https:\/\/agenciainfra.com\/blog\/infradebate-10-mil-agentes-marco-abstrato-de-um-mercado-em-expansao-concreta\/#breadcrumb"},"inLanguage":"pt-BR","potentialAction":[{"@type":"ReadAction","target":["https:\/\/agenciainfra.com\/blog\/infradebate-10-mil-agentes-marco-abstrato-de-um-mercado-em-expansao-concreta\/"]}]},{"@type":"ImageObject","inLanguage":"pt-BR","@id":"https:\/\/agenciainfra.com\/blog\/infradebate-10-mil-agentes-marco-abstrato-de-um-mercado-em-expansao-concreta\/#primaryimage","url":"https:\/\/agenciainfra.com\/blog\/wp-content\/uploads\/2020\/01\/rui-altieri-CCEE.jpg","contentUrl":"https:\/\/agenciainfra.com\/blog\/wp-content\/uploads\/2020\/01\/rui-altieri-CCEE.jpg","width":1200,"height":800},{"@type":"BreadcrumbList","@id":"https:\/\/agenciainfra.com\/blog\/infradebate-10-mil-agentes-marco-abstrato-de-um-mercado-em-expansao-concreta\/#breadcrumb","itemListElement":[{"@type":"ListItem","position":1,"name":"In\u00edcio","item":"https:\/\/agenciainfra.com\/blog\/"},{"@type":"ListItem","position":2,"name":"iNFRADebate: 10 mil agentes \u2013 marco abstrato de um mercado em expans\u00e3o concreta"}]},{"@type":"WebSite","@id":"https:\/\/agenciainfra.com\/blog\/#website","url":"https:\/\/agenciainfra.com\/blog\/","name":"Ag\u00eancia iNFRA","description":"Multiplataforma de informa\u00e7\u00e3o jornal\u00edstica refer\u00eancia na \u00e1rea de infraestrutura no Brasil!","publisher":{"@id":"https:\/\/agenciainfra.com\/blog\/#organization"},"potentialAction":[{"@type":"SearchAction","target":{"@type":"EntryPoint","urlTemplate":"https:\/\/agenciainfra.com\/blog\/?s={search_term_string}"},"query-input":{"@type":"PropertyValueSpecification","valueRequired":true,"valueName":"search_term_string"}}],"inLanguage":"pt-BR"},{"@type":"Organization","@id":"https:\/\/agenciainfra.com\/blog\/#organization","name":"Ag\u00eancia iNFRA","url":"https:\/\/agenciainfra.com\/blog\/","logo":{"@type":"ImageObject","inLanguage":"pt-BR","@id":"https:\/\/agenciainfra.com\/blog\/#\/schema\/logo\/image\/","url":"https:\/\/agenciainfra.com\/blog\/wp-content\/uploads\/2023\/09\/iNFRA_5-e1761735885940.png","contentUrl":"https:\/\/agenciainfra.com\/blog\/wp-content\/uploads\/2023\/09\/iNFRA_5-e1761735885940.png","width":1672,"height":454,"caption":"Ag\u00eancia iNFRA"},"image":{"@id":"https:\/\/agenciainfra.com\/blog\/#\/schema\/logo\/image\/"},"sameAs":["https:\/\/www.facebook.com\/ageninfra","https:\/\/x.com\/agencia_infra","https:\/\/www.linkedin.com\/company\/ag\u00eanciainfra\/","https:\/\/www.instagram.com\/agenciainfra\/"]},{"@type":"Person","@id":"https:\/\/agenciainfra.com\/blog\/#\/schema\/person\/04dbb79bd6d8951f063da71f3e4c1eb1","name":"Rodrigo Zuquim","image":{"@type":"ImageObject","inLanguage":"pt-BR","@id":"https:\/\/agenciainfra.com\/blog\/#\/schema\/person\/image\/","url":"https:\/\/secure.gravatar.com\/avatar\/594abfe82761d620726242ff34ca472a705a4b97f16c790053a6b4c4035274d0?s=96&d=mm&r=g","contentUrl":"https:\/\/secure.gravatar.com\/avatar\/594abfe82761d620726242ff34ca472a705a4b97f16c790053a6b4c4035274d0?s=96&d=mm&r=g","caption":"Rodrigo Zuquim"},"url":"https:\/\/agenciainfra.com\/blog\/author\/rodrigo-zuquim\/"}]}},"_links":{"self":[{"href":"https:\/\/agenciainfra.com\/blog\/wp-json\/wp\/v2\/posts\/5893","targetHints":{"allow":["GET"]}}],"collection":[{"href":"https:\/\/agenciainfra.com\/blog\/wp-json\/wp\/v2\/posts"}],"about":[{"href":"https:\/\/agenciainfra.com\/blog\/wp-json\/wp\/v2\/types\/post"}],"author":[{"embeddable":true,"href":"https:\/\/agenciainfra.com\/blog\/wp-json\/wp\/v2\/users\/9"}],"replies":[{"embeddable":true,"href":"https:\/\/agenciainfra.com\/blog\/wp-json\/wp\/v2\/comments?post=5893"}],"version-history":[{"count":0,"href":"https:\/\/agenciainfra.com\/blog\/wp-json\/wp\/v2\/posts\/5893\/revisions"}],"wp:featuredmedia":[{"embeddable":true,"href":"https:\/\/agenciainfra.com\/blog\/wp-json\/wp\/v2\/media\/4318"}],"wp:attachment":[{"href":"https:\/\/agenciainfra.com\/blog\/wp-json\/wp\/v2\/media?parent=5893"}],"wp:term":[{"taxonomy":"category","embeddable":true,"href":"https:\/\/agenciainfra.com\/blog\/wp-json\/wp\/v2\/categories?post=5893"},{"taxonomy":"post_tag","embeddable":true,"href":"https:\/\/agenciainfra.com\/blog\/wp-json\/wp\/v2\/tags?post=5893"}],"curies":[{"name":"wp","href":"https:\/\/api.w.org\/{rel}","templated":true}]}}