{"id":5897,"date":"2020-09-15T07:37:02","date_gmt":"2020-09-15T10:37:02","guid":{"rendered":"https:\/\/www.agenciainfra.com\/blog\/?p=5897"},"modified":"2020-09-15T07:37:08","modified_gmt":"2020-09-15T10:37:08","slug":"luz-para-todos-e-mais-luz-para-a-amazonia-terao-subsidios-de-r-11-bilhao-na-cde-em-2021","status":"publish","type":"post","link":"https:\/\/agenciainfra.com\/blog\/luz-para-todos-e-mais-luz-para-a-amazonia-terao-subsidios-de-r-11-bilhao-na-cde-em-2021\/","title":{"rendered":"Luz para Todos e Mais Luz para a Amaz\u00f4nia ter\u00e3o subs\u00eddios de R$ 1,1 bilh\u00e3o na CDE em 2021"},"content":{"rendered":"\n<p class=\"has-text-align-right\"><strong>da Ag\u00eancia iNFRA<\/strong><\/p>\n\n\n\n<p>Portaria 342 do Minist\u00e9rio de Minas e Energia aprovou a proposta de or\u00e7amento da CDE (Conta de Desenvolvimento Energ\u00e9tico) dos Programas &#8220;Mais Luz Para a Amaz\u00f4nia&#8221; e &#8220;Luz Para Todos&#8221; para o ano de 2021.<\/p>\n\n\n\n<p>O ato foi publicado no Di\u00e1rio Oficial da Uni\u00e3o de hoje (15) e ser\u00e3o distribu\u00eddos para 13 estados da Federa\u00e7\u00e3o um total de R$ 1,1 bilh\u00e3o. Os valores que ser\u00e3o alocados para os programas em cada estado est\u00e3o em tabela dispon\u00edvel <a rel=\"noreferrer noopener\" href=\"https:\/\/pesquisa.in.gov.br\/imprensa\/jsp\/visualiza\/index.jsp?data=15\/09\/2020&amp;jornal=515&amp;pagina=84&amp;totalArquivos=109\" target=\"_blank\">neste link<\/a>.<\/p>\n\n\n\n<p>A CDE \u00e9 um fundo setorial que tem como objetivo custear diversas pol\u00edticas p\u00fablicas do setor el\u00e9trico brasileiro, entre elas a universaliza\u00e7\u00e3o do servi\u00e7o de energia el\u00e9trica. Ela tamb\u00e9m d\u00e1 subs\u00eddios a setores espec\u00edficos e paga o combust\u00edvel que gera energia em \u00e1reas isoladas do sistema interligado nacional.<\/p>\n\n\n\n<p>O valor final da CDE \u00e9 definido a cada ano pela ANEEL e esse valor \u00e9 dividido entre os usu\u00e1rios do sistema, que pagam um valor a mais na conta de energia para bancar as pol\u00edticas inclu\u00eddas na CDE.\u00a0Em 2020, o or\u00e7amento da CDE ficou em R$ 21,9 bilh\u00f5es, valor que foi 8% superior ao de 2019, de acordo com a ANEEL.<\/p>\n\n\n\n<p>Com a defini\u00e7\u00e3o dos valores dos programas sociais do governo, a ag\u00eancia reguladora agora vai anexar as previs\u00f5es de gastos em outras \u00e1reas, como a CCC (Conta de Comercializa\u00e7\u00e3o de Combust\u00edveis), e definir o valor da CDE para 2021.<\/p>\n","protected":false},"excerpt":{"rendered":"<p>da Ag\u00eancia iNFRA Portaria 342 do Minist\u00e9rio de Minas e Energia aprovou a proposta de or\u00e7amento da CDE (Conta de Desenvolvimento Energ\u00e9tico) dos Programas &#8220;Mais Luz Para a Amaz\u00f4nia&#8221; e &#8220;Luz Para Todos&#8221; para o ano de 2021. O ato foi publicado no Di\u00e1rio Oficial da Uni\u00e3o de hoje (15) e ser\u00e3o distribu\u00eddos para 13 [&hellip;]<\/p>\n","protected":false},"author":9,"featured_media":5898,"comment_status":"closed","ping_status":"closed","sticky":false,"template":"","format":"standard","meta":{"_monsterinsights_skip_tracking":false,"_monsterinsights_sitenote_active":false,"_monsterinsights_sitenote_note":"","_monsterinsights_sitenote_category":0,"footnotes":""},"categories":[1,2052],"tags":[53,2606,56,2681,545,195,2680,96,718],"class_list":["post-5897","post","type-post","status-publish","format-standard","has-post-thumbnail","hentry","category-geral","category-infra-transicao","tag-aneel","tag-ccc","tag-cde","tag-conta-de-comercializacao-de-combustiveis","tag-conta-de-desenvolvimento-energetico","tag-luz-para-todos","tag-mais-luz-para-a-amazonia","tag-ministerio-de-minas-e-energia","tag-subsidio"],"yoast_head":"<!-- This site is optimized with the Yoast SEO Premium plugin v25.4 (Yoast SEO v26.0) - https:\/\/yoast.com\/wordpress\/plugins\/seo\/ -->\n<title>Luz para Todos e Mais Luz para a Amaz\u00f4nia ter\u00e3o subs\u00eddios de R$ 1,1 bilh\u00e3o na CDE em 2021 - Ag\u00eancia iNFRA<\/title>\n<meta name=\"robots\" content=\"index, follow, max-snippet:-1, max-image-preview:large, max-video-preview:-1\" \/>\n<link rel=\"canonical\" href=\"https:\/\/agenciainfra.com\/blog\/luz-para-todos-e-mais-luz-para-a-amazonia-terao-subsidios-de-r-11-bilhao-na-cde-em-2021\/\" \/>\n<meta property=\"og:locale\" content=\"pt_BR\" \/>\n<meta property=\"og:type\" content=\"article\" \/>\n<meta property=\"og:title\" content=\"Luz para Todos e Mais Luz para a Amaz\u00f4nia ter\u00e3o subs\u00eddios de R$ 1,1 bilh\u00e3o na CDE em 2021\" \/>\n<meta property=\"og:description\" content=\"da Ag\u00eancia iNFRA Portaria 342 do Minist\u00e9rio de Minas e Energia aprovou a proposta de or\u00e7amento da CDE (Conta de Desenvolvimento Energ\u00e9tico) dos Programas &#8220;Mais Luz Para a Amaz\u00f4nia&#8221; e &#8220;Luz Para Todos&#8221; para o ano de 2021. O ato foi publicado no Di\u00e1rio Oficial da Uni\u00e3o de hoje (15) e ser\u00e3o distribu\u00eddos para 13 [&hellip;]\" \/>\n<meta property=\"og:url\" content=\"https:\/\/agenciainfra.com\/blog\/luz-para-todos-e-mais-luz-para-a-amazonia-terao-subsidios-de-r-11-bilhao-na-cde-em-2021\/\" \/>\n<meta property=\"og:site_name\" content=\"Ag\u00eancia iNFRA\" \/>\n<meta property=\"article:publisher\" content=\"https:\/\/www.facebook.com\/ageninfra\" \/>\n<meta property=\"article:published_time\" content=\"2020-09-15T10:37:02+00:00\" \/>\n<meta property=\"article:modified_time\" content=\"2020-09-15T10:37:08+00:00\" \/>\n<meta property=\"og:image\" content=\"https:\/\/agenciainfra.com\/blog\/wp-content\/uploads\/2020\/09\/lampada-foto-dominio-publico.jpg\" \/>\n\t<meta property=\"og:image:width\" content=\"1280\" \/>\n\t<meta property=\"og:image:height\" content=\"853\" \/>\n\t<meta property=\"og:image:type\" content=\"image\/jpeg\" \/>\n<meta name=\"author\" content=\"Rodrigo Zuquim\" \/>\n<meta name=\"twitter:card\" content=\"summary_large_image\" \/>\n<meta name=\"twitter:creator\" content=\"@agencia_infra\" \/>\n<meta name=\"twitter:site\" content=\"@agencia_infra\" \/>\n<meta name=\"twitter:label1\" content=\"Escrito por\" \/>\n\t<meta name=\"twitter:data1\" content=\"Rodrigo Zuquim\" \/>\n\t<meta name=\"twitter:label2\" content=\"Est. tempo de leitura\" \/>\n\t<meta name=\"twitter:data2\" content=\"1 minuto\" \/>\n<script type=\"application\/ld+json\" class=\"yoast-schema-graph\">{\"@context\":\"https:\/\/schema.org\",\"@graph\":[{\"@type\":\"Article\",\"@id\":\"https:\/\/agenciainfra.com\/blog\/luz-para-todos-e-mais-luz-para-a-amazonia-terao-subsidios-de-r-11-bilhao-na-cde-em-2021\/#article\",\"isPartOf\":{\"@id\":\"https:\/\/agenciainfra.com\/blog\/luz-para-todos-e-mais-luz-para-a-amazonia-terao-subsidios-de-r-11-bilhao-na-cde-em-2021\/\"},\"author\":{\"name\":\"Rodrigo Zuquim\",\"@id\":\"https:\/\/agenciainfra.com\/blog\/#\/schema\/person\/04dbb79bd6d8951f063da71f3e4c1eb1\"},\"headline\":\"Luz para Todos e Mais Luz para a Amaz\u00f4nia ter\u00e3o subs\u00eddios de R$ 1,1 bilh\u00e3o na CDE em 2021\",\"datePublished\":\"2020-09-15T10:37:02+00:00\",\"dateModified\":\"2020-09-15T10:37:08+00:00\",\"mainEntityOfPage\":{\"@id\":\"https:\/\/agenciainfra.com\/blog\/luz-para-todos-e-mais-luz-para-a-amazonia-terao-subsidios-de-r-11-bilhao-na-cde-em-2021\/\"},\"wordCount\":273,\"publisher\":{\"@id\":\"https:\/\/agenciainfra.com\/blog\/#organization\"},\"image\":{\"@id\":\"https:\/\/agenciainfra.com\/blog\/luz-para-todos-e-mais-luz-para-a-amazonia-terao-subsidios-de-r-11-bilhao-na-cde-em-2021\/#primaryimage\"},\"thumbnailUrl\":\"https:\/\/agenciainfra.com\/blog\/wp-content\/uploads\/2020\/09\/lampada-foto-dominio-publico.jpg\",\"keywords\":[\"ANEEL\",\"CCC\",\"CDE\",\"Conta de Comercializa\u00e7\u00e3o de Combust\u00edveis\",\"Conta de Desenvolvimento Energ\u00e9tico\",\"Luz para todos\",\"Mais Luz para a Amaz\u00f4nia\",\"Minist\u00e9rio de Minas e Energia\",\"subs\u00eddio\"],\"articleSection\":[\"Geral\",\"iNFRA Na Transi\u00e7\u00e3o\"],\"inLanguage\":\"pt-BR\",\"copyrightYear\":\"2020\",\"copyrightHolder\":{\"@id\":\"https:\/\/agenciainfra.com\/blog\/#organization\"}},{\"@type\":\"WebPage\",\"@id\":\"https:\/\/agenciainfra.com\/blog\/luz-para-todos-e-mais-luz-para-a-amazonia-terao-subsidios-de-r-11-bilhao-na-cde-em-2021\/\",\"url\":\"https:\/\/agenciainfra.com\/blog\/luz-para-todos-e-mais-luz-para-a-amazonia-terao-subsidios-de-r-11-bilhao-na-cde-em-2021\/\",\"name\":\"Luz para Todos e Mais Luz para a Amaz\u00f4nia ter\u00e3o subs\u00eddios de R$ 1,1 bilh\u00e3o na CDE em 2021 - Ag\u00eancia iNFRA\",\"isPartOf\":{\"@id\":\"https:\/\/agenciainfra.com\/blog\/#website\"},\"primaryImageOfPage\":{\"@id\":\"https:\/\/agenciainfra.com\/blog\/luz-para-todos-e-mais-luz-para-a-amazonia-terao-subsidios-de-r-11-bilhao-na-cde-em-2021\/#primaryimage\"},\"image\":{\"@id\":\"https:\/\/agenciainfra.com\/blog\/luz-para-todos-e-mais-luz-para-a-amazonia-terao-subsidios-de-r-11-bilhao-na-cde-em-2021\/#primaryimage\"},\"thumbnailUrl\":\"https:\/\/agenciainfra.com\/blog\/wp-content\/uploads\/2020\/09\/lampada-foto-dominio-publico.jpg\",\"datePublished\":\"2020-09-15T10:37:02+00:00\",\"dateModified\":\"2020-09-15T10:37:08+00:00\",\"breadcrumb\":{\"@id\":\"https:\/\/agenciainfra.com\/blog\/luz-para-todos-e-mais-luz-para-a-amazonia-terao-subsidios-de-r-11-bilhao-na-cde-em-2021\/#breadcrumb\"},\"inLanguage\":\"pt-BR\",\"potentialAction\":[{\"@type\":\"ReadAction\",\"target\":[\"https:\/\/agenciainfra.com\/blog\/luz-para-todos-e-mais-luz-para-a-amazonia-terao-subsidios-de-r-11-bilhao-na-cde-em-2021\/\"]}]},{\"@type\":\"ImageObject\",\"inLanguage\":\"pt-BR\",\"@id\":\"https:\/\/agenciainfra.com\/blog\/luz-para-todos-e-mais-luz-para-a-amazonia-terao-subsidios-de-r-11-bilhao-na-cde-em-2021\/#primaryimage\",\"url\":\"https:\/\/agenciainfra.com\/blog\/wp-content\/uploads\/2020\/09\/lampada-foto-dominio-publico.jpg\",\"contentUrl\":\"https:\/\/agenciainfra.com\/blog\/wp-content\/uploads\/2020\/09\/lampada-foto-dominio-publico.jpg\",\"width\":1280,\"height\":853},{\"@type\":\"BreadcrumbList\",\"@id\":\"https:\/\/agenciainfra.com\/blog\/luz-para-todos-e-mais-luz-para-a-amazonia-terao-subsidios-de-r-11-bilhao-na-cde-em-2021\/#breadcrumb\",\"itemListElement\":[{\"@type\":\"ListItem\",\"position\":1,\"name\":\"In\u00edcio\",\"item\":\"https:\/\/agenciainfra.com\/blog\/\"},{\"@type\":\"ListItem\",\"position\":2,\"name\":\"Luz para Todos e Mais Luz para a Amaz\u00f4nia ter\u00e3o subs\u00eddios de R$ 1,1 bilh\u00e3o na CDE em 2021\"}]},{\"@type\":\"WebSite\",\"@id\":\"https:\/\/agenciainfra.com\/blog\/#website\",\"url\":\"https:\/\/agenciainfra.com\/blog\/\",\"name\":\"Ag\u00eancia iNFRA\",\"description\":\"Multiplataforma de informa\u00e7\u00e3o jornal\u00edstica refer\u00eancia na \u00e1rea de infraestrutura no Brasil!\",\"publisher\":{\"@id\":\"https:\/\/agenciainfra.com\/blog\/#organization\"},\"potentialAction\":[{\"@type\":\"SearchAction\",\"target\":{\"@type\":\"EntryPoint\",\"urlTemplate\":\"https:\/\/agenciainfra.com\/blog\/?s={search_term_string}\"},\"query-input\":{\"@type\":\"PropertyValueSpecification\",\"valueRequired\":true,\"valueName\":\"search_term_string\"}}],\"inLanguage\":\"pt-BR\"},{\"@type\":\"Organization\",\"@id\":\"https:\/\/agenciainfra.com\/blog\/#organization\",\"name\":\"Ag\u00eancia iNFRA\",\"url\":\"https:\/\/agenciainfra.com\/blog\/\",\"logo\":{\"@type\":\"ImageObject\",\"inLanguage\":\"pt-BR\",\"@id\":\"https:\/\/agenciainfra.com\/blog\/#\/schema\/logo\/image\/\",\"url\":\"https:\/\/agenciainfra.com\/blog\/wp-content\/uploads\/2023\/09\/iNFRA_5-e1761735885940.png\",\"contentUrl\":\"https:\/\/agenciainfra.com\/blog\/wp-content\/uploads\/2023\/09\/iNFRA_5-e1761735885940.png\",\"width\":1672,\"height\":454,\"caption\":\"Ag\u00eancia iNFRA\"},\"image\":{\"@id\":\"https:\/\/agenciainfra.com\/blog\/#\/schema\/logo\/image\/\"},\"sameAs\":[\"https:\/\/www.facebook.com\/ageninfra\",\"https:\/\/x.com\/agencia_infra\",\"https:\/\/www.linkedin.com\/company\/ag\u00eanciainfra\/\",\"https:\/\/www.instagram.com\/agenciainfra\/\"]},{\"@type\":\"Person\",\"@id\":\"https:\/\/agenciainfra.com\/blog\/#\/schema\/person\/04dbb79bd6d8951f063da71f3e4c1eb1\",\"name\":\"Rodrigo Zuquim\",\"image\":{\"@type\":\"ImageObject\",\"inLanguage\":\"pt-BR\",\"@id\":\"https:\/\/agenciainfra.com\/blog\/#\/schema\/person\/image\/\",\"url\":\"https:\/\/secure.gravatar.com\/avatar\/594abfe82761d620726242ff34ca472a705a4b97f16c790053a6b4c4035274d0?s=96&d=mm&r=g\",\"contentUrl\":\"https:\/\/secure.gravatar.com\/avatar\/594abfe82761d620726242ff34ca472a705a4b97f16c790053a6b4c4035274d0?s=96&d=mm&r=g\",\"caption\":\"Rodrigo Zuquim\"},\"url\":\"https:\/\/agenciainfra.com\/blog\/author\/rodrigo-zuquim\/\"}]}<\/script>\n<!-- \/ Yoast SEO Premium plugin. -->","yoast_head_json":{"title":"Luz para Todos e Mais Luz para a Amaz\u00f4nia ter\u00e3o subs\u00eddios de R$ 1,1 bilh\u00e3o na CDE em 2021 - Ag\u00eancia iNFRA","robots":{"index":"index","follow":"follow","max-snippet":"max-snippet:-1","max-image-preview":"max-image-preview:large","max-video-preview":"max-video-preview:-1"},"canonical":"https:\/\/agenciainfra.com\/blog\/luz-para-todos-e-mais-luz-para-a-amazonia-terao-subsidios-de-r-11-bilhao-na-cde-em-2021\/","og_locale":"pt_BR","og_type":"article","og_title":"Luz para Todos e Mais Luz para a Amaz\u00f4nia ter\u00e3o subs\u00eddios de R$ 1,1 bilh\u00e3o na CDE em 2021","og_description":"da Ag\u00eancia iNFRA Portaria 342 do Minist\u00e9rio de Minas e Energia aprovou a proposta de or\u00e7amento da CDE (Conta de Desenvolvimento Energ\u00e9tico) dos Programas &#8220;Mais Luz Para a Amaz\u00f4nia&#8221; e &#8220;Luz Para Todos&#8221; para o ano de 2021. O ato foi publicado no Di\u00e1rio Oficial da Uni\u00e3o de hoje (15) e ser\u00e3o distribu\u00eddos para 13 [&hellip;]","og_url":"https:\/\/agenciainfra.com\/blog\/luz-para-todos-e-mais-luz-para-a-amazonia-terao-subsidios-de-r-11-bilhao-na-cde-em-2021\/","og_site_name":"Ag\u00eancia iNFRA","article_publisher":"https:\/\/www.facebook.com\/ageninfra","article_published_time":"2020-09-15T10:37:02+00:00","article_modified_time":"2020-09-15T10:37:08+00:00","og_image":[{"width":1280,"height":853,"url":"https:\/\/agenciainfra.com\/blog\/wp-content\/uploads\/2020\/09\/lampada-foto-dominio-publico.jpg","type":"image\/jpeg"}],"author":"Rodrigo Zuquim","twitter_card":"summary_large_image","twitter_creator":"@agencia_infra","twitter_site":"@agencia_infra","twitter_misc":{"Escrito por":"Rodrigo Zuquim","Est. tempo de leitura":"1 minuto"},"schema":{"@context":"https:\/\/schema.org","@graph":[{"@type":"Article","@id":"https:\/\/agenciainfra.com\/blog\/luz-para-todos-e-mais-luz-para-a-amazonia-terao-subsidios-de-r-11-bilhao-na-cde-em-2021\/#article","isPartOf":{"@id":"https:\/\/agenciainfra.com\/blog\/luz-para-todos-e-mais-luz-para-a-amazonia-terao-subsidios-de-r-11-bilhao-na-cde-em-2021\/"},"author":{"name":"Rodrigo Zuquim","@id":"https:\/\/agenciainfra.com\/blog\/#\/schema\/person\/04dbb79bd6d8951f063da71f3e4c1eb1"},"headline":"Luz para Todos e Mais Luz para a Amaz\u00f4nia ter\u00e3o subs\u00eddios de R$ 1,1 bilh\u00e3o na CDE em 2021","datePublished":"2020-09-15T10:37:02+00:00","dateModified":"2020-09-15T10:37:08+00:00","mainEntityOfPage":{"@id":"https:\/\/agenciainfra.com\/blog\/luz-para-todos-e-mais-luz-para-a-amazonia-terao-subsidios-de-r-11-bilhao-na-cde-em-2021\/"},"wordCount":273,"publisher":{"@id":"https:\/\/agenciainfra.com\/blog\/#organization"},"image":{"@id":"https:\/\/agenciainfra.com\/blog\/luz-para-todos-e-mais-luz-para-a-amazonia-terao-subsidios-de-r-11-bilhao-na-cde-em-2021\/#primaryimage"},"thumbnailUrl":"https:\/\/agenciainfra.com\/blog\/wp-content\/uploads\/2020\/09\/lampada-foto-dominio-publico.jpg","keywords":["ANEEL","CCC","CDE","Conta de Comercializa\u00e7\u00e3o de Combust\u00edveis","Conta de Desenvolvimento Energ\u00e9tico","Luz para todos","Mais Luz para a Amaz\u00f4nia","Minist\u00e9rio de Minas e Energia","subs\u00eddio"],"articleSection":["Geral","iNFRA Na Transi\u00e7\u00e3o"],"inLanguage":"pt-BR","copyrightYear":"2020","copyrightHolder":{"@id":"https:\/\/agenciainfra.com\/blog\/#organization"}},{"@type":"WebPage","@id":"https:\/\/agenciainfra.com\/blog\/luz-para-todos-e-mais-luz-para-a-amazonia-terao-subsidios-de-r-11-bilhao-na-cde-em-2021\/","url":"https:\/\/agenciainfra.com\/blog\/luz-para-todos-e-mais-luz-para-a-amazonia-terao-subsidios-de-r-11-bilhao-na-cde-em-2021\/","name":"Luz para Todos e Mais Luz para a Amaz\u00f4nia ter\u00e3o subs\u00eddios de R$ 1,1 bilh\u00e3o na CDE em 2021 - Ag\u00eancia iNFRA","isPartOf":{"@id":"https:\/\/agenciainfra.com\/blog\/#website"},"primaryImageOfPage":{"@id":"https:\/\/agenciainfra.com\/blog\/luz-para-todos-e-mais-luz-para-a-amazonia-terao-subsidios-de-r-11-bilhao-na-cde-em-2021\/#primaryimage"},"image":{"@id":"https:\/\/agenciainfra.com\/blog\/luz-para-todos-e-mais-luz-para-a-amazonia-terao-subsidios-de-r-11-bilhao-na-cde-em-2021\/#primaryimage"},"thumbnailUrl":"https:\/\/agenciainfra.com\/blog\/wp-content\/uploads\/2020\/09\/lampada-foto-dominio-publico.jpg","datePublished":"2020-09-15T10:37:02+00:00","dateModified":"2020-09-15T10:37:08+00:00","breadcrumb":{"@id":"https:\/\/agenciainfra.com\/blog\/luz-para-todos-e-mais-luz-para-a-amazonia-terao-subsidios-de-r-11-bilhao-na-cde-em-2021\/#breadcrumb"},"inLanguage":"pt-BR","potentialAction":[{"@type":"ReadAction","target":["https:\/\/agenciainfra.com\/blog\/luz-para-todos-e-mais-luz-para-a-amazonia-terao-subsidios-de-r-11-bilhao-na-cde-em-2021\/"]}]},{"@type":"ImageObject","inLanguage":"pt-BR","@id":"https:\/\/agenciainfra.com\/blog\/luz-para-todos-e-mais-luz-para-a-amazonia-terao-subsidios-de-r-11-bilhao-na-cde-em-2021\/#primaryimage","url":"https:\/\/agenciainfra.com\/blog\/wp-content\/uploads\/2020\/09\/lampada-foto-dominio-publico.jpg","contentUrl":"https:\/\/agenciainfra.com\/blog\/wp-content\/uploads\/2020\/09\/lampada-foto-dominio-publico.jpg","width":1280,"height":853},{"@type":"BreadcrumbList","@id":"https:\/\/agenciainfra.com\/blog\/luz-para-todos-e-mais-luz-para-a-amazonia-terao-subsidios-de-r-11-bilhao-na-cde-em-2021\/#breadcrumb","itemListElement":[{"@type":"ListItem","position":1,"name":"In\u00edcio","item":"https:\/\/agenciainfra.com\/blog\/"},{"@type":"ListItem","position":2,"name":"Luz para Todos e Mais Luz para a Amaz\u00f4nia ter\u00e3o subs\u00eddios de R$ 1,1 bilh\u00e3o na CDE em 2021"}]},{"@type":"WebSite","@id":"https:\/\/agenciainfra.com\/blog\/#website","url":"https:\/\/agenciainfra.com\/blog\/","name":"Ag\u00eancia iNFRA","description":"Multiplataforma de informa\u00e7\u00e3o jornal\u00edstica refer\u00eancia na \u00e1rea de infraestrutura no Brasil!","publisher":{"@id":"https:\/\/agenciainfra.com\/blog\/#organization"},"potentialAction":[{"@type":"SearchAction","target":{"@type":"EntryPoint","urlTemplate":"https:\/\/agenciainfra.com\/blog\/?s={search_term_string}"},"query-input":{"@type":"PropertyValueSpecification","valueRequired":true,"valueName":"search_term_string"}}],"inLanguage":"pt-BR"},{"@type":"Organization","@id":"https:\/\/agenciainfra.com\/blog\/#organization","name":"Ag\u00eancia iNFRA","url":"https:\/\/agenciainfra.com\/blog\/","logo":{"@type":"ImageObject","inLanguage":"pt-BR","@id":"https:\/\/agenciainfra.com\/blog\/#\/schema\/logo\/image\/","url":"https:\/\/agenciainfra.com\/blog\/wp-content\/uploads\/2023\/09\/iNFRA_5-e1761735885940.png","contentUrl":"https:\/\/agenciainfra.com\/blog\/wp-content\/uploads\/2023\/09\/iNFRA_5-e1761735885940.png","width":1672,"height":454,"caption":"Ag\u00eancia iNFRA"},"image":{"@id":"https:\/\/agenciainfra.com\/blog\/#\/schema\/logo\/image\/"},"sameAs":["https:\/\/www.facebook.com\/ageninfra","https:\/\/x.com\/agencia_infra","https:\/\/www.linkedin.com\/company\/ag\u00eanciainfra\/","https:\/\/www.instagram.com\/agenciainfra\/"]},{"@type":"Person","@id":"https:\/\/agenciainfra.com\/blog\/#\/schema\/person\/04dbb79bd6d8951f063da71f3e4c1eb1","name":"Rodrigo Zuquim","image":{"@type":"ImageObject","inLanguage":"pt-BR","@id":"https:\/\/agenciainfra.com\/blog\/#\/schema\/person\/image\/","url":"https:\/\/secure.gravatar.com\/avatar\/594abfe82761d620726242ff34ca472a705a4b97f16c790053a6b4c4035274d0?s=96&d=mm&r=g","contentUrl":"https:\/\/secure.gravatar.com\/avatar\/594abfe82761d620726242ff34ca472a705a4b97f16c790053a6b4c4035274d0?s=96&d=mm&r=g","caption":"Rodrigo Zuquim"},"url":"https:\/\/agenciainfra.com\/blog\/author\/rodrigo-zuquim\/"}]}},"_links":{"self":[{"href":"https:\/\/agenciainfra.com\/blog\/wp-json\/wp\/v2\/posts\/5897","targetHints":{"allow":["GET"]}}],"collection":[{"href":"https:\/\/agenciainfra.com\/blog\/wp-json\/wp\/v2\/posts"}],"about":[{"href":"https:\/\/agenciainfra.com\/blog\/wp-json\/wp\/v2\/types\/post"}],"author":[{"embeddable":true,"href":"https:\/\/agenciainfra.com\/blog\/wp-json\/wp\/v2\/users\/9"}],"replies":[{"embeddable":true,"href":"https:\/\/agenciainfra.com\/blog\/wp-json\/wp\/v2\/comments?post=5897"}],"version-history":[{"count":0,"href":"https:\/\/agenciainfra.com\/blog\/wp-json\/wp\/v2\/posts\/5897\/revisions"}],"wp:featuredmedia":[{"embeddable":true,"href":"https:\/\/agenciainfra.com\/blog\/wp-json\/wp\/v2\/media\/5898"}],"wp:attachment":[{"href":"https:\/\/agenciainfra.com\/blog\/wp-json\/wp\/v2\/media?parent=5897"}],"wp:term":[{"taxonomy":"category","embeddable":true,"href":"https:\/\/agenciainfra.com\/blog\/wp-json\/wp\/v2\/categories?post=5897"},{"taxonomy":"post_tag","embeddable":true,"href":"https:\/\/agenciainfra.com\/blog\/wp-json\/wp\/v2\/tags?post=5897"}],"curies":[{"name":"wp","href":"https:\/\/api.w.org\/{rel}","templated":true}]}}