{"id":5942,"date":"2020-09-23T08:00:02","date_gmt":"2020-09-23T11:00:02","guid":{"rendered":"https:\/\/www.agenciainfra.com\/blog\/?p=5942"},"modified":"2020-09-22T09:31:19","modified_gmt":"2020-09-22T12:31:19","slug":"diretora-da-antaq-votou-por-preco-teto-nacional-e-franquia-em-taxa-de-movimentacao-de-conteiner","status":"publish","type":"post","link":"https:\/\/agenciainfra.com\/blog\/diretora-da-antaq-votou-por-preco-teto-nacional-e-franquia-em-taxa-de-movimentacao-de-conteiner\/","title":{"rendered":"Diretora da ANTAQ votou por pre\u00e7o-teto nacional e franquia em taxa de movimenta\u00e7\u00e3o de cont\u00eainer"},"content":{"rendered":"\n<hr class=\"wp-block-separator\"\/>\n\n\n\n<p class=\"has-text-align-right\"><strong>Dimmi Amora, da&nbsp;Ag\u00eancia iNFRA<\/strong><\/p>\n\n\n\n<p>A ANTAQ (Ag\u00eancia Nacional de Transportes Aquavi\u00e1rios) avalia propor a cria\u00e7\u00e3o de um pre\u00e7o-teto nacional para o SSE (Servi\u00e7o de Segrega\u00e7\u00e3o e Entrega) de cont\u00eaineres e um prazo de franquia para que parte dessas cargas passem nos terminais na importa\u00e7\u00e3o sem pagamento.<br><br>\u00c9 o que consta do voto da ex-diretora substituta da ANTAQ (Ag\u00eancia Nacional de Transportes Aquavi\u00e1rios) Gabriela Costa, que apoiou em grande parte a proposta da \u00e1rea t\u00e9cnica para a regulamenta\u00e7\u00e3o desse tipo de negocia\u00e7\u00e3o entre os terminais portu\u00e1rios.&nbsp;<br><br>O voto da diretora Gabriela Costa aprovando a proposta que vai a audi\u00eancia p\u00fablica pela ag\u00eancia est\u00e1&nbsp;<a href=\"https:\/\/agenciainfra.us14.list-manage.com\/track\/click?u=d460dd1bcf9ba0ae040e1fc0f&amp;id=274a47a7f7&amp;e=c099169394\" target=\"_blank\" rel=\"noreferrer noopener\">neste link<\/a>.<br><br>O SSE, tamb\u00e9m chamado de THC2, \u00e9 uma taxa cobrada por terminais portu\u00e1rios na importa\u00e7\u00e3o de cont\u00eaineres que v\u00e3o para terminais retroalfandegados. A alega\u00e7\u00e3o para a cobran\u00e7a \u00e9 que \u00e9 necess\u00e1ria uma movimenta\u00e7\u00e3o diferente da prevista e, por isso, haveria custos.<br><br>Os terminais retroalfandegados&nbsp;reclamam que a cobran\u00e7a seria ilegal, mas ela foi regulamentada pela Resolu\u00e7\u00e3o Normativa 34 da ag\u00eancia, publicada ano passado. No entanto, essa resolu\u00e7\u00e3o previu que haveria uma regra para detectar abusividade e, desde ent\u00e3o, a ag\u00eancia est\u00e1 em processo de elabora\u00e7\u00e3o da norma.<br><br>De acordo com o voto de Gabriela Costa, os representantes dos terminais portu\u00e1rios solicitaram que a instala\u00e7\u00e3o de um pre\u00e7o-teto fosse por regi\u00e3o ou preferencialmente por terminal. Mas, segundo ela, n\u00e3o ficaram demonstrados os motivos para se fazer um trabalho desse, que teria alto custo regulat\u00f3rio.<br><br>A op\u00e7\u00e3o, de acordo com o voto da diretora, ser\u00e1 criar um pre\u00e7o-teto nacional a partir de uma esp\u00e9cie de &#8220;terminal modelo&#8221;, o que foi validado por uma AIR (An\u00e1lise de Impacto Regulat\u00f3rio) da ANTAQ. A tentativa da ag\u00eancia \u00e9, pelo texto, que os valores do SSE convirjam para esse terminal modelo.&nbsp;<br><br>O pre\u00e7o-teto, contudo, n\u00e3o ser\u00e1 obrigat\u00f3rio a ser cumprido pelos terminais. Segundo Costa, a ideia \u00e9 fazer com que as den\u00fancias de abuso de pre\u00e7os possam ser avaliadas a partir do valor estabelecido de pre\u00e7o-teto. A forma como ser\u00e1 feita a an\u00e1lise tamb\u00e9m est\u00e1 descrita no voto.<br><br>&#8220;Os fundamentos utilizados pela \u00e1rea t\u00e9cnica, com os quais me alinho, demonstraram vantagens efetivas na previs\u00e3o normativa da atribui\u00e7\u00e3o de um pre\u00e7o-teto nacional de refer\u00eancia, a posteriori, cuja aplica\u00e7\u00e3o de tal instituto dar-se-ia em rela\u00e7\u00e3o aos casos concretos em que seja necess\u00e1ria a interven\u00e7\u00e3o regulat\u00f3ria para coibir abusos indevidos&#8221;, diz o voto.<br><br><strong>Franquia estabelecida<\/strong><br>A diretora Costa tamb\u00e9m seguiu a recomenda\u00e7\u00e3o dos t\u00e9cnicos da ag\u00eancia para a proposi\u00e7\u00e3o de uma franquia \u2013 tempo sem pagamento \u2013 para o cont\u00eainer de importa\u00e7\u00e3o na chamada &#8220;carga p\u00e1tio&#8221;, que seria livremente estabelecida pelos terminais.<br><br>Costa, no entanto, votou pela mudan\u00e7a de alguns pontos do texto proposto para audi\u00eancia p\u00fablica, um deles que tornava o pre\u00e7o-teto obrigat\u00f3rio e outro que estabelecia multa para as empresas que n\u00e3o o cumprissem, ambos para manter o car\u00e1ter referencial do pre\u00e7o-teto.<br><br>Costa levou o processo para vota\u00e7\u00e3o no fim de julho. Mas o diretor-presidente substituto, Francisval Mendes, pediu vista do processo. A vista foi renovada na \u00faltima sess\u00e3o deliberativa da ag\u00eancia, que volta a se reunir nesta semana. Al\u00e9m de Francisval, o outro diretor da ag\u00eancia, Adalberto Tokarski, ainda n\u00e3o votou no caso.<\/p>\n","protected":false},"excerpt":{"rendered":"<p>Dimmi Amora, da&nbsp;Ag\u00eancia iNFRA A ANTAQ (Ag\u00eancia Nacional de Transportes Aquavi\u00e1rios) avalia propor a cria\u00e7\u00e3o de um pre\u00e7o-teto nacional para o SSE (Servi\u00e7o de Segrega\u00e7\u00e3o e Entrega) de cont\u00eaineres e um prazo de franquia para que parte dessas cargas passem nos terminais na importa\u00e7\u00e3o sem pagamento. \u00c9 o que consta do voto da ex-diretora substituta [&hellip;]<\/p>\n","protected":false},"author":9,"featured_media":5943,"comment_status":"closed","ping_status":"closed","sticky":false,"template":"","format":"standard","meta":{"_monsterinsights_skip_tracking":false,"_monsterinsights_sitenote_active":false,"_monsterinsights_sitenote_note":"","_monsterinsights_sitenote_category":0,"footnotes":""},"categories":[1,7],"tags":[926,86,925,2714,1909,2713,1828,1717,623,552],"class_list":["post-5942","post","type-post","status-publish","format-standard","has-post-thumbnail","hentry","category-geral","category-infratransporte","tag-adalberto-tokarski","tag-antaq","tag-francisval-mendes","tag-franquia","tag-gabriela-costa","tag-preco-teto","tag-resolucao-normativa-34-da-antaq","tag-sse","tag-terminais-portuarios","tag-thc2"],"yoast_head":"<!-- This site is optimized with the Yoast SEO Premium plugin v25.4 (Yoast SEO v26.0) - https:\/\/yoast.com\/wordpress\/plugins\/seo\/ -->\n<title>Diretora da ANTAQ votou por pre\u00e7o-teto nacional e franquia em taxa de movimenta\u00e7\u00e3o de cont\u00eainer - Ag\u00eancia iNFRA<\/title>\n<meta name=\"robots\" content=\"index, follow, max-snippet:-1, max-image-preview:large, max-video-preview:-1\" \/>\n<link rel=\"canonical\" href=\"https:\/\/agenciainfra.com\/blog\/diretora-da-antaq-votou-por-preco-teto-nacional-e-franquia-em-taxa-de-movimentacao-de-conteiner\/\" \/>\n<meta property=\"og:locale\" content=\"pt_BR\" \/>\n<meta property=\"og:type\" content=\"article\" \/>\n<meta property=\"og:title\" content=\"Diretora da ANTAQ votou por pre\u00e7o-teto nacional e franquia em taxa de movimenta\u00e7\u00e3o de cont\u00eainer\" \/>\n<meta property=\"og:description\" content=\"Dimmi Amora, da&nbsp;Ag\u00eancia iNFRA A ANTAQ (Ag\u00eancia Nacional de Transportes Aquavi\u00e1rios) avalia propor a cria\u00e7\u00e3o de um pre\u00e7o-teto nacional para o SSE (Servi\u00e7o de Segrega\u00e7\u00e3o e Entrega) de cont\u00eaineres e um prazo de franquia para que parte dessas cargas passem nos terminais na importa\u00e7\u00e3o sem pagamento. \u00c9 o que consta do voto da ex-diretora substituta [&hellip;]\" \/>\n<meta property=\"og:url\" content=\"https:\/\/agenciainfra.com\/blog\/diretora-da-antaq-votou-por-preco-teto-nacional-e-franquia-em-taxa-de-movimentacao-de-conteiner\/\" \/>\n<meta property=\"og:site_name\" content=\"Ag\u00eancia iNFRA\" \/>\n<meta property=\"article:publisher\" content=\"https:\/\/www.facebook.com\/ageninfra\" \/>\n<meta property=\"article:published_time\" content=\"2020-09-23T11:00:02+00:00\" \/>\n<meta property=\"og:image\" content=\"https:\/\/agenciainfra.com\/blog\/wp-content\/uploads\/2020\/09\/gabriela-costa-foto-antaq-youtube.png\" \/>\n\t<meta property=\"og:image:width\" content=\"1280\" \/>\n\t<meta property=\"og:image:height\" content=\"732\" \/>\n\t<meta property=\"og:image:type\" content=\"image\/png\" \/>\n<meta name=\"author\" content=\"Rodrigo Zuquim\" \/>\n<meta name=\"twitter:card\" content=\"summary_large_image\" \/>\n<meta name=\"twitter:creator\" content=\"@agencia_infra\" \/>\n<meta name=\"twitter:site\" content=\"@agencia_infra\" \/>\n<meta name=\"twitter:label1\" content=\"Escrito por\" \/>\n\t<meta name=\"twitter:data1\" content=\"Rodrigo Zuquim\" \/>\n\t<meta name=\"twitter:label2\" content=\"Est. tempo de leitura\" \/>\n\t<meta name=\"twitter:data2\" content=\"3 minutos\" \/>\n<script type=\"application\/ld+json\" class=\"yoast-schema-graph\">{\"@context\":\"https:\/\/schema.org\",\"@graph\":[{\"@type\":\"Article\",\"@id\":\"https:\/\/agenciainfra.com\/blog\/diretora-da-antaq-votou-por-preco-teto-nacional-e-franquia-em-taxa-de-movimentacao-de-conteiner\/#article\",\"isPartOf\":{\"@id\":\"https:\/\/agenciainfra.com\/blog\/diretora-da-antaq-votou-por-preco-teto-nacional-e-franquia-em-taxa-de-movimentacao-de-conteiner\/\"},\"author\":{\"name\":\"Rodrigo Zuquim\",\"@id\":\"https:\/\/agenciainfra.com\/blog\/#\/schema\/person\/04dbb79bd6d8951f063da71f3e4c1eb1\"},\"headline\":\"Diretora da ANTAQ votou por pre\u00e7o-teto nacional e franquia em taxa de movimenta\u00e7\u00e3o de cont\u00eainer\",\"datePublished\":\"2020-09-23T11:00:02+00:00\",\"mainEntityOfPage\":{\"@id\":\"https:\/\/agenciainfra.com\/blog\/diretora-da-antaq-votou-por-preco-teto-nacional-e-franquia-em-taxa-de-movimentacao-de-conteiner\/\"},\"wordCount\":622,\"publisher\":{\"@id\":\"https:\/\/agenciainfra.com\/blog\/#organization\"},\"image\":{\"@id\":\"https:\/\/agenciainfra.com\/blog\/diretora-da-antaq-votou-por-preco-teto-nacional-e-franquia-em-taxa-de-movimentacao-de-conteiner\/#primaryimage\"},\"thumbnailUrl\":\"https:\/\/agenciainfra.com\/blog\/wp-content\/uploads\/2020\/09\/gabriela-costa-foto-antaq-youtube.png\",\"keywords\":[\"Adalberto Tokarski\",\"ANTAQ\",\"Francisval Mendes\",\"franquia\",\"Gabriela Costa\",\"pre\u00e7o-teto\",\"Resolu\u00e7\u00e3o Normativa 34 da ANTAQ\",\"SSE\",\"terminais portu\u00e1rios\",\"THC2\"],\"articleSection\":[\"Geral\",\"iNFRATransporte\"],\"inLanguage\":\"pt-BR\",\"copyrightYear\":\"2020\",\"copyrightHolder\":{\"@id\":\"https:\/\/agenciainfra.com\/blog\/#organization\"}},{\"@type\":\"WebPage\",\"@id\":\"https:\/\/agenciainfra.com\/blog\/diretora-da-antaq-votou-por-preco-teto-nacional-e-franquia-em-taxa-de-movimentacao-de-conteiner\/\",\"url\":\"https:\/\/agenciainfra.com\/blog\/diretora-da-antaq-votou-por-preco-teto-nacional-e-franquia-em-taxa-de-movimentacao-de-conteiner\/\",\"name\":\"Diretora da ANTAQ votou por pre\u00e7o-teto nacional e franquia em taxa de movimenta\u00e7\u00e3o de cont\u00eainer - Ag\u00eancia iNFRA\",\"isPartOf\":{\"@id\":\"https:\/\/agenciainfra.com\/blog\/#website\"},\"primaryImageOfPage\":{\"@id\":\"https:\/\/agenciainfra.com\/blog\/diretora-da-antaq-votou-por-preco-teto-nacional-e-franquia-em-taxa-de-movimentacao-de-conteiner\/#primaryimage\"},\"image\":{\"@id\":\"https:\/\/agenciainfra.com\/blog\/diretora-da-antaq-votou-por-preco-teto-nacional-e-franquia-em-taxa-de-movimentacao-de-conteiner\/#primaryimage\"},\"thumbnailUrl\":\"https:\/\/agenciainfra.com\/blog\/wp-content\/uploads\/2020\/09\/gabriela-costa-foto-antaq-youtube.png\",\"datePublished\":\"2020-09-23T11:00:02+00:00\",\"breadcrumb\":{\"@id\":\"https:\/\/agenciainfra.com\/blog\/diretora-da-antaq-votou-por-preco-teto-nacional-e-franquia-em-taxa-de-movimentacao-de-conteiner\/#breadcrumb\"},\"inLanguage\":\"pt-BR\",\"potentialAction\":[{\"@type\":\"ReadAction\",\"target\":[\"https:\/\/agenciainfra.com\/blog\/diretora-da-antaq-votou-por-preco-teto-nacional-e-franquia-em-taxa-de-movimentacao-de-conteiner\/\"]}]},{\"@type\":\"ImageObject\",\"inLanguage\":\"pt-BR\",\"@id\":\"https:\/\/agenciainfra.com\/blog\/diretora-da-antaq-votou-por-preco-teto-nacional-e-franquia-em-taxa-de-movimentacao-de-conteiner\/#primaryimage\",\"url\":\"https:\/\/agenciainfra.com\/blog\/wp-content\/uploads\/2020\/09\/gabriela-costa-foto-antaq-youtube.png\",\"contentUrl\":\"https:\/\/agenciainfra.com\/blog\/wp-content\/uploads\/2020\/09\/gabriela-costa-foto-antaq-youtube.png\",\"width\":1280,\"height\":732},{\"@type\":\"BreadcrumbList\",\"@id\":\"https:\/\/agenciainfra.com\/blog\/diretora-da-antaq-votou-por-preco-teto-nacional-e-franquia-em-taxa-de-movimentacao-de-conteiner\/#breadcrumb\",\"itemListElement\":[{\"@type\":\"ListItem\",\"position\":1,\"name\":\"In\u00edcio\",\"item\":\"https:\/\/agenciainfra.com\/blog\/\"},{\"@type\":\"ListItem\",\"position\":2,\"name\":\"Diretora da ANTAQ votou por pre\u00e7o-teto nacional e franquia em taxa de movimenta\u00e7\u00e3o de cont\u00eainer\"}]},{\"@type\":\"WebSite\",\"@id\":\"https:\/\/agenciainfra.com\/blog\/#website\",\"url\":\"https:\/\/agenciainfra.com\/blog\/\",\"name\":\"Ag\u00eancia iNFRA\",\"description\":\"Multiplataforma de informa\u00e7\u00e3o jornal\u00edstica refer\u00eancia na \u00e1rea de infraestrutura no Brasil!\",\"publisher\":{\"@id\":\"https:\/\/agenciainfra.com\/blog\/#organization\"},\"potentialAction\":[{\"@type\":\"SearchAction\",\"target\":{\"@type\":\"EntryPoint\",\"urlTemplate\":\"https:\/\/agenciainfra.com\/blog\/?s={search_term_string}\"},\"query-input\":{\"@type\":\"PropertyValueSpecification\",\"valueRequired\":true,\"valueName\":\"search_term_string\"}}],\"inLanguage\":\"pt-BR\"},{\"@type\":\"Organization\",\"@id\":\"https:\/\/agenciainfra.com\/blog\/#organization\",\"name\":\"Ag\u00eancia iNFRA\",\"url\":\"https:\/\/agenciainfra.com\/blog\/\",\"logo\":{\"@type\":\"ImageObject\",\"inLanguage\":\"pt-BR\",\"@id\":\"https:\/\/agenciainfra.com\/blog\/#\/schema\/logo\/image\/\",\"url\":\"https:\/\/agenciainfra.com\/blog\/wp-content\/uploads\/2023\/09\/iNFRA_5-e1761735885940.png\",\"contentUrl\":\"https:\/\/agenciainfra.com\/blog\/wp-content\/uploads\/2023\/09\/iNFRA_5-e1761735885940.png\",\"width\":1672,\"height\":454,\"caption\":\"Ag\u00eancia iNFRA\"},\"image\":{\"@id\":\"https:\/\/agenciainfra.com\/blog\/#\/schema\/logo\/image\/\"},\"sameAs\":[\"https:\/\/www.facebook.com\/ageninfra\",\"https:\/\/x.com\/agencia_infra\",\"https:\/\/www.linkedin.com\/company\/ag\u00eanciainfra\/\",\"https:\/\/www.instagram.com\/agenciainfra\/\"]},{\"@type\":\"Person\",\"@id\":\"https:\/\/agenciainfra.com\/blog\/#\/schema\/person\/04dbb79bd6d8951f063da71f3e4c1eb1\",\"name\":\"Rodrigo Zuquim\",\"image\":{\"@type\":\"ImageObject\",\"inLanguage\":\"pt-BR\",\"@id\":\"https:\/\/agenciainfra.com\/blog\/#\/schema\/person\/image\/\",\"url\":\"https:\/\/secure.gravatar.com\/avatar\/594abfe82761d620726242ff34ca472a705a4b97f16c790053a6b4c4035274d0?s=96&d=mm&r=g\",\"contentUrl\":\"https:\/\/secure.gravatar.com\/avatar\/594abfe82761d620726242ff34ca472a705a4b97f16c790053a6b4c4035274d0?s=96&d=mm&r=g\",\"caption\":\"Rodrigo Zuquim\"},\"url\":\"https:\/\/agenciainfra.com\/blog\/author\/rodrigo-zuquim\/\"}]}<\/script>\n<!-- \/ Yoast SEO Premium plugin. -->","yoast_head_json":{"title":"Diretora da ANTAQ votou por pre\u00e7o-teto nacional e franquia em taxa de movimenta\u00e7\u00e3o de cont\u00eainer - Ag\u00eancia iNFRA","robots":{"index":"index","follow":"follow","max-snippet":"max-snippet:-1","max-image-preview":"max-image-preview:large","max-video-preview":"max-video-preview:-1"},"canonical":"https:\/\/agenciainfra.com\/blog\/diretora-da-antaq-votou-por-preco-teto-nacional-e-franquia-em-taxa-de-movimentacao-de-conteiner\/","og_locale":"pt_BR","og_type":"article","og_title":"Diretora da ANTAQ votou por pre\u00e7o-teto nacional e franquia em taxa de movimenta\u00e7\u00e3o de cont\u00eainer","og_description":"Dimmi Amora, da&nbsp;Ag\u00eancia iNFRA A ANTAQ (Ag\u00eancia Nacional de Transportes Aquavi\u00e1rios) avalia propor a cria\u00e7\u00e3o de um pre\u00e7o-teto nacional para o SSE (Servi\u00e7o de Segrega\u00e7\u00e3o e Entrega) de cont\u00eaineres e um prazo de franquia para que parte dessas cargas passem nos terminais na importa\u00e7\u00e3o sem pagamento. \u00c9 o que consta do voto da ex-diretora substituta [&hellip;]","og_url":"https:\/\/agenciainfra.com\/blog\/diretora-da-antaq-votou-por-preco-teto-nacional-e-franquia-em-taxa-de-movimentacao-de-conteiner\/","og_site_name":"Ag\u00eancia iNFRA","article_publisher":"https:\/\/www.facebook.com\/ageninfra","article_published_time":"2020-09-23T11:00:02+00:00","og_image":[{"width":1280,"height":732,"url":"https:\/\/agenciainfra.com\/blog\/wp-content\/uploads\/2020\/09\/gabriela-costa-foto-antaq-youtube.png","type":"image\/png"}],"author":"Rodrigo Zuquim","twitter_card":"summary_large_image","twitter_creator":"@agencia_infra","twitter_site":"@agencia_infra","twitter_misc":{"Escrito por":"Rodrigo Zuquim","Est. tempo de leitura":"3 minutos"},"schema":{"@context":"https:\/\/schema.org","@graph":[{"@type":"Article","@id":"https:\/\/agenciainfra.com\/blog\/diretora-da-antaq-votou-por-preco-teto-nacional-e-franquia-em-taxa-de-movimentacao-de-conteiner\/#article","isPartOf":{"@id":"https:\/\/agenciainfra.com\/blog\/diretora-da-antaq-votou-por-preco-teto-nacional-e-franquia-em-taxa-de-movimentacao-de-conteiner\/"},"author":{"name":"Rodrigo Zuquim","@id":"https:\/\/agenciainfra.com\/blog\/#\/schema\/person\/04dbb79bd6d8951f063da71f3e4c1eb1"},"headline":"Diretora da ANTAQ votou por pre\u00e7o-teto nacional e franquia em taxa de movimenta\u00e7\u00e3o de cont\u00eainer","datePublished":"2020-09-23T11:00:02+00:00","mainEntityOfPage":{"@id":"https:\/\/agenciainfra.com\/blog\/diretora-da-antaq-votou-por-preco-teto-nacional-e-franquia-em-taxa-de-movimentacao-de-conteiner\/"},"wordCount":622,"publisher":{"@id":"https:\/\/agenciainfra.com\/blog\/#organization"},"image":{"@id":"https:\/\/agenciainfra.com\/blog\/diretora-da-antaq-votou-por-preco-teto-nacional-e-franquia-em-taxa-de-movimentacao-de-conteiner\/#primaryimage"},"thumbnailUrl":"https:\/\/agenciainfra.com\/blog\/wp-content\/uploads\/2020\/09\/gabriela-costa-foto-antaq-youtube.png","keywords":["Adalberto Tokarski","ANTAQ","Francisval Mendes","franquia","Gabriela Costa","pre\u00e7o-teto","Resolu\u00e7\u00e3o Normativa 34 da ANTAQ","SSE","terminais portu\u00e1rios","THC2"],"articleSection":["Geral","iNFRATransporte"],"inLanguage":"pt-BR","copyrightYear":"2020","copyrightHolder":{"@id":"https:\/\/agenciainfra.com\/blog\/#organization"}},{"@type":"WebPage","@id":"https:\/\/agenciainfra.com\/blog\/diretora-da-antaq-votou-por-preco-teto-nacional-e-franquia-em-taxa-de-movimentacao-de-conteiner\/","url":"https:\/\/agenciainfra.com\/blog\/diretora-da-antaq-votou-por-preco-teto-nacional-e-franquia-em-taxa-de-movimentacao-de-conteiner\/","name":"Diretora da ANTAQ votou por pre\u00e7o-teto nacional e franquia em taxa de movimenta\u00e7\u00e3o de cont\u00eainer - Ag\u00eancia iNFRA","isPartOf":{"@id":"https:\/\/agenciainfra.com\/blog\/#website"},"primaryImageOfPage":{"@id":"https:\/\/agenciainfra.com\/blog\/diretora-da-antaq-votou-por-preco-teto-nacional-e-franquia-em-taxa-de-movimentacao-de-conteiner\/#primaryimage"},"image":{"@id":"https:\/\/agenciainfra.com\/blog\/diretora-da-antaq-votou-por-preco-teto-nacional-e-franquia-em-taxa-de-movimentacao-de-conteiner\/#primaryimage"},"thumbnailUrl":"https:\/\/agenciainfra.com\/blog\/wp-content\/uploads\/2020\/09\/gabriela-costa-foto-antaq-youtube.png","datePublished":"2020-09-23T11:00:02+00:00","breadcrumb":{"@id":"https:\/\/agenciainfra.com\/blog\/diretora-da-antaq-votou-por-preco-teto-nacional-e-franquia-em-taxa-de-movimentacao-de-conteiner\/#breadcrumb"},"inLanguage":"pt-BR","potentialAction":[{"@type":"ReadAction","target":["https:\/\/agenciainfra.com\/blog\/diretora-da-antaq-votou-por-preco-teto-nacional-e-franquia-em-taxa-de-movimentacao-de-conteiner\/"]}]},{"@type":"ImageObject","inLanguage":"pt-BR","@id":"https:\/\/agenciainfra.com\/blog\/diretora-da-antaq-votou-por-preco-teto-nacional-e-franquia-em-taxa-de-movimentacao-de-conteiner\/#primaryimage","url":"https:\/\/agenciainfra.com\/blog\/wp-content\/uploads\/2020\/09\/gabriela-costa-foto-antaq-youtube.png","contentUrl":"https:\/\/agenciainfra.com\/blog\/wp-content\/uploads\/2020\/09\/gabriela-costa-foto-antaq-youtube.png","width":1280,"height":732},{"@type":"BreadcrumbList","@id":"https:\/\/agenciainfra.com\/blog\/diretora-da-antaq-votou-por-preco-teto-nacional-e-franquia-em-taxa-de-movimentacao-de-conteiner\/#breadcrumb","itemListElement":[{"@type":"ListItem","position":1,"name":"In\u00edcio","item":"https:\/\/agenciainfra.com\/blog\/"},{"@type":"ListItem","position":2,"name":"Diretora da ANTAQ votou por pre\u00e7o-teto nacional e franquia em taxa de movimenta\u00e7\u00e3o de cont\u00eainer"}]},{"@type":"WebSite","@id":"https:\/\/agenciainfra.com\/blog\/#website","url":"https:\/\/agenciainfra.com\/blog\/","name":"Ag\u00eancia iNFRA","description":"Multiplataforma de informa\u00e7\u00e3o jornal\u00edstica refer\u00eancia na \u00e1rea de infraestrutura no Brasil!","publisher":{"@id":"https:\/\/agenciainfra.com\/blog\/#organization"},"potentialAction":[{"@type":"SearchAction","target":{"@type":"EntryPoint","urlTemplate":"https:\/\/agenciainfra.com\/blog\/?s={search_term_string}"},"query-input":{"@type":"PropertyValueSpecification","valueRequired":true,"valueName":"search_term_string"}}],"inLanguage":"pt-BR"},{"@type":"Organization","@id":"https:\/\/agenciainfra.com\/blog\/#organization","name":"Ag\u00eancia iNFRA","url":"https:\/\/agenciainfra.com\/blog\/","logo":{"@type":"ImageObject","inLanguage":"pt-BR","@id":"https:\/\/agenciainfra.com\/blog\/#\/schema\/logo\/image\/","url":"https:\/\/agenciainfra.com\/blog\/wp-content\/uploads\/2023\/09\/iNFRA_5-e1761735885940.png","contentUrl":"https:\/\/agenciainfra.com\/blog\/wp-content\/uploads\/2023\/09\/iNFRA_5-e1761735885940.png","width":1672,"height":454,"caption":"Ag\u00eancia iNFRA"},"image":{"@id":"https:\/\/agenciainfra.com\/blog\/#\/schema\/logo\/image\/"},"sameAs":["https:\/\/www.facebook.com\/ageninfra","https:\/\/x.com\/agencia_infra","https:\/\/www.linkedin.com\/company\/ag\u00eanciainfra\/","https:\/\/www.instagram.com\/agenciainfra\/"]},{"@type":"Person","@id":"https:\/\/agenciainfra.com\/blog\/#\/schema\/person\/04dbb79bd6d8951f063da71f3e4c1eb1","name":"Rodrigo Zuquim","image":{"@type":"ImageObject","inLanguage":"pt-BR","@id":"https:\/\/agenciainfra.com\/blog\/#\/schema\/person\/image\/","url":"https:\/\/secure.gravatar.com\/avatar\/594abfe82761d620726242ff34ca472a705a4b97f16c790053a6b4c4035274d0?s=96&d=mm&r=g","contentUrl":"https:\/\/secure.gravatar.com\/avatar\/594abfe82761d620726242ff34ca472a705a4b97f16c790053a6b4c4035274d0?s=96&d=mm&r=g","caption":"Rodrigo Zuquim"},"url":"https:\/\/agenciainfra.com\/blog\/author\/rodrigo-zuquim\/"}]}},"_links":{"self":[{"href":"https:\/\/agenciainfra.com\/blog\/wp-json\/wp\/v2\/posts\/5942","targetHints":{"allow":["GET"]}}],"collection":[{"href":"https:\/\/agenciainfra.com\/blog\/wp-json\/wp\/v2\/posts"}],"about":[{"href":"https:\/\/agenciainfra.com\/blog\/wp-json\/wp\/v2\/types\/post"}],"author":[{"embeddable":true,"href":"https:\/\/agenciainfra.com\/blog\/wp-json\/wp\/v2\/users\/9"}],"replies":[{"embeddable":true,"href":"https:\/\/agenciainfra.com\/blog\/wp-json\/wp\/v2\/comments?post=5942"}],"version-history":[{"count":0,"href":"https:\/\/agenciainfra.com\/blog\/wp-json\/wp\/v2\/posts\/5942\/revisions"}],"wp:featuredmedia":[{"embeddable":true,"href":"https:\/\/agenciainfra.com\/blog\/wp-json\/wp\/v2\/media\/5943"}],"wp:attachment":[{"href":"https:\/\/agenciainfra.com\/blog\/wp-json\/wp\/v2\/media?parent=5942"}],"wp:term":[{"taxonomy":"category","embeddable":true,"href":"https:\/\/agenciainfra.com\/blog\/wp-json\/wp\/v2\/categories?post=5942"},{"taxonomy":"post_tag","embeddable":true,"href":"https:\/\/agenciainfra.com\/blog\/wp-json\/wp\/v2\/tags?post=5942"}],"curies":[{"name":"wp","href":"https:\/\/api.w.org\/{rel}","templated":true}]}}