{"id":5952,"date":"2020-09-23T13:00:36","date_gmt":"2020-09-23T16:00:36","guid":{"rendered":"https:\/\/www.agenciainfra.com\/blog\/?p=5952"},"modified":"2020-09-23T11:32:59","modified_gmt":"2020-09-23T14:32:59","slug":"infradebate-a-segunda-rodada-de-concessoes-aeroportuarias-do-estado-de-sao-paulo","status":"publish","type":"post","link":"https:\/\/agenciainfra.com\/blog\/infradebate-a-segunda-rodada-de-concessoes-aeroportuarias-do-estado-de-sao-paulo\/","title":{"rendered":"iNFRADebate: A segunda rodada de concess\u00f5es aeroportu\u00e1rias do estado de S\u00e3o Paulo"},"content":{"rendered":"\n<p class=\"has-text-align-right\"><strong>Ane Elisa Perez*<\/strong><\/p>\n\n\n\n<p>Em abril de 2020, o Governo do Estado de S\u00e3o Paulo lan\u00e7ou a segunda rodada de concess\u00f5es de aeroportos regionais paulistas, que conta com a concess\u00e3o de 22 (vinte e dois) aeroportos divididos em dois grandes lotes (Lote Noroeste e Lote Sudeste), em um valor total esperado de investimento de R$ 700 milh\u00f5es entre obras e opera\u00e7\u00f5es e com a expectativa de gera\u00e7\u00e3o de R$ 600 milh\u00f5es em impostos para munic\u00edpios e Uni\u00e3o, ao longo do prazo estipulado de 30 anos.<\/p>\n\n\n\n<p>Ressalta-se que a rede aeroportu\u00e1ria paulista, pela qual transitam cerca de R$ 2,4 milh\u00f5es de passageiros, j\u00e1 passou por uma primeira rodada de concess\u00f5es no ano de 2017, por meio da qual foram concedidos, em \u00fanico lote, os aeroportos de Bragan\u00e7a Paulista, Campinas, Itanha\u00e9m, Jundia\u00ed e Ubatuba ao Cons\u00f3rcio Voa S\u00e3o Paulo, respons\u00e1vel por realizar todos os investimentos necess\u00e1rios para tornar os aeroportos dessa primeira rodada mais eficientes e lucrativos.<\/p>\n\n\n\n<p><strong>Objeto<\/strong><\/p>\n\n\n\n<p>Como adiantado, a segunda rodada de concess\u00f5es aeroportu\u00e1rias do estado de S\u00e3o Paulo, ainda em aberto, possui como objeto 22 (vinte e dois) aeroportos, divididos em dois principais lotes:<\/p>\n\n\n\n<ul class=\"wp-block-list\"><li>Lote Noroeste: composto por 13 unidades (S\u00e3o Jos\u00e9 do Rio Preto, Presidente Prudente, Ara\u00e7atuba, Barretos, Avar\u00e9-Arandu, Assis, Dracena, Votuporanga, Pen\u00e1polis, Tup\u00e3, Andradina, Presidente Epit\u00e1cio e S\u00e3o Manuel), com um total de investimento previsto na quantia de R$ 177 milh\u00f5es.<\/li><li>Lote Sudeste: composto por nove unidades (Ribeir\u00e3o Preto, Mar\u00edlia, Bauru, Araraquara, Franca, S\u00e3o Carlos, Sorocaba, Guaratinguet\u00e1 e Registro), sendo o aeroporto de Ribeir\u00e3o Preto o empreendimento principal, com investimentos previstos ao longo do contrato no valor de R$ 233 milh\u00f5es.<\/li><\/ul>\n\n\n\n<p>Dentre as obriga\u00e7\u00f5es estipuladas ao ente contratado, citam-se as adequa\u00e7\u00f5es de largura e inclina\u00e7\u00e3o da pista de pouso e decolagem e medidas para mitigar o ru\u00eddo aeron\u00e1utico no aeroporto de S\u00e3o Jos\u00e9 do Rio Preto, assim como a constru\u00e7\u00e3o de novos terminais de passageiros nos empreendimentos de Mar\u00edlia e de Guaratinguet\u00e1.<\/p>\n\n\n\n<p>Em rela\u00e7\u00e3o aos vencedores da rodada, ser\u00e3o escolhidos aqueles que apresentarem a maior oferta de outorga fixa, a ser paga integralmente como condi\u00e7\u00e3o para a assinatura do contrato, sendo permitida a participa\u00e7\u00e3o de empresas nacionais ou estrangeiras, cons\u00f3rcios, institui\u00e7\u00f5es financeiras e fundos de investimentos que ter\u00e3o que comprovar, se vencedores do certame, a qualifica\u00e7\u00e3o t\u00e9cnica em gest\u00e3o aeroportu\u00e1ria.<\/p>\n\n\n\n<p>Atualmente, os aeroportos objeto desta rodada de concess\u00e3o s\u00e3o operados e administrados pelo Daesp (Departamento Aerovi\u00e1rio do Estado de S\u00e3o Paulo) e ter\u00e3o seu procedimento licitat\u00f3rio conduzido pela Secretaria de Governo, por meio da Artesp (Ag\u00eancia de Transporte do Estado de S\u00e3o Paulo), que possui expectativa de concluir as licita\u00e7\u00f5es ainda em dezembro deste ano com assinatura dos contratos com o ente privado contratado logo no in\u00edcio de 2021.\u00a0<\/p>\n\n\n\n<p><strong>Hist\u00f3rico<\/strong><\/p>\n\n\n\n<p>Ap\u00f3s o an\u00fancio da segunda rodada de concess\u00f5es aeroportu\u00e1rias do estado de S\u00e3o Paulo no in\u00edcio deste ano, foi marcada audi\u00eancia p\u00fablica para os dias 17 de abril a 21 de maio. Tal etapa, que estava marcada para ocorrer presencialmente, foi realizada de modo totalmente virtual, em raz\u00e3o da pandemia da Covid-19, ap\u00f3s parecer in\u00e9dito dado pela Procuradoria-Geral do Estado nesse sentido. No momento, aguarda-se a publica\u00e7\u00e3o das respostas \u00e0s in\u00fameras contribui\u00e7\u00f5es recebidas nesta etapa para que seja dado andamento ao trabalho, em especial \u00e0 realiza\u00e7\u00e3o do certame.<\/p>\n\n\n\n<p><strong>Principais pontos da rodada<\/strong><\/p>\n\n\n\n<p>Como principais pontos da rodada, primeiramente, v\u00e1lido apontar, como adiantado, que o crit\u00e9rio de julgamento do certamente ser\u00e1 o valor da outorga fixa j\u00e1 definida pelo Governo do Estado, que estipulou a quantia de outorga m\u00ednima de R$ 18,6 milh\u00f5es para o Lote Noroeste e de R$ 9,4 milh\u00f5es para o Lote Sudeste, sendo vencedor aquele que apresentar proposta de pre\u00e7o com o maior valor de outorga e devidamente comprovar sua qualifica\u00e7\u00e3o t\u00e9cnica, que ser\u00e1 atestada mediante a apresenta\u00e7\u00e3o de documentos que constatem a experi\u00eancia na gest\u00e3o ou administra\u00e7\u00e3o de ativos de infraestrutura.<\/p>\n\n\n\n<p>Quanto \u00e0 remunera\u00e7\u00e3o da concession\u00e1ria, destaca-se que essa ser\u00e1 feita com base nas receitas tarif\u00e1rias (tarifa de embarque, tarifa de pouso, tarifa de perman\u00eancia, tarifa de armazenagem e tarifa de capatazia) e pelas receitas n\u00e3o tarif\u00e1rias fruto da explora\u00e7\u00e3o de atividades econ\u00f4micas provindas da utiliza\u00e7\u00e3o de \u00e1reas, edif\u00edcios, instala\u00e7\u00f5es, equipamentos, facilidades e servi\u00e7os.<\/p>\n\n\n\n<p>A rodada, tamb\u00e9m, em conson\u00e2ncia com a linha mais assertiva do setor, prev\u00ea m\u00e9todos alternativos de solu\u00e7\u00e3o de conflitos, dentre eles a possibilidade do uso da negocia\u00e7\u00e3o direta, das juntas t\u00e9cnicas \u2013 ou <em>dispute boards<\/em> \u2013, mesmo que de modo mais incipiente, al\u00e9m de, claro, trazer disposi\u00e7\u00f5es quanto ao uso do procedimento arbitral na solu\u00e7\u00e3o de qualquer controv\u00e9rsia de direito patrimonial dispon\u00edvel surgida ao longo do contrato.<\/p>\n\n\n\n<p><strong>Impactos da Covid-19<\/strong><\/p>\n\n\n\n<p>Assim como a sexta rodada de concess\u00f5es aeroportu\u00e1rias no n\u00edvel federal, que teve de reelaborar estudos e propor novas altera\u00e7\u00f5es \u00e0 minuta do contrato em decorr\u00eancia do coronav\u00edrus, a rodada de concess\u00f5es paulista tamb\u00e9m sentiu as repercuss\u00f5es negativas da pandemia atual que atinge o Brasil e que impactou, dr\u00e1stica e diretamente, o setor aeroportu\u00e1rio nacional e internacional.<\/p>\n\n\n\n<p>\u00c9 por isso que, de acordo com os respons\u00e1veis pela concess\u00e3o no n\u00edvel estadual, espera-se que nas pr\u00f3ximas semanas alguns estudos que embasam a segunda rodada sejam refeitos com o intuito de atualizar as an\u00e1lises t\u00e9cnicas e econ\u00f4micas, adequando o certame \u00e0s vicissitudes atuais sentidas pelo setor aeroportu\u00e1rio em conson\u00e2ncia \u00e0s expectativas do setor e das empresas que participar\u00e3o do procedimento.<\/p>\n\n\n\n<p>Tal discuss\u00e3o, ainda no \u00e2mbito interno da segunda rodada de concess\u00f5es, pode trazer, ademais, mudan\u00e7as importantes no contrato e no edital inclusive quanto ao compartilhamento de riscos. Nesse ponto, h\u00e1 expectativas de que a rodada insira mecanismos de compartilhamento de riscos de demanda na licita\u00e7\u00e3o, especialmente considerando que o estado de S\u00e3o Paulo j\u00e1 possui um hist\u00f3rico favor\u00e1vel \u00e0 previs\u00e3o desses mecanismos, os quais j\u00e1 foram implementados em concess\u00f5es anteriores.<\/p>\n\n\n\n<p><strong>Pr\u00f3ximos passos<\/strong><\/p>\n\n\n\n<p>No momento, aguarda-se a publica\u00e7\u00e3o final do edital e do contrato de concess\u00e3o, ap\u00f3s as contribui\u00e7\u00f5es enviadas na audi\u00eancia p\u00fablica anteriormente realizada, para que, ent\u00e3o, haja a licita\u00e7\u00e3o, que havia sido estipulada para o segundo semestre de 2020, com a assinatura dos contratos no in\u00edcio do pr\u00f3ximo ano.<\/p>\n\n\n\n<p>No entanto, \u00e9 certo que, com a aproxima\u00e7\u00e3o do fim do ano, n\u00e3o h\u00e1 como saber se esses prazos sinalizados inicialmente conseguir\u00e3o ser cumpridos integralmente pelo Governo do Estado, principalmente se novos estudos e readequa\u00e7\u00f5es tiverem mesmo de ser feitas no contrato e no edital em raz\u00e3o dos impactos da Covid-19. Por isso, \u00e9 preciso, aqui, uma aten\u00e7\u00e3o tanto do setor quanto do ente estadual, como tamb\u00e9m das empresas interessadas no certame, a fim de que todos estejam alinhados e que a realiza\u00e7\u00e3o da segunda rodada de concess\u00f5es aeroportu\u00e1rias, ainda neste ano, possa acontecer dentro das expectativas anteriormente anunciadas, mas garantido um estudo t\u00e9cnico-econ\u00f4mico aprofundado e seguro, atualizado para este novo tempo.<\/p>\n\n\n\n<p><strong>Conclus\u00e3o<\/strong><\/p>\n\n\n\n<p>\u00c9 certo que a segunda rodada de concess\u00f5es aeroportu\u00e1rias veio em momento oportuno, especialmente considerando que o setor de infraestrutura ser\u00e1 um dos principais respons\u00e1veis por reerguer o pa\u00eds da crise atual que nos afeta. Assim, em que pese a pandemia da Covid-19 tenha alterado os planos inicialmente previstos, \u00e9 certo que, a rodada estadual vem trilhando seu caminho, ao lado da 6\u00aa Rodada de Concess\u00f5es no n\u00edvel federal, como um important\u00edssimo atrativo para os <em>players<\/em> interessados no setor.\u00a0<\/p>\n\n\n\n<p>Contudo, v\u00e1lido mencionar que a vis\u00e3o de todo otimista passada pelo Governo do Estado de S\u00e3o Paulo em rela\u00e7\u00e3o \u00e0 realiza\u00e7\u00e3o da concess\u00e3o ainda neste ano deve ser vista com muita precau\u00e7\u00e3o. Neste sentido, embora seja ineg\u00e1vel que a realiza\u00e7\u00e3o de um certame licitat\u00f3rio ainda neste ano fosse de todo modo positivo para o estado paulista, esse t\u00e3o importante procedimento n\u00e3o pode ser de modo algum precipitado, sendo imperioso, portanto, que os documentos e estudos que embasam a segunda rodada de concess\u00f5es aeroportu\u00e1rias estejam de todo modo alinhados com as expectativas do setor e \u00e0s vicissitudes impostas atualmente ao setor aeroportu\u00e1rio.<\/p>\n\n\n\n<p>A palavra da vez \u00e9, ent\u00e3o, cautela, n\u00e3o s\u00f3 em rela\u00e7\u00e3o \u00e0 segunda rodada de concess\u00f5es da capital paulista, mas tamb\u00e9m aos demais investimentos em infraestrutura no pa\u00eds, principalmente porque a crise atual est\u00e1 longe de ter o seu fim e as consequ\u00eancias da\u00ed advindas permanecem ainda imensur\u00e1veis.<\/p>\n\n\n\n<h6 class=\"wp-block-heading\"><strong>*Ane Elisa Perez, s\u00f3cia da Manesco, Ramires, Perez, Azevedo Marques Sociedade de advogados, atua em arbitragem, media\u00e7\u00e3o, dispute resolution boards, nas \u00e1reas de direito p\u00fablico e privado. \u00a0\u00c9 tamb\u00e9m especialista em gest\u00e3o de contratos administrativos, a\u00e7\u00f5es judiciais de reequil\u00edbrio econ\u00f4mico-financeiro, improbidade administrativa e licita\u00e7\u00f5es, sobretudo aeroportu\u00e1rias e de rodovias.<\/strong><\/h6>\n\n\n\n<h5 class=\"wp-block-heading\">O iNFRADebate \u00e9 o espa\u00e7o de artigos da Ag\u00eancia iNFRA com opini\u00f5es de seus atores que n\u00e3o refletem necessariamente o pensamento da Ag\u00eancia iNFRA, sendo de total responsabilidade do autor as informa\u00e7\u00f5es, ju\u00edzos de valor e conceitos descritos no texto.<\/h5>\n","protected":false},"excerpt":{"rendered":"<p>Ane Elisa Perez* Em abril de 2020, o Governo do Estado de S\u00e3o Paulo lan\u00e7ou a segunda rodada de concess\u00f5es de aeroportos regionais paulistas, que conta com a concess\u00e3o de 22 (vinte e dois) aeroportos divididos em dois grandes lotes (Lote Noroeste e Lote Sudeste), em um valor total esperado de investimento de R$ 700 [&hellip;]<\/p>\n","protected":false},"author":9,"featured_media":5953,"comment_status":"closed","ping_status":"closed","sticky":false,"template":"","format":"standard","meta":{"_monsterinsights_skip_tracking":false,"_monsterinsights_sitenote_active":false,"_monsterinsights_sitenote_note":"","_monsterinsights_sitenote_category":0,"footnotes":""},"categories":[1,11],"tags":[107,2719,1247,78,2684,1758,1759,2721,34,32,1936,679,2720,1915],"class_list":["post-5952","post","type-post","status-publish","format-standard","has-post-thumbnail","hentry","category-geral","category-infradebate","tag-aeroportos","tag-ane-elisa-perez","tag-artesp","tag-concessoes","tag-concessoes-aeroportuarias","tag-coronavirus","tag-covid-19","tag-daesp","tag-infraestrutura","tag-investimentos","tag-pandemia","tag-sao-paulo","tag-segunda-rodada-de-concessoes-aeroportuarias","tag-setor-aereo"],"yoast_head":"<!-- This site is optimized with the Yoast SEO Premium plugin v25.4 (Yoast SEO v26.0) - https:\/\/yoast.com\/wordpress\/plugins\/seo\/ -->\n<title>iNFRADebate: A segunda rodada de concess\u00f5es aeroportu\u00e1rias do estado de S\u00e3o Paulo - Ag\u00eancia iNFRA<\/title>\n<meta name=\"robots\" content=\"index, follow, max-snippet:-1, max-image-preview:large, max-video-preview:-1\" \/>\n<link rel=\"canonical\" href=\"https:\/\/agenciainfra.com\/blog\/infradebate-a-segunda-rodada-de-concessoes-aeroportuarias-do-estado-de-sao-paulo\/\" \/>\n<meta property=\"og:locale\" content=\"pt_BR\" \/>\n<meta property=\"og:type\" content=\"article\" \/>\n<meta property=\"og:title\" content=\"iNFRADebate: A segunda rodada de concess\u00f5es aeroportu\u00e1rias do estado de S\u00e3o Paulo\" \/>\n<meta property=\"og:description\" content=\"Ane Elisa Perez* Em abril de 2020, o Governo do Estado de S\u00e3o Paulo lan\u00e7ou a segunda rodada de concess\u00f5es de aeroportos regionais paulistas, que conta com a concess\u00e3o de 22 (vinte e dois) aeroportos divididos em dois grandes lotes (Lote Noroeste e Lote Sudeste), em um valor total esperado de investimento de R$ 700 [&hellip;]\" \/>\n<meta property=\"og:url\" content=\"https:\/\/agenciainfra.com\/blog\/infradebate-a-segunda-rodada-de-concessoes-aeroportuarias-do-estado-de-sao-paulo\/\" \/>\n<meta property=\"og:site_name\" content=\"Ag\u00eancia iNFRA\" \/>\n<meta property=\"article:publisher\" content=\"https:\/\/www.facebook.com\/ageninfra\" \/>\n<meta property=\"article:published_time\" content=\"2020-09-23T16:00:36+00:00\" \/>\n<meta property=\"og:image\" content=\"https:\/\/agenciainfra.com\/blog\/wp-content\/uploads\/2020\/09\/pista-aeroporto-foto-dominio-publico.jpg\" \/>\n\t<meta property=\"og:image:width\" content=\"1280\" \/>\n\t<meta property=\"og:image:height\" content=\"720\" \/>\n\t<meta property=\"og:image:type\" content=\"image\/jpeg\" \/>\n<meta name=\"author\" content=\"Rodrigo Zuquim\" \/>\n<meta name=\"twitter:card\" content=\"summary_large_image\" \/>\n<meta name=\"twitter:creator\" content=\"@agencia_infra\" \/>\n<meta name=\"twitter:site\" content=\"@agencia_infra\" \/>\n<meta name=\"twitter:label1\" content=\"Escrito por\" \/>\n\t<meta name=\"twitter:data1\" content=\"Rodrigo Zuquim\" \/>\n\t<meta name=\"twitter:label2\" content=\"Est. tempo de leitura\" \/>\n\t<meta name=\"twitter:data2\" content=\"8 minutos\" \/>\n<script type=\"application\/ld+json\" class=\"yoast-schema-graph\">{\"@context\":\"https:\/\/schema.org\",\"@graph\":[{\"@type\":\"Article\",\"@id\":\"https:\/\/agenciainfra.com\/blog\/infradebate-a-segunda-rodada-de-concessoes-aeroportuarias-do-estado-de-sao-paulo\/#article\",\"isPartOf\":{\"@id\":\"https:\/\/agenciainfra.com\/blog\/infradebate-a-segunda-rodada-de-concessoes-aeroportuarias-do-estado-de-sao-paulo\/\"},\"author\":{\"name\":\"Rodrigo Zuquim\",\"@id\":\"https:\/\/agenciainfra.com\/blog\/#\/schema\/person\/04dbb79bd6d8951f063da71f3e4c1eb1\"},\"headline\":\"iNFRADebate: A segunda rodada de concess\u00f5es aeroportu\u00e1rias do estado de S\u00e3o Paulo\",\"datePublished\":\"2020-09-23T16:00:36+00:00\",\"mainEntityOfPage\":{\"@id\":\"https:\/\/agenciainfra.com\/blog\/infradebate-a-segunda-rodada-de-concessoes-aeroportuarias-do-estado-de-sao-paulo\/\"},\"wordCount\":1614,\"publisher\":{\"@id\":\"https:\/\/agenciainfra.com\/blog\/#organization\"},\"image\":{\"@id\":\"https:\/\/agenciainfra.com\/blog\/infradebate-a-segunda-rodada-de-concessoes-aeroportuarias-do-estado-de-sao-paulo\/#primaryimage\"},\"thumbnailUrl\":\"https:\/\/agenciainfra.com\/blog\/wp-content\/uploads\/2020\/09\/pista-aeroporto-foto-dominio-publico.jpg\",\"keywords\":[\"aeroportos\",\"Ane Elisa Perez\",\"Artesp\",\"concess\u00f5es\",\"concess\u00f5es aeroportu\u00e1rias\",\"coronav\u00edrus\",\"Covid-19\",\"Daesp\",\"Infraestrutura\",\"Investimentos\",\"pandemia\",\"S\u00e3o Paulo\",\"segunda rodada de concess\u00f5es aeroportu\u00e1rias\",\"setor a\u00e9reo\"],\"articleSection\":[\"Geral\",\"iNFRADebate\"],\"inLanguage\":\"pt-BR\",\"copyrightYear\":\"2020\",\"copyrightHolder\":{\"@id\":\"https:\/\/agenciainfra.com\/blog\/#organization\"}},{\"@type\":\"WebPage\",\"@id\":\"https:\/\/agenciainfra.com\/blog\/infradebate-a-segunda-rodada-de-concessoes-aeroportuarias-do-estado-de-sao-paulo\/\",\"url\":\"https:\/\/agenciainfra.com\/blog\/infradebate-a-segunda-rodada-de-concessoes-aeroportuarias-do-estado-de-sao-paulo\/\",\"name\":\"iNFRADebate: A segunda rodada de concess\u00f5es aeroportu\u00e1rias do estado de S\u00e3o Paulo - Ag\u00eancia iNFRA\",\"isPartOf\":{\"@id\":\"https:\/\/agenciainfra.com\/blog\/#website\"},\"primaryImageOfPage\":{\"@id\":\"https:\/\/agenciainfra.com\/blog\/infradebate-a-segunda-rodada-de-concessoes-aeroportuarias-do-estado-de-sao-paulo\/#primaryimage\"},\"image\":{\"@id\":\"https:\/\/agenciainfra.com\/blog\/infradebate-a-segunda-rodada-de-concessoes-aeroportuarias-do-estado-de-sao-paulo\/#primaryimage\"},\"thumbnailUrl\":\"https:\/\/agenciainfra.com\/blog\/wp-content\/uploads\/2020\/09\/pista-aeroporto-foto-dominio-publico.jpg\",\"datePublished\":\"2020-09-23T16:00:36+00:00\",\"breadcrumb\":{\"@id\":\"https:\/\/agenciainfra.com\/blog\/infradebate-a-segunda-rodada-de-concessoes-aeroportuarias-do-estado-de-sao-paulo\/#breadcrumb\"},\"inLanguage\":\"pt-BR\",\"potentialAction\":[{\"@type\":\"ReadAction\",\"target\":[\"https:\/\/agenciainfra.com\/blog\/infradebate-a-segunda-rodada-de-concessoes-aeroportuarias-do-estado-de-sao-paulo\/\"]}]},{\"@type\":\"ImageObject\",\"inLanguage\":\"pt-BR\",\"@id\":\"https:\/\/agenciainfra.com\/blog\/infradebate-a-segunda-rodada-de-concessoes-aeroportuarias-do-estado-de-sao-paulo\/#primaryimage\",\"url\":\"https:\/\/agenciainfra.com\/blog\/wp-content\/uploads\/2020\/09\/pista-aeroporto-foto-dominio-publico.jpg\",\"contentUrl\":\"https:\/\/agenciainfra.com\/blog\/wp-content\/uploads\/2020\/09\/pista-aeroporto-foto-dominio-publico.jpg\",\"width\":1280,\"height\":720},{\"@type\":\"BreadcrumbList\",\"@id\":\"https:\/\/agenciainfra.com\/blog\/infradebate-a-segunda-rodada-de-concessoes-aeroportuarias-do-estado-de-sao-paulo\/#breadcrumb\",\"itemListElement\":[{\"@type\":\"ListItem\",\"position\":1,\"name\":\"In\u00edcio\",\"item\":\"https:\/\/agenciainfra.com\/blog\/\"},{\"@type\":\"ListItem\",\"position\":2,\"name\":\"iNFRADebate: A segunda rodada de concess\u00f5es aeroportu\u00e1rias do estado de S\u00e3o Paulo\"}]},{\"@type\":\"WebSite\",\"@id\":\"https:\/\/agenciainfra.com\/blog\/#website\",\"url\":\"https:\/\/agenciainfra.com\/blog\/\",\"name\":\"Ag\u00eancia iNFRA\",\"description\":\"Multiplataforma de informa\u00e7\u00e3o jornal\u00edstica refer\u00eancia na \u00e1rea de infraestrutura no Brasil!\",\"publisher\":{\"@id\":\"https:\/\/agenciainfra.com\/blog\/#organization\"},\"potentialAction\":[{\"@type\":\"SearchAction\",\"target\":{\"@type\":\"EntryPoint\",\"urlTemplate\":\"https:\/\/agenciainfra.com\/blog\/?s={search_term_string}\"},\"query-input\":{\"@type\":\"PropertyValueSpecification\",\"valueRequired\":true,\"valueName\":\"search_term_string\"}}],\"inLanguage\":\"pt-BR\"},{\"@type\":\"Organization\",\"@id\":\"https:\/\/agenciainfra.com\/blog\/#organization\",\"name\":\"Ag\u00eancia iNFRA\",\"url\":\"https:\/\/agenciainfra.com\/blog\/\",\"logo\":{\"@type\":\"ImageObject\",\"inLanguage\":\"pt-BR\",\"@id\":\"https:\/\/agenciainfra.com\/blog\/#\/schema\/logo\/image\/\",\"url\":\"https:\/\/agenciainfra.com\/blog\/wp-content\/uploads\/2023\/09\/iNFRA_5-e1761735885940.png\",\"contentUrl\":\"https:\/\/agenciainfra.com\/blog\/wp-content\/uploads\/2023\/09\/iNFRA_5-e1761735885940.png\",\"width\":1672,\"height\":454,\"caption\":\"Ag\u00eancia iNFRA\"},\"image\":{\"@id\":\"https:\/\/agenciainfra.com\/blog\/#\/schema\/logo\/image\/\"},\"sameAs\":[\"https:\/\/www.facebook.com\/ageninfra\",\"https:\/\/x.com\/agencia_infra\",\"https:\/\/www.linkedin.com\/company\/ag\u00eanciainfra\/\",\"https:\/\/www.instagram.com\/agenciainfra\/\"]},{\"@type\":\"Person\",\"@id\":\"https:\/\/agenciainfra.com\/blog\/#\/schema\/person\/04dbb79bd6d8951f063da71f3e4c1eb1\",\"name\":\"Rodrigo Zuquim\",\"image\":{\"@type\":\"ImageObject\",\"inLanguage\":\"pt-BR\",\"@id\":\"https:\/\/agenciainfra.com\/blog\/#\/schema\/person\/image\/\",\"url\":\"https:\/\/secure.gravatar.com\/avatar\/594abfe82761d620726242ff34ca472a705a4b97f16c790053a6b4c4035274d0?s=96&d=mm&r=g\",\"contentUrl\":\"https:\/\/secure.gravatar.com\/avatar\/594abfe82761d620726242ff34ca472a705a4b97f16c790053a6b4c4035274d0?s=96&d=mm&r=g\",\"caption\":\"Rodrigo Zuquim\"},\"url\":\"https:\/\/agenciainfra.com\/blog\/author\/rodrigo-zuquim\/\"}]}<\/script>\n<!-- \/ Yoast SEO Premium plugin. -->","yoast_head_json":{"title":"iNFRADebate: A segunda rodada de concess\u00f5es aeroportu\u00e1rias do estado de S\u00e3o Paulo - Ag\u00eancia iNFRA","robots":{"index":"index","follow":"follow","max-snippet":"max-snippet:-1","max-image-preview":"max-image-preview:large","max-video-preview":"max-video-preview:-1"},"canonical":"https:\/\/agenciainfra.com\/blog\/infradebate-a-segunda-rodada-de-concessoes-aeroportuarias-do-estado-de-sao-paulo\/","og_locale":"pt_BR","og_type":"article","og_title":"iNFRADebate: A segunda rodada de concess\u00f5es aeroportu\u00e1rias do estado de S\u00e3o Paulo","og_description":"Ane Elisa Perez* Em abril de 2020, o Governo do Estado de S\u00e3o Paulo lan\u00e7ou a segunda rodada de concess\u00f5es de aeroportos regionais paulistas, que conta com a concess\u00e3o de 22 (vinte e dois) aeroportos divididos em dois grandes lotes (Lote Noroeste e Lote Sudeste), em um valor total esperado de investimento de R$ 700 [&hellip;]","og_url":"https:\/\/agenciainfra.com\/blog\/infradebate-a-segunda-rodada-de-concessoes-aeroportuarias-do-estado-de-sao-paulo\/","og_site_name":"Ag\u00eancia iNFRA","article_publisher":"https:\/\/www.facebook.com\/ageninfra","article_published_time":"2020-09-23T16:00:36+00:00","og_image":[{"width":1280,"height":720,"url":"https:\/\/agenciainfra.com\/blog\/wp-content\/uploads\/2020\/09\/pista-aeroporto-foto-dominio-publico.jpg","type":"image\/jpeg"}],"author":"Rodrigo Zuquim","twitter_card":"summary_large_image","twitter_creator":"@agencia_infra","twitter_site":"@agencia_infra","twitter_misc":{"Escrito por":"Rodrigo Zuquim","Est. tempo de leitura":"8 minutos"},"schema":{"@context":"https:\/\/schema.org","@graph":[{"@type":"Article","@id":"https:\/\/agenciainfra.com\/blog\/infradebate-a-segunda-rodada-de-concessoes-aeroportuarias-do-estado-de-sao-paulo\/#article","isPartOf":{"@id":"https:\/\/agenciainfra.com\/blog\/infradebate-a-segunda-rodada-de-concessoes-aeroportuarias-do-estado-de-sao-paulo\/"},"author":{"name":"Rodrigo Zuquim","@id":"https:\/\/agenciainfra.com\/blog\/#\/schema\/person\/04dbb79bd6d8951f063da71f3e4c1eb1"},"headline":"iNFRADebate: A segunda rodada de concess\u00f5es aeroportu\u00e1rias do estado de S\u00e3o Paulo","datePublished":"2020-09-23T16:00:36+00:00","mainEntityOfPage":{"@id":"https:\/\/agenciainfra.com\/blog\/infradebate-a-segunda-rodada-de-concessoes-aeroportuarias-do-estado-de-sao-paulo\/"},"wordCount":1614,"publisher":{"@id":"https:\/\/agenciainfra.com\/blog\/#organization"},"image":{"@id":"https:\/\/agenciainfra.com\/blog\/infradebate-a-segunda-rodada-de-concessoes-aeroportuarias-do-estado-de-sao-paulo\/#primaryimage"},"thumbnailUrl":"https:\/\/agenciainfra.com\/blog\/wp-content\/uploads\/2020\/09\/pista-aeroporto-foto-dominio-publico.jpg","keywords":["aeroportos","Ane Elisa Perez","Artesp","concess\u00f5es","concess\u00f5es aeroportu\u00e1rias","coronav\u00edrus","Covid-19","Daesp","Infraestrutura","Investimentos","pandemia","S\u00e3o Paulo","segunda rodada de concess\u00f5es aeroportu\u00e1rias","setor a\u00e9reo"],"articleSection":["Geral","iNFRADebate"],"inLanguage":"pt-BR","copyrightYear":"2020","copyrightHolder":{"@id":"https:\/\/agenciainfra.com\/blog\/#organization"}},{"@type":"WebPage","@id":"https:\/\/agenciainfra.com\/blog\/infradebate-a-segunda-rodada-de-concessoes-aeroportuarias-do-estado-de-sao-paulo\/","url":"https:\/\/agenciainfra.com\/blog\/infradebate-a-segunda-rodada-de-concessoes-aeroportuarias-do-estado-de-sao-paulo\/","name":"iNFRADebate: A segunda rodada de concess\u00f5es aeroportu\u00e1rias do estado de S\u00e3o Paulo - Ag\u00eancia iNFRA","isPartOf":{"@id":"https:\/\/agenciainfra.com\/blog\/#website"},"primaryImageOfPage":{"@id":"https:\/\/agenciainfra.com\/blog\/infradebate-a-segunda-rodada-de-concessoes-aeroportuarias-do-estado-de-sao-paulo\/#primaryimage"},"image":{"@id":"https:\/\/agenciainfra.com\/blog\/infradebate-a-segunda-rodada-de-concessoes-aeroportuarias-do-estado-de-sao-paulo\/#primaryimage"},"thumbnailUrl":"https:\/\/agenciainfra.com\/blog\/wp-content\/uploads\/2020\/09\/pista-aeroporto-foto-dominio-publico.jpg","datePublished":"2020-09-23T16:00:36+00:00","breadcrumb":{"@id":"https:\/\/agenciainfra.com\/blog\/infradebate-a-segunda-rodada-de-concessoes-aeroportuarias-do-estado-de-sao-paulo\/#breadcrumb"},"inLanguage":"pt-BR","potentialAction":[{"@type":"ReadAction","target":["https:\/\/agenciainfra.com\/blog\/infradebate-a-segunda-rodada-de-concessoes-aeroportuarias-do-estado-de-sao-paulo\/"]}]},{"@type":"ImageObject","inLanguage":"pt-BR","@id":"https:\/\/agenciainfra.com\/blog\/infradebate-a-segunda-rodada-de-concessoes-aeroportuarias-do-estado-de-sao-paulo\/#primaryimage","url":"https:\/\/agenciainfra.com\/blog\/wp-content\/uploads\/2020\/09\/pista-aeroporto-foto-dominio-publico.jpg","contentUrl":"https:\/\/agenciainfra.com\/blog\/wp-content\/uploads\/2020\/09\/pista-aeroporto-foto-dominio-publico.jpg","width":1280,"height":720},{"@type":"BreadcrumbList","@id":"https:\/\/agenciainfra.com\/blog\/infradebate-a-segunda-rodada-de-concessoes-aeroportuarias-do-estado-de-sao-paulo\/#breadcrumb","itemListElement":[{"@type":"ListItem","position":1,"name":"In\u00edcio","item":"https:\/\/agenciainfra.com\/blog\/"},{"@type":"ListItem","position":2,"name":"iNFRADebate: A segunda rodada de concess\u00f5es aeroportu\u00e1rias do estado de S\u00e3o Paulo"}]},{"@type":"WebSite","@id":"https:\/\/agenciainfra.com\/blog\/#website","url":"https:\/\/agenciainfra.com\/blog\/","name":"Ag\u00eancia iNFRA","description":"Multiplataforma de informa\u00e7\u00e3o jornal\u00edstica refer\u00eancia na \u00e1rea de infraestrutura no Brasil!","publisher":{"@id":"https:\/\/agenciainfra.com\/blog\/#organization"},"potentialAction":[{"@type":"SearchAction","target":{"@type":"EntryPoint","urlTemplate":"https:\/\/agenciainfra.com\/blog\/?s={search_term_string}"},"query-input":{"@type":"PropertyValueSpecification","valueRequired":true,"valueName":"search_term_string"}}],"inLanguage":"pt-BR"},{"@type":"Organization","@id":"https:\/\/agenciainfra.com\/blog\/#organization","name":"Ag\u00eancia iNFRA","url":"https:\/\/agenciainfra.com\/blog\/","logo":{"@type":"ImageObject","inLanguage":"pt-BR","@id":"https:\/\/agenciainfra.com\/blog\/#\/schema\/logo\/image\/","url":"https:\/\/agenciainfra.com\/blog\/wp-content\/uploads\/2023\/09\/iNFRA_5-e1761735885940.png","contentUrl":"https:\/\/agenciainfra.com\/blog\/wp-content\/uploads\/2023\/09\/iNFRA_5-e1761735885940.png","width":1672,"height":454,"caption":"Ag\u00eancia iNFRA"},"image":{"@id":"https:\/\/agenciainfra.com\/blog\/#\/schema\/logo\/image\/"},"sameAs":["https:\/\/www.facebook.com\/ageninfra","https:\/\/x.com\/agencia_infra","https:\/\/www.linkedin.com\/company\/ag\u00eanciainfra\/","https:\/\/www.instagram.com\/agenciainfra\/"]},{"@type":"Person","@id":"https:\/\/agenciainfra.com\/blog\/#\/schema\/person\/04dbb79bd6d8951f063da71f3e4c1eb1","name":"Rodrigo Zuquim","image":{"@type":"ImageObject","inLanguage":"pt-BR","@id":"https:\/\/agenciainfra.com\/blog\/#\/schema\/person\/image\/","url":"https:\/\/secure.gravatar.com\/avatar\/594abfe82761d620726242ff34ca472a705a4b97f16c790053a6b4c4035274d0?s=96&d=mm&r=g","contentUrl":"https:\/\/secure.gravatar.com\/avatar\/594abfe82761d620726242ff34ca472a705a4b97f16c790053a6b4c4035274d0?s=96&d=mm&r=g","caption":"Rodrigo Zuquim"},"url":"https:\/\/agenciainfra.com\/blog\/author\/rodrigo-zuquim\/"}]}},"_links":{"self":[{"href":"https:\/\/agenciainfra.com\/blog\/wp-json\/wp\/v2\/posts\/5952","targetHints":{"allow":["GET"]}}],"collection":[{"href":"https:\/\/agenciainfra.com\/blog\/wp-json\/wp\/v2\/posts"}],"about":[{"href":"https:\/\/agenciainfra.com\/blog\/wp-json\/wp\/v2\/types\/post"}],"author":[{"embeddable":true,"href":"https:\/\/agenciainfra.com\/blog\/wp-json\/wp\/v2\/users\/9"}],"replies":[{"embeddable":true,"href":"https:\/\/agenciainfra.com\/blog\/wp-json\/wp\/v2\/comments?post=5952"}],"version-history":[{"count":0,"href":"https:\/\/agenciainfra.com\/blog\/wp-json\/wp\/v2\/posts\/5952\/revisions"}],"wp:featuredmedia":[{"embeddable":true,"href":"https:\/\/agenciainfra.com\/blog\/wp-json\/wp\/v2\/media\/5953"}],"wp:attachment":[{"href":"https:\/\/agenciainfra.com\/blog\/wp-json\/wp\/v2\/media?parent=5952"}],"wp:term":[{"taxonomy":"category","embeddable":true,"href":"https:\/\/agenciainfra.com\/blog\/wp-json\/wp\/v2\/categories?post=5952"},{"taxonomy":"post_tag","embeddable":true,"href":"https:\/\/agenciainfra.com\/blog\/wp-json\/wp\/v2\/tags?post=5952"}],"curies":[{"name":"wp","href":"https:\/\/api.w.org\/{rel}","templated":true}]}}