{"id":5988,"date":"2020-10-01T08:00:51","date_gmt":"2020-10-01T11:00:51","guid":{"rendered":"https:\/\/www.agenciainfra.com\/blog\/?p=5988"},"modified":"2020-09-30T11:29:52","modified_gmt":"2020-09-30T14:29:52","slug":"equatorial-energisa-e-enel-avaliam-participa-de-privatizacao-da-ceb","status":"publish","type":"post","link":"https:\/\/agenciainfra.com\/blog\/equatorial-energisa-e-enel-avaliam-participa-de-privatizacao-da-ceb\/","title":{"rendered":"Equatorial, Energisa e Enel avaliam participar de privatiza\u00e7\u00e3o da CEB"},"content":{"rendered":"\n<hr class=\"wp-block-separator\"\/>\n\n\n\n<p class=\"has-text-align-right\"><strong>&nbsp;Nestor Rabello,&nbsp;da Ag\u00eancia iNFRA<\/strong><\/p>\n\n\n\n<p>Pelo menos tr\u00eas&nbsp;grupos que atuam no setor el\u00e9trico j\u00e1 avaliam participar do&nbsp;leil\u00e3o de privatiza\u00e7\u00e3o da&nbsp;CEB (Companhia Energ\u00e9tica de Bras\u00edlia). Equatorial Energia, Energisa e Enel teriam interesse&nbsp;na distribuidora, segundo apurou a&nbsp;<strong>Ag\u00eancia iNFRA<\/strong>.<br><br>As&nbsp;companhias enxergam os ativos de distribui\u00e7\u00e3o da CEB como estrat\u00e9gicos, j\u00e1 que possuem servi\u00e7os pr\u00f3ximo ao Distrito Federal. A Enel j\u00e1 atua em distribui\u00e7\u00e3o em Goi\u00e1s, enquanto a Energisa possui ampla atua\u00e7\u00e3o no Centro-Oeste, com opera\u00e7\u00f5es em Mato Grosso do Sul e&nbsp;Mato Grosso, al\u00e9m de regi\u00f5es pr\u00f3ximas&nbsp;em Tocantins&nbsp;e em Minas Gerais.<br><br>Por sua vez, a Equatorial, com atua\u00e7\u00e3o em estados como Par\u00e1, Maranh\u00e3o, Piau\u00ed&nbsp;e Alagoas, informou na \u00faltima segunda-feira (28) que estuda potenciais aquisi\u00e7\u00f5es para ampliar seu servi\u00e7o de distribui\u00e7\u00f5es. Entre os empreendimentos, est\u00e1 a CEB.&nbsp;<br><br>\u201cA companhia informa que engajou assessores para atuar no \u00e2mbito das avalia\u00e7\u00f5es dessas potenciais opera\u00e7\u00f5es, incluindo o Banco Santander, que foi contratado para atuar como assessor financeiro da companhia nas an\u00e1lises envolvendo a participa\u00e7\u00e3o&nbsp;nos leil\u00f5es de aquisi\u00e7\u00e3o da CEEE e da CEB\u201d, disse a empresa, em fato relevante divulgado ao mercado.<br><br><strong>Privatiza\u00e7\u00e3o<\/strong><br>A movimenta\u00e7\u00e3o dos agentes ocorre logo depois de a CEB ter informado, no s\u00e1bado (26), que seu conselho de administra\u00e7\u00e3o aprovou aliena\u00e7\u00e3o de 100% de suas a\u00e7\u00f5es por meio de leil\u00e3o, com pre\u00e7o m\u00ednimo de R$ 1,42 bilh\u00e3o.&nbsp;<br><br>As avalia\u00e7\u00f5es econ\u00f4mico-financeiras da empresa foram elaboradas por consultorias contratadas pelo BNDES (Banco Nacional de Desenvolvimento Econ\u00f4mico e Social). O leil\u00e3o de privatiza\u00e7\u00e3o ser\u00e1 feito em sess\u00e3o p\u00fablica da B3, e ainda n\u00e3o tem data definida. A CEB marcou audi\u00eancia p\u00fablica para discutir o certame em 14 de outubro.<br><br><strong>Outros certames<\/strong><br>Duas das interessadas no leil\u00e3o, a Energisa e a Equatorial, foram bem sucedidas em leil\u00f5es recentes. Em 2018, o grupo Energisa arrematou a Eletroacre (Companhia de Eletricidade do Acre) e a Ceron (Centrais El\u00e9tricas de Rond\u00f4nia).<br><br>J\u00e1 a Equatorial levou as distribuidoras Cepisa (Companhia de Energia do Piau\u00ed) e Ceal (Companhia Energ\u00e9tica de Alagoas). Esses empreendimentos faziam parte do grupo de seis distribuidoras que estavam sob designa\u00e7\u00e3o da Eletrobras e foram vendidas.<\/p>\n","protected":false},"excerpt":{"rendered":"<p>&nbsp;Nestor Rabello,&nbsp;da Ag\u00eancia iNFRA Pelo menos tr\u00eas&nbsp;grupos que atuam no setor el\u00e9trico j\u00e1 avaliam participar do&nbsp;leil\u00e3o de privatiza\u00e7\u00e3o da&nbsp;CEB (Companhia Energ\u00e9tica de Bras\u00edlia). Equatorial Energia, Energisa e Enel teriam interesse&nbsp;na distribuidora, segundo apurou a&nbsp;Ag\u00eancia iNFRA. As&nbsp;companhias enxergam os ativos de distribui\u00e7\u00e3o da CEB como estrat\u00e9gicos, j\u00e1 que possuem servi\u00e7os pr\u00f3ximo ao Distrito Federal. A Enel [&hellip;]<\/p>\n","protected":false},"author":9,"featured_media":5989,"comment_status":"closed","ping_status":"closed","sticky":false,"template":"","format":"standard","meta":{"_monsterinsights_skip_tracking":false,"_monsterinsights_sitenote_active":false,"_monsterinsights_sitenote_note":"","_monsterinsights_sitenote_category":0,"footnotes":""},"categories":[1,10],"tags":[103,2744,366,2199,616,2730,591,254,51,54],"class_list":["post-5988","post","type-post","status-publish","format-standard","has-post-thumbnail","hentry","category-geral","category-infraenergia","tag-bndes","tag-ceb","tag-ceee","tag-distribuicao","tag-enel","tag-energisa","tag-equatorial","tag-leilao","tag-privatizacao","tag-setor-eletrico"],"yoast_head":"<!-- This site is optimized with the Yoast SEO Premium plugin v25.4 (Yoast SEO v26.0) - https:\/\/yoast.com\/wordpress\/plugins\/seo\/ -->\n<title>Equatorial, Energisa e Enel avaliam participar de privatiza\u00e7\u00e3o da CEB - Ag\u00eancia iNFRA<\/title>\n<meta name=\"robots\" content=\"index, follow, max-snippet:-1, max-image-preview:large, max-video-preview:-1\" \/>\n<link rel=\"canonical\" href=\"https:\/\/agenciainfra.com\/blog\/equatorial-energisa-e-enel-avaliam-participa-de-privatizacao-da-ceb\/\" \/>\n<meta property=\"og:locale\" content=\"pt_BR\" \/>\n<meta property=\"og:type\" content=\"article\" \/>\n<meta property=\"og:title\" content=\"Equatorial, Energisa e Enel avaliam participar de privatiza\u00e7\u00e3o da CEB\" \/>\n<meta property=\"og:description\" content=\"&nbsp;Nestor Rabello,&nbsp;da Ag\u00eancia iNFRA Pelo menos tr\u00eas&nbsp;grupos que atuam no setor el\u00e9trico j\u00e1 avaliam participar do&nbsp;leil\u00e3o de privatiza\u00e7\u00e3o da&nbsp;CEB (Companhia Energ\u00e9tica de Bras\u00edlia). Equatorial Energia, Energisa e Enel teriam interesse&nbsp;na distribuidora, segundo apurou a&nbsp;Ag\u00eancia iNFRA. As&nbsp;companhias enxergam os ativos de distribui\u00e7\u00e3o da CEB como estrat\u00e9gicos, j\u00e1 que possuem servi\u00e7os pr\u00f3ximo ao Distrito Federal. A Enel [&hellip;]\" \/>\n<meta property=\"og:url\" content=\"https:\/\/agenciainfra.com\/blog\/equatorial-energisa-e-enel-avaliam-participa-de-privatizacao-da-ceb\/\" \/>\n<meta property=\"og:site_name\" content=\"Ag\u00eancia iNFRA\" \/>\n<meta property=\"article:publisher\" content=\"https:\/\/www.facebook.com\/ageninfra\" \/>\n<meta property=\"article:published_time\" content=\"2020-10-01T11:00:51+00:00\" \/>\n<meta property=\"og:image\" content=\"https:\/\/agenciainfra.com\/blog\/wp-content\/uploads\/2020\/09\/ceb-foto-divulgacao.jpeg\" \/>\n\t<meta property=\"og:image:width\" content=\"1280\" \/>\n\t<meta property=\"og:image:height\" content=\"810\" \/>\n\t<meta property=\"og:image:type\" content=\"image\/jpeg\" \/>\n<meta name=\"author\" content=\"Rodrigo Zuquim\" \/>\n<meta name=\"twitter:card\" content=\"summary_large_image\" \/>\n<meta name=\"twitter:creator\" content=\"@agencia_infra\" \/>\n<meta name=\"twitter:site\" content=\"@agencia_infra\" \/>\n<meta name=\"twitter:label1\" content=\"Escrito por\" \/>\n\t<meta name=\"twitter:data1\" content=\"Rodrigo Zuquim\" \/>\n\t<meta name=\"twitter:label2\" content=\"Est. tempo de leitura\" \/>\n\t<meta name=\"twitter:data2\" content=\"2 minutos\" \/>\n<script type=\"application\/ld+json\" class=\"yoast-schema-graph\">{\"@context\":\"https:\/\/schema.org\",\"@graph\":[{\"@type\":\"Article\",\"@id\":\"https:\/\/agenciainfra.com\/blog\/equatorial-energisa-e-enel-avaliam-participa-de-privatizacao-da-ceb\/#article\",\"isPartOf\":{\"@id\":\"https:\/\/agenciainfra.com\/blog\/equatorial-energisa-e-enel-avaliam-participa-de-privatizacao-da-ceb\/\"},\"author\":{\"name\":\"Rodrigo Zuquim\",\"@id\":\"https:\/\/agenciainfra.com\/blog\/#\/schema\/person\/04dbb79bd6d8951f063da71f3e4c1eb1\"},\"headline\":\"Equatorial, Energisa e Enel avaliam participar de privatiza\u00e7\u00e3o da CEB\",\"datePublished\":\"2020-10-01T11:00:51+00:00\",\"mainEntityOfPage\":{\"@id\":\"https:\/\/agenciainfra.com\/blog\/equatorial-energisa-e-enel-avaliam-participa-de-privatizacao-da-ceb\/\"},\"wordCount\":422,\"publisher\":{\"@id\":\"https:\/\/agenciainfra.com\/blog\/#organization\"},\"image\":{\"@id\":\"https:\/\/agenciainfra.com\/blog\/equatorial-energisa-e-enel-avaliam-participa-de-privatizacao-da-ceb\/#primaryimage\"},\"thumbnailUrl\":\"https:\/\/agenciainfra.com\/blog\/wp-content\/uploads\/2020\/09\/ceb-foto-divulgacao.jpeg\",\"keywords\":[\"BNDES\",\"CEB\",\"CEEE\",\"distribui\u00e7\u00e3o\",\"Enel\",\"Energisa\",\"equatorial\",\"leil\u00e3o\",\"Privatiza\u00e7\u00e3o\",\"Setor El\u00e9trico\"],\"articleSection\":[\"Geral\",\"iNFRAEnergia\"],\"inLanguage\":\"pt-BR\",\"copyrightYear\":\"2020\",\"copyrightHolder\":{\"@id\":\"https:\/\/agenciainfra.com\/blog\/#organization\"}},{\"@type\":\"WebPage\",\"@id\":\"https:\/\/agenciainfra.com\/blog\/equatorial-energisa-e-enel-avaliam-participa-de-privatizacao-da-ceb\/\",\"url\":\"https:\/\/agenciainfra.com\/blog\/equatorial-energisa-e-enel-avaliam-participa-de-privatizacao-da-ceb\/\",\"name\":\"Equatorial, Energisa e Enel avaliam participar de privatiza\u00e7\u00e3o da CEB - Ag\u00eancia iNFRA\",\"isPartOf\":{\"@id\":\"https:\/\/agenciainfra.com\/blog\/#website\"},\"primaryImageOfPage\":{\"@id\":\"https:\/\/agenciainfra.com\/blog\/equatorial-energisa-e-enel-avaliam-participa-de-privatizacao-da-ceb\/#primaryimage\"},\"image\":{\"@id\":\"https:\/\/agenciainfra.com\/blog\/equatorial-energisa-e-enel-avaliam-participa-de-privatizacao-da-ceb\/#primaryimage\"},\"thumbnailUrl\":\"https:\/\/agenciainfra.com\/blog\/wp-content\/uploads\/2020\/09\/ceb-foto-divulgacao.jpeg\",\"datePublished\":\"2020-10-01T11:00:51+00:00\",\"breadcrumb\":{\"@id\":\"https:\/\/agenciainfra.com\/blog\/equatorial-energisa-e-enel-avaliam-participa-de-privatizacao-da-ceb\/#breadcrumb\"},\"inLanguage\":\"pt-BR\",\"potentialAction\":[{\"@type\":\"ReadAction\",\"target\":[\"https:\/\/agenciainfra.com\/blog\/equatorial-energisa-e-enel-avaliam-participa-de-privatizacao-da-ceb\/\"]}]},{\"@type\":\"ImageObject\",\"inLanguage\":\"pt-BR\",\"@id\":\"https:\/\/agenciainfra.com\/blog\/equatorial-energisa-e-enel-avaliam-participa-de-privatizacao-da-ceb\/#primaryimage\",\"url\":\"https:\/\/agenciainfra.com\/blog\/wp-content\/uploads\/2020\/09\/ceb-foto-divulgacao.jpeg\",\"contentUrl\":\"https:\/\/agenciainfra.com\/blog\/wp-content\/uploads\/2020\/09\/ceb-foto-divulgacao.jpeg\",\"width\":1280,\"height\":810},{\"@type\":\"BreadcrumbList\",\"@id\":\"https:\/\/agenciainfra.com\/blog\/equatorial-energisa-e-enel-avaliam-participa-de-privatizacao-da-ceb\/#breadcrumb\",\"itemListElement\":[{\"@type\":\"ListItem\",\"position\":1,\"name\":\"In\u00edcio\",\"item\":\"https:\/\/agenciainfra.com\/blog\/\"},{\"@type\":\"ListItem\",\"position\":2,\"name\":\"Equatorial, Energisa e Enel avaliam participar de privatiza\u00e7\u00e3o da CEB\"}]},{\"@type\":\"WebSite\",\"@id\":\"https:\/\/agenciainfra.com\/blog\/#website\",\"url\":\"https:\/\/agenciainfra.com\/blog\/\",\"name\":\"Ag\u00eancia iNFRA\",\"description\":\"Multiplataforma de informa\u00e7\u00e3o jornal\u00edstica refer\u00eancia na \u00e1rea de infraestrutura no Brasil!\",\"publisher\":{\"@id\":\"https:\/\/agenciainfra.com\/blog\/#organization\"},\"potentialAction\":[{\"@type\":\"SearchAction\",\"target\":{\"@type\":\"EntryPoint\",\"urlTemplate\":\"https:\/\/agenciainfra.com\/blog\/?s={search_term_string}\"},\"query-input\":{\"@type\":\"PropertyValueSpecification\",\"valueRequired\":true,\"valueName\":\"search_term_string\"}}],\"inLanguage\":\"pt-BR\"},{\"@type\":\"Organization\",\"@id\":\"https:\/\/agenciainfra.com\/blog\/#organization\",\"name\":\"Ag\u00eancia iNFRA\",\"url\":\"https:\/\/agenciainfra.com\/blog\/\",\"logo\":{\"@type\":\"ImageObject\",\"inLanguage\":\"pt-BR\",\"@id\":\"https:\/\/agenciainfra.com\/blog\/#\/schema\/logo\/image\/\",\"url\":\"https:\/\/agenciainfra.com\/blog\/wp-content\/uploads\/2023\/09\/iNFRA_5-e1761735885940.png\",\"contentUrl\":\"https:\/\/agenciainfra.com\/blog\/wp-content\/uploads\/2023\/09\/iNFRA_5-e1761735885940.png\",\"width\":1672,\"height\":454,\"caption\":\"Ag\u00eancia iNFRA\"},\"image\":{\"@id\":\"https:\/\/agenciainfra.com\/blog\/#\/schema\/logo\/image\/\"},\"sameAs\":[\"https:\/\/www.facebook.com\/ageninfra\",\"https:\/\/x.com\/agencia_infra\",\"https:\/\/www.linkedin.com\/company\/ag\u00eanciainfra\/\",\"https:\/\/www.instagram.com\/agenciainfra\/\"]},{\"@type\":\"Person\",\"@id\":\"https:\/\/agenciainfra.com\/blog\/#\/schema\/person\/04dbb79bd6d8951f063da71f3e4c1eb1\",\"name\":\"Rodrigo Zuquim\",\"image\":{\"@type\":\"ImageObject\",\"inLanguage\":\"pt-BR\",\"@id\":\"https:\/\/agenciainfra.com\/blog\/#\/schema\/person\/image\/\",\"url\":\"https:\/\/secure.gravatar.com\/avatar\/594abfe82761d620726242ff34ca472a705a4b97f16c790053a6b4c4035274d0?s=96&d=mm&r=g\",\"contentUrl\":\"https:\/\/secure.gravatar.com\/avatar\/594abfe82761d620726242ff34ca472a705a4b97f16c790053a6b4c4035274d0?s=96&d=mm&r=g\",\"caption\":\"Rodrigo Zuquim\"},\"url\":\"https:\/\/agenciainfra.com\/blog\/author\/rodrigo-zuquim\/\"}]}<\/script>\n<!-- \/ Yoast SEO Premium plugin. -->","yoast_head_json":{"title":"Equatorial, Energisa e Enel avaliam participar de privatiza\u00e7\u00e3o da CEB - Ag\u00eancia iNFRA","robots":{"index":"index","follow":"follow","max-snippet":"max-snippet:-1","max-image-preview":"max-image-preview:large","max-video-preview":"max-video-preview:-1"},"canonical":"https:\/\/agenciainfra.com\/blog\/equatorial-energisa-e-enel-avaliam-participa-de-privatizacao-da-ceb\/","og_locale":"pt_BR","og_type":"article","og_title":"Equatorial, Energisa e Enel avaliam participar de privatiza\u00e7\u00e3o da CEB","og_description":"&nbsp;Nestor Rabello,&nbsp;da Ag\u00eancia iNFRA Pelo menos tr\u00eas&nbsp;grupos que atuam no setor el\u00e9trico j\u00e1 avaliam participar do&nbsp;leil\u00e3o de privatiza\u00e7\u00e3o da&nbsp;CEB (Companhia Energ\u00e9tica de Bras\u00edlia). Equatorial Energia, Energisa e Enel teriam interesse&nbsp;na distribuidora, segundo apurou a&nbsp;Ag\u00eancia iNFRA. As&nbsp;companhias enxergam os ativos de distribui\u00e7\u00e3o da CEB como estrat\u00e9gicos, j\u00e1 que possuem servi\u00e7os pr\u00f3ximo ao Distrito Federal. A Enel [&hellip;]","og_url":"https:\/\/agenciainfra.com\/blog\/equatorial-energisa-e-enel-avaliam-participa-de-privatizacao-da-ceb\/","og_site_name":"Ag\u00eancia iNFRA","article_publisher":"https:\/\/www.facebook.com\/ageninfra","article_published_time":"2020-10-01T11:00:51+00:00","og_image":[{"width":1280,"height":810,"url":"https:\/\/agenciainfra.com\/blog\/wp-content\/uploads\/2020\/09\/ceb-foto-divulgacao.jpeg","type":"image\/jpeg"}],"author":"Rodrigo Zuquim","twitter_card":"summary_large_image","twitter_creator":"@agencia_infra","twitter_site":"@agencia_infra","twitter_misc":{"Escrito por":"Rodrigo Zuquim","Est. tempo de leitura":"2 minutos"},"schema":{"@context":"https:\/\/schema.org","@graph":[{"@type":"Article","@id":"https:\/\/agenciainfra.com\/blog\/equatorial-energisa-e-enel-avaliam-participa-de-privatizacao-da-ceb\/#article","isPartOf":{"@id":"https:\/\/agenciainfra.com\/blog\/equatorial-energisa-e-enel-avaliam-participa-de-privatizacao-da-ceb\/"},"author":{"name":"Rodrigo Zuquim","@id":"https:\/\/agenciainfra.com\/blog\/#\/schema\/person\/04dbb79bd6d8951f063da71f3e4c1eb1"},"headline":"Equatorial, Energisa e Enel avaliam participar de privatiza\u00e7\u00e3o da CEB","datePublished":"2020-10-01T11:00:51+00:00","mainEntityOfPage":{"@id":"https:\/\/agenciainfra.com\/blog\/equatorial-energisa-e-enel-avaliam-participa-de-privatizacao-da-ceb\/"},"wordCount":422,"publisher":{"@id":"https:\/\/agenciainfra.com\/blog\/#organization"},"image":{"@id":"https:\/\/agenciainfra.com\/blog\/equatorial-energisa-e-enel-avaliam-participa-de-privatizacao-da-ceb\/#primaryimage"},"thumbnailUrl":"https:\/\/agenciainfra.com\/blog\/wp-content\/uploads\/2020\/09\/ceb-foto-divulgacao.jpeg","keywords":["BNDES","CEB","CEEE","distribui\u00e7\u00e3o","Enel","Energisa","equatorial","leil\u00e3o","Privatiza\u00e7\u00e3o","Setor El\u00e9trico"],"articleSection":["Geral","iNFRAEnergia"],"inLanguage":"pt-BR","copyrightYear":"2020","copyrightHolder":{"@id":"https:\/\/agenciainfra.com\/blog\/#organization"}},{"@type":"WebPage","@id":"https:\/\/agenciainfra.com\/blog\/equatorial-energisa-e-enel-avaliam-participa-de-privatizacao-da-ceb\/","url":"https:\/\/agenciainfra.com\/blog\/equatorial-energisa-e-enel-avaliam-participa-de-privatizacao-da-ceb\/","name":"Equatorial, Energisa e Enel avaliam participar de privatiza\u00e7\u00e3o da CEB - Ag\u00eancia iNFRA","isPartOf":{"@id":"https:\/\/agenciainfra.com\/blog\/#website"},"primaryImageOfPage":{"@id":"https:\/\/agenciainfra.com\/blog\/equatorial-energisa-e-enel-avaliam-participa-de-privatizacao-da-ceb\/#primaryimage"},"image":{"@id":"https:\/\/agenciainfra.com\/blog\/equatorial-energisa-e-enel-avaliam-participa-de-privatizacao-da-ceb\/#primaryimage"},"thumbnailUrl":"https:\/\/agenciainfra.com\/blog\/wp-content\/uploads\/2020\/09\/ceb-foto-divulgacao.jpeg","datePublished":"2020-10-01T11:00:51+00:00","breadcrumb":{"@id":"https:\/\/agenciainfra.com\/blog\/equatorial-energisa-e-enel-avaliam-participa-de-privatizacao-da-ceb\/#breadcrumb"},"inLanguage":"pt-BR","potentialAction":[{"@type":"ReadAction","target":["https:\/\/agenciainfra.com\/blog\/equatorial-energisa-e-enel-avaliam-participa-de-privatizacao-da-ceb\/"]}]},{"@type":"ImageObject","inLanguage":"pt-BR","@id":"https:\/\/agenciainfra.com\/blog\/equatorial-energisa-e-enel-avaliam-participa-de-privatizacao-da-ceb\/#primaryimage","url":"https:\/\/agenciainfra.com\/blog\/wp-content\/uploads\/2020\/09\/ceb-foto-divulgacao.jpeg","contentUrl":"https:\/\/agenciainfra.com\/blog\/wp-content\/uploads\/2020\/09\/ceb-foto-divulgacao.jpeg","width":1280,"height":810},{"@type":"BreadcrumbList","@id":"https:\/\/agenciainfra.com\/blog\/equatorial-energisa-e-enel-avaliam-participa-de-privatizacao-da-ceb\/#breadcrumb","itemListElement":[{"@type":"ListItem","position":1,"name":"In\u00edcio","item":"https:\/\/agenciainfra.com\/blog\/"},{"@type":"ListItem","position":2,"name":"Equatorial, Energisa e Enel avaliam participar de privatiza\u00e7\u00e3o da CEB"}]},{"@type":"WebSite","@id":"https:\/\/agenciainfra.com\/blog\/#website","url":"https:\/\/agenciainfra.com\/blog\/","name":"Ag\u00eancia iNFRA","description":"Multiplataforma de informa\u00e7\u00e3o jornal\u00edstica refer\u00eancia na \u00e1rea de infraestrutura no Brasil!","publisher":{"@id":"https:\/\/agenciainfra.com\/blog\/#organization"},"potentialAction":[{"@type":"SearchAction","target":{"@type":"EntryPoint","urlTemplate":"https:\/\/agenciainfra.com\/blog\/?s={search_term_string}"},"query-input":{"@type":"PropertyValueSpecification","valueRequired":true,"valueName":"search_term_string"}}],"inLanguage":"pt-BR"},{"@type":"Organization","@id":"https:\/\/agenciainfra.com\/blog\/#organization","name":"Ag\u00eancia iNFRA","url":"https:\/\/agenciainfra.com\/blog\/","logo":{"@type":"ImageObject","inLanguage":"pt-BR","@id":"https:\/\/agenciainfra.com\/blog\/#\/schema\/logo\/image\/","url":"https:\/\/agenciainfra.com\/blog\/wp-content\/uploads\/2023\/09\/iNFRA_5-e1761735885940.png","contentUrl":"https:\/\/agenciainfra.com\/blog\/wp-content\/uploads\/2023\/09\/iNFRA_5-e1761735885940.png","width":1672,"height":454,"caption":"Ag\u00eancia iNFRA"},"image":{"@id":"https:\/\/agenciainfra.com\/blog\/#\/schema\/logo\/image\/"},"sameAs":["https:\/\/www.facebook.com\/ageninfra","https:\/\/x.com\/agencia_infra","https:\/\/www.linkedin.com\/company\/ag\u00eanciainfra\/","https:\/\/www.instagram.com\/agenciainfra\/"]},{"@type":"Person","@id":"https:\/\/agenciainfra.com\/blog\/#\/schema\/person\/04dbb79bd6d8951f063da71f3e4c1eb1","name":"Rodrigo Zuquim","image":{"@type":"ImageObject","inLanguage":"pt-BR","@id":"https:\/\/agenciainfra.com\/blog\/#\/schema\/person\/image\/","url":"https:\/\/secure.gravatar.com\/avatar\/594abfe82761d620726242ff34ca472a705a4b97f16c790053a6b4c4035274d0?s=96&d=mm&r=g","contentUrl":"https:\/\/secure.gravatar.com\/avatar\/594abfe82761d620726242ff34ca472a705a4b97f16c790053a6b4c4035274d0?s=96&d=mm&r=g","caption":"Rodrigo Zuquim"},"url":"https:\/\/agenciainfra.com\/blog\/author\/rodrigo-zuquim\/"}]}},"_links":{"self":[{"href":"https:\/\/agenciainfra.com\/blog\/wp-json\/wp\/v2\/posts\/5988","targetHints":{"allow":["GET"]}}],"collection":[{"href":"https:\/\/agenciainfra.com\/blog\/wp-json\/wp\/v2\/posts"}],"about":[{"href":"https:\/\/agenciainfra.com\/blog\/wp-json\/wp\/v2\/types\/post"}],"author":[{"embeddable":true,"href":"https:\/\/agenciainfra.com\/blog\/wp-json\/wp\/v2\/users\/9"}],"replies":[{"embeddable":true,"href":"https:\/\/agenciainfra.com\/blog\/wp-json\/wp\/v2\/comments?post=5988"}],"version-history":[{"count":0,"href":"https:\/\/agenciainfra.com\/blog\/wp-json\/wp\/v2\/posts\/5988\/revisions"}],"wp:featuredmedia":[{"embeddable":true,"href":"https:\/\/agenciainfra.com\/blog\/wp-json\/wp\/v2\/media\/5989"}],"wp:attachment":[{"href":"https:\/\/agenciainfra.com\/blog\/wp-json\/wp\/v2\/media?parent=5988"}],"wp:term":[{"taxonomy":"category","embeddable":true,"href":"https:\/\/agenciainfra.com\/blog\/wp-json\/wp\/v2\/categories?post=5988"},{"taxonomy":"post_tag","embeddable":true,"href":"https:\/\/agenciainfra.com\/blog\/wp-json\/wp\/v2\/tags?post=5988"}],"curies":[{"name":"wp","href":"https:\/\/api.w.org\/{rel}","templated":true}]}}