{"id":5996,"date":"2020-10-02T08:00:00","date_gmt":"2020-10-02T11:00:00","guid":{"rendered":"https:\/\/www.agenciainfra.com\/blog\/?p=5996"},"modified":"2020-10-01T13:07:16","modified_gmt":"2020-10-01T16:07:16","slug":"indenizacao-de-ativos-para-relicitar-rodovia-so-por-valor-de-mercado-e-com-teto-decide-tcu","status":"publish","type":"post","link":"https:\/\/agenciainfra.com\/blog\/indenizacao-de-ativos-para-relicitar-rodovia-so-por-valor-de-mercado-e-com-teto-decide-tcu\/","title":{"rendered":"Indeniza\u00e7\u00e3o de ativos para relicitar rodovia s\u00f3 por valor de mercado e com teto, decide TCU"},"content":{"rendered":"\n<hr class=\"wp-block-separator\"\/>\n\n\n\n<p class=\"has-text-align-right\"><strong>Dimmi Amora, da&nbsp;Ag\u00eancia iNFRA<\/strong><\/p>\n\n\n\n<p>O c\u00e1lculo das indeniza\u00e7\u00f5es dos investimentos n\u00e3o amortizados em concess\u00f5es de rodovias ter\u00e3o que ser feitos por uma metodologia que indique o valor de mercado do bem e estabelecer um teto de remunera\u00e7\u00e3o para a concession\u00e1ria.<br><br>Foi o que indicou o plen\u00e1rio do TCU (Tribunal de Contas da Uni\u00e3o) em decis\u00e3o da \u00faltima quarta-feira (30),\u00a0analisando o primeiro processo de relicita\u00e7\u00e3o rodovi\u00e1ria, o da Via 040, da Invepar, concession\u00e1ria da BR-040\/DF-GO-MG. A decis\u00e3o est\u00e1 dispon\u00edvel\u00a0<a rel=\"noreferrer noopener\" href=\"https:\/\/agenciainfra.us14.list-manage.com\/track\/click?u=d460dd1bcf9ba0ae040e1fc0f&amp;id=ba87afbb54&amp;e=c099169394\" target=\"_blank\">neste link<\/a>. Outras quatro concession\u00e1rias de rodovias est\u00e3o\u00a0na fila para a devolu\u00e7\u00e3o de suas concess\u00f5es.<br><br>Os ministros referendaram o pedido de cautelar da SeinfraRodoviasAvia\u00e7\u00e3o do tribunal para suspender a assinatura do termo aditivo entre a ANTT (Ag\u00eancia Nacional de Transportes Terrestres) e a concession\u00e1ria, o que daria in\u00edcio ao processo para uma nova licita\u00e7\u00e3o da concess\u00e3o. A assinatura estava prevista para o fim de agosto, conforme\u00a0<a rel=\"noreferrer noopener\" href=\"https:\/\/agenciainfra.us14.list-manage.com\/track\/click?u=d460dd1bcf9ba0ae040e1fc0f&amp;id=f9167f880d&amp;e=c099169394\" target=\"_blank\">reportagem da Ag\u00eancia iNFRA<\/a>.<br><br>No entendimento da unidade t\u00e9cnica do \u00f3rg\u00e3o, a Resolu\u00e7\u00e3o 5.860\/2019 da ANTT cont\u00e9m ilegalidades que repercutiram na Delibera\u00e7\u00e3o 329\/2020, que estabeleceu os termos do aditivo ao contrato. A principal delas seria a forma de contabiliza\u00e7\u00e3o dos ativos.<br><br>Para os auditores, a metodologia de indeniza\u00e7\u00e3o escolhida pela ANTT descumpre normas cont\u00e1beis e privilegia o concession\u00e1rio, j\u00e1 que n\u00e3o pode ser aferida, visto que n\u00e3o haveria como analisar milhares de notas fiscais que estabeleceriam o valor de uma obra pelo seu custo.\u00a0<br><br>&#8220;O termo aditivo em an\u00e1lise, ao reproduzir sistem\u00e1tica da Resolu\u00e7\u00e3o ANTT 5.860, devolve o risco do neg\u00f3cio ao Poder P\u00fablico. Indenizar bens revers\u00edveis considerando o seu custo hist\u00f3rico traz de volta para a Administra\u00e7\u00e3o toda a inefici\u00eancia do concession\u00e1rio em realizar obras e compras (devolve \u00e0 concedente o risco disposto no art. 2\u00ba da Lei 8.987\/1995 e na cl\u00e1usula 21.1 do contrato), al\u00e9m de todo o moral hazard decorrente da assimetria de informa\u00e7\u00f5es&#8221;, diz trecho da decis\u00e3o, relatada pela ministra Ana Arraes.<br><br>O trabalho aponta ainda que a minuta inicial da Resolu\u00e7\u00e3o 5.860 trazia a f\u00f3rmula de c\u00e1lculo pelo pre\u00e7o de mercado (ou fluxo de caixa futuro) e com um teto para a indeniza\u00e7\u00e3o, o que j\u00e1 \u00e9 utilizado pela Artesp, ag\u00eancia reguladora do estado de S\u00e3o Paulo, para o c\u00e1lculo de suas indeniza\u00e7\u00f5es de ativos n\u00e3o amortizados nas concess\u00f5es paulistas. Tamb\u00e9m estabelece que esse teto dever\u00e1 se dar pelos estudos de viabilidade da concess\u00e3o.<br><br><strong>Debate com a Economia<\/strong><br>A discuss\u00e3o sobre a valora\u00e7\u00e3o dos ativos das concession\u00e1rias de rodovias que seriam relicitadas ocorreu por quase um ano dentro do governo, com representantes do Minist\u00e9rio da Economia defendendo a f\u00f3rmula que o TCU agora considera a correta, sob o argumento de que o risco \u00e9 da concession\u00e1ria.\u00a0<br><br>Os representantes do Minist\u00e9rio da Infraestrutura defendiam a f\u00f3rmula que foi a adotada pela ANTT, entendendo que pela f\u00f3rmula de mercado haver\u00e1 um risco para todo o sistema de concess\u00f5es pelo risco aos financiamentos, j\u00e1 que \u00e9 mais prov\u00e1vel\u00a0n\u00e3o haver qualquer remunera\u00e7\u00e3o, e os bancos que emprestaram\u00a0para as obras levar\u00e3o\u00a0calote.<br><br><strong>Outras ilegalidades<\/strong><br>A f\u00f3rmula de indeniza\u00e7\u00e3o n\u00e3o \u00e9 a \u00fanica ilegalidade apontada pelo tribunal na delibera\u00e7\u00e3o. Al\u00e9m delas, os ministros tamb\u00e9m decidiram que a f\u00f3rmula de reajuste dos valores arrecadados a mais no per\u00edodo do aditivo (excedente entre a tarifa que ser\u00e1 cobrada e a tarifa sem obras, que \u00e9 menor) deve ser alterada para considerar tamb\u00e9m a taxa de desconto do fluxo de caixa marginal.<br><br>Outra ilegalidade seria a de n\u00e3o aplicar fatores de redu\u00e7\u00e3o dos valores de ped\u00e1gio por descumprimento de obriga\u00e7\u00f5es contratuais durante o per\u00edodo do termo aditivo, que vigoraria entre a assinatura e a nova licita\u00e7\u00e3o da rodovia. O TCU determinou que tanto a concession\u00e1ria como a ag\u00eancia dever\u00e3o apresentar em 15 dias manifesta\u00e7\u00f5es sobre os ind\u00edcios de irregularidades apontados no processo.<br><br><strong>Decis\u00e3o determina retomada de obras<\/strong><br>Em outra decis\u00e3o do tribunal de contas, no processo 031.985\/2016-5, que analisa o programa federal de concess\u00f5es rodovi\u00e1rias, os ministros decidiram que a ANTT deve\u00a0&#8220;exigir a imediata execu\u00e7\u00e3o dos investimentos&#8221; e, &#8220;quando for o caso, aplicar\u00a0aos concession\u00e1rios as penalidades cab\u00edveis pelo atraso verificado&#8221; em dezenas de obras\u00a0previstas\u00a0nas concess\u00f5es rodovi\u00e1rias das \u00faltimas duas d\u00e9cadas. Entre elas, est\u00e1 a pr\u00f3pria Via 040.<br><br>Outro investimento que tem que ser retomado pela decis\u00e3o desta quarta-feira \u00e9 o do Contorno de Florian\u00f3polis, na concess\u00e3o da BR-101\/SC, da Arteris.\u00a0No m\u00eas passado, o TCU\u00a0determinou a suspens\u00e3o do aditivo ao contrato que reajustava o ped\u00e1gio da rodovia e promovia o\u00a0reequil\u00edbrio da concess\u00e3o para a realiza\u00e7\u00e3o das obras. A decis\u00e3o est\u00e1 dispon\u00edvel\u00a0<a rel=\"noreferrer noopener\" href=\"https:\/\/agenciainfra.us14.list-manage.com\/track\/click?u=d460dd1bcf9ba0ae040e1fc0f&amp;id=20e2f78891&amp;e=c099169394\" target=\"_blank\">neste link<\/a>.<\/p>\n","protected":false},"excerpt":{"rendered":"<p>Dimmi Amora, da&nbsp;Ag\u00eancia iNFRA O c\u00e1lculo das indeniza\u00e7\u00f5es dos investimentos n\u00e3o amortizados em concess\u00f5es de rodovias ter\u00e3o que ser feitos por uma metodologia que indique o valor de mercado do bem e estabelecer um teto de remunera\u00e7\u00e3o para a concession\u00e1ria. Foi o que indicou o plen\u00e1rio do TCU (Tribunal de Contas da Uni\u00e3o) em decis\u00e3o [&hellip;]<\/p>\n","protected":false},"author":9,"featured_media":5997,"comment_status":"closed","ping_status":"closed","sticky":false,"template":"","format":"standard","meta":{"_monsterinsights_skip_tracking":false,"_monsterinsights_sitenote_active":false,"_monsterinsights_sitenote_note":"","_monsterinsights_sitenote_category":0,"footnotes":""},"categories":[1,7],"tags":[1203,19,2031,514,435,78,2479,573,1020,766,775,1027,126,217,18,1019],"class_list":["post-5996","post","type-post","status-publish","format-standard","has-post-thumbnail","hentry","category-geral","category-infratransporte","tag-ana-arraes","tag-antt","tag-arteris","tag-br-040","tag-br-101","tag-concessoes","tag-contorno-de-florianopolis","tag-indenizacao","tag-invepar","tag-ministerio-da-economia","tag-ministerio-da-infraestrutura","tag-relicitacao","tag-rodovias","tag-seinfrarodoviasaviacao","tag-tcu","tag-via-040"],"yoast_head":"<!-- This site is optimized with the Yoast SEO Premium plugin v25.4 (Yoast SEO v26.0) - https:\/\/yoast.com\/wordpress\/plugins\/seo\/ -->\n<title>Indeniza\u00e7\u00e3o de ativos para relicitar rodovia s\u00f3 por valor de mercado e com teto, decide TCU - Ag\u00eancia iNFRA<\/title>\n<meta name=\"robots\" content=\"index, follow, max-snippet:-1, max-image-preview:large, max-video-preview:-1\" \/>\n<link rel=\"canonical\" href=\"https:\/\/agenciainfra.com\/blog\/indenizacao-de-ativos-para-relicitar-rodovia-so-por-valor-de-mercado-e-com-teto-decide-tcu\/\" \/>\n<meta property=\"og:locale\" content=\"pt_BR\" \/>\n<meta property=\"og:type\" content=\"article\" \/>\n<meta property=\"og:title\" content=\"Indeniza\u00e7\u00e3o de ativos para relicitar rodovia s\u00f3 por valor de mercado e com teto, decide TCU\" \/>\n<meta property=\"og:description\" content=\"Dimmi Amora, da&nbsp;Ag\u00eancia iNFRA O c\u00e1lculo das indeniza\u00e7\u00f5es dos investimentos n\u00e3o amortizados em concess\u00f5es de rodovias ter\u00e3o que ser feitos por uma metodologia que indique o valor de mercado do bem e estabelecer um teto de remunera\u00e7\u00e3o para a concession\u00e1ria. Foi o que indicou o plen\u00e1rio do TCU (Tribunal de Contas da Uni\u00e3o) em decis\u00e3o [&hellip;]\" \/>\n<meta property=\"og:url\" content=\"https:\/\/agenciainfra.com\/blog\/indenizacao-de-ativos-para-relicitar-rodovia-so-por-valor-de-mercado-e-com-teto-decide-tcu\/\" \/>\n<meta property=\"og:site_name\" content=\"Ag\u00eancia iNFRA\" \/>\n<meta property=\"article:publisher\" content=\"https:\/\/www.facebook.com\/ageninfra\" \/>\n<meta property=\"article:published_time\" content=\"2020-10-02T11:00:00+00:00\" \/>\n<meta property=\"og:image\" content=\"https:\/\/agenciainfra.com\/blog\/wp-content\/uploads\/2020\/10\/ministra-ana-arraes-foto-tcu.jpg\" \/>\n\t<meta property=\"og:image:width\" content=\"1280\" \/>\n\t<meta property=\"og:image:height\" content=\"893\" \/>\n\t<meta property=\"og:image:type\" content=\"image\/jpeg\" \/>\n<meta name=\"author\" content=\"Rodrigo Zuquim\" \/>\n<meta name=\"twitter:card\" content=\"summary_large_image\" \/>\n<meta name=\"twitter:creator\" content=\"@agencia_infra\" \/>\n<meta name=\"twitter:site\" content=\"@agencia_infra\" \/>\n<meta name=\"twitter:label1\" content=\"Escrito por\" \/>\n\t<meta name=\"twitter:data1\" content=\"Rodrigo Zuquim\" \/>\n\t<meta name=\"twitter:label2\" content=\"Est. tempo de leitura\" \/>\n\t<meta name=\"twitter:data2\" content=\"4 minutos\" \/>\n<script type=\"application\/ld+json\" class=\"yoast-schema-graph\">{\"@context\":\"https:\/\/schema.org\",\"@graph\":[{\"@type\":\"Article\",\"@id\":\"https:\/\/agenciainfra.com\/blog\/indenizacao-de-ativos-para-relicitar-rodovia-so-por-valor-de-mercado-e-com-teto-decide-tcu\/#article\",\"isPartOf\":{\"@id\":\"https:\/\/agenciainfra.com\/blog\/indenizacao-de-ativos-para-relicitar-rodovia-so-por-valor-de-mercado-e-com-teto-decide-tcu\/\"},\"author\":{\"name\":\"Rodrigo Zuquim\",\"@id\":\"https:\/\/agenciainfra.com\/blog\/#\/schema\/person\/04dbb79bd6d8951f063da71f3e4c1eb1\"},\"headline\":\"Indeniza\u00e7\u00e3o de ativos para relicitar rodovia s\u00f3 por valor de mercado e com teto, decide TCU\",\"datePublished\":\"2020-10-02T11:00:00+00:00\",\"mainEntityOfPage\":{\"@id\":\"https:\/\/agenciainfra.com\/blog\/indenizacao-de-ativos-para-relicitar-rodovia-so-por-valor-de-mercado-e-com-teto-decide-tcu\/\"},\"wordCount\":867,\"publisher\":{\"@id\":\"https:\/\/agenciainfra.com\/blog\/#organization\"},\"image\":{\"@id\":\"https:\/\/agenciainfra.com\/blog\/indenizacao-de-ativos-para-relicitar-rodovia-so-por-valor-de-mercado-e-com-teto-decide-tcu\/#primaryimage\"},\"thumbnailUrl\":\"https:\/\/agenciainfra.com\/blog\/wp-content\/uploads\/2020\/10\/ministra-ana-arraes-foto-tcu.jpg\",\"keywords\":[\"Ana Arraes\",\"ANTT\",\"Arteris\",\"BR-040\",\"BR-101\",\"concess\u00f5es\",\"Contorno de Florian\u00f3polis\",\"indeniza\u00e7\u00e3o\",\"Invepar\",\"Minist\u00e9rio da Economia\",\"Minist\u00e9rio da Infraestrutura\",\"relicita\u00e7\u00e3o\",\"rodovias\",\"SeinfraRodoviasAvia\u00e7\u00e3o\",\"TCU\",\"Via 040\"],\"articleSection\":[\"Geral\",\"iNFRATransporte\"],\"inLanguage\":\"pt-BR\",\"copyrightYear\":\"2020\",\"copyrightHolder\":{\"@id\":\"https:\/\/agenciainfra.com\/blog\/#organization\"}},{\"@type\":\"WebPage\",\"@id\":\"https:\/\/agenciainfra.com\/blog\/indenizacao-de-ativos-para-relicitar-rodovia-so-por-valor-de-mercado-e-com-teto-decide-tcu\/\",\"url\":\"https:\/\/agenciainfra.com\/blog\/indenizacao-de-ativos-para-relicitar-rodovia-so-por-valor-de-mercado-e-com-teto-decide-tcu\/\",\"name\":\"Indeniza\u00e7\u00e3o de ativos para relicitar rodovia s\u00f3 por valor de mercado e com teto, decide TCU - Ag\u00eancia iNFRA\",\"isPartOf\":{\"@id\":\"https:\/\/agenciainfra.com\/blog\/#website\"},\"primaryImageOfPage\":{\"@id\":\"https:\/\/agenciainfra.com\/blog\/indenizacao-de-ativos-para-relicitar-rodovia-so-por-valor-de-mercado-e-com-teto-decide-tcu\/#primaryimage\"},\"image\":{\"@id\":\"https:\/\/agenciainfra.com\/blog\/indenizacao-de-ativos-para-relicitar-rodovia-so-por-valor-de-mercado-e-com-teto-decide-tcu\/#primaryimage\"},\"thumbnailUrl\":\"https:\/\/agenciainfra.com\/blog\/wp-content\/uploads\/2020\/10\/ministra-ana-arraes-foto-tcu.jpg\",\"datePublished\":\"2020-10-02T11:00:00+00:00\",\"breadcrumb\":{\"@id\":\"https:\/\/agenciainfra.com\/blog\/indenizacao-de-ativos-para-relicitar-rodovia-so-por-valor-de-mercado-e-com-teto-decide-tcu\/#breadcrumb\"},\"inLanguage\":\"pt-BR\",\"potentialAction\":[{\"@type\":\"ReadAction\",\"target\":[\"https:\/\/agenciainfra.com\/blog\/indenizacao-de-ativos-para-relicitar-rodovia-so-por-valor-de-mercado-e-com-teto-decide-tcu\/\"]}]},{\"@type\":\"ImageObject\",\"inLanguage\":\"pt-BR\",\"@id\":\"https:\/\/agenciainfra.com\/blog\/indenizacao-de-ativos-para-relicitar-rodovia-so-por-valor-de-mercado-e-com-teto-decide-tcu\/#primaryimage\",\"url\":\"https:\/\/agenciainfra.com\/blog\/wp-content\/uploads\/2020\/10\/ministra-ana-arraes-foto-tcu.jpg\",\"contentUrl\":\"https:\/\/agenciainfra.com\/blog\/wp-content\/uploads\/2020\/10\/ministra-ana-arraes-foto-tcu.jpg\",\"width\":1280,\"height\":893},{\"@type\":\"BreadcrumbList\",\"@id\":\"https:\/\/agenciainfra.com\/blog\/indenizacao-de-ativos-para-relicitar-rodovia-so-por-valor-de-mercado-e-com-teto-decide-tcu\/#breadcrumb\",\"itemListElement\":[{\"@type\":\"ListItem\",\"position\":1,\"name\":\"In\u00edcio\",\"item\":\"https:\/\/agenciainfra.com\/blog\/\"},{\"@type\":\"ListItem\",\"position\":2,\"name\":\"Indeniza\u00e7\u00e3o de ativos para relicitar rodovia s\u00f3 por valor de mercado e com teto, decide TCU\"}]},{\"@type\":\"WebSite\",\"@id\":\"https:\/\/agenciainfra.com\/blog\/#website\",\"url\":\"https:\/\/agenciainfra.com\/blog\/\",\"name\":\"Ag\u00eancia iNFRA\",\"description\":\"Multiplataforma de informa\u00e7\u00e3o jornal\u00edstica refer\u00eancia na \u00e1rea de infraestrutura no Brasil!\",\"publisher\":{\"@id\":\"https:\/\/agenciainfra.com\/blog\/#organization\"},\"potentialAction\":[{\"@type\":\"SearchAction\",\"target\":{\"@type\":\"EntryPoint\",\"urlTemplate\":\"https:\/\/agenciainfra.com\/blog\/?s={search_term_string}\"},\"query-input\":{\"@type\":\"PropertyValueSpecification\",\"valueRequired\":true,\"valueName\":\"search_term_string\"}}],\"inLanguage\":\"pt-BR\"},{\"@type\":\"Organization\",\"@id\":\"https:\/\/agenciainfra.com\/blog\/#organization\",\"name\":\"Ag\u00eancia iNFRA\",\"url\":\"https:\/\/agenciainfra.com\/blog\/\",\"logo\":{\"@type\":\"ImageObject\",\"inLanguage\":\"pt-BR\",\"@id\":\"https:\/\/agenciainfra.com\/blog\/#\/schema\/logo\/image\/\",\"url\":\"https:\/\/agenciainfra.com\/blog\/wp-content\/uploads\/2023\/09\/iNFRA_5-e1761735885940.png\",\"contentUrl\":\"https:\/\/agenciainfra.com\/blog\/wp-content\/uploads\/2023\/09\/iNFRA_5-e1761735885940.png\",\"width\":1672,\"height\":454,\"caption\":\"Ag\u00eancia iNFRA\"},\"image\":{\"@id\":\"https:\/\/agenciainfra.com\/blog\/#\/schema\/logo\/image\/\"},\"sameAs\":[\"https:\/\/www.facebook.com\/ageninfra\",\"https:\/\/x.com\/agencia_infra\",\"https:\/\/www.linkedin.com\/company\/ag\u00eanciainfra\/\",\"https:\/\/www.instagram.com\/agenciainfra\/\"]},{\"@type\":\"Person\",\"@id\":\"https:\/\/agenciainfra.com\/blog\/#\/schema\/person\/04dbb79bd6d8951f063da71f3e4c1eb1\",\"name\":\"Rodrigo Zuquim\",\"image\":{\"@type\":\"ImageObject\",\"inLanguage\":\"pt-BR\",\"@id\":\"https:\/\/agenciainfra.com\/blog\/#\/schema\/person\/image\/\",\"url\":\"https:\/\/secure.gravatar.com\/avatar\/594abfe82761d620726242ff34ca472a705a4b97f16c790053a6b4c4035274d0?s=96&d=mm&r=g\",\"contentUrl\":\"https:\/\/secure.gravatar.com\/avatar\/594abfe82761d620726242ff34ca472a705a4b97f16c790053a6b4c4035274d0?s=96&d=mm&r=g\",\"caption\":\"Rodrigo Zuquim\"},\"url\":\"https:\/\/agenciainfra.com\/blog\/author\/rodrigo-zuquim\/\"}]}<\/script>\n<!-- \/ Yoast SEO Premium plugin. -->","yoast_head_json":{"title":"Indeniza\u00e7\u00e3o de ativos para relicitar rodovia s\u00f3 por valor de mercado e com teto, decide TCU - Ag\u00eancia iNFRA","robots":{"index":"index","follow":"follow","max-snippet":"max-snippet:-1","max-image-preview":"max-image-preview:large","max-video-preview":"max-video-preview:-1"},"canonical":"https:\/\/agenciainfra.com\/blog\/indenizacao-de-ativos-para-relicitar-rodovia-so-por-valor-de-mercado-e-com-teto-decide-tcu\/","og_locale":"pt_BR","og_type":"article","og_title":"Indeniza\u00e7\u00e3o de ativos para relicitar rodovia s\u00f3 por valor de mercado e com teto, decide TCU","og_description":"Dimmi Amora, da&nbsp;Ag\u00eancia iNFRA O c\u00e1lculo das indeniza\u00e7\u00f5es dos investimentos n\u00e3o amortizados em concess\u00f5es de rodovias ter\u00e3o que ser feitos por uma metodologia que indique o valor de mercado do bem e estabelecer um teto de remunera\u00e7\u00e3o para a concession\u00e1ria. Foi o que indicou o plen\u00e1rio do TCU (Tribunal de Contas da Uni\u00e3o) em decis\u00e3o [&hellip;]","og_url":"https:\/\/agenciainfra.com\/blog\/indenizacao-de-ativos-para-relicitar-rodovia-so-por-valor-de-mercado-e-com-teto-decide-tcu\/","og_site_name":"Ag\u00eancia iNFRA","article_publisher":"https:\/\/www.facebook.com\/ageninfra","article_published_time":"2020-10-02T11:00:00+00:00","og_image":[{"width":1280,"height":893,"url":"https:\/\/agenciainfra.com\/blog\/wp-content\/uploads\/2020\/10\/ministra-ana-arraes-foto-tcu.jpg","type":"image\/jpeg"}],"author":"Rodrigo Zuquim","twitter_card":"summary_large_image","twitter_creator":"@agencia_infra","twitter_site":"@agencia_infra","twitter_misc":{"Escrito por":"Rodrigo Zuquim","Est. tempo de leitura":"4 minutos"},"schema":{"@context":"https:\/\/schema.org","@graph":[{"@type":"Article","@id":"https:\/\/agenciainfra.com\/blog\/indenizacao-de-ativos-para-relicitar-rodovia-so-por-valor-de-mercado-e-com-teto-decide-tcu\/#article","isPartOf":{"@id":"https:\/\/agenciainfra.com\/blog\/indenizacao-de-ativos-para-relicitar-rodovia-so-por-valor-de-mercado-e-com-teto-decide-tcu\/"},"author":{"name":"Rodrigo Zuquim","@id":"https:\/\/agenciainfra.com\/blog\/#\/schema\/person\/04dbb79bd6d8951f063da71f3e4c1eb1"},"headline":"Indeniza\u00e7\u00e3o de ativos para relicitar rodovia s\u00f3 por valor de mercado e com teto, decide TCU","datePublished":"2020-10-02T11:00:00+00:00","mainEntityOfPage":{"@id":"https:\/\/agenciainfra.com\/blog\/indenizacao-de-ativos-para-relicitar-rodovia-so-por-valor-de-mercado-e-com-teto-decide-tcu\/"},"wordCount":867,"publisher":{"@id":"https:\/\/agenciainfra.com\/blog\/#organization"},"image":{"@id":"https:\/\/agenciainfra.com\/blog\/indenizacao-de-ativos-para-relicitar-rodovia-so-por-valor-de-mercado-e-com-teto-decide-tcu\/#primaryimage"},"thumbnailUrl":"https:\/\/agenciainfra.com\/blog\/wp-content\/uploads\/2020\/10\/ministra-ana-arraes-foto-tcu.jpg","keywords":["Ana Arraes","ANTT","Arteris","BR-040","BR-101","concess\u00f5es","Contorno de Florian\u00f3polis","indeniza\u00e7\u00e3o","Invepar","Minist\u00e9rio da Economia","Minist\u00e9rio da Infraestrutura","relicita\u00e7\u00e3o","rodovias","SeinfraRodoviasAvia\u00e7\u00e3o","TCU","Via 040"],"articleSection":["Geral","iNFRATransporte"],"inLanguage":"pt-BR","copyrightYear":"2020","copyrightHolder":{"@id":"https:\/\/agenciainfra.com\/blog\/#organization"}},{"@type":"WebPage","@id":"https:\/\/agenciainfra.com\/blog\/indenizacao-de-ativos-para-relicitar-rodovia-so-por-valor-de-mercado-e-com-teto-decide-tcu\/","url":"https:\/\/agenciainfra.com\/blog\/indenizacao-de-ativos-para-relicitar-rodovia-so-por-valor-de-mercado-e-com-teto-decide-tcu\/","name":"Indeniza\u00e7\u00e3o de ativos para relicitar rodovia s\u00f3 por valor de mercado e com teto, decide TCU - Ag\u00eancia iNFRA","isPartOf":{"@id":"https:\/\/agenciainfra.com\/blog\/#website"},"primaryImageOfPage":{"@id":"https:\/\/agenciainfra.com\/blog\/indenizacao-de-ativos-para-relicitar-rodovia-so-por-valor-de-mercado-e-com-teto-decide-tcu\/#primaryimage"},"image":{"@id":"https:\/\/agenciainfra.com\/blog\/indenizacao-de-ativos-para-relicitar-rodovia-so-por-valor-de-mercado-e-com-teto-decide-tcu\/#primaryimage"},"thumbnailUrl":"https:\/\/agenciainfra.com\/blog\/wp-content\/uploads\/2020\/10\/ministra-ana-arraes-foto-tcu.jpg","datePublished":"2020-10-02T11:00:00+00:00","breadcrumb":{"@id":"https:\/\/agenciainfra.com\/blog\/indenizacao-de-ativos-para-relicitar-rodovia-so-por-valor-de-mercado-e-com-teto-decide-tcu\/#breadcrumb"},"inLanguage":"pt-BR","potentialAction":[{"@type":"ReadAction","target":["https:\/\/agenciainfra.com\/blog\/indenizacao-de-ativos-para-relicitar-rodovia-so-por-valor-de-mercado-e-com-teto-decide-tcu\/"]}]},{"@type":"ImageObject","inLanguage":"pt-BR","@id":"https:\/\/agenciainfra.com\/blog\/indenizacao-de-ativos-para-relicitar-rodovia-so-por-valor-de-mercado-e-com-teto-decide-tcu\/#primaryimage","url":"https:\/\/agenciainfra.com\/blog\/wp-content\/uploads\/2020\/10\/ministra-ana-arraes-foto-tcu.jpg","contentUrl":"https:\/\/agenciainfra.com\/blog\/wp-content\/uploads\/2020\/10\/ministra-ana-arraes-foto-tcu.jpg","width":1280,"height":893},{"@type":"BreadcrumbList","@id":"https:\/\/agenciainfra.com\/blog\/indenizacao-de-ativos-para-relicitar-rodovia-so-por-valor-de-mercado-e-com-teto-decide-tcu\/#breadcrumb","itemListElement":[{"@type":"ListItem","position":1,"name":"In\u00edcio","item":"https:\/\/agenciainfra.com\/blog\/"},{"@type":"ListItem","position":2,"name":"Indeniza\u00e7\u00e3o de ativos para relicitar rodovia s\u00f3 por valor de mercado e com teto, decide TCU"}]},{"@type":"WebSite","@id":"https:\/\/agenciainfra.com\/blog\/#website","url":"https:\/\/agenciainfra.com\/blog\/","name":"Ag\u00eancia iNFRA","description":"Multiplataforma de informa\u00e7\u00e3o jornal\u00edstica refer\u00eancia na \u00e1rea de infraestrutura no Brasil!","publisher":{"@id":"https:\/\/agenciainfra.com\/blog\/#organization"},"potentialAction":[{"@type":"SearchAction","target":{"@type":"EntryPoint","urlTemplate":"https:\/\/agenciainfra.com\/blog\/?s={search_term_string}"},"query-input":{"@type":"PropertyValueSpecification","valueRequired":true,"valueName":"search_term_string"}}],"inLanguage":"pt-BR"},{"@type":"Organization","@id":"https:\/\/agenciainfra.com\/blog\/#organization","name":"Ag\u00eancia iNFRA","url":"https:\/\/agenciainfra.com\/blog\/","logo":{"@type":"ImageObject","inLanguage":"pt-BR","@id":"https:\/\/agenciainfra.com\/blog\/#\/schema\/logo\/image\/","url":"https:\/\/agenciainfra.com\/blog\/wp-content\/uploads\/2023\/09\/iNFRA_5-e1761735885940.png","contentUrl":"https:\/\/agenciainfra.com\/blog\/wp-content\/uploads\/2023\/09\/iNFRA_5-e1761735885940.png","width":1672,"height":454,"caption":"Ag\u00eancia iNFRA"},"image":{"@id":"https:\/\/agenciainfra.com\/blog\/#\/schema\/logo\/image\/"},"sameAs":["https:\/\/www.facebook.com\/ageninfra","https:\/\/x.com\/agencia_infra","https:\/\/www.linkedin.com\/company\/ag\u00eanciainfra\/","https:\/\/www.instagram.com\/agenciainfra\/"]},{"@type":"Person","@id":"https:\/\/agenciainfra.com\/blog\/#\/schema\/person\/04dbb79bd6d8951f063da71f3e4c1eb1","name":"Rodrigo Zuquim","image":{"@type":"ImageObject","inLanguage":"pt-BR","@id":"https:\/\/agenciainfra.com\/blog\/#\/schema\/person\/image\/","url":"https:\/\/secure.gravatar.com\/avatar\/594abfe82761d620726242ff34ca472a705a4b97f16c790053a6b4c4035274d0?s=96&d=mm&r=g","contentUrl":"https:\/\/secure.gravatar.com\/avatar\/594abfe82761d620726242ff34ca472a705a4b97f16c790053a6b4c4035274d0?s=96&d=mm&r=g","caption":"Rodrigo Zuquim"},"url":"https:\/\/agenciainfra.com\/blog\/author\/rodrigo-zuquim\/"}]}},"_links":{"self":[{"href":"https:\/\/agenciainfra.com\/blog\/wp-json\/wp\/v2\/posts\/5996","targetHints":{"allow":["GET"]}}],"collection":[{"href":"https:\/\/agenciainfra.com\/blog\/wp-json\/wp\/v2\/posts"}],"about":[{"href":"https:\/\/agenciainfra.com\/blog\/wp-json\/wp\/v2\/types\/post"}],"author":[{"embeddable":true,"href":"https:\/\/agenciainfra.com\/blog\/wp-json\/wp\/v2\/users\/9"}],"replies":[{"embeddable":true,"href":"https:\/\/agenciainfra.com\/blog\/wp-json\/wp\/v2\/comments?post=5996"}],"version-history":[{"count":0,"href":"https:\/\/agenciainfra.com\/blog\/wp-json\/wp\/v2\/posts\/5996\/revisions"}],"wp:featuredmedia":[{"embeddable":true,"href":"https:\/\/agenciainfra.com\/blog\/wp-json\/wp\/v2\/media\/5997"}],"wp:attachment":[{"href":"https:\/\/agenciainfra.com\/blog\/wp-json\/wp\/v2\/media?parent=5996"}],"wp:term":[{"taxonomy":"category","embeddable":true,"href":"https:\/\/agenciainfra.com\/blog\/wp-json\/wp\/v2\/categories?post=5996"},{"taxonomy":"post_tag","embeddable":true,"href":"https:\/\/agenciainfra.com\/blog\/wp-json\/wp\/v2\/tags?post=5996"}],"curies":[{"name":"wp","href":"https:\/\/api.w.org\/{rel}","templated":true}]}}