{"id":6009,"date":"2020-10-05T08:00:00","date_gmt":"2020-10-05T11:00:00","guid":{"rendered":"https:\/\/www.agenciainfra.com\/blog\/?p=6009"},"modified":"2020-10-02T12:10:42","modified_gmt":"2020-10-02T15:10:42","slug":"premiado-tup-de-alcantara-trabalha-licenciamento-e-captacao-de-carga-para-operar-em-2024","status":"publish","type":"post","link":"https:\/\/agenciainfra.com\/blog\/premiado-tup-de-alcantara-trabalha-licenciamento-e-captacao-de-carga-para-operar-em-2024\/","title":{"rendered":"Premiado, TUP de Alc\u00e2ntara trabalha licenciamento e capta\u00e7\u00e3o de carga para operar em 2024"},"content":{"rendered":"\n<hr class=\"wp-block-separator\"\/>\n\n\n\n<p class=\"has-text-align-right\"><strong>Dimmi Amora, da&nbsp;Ag\u00eancia iNFRA<\/strong><\/p>\n\n\n\n<p>O TUP TPA (Terminal Portu\u00e1rio de Alc\u00e2ntara) \u2013 projetado na cidade de Alc\u00e2ntara (MA) \u2013 obteve termos de refer\u00eancia do Ibama para a realiza\u00e7\u00e3o do licenciamento ambiental do projeto e est\u00e1 em reuni\u00f5es com empresas dos setores mineral e agropecu\u00e1rio para a capta\u00e7\u00e3o de cargas para o projeto.<br>&nbsp;<br>Premiado pela CG-LA, consultoria internacional de infraestrutura, como melhor projeto de engenharia em seu pr\u00eamio anual, o TPA planeja estar com o licenciamento conclu\u00eddo no fim do pr\u00f3ximo ano para iniciar as obras em 2022 e ter as primeiras cargas operando em 2024.&nbsp;O terminal est\u00e1 projetado para transportar inicialmente 180 milh\u00f5es de toneladas de carga e tem investimentos acima dos R$ 10 bilh\u00f5es para sua implanta\u00e7\u00e3o.<br>&nbsp;<br>Em apresenta\u00e7\u00e3o datada de setembro de 2020, a empresa mostra que o arco norte ter\u00e1 papel fundamental para o escoamento de gr\u00e3os tanto da regi\u00e3o do Matopiba, na qual o Maranh\u00e3o est\u00e1 inclu\u00eddo, como tamb\u00e9m do Mato Grosso, para onde h\u00e1 previs\u00e3o da constru\u00e7\u00e3o de uma nova ferrovia, a Fico (Ferrovia de Integra\u00e7\u00e3o do Centro-Oeste), cujas cargas t\u00eam menor custo se forem exportadas pelos terminais ao norte do pa\u00eds. A apresenta\u00e7\u00e3o&nbsp;est\u00e1&nbsp;<a href=\"https:\/\/agenciainfra.us14.list-manage.com\/track\/click?u=d460dd1bcf9ba0ae040e1fc0f&amp;id=9992685082&amp;e=c099169394\" target=\"_blank\" rel=\"noreferrer noopener\">neste link<\/a>.<br>&nbsp;<br><strong>Licen\u00e7a<\/strong><br>Segundo Paulo Salvador, s\u00f3cio da Gr\u00e3o-Par\u00e1 Multimodal, respons\u00e1vel pelo projeto, a pandemia atrasou a libera\u00e7\u00e3o pelo Ibama para que as equipes possam ir a campo para fazer os trabalhos necess\u00e1rios para os estudos de impacto ambiental previstos. Com a libera\u00e7\u00e3o, ele acredita que ser\u00e1 poss\u00edvel concluir as etapas necess\u00e1rias at\u00e9 o licenciamento do projeto.<br>&nbsp;<br>Salvador afirmou ainda que o modelo para financiar o TUP continuar\u00e1 sendo de cons\u00f3rcios que v\u00e3o se formar para ocupar as \u00e1reas dentro do terminal, lembrando que o TUP seria uma esp\u00e9cie de &#8220;land lord privado&#8221;, respons\u00e1vel pela opera\u00e7\u00e3o portu\u00e1ria.<br>&nbsp;<br><strong>Ferrovia<\/strong><br>O acesso principal ao porto seria por um ramal ferrovi\u00e1rio de 215 quil\u00f4metros a partir da EFC (Estrada de Ferro Caraj\u00e1s). Segundo Salvador, a empresa continua confiando que ser\u00e1 poss\u00edvel fazer a ferrovia no modelo de autoriza\u00e7\u00e3o, o que est\u00e1 em an\u00e1lise pelo Senado&nbsp;ainda como projeto de lei (PLS 261). Segundo ele, h\u00e1 tamb\u00e9m h\u00e1&nbsp;esperan\u00e7a de um projeto estadual no mesmo sentido.<br>&nbsp;<br>&#8220;Quando estivemos com o ministro Tarc\u00edsio de Freitas em outubro do ano passado, ele disse que fazia gosto que o nosso projeto fosse a 1\u00aa licen\u00e7a emitida pelo PLS 261 e viria na inaugura\u00e7\u00e3o&#8221;, disse Salvador.<br>&nbsp;<br>O PLS 261&nbsp;tem sido anunciado como um dos priorit\u00e1rios do governo no setor de infraestrutura, mas praticamente n\u00e3o avan\u00e7ou no atual governo. Ele segue na Comiss\u00e3o de Infraestrutura do Senado, sem acordo para ser votado. Al\u00e9m disso, a pandemia paralisou os trabalhos das comiss\u00f5es.<br><br>Segundo Salvador, se houve um descasamento do cronograma da ferrovia e do porto, o terminal pode operar inicialmente transportando cargas rodovi\u00e1rias, at\u00e9 que o ramal ferrovi\u00e1rio seja conclu\u00eddo, o que ser\u00e1 essencial para o desenvolvimento do projeto.<\/p>\n","protected":false},"excerpt":{"rendered":"<p>Dimmi Amora, da&nbsp;Ag\u00eancia iNFRA O TUP TPA (Terminal Portu\u00e1rio de Alc\u00e2ntara) \u2013 projetado na cidade de Alc\u00e2ntara (MA) \u2013 obteve termos de refer\u00eancia do Ibama para a realiza\u00e7\u00e3o do licenciamento ambiental do projeto e est\u00e1 em reuni\u00f5es com empresas dos setores mineral e agropecu\u00e1rio para a capta\u00e7\u00e3o de cargas para o projeto.&nbsp;Premiado pela CG-LA, consultoria [&hellip;]<\/p>\n","protected":false},"author":9,"featured_media":6010,"comment_status":"closed","ping_status":"closed","sticky":false,"template":"","format":"standard","meta":{"_monsterinsights_skip_tracking":false,"_monsterinsights_sitenote_active":false,"_monsterinsights_sitenote_note":"","_monsterinsights_sitenote_category":0,"footnotes":""},"categories":[1,7],"tags":[1098,229,470,79,473,472,1195,749,223,1839,1748,1982,310,448,1194,2766,105],"class_list":["post-6009","post","type-post","status-publish","format-standard","has-post-thumbnail","hentry","category-geral","category-infratransporte","tag-cg-la-infrastructure","tag-efc","tag-estrada-de-ferro-carajas","tag-ferrovia","tag-ferrovia-de-integracao-do-centro-oeste","tag-fico","tag-grao-para-multimodal","tag-ibama","tag-licenciamento-ambiental","tag-matopiba","tag-paulo-salvador","tag-pls-261","tag-portos","tag-tarcisio-de-freitas","tag-terminal-portuario-de-alcantara","tag-tpa","tag-tup"],"yoast_head":"<!-- This site is optimized with the Yoast SEO Premium plugin v25.4 (Yoast SEO v26.0) - https:\/\/yoast.com\/wordpress\/plugins\/seo\/ -->\n<title>Premiado, TUP de Alc\u00e2ntara trabalha licenciamento e capta\u00e7\u00e3o de carga para operar em 2024 - Ag\u00eancia iNFRA<\/title>\n<meta name=\"robots\" content=\"index, follow, max-snippet:-1, max-image-preview:large, max-video-preview:-1\" \/>\n<link rel=\"canonical\" href=\"https:\/\/agenciainfra.com\/blog\/premiado-tup-de-alcantara-trabalha-licenciamento-e-captacao-de-carga-para-operar-em-2024\/\" \/>\n<meta property=\"og:locale\" content=\"pt_BR\" \/>\n<meta property=\"og:type\" content=\"article\" \/>\n<meta property=\"og:title\" content=\"Premiado, TUP de Alc\u00e2ntara trabalha licenciamento e capta\u00e7\u00e3o de carga para operar em 2024\" \/>\n<meta property=\"og:description\" content=\"Dimmi Amora, da&nbsp;Ag\u00eancia iNFRA O TUP TPA (Terminal Portu\u00e1rio de Alc\u00e2ntara) \u2013 projetado na cidade de Alc\u00e2ntara (MA) \u2013 obteve termos de refer\u00eancia do Ibama para a realiza\u00e7\u00e3o do licenciamento ambiental do projeto e est\u00e1 em reuni\u00f5es com empresas dos setores mineral e agropecu\u00e1rio para a capta\u00e7\u00e3o de cargas para o projeto.&nbsp;Premiado pela CG-LA, consultoria [&hellip;]\" \/>\n<meta property=\"og:url\" content=\"https:\/\/agenciainfra.com\/blog\/premiado-tup-de-alcantara-trabalha-licenciamento-e-captacao-de-carga-para-operar-em-2024\/\" \/>\n<meta property=\"og:site_name\" content=\"Ag\u00eancia iNFRA\" \/>\n<meta property=\"article:publisher\" content=\"https:\/\/www.facebook.com\/ageninfra\" \/>\n<meta property=\"article:published_time\" content=\"2020-10-05T11:00:00+00:00\" \/>\n<meta property=\"og:image\" content=\"https:\/\/agenciainfra.com\/blog\/wp-content\/uploads\/2020\/10\/terminal-portuario-alcantara-foto-divulgacao.jpg\" \/>\n\t<meta property=\"og:image:width\" content=\"1280\" \/>\n\t<meta property=\"og:image:height\" content=\"719\" \/>\n\t<meta property=\"og:image:type\" content=\"image\/jpeg\" \/>\n<meta name=\"author\" content=\"Rodrigo Zuquim\" \/>\n<meta name=\"twitter:card\" content=\"summary_large_image\" \/>\n<meta name=\"twitter:creator\" content=\"@agencia_infra\" \/>\n<meta name=\"twitter:site\" content=\"@agencia_infra\" \/>\n<meta name=\"twitter:label1\" content=\"Escrito por\" \/>\n\t<meta name=\"twitter:data1\" content=\"Rodrigo Zuquim\" \/>\n\t<meta name=\"twitter:label2\" content=\"Est. tempo de leitura\" \/>\n\t<meta name=\"twitter:data2\" content=\"3 minutos\" \/>\n<script type=\"application\/ld+json\" class=\"yoast-schema-graph\">{\"@context\":\"https:\/\/schema.org\",\"@graph\":[{\"@type\":\"Article\",\"@id\":\"https:\/\/agenciainfra.com\/blog\/premiado-tup-de-alcantara-trabalha-licenciamento-e-captacao-de-carga-para-operar-em-2024\/#article\",\"isPartOf\":{\"@id\":\"https:\/\/agenciainfra.com\/blog\/premiado-tup-de-alcantara-trabalha-licenciamento-e-captacao-de-carga-para-operar-em-2024\/\"},\"author\":{\"name\":\"Rodrigo Zuquim\",\"@id\":\"https:\/\/agenciainfra.com\/blog\/#\/schema\/person\/04dbb79bd6d8951f063da71f3e4c1eb1\"},\"headline\":\"Premiado, TUP de Alc\u00e2ntara trabalha licenciamento e capta\u00e7\u00e3o de carga para operar em 2024\",\"datePublished\":\"2020-10-05T11:00:00+00:00\",\"mainEntityOfPage\":{\"@id\":\"https:\/\/agenciainfra.com\/blog\/premiado-tup-de-alcantara-trabalha-licenciamento-e-captacao-de-carga-para-operar-em-2024\/\"},\"wordCount\":551,\"publisher\":{\"@id\":\"https:\/\/agenciainfra.com\/blog\/#organization\"},\"image\":{\"@id\":\"https:\/\/agenciainfra.com\/blog\/premiado-tup-de-alcantara-trabalha-licenciamento-e-captacao-de-carga-para-operar-em-2024\/#primaryimage\"},\"thumbnailUrl\":\"https:\/\/agenciainfra.com\/blog\/wp-content\/uploads\/2020\/10\/terminal-portuario-alcantara-foto-divulgacao.jpg\",\"keywords\":[\"CG-LA Infrastructure\",\"EFC\",\"Estrada de Ferro Caraj\u00e1s\",\"Ferrovia\",\"Ferrovia de Integra\u00e7\u00e3o do Centro-Oeste\",\"FICO\",\"Gr\u00e3o-Par\u00e1 Multimodal\",\"Ibama\",\"Licenciamento ambiental\",\"Matopiba\",\"Paulo Salvador\",\"PLS 261\",\"portos\",\"Tarc\u00edsio de Freitas\",\"Terminal Portu\u00e1rio de Alc\u00e2ntara\",\"TPA\",\"TUP\"],\"articleSection\":[\"Geral\",\"iNFRATransporte\"],\"inLanguage\":\"pt-BR\",\"copyrightYear\":\"2020\",\"copyrightHolder\":{\"@id\":\"https:\/\/agenciainfra.com\/blog\/#organization\"}},{\"@type\":\"WebPage\",\"@id\":\"https:\/\/agenciainfra.com\/blog\/premiado-tup-de-alcantara-trabalha-licenciamento-e-captacao-de-carga-para-operar-em-2024\/\",\"url\":\"https:\/\/agenciainfra.com\/blog\/premiado-tup-de-alcantara-trabalha-licenciamento-e-captacao-de-carga-para-operar-em-2024\/\",\"name\":\"Premiado, TUP de Alc\u00e2ntara trabalha licenciamento e capta\u00e7\u00e3o de carga para operar em 2024 - Ag\u00eancia iNFRA\",\"isPartOf\":{\"@id\":\"https:\/\/agenciainfra.com\/blog\/#website\"},\"primaryImageOfPage\":{\"@id\":\"https:\/\/agenciainfra.com\/blog\/premiado-tup-de-alcantara-trabalha-licenciamento-e-captacao-de-carga-para-operar-em-2024\/#primaryimage\"},\"image\":{\"@id\":\"https:\/\/agenciainfra.com\/blog\/premiado-tup-de-alcantara-trabalha-licenciamento-e-captacao-de-carga-para-operar-em-2024\/#primaryimage\"},\"thumbnailUrl\":\"https:\/\/agenciainfra.com\/blog\/wp-content\/uploads\/2020\/10\/terminal-portuario-alcantara-foto-divulgacao.jpg\",\"datePublished\":\"2020-10-05T11:00:00+00:00\",\"breadcrumb\":{\"@id\":\"https:\/\/agenciainfra.com\/blog\/premiado-tup-de-alcantara-trabalha-licenciamento-e-captacao-de-carga-para-operar-em-2024\/#breadcrumb\"},\"inLanguage\":\"pt-BR\",\"potentialAction\":[{\"@type\":\"ReadAction\",\"target\":[\"https:\/\/agenciainfra.com\/blog\/premiado-tup-de-alcantara-trabalha-licenciamento-e-captacao-de-carga-para-operar-em-2024\/\"]}]},{\"@type\":\"ImageObject\",\"inLanguage\":\"pt-BR\",\"@id\":\"https:\/\/agenciainfra.com\/blog\/premiado-tup-de-alcantara-trabalha-licenciamento-e-captacao-de-carga-para-operar-em-2024\/#primaryimage\",\"url\":\"https:\/\/agenciainfra.com\/blog\/wp-content\/uploads\/2020\/10\/terminal-portuario-alcantara-foto-divulgacao.jpg\",\"contentUrl\":\"https:\/\/agenciainfra.com\/blog\/wp-content\/uploads\/2020\/10\/terminal-portuario-alcantara-foto-divulgacao.jpg\",\"width\":1280,\"height\":719},{\"@type\":\"BreadcrumbList\",\"@id\":\"https:\/\/agenciainfra.com\/blog\/premiado-tup-de-alcantara-trabalha-licenciamento-e-captacao-de-carga-para-operar-em-2024\/#breadcrumb\",\"itemListElement\":[{\"@type\":\"ListItem\",\"position\":1,\"name\":\"In\u00edcio\",\"item\":\"https:\/\/agenciainfra.com\/blog\/\"},{\"@type\":\"ListItem\",\"position\":2,\"name\":\"Premiado, TUP de Alc\u00e2ntara trabalha licenciamento e capta\u00e7\u00e3o de carga para operar em 2024\"}]},{\"@type\":\"WebSite\",\"@id\":\"https:\/\/agenciainfra.com\/blog\/#website\",\"url\":\"https:\/\/agenciainfra.com\/blog\/\",\"name\":\"Ag\u00eancia iNFRA\",\"description\":\"Multiplataforma de informa\u00e7\u00e3o jornal\u00edstica refer\u00eancia na \u00e1rea de infraestrutura no Brasil!\",\"publisher\":{\"@id\":\"https:\/\/agenciainfra.com\/blog\/#organization\"},\"potentialAction\":[{\"@type\":\"SearchAction\",\"target\":{\"@type\":\"EntryPoint\",\"urlTemplate\":\"https:\/\/agenciainfra.com\/blog\/?s={search_term_string}\"},\"query-input\":{\"@type\":\"PropertyValueSpecification\",\"valueRequired\":true,\"valueName\":\"search_term_string\"}}],\"inLanguage\":\"pt-BR\"},{\"@type\":\"Organization\",\"@id\":\"https:\/\/agenciainfra.com\/blog\/#organization\",\"name\":\"Ag\u00eancia iNFRA\",\"url\":\"https:\/\/agenciainfra.com\/blog\/\",\"logo\":{\"@type\":\"ImageObject\",\"inLanguage\":\"pt-BR\",\"@id\":\"https:\/\/agenciainfra.com\/blog\/#\/schema\/logo\/image\/\",\"url\":\"https:\/\/agenciainfra.com\/blog\/wp-content\/uploads\/2023\/09\/iNFRA_5-e1761735885940.png\",\"contentUrl\":\"https:\/\/agenciainfra.com\/blog\/wp-content\/uploads\/2023\/09\/iNFRA_5-e1761735885940.png\",\"width\":1672,\"height\":454,\"caption\":\"Ag\u00eancia iNFRA\"},\"image\":{\"@id\":\"https:\/\/agenciainfra.com\/blog\/#\/schema\/logo\/image\/\"},\"sameAs\":[\"https:\/\/www.facebook.com\/ageninfra\",\"https:\/\/x.com\/agencia_infra\",\"https:\/\/www.linkedin.com\/company\/ag\u00eanciainfra\/\",\"https:\/\/www.instagram.com\/agenciainfra\/\"]},{\"@type\":\"Person\",\"@id\":\"https:\/\/agenciainfra.com\/blog\/#\/schema\/person\/04dbb79bd6d8951f063da71f3e4c1eb1\",\"name\":\"Rodrigo Zuquim\",\"image\":{\"@type\":\"ImageObject\",\"inLanguage\":\"pt-BR\",\"@id\":\"https:\/\/agenciainfra.com\/blog\/#\/schema\/person\/image\/\",\"url\":\"https:\/\/secure.gravatar.com\/avatar\/594abfe82761d620726242ff34ca472a705a4b97f16c790053a6b4c4035274d0?s=96&d=mm&r=g\",\"contentUrl\":\"https:\/\/secure.gravatar.com\/avatar\/594abfe82761d620726242ff34ca472a705a4b97f16c790053a6b4c4035274d0?s=96&d=mm&r=g\",\"caption\":\"Rodrigo Zuquim\"},\"url\":\"https:\/\/agenciainfra.com\/blog\/author\/rodrigo-zuquim\/\"}]}<\/script>\n<!-- \/ Yoast SEO Premium plugin. -->","yoast_head_json":{"title":"Premiado, TUP de Alc\u00e2ntara trabalha licenciamento e capta\u00e7\u00e3o de carga para operar em 2024 - Ag\u00eancia iNFRA","robots":{"index":"index","follow":"follow","max-snippet":"max-snippet:-1","max-image-preview":"max-image-preview:large","max-video-preview":"max-video-preview:-1"},"canonical":"https:\/\/agenciainfra.com\/blog\/premiado-tup-de-alcantara-trabalha-licenciamento-e-captacao-de-carga-para-operar-em-2024\/","og_locale":"pt_BR","og_type":"article","og_title":"Premiado, TUP de Alc\u00e2ntara trabalha licenciamento e capta\u00e7\u00e3o de carga para operar em 2024","og_description":"Dimmi Amora, da&nbsp;Ag\u00eancia iNFRA O TUP TPA (Terminal Portu\u00e1rio de Alc\u00e2ntara) \u2013 projetado na cidade de Alc\u00e2ntara (MA) \u2013 obteve termos de refer\u00eancia do Ibama para a realiza\u00e7\u00e3o do licenciamento ambiental do projeto e est\u00e1 em reuni\u00f5es com empresas dos setores mineral e agropecu\u00e1rio para a capta\u00e7\u00e3o de cargas para o projeto.&nbsp;Premiado pela CG-LA, consultoria [&hellip;]","og_url":"https:\/\/agenciainfra.com\/blog\/premiado-tup-de-alcantara-trabalha-licenciamento-e-captacao-de-carga-para-operar-em-2024\/","og_site_name":"Ag\u00eancia iNFRA","article_publisher":"https:\/\/www.facebook.com\/ageninfra","article_published_time":"2020-10-05T11:00:00+00:00","og_image":[{"width":1280,"height":719,"url":"https:\/\/agenciainfra.com\/blog\/wp-content\/uploads\/2020\/10\/terminal-portuario-alcantara-foto-divulgacao.jpg","type":"image\/jpeg"}],"author":"Rodrigo Zuquim","twitter_card":"summary_large_image","twitter_creator":"@agencia_infra","twitter_site":"@agencia_infra","twitter_misc":{"Escrito por":"Rodrigo Zuquim","Est. tempo de leitura":"3 minutos"},"schema":{"@context":"https:\/\/schema.org","@graph":[{"@type":"Article","@id":"https:\/\/agenciainfra.com\/blog\/premiado-tup-de-alcantara-trabalha-licenciamento-e-captacao-de-carga-para-operar-em-2024\/#article","isPartOf":{"@id":"https:\/\/agenciainfra.com\/blog\/premiado-tup-de-alcantara-trabalha-licenciamento-e-captacao-de-carga-para-operar-em-2024\/"},"author":{"name":"Rodrigo Zuquim","@id":"https:\/\/agenciainfra.com\/blog\/#\/schema\/person\/04dbb79bd6d8951f063da71f3e4c1eb1"},"headline":"Premiado, TUP de Alc\u00e2ntara trabalha licenciamento e capta\u00e7\u00e3o de carga para operar em 2024","datePublished":"2020-10-05T11:00:00+00:00","mainEntityOfPage":{"@id":"https:\/\/agenciainfra.com\/blog\/premiado-tup-de-alcantara-trabalha-licenciamento-e-captacao-de-carga-para-operar-em-2024\/"},"wordCount":551,"publisher":{"@id":"https:\/\/agenciainfra.com\/blog\/#organization"},"image":{"@id":"https:\/\/agenciainfra.com\/blog\/premiado-tup-de-alcantara-trabalha-licenciamento-e-captacao-de-carga-para-operar-em-2024\/#primaryimage"},"thumbnailUrl":"https:\/\/agenciainfra.com\/blog\/wp-content\/uploads\/2020\/10\/terminal-portuario-alcantara-foto-divulgacao.jpg","keywords":["CG-LA Infrastructure","EFC","Estrada de Ferro Caraj\u00e1s","Ferrovia","Ferrovia de Integra\u00e7\u00e3o do Centro-Oeste","FICO","Gr\u00e3o-Par\u00e1 Multimodal","Ibama","Licenciamento ambiental","Matopiba","Paulo Salvador","PLS 261","portos","Tarc\u00edsio de Freitas","Terminal Portu\u00e1rio de Alc\u00e2ntara","TPA","TUP"],"articleSection":["Geral","iNFRATransporte"],"inLanguage":"pt-BR","copyrightYear":"2020","copyrightHolder":{"@id":"https:\/\/agenciainfra.com\/blog\/#organization"}},{"@type":"WebPage","@id":"https:\/\/agenciainfra.com\/blog\/premiado-tup-de-alcantara-trabalha-licenciamento-e-captacao-de-carga-para-operar-em-2024\/","url":"https:\/\/agenciainfra.com\/blog\/premiado-tup-de-alcantara-trabalha-licenciamento-e-captacao-de-carga-para-operar-em-2024\/","name":"Premiado, TUP de Alc\u00e2ntara trabalha licenciamento e capta\u00e7\u00e3o de carga para operar em 2024 - Ag\u00eancia iNFRA","isPartOf":{"@id":"https:\/\/agenciainfra.com\/blog\/#website"},"primaryImageOfPage":{"@id":"https:\/\/agenciainfra.com\/blog\/premiado-tup-de-alcantara-trabalha-licenciamento-e-captacao-de-carga-para-operar-em-2024\/#primaryimage"},"image":{"@id":"https:\/\/agenciainfra.com\/blog\/premiado-tup-de-alcantara-trabalha-licenciamento-e-captacao-de-carga-para-operar-em-2024\/#primaryimage"},"thumbnailUrl":"https:\/\/agenciainfra.com\/blog\/wp-content\/uploads\/2020\/10\/terminal-portuario-alcantara-foto-divulgacao.jpg","datePublished":"2020-10-05T11:00:00+00:00","breadcrumb":{"@id":"https:\/\/agenciainfra.com\/blog\/premiado-tup-de-alcantara-trabalha-licenciamento-e-captacao-de-carga-para-operar-em-2024\/#breadcrumb"},"inLanguage":"pt-BR","potentialAction":[{"@type":"ReadAction","target":["https:\/\/agenciainfra.com\/blog\/premiado-tup-de-alcantara-trabalha-licenciamento-e-captacao-de-carga-para-operar-em-2024\/"]}]},{"@type":"ImageObject","inLanguage":"pt-BR","@id":"https:\/\/agenciainfra.com\/blog\/premiado-tup-de-alcantara-trabalha-licenciamento-e-captacao-de-carga-para-operar-em-2024\/#primaryimage","url":"https:\/\/agenciainfra.com\/blog\/wp-content\/uploads\/2020\/10\/terminal-portuario-alcantara-foto-divulgacao.jpg","contentUrl":"https:\/\/agenciainfra.com\/blog\/wp-content\/uploads\/2020\/10\/terminal-portuario-alcantara-foto-divulgacao.jpg","width":1280,"height":719},{"@type":"BreadcrumbList","@id":"https:\/\/agenciainfra.com\/blog\/premiado-tup-de-alcantara-trabalha-licenciamento-e-captacao-de-carga-para-operar-em-2024\/#breadcrumb","itemListElement":[{"@type":"ListItem","position":1,"name":"In\u00edcio","item":"https:\/\/agenciainfra.com\/blog\/"},{"@type":"ListItem","position":2,"name":"Premiado, TUP de Alc\u00e2ntara trabalha licenciamento e capta\u00e7\u00e3o de carga para operar em 2024"}]},{"@type":"WebSite","@id":"https:\/\/agenciainfra.com\/blog\/#website","url":"https:\/\/agenciainfra.com\/blog\/","name":"Ag\u00eancia iNFRA","description":"Multiplataforma de informa\u00e7\u00e3o jornal\u00edstica refer\u00eancia na \u00e1rea de infraestrutura no Brasil!","publisher":{"@id":"https:\/\/agenciainfra.com\/blog\/#organization"},"potentialAction":[{"@type":"SearchAction","target":{"@type":"EntryPoint","urlTemplate":"https:\/\/agenciainfra.com\/blog\/?s={search_term_string}"},"query-input":{"@type":"PropertyValueSpecification","valueRequired":true,"valueName":"search_term_string"}}],"inLanguage":"pt-BR"},{"@type":"Organization","@id":"https:\/\/agenciainfra.com\/blog\/#organization","name":"Ag\u00eancia iNFRA","url":"https:\/\/agenciainfra.com\/blog\/","logo":{"@type":"ImageObject","inLanguage":"pt-BR","@id":"https:\/\/agenciainfra.com\/blog\/#\/schema\/logo\/image\/","url":"https:\/\/agenciainfra.com\/blog\/wp-content\/uploads\/2023\/09\/iNFRA_5-e1761735885940.png","contentUrl":"https:\/\/agenciainfra.com\/blog\/wp-content\/uploads\/2023\/09\/iNFRA_5-e1761735885940.png","width":1672,"height":454,"caption":"Ag\u00eancia iNFRA"},"image":{"@id":"https:\/\/agenciainfra.com\/blog\/#\/schema\/logo\/image\/"},"sameAs":["https:\/\/www.facebook.com\/ageninfra","https:\/\/x.com\/agencia_infra","https:\/\/www.linkedin.com\/company\/ag\u00eanciainfra\/","https:\/\/www.instagram.com\/agenciainfra\/"]},{"@type":"Person","@id":"https:\/\/agenciainfra.com\/blog\/#\/schema\/person\/04dbb79bd6d8951f063da71f3e4c1eb1","name":"Rodrigo Zuquim","image":{"@type":"ImageObject","inLanguage":"pt-BR","@id":"https:\/\/agenciainfra.com\/blog\/#\/schema\/person\/image\/","url":"https:\/\/secure.gravatar.com\/avatar\/594abfe82761d620726242ff34ca472a705a4b97f16c790053a6b4c4035274d0?s=96&d=mm&r=g","contentUrl":"https:\/\/secure.gravatar.com\/avatar\/594abfe82761d620726242ff34ca472a705a4b97f16c790053a6b4c4035274d0?s=96&d=mm&r=g","caption":"Rodrigo Zuquim"},"url":"https:\/\/agenciainfra.com\/blog\/author\/rodrigo-zuquim\/"}]}},"_links":{"self":[{"href":"https:\/\/agenciainfra.com\/blog\/wp-json\/wp\/v2\/posts\/6009","targetHints":{"allow":["GET"]}}],"collection":[{"href":"https:\/\/agenciainfra.com\/blog\/wp-json\/wp\/v2\/posts"}],"about":[{"href":"https:\/\/agenciainfra.com\/blog\/wp-json\/wp\/v2\/types\/post"}],"author":[{"embeddable":true,"href":"https:\/\/agenciainfra.com\/blog\/wp-json\/wp\/v2\/users\/9"}],"replies":[{"embeddable":true,"href":"https:\/\/agenciainfra.com\/blog\/wp-json\/wp\/v2\/comments?post=6009"}],"version-history":[{"count":0,"href":"https:\/\/agenciainfra.com\/blog\/wp-json\/wp\/v2\/posts\/6009\/revisions"}],"wp:featuredmedia":[{"embeddable":true,"href":"https:\/\/agenciainfra.com\/blog\/wp-json\/wp\/v2\/media\/6010"}],"wp:attachment":[{"href":"https:\/\/agenciainfra.com\/blog\/wp-json\/wp\/v2\/media?parent=6009"}],"wp:term":[{"taxonomy":"category","embeddable":true,"href":"https:\/\/agenciainfra.com\/blog\/wp-json\/wp\/v2\/categories?post=6009"},{"taxonomy":"post_tag","embeddable":true,"href":"https:\/\/agenciainfra.com\/blog\/wp-json\/wp\/v2\/tags?post=6009"}],"curies":[{"name":"wp","href":"https:\/\/api.w.org\/{rel}","templated":true}]}}