{"id":6023,"date":"2020-10-07T08:00:51","date_gmt":"2020-10-07T11:00:51","guid":{"rendered":"https:\/\/www.agenciainfra.com\/blog\/?p=6023"},"modified":"2020-10-06T11:39:40","modified_gmt":"2020-10-06T14:39:40","slug":"temperatura-recorde-e-estiagem-pressionam-precos-da-energia-e-surpreendem-setor","status":"publish","type":"post","link":"https:\/\/agenciainfra.com\/blog\/temperatura-recorde-e-estiagem-pressionam-precos-da-energia-e-surpreendem-setor\/","title":{"rendered":"Temperatura recorde e estiagem pressionam pre\u00e7os da energia e surpreendem setor"},"content":{"rendered":"\n<hr class=\"wp-block-separator\"\/>\n\n\n\n<p class=\"has-text-align-right\"><strong>&nbsp;Nestor Rabello, da Ag\u00eancia iNFRA<\/strong><\/p>\n\n\n\n<p>O per\u00edodo prolongado de temperaturas altas e estiagem, al\u00e9m dos sinais de retomada da atividade econ\u00f4mica, fizeram o pre\u00e7o m\u00e9dio do PLD (Pre\u00e7o de Liquida\u00e7\u00e3o das Diferen\u00e7as) subir acima do esperado na maioria dos subsistemas, revertendo o cen\u00e1rio previsto anteriormente pelos analistas do setor el\u00e9trico.<br><br>Usado como refer\u00eancia para forma\u00e7\u00e3o de pre\u00e7os, o PLD para as regi\u00f5es Sudeste\/Centro-Oeste, Sul e Norte aumentou 52% no per\u00edodo de 3 a 9 de outubro, ficando em R$ 261,89 o MWh (megawatt-hora), e 3% para o Nordeste, ficando em&nbsp;R$ 164,86 o MWh.&nbsp;A previs\u00e3o inicial dos especialistas era que o PLD ficasse em cerca de R$ 100,00 o MWh em 2020.<br><br>\u201cVoc\u00ea tinha dois meses atr\u00e1s, realmente, uma expectativa de pre\u00e7os mais baixos para outubro e novembro, dado o cen\u00e1rio hidrol\u00f3gico vislumbrado no fim de julho e fim de agosto\u201d, afirmou o diretor t\u00e9cnico da PSR, Bernardo Bezerra, \u00e0<strong>&nbsp;Ag\u00eancia iNFRA<\/strong>.<br><br>O cen\u00e1rio que combina uma onda hist\u00f3rica de calor no pa\u00eds, a frustra\u00e7\u00e3o nas previs\u00f5es hidrol\u00f3gicas para este ano e o aumento inesperado do consumo colocaram o setor el\u00e9trico em estado de aten\u00e7\u00e3o para o m\u00eas de outubro, conforme afirma o especialista.<br><br>\u201cEsse m\u00eas de outubro \u00e9 considerado como o m\u00eas mais cr\u00edtico para se fazer previs\u00f5es, pois \u00e9 quando come\u00e7a a nova janela hidrol\u00f3gica. O recado \u00e9 que temos que ficar muito atentos para o que vai acontecer nas pr\u00f3ximas quatro ou cinco semanas\u201d, aponta Bezerra.<br><br>De acordo com as previs\u00f5es do ONS (Operador Nacional do Sistema El\u00e9trico) para outubro, a aflu\u00eancia deve registrar o terceiro pior desempenho para o m\u00eas em 90 anos no subsistema Sudeste\/Centro-Oeste. O cen\u00e1rio de escassez fora do esperado deve se estender pelas demais regi\u00f5es, mantendo a press\u00e3o sobre os pre\u00e7os.<br><br><strong>Pegos de surpresa<\/strong><br>Agentes do setor el\u00e9trico foram pegos de surpresa pelas incertezas resultantes desse contexto. Edvaldo Santana, diretor-executivo da Neal e&nbsp;ex-diretor da ANEEL (Ag\u00eancia Nacional de Energia El\u00e9trica),&nbsp;afirmou ter tido suas expectativas revertidas em rela\u00e7\u00e3o ao que imaginava anteriormente quanto aos pre\u00e7os no mercado livre.<br><br>\u201cConfesso que o aumento do PLD, da maneira como aumentou nas \u00faltimas duas semanas, surpreendeu um pouco\u201d, disse \u00e0<strong>&nbsp;Ag\u00eancia iNFRA<\/strong>. \u201cN\u00e3o esperava\u201d, completou. Ele, contudo, acredita em uma revers\u00e3o nas recentes previs\u00f5es hidrol\u00f3gicas apresentadas pelo ONS.<br><br>\u201c\u00c9 meio preocupante. Por enquanto, o cen\u00e1rio como um todo est\u00e1 sem previs\u00e3o de grandes chuvas. Espera-se que, no fim do m\u00eas, essas perspectivas tenham melhorado. Como estamos em outubro, a situa\u00e7\u00e3o preocupa, mas n\u00e3o tanto\u201d, ressalta.<br><br><strong>Volatilidade do PLD e t\u00e9rmicas<\/strong><br>Diante deste contexto, boa parte dos reservat\u00f3rios est\u00e3o em n\u00edveis abaixo do esperado e mais usinas termel\u00e9tricas t\u00eam sido despachadas para atender \u00e0 demanda, que passa a crescer,&nbsp;como forma de preservar o armazenamento das hidrel\u00e9tricas.<br><br>Na avalia\u00e7\u00e3o do gerente de Pre\u00e7os e Estudos de Mercado da Thymos Energia, Gustavo Carvalho, os fatores adversos contribuem para o aumento das incertezas, levando a um aumento n\u00e3o s\u00f3 dos pre\u00e7os, mas da volatilidade do PLD.<br><br>\u201cA gente tem uma atualiza\u00e7\u00e3o de previs\u00e3o por m\u00eas fechado de aflu\u00eancia baixa e carga alta, e a expectativa, tamb\u00e9m, para semana que vem de aumento de 35% de gera\u00e7\u00e3o t\u00e9rmica, o que pressiona o pre\u00e7o\u201d, afirmou \u00e0&nbsp;<strong>Ag\u00eancia iNFRA<\/strong>.<br><br>\u201cN\u00e3o s\u00f3 essas incertezas de carga e in\u00edcio do per\u00edodo \u00famido,&nbsp;mas tamb\u00e9m a localiza\u00e7\u00e3o e intensidade da chuva \u2013&nbsp;onde vai ser e a real intensidade que ela vai ter \u2013&nbsp;faz com que o PLD tenha tido grande volatilidade no curto prazo\u201d, ressalta o analista.<\/p>\n","protected":false},"excerpt":{"rendered":"<p>&nbsp;Nestor Rabello, da Ag\u00eancia iNFRA O per\u00edodo prolongado de temperaturas altas e estiagem, al\u00e9m dos sinais de retomada da atividade econ\u00f4mica, fizeram o pre\u00e7o m\u00e9dio do PLD (Pre\u00e7o de Liquida\u00e7\u00e3o das Diferen\u00e7as) subir acima do esperado na maioria dos subsistemas, revertendo o cen\u00e1rio previsto anteriormente pelos analistas do setor el\u00e9trico. Usado como refer\u00eancia para forma\u00e7\u00e3o [&hellip;]<\/p>\n","protected":false},"author":9,"featured_media":6024,"comment_status":"closed","ping_status":"closed","sticky":false,"template":"","format":"standard","meta":{"_monsterinsights_skip_tracking":false,"_monsterinsights_sitenote_active":false,"_monsterinsights_sitenote_note":"","_monsterinsights_sitenote_category":0,"footnotes":""},"categories":[1,10],"tags":[2780,2781,25,2778,2783,2782,216,1169,834,121,54,2779,631,1170],"class_list":["post-6023","post","type-post","status-publish","format-standard","has-post-thumbnail","hentry","category-geral","category-infraenergia","tag-bernardo-bezerra","tag-edvaldo-santana","tag-energia","tag-estiagem","tag-gustavo-carvalho","tag-neal","tag-ons","tag-pld","tag-preco-de-liquidacao-de-diferencas","tag-psr","tag-setor-eletrico","tag-temperatura","tag-termicas","tag-thymos"],"yoast_head":"<!-- This site is optimized with the Yoast SEO Premium plugin v25.4 (Yoast SEO v26.0) - https:\/\/yoast.com\/wordpress\/plugins\/seo\/ -->\n<title>Temperatura recorde e estiagem pressionam pre\u00e7os da energia e surpreendem setor - Ag\u00eancia iNFRA<\/title>\n<meta name=\"robots\" content=\"index, follow, max-snippet:-1, max-image-preview:large, max-video-preview:-1\" \/>\n<link rel=\"canonical\" href=\"https:\/\/agenciainfra.com\/blog\/temperatura-recorde-e-estiagem-pressionam-precos-da-energia-e-surpreendem-setor\/\" \/>\n<meta property=\"og:locale\" content=\"pt_BR\" \/>\n<meta property=\"og:type\" content=\"article\" \/>\n<meta property=\"og:title\" content=\"Temperatura recorde e estiagem pressionam pre\u00e7os da energia e surpreendem setor\" \/>\n<meta property=\"og:description\" content=\"&nbsp;Nestor Rabello, da Ag\u00eancia iNFRA O per\u00edodo prolongado de temperaturas altas e estiagem, al\u00e9m dos sinais de retomada da atividade econ\u00f4mica, fizeram o pre\u00e7o m\u00e9dio do PLD (Pre\u00e7o de Liquida\u00e7\u00e3o das Diferen\u00e7as) subir acima do esperado na maioria dos subsistemas, revertendo o cen\u00e1rio previsto anteriormente pelos analistas do setor el\u00e9trico. Usado como refer\u00eancia para forma\u00e7\u00e3o [&hellip;]\" \/>\n<meta property=\"og:url\" content=\"https:\/\/agenciainfra.com\/blog\/temperatura-recorde-e-estiagem-pressionam-precos-da-energia-e-surpreendem-setor\/\" \/>\n<meta property=\"og:site_name\" content=\"Ag\u00eancia iNFRA\" \/>\n<meta property=\"article:publisher\" content=\"https:\/\/www.facebook.com\/ageninfra\" \/>\n<meta property=\"article:published_time\" content=\"2020-10-07T11:00:51+00:00\" \/>\n<meta property=\"og:image\" content=\"https:\/\/agenciainfra.com\/blog\/wp-content\/uploads\/2020\/10\/sol-ceu-foto-dominio-publico.jpg\" \/>\n\t<meta property=\"og:image:width\" content=\"1280\" \/>\n\t<meta property=\"og:image:height\" content=\"960\" \/>\n\t<meta property=\"og:image:type\" content=\"image\/jpeg\" \/>\n<meta name=\"author\" content=\"Rodrigo Zuquim\" \/>\n<meta name=\"twitter:card\" content=\"summary_large_image\" \/>\n<meta name=\"twitter:creator\" content=\"@agencia_infra\" \/>\n<meta name=\"twitter:site\" content=\"@agencia_infra\" \/>\n<meta name=\"twitter:label1\" content=\"Escrito por\" \/>\n\t<meta name=\"twitter:data1\" content=\"Rodrigo Zuquim\" \/>\n\t<meta name=\"twitter:label2\" content=\"Est. tempo de leitura\" \/>\n\t<meta name=\"twitter:data2\" content=\"3 minutos\" \/>\n<script type=\"application\/ld+json\" class=\"yoast-schema-graph\">{\"@context\":\"https:\/\/schema.org\",\"@graph\":[{\"@type\":\"Article\",\"@id\":\"https:\/\/agenciainfra.com\/blog\/temperatura-recorde-e-estiagem-pressionam-precos-da-energia-e-surpreendem-setor\/#article\",\"isPartOf\":{\"@id\":\"https:\/\/agenciainfra.com\/blog\/temperatura-recorde-e-estiagem-pressionam-precos-da-energia-e-surpreendem-setor\/\"},\"author\":{\"name\":\"Rodrigo Zuquim\",\"@id\":\"https:\/\/agenciainfra.com\/blog\/#\/schema\/person\/04dbb79bd6d8951f063da71f3e4c1eb1\"},\"headline\":\"Temperatura recorde e estiagem pressionam pre\u00e7os da energia e surpreendem setor\",\"datePublished\":\"2020-10-07T11:00:51+00:00\",\"mainEntityOfPage\":{\"@id\":\"https:\/\/agenciainfra.com\/blog\/temperatura-recorde-e-estiagem-pressionam-precos-da-energia-e-surpreendem-setor\/\"},\"wordCount\":670,\"publisher\":{\"@id\":\"https:\/\/agenciainfra.com\/blog\/#organization\"},\"image\":{\"@id\":\"https:\/\/agenciainfra.com\/blog\/temperatura-recorde-e-estiagem-pressionam-precos-da-energia-e-surpreendem-setor\/#primaryimage\"},\"thumbnailUrl\":\"https:\/\/agenciainfra.com\/blog\/wp-content\/uploads\/2020\/10\/sol-ceu-foto-dominio-publico.jpg\",\"keywords\":[\"Bernardo Bezerra\",\"Edvaldo Santana\",\"energia\",\"estiagem\",\"Gustavo Carvalho\",\"Neal\",\"ONS\",\"PLD\",\"Pre\u00e7o de Liquida\u00e7\u00e3o de Diferen\u00e7as\",\"PSR\",\"Setor El\u00e9trico\",\"temperatura\",\"t\u00e9rmicas\",\"Thymos\"],\"articleSection\":[\"Geral\",\"iNFRAEnergia\"],\"inLanguage\":\"pt-BR\",\"copyrightYear\":\"2020\",\"copyrightHolder\":{\"@id\":\"https:\/\/agenciainfra.com\/blog\/#organization\"}},{\"@type\":\"WebPage\",\"@id\":\"https:\/\/agenciainfra.com\/blog\/temperatura-recorde-e-estiagem-pressionam-precos-da-energia-e-surpreendem-setor\/\",\"url\":\"https:\/\/agenciainfra.com\/blog\/temperatura-recorde-e-estiagem-pressionam-precos-da-energia-e-surpreendem-setor\/\",\"name\":\"Temperatura recorde e estiagem pressionam pre\u00e7os da energia e surpreendem setor - Ag\u00eancia iNFRA\",\"isPartOf\":{\"@id\":\"https:\/\/agenciainfra.com\/blog\/#website\"},\"primaryImageOfPage\":{\"@id\":\"https:\/\/agenciainfra.com\/blog\/temperatura-recorde-e-estiagem-pressionam-precos-da-energia-e-surpreendem-setor\/#primaryimage\"},\"image\":{\"@id\":\"https:\/\/agenciainfra.com\/blog\/temperatura-recorde-e-estiagem-pressionam-precos-da-energia-e-surpreendem-setor\/#primaryimage\"},\"thumbnailUrl\":\"https:\/\/agenciainfra.com\/blog\/wp-content\/uploads\/2020\/10\/sol-ceu-foto-dominio-publico.jpg\",\"datePublished\":\"2020-10-07T11:00:51+00:00\",\"breadcrumb\":{\"@id\":\"https:\/\/agenciainfra.com\/blog\/temperatura-recorde-e-estiagem-pressionam-precos-da-energia-e-surpreendem-setor\/#breadcrumb\"},\"inLanguage\":\"pt-BR\",\"potentialAction\":[{\"@type\":\"ReadAction\",\"target\":[\"https:\/\/agenciainfra.com\/blog\/temperatura-recorde-e-estiagem-pressionam-precos-da-energia-e-surpreendem-setor\/\"]}]},{\"@type\":\"ImageObject\",\"inLanguage\":\"pt-BR\",\"@id\":\"https:\/\/agenciainfra.com\/blog\/temperatura-recorde-e-estiagem-pressionam-precos-da-energia-e-surpreendem-setor\/#primaryimage\",\"url\":\"https:\/\/agenciainfra.com\/blog\/wp-content\/uploads\/2020\/10\/sol-ceu-foto-dominio-publico.jpg\",\"contentUrl\":\"https:\/\/agenciainfra.com\/blog\/wp-content\/uploads\/2020\/10\/sol-ceu-foto-dominio-publico.jpg\",\"width\":1280,\"height\":960},{\"@type\":\"BreadcrumbList\",\"@id\":\"https:\/\/agenciainfra.com\/blog\/temperatura-recorde-e-estiagem-pressionam-precos-da-energia-e-surpreendem-setor\/#breadcrumb\",\"itemListElement\":[{\"@type\":\"ListItem\",\"position\":1,\"name\":\"In\u00edcio\",\"item\":\"https:\/\/agenciainfra.com\/blog\/\"},{\"@type\":\"ListItem\",\"position\":2,\"name\":\"Temperatura recorde e estiagem pressionam pre\u00e7os da energia e surpreendem setor\"}]},{\"@type\":\"WebSite\",\"@id\":\"https:\/\/agenciainfra.com\/blog\/#website\",\"url\":\"https:\/\/agenciainfra.com\/blog\/\",\"name\":\"Ag\u00eancia iNFRA\",\"description\":\"Multiplataforma de informa\u00e7\u00e3o jornal\u00edstica refer\u00eancia na \u00e1rea de infraestrutura no Brasil!\",\"publisher\":{\"@id\":\"https:\/\/agenciainfra.com\/blog\/#organization\"},\"potentialAction\":[{\"@type\":\"SearchAction\",\"target\":{\"@type\":\"EntryPoint\",\"urlTemplate\":\"https:\/\/agenciainfra.com\/blog\/?s={search_term_string}\"},\"query-input\":{\"@type\":\"PropertyValueSpecification\",\"valueRequired\":true,\"valueName\":\"search_term_string\"}}],\"inLanguage\":\"pt-BR\"},{\"@type\":\"Organization\",\"@id\":\"https:\/\/agenciainfra.com\/blog\/#organization\",\"name\":\"Ag\u00eancia iNFRA\",\"url\":\"https:\/\/agenciainfra.com\/blog\/\",\"logo\":{\"@type\":\"ImageObject\",\"inLanguage\":\"pt-BR\",\"@id\":\"https:\/\/agenciainfra.com\/blog\/#\/schema\/logo\/image\/\",\"url\":\"https:\/\/agenciainfra.com\/blog\/wp-content\/uploads\/2023\/09\/iNFRA_5-e1761735885940.png\",\"contentUrl\":\"https:\/\/agenciainfra.com\/blog\/wp-content\/uploads\/2023\/09\/iNFRA_5-e1761735885940.png\",\"width\":1672,\"height\":454,\"caption\":\"Ag\u00eancia iNFRA\"},\"image\":{\"@id\":\"https:\/\/agenciainfra.com\/blog\/#\/schema\/logo\/image\/\"},\"sameAs\":[\"https:\/\/www.facebook.com\/ageninfra\",\"https:\/\/x.com\/agencia_infra\",\"https:\/\/www.linkedin.com\/company\/ag\u00eanciainfra\/\",\"https:\/\/www.instagram.com\/agenciainfra\/\"]},{\"@type\":\"Person\",\"@id\":\"https:\/\/agenciainfra.com\/blog\/#\/schema\/person\/04dbb79bd6d8951f063da71f3e4c1eb1\",\"name\":\"Rodrigo Zuquim\",\"image\":{\"@type\":\"ImageObject\",\"inLanguage\":\"pt-BR\",\"@id\":\"https:\/\/agenciainfra.com\/blog\/#\/schema\/person\/image\/\",\"url\":\"https:\/\/secure.gravatar.com\/avatar\/594abfe82761d620726242ff34ca472a705a4b97f16c790053a6b4c4035274d0?s=96&d=mm&r=g\",\"contentUrl\":\"https:\/\/secure.gravatar.com\/avatar\/594abfe82761d620726242ff34ca472a705a4b97f16c790053a6b4c4035274d0?s=96&d=mm&r=g\",\"caption\":\"Rodrigo Zuquim\"},\"url\":\"https:\/\/agenciainfra.com\/blog\/author\/rodrigo-zuquim\/\"}]}<\/script>\n<!-- \/ Yoast SEO Premium plugin. -->","yoast_head_json":{"title":"Temperatura recorde e estiagem pressionam pre\u00e7os da energia e surpreendem setor - Ag\u00eancia iNFRA","robots":{"index":"index","follow":"follow","max-snippet":"max-snippet:-1","max-image-preview":"max-image-preview:large","max-video-preview":"max-video-preview:-1"},"canonical":"https:\/\/agenciainfra.com\/blog\/temperatura-recorde-e-estiagem-pressionam-precos-da-energia-e-surpreendem-setor\/","og_locale":"pt_BR","og_type":"article","og_title":"Temperatura recorde e estiagem pressionam pre\u00e7os da energia e surpreendem setor","og_description":"&nbsp;Nestor Rabello, da Ag\u00eancia iNFRA O per\u00edodo prolongado de temperaturas altas e estiagem, al\u00e9m dos sinais de retomada da atividade econ\u00f4mica, fizeram o pre\u00e7o m\u00e9dio do PLD (Pre\u00e7o de Liquida\u00e7\u00e3o das Diferen\u00e7as) subir acima do esperado na maioria dos subsistemas, revertendo o cen\u00e1rio previsto anteriormente pelos analistas do setor el\u00e9trico. Usado como refer\u00eancia para forma\u00e7\u00e3o [&hellip;]","og_url":"https:\/\/agenciainfra.com\/blog\/temperatura-recorde-e-estiagem-pressionam-precos-da-energia-e-surpreendem-setor\/","og_site_name":"Ag\u00eancia iNFRA","article_publisher":"https:\/\/www.facebook.com\/ageninfra","article_published_time":"2020-10-07T11:00:51+00:00","og_image":[{"width":1280,"height":960,"url":"https:\/\/agenciainfra.com\/blog\/wp-content\/uploads\/2020\/10\/sol-ceu-foto-dominio-publico.jpg","type":"image\/jpeg"}],"author":"Rodrigo Zuquim","twitter_card":"summary_large_image","twitter_creator":"@agencia_infra","twitter_site":"@agencia_infra","twitter_misc":{"Escrito por":"Rodrigo Zuquim","Est. tempo de leitura":"3 minutos"},"schema":{"@context":"https:\/\/schema.org","@graph":[{"@type":"Article","@id":"https:\/\/agenciainfra.com\/blog\/temperatura-recorde-e-estiagem-pressionam-precos-da-energia-e-surpreendem-setor\/#article","isPartOf":{"@id":"https:\/\/agenciainfra.com\/blog\/temperatura-recorde-e-estiagem-pressionam-precos-da-energia-e-surpreendem-setor\/"},"author":{"name":"Rodrigo Zuquim","@id":"https:\/\/agenciainfra.com\/blog\/#\/schema\/person\/04dbb79bd6d8951f063da71f3e4c1eb1"},"headline":"Temperatura recorde e estiagem pressionam pre\u00e7os da energia e surpreendem setor","datePublished":"2020-10-07T11:00:51+00:00","mainEntityOfPage":{"@id":"https:\/\/agenciainfra.com\/blog\/temperatura-recorde-e-estiagem-pressionam-precos-da-energia-e-surpreendem-setor\/"},"wordCount":670,"publisher":{"@id":"https:\/\/agenciainfra.com\/blog\/#organization"},"image":{"@id":"https:\/\/agenciainfra.com\/blog\/temperatura-recorde-e-estiagem-pressionam-precos-da-energia-e-surpreendem-setor\/#primaryimage"},"thumbnailUrl":"https:\/\/agenciainfra.com\/blog\/wp-content\/uploads\/2020\/10\/sol-ceu-foto-dominio-publico.jpg","keywords":["Bernardo Bezerra","Edvaldo Santana","energia","estiagem","Gustavo Carvalho","Neal","ONS","PLD","Pre\u00e7o de Liquida\u00e7\u00e3o de Diferen\u00e7as","PSR","Setor El\u00e9trico","temperatura","t\u00e9rmicas","Thymos"],"articleSection":["Geral","iNFRAEnergia"],"inLanguage":"pt-BR","copyrightYear":"2020","copyrightHolder":{"@id":"https:\/\/agenciainfra.com\/blog\/#organization"}},{"@type":"WebPage","@id":"https:\/\/agenciainfra.com\/blog\/temperatura-recorde-e-estiagem-pressionam-precos-da-energia-e-surpreendem-setor\/","url":"https:\/\/agenciainfra.com\/blog\/temperatura-recorde-e-estiagem-pressionam-precos-da-energia-e-surpreendem-setor\/","name":"Temperatura recorde e estiagem pressionam pre\u00e7os da energia e surpreendem setor - Ag\u00eancia iNFRA","isPartOf":{"@id":"https:\/\/agenciainfra.com\/blog\/#website"},"primaryImageOfPage":{"@id":"https:\/\/agenciainfra.com\/blog\/temperatura-recorde-e-estiagem-pressionam-precos-da-energia-e-surpreendem-setor\/#primaryimage"},"image":{"@id":"https:\/\/agenciainfra.com\/blog\/temperatura-recorde-e-estiagem-pressionam-precos-da-energia-e-surpreendem-setor\/#primaryimage"},"thumbnailUrl":"https:\/\/agenciainfra.com\/blog\/wp-content\/uploads\/2020\/10\/sol-ceu-foto-dominio-publico.jpg","datePublished":"2020-10-07T11:00:51+00:00","breadcrumb":{"@id":"https:\/\/agenciainfra.com\/blog\/temperatura-recorde-e-estiagem-pressionam-precos-da-energia-e-surpreendem-setor\/#breadcrumb"},"inLanguage":"pt-BR","potentialAction":[{"@type":"ReadAction","target":["https:\/\/agenciainfra.com\/blog\/temperatura-recorde-e-estiagem-pressionam-precos-da-energia-e-surpreendem-setor\/"]}]},{"@type":"ImageObject","inLanguage":"pt-BR","@id":"https:\/\/agenciainfra.com\/blog\/temperatura-recorde-e-estiagem-pressionam-precos-da-energia-e-surpreendem-setor\/#primaryimage","url":"https:\/\/agenciainfra.com\/blog\/wp-content\/uploads\/2020\/10\/sol-ceu-foto-dominio-publico.jpg","contentUrl":"https:\/\/agenciainfra.com\/blog\/wp-content\/uploads\/2020\/10\/sol-ceu-foto-dominio-publico.jpg","width":1280,"height":960},{"@type":"BreadcrumbList","@id":"https:\/\/agenciainfra.com\/blog\/temperatura-recorde-e-estiagem-pressionam-precos-da-energia-e-surpreendem-setor\/#breadcrumb","itemListElement":[{"@type":"ListItem","position":1,"name":"In\u00edcio","item":"https:\/\/agenciainfra.com\/blog\/"},{"@type":"ListItem","position":2,"name":"Temperatura recorde e estiagem pressionam pre\u00e7os da energia e surpreendem setor"}]},{"@type":"WebSite","@id":"https:\/\/agenciainfra.com\/blog\/#website","url":"https:\/\/agenciainfra.com\/blog\/","name":"Ag\u00eancia iNFRA","description":"Multiplataforma de informa\u00e7\u00e3o jornal\u00edstica refer\u00eancia na \u00e1rea de infraestrutura no Brasil!","publisher":{"@id":"https:\/\/agenciainfra.com\/blog\/#organization"},"potentialAction":[{"@type":"SearchAction","target":{"@type":"EntryPoint","urlTemplate":"https:\/\/agenciainfra.com\/blog\/?s={search_term_string}"},"query-input":{"@type":"PropertyValueSpecification","valueRequired":true,"valueName":"search_term_string"}}],"inLanguage":"pt-BR"},{"@type":"Organization","@id":"https:\/\/agenciainfra.com\/blog\/#organization","name":"Ag\u00eancia iNFRA","url":"https:\/\/agenciainfra.com\/blog\/","logo":{"@type":"ImageObject","inLanguage":"pt-BR","@id":"https:\/\/agenciainfra.com\/blog\/#\/schema\/logo\/image\/","url":"https:\/\/agenciainfra.com\/blog\/wp-content\/uploads\/2023\/09\/iNFRA_5-e1761735885940.png","contentUrl":"https:\/\/agenciainfra.com\/blog\/wp-content\/uploads\/2023\/09\/iNFRA_5-e1761735885940.png","width":1672,"height":454,"caption":"Ag\u00eancia iNFRA"},"image":{"@id":"https:\/\/agenciainfra.com\/blog\/#\/schema\/logo\/image\/"},"sameAs":["https:\/\/www.facebook.com\/ageninfra","https:\/\/x.com\/agencia_infra","https:\/\/www.linkedin.com\/company\/ag\u00eanciainfra\/","https:\/\/www.instagram.com\/agenciainfra\/"]},{"@type":"Person","@id":"https:\/\/agenciainfra.com\/blog\/#\/schema\/person\/04dbb79bd6d8951f063da71f3e4c1eb1","name":"Rodrigo Zuquim","image":{"@type":"ImageObject","inLanguage":"pt-BR","@id":"https:\/\/agenciainfra.com\/blog\/#\/schema\/person\/image\/","url":"https:\/\/secure.gravatar.com\/avatar\/594abfe82761d620726242ff34ca472a705a4b97f16c790053a6b4c4035274d0?s=96&d=mm&r=g","contentUrl":"https:\/\/secure.gravatar.com\/avatar\/594abfe82761d620726242ff34ca472a705a4b97f16c790053a6b4c4035274d0?s=96&d=mm&r=g","caption":"Rodrigo Zuquim"},"url":"https:\/\/agenciainfra.com\/blog\/author\/rodrigo-zuquim\/"}]}},"_links":{"self":[{"href":"https:\/\/agenciainfra.com\/blog\/wp-json\/wp\/v2\/posts\/6023","targetHints":{"allow":["GET"]}}],"collection":[{"href":"https:\/\/agenciainfra.com\/blog\/wp-json\/wp\/v2\/posts"}],"about":[{"href":"https:\/\/agenciainfra.com\/blog\/wp-json\/wp\/v2\/types\/post"}],"author":[{"embeddable":true,"href":"https:\/\/agenciainfra.com\/blog\/wp-json\/wp\/v2\/users\/9"}],"replies":[{"embeddable":true,"href":"https:\/\/agenciainfra.com\/blog\/wp-json\/wp\/v2\/comments?post=6023"}],"version-history":[{"count":0,"href":"https:\/\/agenciainfra.com\/blog\/wp-json\/wp\/v2\/posts\/6023\/revisions"}],"wp:featuredmedia":[{"embeddable":true,"href":"https:\/\/agenciainfra.com\/blog\/wp-json\/wp\/v2\/media\/6024"}],"wp:attachment":[{"href":"https:\/\/agenciainfra.com\/blog\/wp-json\/wp\/v2\/media?parent=6023"}],"wp:term":[{"taxonomy":"category","embeddable":true,"href":"https:\/\/agenciainfra.com\/blog\/wp-json\/wp\/v2\/categories?post=6023"},{"taxonomy":"post_tag","embeddable":true,"href":"https:\/\/agenciainfra.com\/blog\/wp-json\/wp\/v2\/tags?post=6023"}],"curies":[{"name":"wp","href":"https:\/\/api.w.org\/{rel}","templated":true}]}}